{"id":98420,"date":"2026-03-15T21:25:46","date_gmt":"2026-03-15T21:25:46","guid":{"rendered":"https:\/\/www.shqiperia.com\/blog\/?p=98420"},"modified":"2026-03-15T21:25:46","modified_gmt":"2026-03-15T21:25:46","slug":"ligji-per-gjuhen-shqipe-ne-kushtetuese-ish-presidenti-i-maqedonise-se-veriut-problem-i-madh-nese-shfuqizohet","status":"publish","type":"post","link":"https:\/\/www.shqiperia.com\/blog\/ligji-per-gjuhen-shqipe-ne-kushtetuese-ish-presidenti-i-maqedonise-se-veriut-problem-i-madh-nese-shfuqizohet\/","title":{"rendered":"Ligji p\u00ebr gjuh\u00ebn shqipe n\u00eb Kushtetuese, ish-presidenti i Maqedonis\u00eb s\u00eb Veriut: &#8211; Problem i madh n\u00ebse shfuqizohet"},"content":{"rendered":"<p><img data-recalc-dims=\"1\" loading=\"lazy\" decoding=\"async\" data-attachment-id=\"98421\" data-permalink=\"https:\/\/www.shqiperia.com\/blog\/ligji-per-gjuhen-shqipe-ne-kushtetuese-ish-presidenti-i-maqedonise-se-veriut-problem-i-madh-nese-shfuqizohet\/2016-05-flamuri-i-maqedonise-780-jpg\/\" data-orig-file=\"https:\/\/i0.wp.com\/www.shqiperia.com\/blog\/wp-content\/uploads\/2026\/03\/2016-05-flamuri-i-maqedonise-780-jpg.webp?fit=1245%2C699&amp;ssl=1\" data-orig-size=\"1245,699\" data-comments-opened=\"1\" data-image-meta=\"{&quot;aperture&quot;:&quot;0&quot;,&quot;credit&quot;:&quot;&quot;,&quot;camera&quot;:&quot;&quot;,&quot;caption&quot;:&quot;&quot;,&quot;created_timestamp&quot;:&quot;0&quot;,&quot;copyright&quot;:&quot;&quot;,&quot;focal_length&quot;:&quot;0&quot;,&quot;iso&quot;:&quot;0&quot;,&quot;shutter_speed&quot;:&quot;0&quot;,&quot;title&quot;:&quot;&quot;,&quot;orientation&quot;:&quot;0&quot;}\" data-image-title=\"2016-05-flamuri-i-maqedonise-780-jpg\" data-image-description=\"\" data-image-caption=\"\" data-medium-file=\"https:\/\/i0.wp.com\/www.shqiperia.com\/blog\/wp-content\/uploads\/2026\/03\/2016-05-flamuri-i-maqedonise-780-jpg.webp?fit=300%2C168&amp;ssl=1\" data-large-file=\"https:\/\/i0.wp.com\/www.shqiperia.com\/blog\/wp-content\/uploads\/2026\/03\/2016-05-flamuri-i-maqedonise-780-jpg.webp?fit=1024%2C575&amp;ssl=1\" class=\"alignnone  wp-image-98421\" alt=\"\" src=\"https:\/\/i0.wp.com\/www.shqiperia.com\/blog\/wp-content\/uploads\/2026\/03\/2016-05-flamuri-i-maqedonise-780-jpg.webp?resize=477%2C267&#038;ssl=1\" width=\"477\" height=\"267\" srcset=\"https:\/\/i0.wp.com\/www.shqiperia.com\/blog\/wp-content\/uploads\/2026\/03\/2016-05-flamuri-i-maqedonise-780-jpg.webp?resize=300%2C168&amp;ssl=1 300w, https:\/\/i0.wp.com\/www.shqiperia.com\/blog\/wp-content\/uploads\/2026\/03\/2016-05-flamuri-i-maqedonise-780-jpg.webp?resize=1024%2C575&amp;ssl=1 1024w, https:\/\/i0.wp.com\/www.shqiperia.com\/blog\/wp-content\/uploads\/2026\/03\/2016-05-flamuri-i-maqedonise-780-jpg.webp?resize=768%2C431&amp;ssl=1 768w, https:\/\/i0.wp.com\/www.shqiperia.com\/blog\/wp-content\/uploads\/2026\/03\/2016-05-flamuri-i-maqedonise-780-jpg.webp?resize=450%2C253&amp;ssl=1 450w, https:\/\/i0.wp.com\/www.shqiperia.com\/blog\/wp-content\/uploads\/2026\/03\/2016-05-flamuri-i-maqedonise-780-jpg.webp?resize=600%2C337&amp;ssl=1 600w, https:\/\/i0.wp.com\/www.shqiperia.com\/blog\/wp-content\/uploads\/2026\/03\/2016-05-flamuri-i-maqedonise-780-jpg.webp?resize=400%2C225&amp;ssl=1 400w, https:\/\/i0.wp.com\/www.shqiperia.com\/blog\/wp-content\/uploads\/2026\/03\/2016-05-flamuri-i-maqedonise-780-jpg.webp?w=1245&amp;ssl=1 1245w\" sizes=\"auto, (max-width: 477px) 100vw, 477px\" \/><\/p>\n<p>15 Mars 2026<\/p>\n<p>Ish-presidenti i Maqedonis\u00eb s\u00eb Veriut, Stevo Pendarovski, ka folur p\u00ebr statusin e gjuh\u00ebs shqipe dhe sfidat e zbatimit t\u00eb saj praktik. Pendarovski gjat\u00eb fjal\u00ebs s\u00eb tij n\u00eb nj\u00eb intervist\u00eb tha se shqipja \u00ebsht\u00eb gjuh\u00eb zyrtare p\u00ebr shkak t\u00eb 20% t\u00eb popullsis\u00eb shqiptare dhe p\u00ebrdorimi i saj rregullohet nga ligji p\u00ebr gjuh\u00ebt, i ndryshuar disa her\u00eb p\u00ebr t\u00eb p\u00ebrmir\u00ebsuar t\u00eb drejtat e komunitetit.<\/p>\n<p>Ai paralajm\u00ebroi se nj\u00eb qytetar ka paraqitur nj\u00eb mocion n\u00eb Gjykat\u00ebn Kushtetuese, duke k\u00ebrkuar shfuqizimin e ligjit, \u00e7ka mund t\u00eb shkaktoj\u00eb nj\u00eb problem t\u00eb madh n\u00ebse ky ligj asgj\u00ebsohet.<\/p>\n<p>\u201c\u00cbsht\u00eb zyrtare p\u00ebr shkak t\u00eb 20% t\u00eb njer\u00ebzve q\u00eb jetojn\u00eb n\u00eb k\u00ebt\u00eb vend. Nd\u00ebrkoh\u00eb, ne kemi pranuar dy gjuh\u00eb juridike. \u00cbsht\u00eb ligji kryesor n\u00eb anglisht, por \u00ebsht\u00eb ligji n\u00eb shqip, n\u00eb esenc\u00eb. Ligji i par\u00eb mendoj se \u00ebsht\u00eb n\u00eb vitin 2008. Dhe i fundit ishte n\u00eb vitin 2007 e di\u00e7ka. Pra, ne kemi ndryshuar k\u00ebt\u00eb ligj disa her\u00eb duke p\u00ebrmir\u00ebsuar t\u00eb drejtat e shqiptar\u00ebve.<\/p>\n<p>\u00c7far\u00eb ndodhi nd\u00ebrkoh\u00eb? Dikush supozohet nj\u00eb qytetar i thjesht\u00eb, i panjohur p\u00ebr publikun ka paraqitur nj\u00eb mocion para Gjykat\u00ebs Kushtetuese duke th\u00ebn\u00eb se ligji p\u00ebr gjuh\u00eb, p\u00ebr gjuh\u00ebn shqipe nuk \u00ebsht\u00eb n\u00eb p\u00ebrputhje me Kushtetut\u00ebn dhe ka k\u00ebrkuar asgj\u00ebsimin e k\u00ebtij ligji.<\/p>\n<p>Gjykata Kushtetuese tashm\u00eb ka planifikuar nj\u00eb seanc\u00eb p\u00ebr k\u00ebt\u00eb \u00e7\u00ebshtje dhe do t\u00eb jet\u00eb problem i madh n\u00ebse ata do t\u00eb asgj\u00ebsojn\u00eb k\u00ebt\u00eb ligjin p\u00ebr gjuh\u00ebt q\u00eb kinse nuk \u00ebsht\u00eb n\u00eb p\u00ebrputhje me Kushtetut\u00ebn\u201d, deklaroi ai.<\/p>\n<p>Pendarovski theksoi se problemi kryesor mbetet zbatimi praktik i ligjit, sidomos n\u00eb institucione dhe n\u00eb sistemin gjyq\u00ebsor.<\/p>\n<p>\u201cShqiptar\u00ebt mund ta p\u00ebrdorin k\u00ebt\u00eb gjuh\u00eb, por n\u00eb shum\u00eb raste nuk e shohim zbatimin e plot\u00eb n\u00eb institucione dhe gjykata. \u00cbsht\u00eb e r\u00ebnd\u00ebsishme q\u00eb t\u00eb pyetet n\u00ebse k\u00ebto t\u00eb drejta po zbatohen n\u00eb jet\u00ebn e p\u00ebrditshme.<\/p>\n<p>Nj\u00ebri nivel \u00ebsht\u00eb i vendosur n\u00eb ligj, por nuk e shohim n\u00eb p\u00ebrdorim me njer\u00ebzit dhe sipas mendimit tim n\u00ebse ligji \u00ebsht\u00eb aty vet\u00ebm p\u00ebr disa parti politike shqiptare p\u00ebr t\u00eb th\u00ebn\u00eb n\u00eb koh\u00ebn ton\u00eb ne kemi miratuar ligjin me standardin m\u00eb t\u00eb mir\u00eb t\u00eb mundsh\u00ebm p\u00ebr p\u00ebrdorimin e gjuh\u00ebs shqipe kjo \u00ebsht\u00eb propagand\u00eb politike, krejt\u00ebsisht ndryshe n\u00eb k\u00ebndv\u00ebshtrimin tim duhet t\u00eb jet\u00eb me interes p\u00ebr t\u00eb gjith\u00eb, p\u00ebr \u00e7do shqiptar\u00eb q\u00eb jeton k\u00ebtu duhet t\u00eb pyet a po zbatohen n\u00eb praktik\u00eb k\u00ebto t\u00eb drejta n\u00eb jet\u00ebn e p\u00ebrditshme. Mund t\u2019ju them q\u00eb nuk zbatohen.<\/p>\n<p>Dhe n\u00ebse pavar\u00ebsisht k\u00ebsaj ende nuk zbatohen plot\u00ebsisht at\u00ebher\u00eb ka disa njer\u00ebz q\u00eb do t\u00eb d\u00ebshironin t\u00eb kund\u00ebrshtonin edhe at\u00eb q\u00eb u vu n\u00eb ligj\u201d, deklaroi ai.<\/p>\n","protected":false},"excerpt":{"rendered":"<p>15 Mars 2026 Ish-presidenti i Maqedonis\u00eb s\u00eb Veriut, Stevo Pendarovski, ka folur p\u00ebr statusin e gjuh\u00ebs shqipe dhe sfidat e zbatimit t\u00eb saj praktik. Pendarovski gjat\u00eb fjal\u00ebs s\u00eb tij n\u00eb nj\u00eb intervist\u00eb tha se shqipja \u00ebsht\u00eb gjuh\u00eb zyrtare p\u00ebr shkak t\u00eb 20% t\u00eb popullsis\u00eb shqiptare dhe p\u00ebrdorimi i saj rregullohet nga ligji p\u00ebr gjuh\u00ebt, i [&hellip;]<\/p>\n","protected":false},"author":9,"featured_media":98421,"comment_status":"open","ping_status":"open","sticky":false,"template":"","format":"standard","meta":{"jetpack_post_was_ever_published":false,"_jetpack_newsletter_access":"","_jetpack_dont_email_post_to_subs":false,"_jetpack_newsletter_tier_id":0,"_jetpack_memberships_contains_paywalled_content":false,"_jetpack_memberships_contains_paid_content":false,"footnotes":"","jetpack_publicize_message":"","jetpack_publicize_feature_enabled":true,"jetpack_social_post_already_shared":true,"jetpack_social_options":{"image_generator_settings":{"template":"highway","default_image_id":0,"font":"","enabled":false},"version":2}},"categories":[85,10,2,35],"tags":[],"class_list":["post-98420","post","type-post","status-publish","format-standard","has-post-thumbnail","hentry","category-histori","category-kultura","category-politika","category-shoqerore"],"jetpack_publicize_connections":[],"jetpack_featured_media_url":"https:\/\/i0.wp.com\/www.shqiperia.com\/blog\/wp-content\/uploads\/2026\/03\/2016-05-flamuri-i-maqedonise-780-jpg.webp?fit=1245%2C699&ssl=1","jetpack_sharing_enabled":true,"jetpack_shortlink":"https:\/\/wp.me\/p5Z6wp-pBq","jetpack-related-posts":[{"id":83901,"url":"https:\/\/www.shqiperia.com\/blog\/vmro-rikthehet-kunder-gjuhes-shqipe-ne-maqedonine-e-veriut-reagim-i-forte-i-vlen-tentative-per-grusht-shteti-bdi-mos-guxoni\/","url_meta":{"origin":98420,"position":0},"title":"VMRO rikthehet kund\u00ebr gjuh\u00ebs shqipe n\u00eb Maqedonin\u00eb e Veriut.  Reagim i fort\u00eb i VLEN: &#8211; Tentativ\u00eb p\u00ebr grusht shteti! BDI: Mos guxoni!","author":"Kurt Farka","date":"September 1, 2024","format":false,"excerpt":"1 Shtator 2024 Dy muaj pas formimit t\u00eb qeveris\u00eb s\u00eb VMRO-DPMNE me kryeminist\u00ebr Hristian Mickoski dhe n\u00eb koalicion me shqiptar\u00ebt e VLEN, n\u00eb qarqe t\u00eb ndryshme si\u00e7 \u00ebsht\u00eb institucioni m\u00eb i lart\u00eb i barazis\u00eb ligjore, Gjykata Kushtetuese e Maqedonis\u00eb s\u00eb Veriut, po shfaqen q\u00ebndrimet e para kund\u00ebr gjuh\u00ebs shqipe. Dje,\u2026","rel":"","context":"In &quot;Blogu i Udh\u00ebtarit&quot;","block_context":{"text":"Blogu i Udh\u00ebtarit","link":"https:\/\/www.shqiperia.com\/blog\/category\/blogu-i-udhetarit\/"},"img":{"alt_text":"","src":"https:\/\/i0.wp.com\/www.shqiperia.com\/blog\/wp-content\/uploads\/2024\/09\/640-0-efbd5313d44e95bd5ff9076f0ca40285.jpg?fit=640%2C360&ssl=1&resize=350%2C200","width":350,"height":200,"srcset":"https:\/\/i0.wp.com\/www.shqiperia.com\/blog\/wp-content\/uploads\/2024\/09\/640-0-efbd5313d44e95bd5ff9076f0ca40285.jpg?fit=640%2C360&ssl=1&resize=350%2C200 1x, https:\/\/i0.wp.com\/www.shqiperia.com\/blog\/wp-content\/uploads\/2024\/09\/640-0-efbd5313d44e95bd5ff9076f0ca40285.jpg?fit=640%2C360&ssl=1&resize=525%2C300 1.5x"},"classes":[]},{"id":80851,"url":"https:\/\/www.shqiperia.com\/blog\/presidentja-e-maqedonise-se-veriut-flet-pas-fitores-ballkani-se-pari-pastaj-brukseli-fqinjeve-u-bej-thirrje-te-ndihmojne-njeri-tjetrin\/","url_meta":{"origin":98420,"position":1},"title":"Presidentja e Maqedonis\u00eb s\u00eb Veriut flet pas fitores: &#8211; Ballkani s\u00eb pari, pastaj Brukseli! Fqinj\u00ebve u b\u00ebj thirrje t\u00eb ndihmojn\u00eb nj\u00ebri-tjetrin","author":"Kurt Farka","date":"May 9, 2024","format":false,"excerpt":"9 Maji 2024 P\u00ebr her\u00eb t\u00eb par\u00eb q\u00eb nga pavar\u00ebsimi n\u00eb vitet \u201890, Maqedonia e Veriut zgjodhi nj\u00eb grua p\u00ebr presidente t\u00eb shtetit. ...\"N\u00eb programin e saj \u201cMaqedonia \u00ebsht\u00eb s\u00ebrish krenare\u201d, shkruan se Marr\u00ebveshja e Presp\u00ebs, q\u00eb ndryshoi emrin e Maqedonis\u00eb n\u00eb Maqedoni t\u00eb Veriut, \u201c\u00ebsht\u00eb \u00e7\u00ebshtje e hapur\u201d, dhe\u2026","rel":"","context":"In &quot;Blogu i Udh\u00ebtarit&quot;","block_context":{"text":"Blogu i Udh\u00ebtarit","link":"https:\/\/www.shqiperia.com\/blog\/category\/blogu-i-udhetarit\/"},"img":{"alt_text":"","src":"https:\/\/i0.wp.com\/www.shqiperia.com\/blog\/wp-content\/uploads\/2024\/05\/800-0-ea0f1bfc7fac9f54ed9842c572862a33.png?fit=800%2C482&ssl=1&resize=350%2C200","width":350,"height":200,"srcset":"https:\/\/i0.wp.com\/www.shqiperia.com\/blog\/wp-content\/uploads\/2024\/05\/800-0-ea0f1bfc7fac9f54ed9842c572862a33.png?fit=800%2C482&ssl=1&resize=350%2C200 1x, https:\/\/i0.wp.com\/www.shqiperia.com\/blog\/wp-content\/uploads\/2024\/05\/800-0-ea0f1bfc7fac9f54ed9842c572862a33.png?fit=800%2C482&ssl=1&resize=525%2C300 1.5x, https:\/\/i0.wp.com\/www.shqiperia.com\/blog\/wp-content\/uploads\/2024\/05\/800-0-ea0f1bfc7fac9f54ed9842c572862a33.png?fit=800%2C482&ssl=1&resize=700%2C400 2x"},"classes":[]},{"id":83884,"url":"https:\/\/www.shqiperia.com\/blog\/a-po-pergatitet-shfuqizimi-i-shqipes-si-gjuhe-zyrtare\/","url_meta":{"origin":98420,"position":2},"title":"A po p\u00ebrgatitet shfuqizimi i shqipes si gjuh\u00eb zyrtare!","author":"Kurt Farka","date":"September 1, 2024","format":false,"excerpt":"1 Shtator 2024 Nga Evis HALILI Pas VMRO-s\u00eb, ZNAM-it dhe organizatave t\u00eb shumta maqedonase, edhe Gjykata Kushtetuese d\u00ebshiron t\u00eb shfuqizoj\u00eb Ligjin p\u00ebr p\u00ebrdorimin e gjuh\u00ebve, konkretisht shfuqizimin e gjuh\u00ebs shqipe si gjuh\u00eb e dyt\u00eb zyrtare n\u00eb vend. \u201cMe Ligjin p\u00ebr p\u00ebrdorimin e gjuh\u00ebve, politika krijoi nj\u00eb lloj kaosi juridik q\u00eb\u2026","rel":"","context":"In &quot;Blogu i Udh\u00ebtarit&quot;","block_context":{"text":"Blogu i Udh\u00ebtarit","link":"https:\/\/www.shqiperia.com\/blog\/category\/blogu-i-udhetarit\/"},"img":{"alt_text":"","src":"https:\/\/i0.wp.com\/www.shqiperia.com\/blog\/wp-content\/uploads\/2024\/09\/1111A-po-pergatitet-shfuqizimi-i-shqipes-si-gjuhe-zyrtare.jpg?fit=900%2C556&ssl=1&resize=350%2C200","width":350,"height":200,"srcset":"https:\/\/i0.wp.com\/www.shqiperia.com\/blog\/wp-content\/uploads\/2024\/09\/1111A-po-pergatitet-shfuqizimi-i-shqipes-si-gjuhe-zyrtare.jpg?fit=900%2C556&ssl=1&resize=350%2C200 1x, https:\/\/i0.wp.com\/www.shqiperia.com\/blog\/wp-content\/uploads\/2024\/09\/1111A-po-pergatitet-shfuqizimi-i-shqipes-si-gjuhe-zyrtare.jpg?fit=900%2C556&ssl=1&resize=525%2C300 1.5x, https:\/\/i0.wp.com\/www.shqiperia.com\/blog\/wp-content\/uploads\/2024\/09\/1111A-po-pergatitet-shfuqizimi-i-shqipes-si-gjuhe-zyrtare.jpg?fit=900%2C556&ssl=1&resize=700%2C400 2x"},"classes":[]},{"id":87391,"url":"https:\/\/www.shqiperia.com\/blog\/faktori-shqiptar-ne-maqedoni-njezeri-prekja-e-gjuhes-eshte-vija\/","url_meta":{"origin":98420,"position":3},"title":"Faktori shqiptar ne Maqedoni nj\u00ebz\u00ebri: &#8211; Prekja e gjuh\u00ebs \u00ebsht\u00eb vija &#8230;","author":"Kurt Farka","date":"December 14, 2024","format":false,"excerpt":"14 Dhjetor 2024 Tensionet n\u00eb rritje mes shqiptar\u00ebve dhe maqedonasve i kan\u00eb dh\u00ebn\u00eb sinjalet prej muajsh. N\u00ebn pretendimin e nd\u00ebrhyrjeve n\u00eb rrug\u00eb, n\u00eb fillim t\u00eb shtatorit 2024, u hoq mbishkrimi shqip n\u00eb tabel\u00ebn e autostrad\u00ebs Bllac\u00eb- Shkup. Ndryshe nga sinjalistika e vjet\u00ebr, tabela e re p\u00ebrmbante mbishkrime n\u00eb maqedonisht, anglisht\u2026","rel":"","context":"In &quot;Blogu i Udh\u00ebtarit&quot;","block_context":{"text":"Blogu i Udh\u00ebtarit","link":"https:\/\/www.shqiperia.com\/blog\/category\/blogu-i-udhetarit\/"},"img":{"alt_text":"","src":"https:\/\/i0.wp.com\/www.shqiperia.com\/blog\/wp-content\/uploads\/2024\/12\/Shkupi-foto-kualitet.jpg?fit=780%2C520&ssl=1&resize=350%2C200","width":350,"height":200,"srcset":"https:\/\/i0.wp.com\/www.shqiperia.com\/blog\/wp-content\/uploads\/2024\/12\/Shkupi-foto-kualitet.jpg?fit=780%2C520&ssl=1&resize=350%2C200 1x, https:\/\/i0.wp.com\/www.shqiperia.com\/blog\/wp-content\/uploads\/2024\/12\/Shkupi-foto-kualitet.jpg?fit=780%2C520&ssl=1&resize=525%2C300 1.5x, https:\/\/i0.wp.com\/www.shqiperia.com\/blog\/wp-content\/uploads\/2024\/12\/Shkupi-foto-kualitet.jpg?fit=780%2C520&ssl=1&resize=700%2C400 2x"},"classes":[]},{"id":66413,"url":"https:\/\/www.shqiperia.com\/blog\/presidenti-i-maqedonise-se-veriut-ballkani-perendimor-ne-rrezik-nga-ndikimet-e-mundshme-ruse-ja-dy-pikat-me-te-ndjeshme-ne-rajon\/","url_meta":{"origin":98420,"position":4},"title":"Presidenti i Maqedonis\u00eb s\u00eb Veriut: Ballkani Per\u00ebndimor n\u00eb rrezik nga ndikimet e mundshme ruse! &#8211; Ja dy pikat m\u00eb t\u00eb ndjeshme n\u00eb rajon","author":"Kurt Farka","date":"January 17, 2023","format":false,"excerpt":"17 Janar 2023 Presidenti i Maqedonis\u00eb s\u00eb Veriut, Stevo Pendarovski, e p\u00ebrshkroi Ballkanin Per\u00ebndimor si nj\u00eb \u201cvend t\u00eb but\u00eb\u201d n\u00eb arkitektur\u00ebn e siguris\u00eb n\u00eb Evrop\u00eb dhe t\u00eb brisht\u00eb ndaj fushatave t\u00eb mundshme t\u00eb ndikimit nga Rusia N\u00eb fjalimin n\u00eb Davos, n\u00eb kuad\u00ebr t\u00eb Forumit Ekonomik Bot\u00ebror, Pendarovski tha se \u201cKremlini\u2026","rel":"","context":"In &quot;Blogu i Udh\u00ebtarit&quot;","block_context":{"text":"Blogu i Udh\u00ebtarit","link":"https:\/\/www.shqiperia.com\/blog\/category\/blogu-i-udhetarit\/"},"img":{"alt_text":"","src":"https:\/\/i0.wp.com\/www.shqiperia.com\/blog\/wp-content\/uploads\/2023\/01\/Stevo-Pendarovski.jpg?fit=1200%2C743&ssl=1&resize=350%2C200","width":350,"height":200,"srcset":"https:\/\/i0.wp.com\/www.shqiperia.com\/blog\/wp-content\/uploads\/2023\/01\/Stevo-Pendarovski.jpg?fit=1200%2C743&ssl=1&resize=350%2C200 1x, https:\/\/i0.wp.com\/www.shqiperia.com\/blog\/wp-content\/uploads\/2023\/01\/Stevo-Pendarovski.jpg?fit=1200%2C743&ssl=1&resize=525%2C300 1.5x, https:\/\/i0.wp.com\/www.shqiperia.com\/blog\/wp-content\/uploads\/2023\/01\/Stevo-Pendarovski.jpg?fit=1200%2C743&ssl=1&resize=700%2C400 2x, https:\/\/i0.wp.com\/www.shqiperia.com\/blog\/wp-content\/uploads\/2023\/01\/Stevo-Pendarovski.jpg?fit=1200%2C743&ssl=1&resize=1050%2C600 3x"},"classes":[]},{"id":57055,"url":"https:\/\/www.shqiperia.com\/blog\/kritere-te-pashkruara-a-eshte-kusht-qe-presidenti-i-ri-te-mbeshtese-iniciativen-open-balkan-dhe-te-bekoje-dyshen-rama-vucic\/","url_meta":{"origin":98420,"position":5},"title":"Kritere t\u00eb pashkruara. &#8211; A \u00ebsht\u00eb kusht q\u00eb presidenti i ri t\u00eb mb\u00ebshtes\u00eb iniciativ\u00ebn \u201cOpen Balkan\u201d dhe t\u00eb \u2018bekoj\u00eb\u2019 dyshen Rama-Vu\u00e7i\u00e7?","author":"Kurt Farka","date":"April 22, 2022","format":false,"excerpt":"Kritere t\u00eb pashkruara. - A \u00ebsht\u00eb kusht q\u00eb presidenti i ri t\u00eb mb\u00ebshtes\u00eb iniciativ\u00ebn \u201cOpen Balkan\u201d dhe t\u00eb \u2018bekoj\u00eb\u2019 dyshen Rama-Vu\u00e7i\u00e7? - 22.04.22 \u201cK\u00ebt\u00eb nism\u00eb e kam par\u00eb me dyshime q\u00eb n\u00eb vitin 2019. Ajo s\u2019mund t\u00eb ket\u00eb sukses vet\u00ebm me 3 shtete\u201d. Presidenti i Maqedonis\u00eb s\u00eb Veriut, Stevo Pendarovski\u2026","rel":"","context":"In &quot;Blogu i Udh\u00ebtarit&quot;","block_context":{"text":"Blogu i Udh\u00ebtarit","link":"https:\/\/www.shqiperia.com\/blog\/category\/blogu-i-udhetarit\/"},"img":{"alt_text":"","src":"https:\/\/i0.wp.com\/www.shqiperia.com\/blog\/wp-content\/uploads\/2022\/04\/rama-vucic-2.jpg?fit=1200%2C675&ssl=1&resize=350%2C200","width":350,"height":200,"srcset":"https:\/\/i0.wp.com\/www.shqiperia.com\/blog\/wp-content\/uploads\/2022\/04\/rama-vucic-2.jpg?fit=1200%2C675&ssl=1&resize=350%2C200 1x, https:\/\/i0.wp.com\/www.shqiperia.com\/blog\/wp-content\/uploads\/2022\/04\/rama-vucic-2.jpg?fit=1200%2C675&ssl=1&resize=525%2C300 1.5x, https:\/\/i0.wp.com\/www.shqiperia.com\/blog\/wp-content\/uploads\/2022\/04\/rama-vucic-2.jpg?fit=1200%2C675&ssl=1&resize=700%2C400 2x, https:\/\/i0.wp.com\/www.shqiperia.com\/blog\/wp-content\/uploads\/2022\/04\/rama-vucic-2.jpg?fit=1200%2C675&ssl=1&resize=1050%2C600 3x"},"classes":[]}],"_links":{"self":[{"href":"https:\/\/www.shqiperia.com\/blog\/wp-json\/wp\/v2\/posts\/98420","targetHints":{"allow":["GET"]}}],"collection":[{"href":"https:\/\/www.shqiperia.com\/blog\/wp-json\/wp\/v2\/posts"}],"about":[{"href":"https:\/\/www.shqiperia.com\/blog\/wp-json\/wp\/v2\/types\/post"}],"author":[{"embeddable":true,"href":"https:\/\/www.shqiperia.com\/blog\/wp-json\/wp\/v2\/users\/9"}],"replies":[{"embeddable":true,"href":"https:\/\/www.shqiperia.com\/blog\/wp-json\/wp\/v2\/comments?post=98420"}],"version-history":[{"count":1,"href":"https:\/\/www.shqiperia.com\/blog\/wp-json\/wp\/v2\/posts\/98420\/revisions"}],"predecessor-version":[{"id":98422,"href":"https:\/\/www.shqiperia.com\/blog\/wp-json\/wp\/v2\/posts\/98420\/revisions\/98422"}],"wp:featuredmedia":[{"embeddable":true,"href":"https:\/\/www.shqiperia.com\/blog\/wp-json\/wp\/v2\/media\/98421"}],"wp:attachment":[{"href":"https:\/\/www.shqiperia.com\/blog\/wp-json\/wp\/v2\/media?parent=98420"}],"wp:term":[{"taxonomy":"category","embeddable":true,"href":"https:\/\/www.shqiperia.com\/blog\/wp-json\/wp\/v2\/categories?post=98420"},{"taxonomy":"post_tag","embeddable":true,"href":"https:\/\/www.shqiperia.com\/blog\/wp-json\/wp\/v2\/tags?post=98420"}],"curies":[{"name":"wp","href":"https:\/\/api.w.org\/{rel}","templated":true}]}}