{"id":98416,"date":"2026-03-15T21:18:14","date_gmt":"2026-03-15T21:18:14","guid":{"rendered":"https:\/\/www.shqiperia.com\/blog\/?p=98416"},"modified":"2026-03-15T21:18:14","modified_gmt":"2026-03-15T21:18:14","slug":"dhjete-ditet-e-ferrit-te-edi-rames-ja-kater-shuplakat-qe-ju-perplasen-ne-fytyre-nga-shba-dhe-be","status":"publish","type":"post","link":"https:\/\/www.shqiperia.com\/blog\/dhjete-ditet-e-ferrit-te-edi-rames-ja-kater-shuplakat-qe-ju-perplasen-ne-fytyre-nga-shba-dhe-be\/","title":{"rendered":"Dhjet\u00eb dit\u00ebt e ferrit t\u00eb Edi Ram\u00ebs, ja  kat\u00ebr shuplakat q\u00eb ju p\u00ebrplas\u00ebn n\u00eb fytyr\u00eb nga SHBA dhe BE"},"content":{"rendered":"<div class=\"row vc_row wpb_row vc_row-fluid\">\n<div class=\"jeg-vc-wrapper\">\n<div class=\"wpb_column jeg_column vc_column_container vc_col-sm-12\">\n<div class=\"jeg_wrapper wpb_wrapper\">\n<div class=\"jeg_custom_subtitle_wrapper  nentitull \">\n<h5><img data-recalc-dims=\"1\" loading=\"lazy\" decoding=\"async\" data-attachment-id=\"98418\" data-permalink=\"https:\/\/www.shqiperia.com\/blog\/dhjete-ditet-e-ferrit-te-edi-rames-ja-kater-shuplakat-qe-ju-perplasen-ne-fytyre-nga-shba-dhe-be\/edi-rama-150\/\" data-orig-file=\"https:\/\/i0.wp.com\/www.shqiperia.com\/blog\/wp-content\/uploads\/2026\/03\/edi-rama-3.jpg?fit=1295%2C948&amp;ssl=1\" data-orig-size=\"1295,948\" data-comments-opened=\"1\" data-image-meta=\"{&quot;aperture&quot;:&quot;0&quot;,&quot;credit&quot;:&quot;Panorama Live&quot;,&quot;camera&quot;:&quot;&quot;,&quot;caption&quot;:&quot;&quot;,&quot;created_timestamp&quot;:&quot;1773084630&quot;,&quot;copyright&quot;:&quot;&quot;,&quot;focal_length&quot;:&quot;0&quot;,&quot;iso&quot;:&quot;0&quot;,&quot;shutter_speed&quot;:&quot;0&quot;,&quot;title&quot;:&quot;&quot;,&quot;orientation&quot;:&quot;0&quot;}\" data-image-title=\"edi rama\" data-image-description=\"\" data-image-caption=\"\" data-medium-file=\"https:\/\/i0.wp.com\/www.shqiperia.com\/blog\/wp-content\/uploads\/2026\/03\/edi-rama-3.jpg?fit=300%2C220&amp;ssl=1\" data-large-file=\"https:\/\/i0.wp.com\/www.shqiperia.com\/blog\/wp-content\/uploads\/2026\/03\/edi-rama-3.jpg?fit=1024%2C750&amp;ssl=1\" class=\"alignnone  wp-image-98418\" alt=\"\" src=\"https:\/\/i0.wp.com\/www.shqiperia.com\/blog\/wp-content\/uploads\/2026\/03\/edi-rama-3.jpg?resize=570%2C418&#038;ssl=1\" width=\"570\" height=\"418\" srcset=\"https:\/\/i0.wp.com\/www.shqiperia.com\/blog\/wp-content\/uploads\/2026\/03\/edi-rama-3.jpg?resize=300%2C220&amp;ssl=1 300w, https:\/\/i0.wp.com\/www.shqiperia.com\/blog\/wp-content\/uploads\/2026\/03\/edi-rama-3.jpg?resize=1024%2C750&amp;ssl=1 1024w, https:\/\/i0.wp.com\/www.shqiperia.com\/blog\/wp-content\/uploads\/2026\/03\/edi-rama-3.jpg?resize=768%2C562&amp;ssl=1 768w, https:\/\/i0.wp.com\/www.shqiperia.com\/blog\/wp-content\/uploads\/2026\/03\/edi-rama-3.jpg?resize=450%2C329&amp;ssl=1 450w, https:\/\/i0.wp.com\/www.shqiperia.com\/blog\/wp-content\/uploads\/2026\/03\/edi-rama-3.jpg?resize=600%2C439&amp;ssl=1 600w, https:\/\/i0.wp.com\/www.shqiperia.com\/blog\/wp-content\/uploads\/2026\/03\/edi-rama-3.jpg?resize=400%2C293&amp;ssl=1 400w, https:\/\/i0.wp.com\/www.shqiperia.com\/blog\/wp-content\/uploads\/2026\/03\/edi-rama-3.jpg?w=1295&amp;ssl=1 1295w\" sizes=\"auto, (max-width: 570px) 100vw, 570px\" \/><\/h5>\n<h5>15 Mars 2026<\/h5>\n<h5 class=\"jeg_post_subtitle\">Nga: Ilir DAKO<\/h5>\n<h5 class=\"jeg_post_subtitle\">D\u00ebshtimet e nj\u00ebpasnj\u00ebshme t\u00eb Edi Ram\u00ebs, t\u00eb cilat u kuror\u00ebzuan me bllokimin e \u00a0negociatave me BE kan\u00eb detyruar Kryeministrin shqiptar t\u00eb shpjegoj\u00eb para shqiptar\u00ebve 4 shuplaka q\u00eb ka ngr\u00ebn\u00eb dhjet\u00eb dit\u00ebt e \u00a0fundit.<\/h5>\n<\/div>\n<\/div>\n<\/div>\n<\/div>\n<\/div>\n<div class=\"row vc_row wpb_row vc_row-fluid\">\n<div class=\"jeg-vc-wrapper\">\n<div class=\"wpb_column jeg_column vc_column_container vc_col-sm-8\">\n<div class=\"jeg_wrapper wpb_wrapper\">\n<div class=\"jeg_custom_content_wrapper   \">\n<div class=\"entry-content  no-share\">\n<div class=\"content-inner\">\n<p>Kryeministri Edi Rama u pa sy\u2019msy me qytetar\u00ebt shqiptar\u00eb n\u00ebp\u00ebrmjet podcastit t\u00eb s\u00eb diel\u00ebs. N\u00ebp\u00ebrmjet monologut t\u00eb tij t\u00eb lodhsh\u00ebm, ai u mundua ti jepte sqarim qytetar\u00ebve shqiptar\u00eb ngjarjet e fundjav\u00ebs, pik\u00ebrisht \u00e7\u00ebshtjeve m\u00eb t\u00eb nxehta q\u00eb dominuan atmosfer\u00ebn politike \u00a0shqiptare. I ndodhur n\u00eb situat\u00eb tmerr\u00ebsisht t\u00eb v\u00ebshtir\u00eb, me d\u00ebshtime t\u00eb nj\u00ebpasnj\u00ebshme, t\u00eb cilat u kuror\u00ebzuan me bllokimin e \u00a0negociatave me BE kan\u00eb detyruar Kryeministrin shqiptar t\u00eb shpjegoj\u00eb para shqiptar\u00ebve 4 shuplaka q\u00eb ka ngr\u00ebn\u00eb dhjet\u00eb dit\u00ebt e \u00a0fundit.<\/p>\n<p>Shuplaka e par\u00eb \u00ebsht\u00eb shkarkimi i Belinda Ballukut t\u00eb cil\u00ebn e shkarkoi me peng t\u00eb fort\u00eb n\u00eb zem\u00ebr, gj\u00eb q\u00eb e detyroi t\u00eb riformatoj\u00eb qeverin\u00eb brenda 6 muajve.\u00a0 I ndodhur n\u00ebn presion t\u00eb fuqish\u00ebm nga faktor\u00ebt nd\u00ebrkomb\u00ebtar\u00eb, t\u00eb cil\u00ebt e vun\u00eb me shpatulla n\u00eb mur, Edi Rama e pranoi shuplak\u00ebn e par\u00eb duke spastruar qeverin\u00eb e re dhe duke hequr dy ministrat paket\u00eb t\u00eb k\u00ebsaj qeverie: Belinda Ballukun dhe Pirro Vengun. T\u00eb dy eksponent\u00eb t\u00eb r\u00ebnd\u00ebsish\u00ebm n\u00eb sh\u00ebrbim t\u00eb interesave t\u00eb sh\u00ebrbimeve t\u00eb huaja dhe q\u00eb kan\u00eb k\u00ebrc\u00ebnuar seriozisht sigurin\u00eb komb\u00ebtare. Heqja e dy ministrave, Ballukut dhe Vengut detyroi Ram\u00ebn q\u00eb t\u00eb masakronte gjysm\u00ebn e qeveris\u00eb p\u00ebr t\u00eb justifikuar eliminimin e dy emrave t\u00eb m\u00ebsip\u00ebrm, t\u00eb cil\u00ebt ishin n\u00eb list\u00ebn e zez\u00eb t\u00eb sh\u00ebrbimeve partnere, si personazhe q\u00eb cenonin sigurin\u00eb komb\u00ebtare t\u00eb Shqip\u00ebris\u00eb. Kush jan\u00eb interesat q\u00eb k\u00ebta personazhe kan\u00eb shkelur do t\u00eb jen\u00eb subjekt i nj\u00eb shkrimi tjet\u00ebr, por Edi Rama u justifikua me t\u00eb korrupsionin e Ballukut p\u00ebr t\u00eb kamufluar dor\u00ebzimin pa kushte para urdhrit t\u00eb aleat\u00ebve.<\/p>\n<p>Shuplaka e dyt\u00eb ndaj Edi Ram\u00ebs \u00ebsht\u00eb shkarkimi i drejtorit t\u00eb P\u00ebrgjithsh\u00ebm t\u00eb Policis\u00eb, Ilir Proda, p\u00ebr t\u00eb cilin sh\u00ebrbimet partnere i vun\u00eb kusht pa alternativ\u00eb q\u00eb ta largonte nga drejtimi i policis\u00eb p\u00ebr arsye t\u00eb lidhjeve t\u00eb tij t\u00eb ngushta me bandat m\u00eb t\u00eb fuqishme t\u00eb Shqip\u00ebris\u00eb, ku lidhja midis tij dhe Edi Ram\u00ebs ka qen\u00eb koordinatori i krimit Ergys Agasi. SPAK ka ushtruar kontrolle mbi Prod\u00ebn dhe nj\u00eb grup prej 7 titullar\u00ebsh, tw cilwt jan\u00eb v\u00ebn\u00eb n\u00ebn hetim. Disa polici europiane, si gjermania, belgia, hollandezja, italiania dhe t\u00eb tjera jan\u00eb ankuar p\u00ebr dekonspirimet e aksioneve, t\u00eb cilat p\u00ebrfundonin her\u00eb pas here me d\u00ebshtim. Edi Rama e Dor\u00ebsoi pa kushte dhe e kamufloi shkarkimin e tij dhe t\u00eb gjith\u00eb grupit t\u00eb tij n\u00eb policin\u00eb e shtetit me d\u00ebshtimin e monitorimit t\u00eb protest\u00ebs s\u00eb PS. \u00a0Edi Rama u dor\u00ebzua pa kushte p\u00ebrpara presionit t\u00eb nd\u00ebrkomb\u00ebtar\u00ebve megjith\u00ebse nj\u00eb jav\u00eb m\u00eb par\u00eb kishte b\u00ebr\u00eb rezistenc\u00eb ndaj tyre, duke e shitur Ilir Prodwn si njeri t\u00eb suksessh\u00ebm.<\/p>\n<p>Shuplaka e tret\u00eb\u00a0 ndaj Edi Ram\u00ebs \u00ebsht\u00eb d\u00ebshtimi i tenderit t\u00eb Portit t\u00eb Ri t\u00eb Durr\u00ebsit. Nd\u00ebrtimi i k\u00ebtij porti dhe afera e Portit t\u00eb Durr\u00ebsit, n\u00eb t\u00eb cilin ka v\u00ebn\u00eb prestanome Alabarin, nd\u00ebrkoh\u00eb q\u00eb pas tij fshihet ai vet\u00eb dhe nj\u00eb pjes\u00ebtaret e familjes q\u00eb qeveris Emiratet Arabe, jan\u00eb dy aferat m\u00eb skandaloze t\u00eb qeveris\u00eb Rama, ku \u00ebsht\u00eb i p\u00ebrzier\u00eb drejtp\u00ebrdrejt ai vet\u00eb, familja e tij dhe qarqe t\u00eb dyshimta arabe-greko-ruse, t\u00eb cilat kan\u00eb q\u00ebllime antishqiptare dhe duan me \u00e7do kusht t\u00eb sabotojn\u00eb port\u00ebn e korridorit 8. N\u00ebse n\u00eb portin mij\u00ebra vje\u00e7ar t\u00eb Durr\u00ebsit, projekti i Alabar i nisur q\u00eb n\u00eb vitin 2022 ka d\u00ebshtuar dhe nuk \u00ebsht\u00eb hedhur nj\u00eb tull\u00eb, Porti i ri n\u00eb Porto Romano ka d\u00ebshtuar n\u00eb dy tendera t\u00eb nj\u00ebpasnj\u00ebshme n\u00eb harkun kohor t\u00eb 3 viteve.<\/p>\n<p>Tenderimi i Portit t\u00eb Ri n\u00eb Porto Romano u u nis dhe u bitis si nj\u00eb afer\u00eb e pis\u00ebt korruptive nga Pirro Vengu, Belinda Balluku dhe Edi Rama, duke p\u00ebrfunduar me nj\u00eb ofertues t\u00eb vet\u00ebm. Projekti i zhvilluar ishte nj\u00eb port i minimalist me nj\u00eb kalat\u00eb prej 400 metrash sa nj\u00eb e gjashta e portit aktual dhe q\u00ebllimi i treshes n\u00eb fjal\u00eb ishte kryek\u00ebput antishqiptar p\u00ebr t\u00eb sabotuar interesat strategjike t\u00eb Shqip\u00ebris\u00eb p\u00ebr tu b\u00ebr\u00eb port\u00eb e r\u00ebnd\u00ebsishshme e korridorit 8. U desh nd\u00ebrhyrja e fort\u00eb e amerikan\u00ebve dhe NATO q\u00eb ky tender t\u00eb d\u00ebshtonte, pasi si kompania q\u00eb pretendonte ta nd\u00ebrtonte dhe niveli i projektit ishin nj\u00eb vep\u00ebr sabotative e Edi Ram\u00ebs n\u00eb interes t\u00eb qarqeve ruso-greke. Me gjith\u00eb kund\u00ebrshtit\u00eb e Edi Ram\u00ebs u desh nd\u00ebrhyrja e fuqishme e Spak me sekuestrimin e dokumentacionit dhe presioni i fuqish\u00ebm amerikan q\u00eb ta d\u00ebshtonte k\u00ebt\u00eb tender. D\u00ebshtimi i tenderit t\u00eb Portit t\u00eb Ri ishte nj\u00eb shuplak\u00eb e drejt\u00ebp\u00ebrdrejt\u00eb e SHBA ndaj njeriu m\u00eb t\u00eb korruptuar n\u00eb historin\u00eb e Shqip\u00ebris\u00eb q\u00eb nga koha e Sk\u00ebnderbeut.<\/p>\n<p>Megjith\u00ebse, Edi Rama gjat\u00eb monologjeve t\u00eb tij q\u00eb t\u00eb b\u00ebjn\u00eb p\u00ebr t\u00eb vjell\u00eb, u mundua t\u00eb justifikohej se tenderi d\u00ebshtoi p\u00ebr shkak \u00a0t\u00eb luft\u00ebs n\u00eb Lindjen e Mesme, ai deklaroi se nuk kishte pasur presione as nga Bashkimi Europian, as nga SHBA dhe as nga NATO, m\u00eb n\u00eb fund pranon se \u00a0\u00a0projekti i Porto Romanos ndodhet n\u00eb tryez\u00ebn e NATO-s dhe Shqip\u00ebria \u00ebsht\u00eb e detyruar t\u00eb pres\u00eb aprovimin nga zyrat q\u00ebndrore t\u00eb shtabit p\u00ebr nj\u00eb filt\u00ebr politik.<\/p>\n<p>Shuplaka e fundit p\u00ebr k\u00ebt\u00eb jav\u00eb, por m\u00eb e frikshmja vjen nga Komisioni i BE e cila ka ndezur \u00a0semaforin e kuq \u00a0p\u00ebr vler\u00ebsimin e standardeve t\u00eb funksionimit t\u00eb shtetit t\u00eb s\u00eb drejt\u00ebs, luft\u00ebs antikorrupsion dhe krimit t\u00eb organizuar, si dhe funksionimit t\u00eb demokracis\u00eb.<\/p>\n<p>N\u00eb dy takimet e fundit t\u00eb 6 dhe 13 marsit grupi i pun\u00ebs n\u00eb K\u00ebshillin e Bashkimit Europian nuk ka gjetur dakord\u00ebsin\u00eb e vendeve an\u00ebtare p\u00ebr t\u00eb lejuar Tiran\u00ebn zyrtare q\u00eb t\u00eb kaloj\u00eb n\u00eb nj\u00eb stad tjet\u00ebr t\u00eb negociatave.<\/p>\n<p>Raporti IBAR, si kushti formal p\u00ebr t\u00eb filluar mbylljen e kapitujve t\u00eb negociatave ngeli n\u00eb klas\u00eb qeverin\u00eb e Edi Ram\u00ebs. Kjo masw vjen pasi kryeministri i korruptuar shqiptar nuk zbatoi k\u00ebrkes\u00ebn e shteteve t\u00eb BE p\u00ebr ti hequr mandatin Ballukut., BE\u00a0 i dha shuplak\u00ebn e radh\u00ebs duke p\u00ebrz\u00ebnw Shqip\u00ebrin\u00eb nga negociatat dhe duke i mbyllur der\u00ebn qeverisjes s\u00eb korruptuar t\u00eb Edi Ram\u00ebs. Kryeministri shqiptar hodhi n\u00eb kazino fatin europian t\u00eb shqiptar\u00ebve n\u00eb k\u00ebmbim t\u00eb kok\u00ebs s\u00eb Belinda Ballukut. Shuplaka e kat\u00ebrt q\u00eb mori Edi Rama \u00ebsht\u00eb fatkeq\u00ebsi p\u00ebr shqiptar\u00ebt dhe t\u00eb ardhmen e brezave, pasi ka shtyr\u00eb n\u00eb m\u00ebnyr\u00eb t\u00eb paparishikueshme bashkimin e Shqip\u00ebris\u00eb me BE.<\/p>\n<p>Si p\u00ebrfundim qeveria Rama \u00ebsht\u00eb n\u00eb nj\u00eb udh\u00ebkryq t\u00eb rreziksh\u00ebm, fal\u00eb korrupsionit dhe abuzivizmit t\u00eb tij me pushtetin. Nd\u00ebrhyrjet e SHBA dhe BE jan\u00eb fillimi i demontimit t\u00eb nj\u00eb shteti t\u00eb kalbur kok\u00eb e k\u00ebmb\u00eb. Fundi i tij \u00ebsht\u00eb i pakthyesh\u00ebm dhe fati i tij n\u00eb prognoz\u00eb \u00ebsht\u00eb i friksh\u00ebm.<\/p>\n<\/div>\n<\/div>\n<\/div>\n<\/div>\n<\/div>\n<\/div>\n<\/div>\n","protected":false},"excerpt":{"rendered":"<p>15 Mars 2026 Nga: Ilir DAKO D\u00ebshtimet e nj\u00ebpasnj\u00ebshme t\u00eb Edi Ram\u00ebs, t\u00eb cilat u kuror\u00ebzuan me bllokimin e \u00a0negociatave me BE kan\u00eb detyruar Kryeministrin shqiptar t\u00eb shpjegoj\u00eb para shqiptar\u00ebve 4 shuplaka q\u00eb ka ngr\u00ebn\u00eb dhjet\u00eb dit\u00ebt e \u00a0fundit. Kryeministri Edi Rama u pa sy\u2019msy me qytetar\u00ebt shqiptar\u00eb n\u00ebp\u00ebrmjet podcastit t\u00eb s\u00eb diel\u00ebs. N\u00ebp\u00ebrmjet monologut [&hellip;]<\/p>\n","protected":false},"author":9,"featured_media":98418,"comment_status":"open","ping_status":"open","sticky":false,"template":"","format":"standard","meta":{"jetpack_post_was_ever_published":false,"_jetpack_newsletter_access":"","_jetpack_dont_email_post_to_subs":false,"_jetpack_newsletter_tier_id":0,"_jetpack_memberships_contains_paywalled_content":false,"_jetpack_memberships_contains_paid_content":false,"footnotes":"","jetpack_publicize_message":"","jetpack_publicize_feature_enabled":true,"jetpack_social_post_already_shared":true,"jetpack_social_options":{"image_generator_settings":{"template":"highway","default_image_id":0,"font":"","enabled":false},"version":2}},"categories":[27,2,35],"tags":[],"class_list":["post-98416","post","type-post","status-publish","format-standard","has-post-thumbnail","hentry","category-blogu-i-udhetarit","category-politika","category-shoqerore"],"jetpack_publicize_connections":[],"jetpack_featured_media_url":"https:\/\/i0.wp.com\/www.shqiperia.com\/blog\/wp-content\/uploads\/2026\/03\/edi-rama-3.jpg?fit=1295%2C948&ssl=1","jetpack_sharing_enabled":true,"jetpack_shortlink":"https:\/\/wp.me\/p5Z6wp-pBm","jetpack-related-posts":[{"id":45976,"url":"https:\/\/www.shqiperia.com\/blog\/voltana-ademi-i-pergjigjet-rames-deshmoi-edhe-nje-here-friken-qe-po-perjeton-ne-ditet-e-fundit-te-pushtetit\/","url_meta":{"origin":98416,"position":0},"title":"Voltana Ademi i p\u00ebrgjigjet Ram\u00ebs: D\u00ebshmoi edhe nj\u00eb her\u00eb frik\u00ebn q\u00eb po p\u00ebrjeton n\u00eb dit\u00ebt e fundit t\u00eb pushtetit!","author":"Kurt Farka","date":"March 31, 2021","format":false,"excerpt":"Voltana Ademi i p\u00ebrgjigjet Ram\u00ebs: D\u00ebshmoi edhe nj\u00eb her\u00eb frik\u00ebn q\u00eb po p\u00ebrjeton n\u00eb dit\u00ebt e fundit t\u00eb pushtetit! \u00a031 mars 2021 Kryebashkiakia e Shkodr\u00ebs, Voltana Ademi i \u00ebsht\u00eb p\u00ebrgjigjur kryeministrit Edi Rama, i fundit ky q\u00eb pasditen e sotme e quajti \u201cshembull drith\u00ebrues i injoranc\u00ebs\u201d. N\u00eb nj\u00eb prononcim p\u00ebr\u2026","rel":"","context":"In &quot;Blogu i Udh\u00ebtarit&quot;","block_context":{"text":"Blogu i Udh\u00ebtarit","link":"https:\/\/www.shqiperia.com\/blog\/category\/blogu-i-udhetarit\/"},"img":{"alt_text":"","src":"https:\/\/i0.wp.com\/www.shqiperia.com\/blog\/wp-content\/uploads\/2021\/03\/voltana-ademi.png?fit=597%2C345&ssl=1&resize=350%2C200","width":350,"height":200,"srcset":"https:\/\/i0.wp.com\/www.shqiperia.com\/blog\/wp-content\/uploads\/2021\/03\/voltana-ademi.png?fit=597%2C345&ssl=1&resize=350%2C200 1x, https:\/\/i0.wp.com\/www.shqiperia.com\/blog\/wp-content\/uploads\/2021\/03\/voltana-ademi.png?fit=597%2C345&ssl=1&resize=525%2C300 1.5x"},"classes":[]},{"id":29603,"url":"https:\/\/www.shqiperia.com\/blog\/rama-nuk-mund-te-jete-me-kryeminister-spartak-ngjela-per-mini-shengenin-bashkepunimi-misterioz-me\/","url_meta":{"origin":98416,"position":1},"title":"\u201cRama nuk mund t\u00eb jet\u00eb m\u00eb kryeminist\u00ebr\u201d- Spartak Ngjela p\u00ebr \u201cMini-Shengenin\u201d: Bashk\u00ebpunimi misterioz me\u2026","author":"Kurt Farka","date":"December 23, 2019","format":false,"excerpt":"\u201cRama nuk mund t\u00eb jet\u00eb m\u00eb kryeminist\u00ebr\u201d- Spartak Ngjela p\u00ebr \u201cMini-Shengenin\u201d: Bashk\u00ebpunimi misterioz me\u2026 23 dhjetor 2019 Nga Spartak Ngjela Pas skandalit antishqiptar n\u00eb bashk\u00ebpunim misterioz me vras\u00ebsit serb\u00eb t\u00eb shqiptar\u00ebve, Edi Rama nuk mund t\u00eb jet\u00eb m\u00eb kryeministri i Shqip\u00ebris\u00eb. Q\u00ebndresa e politik\u00ebs kosovare dhe vet\u00eb q\u00ebndresa e opinionit\u2026","rel":"","context":"In &quot;Blogu i Udh\u00ebtarit&quot;","block_context":{"text":"Blogu i Udh\u00ebtarit","link":"https:\/\/www.shqiperia.com\/blog\/category\/blogu-i-udhetarit\/"},"img":{"alt_text":"","src":"https:\/\/i0.wp.com\/www.shqiperia.com\/blog\/wp-content\/uploads\/2019\/12\/ngjela-rama-vucic.jpg?fit=600%2C344&ssl=1&resize=350%2C200","width":350,"height":200,"srcset":"https:\/\/i0.wp.com\/www.shqiperia.com\/blog\/wp-content\/uploads\/2019\/12\/ngjela-rama-vucic.jpg?fit=600%2C344&ssl=1&resize=350%2C200 1x, https:\/\/i0.wp.com\/www.shqiperia.com\/blog\/wp-content\/uploads\/2019\/12\/ngjela-rama-vucic.jpg?fit=600%2C344&ssl=1&resize=525%2C300 1.5x"},"classes":[]},{"id":92173,"url":"https:\/\/www.shqiperia.com\/blog\/gjader-ngjarjet-kritike-ishin-2-7-ne-dite-ne-13-ditet-qe-u-monitoruan-me-afersisht-dhjete-tentativa-vetevrasjeje\/","url_meta":{"origin":98416,"position":2},"title":"Gjader: &#8211; Ngjarjet kritike ishin 2.7 n\u00eb dit\u00eb n\u00eb 13 dit\u00ebt q\u00eb u monitoruan, me af\u00ebrsisht dhjet\u00eb tentativa vet\u00ebvrasjeje.","author":"Kurt Farka","date":"May 3, 2025","format":false,"excerpt":"3 Maji 2025 Eurodeputetja Rachele Scarpa dhe eurodeputetja Cecilia Strada k\u00ebrkuan nd\u00ebrhyrje urgjente nga K\u00ebshilli i Evrop\u00ebs p\u00ebr shkak t\u00eb \u201cshkeljeve t\u00eb dukshme t\u00eb t\u00eb drejtave themelore\u201d. Ngjarjet kritike ishin 2.7 n\u00eb dit\u00eb n\u00eb 13 dit\u00ebt q\u00eb u monitoruan, me af\u00ebrsisht dhjet\u00eb tentativa vet\u00ebvrasjeje. Jeta dhe siguria e personave t\u00eb\u2026","rel":"","context":"In &quot;Blogu i Udh\u00ebtarit&quot;","block_context":{"text":"Blogu i Udh\u00ebtarit","link":"https:\/\/www.shqiperia.com\/blog\/category\/blogu-i-udhetarit\/"},"img":{"alt_text":"","src":"https:\/\/i0.wp.com\/www.shqiperia.com\/blog\/wp-content\/uploads\/2025\/05\/gjadri-768x487-1.jpg?fit=768%2C487&ssl=1&resize=350%2C200","width":350,"height":200,"srcset":"https:\/\/i0.wp.com\/www.shqiperia.com\/blog\/wp-content\/uploads\/2025\/05\/gjadri-768x487-1.jpg?fit=768%2C487&ssl=1&resize=350%2C200 1x, https:\/\/i0.wp.com\/www.shqiperia.com\/blog\/wp-content\/uploads\/2025\/05\/gjadri-768x487-1.jpg?fit=768%2C487&ssl=1&resize=525%2C300 1.5x, https:\/\/i0.wp.com\/www.shqiperia.com\/blog\/wp-content\/uploads\/2025\/05\/gjadri-768x487-1.jpg?fit=768%2C487&ssl=1&resize=700%2C400 2x"},"classes":[]},{"id":35120,"url":"https:\/\/www.shqiperia.com\/blog\/artistet-avancojne-kerkesat-do-kerkojme-rrezimin-e-edi-rames\/","url_meta":{"origin":98416,"position":3},"title":"Artist\u00ebt avancojn\u00eb k\u00ebrkesat: &#8211; Do k\u00ebrkojm\u00eb rr\u00ebzimin e Edi Ram\u00ebs","author":"Kurt Farka","date":"May 27, 2020","format":false,"excerpt":"Artist\u00ebt avancojn\u00eb k\u00ebrkesat: - Do k\u00ebrkojm\u00eb rr\u00ebzimin e Edi Ram\u00ebs - 27\/05\/20 | Gazeta\u00a0 mapo.al M\u00eb shum\u00eb se mbledhja e firmave p\u00ebr nj\u00eb peticion, i cili k\u00ebrkon nd\u00ebrtimin e teatrit sipas modelit origjinal, atje ku ka qen\u00eb, takimet e artist\u00ebve n\u00eb rrethe kan\u00eb t\u00eb b\u00ebjn\u00eb me thirrjen n\u00eb nj\u00eb protest\u00eb\u2026","rel":"","context":"In &quot;Blogu i Udh\u00ebtarit&quot;","block_context":{"text":"Blogu i Udh\u00ebtarit","link":"https:\/\/www.shqiperia.com\/blog\/category\/blogu-i-udhetarit\/"},"img":{"alt_text":"","src":"https:\/\/i0.wp.com\/www.shqiperia.com\/blog\/wp-content\/uploads\/2020\/05\/Protesta-e-artisteve-1.jpg?fit=1024%2C567&ssl=1&resize=350%2C200","width":350,"height":200,"srcset":"https:\/\/i0.wp.com\/www.shqiperia.com\/blog\/wp-content\/uploads\/2020\/05\/Protesta-e-artisteve-1.jpg?fit=1024%2C567&ssl=1&resize=350%2C200 1x, https:\/\/i0.wp.com\/www.shqiperia.com\/blog\/wp-content\/uploads\/2020\/05\/Protesta-e-artisteve-1.jpg?fit=1024%2C567&ssl=1&resize=525%2C300 1.5x, https:\/\/i0.wp.com\/www.shqiperia.com\/blog\/wp-content\/uploads\/2020\/05\/Protesta-e-artisteve-1.jpg?fit=1024%2C567&ssl=1&resize=700%2C400 2x"},"classes":[]},{"id":68749,"url":"https:\/\/www.shqiperia.com\/blog\/zgjerohet-dosja-mcgonigal-ne-skene-edhe-fatmir-xhafaj-zbulohet-emaili-i-derguar-ne-adresen-private\/","url_meta":{"origin":98416,"position":4},"title":"&#8220;Zgjerohet&#8221; dosja McGonigal, n\u00eb sken\u00eb edhe Fatmir Xhafaj. &#8211; Zbulohet emaili i d\u00ebrguar n\u00eb adres\u00ebn private","author":"Kurt Farka","date":"February 28, 2023","format":false,"excerpt":"28 Shkurt 2023 Nga OraNews Edhe njeriu i reform\u00ebs n\u00eb drejt\u00ebsi, si\u00e7 e cil\u00ebsonte Edi Rama, Fatmir Xhafajn \u00ebsht\u00eb i p\u00ebrfshir\u00eb n\u00eb afer\u00ebn e Charles McGonigal. Kjo \u00ebsht\u00eb zbuluar nga nj\u00eb email q\u00eb \u00ebsht\u00eb publikuar mbr\u00ebmjen e sotme nga hackerat iranian\u00eb t\u00eb Homelandjustice. N\u00eb bllokun e emaileve t\u00eb parlamentit \u00ebsht\u00eb\u2026","rel":"","context":"In &quot;Blogu i Udh\u00ebtarit&quot;","block_context":{"text":"Blogu i Udh\u00ebtarit","link":"https:\/\/www.shqiperia.com\/blog\/category\/blogu-i-udhetarit\/"},"img":{"alt_text":"","src":"https:\/\/i0.wp.com\/www.shqiperia.com\/blog\/wp-content\/uploads\/2023\/02\/640-0-90468d88c713acdaf44d38489be62ec2.jpg?fit=640%2C335&ssl=1&resize=350%2C200","width":350,"height":200,"srcset":"https:\/\/i0.wp.com\/www.shqiperia.com\/blog\/wp-content\/uploads\/2023\/02\/640-0-90468d88c713acdaf44d38489be62ec2.jpg?fit=640%2C335&ssl=1&resize=350%2C200 1x, https:\/\/i0.wp.com\/www.shqiperia.com\/blog\/wp-content\/uploads\/2023\/02\/640-0-90468d88c713acdaf44d38489be62ec2.jpg?fit=640%2C335&ssl=1&resize=525%2C300 1.5x"},"classes":[]},{"id":83780,"url":"https:\/\/www.shqiperia.com\/blog\/skandali-i-mbetjeve-toksike-ja-si-belinda-balluku-dhe-mirela-kumbaro-ia-kaluan-faturen-e-pergjegjesise-edi-rames\/","url_meta":{"origin":98416,"position":5},"title":"Skandali i mbetjeve toksike, ja si Belinda Balluku dhe Mirela Kumbaro ia kaluan fatur\u00ebn e p\u00ebrgjegj\u00ebsis\u00eb Edi Ram\u00ebs","author":"Kurt Farka","date":"August 27, 2024","format":false,"excerpt":"27 Gusht 2024 \"...Dyshja Kumbaro-Balluku meqen\u00ebse thon\u00eb se s\u2019kan\u00eb dh\u00ebn\u00eb autorizim, d\u00ebshmojn\u00eb se shteti shqiptar\u00eb ka r\u00ebn\u00eb dhe se k\u00ebtu kushdo mund t\u00eb transportoj\u00eb drog\u00eb, arm\u00eb apo mbetje toksike, etj dhe se askush mban p\u00ebrgjegj\u00ebsi, edhe pse jan\u00eb pik\u00ebrisht Ministria e Mjedisit dhe ajo e Infrastruktur\u00ebs q\u00eb kan\u00eb detyre t\u00eb\u2026","rel":"","context":"In &quot;Blogu i Udh\u00ebtarit&quot;","block_context":{"text":"Blogu i Udh\u00ebtarit","link":"https:\/\/www.shqiperia.com\/blog\/category\/blogu-i-udhetarit\/"},"img":{"alt_text":"","src":"https:\/\/i0.wp.com\/www.shqiperia.com\/blog\/wp-content\/uploads\/2024\/08\/kumbaro-balluku-1140x570-1.jpg?fit=1012%2C570&ssl=1&resize=350%2C200","width":350,"height":200,"srcset":"https:\/\/i0.wp.com\/www.shqiperia.com\/blog\/wp-content\/uploads\/2024\/08\/kumbaro-balluku-1140x570-1.jpg?fit=1012%2C570&ssl=1&resize=350%2C200 1x, https:\/\/i0.wp.com\/www.shqiperia.com\/blog\/wp-content\/uploads\/2024\/08\/kumbaro-balluku-1140x570-1.jpg?fit=1012%2C570&ssl=1&resize=525%2C300 1.5x, https:\/\/i0.wp.com\/www.shqiperia.com\/blog\/wp-content\/uploads\/2024\/08\/kumbaro-balluku-1140x570-1.jpg?fit=1012%2C570&ssl=1&resize=700%2C400 2x"},"classes":[]}],"_links":{"self":[{"href":"https:\/\/www.shqiperia.com\/blog\/wp-json\/wp\/v2\/posts\/98416","targetHints":{"allow":["GET"]}}],"collection":[{"href":"https:\/\/www.shqiperia.com\/blog\/wp-json\/wp\/v2\/posts"}],"about":[{"href":"https:\/\/www.shqiperia.com\/blog\/wp-json\/wp\/v2\/types\/post"}],"author":[{"embeddable":true,"href":"https:\/\/www.shqiperia.com\/blog\/wp-json\/wp\/v2\/users\/9"}],"replies":[{"embeddable":true,"href":"https:\/\/www.shqiperia.com\/blog\/wp-json\/wp\/v2\/comments?post=98416"}],"version-history":[{"count":1,"href":"https:\/\/www.shqiperia.com\/blog\/wp-json\/wp\/v2\/posts\/98416\/revisions"}],"predecessor-version":[{"id":98419,"href":"https:\/\/www.shqiperia.com\/blog\/wp-json\/wp\/v2\/posts\/98416\/revisions\/98419"}],"wp:featuredmedia":[{"embeddable":true,"href":"https:\/\/www.shqiperia.com\/blog\/wp-json\/wp\/v2\/media\/98418"}],"wp:attachment":[{"href":"https:\/\/www.shqiperia.com\/blog\/wp-json\/wp\/v2\/media?parent=98416"}],"wp:term":[{"taxonomy":"category","embeddable":true,"href":"https:\/\/www.shqiperia.com\/blog\/wp-json\/wp\/v2\/categories?post=98416"},{"taxonomy":"post_tag","embeddable":true,"href":"https:\/\/www.shqiperia.com\/blog\/wp-json\/wp\/v2\/tags?post=98416"}],"curies":[{"name":"wp","href":"https:\/\/api.w.org\/{rel}","templated":true}]}}