{"id":98413,"date":"2026-03-14T06:47:42","date_gmt":"2026-03-14T06:47:42","guid":{"rendered":"https:\/\/www.shqiperia.com\/blog\/?p=98413"},"modified":"2026-03-14T06:47:42","modified_gmt":"2026-03-14T06:47:42","slug":"llogore-dhe-xhepa","status":"publish","type":"post","link":"https:\/\/www.shqiperia.com\/blog\/llogore-dhe-xhepa\/","title":{"rendered":"Llogore dhe Xhepa"},"content":{"rendered":"<div id=\"attachment_98414\" style=\"width: 847px\" class=\"wp-caption alignnone\"><img data-recalc-dims=\"1\" loading=\"lazy\" decoding=\"async\" aria-describedby=\"caption-attachment-98414\" data-attachment-id=\"98414\" data-permalink=\"https:\/\/www.shqiperia.com\/blog\/llogore-dhe-xhepa\/edi-rama-2-31\/\" data-orig-file=\"https:\/\/i0.wp.com\/www.shqiperia.com\/blog\/wp-content\/uploads\/2026\/03\/Edi-Rama-2-1.jpg?fit=800%2C448&amp;ssl=1\" data-orig-size=\"800,448\" data-comments-opened=\"1\" data-image-meta=\"{&quot;aperture&quot;:&quot;0&quot;,&quot;credit&quot;:&quot;&quot;,&quot;camera&quot;:&quot;&quot;,&quot;caption&quot;:&quot;&quot;,&quot;created_timestamp&quot;:&quot;0&quot;,&quot;copyright&quot;:&quot;&quot;,&quot;focal_length&quot;:&quot;0&quot;,&quot;iso&quot;:&quot;0&quot;,&quot;shutter_speed&quot;:&quot;0&quot;,&quot;title&quot;:&quot;&quot;,&quot;orientation&quot;:&quot;0&quot;}\" data-image-title=\"Edi Rama\" data-image-description=\"\" data-image-caption=\"&lt;p&gt;Edi Rama &lt;\/p&gt;\n\" data-medium-file=\"https:\/\/i0.wp.com\/www.shqiperia.com\/blog\/wp-content\/uploads\/2026\/03\/Edi-Rama-2-1.jpg?fit=300%2C168&amp;ssl=1\" data-large-file=\"https:\/\/i0.wp.com\/www.shqiperia.com\/blog\/wp-content\/uploads\/2026\/03\/Edi-Rama-2-1.jpg?fit=800%2C448&amp;ssl=1\" class=\" wp-image-98414\" alt=\"\" src=\"https:\/\/i0.wp.com\/www.shqiperia.com\/blog\/wp-content\/uploads\/2026\/03\/Edi-Rama-2-1.jpg?resize=837%2C469&#038;ssl=1\" width=\"837\" height=\"469\" srcset=\"https:\/\/i0.wp.com\/www.shqiperia.com\/blog\/wp-content\/uploads\/2026\/03\/Edi-Rama-2-1.jpg?resize=300%2C168&amp;ssl=1 300w, https:\/\/i0.wp.com\/www.shqiperia.com\/blog\/wp-content\/uploads\/2026\/03\/Edi-Rama-2-1.jpg?resize=768%2C430&amp;ssl=1 768w, https:\/\/i0.wp.com\/www.shqiperia.com\/blog\/wp-content\/uploads\/2026\/03\/Edi-Rama-2-1.jpg?resize=450%2C252&amp;ssl=1 450w, https:\/\/i0.wp.com\/www.shqiperia.com\/blog\/wp-content\/uploads\/2026\/03\/Edi-Rama-2-1.jpg?resize=600%2C336&amp;ssl=1 600w, https:\/\/i0.wp.com\/www.shqiperia.com\/blog\/wp-content\/uploads\/2026\/03\/Edi-Rama-2-1.jpg?resize=400%2C224&amp;ssl=1 400w, https:\/\/i0.wp.com\/www.shqiperia.com\/blog\/wp-content\/uploads\/2026\/03\/Edi-Rama-2-1.jpg?w=800&amp;ssl=1 800w\" sizes=\"auto, (max-width: 837px) 100vw, 837px\" \/><p id=\"caption-attachment-98414\" class=\"wp-caption-text\">Edi Rama<\/p><\/div>\n<p><strong>Nga Adrian Thano<\/strong><\/p>\n<p>\u200bKa dy \u201cskena\u201d q\u00eb kur i vendos ball\u00eb p\u00ebr ball\u00eb shkaktojn\u00eb p\u00ebshtjellim. Jan\u00eb cinike dhe p\u00ebr\u00e7muese, tallje e hapur ndaj atyre q\u00eb ende besojn\u00eb te vota.<\/p>\n<p>N\u00eb sken\u00ebn e par\u00eb, Kryeministri shfaqet i qeshur duke treguar se si njer\u00ebz nga Partia Demokratike e Shqip\u00ebris\u00eb po i bashkohen qeverisjes. Nj\u00eb ish-deputet i PD b\u00ebhet kryeinspektor, nj\u00eb drejtuese dege PD b\u00ebhet drejtore e madhe, nj\u00eb ish-drejtuese e forumit rinor t\u00eb PD-s\u00eb, e em\u00ebruar n\u00eb nj\u00eb post publik. Madje sipas rr\u00ebfimit t\u00eb Ram\u00ebs, kjo e fundit paska ardhur dhe paska th\u00ebn\u00eb di\u00e7ka t\u00eb tipit: \u201cku paskam qen\u00eb gjith\u00eb k\u00ebt\u00eb koh\u00eb\u201d. Tjetri deputet, djali i kreut t\u00eb PD do drejtoj\u00eb portin, delfini i Berish\u00ebs b\u00ebhet minist\u00ebr, etj<\/p>\n<p>Mesazhi \u00ebsht\u00eb i qart\u00eb. Politika duhet t\u00eb jet\u00eb p\u00ebrtej logos, nuk ka r\u00ebnd\u00ebsi nga vjen dikush, majtas apo djathtas, r\u00ebnd\u00ebsi ka t\u00eb bashkohet me \u201cpun\u00ebn e mir\u00eb\u201d, etj. Partit\u00eb relativizohen, kufijt\u00eb ideologjik\u00eb treten, madje kjo paraqitet si shenj\u00eb maturie politike.<\/p>\n<p>Deri k\u00ebtu gjith\u00e7ka duket si nj\u00eb leksion tolerance.<\/p>\n<p>Por ja skena e dyt\u00eb. N\u00eb Durr\u00ebs disa qytetar\u00eb kund\u00ebrshtojn\u00eb nj\u00eb projekt t\u00eb madh urban, t\u00eb njohur si TID. Nj\u00eb debat i zakonsh\u00ebm, qytetar\u00eb q\u00eb shprehin shqet\u00ebsim p\u00ebr pron\u00ebn pastaj disa q\u00eb afrohen dhe hedhin parulla kund\u00ebr Kryeministrit.<\/p>\n<p>Por reagimi q\u00eb marrin nuk \u00ebsht\u00eb ai q\u00eb d\u00ebgjuam n\u00eb sken\u00ebn e par\u00eb. N\u00eb vend t\u00eb p\u00ebrgjigjes, ata marrin nj\u00eb etiket\u00eb: \u201cme ju s\u2019merrem, ju jeni t\u00eb PD\u201d \u2013 u thot\u00eb Kryeministri.<\/p>\n<p>Transformim i \u00e7uditsh\u00ebm. Kur nj\u00eb individ nga PD i bashkohet pushtetit, partit\u00eb nuk kan\u00eb m\u00eb r\u00ebnd\u00ebsi. Kur qytetari kund\u00ebrshton pushtetin, partit\u00eb b\u00ebhen menj\u00ebher\u00eb identiteti i tij kryesor. Pra, kur pushtetit i leverdis, logoja zhduket, kur pushtetit i rrezikohet komoditeti, logoja b\u00ebhet damk\u00eb. Politika qenka p\u00ebrtej partive kur pushteti rekruton njer\u00ebz, ama \u00e7do kund\u00ebrshtim, \u00ebsht\u00eb<span>\u00a0<\/span><em>partiak<\/em><span>\u00a0<\/span>kur pushteti p\u00ebrballet me protest\u00ebn.<\/p>\n<p>Ky \u00ebsht\u00eb nj\u00eb instrument i ul\u00ebt p\u00ebr\u00e7ar\u00ebs q\u00eb i helmon marr\u00ebdh\u00ebniet mes njer\u00ebzve. Me kalimin e koh\u00ebs sjell dor\u00ebzimin dhe pasivitetin, habitati ideal p\u00ebr \u00e7do pushtet autoritar.<\/p>\n<p>Por pjesa m\u00eb problematike \u00ebsht\u00eb ajo q\u00eb ndodh nd\u00ebrkoh\u00eb q\u00eb k\u00ebto skena luhen n\u00eb publik. Nd\u00ebrsa qytetar\u00ebt ndahen n\u00eb kampe, nd\u00ebrsa n\u00eb ekrane dhe rrjete sociale hapen \u00e7do dit\u00eb llogore t\u00eb reja, \u201cme ne\u201d dhe \u201ckund\u00ebr nesh\u201d, \u201cPS\u201d e \u201cPD\u201d, n\u00eb nj\u00eb nivel tjet\u00ebr politika shqiptare funksionon shum\u00eb m\u00eb qet\u00eb.<\/p>\n<p>N\u00eb k\u00ebt\u00eb nivel, \u201clart\u201d, ndodh gjithmon\u00eb e nj\u00ebjta gj\u00eb, ndarja e hart\u00ebs s\u00eb paras\u00eb publike. Tender\u00eb, projekte, koncesione, privilegje. Nj\u00eb ekonomi e t\u00ebr\u00eb politike q\u00eb nuk njeh aq shum\u00eb armiq\u00ebsi sa duket n\u00eb televizor. Mjafton t\u00eb shikoni Rrjollin. Biznesmeni q\u00eb ka mb\u00ebshtetur e mb\u00ebshtet direkt familjen non grata Berisha majmet me fonde publike t\u00eb qeveris\u00eb Rama, leje e licensa, madje mbrohet me policin\u00eb e shtetit sikur ta ket\u00eb private. Ku \u00ebsht\u00eb aty n\u00eb Rrjoll \u201cti je PD\u201d?<\/p>\n<p>K\u00ebta \u201clider\u00eb\u201d patetik\u00eb kan\u00eb nevoj\u00eb p\u00ebr llogore t\u00eb rreme, p\u00ebr ndasi t\u00eb p\u00ebrhershme. P\u00ebr nj\u00eb popull q\u00eb grindet vazhdimisht mes vetes. Sa m\u00eb shum\u00eb t\u00eb zihen njer\u00ebzit p\u00ebr flamujt politik\u00eb, aq m\u00eb pak kan\u00eb koh\u00eb t\u00eb shohin dor\u00ebn q\u00eb u \u00ebsht\u00eb futur n\u00eb xhep.<\/p>\n<p>N\u00eb fakt, mashtrimi m\u00eb i madh i k\u00ebtyre dekadave \u00ebsht\u00eb ideja se n\u00eb Shqip\u00ebri zhvillohet nj\u00eb luft\u00eb e madhe mes t\u00eb majt\u00ebs dhe t\u00eb djatht\u00ebs. Nuk ka nj\u00eb luft\u00eb t\u00eb till\u00eb. E kam th\u00ebn\u00eb n\u00eb k\u00ebt\u00eb rubrik\u00eb dhe e p\u00ebrs\u00ebris: Lufta reale, ndoshta ende e padukshme p\u00ebr nj\u00eb pjes\u00eb t\u00eb shoq\u00ebris\u00eb, \u00ebsht\u00eb nj\u00eb tjet\u00ebr. Ajo mes Sistemit t\u00eb Interesit, q\u00eb \u00ebsht\u00eb gjithmon\u00eb i bashkuar, dhe Qytetarit t\u00eb Inatosur, q\u00eb mbahet me \u00e7do kusht i p\u00ebr\u00e7ar\u00eb.<\/p>\n<p>Nga Gazeta Dita<\/p>\n","protected":false},"excerpt":{"rendered":"<p>Nga Adrian Thano \u200bKa dy \u201cskena\u201d q\u00eb kur i vendos ball\u00eb p\u00ebr ball\u00eb shkaktojn\u00eb p\u00ebshtjellim. Jan\u00eb cinike dhe p\u00ebr\u00e7muese, tallje e hapur ndaj atyre q\u00eb ende besojn\u00eb te vota. N\u00eb sken\u00ebn e par\u00eb, Kryeministri shfaqet i qeshur duke treguar se si njer\u00ebz nga Partia Demokratike e Shqip\u00ebris\u00eb po i bashkohen qeverisjes. Nj\u00eb ish-deputet i PD [&hellip;]<\/p>\n","protected":false},"author":9,"featured_media":98414,"comment_status":"open","ping_status":"open","sticky":false,"template":"","format":"standard","meta":{"jetpack_post_was_ever_published":false,"_jetpack_newsletter_access":"","_jetpack_dont_email_post_to_subs":false,"_jetpack_newsletter_tier_id":0,"_jetpack_memberships_contains_paywalled_content":false,"_jetpack_memberships_contains_paid_content":false,"footnotes":"","jetpack_publicize_message":"","jetpack_publicize_feature_enabled":true,"jetpack_social_post_already_shared":true,"jetpack_social_options":{"image_generator_settings":{"template":"highway","default_image_id":0,"font":"","enabled":false},"version":2}},"categories":[27,1,2,14],"tags":[],"class_list":["post-98413","post","type-post","status-publish","format-standard","has-post-thumbnail","hentry","category-blogu-i-udhetarit","category-njoftime-shtypi","category-politika","category-press-releases"],"jetpack_publicize_connections":[],"jetpack_featured_media_url":"https:\/\/i0.wp.com\/www.shqiperia.com\/blog\/wp-content\/uploads\/2026\/03\/Edi-Rama-2-1.jpg?fit=800%2C448&ssl=1","jetpack_sharing_enabled":true,"jetpack_shortlink":"https:\/\/wp.me\/p5Z6wp-pBj","jetpack-related-posts":[{"id":39590,"url":"https:\/\/www.shqiperia.com\/blog\/u-konfirmuar-zyrtarisht-si-kandidat-per-deputet-ne-listat-e-pd-reagon-ish-shefi-erzen-brecani-dhe-ben-premtimin-e-madh-nje-rezultat-befasues-qe-me-emocionoi-shume\/","url_meta":{"origin":98413,"position":0},"title":"U konfirmuar zyrtarisht si kandidat p\u00ebr deputet n\u00eb listat e PD, reagon ish-shefi Erzen Bre\u00e7ani dhe b\u00ebn premtimin e madh: Nj\u00eb rezultat befasues q\u00eb m\u00eb emocionoi shum\u00eb!","author":"Kurt Farka","date":"October 12, 2020","format":false,"excerpt":"U konfirmuar zyrtarisht si kandidat p\u00ebr deputet n\u00eb listat e PD, reagon ish-shefi Erzen Bre\u00e7ani dhe b\u00ebn premtimin e madh: Nj\u00eb rezultat befasues q\u00eb m\u00eb emocionoi shum\u00eb! 11 TETOR 2020 Pjes\u00eb e list\u00ebt s\u00eb kandidat\u00ebve p\u00ebr deputet q\u00eb u konfirmuar p\u00ebr PD n\u00eb Tiran\u00eb \u00ebsht\u00eb edhe ish-shefi i lart\u00eb i\u2026","rel":"","context":"In &quot;Blogu i Udh\u00ebtarit&quot;","block_context":{"text":"Blogu i Udh\u00ebtarit","link":"https:\/\/www.shqiperia.com\/blog\/category\/blogu-i-udhetarit\/"},"img":{"alt_text":"","src":"https:\/\/i0.wp.com\/www.shqiperia.com\/blog\/wp-content\/uploads\/2020\/10\/800-0-5f8307560c883.jpg?fit=800%2C420&ssl=1&resize=350%2C200","width":350,"height":200,"srcset":"https:\/\/i0.wp.com\/www.shqiperia.com\/blog\/wp-content\/uploads\/2020\/10\/800-0-5f8307560c883.jpg?fit=800%2C420&ssl=1&resize=350%2C200 1x, https:\/\/i0.wp.com\/www.shqiperia.com\/blog\/wp-content\/uploads\/2020\/10\/800-0-5f8307560c883.jpg?fit=800%2C420&ssl=1&resize=525%2C300 1.5x, https:\/\/i0.wp.com\/www.shqiperia.com\/blog\/wp-content\/uploads\/2020\/10\/800-0-5f8307560c883.jpg?fit=800%2C420&ssl=1&resize=700%2C400 2x"},"classes":[]},{"id":98471,"url":"https:\/\/www.shqiperia.com\/blog\/gara-per-kreun-e-pd-ndizet-nje-tjeter-emer-sfidon-sali-berishen\/","url_meta":{"origin":98413,"position":1},"title":"Gara p\u00ebr kreun e PD ndizet\/ Nj\u00eb tjet\u00ebr em\u00ebr sfidon Sali Berish\u00ebn","author":"Kurt Farka","date":"March 18, 2026","format":false,"excerpt":"18 Mars 2026 Nj\u00eb tjet\u00ebr em\u00ebr ka shfaqur ambicie p\u00ebr kreun e Partis\u00eb Demokratike. Gara p\u00ebr drejtimin e PD-s\u00eb po zgjerohet, nd\u00ebrsa nj\u00eb tjet\u00ebr kandidate i shtohet list\u00ebs s\u00eb sfidant\u00ebve t\u00eb Sali Berish\u00ebs p\u00ebr zgjedhjet e 23 majit. Deri m\u00eb tani, jan\u00eb t\u00eb pakt\u00ebn tre emra q\u00eb pritet t\u00eb garojn\u00eb\u2026","rel":"","context":"In &quot;Politika&quot;","block_context":{"text":"Politika","link":"https:\/\/www.shqiperia.com\/blog\/category\/politika\/"},"img":{"alt_text":"","src":"https:\/\/i0.wp.com\/www.shqiperia.com\/blog\/wp-content\/uploads\/2026\/03\/Alesia-Balliu.jpg?fit=742%2C487&ssl=1&resize=350%2C200","width":350,"height":200,"srcset":"https:\/\/i0.wp.com\/www.shqiperia.com\/blog\/wp-content\/uploads\/2026\/03\/Alesia-Balliu.jpg?fit=742%2C487&ssl=1&resize=350%2C200 1x, https:\/\/i0.wp.com\/www.shqiperia.com\/blog\/wp-content\/uploads\/2026\/03\/Alesia-Balliu.jpg?fit=742%2C487&ssl=1&resize=525%2C300 1.5x, https:\/\/i0.wp.com\/www.shqiperia.com\/blog\/wp-content\/uploads\/2026\/03\/Alesia-Balliu.jpg?fit=742%2C487&ssl=1&resize=700%2C400 2x"},"classes":[]},{"id":91819,"url":"https:\/\/www.shqiperia.com\/blog\/jorida-tabaku-programi-shqiperia-madheshtore-plotesisht-i-realizueshem-pd-eshte-e-provuar\/","url_meta":{"origin":98413,"position":2},"title":"Jorida Tabaku: &#8211; Programi \u2018Shqip\u00ebria Madh\u00ebshtore\u2019 plot\u00ebsisht i realizuesh\u00ebm. &#8211; PD \u00ebsht\u00eb e provuar","author":"Kurt Farka","date":"April 25, 2025","format":false,"excerpt":"25 Prill 2025 \u2018Programi i Partis\u00eb Demokratike \u00ebsht\u00eb plot\u00ebsisht i realizuesh\u00ebm\u2019. K\u00ebshtu ka deklaruar n\u00eb studion e \u2018\u00c7im Peka LIVE\u2019 n\u00eb SYRI TV deputetja dhe kandidatja p\u00ebr deputet e PD, Jorida Tabaku. Ajo u shpreh se, PD \u00ebsht\u00eb e provuar se, ja ka dal\u00eb t\u00eb ket\u00eb vitet m\u00eb t\u00eb mira\u2026","rel":"","context":"In &quot;Blogu i Udh\u00ebtarit&quot;","block_context":{"text":"Blogu i Udh\u00ebtarit","link":"https:\/\/www.shqiperia.com\/blog\/category\/blogu-i-udhetarit\/"},"img":{"alt_text":"","src":"https:\/\/i0.wp.com\/www.shqiperia.com\/blog\/wp-content\/uploads\/2025\/04\/jorida-tabaku.png?fit=1000%2C908&ssl=1&resize=350%2C200","width":350,"height":200,"srcset":"https:\/\/i0.wp.com\/www.shqiperia.com\/blog\/wp-content\/uploads\/2025\/04\/jorida-tabaku.png?fit=1000%2C908&ssl=1&resize=350%2C200 1x, https:\/\/i0.wp.com\/www.shqiperia.com\/blog\/wp-content\/uploads\/2025\/04\/jorida-tabaku.png?fit=1000%2C908&ssl=1&resize=525%2C300 1.5x, https:\/\/i0.wp.com\/www.shqiperia.com\/blog\/wp-content\/uploads\/2025\/04\/jorida-tabaku.png?fit=1000%2C908&ssl=1&resize=700%2C400 2x"},"classes":[]},{"id":90425,"url":"https:\/\/www.shqiperia.com\/blog\/dashnor-sula-nderron-udhe-nuk-do-te-jete-kandidat-per-deputet-ne-listen-e-lapajt\/","url_meta":{"origin":98413,"position":3},"title":"Dashnor Sula nderron udhe, nuk do t\u00eb jet\u00eb kandidat p\u00ebr deputet n\u00eb list\u00ebn e Lapajt","author":"Kurt Farka","date":"March 14, 2025","format":false,"excerpt":"14 Mars 2025 Kreu i Nism\u00ebs Thurje (pjes\u00eb e koalicionit Nisma Shqip\u00ebria B\u00ebhet), Endri Shabani, \u00ebsht\u00eb shprehur se deputeti i PD-s\u00eb, Dashnor Sula, nuk do t\u00eb jet\u00eb pjes\u00eb e listave t\u00eb kandidat\u00ebve p\u00ebr deputet\u00eb t\u00eb koalicionit t\u00eb drejtuar nga Adriatik Lapaj. N\u00eb A2 CNN, Shabani tha se arsyeja q\u00eb emri\u2026","rel":"","context":"In &quot;Blogu i Udh\u00ebtarit&quot;","block_context":{"text":"Blogu i Udh\u00ebtarit","link":"https:\/\/www.shqiperia.com\/blog\/category\/blogu-i-udhetarit\/"},"img":{"alt_text":"","src":"https:\/\/i0.wp.com\/www.shqiperia.com\/blog\/wp-content\/uploads\/2025\/03\/Ketu-vetem-ketu-do-rri-300x169.webp?resize=350%2C200&ssl=1","width":350,"height":200,"srcset":"https:\/\/i0.wp.com\/www.shqiperia.com\/blog\/wp-content\/uploads\/2025\/03\/Ketu-vetem-ketu-do-rri-300x169.webp?resize=350%2C200&ssl=1 1x, https:\/\/i0.wp.com\/www.shqiperia.com\/blog\/wp-content\/uploads\/2025\/03\/Ketu-vetem-ketu-do-rri-300x169.webp?resize=525%2C300&ssl=1 1.5x, https:\/\/i0.wp.com\/www.shqiperia.com\/blog\/wp-content\/uploads\/2025\/03\/Ketu-vetem-ketu-do-rri-300x169.webp?resize=700%2C400&ssl=1 2x"},"classes":[]},{"id":52169,"url":"https:\/\/www.shqiperia.com\/blog\/ish-deputeti-i-pd-se-ekziston-nje-menyre-bashkepunimi-mes-bashes-dhe-berishes\/","url_meta":{"origin":98413,"position":4},"title":"Ish-deputeti i PD-s\u00eb: Ekziston nj\u00eb m\u00ebnyr\u00eb bashk\u00ebpunimi mes Bash\u00ebs dhe Berish\u00ebs","author":"Kurt Farka","date":"December 9, 2021","format":false,"excerpt":"Ish-deputeti i PD-s\u00eb: Ekziston nj\u00eb m\u00ebnyr\u00eb bashk\u00ebpunimi mes Bash\u00ebs dhe Berish\u00ebs 9 DHJETOR 2021 Sipas tij Basha duhet t\u00eb reflektoj\u00eb dhe t\u00eb b\u00ebhet pjes\u00eb n\u00eb Kuvendin q\u00eb do t\u00eb mbahet pas 2 dit\u00ebsh, m\u00eb 11 dhjetor. I ftuar n\u00eb nj\u00eb intervist\u00eb televizive, ish-deputeti i PD Aleksand\u00ebr Biberaj \u00ebsht\u00eb shprehur se\u2026","rel":"","context":"In &quot;Blogu i Udh\u00ebtarit&quot;","block_context":{"text":"Blogu i Udh\u00ebtarit","link":"https:\/\/www.shqiperia.com\/blog\/category\/blogu-i-udhetarit\/"},"img":{"alt_text":"","src":"https:\/\/i0.wp.com\/www.shqiperia.com\/blog\/wp-content\/uploads\/2021\/12\/Selia-e-Pd.jpg?fit=800%2C451&ssl=1&resize=350%2C200","width":350,"height":200,"srcset":"https:\/\/i0.wp.com\/www.shqiperia.com\/blog\/wp-content\/uploads\/2021\/12\/Selia-e-Pd.jpg?fit=800%2C451&ssl=1&resize=350%2C200 1x, https:\/\/i0.wp.com\/www.shqiperia.com\/blog\/wp-content\/uploads\/2021\/12\/Selia-e-Pd.jpg?fit=800%2C451&ssl=1&resize=525%2C300 1.5x, https:\/\/i0.wp.com\/www.shqiperia.com\/blog\/wp-content\/uploads\/2021\/12\/Selia-e-Pd.jpg?fit=800%2C451&ssl=1&resize=700%2C400 2x"},"classes":[]},{"id":81810,"url":"https:\/\/www.shqiperia.com\/blog\/ja-si-do-spastrohet-politika-shqiptare-nga-sali-berisha-spartak-ngjela-zbardh-prapaskenat-e-vendimit-te-gjykates-se-apelit-per-kalimin-e-vules-dhe-logos-se-pd-te-rithemelimi\/","url_meta":{"origin":98413,"position":5},"title":"Ja si do spastrohet politika shqiptare nga Sali Berisha. &#8211; Spartak Ngjela zbardh prapaskenat e vendimit t\u00eb Gjykat\u00ebs s\u00eb Apelit p\u00ebr kalimin e vul\u00ebs dhe logos s\u00eb PD te Rithemelimi","author":"Kurt Farka","date":"June 12, 2024","format":false,"excerpt":"12 Qershor 2024 Avokat i njohur, Spartak Ngjela ka zbardhur dje prapaskenat e vendimit t\u00eb Gjykat\u00ebs s\u00eb Apelit p\u00ebr kalimin e vul\u00ebs dhe logos s\u00eb PD te ish-kryeministri Sali Berisha. Pas 30 muaj luft\u00eb juridike me kuvende e p\u00ebrplasje n\u00eb seanca gjyq\u00ebsore m\u00eb n\u00eb fund ka nj\u00eb vendim p\u00ebr Partin\u00eb\u2026","rel":"","context":"In &quot;Blogu i Udh\u00ebtarit&quot;","block_context":{"text":"Blogu i Udh\u00ebtarit","link":"https:\/\/www.shqiperia.com\/blog\/category\/blogu-i-udhetarit\/"},"img":{"alt_text":"","src":"https:\/\/i0.wp.com\/www.shqiperia.com\/blog\/wp-content\/uploads\/2024\/06\/Seli-PD.jpg?fit=1200%2C771&ssl=1&resize=350%2C200","width":350,"height":200,"srcset":"https:\/\/i0.wp.com\/www.shqiperia.com\/blog\/wp-content\/uploads\/2024\/06\/Seli-PD.jpg?fit=1200%2C771&ssl=1&resize=350%2C200 1x, https:\/\/i0.wp.com\/www.shqiperia.com\/blog\/wp-content\/uploads\/2024\/06\/Seli-PD.jpg?fit=1200%2C771&ssl=1&resize=525%2C300 1.5x, https:\/\/i0.wp.com\/www.shqiperia.com\/blog\/wp-content\/uploads\/2024\/06\/Seli-PD.jpg?fit=1200%2C771&ssl=1&resize=700%2C400 2x, https:\/\/i0.wp.com\/www.shqiperia.com\/blog\/wp-content\/uploads\/2024\/06\/Seli-PD.jpg?fit=1200%2C771&ssl=1&resize=1050%2C600 3x"},"classes":[]}],"_links":{"self":[{"href":"https:\/\/www.shqiperia.com\/blog\/wp-json\/wp\/v2\/posts\/98413","targetHints":{"allow":["GET"]}}],"collection":[{"href":"https:\/\/www.shqiperia.com\/blog\/wp-json\/wp\/v2\/posts"}],"about":[{"href":"https:\/\/www.shqiperia.com\/blog\/wp-json\/wp\/v2\/types\/post"}],"author":[{"embeddable":true,"href":"https:\/\/www.shqiperia.com\/blog\/wp-json\/wp\/v2\/users\/9"}],"replies":[{"embeddable":true,"href":"https:\/\/www.shqiperia.com\/blog\/wp-json\/wp\/v2\/comments?post=98413"}],"version-history":[{"count":1,"href":"https:\/\/www.shqiperia.com\/blog\/wp-json\/wp\/v2\/posts\/98413\/revisions"}],"predecessor-version":[{"id":98415,"href":"https:\/\/www.shqiperia.com\/blog\/wp-json\/wp\/v2\/posts\/98413\/revisions\/98415"}],"wp:featuredmedia":[{"embeddable":true,"href":"https:\/\/www.shqiperia.com\/blog\/wp-json\/wp\/v2\/media\/98414"}],"wp:attachment":[{"href":"https:\/\/www.shqiperia.com\/blog\/wp-json\/wp\/v2\/media?parent=98413"}],"wp:term":[{"taxonomy":"category","embeddable":true,"href":"https:\/\/www.shqiperia.com\/blog\/wp-json\/wp\/v2\/categories?post=98413"},{"taxonomy":"post_tag","embeddable":true,"href":"https:\/\/www.shqiperia.com\/blog\/wp-json\/wp\/v2\/tags?post=98413"}],"curies":[{"name":"wp","href":"https:\/\/api.w.org\/{rel}","templated":true}]}}