{"id":98407,"date":"2026-03-14T06:38:41","date_gmt":"2026-03-14T06:38:41","guid":{"rendered":"https:\/\/www.shqiperia.com\/blog\/?p=98407"},"modified":"2026-03-14T06:39:17","modified_gmt":"2026-03-14T06:39:17","slug":"nuk-ka-punuar-asnjehere-fillon-pune-si-ambasadore-pa-asnje-specializim-dhe-pervoje","status":"publish","type":"post","link":"https:\/\/www.shqiperia.com\/blog\/nuk-ka-punuar-asnjehere-fillon-pune-si-ambasadore-pa-asnje-specializim-dhe-pervoje\/","title":{"rendered":"Nuk ka punuar asnjehere, fillon pune si ambasadore pa asnje specializim dhe pervoje."},"content":{"rendered":"<div id=\"attachment_98409\" style=\"width: 748px\" class=\"wp-caption alignnone\"><img data-recalc-dims=\"1\" loading=\"lazy\" decoding=\"async\" aria-describedby=\"caption-attachment-98409\" data-attachment-id=\"98409\" data-permalink=\"https:\/\/www.shqiperia.com\/blog\/nuk-ka-punuar-asnjehere-fillon-pune-si-ambasadore-pa-asnje-specializim-dhe-pervoje\/jeta-kreka\/\" data-orig-file=\"https:\/\/i0.wp.com\/www.shqiperia.com\/blog\/wp-content\/uploads\/2026\/03\/Jeta-Kreka.jpg?fit=539%2C305&amp;ssl=1\" data-orig-size=\"539,305\" data-comments-opened=\"1\" data-image-meta=\"{&quot;aperture&quot;:&quot;0&quot;,&quot;credit&quot;:&quot;&quot;,&quot;camera&quot;:&quot;&quot;,&quot;caption&quot;:&quot;&quot;,&quot;created_timestamp&quot;:&quot;0&quot;,&quot;copyright&quot;:&quot;&quot;,&quot;focal_length&quot;:&quot;0&quot;,&quot;iso&quot;:&quot;0&quot;,&quot;shutter_speed&quot;:&quot;0&quot;,&quot;title&quot;:&quot;&quot;,&quot;orientation&quot;:&quot;0&quot;}\" data-image-title=\"Jeta Kreka\" data-image-description=\"\" data-image-caption=\"&lt;p&gt;Jeta Kreka&lt;\/p&gt;\n\" data-medium-file=\"https:\/\/i0.wp.com\/www.shqiperia.com\/blog\/wp-content\/uploads\/2026\/03\/Jeta-Kreka.jpg?fit=300%2C170&amp;ssl=1\" data-large-file=\"https:\/\/i0.wp.com\/www.shqiperia.com\/blog\/wp-content\/uploads\/2026\/03\/Jeta-Kreka.jpg?fit=539%2C305&amp;ssl=1\" class=\" wp-image-98409\" alt=\"\" src=\"https:\/\/i0.wp.com\/www.shqiperia.com\/blog\/wp-content\/uploads\/2026\/03\/Jeta-Kreka.jpg?resize=738%2C418&#038;ssl=1\" width=\"738\" height=\"418\" srcset=\"https:\/\/i0.wp.com\/www.shqiperia.com\/blog\/wp-content\/uploads\/2026\/03\/Jeta-Kreka.jpg?resize=300%2C170&amp;ssl=1 300w, https:\/\/i0.wp.com\/www.shqiperia.com\/blog\/wp-content\/uploads\/2026\/03\/Jeta-Kreka.jpg?resize=450%2C255&amp;ssl=1 450w, https:\/\/i0.wp.com\/www.shqiperia.com\/blog\/wp-content\/uploads\/2026\/03\/Jeta-Kreka.jpg?resize=400%2C226&amp;ssl=1 400w, https:\/\/i0.wp.com\/www.shqiperia.com\/blog\/wp-content\/uploads\/2026\/03\/Jeta-Kreka.jpg?w=539&amp;ssl=1 539w\" sizes=\"auto, (max-width: 738px) 100vw, 738px\" \/><p id=\"caption-attachment-98409\" class=\"wp-caption-text\">Jeta Kreka<\/p><\/div>\n<p>14 Mars 2026<\/p>\n<p><a class=\"x1i10hfl xjbqb8w x1ejq31n x18oe1m7 x1sy0etr xstzfhl x972fbf x10w94by x1qhh985 x14e42zd x9f619 x1ypdohk xt0psk2 x3ct3a4 xdj266r x14z9mp xat24cr x1lziwak xexx8yu xyri2b x18d9i69 x1c1uobl x16tdsg8 x1hl2dhg xggy1nq x1a2a7pz xkrqix3 x1sur9pj xzsf02u x1s688f\" href=\"https:\/\/www.facebook.com\/mentor.kikia?__cft__[0]=AZYwhH_RARiPAQ9MBwrpNb7IVqlPlUtQH7u6eQMJ9ISVslfBbMOvyspG558yYT4-_AgVoVsuoLOdCPkaIwal21FBWIqVl_D2wwcgETsN0JQkdp_v0Qswtk9y8CiToQHJvcEFqFcNjJFwcViPXWS1teSHJ5OWH1QqR6B9iO4yb_8PZTfuV5J_--FieFxHLj2x1ACmoGzWrfM7pFYV_OuCDJ3o&amp;__tn__=-UC%2CP-R\"><b class=\"html-b xdj266r x14z9mp xat24cr x1lziwak xexx8yu xyri2b x18d9i69 x1c1uobl x1hl2dhg x16tdsg8 x1vvkbs x1s688f\"><span class=\"html-span xdj266r x14z9mp xat24cr x1lziwak xexx8yu xyri2b x18d9i69 x1c1uobl x1hl2dhg x16tdsg8 x1vvkbs\">NgaMentor Kikia<\/span><\/b><\/a><\/p>\n<div class=\"x14z9mp xat24cr x1lziwak x1vvkbs xtlvy1s x126k92a\">\n<div>Presidenti i Republik\u00ebs ka dekretuar emrin e nj\u00eb vajze vet\u00ebm 26 vje\u00e7 si ambasadore n\u00eb Katar, Jeta Kreken.<\/div>\n<div>Avantazhet q\u00eb ajo paraqiti n\u00eb Komisionin Parlamentar p\u00ebr Politik\u00ebn e Jashtme ishin se ajo jeton n\u00eb Katar, ku ka q\u00ebndruar pasi mbaroi shkoll\u00ebn dhe se di \u201ckatarisht\u201d.<\/div>\n<div>Nuk ka patur asnj\u00eb marr\u00ebdh\u00ebnie tjet\u00ebr pune me shtetin dhe puna e par\u00eb q\u00eb b\u00ebn n\u00eb sh\u00ebrbimin diplomatik dhe shtetin shqiptar \u00ebsht\u00eb ambasador.<\/div>\n<\/div>\n<div class=\"x14z9mp xat24cr x1lziwak x1vvkbs xtlvy1s x126k92a\">\n<div>Katari \u00ebsht\u00eb nj\u00eb vend \u201cmodest\u201d, n\u00eb raport me vendet e tjera p\u00ebrsa i takon interesave diplomatike shqiptare, dhe do t\u00eb mjaftonte edhe nj\u00eb \u201cdyqan diplomatik\u201d. Por \u00e7\u00ebshtja \u00ebsht\u00eb se kjo vajza, tashm\u00eb quhet diplomate, dhe nes\u00ebr mund t\u00eb trasferohet nga ambasada shqiptare n\u00eb Katar n\u00eb ambasad\u00ebn shqiptare n\u00eb Rom\u00eb, Berlin apo Lond\u00ebr.<\/div>\n<\/div>\n<div class=\"x14z9mp xat24cr x1lziwak x1vvkbs xtlvy1s x126k92a\">\n<div>E imagjinomi dot?<\/div>\n<div>Sh\u00ebrbimi diplomatik nuk \u00ebsht\u00eb sh\u00ebrbim social.<\/div>\n<\/div>\n<div class=\"x14z9mp xat24cr x1lziwak x1vvkbs xtlvy1s x126k92a\">\n<div>Dhe t\u00eb mendosh q\u00eb kur shteti yn\u00eb ishte vet\u00ebm 10-15 vje\u00e7 n\u00eb sh\u00ebrbimin diplomatik kan\u00eb sh\u00ebrbyer burra shteti si Rauf Fico e Faik Konica. Por edhe m\u00eb pas, Shqip\u00ebrin\u00eb e kan\u00eb p\u00ebrfaq\u00ebsuar diplomat\u00eb si Qazim Tepshi e Maxhun Peka, apo Kastriot Robo e Dashnor Dervishi.<\/div>\n<div>Nuk kam gj\u00eb me vajzen, ajo mund t\u00eb jet\u00eb shume e zonja, por nuk shkohet nga ceremonia e diplomimit direkt ambasadore. Duhen kaluar ca hallka ne administrate dhe duhet akumuluar nje pervoje pune e jete, per te mbajtur keto lloj peshash.<\/div>\n<\/div>\n<div class=\"x14z9mp xat24cr x1lziwak x1vvkbs xtlvy1s x126k92a\">\n<div>Foto: Ambasadori Rauf Fico, duke shkuar t\u00eb paraqes\u00eb letrat kredenciale tek kancelari gjerman Adolf Hitler. Faik Konica, kur p\u00ebrfaq\u00ebsonte Shqip\u00ebrin\u00eb n\u00eb Uashington. Jeta Kreka, e sapo dekretuar ambasadore ne Katar.<\/div>\n<div>V.O. Titullieshte nga ne.<\/div>\n<\/div>\n","protected":false},"excerpt":{"rendered":"<p>14 Mars 2026 NgaMentor Kikia Presidenti i Republik\u00ebs ka dekretuar emrin e nj\u00eb vajze vet\u00ebm 26 vje\u00e7 si ambasadore n\u00eb Katar, Jeta Kreken. Avantazhet q\u00eb ajo paraqiti n\u00eb Komisionin Parlamentar p\u00ebr Politik\u00ebn e Jashtme ishin se ajo jeton n\u00eb Katar, ku ka q\u00ebndruar pasi mbaroi shkoll\u00ebn dhe se di \u201ckatarisht\u201d. Nuk ka patur asnj\u00eb marr\u00ebdh\u00ebnie [&hellip;]<\/p>\n","protected":false},"author":9,"featured_media":98409,"comment_status":"open","ping_status":"open","sticky":false,"template":"","format":"standard","meta":{"jetpack_post_was_ever_published":false,"_jetpack_newsletter_access":"","_jetpack_dont_email_post_to_subs":false,"_jetpack_newsletter_tier_id":0,"_jetpack_memberships_contains_paywalled_content":false,"_jetpack_memberships_contains_paid_content":false,"footnotes":"","jetpack_publicize_message":"","jetpack_publicize_feature_enabled":true,"jetpack_social_post_already_shared":true,"jetpack_social_options":{"image_generator_settings":{"template":"highway","default_image_id":0,"font":"","enabled":false},"version":2}},"categories":[27,10,14,35],"tags":[],"class_list":["post-98407","post","type-post","status-publish","format-standard","has-post-thumbnail","hentry","category-blogu-i-udhetarit","category-kultura","category-press-releases","category-shoqerore"],"jetpack_publicize_connections":[],"jetpack_featured_media_url":"https:\/\/i0.wp.com\/www.shqiperia.com\/blog\/wp-content\/uploads\/2026\/03\/Jeta-Kreka.jpg?fit=539%2C305&ssl=1","jetpack_sharing_enabled":true,"jetpack_shortlink":"https:\/\/wp.me\/p5Z6wp-pBd","jetpack-related-posts":[],"_links":{"self":[{"href":"https:\/\/www.shqiperia.com\/blog\/wp-json\/wp\/v2\/posts\/98407","targetHints":{"allow":["GET"]}}],"collection":[{"href":"https:\/\/www.shqiperia.com\/blog\/wp-json\/wp\/v2\/posts"}],"about":[{"href":"https:\/\/www.shqiperia.com\/blog\/wp-json\/wp\/v2\/types\/post"}],"author":[{"embeddable":true,"href":"https:\/\/www.shqiperia.com\/blog\/wp-json\/wp\/v2\/users\/9"}],"replies":[{"embeddable":true,"href":"https:\/\/www.shqiperia.com\/blog\/wp-json\/wp\/v2\/comments?post=98407"}],"version-history":[{"count":3,"href":"https:\/\/www.shqiperia.com\/blog\/wp-json\/wp\/v2\/posts\/98407\/revisions"}],"predecessor-version":[{"id":98411,"href":"https:\/\/www.shqiperia.com\/blog\/wp-json\/wp\/v2\/posts\/98407\/revisions\/98411"}],"wp:featuredmedia":[{"embeddable":true,"href":"https:\/\/www.shqiperia.com\/blog\/wp-json\/wp\/v2\/media\/98409"}],"wp:attachment":[{"href":"https:\/\/www.shqiperia.com\/blog\/wp-json\/wp\/v2\/media?parent=98407"}],"wp:term":[{"taxonomy":"category","embeddable":true,"href":"https:\/\/www.shqiperia.com\/blog\/wp-json\/wp\/v2\/categories?post=98407"},{"taxonomy":"post_tag","embeddable":true,"href":"https:\/\/www.shqiperia.com\/blog\/wp-json\/wp\/v2\/tags?post=98407"}],"curies":[{"name":"wp","href":"https:\/\/api.w.org\/{rel}","templated":true}]}}