{"id":98404,"date":"2026-03-14T06:10:04","date_gmt":"2026-03-14T06:10:04","guid":{"rendered":"https:\/\/www.shqiperia.com\/blog\/?p=98404"},"modified":"2026-03-14T06:10:04","modified_gmt":"2026-03-14T06:10:04","slug":"si-i-zuri-prite-rama-gazetares-ambrozia-meta-ne-korridoret-e-kryeministrise-cndodhi-pasi-u-fiken-kamerat","status":"publish","type":"post","link":"https:\/\/www.shqiperia.com\/blog\/si-i-zuri-prite-rama-gazetares-ambrozia-meta-ne-korridoret-e-kryeministrise-cndodhi-pasi-u-fiken-kamerat\/","title":{"rendered":"Si i zuri prit\u00eb Rama gazetares Ambrozia Meta n\u00eb korridoret e Kryeministris\u00eb, \u00e7\u2019ndodhi pasi u fik\u00ebn kamerat"},"content":{"rendered":"<p><img data-recalc-dims=\"1\" loading=\"lazy\" decoding=\"async\" data-attachment-id=\"98405\" data-permalink=\"https:\/\/www.shqiperia.com\/blog\/si-i-zuri-prite-rama-gazetares-ambrozia-meta-ne-korridoret-e-kryeministrise-cndodhi-pasi-u-fiken-kamerat\/capture-242\/\" data-orig-file=\"https:\/\/i0.wp.com\/www.shqiperia.com\/blog\/wp-content\/uploads\/2026\/03\/Capture-242.jpg?fit=378%2C261&amp;ssl=1\" data-orig-size=\"378,261\" data-comments-opened=\"1\" data-image-meta=\"{&quot;aperture&quot;:&quot;0&quot;,&quot;credit&quot;:&quot;Redaksia 09&quot;,&quot;camera&quot;:&quot;&quot;,&quot;caption&quot;:&quot;&quot;,&quot;created_timestamp&quot;:&quot;1773376994&quot;,&quot;copyright&quot;:&quot;&quot;,&quot;focal_length&quot;:&quot;0&quot;,&quot;iso&quot;:&quot;0&quot;,&quot;shutter_speed&quot;:&quot;0&quot;,&quot;title&quot;:&quot;&quot;,&quot;orientation&quot;:&quot;0&quot;}\" data-image-title=\"Capture-242\" data-image-description=\"\" data-image-caption=\"\" data-medium-file=\"https:\/\/i0.wp.com\/www.shqiperia.com\/blog\/wp-content\/uploads\/2026\/03\/Capture-242.jpg?fit=300%2C207&amp;ssl=1\" data-large-file=\"https:\/\/i0.wp.com\/www.shqiperia.com\/blog\/wp-content\/uploads\/2026\/03\/Capture-242.jpg?fit=378%2C261&amp;ssl=1\" class=\"alignnone  wp-image-98405\" alt=\"\" src=\"https:\/\/i0.wp.com\/www.shqiperia.com\/blog\/wp-content\/uploads\/2026\/03\/Capture-242.jpg?resize=710%2C490&#038;ssl=1\" width=\"710\" height=\"490\" srcset=\"https:\/\/i0.wp.com\/www.shqiperia.com\/blog\/wp-content\/uploads\/2026\/03\/Capture-242.jpg?resize=300%2C207&amp;ssl=1 300w, https:\/\/i0.wp.com\/www.shqiperia.com\/blog\/wp-content\/uploads\/2026\/03\/Capture-242.jpg?w=378&amp;ssl=1 378w\" sizes=\"auto, (max-width: 710px) 100vw, 710px\" \/><\/p>\n<p>14 Mars 2026<\/p>\n<p>Tanim\u00eb \u00ebsht\u00eb b\u00ebr\u00eb di\u00e7ka e zakont\u00eb p\u00ebr Kryeministrin Edi Rama q\u00eb p\u00ebrball\u00eb skandaleve qeveritare, t\u00eb gjith\u00eb mllefin dhe \u2018shuplakat\u2019 e marra nga nd\u00ebrkomb\u00ebtar\u00ebt t\u2019i shfryj\u00eb te gazetar\u00ebt, t\u00eb cil\u00ebt gjenden p\u00ebrball\u00eb tij n\u00eb konferenca shtypi p\u00ebr llogaridh\u00ebnie.<\/p>\n<p>Ambrozia Meta dhe kolegut t\u00eb saj Isa Myzyraj, t\u00eb cil\u00ebt u p\u00ebrjashtuan nga konferencat e Ram\u00ebs \u2018P\u00ebrgjithmon\u00eb\u2019, vet\u00ebm se k\u00ebkrojn\u00eb nga kreu i qeveris\u00eb t\u00eb b\u00ebj\u00eb transpraenc\u00eb me parat\u00eb e popullit shqiptar.<\/p>\n<p>N\u00eb intervist\u00ebn e dh\u00ebn\u00eb p\u00ebr Syri Tv, pas p\u00ebrplasjes verbale me Kryeministrin, gazetarja e Syri Tv, Ambrozia Meta ka treguar m\u00eb shum\u00eb detaje rreth asaj se \u00e7far\u00eb ndodhi n\u00eb godin\u00ebn e qeveris\u00eb, pasi Rama nd\u00ebrpreu p\u00ebr disa minuta konferenc\u00ebn.<\/p>\n<p>Gazetarja Meta ka treguar t\u00eb tjera detaje, pas fikjes s\u00eb kamerave gjat\u00eb konferenc\u00ebs dhe se si Rama i zuri \u2018prit\u00eb\u2019 n\u00eb korridor p\u00ebr ta shpallur \u2018non grata\u2019 n\u00eb aktivitetet politike t\u00eb tij.<\/p>\n<p>\u201cN\u00eb momentin q\u00eb ka nd\u00ebrprer\u00eb konferenc\u00ebn, ka dal\u00eb dhe m\u00eb ka th\u00ebn\u00eb q\u00eb duhet t\u00eb dal\u00ebsh jasht\u00eb nga konferenca. N\u00eb momentin q\u00eb un\u00eb kam shkuar p\u00ebr t\u00eb dal\u00eb jasht\u00eb, p\u00ebr t\u00eb mos e agravuar m\u00eb shum\u00eb situat\u00ebn, ka qen\u00eb nj\u00eb punonj\u00ebs i gard\u00ebs q\u00eb nuk donte t\u00eb m\u00eb lejonte t\u00eb dilja, sepse n\u00eb ato momente Rama ishte duke kaluar n\u00eb korridor. Dhe un\u00eb i kam k\u00ebrkuar ta hap der\u00ebn sepse p\u00ebr sa koh\u00eb q\u00eb m\u00eb k\u00ebrkoi daljen nga konferenca, un\u00eb doja t\u00eb largohesha. Dhe n\u00eb k\u00ebto momente ne jemi p\u00ebrball\u00eb s\u00ebrish n\u00eb korridor, ku kryeministri m\u00eb ka th\u00ebn\u00eb q\u00eb je e p\u00ebrjashtuar p\u00ebrgjithmon\u00eb nga konferencat. Pra m\u00eb ka nxjerr\u00eb jasht\u00eb. Pra kam marr\u00eb karton t\u00eb kuq n\u00eb kryeministri, nuk mund t\u00eb hyj m\u00eb n\u00eb konferencat e tij. Nuk \u00ebsht\u00eb hera e par\u00eb n\u00eb fakt q\u00eb kryeministri b\u00ebn k\u00ebt\u00eb gj\u00eb\u2026.\u201d tregoi Meta.<\/p>\n<p>Por dy koleg\u00ebve t\u00eb saj, duke par\u00eb situat\u00ebn e acaruar dhe kur kan\u00eb kuptuar se Rama po e priste n\u00eb korridor jan\u00eb ngritur ta shoq\u00ebrojn\u00eb jasht\u00eb, me frik\u00ebn se situata mund t\u00eb degradonte m\u00eb tej.<\/p>\n<p>\u201cEdhe situata q\u00eb u krijua ishte shum\u00eb e acaruar sidomos momentin kur u mbyll\u00ebn kamerat, sepse n\u00eb momentin kur kemi qen\u00eb n\u00eb korridor, b\u00ebrtiste me t\u00eb madhe q\u00eb \u201cJe e p\u00ebrjashtuar\u201d, \u201cNuk do t\u00eb vish me n\u00eb konferenc\u00eb\u201d. Kam p\u00ebrshtypjen \u00ebsht\u00eb i gjith\u00eb tensioni i akumuluar nga \u00e7\u00ebshtja \u201cBalluku\u201d ,q\u00eb e ka v\u00ebn\u00eb n\u00eb nj\u00eb kurs p\u00ebrplasje t\u00eb drejtp\u00ebrdrejt\u00eb me ambasadat\u201d ka treguar Ambrozia Meta.<\/p>\n","protected":false},"excerpt":{"rendered":"<p>14 Mars 2026 Tanim\u00eb \u00ebsht\u00eb b\u00ebr\u00eb di\u00e7ka e zakont\u00eb p\u00ebr Kryeministrin Edi Rama q\u00eb p\u00ebrball\u00eb skandaleve qeveritare, t\u00eb gjith\u00eb mllefin dhe \u2018shuplakat\u2019 e marra nga nd\u00ebrkomb\u00ebtar\u00ebt t\u2019i shfryj\u00eb te gazetar\u00ebt, t\u00eb cil\u00ebt gjenden p\u00ebrball\u00eb tij n\u00eb konferenca shtypi p\u00ebr llogaridh\u00ebnie. Ambrozia Meta dhe kolegut t\u00eb saj Isa Myzyraj, t\u00eb cil\u00ebt u p\u00ebrjashtuan nga konferencat e [&hellip;]<\/p>\n","protected":false},"author":9,"featured_media":98405,"comment_status":"open","ping_status":"open","sticky":false,"template":"","format":"standard","meta":{"jetpack_post_was_ever_published":false,"_jetpack_newsletter_access":"","_jetpack_dont_email_post_to_subs":false,"_jetpack_newsletter_tier_id":0,"_jetpack_memberships_contains_paywalled_content":false,"_jetpack_memberships_contains_paid_content":false,"footnotes":"","jetpack_publicize_message":"","jetpack_publicize_feature_enabled":true,"jetpack_social_post_already_shared":true,"jetpack_social_options":{"image_generator_settings":{"template":"highway","default_image_id":0,"font":"","enabled":false},"version":2}},"categories":[10,1,2,35],"tags":[],"class_list":["post-98404","post","type-post","status-publish","format-standard","has-post-thumbnail","hentry","category-kultura","category-njoftime-shtypi","category-politika","category-shoqerore"],"jetpack_publicize_connections":[],"jetpack_featured_media_url":"https:\/\/i0.wp.com\/www.shqiperia.com\/blog\/wp-content\/uploads\/2026\/03\/Capture-242.jpg?fit=378%2C261&ssl=1","jetpack_sharing_enabled":true,"jetpack_shortlink":"https:\/\/wp.me\/p5Z6wp-pBa","jetpack-related-posts":[{"id":15622,"url":"https:\/\/www.shqiperia.com\/blog\/gazetarja-ambrozia-meta-pioniere-e-protestave-te-studenteve\/","url_meta":{"origin":98404,"position":0},"title":"Gazetarja Ambrozia Meta, Pioniere e Protestave te Studenteve.-","author":"Kurt Farka","date":"January 7, 2019","format":false,"excerpt":"Gazetarja Ambrozia Meta, Pioniere e Protestave te Studenteve.- Gazetarja e re, Ambrozia Meta e ftuar n\u00eb emisionin \u201c360 grad\u00eb\u201d me dt\u00a022\/05\/2018, n\u00eb Ora News ka rr\u00ebfyer \u00e7far\u00eb ndodhi n\u00eb konferenc\u00ebn e nd\u00ebrprer\u00eb t\u00eb kryeministrit Edi Rama pak dit\u00eb m\u00eb par\u00eb. Ajo tha se e pyeti Ram\u00ebn se si ka mund\u00ebsi\u2026","rel":"","context":"In &quot;Blogu i Udh\u00ebtarit&quot;","block_context":{"text":"Blogu i Udh\u00ebtarit","link":"https:\/\/www.shqiperia.com\/blog\/category\/blogu-i-udhetarit\/"},"img":{"alt_text":"","src":"https:\/\/i0.wp.com\/www.shqiperia.com\/blog\/wp-content\/uploads\/2019\/01\/32849468_2172742272949064_6268907168292929536_n.jpg?fit=457%2C268&ssl=1&resize=350%2C200","width":350,"height":200},"classes":[]},{"id":79373,"url":"https:\/\/www.shqiperia.com\/blog\/mediat-kroate-per-dhunen-edi-rames\/","url_meta":{"origin":98404,"position":1},"title":"Mediat kroate p\u00ebr dhun\u00ebn  Edi Ram\u00ebs","author":"Kurt Farka","date":"March 19, 2024","format":false,"excerpt":"19 Mars 2024 Skandali n\u00eb lidhje me situat\u00ebn e krijuar sot me gazetaren Ambrozia Meta, e cila u p\u00ebrball sot me nj\u00eb c\u00ebnim fizik nga kryeministri Rama n\u00eb nj\u00eb dalje t\u00eb tij p\u00ebr mediat, ku ai refuzoi t\u2019i p\u00ebrgjigjej pyetjeve t\u00eb gazetares se si p\u00ebrfitonte publiku nga planet p\u00ebr t\u00eb\u2026","rel":"","context":"In &quot;Blogu i Udh\u00ebtarit&quot;","block_context":{"text":"Blogu i Udh\u00ebtarit","link":"https:\/\/www.shqiperia.com\/blog\/category\/blogu-i-udhetarit\/"},"img":{"alt_text":"","src":"https:\/\/i0.wp.com\/www.shqiperia.com\/blog\/wp-content\/uploads\/2024\/03\/640-0-65f9b6264d723-1.png?fit=640%2C478&ssl=1&resize=350%2C200","width":350,"height":200,"srcset":"https:\/\/i0.wp.com\/www.shqiperia.com\/blog\/wp-content\/uploads\/2024\/03\/640-0-65f9b6264d723-1.png?fit=640%2C478&ssl=1&resize=350%2C200 1x, https:\/\/i0.wp.com\/www.shqiperia.com\/blog\/wp-content\/uploads\/2024\/03\/640-0-65f9b6264d723-1.png?fit=640%2C478&ssl=1&resize=525%2C300 1.5x"},"classes":[]},{"id":10218,"url":"https:\/\/www.shqiperia.com\/blog\/10218-2\/","url_meta":{"origin":98404,"position":2},"title":"PERULESISHT, FALEMINDERIT AMBROZIA QE NA BERE TE KRENOHEMI. &#8211;","author":"Kurt Farka","date":"July 24, 2018","format":false,"excerpt":"PERULESISHT, FALEMINDERIT AMBROZIA QE NA BERE TE KRENOHEMI. - Ende ka shpres\u00eb p\u00ebr t\u00eb \u00ebnd\u00ebrruar dhe besuar tek liria e fjal\u00ebs. \u2013 Nga Albert Vataj P\u00ebrballja e gazetares Ambrozia Meta me Kryeministrin, Edi Rama i ngjet asaj shkreptime t\u00eb beft\u00eb q\u00eb n\u00eb nj\u00eb \u00e7ast t\u00eb vet\u00ebm shp\u00ebrfaq n\u00eb drit\u00eb gjith\u00e7ka\u2026","rel":"","context":"In &quot;Blogu i Udh\u00ebtarit&quot;","block_context":{"text":"Blogu i Udh\u00ebtarit","link":"https:\/\/www.shqiperia.com\/blog\/category\/blogu-i-udhetarit\/"},"img":{"alt_text":"","src":"https:\/\/i0.wp.com\/www.shqiperia.com\/blog\/wp-content\/uploads\/2018\/07\/Ambrozia-Meta.jpg?fit=520%2C370&ssl=1&resize=350%2C200","width":350,"height":200},"classes":[]},{"id":28983,"url":"https:\/\/www.shqiperia.com\/blog\/flet-prape-ambrozia-meta-qypat-e-kuvendit-hetojne-presidentin-por-nuk-kerkojne-komision-hetimor-per-emergjencat\/","url_meta":{"origin":98404,"position":3},"title":"Flet prape Ambrozia Meta: -\u201cQypat\u201d e Kuvendit hetojn\u00eb Presidentin, por nuk k\u00ebrkojn\u00eb komision hetimor p\u00ebr emergjencat","author":"Kurt Farka","date":"December 6, 2019","format":false,"excerpt":"Flet prape Ambrozia Meta: -\u201cQypat\u201d e Kuvendit hetojn\u00eb Presidentin, por nuk k\u00ebrkojn\u00eb komision hetimor p\u00ebr emergjencat Nga\u00a0Gazeta Telegraf 5 Dhjetor, 2019 Nj\u00eb jav\u00eb pas t\u00ebrmetit tragjik t\u00eb 26 n\u00ebntorit, bufat u mblodh\u00ebn sot p\u00ebr t\u00eb shtyr\u00eb me 4 muaj afatin e Komisionit Hetimor p\u00ebr shkarkimin e Presidentit. Referuar afateve ligjore,\u2026","rel":"","context":"In &quot;Blogu i Udh\u00ebtarit&quot;","block_context":{"text":"Blogu i Udh\u00ebtarit","link":"https:\/\/www.shqiperia.com\/blog\/category\/blogu-i-udhetarit\/"},"img":{"alt_text":"","src":"https:\/\/i0.wp.com\/www.shqiperia.com\/blog\/wp-content\/uploads\/2019\/12\/Ambrozia-Meta.jpg?fit=523%2C337&ssl=1&resize=350%2C200","width":350,"height":200},"classes":[]},{"id":78764,"url":"https:\/\/www.shqiperia.com\/blog\/pse-ishte-alex-soros-ne-samit-gazetarja-vendos-me-shpatulla-pas-murit-ramen-ja-si-i-pergjigjet-kryeministri\/","url_meta":{"origin":98404,"position":4},"title":"Pse ishte Alex Soros n\u00eb samit? Gazetarja vendos \u2018me shpatulla pas murit\u2019 Ram\u00ebn, ja si i p\u00ebrgjigjet kryeministri","author":"Kurt Farka","date":"February 29, 2024","format":false,"excerpt":"29 Shkurt 2024 Kujtojm\u00eb se Soros ishte dje n\u00eb samit si pjes\u00eb e delegacionit shqiptar, kurse n\u00eb samitin e sot\u00ebm ai ishte n\u00eb foton familjare, nj\u00ebsoj si t\u00eb gjith\u00eb zyrtar\u00ebt e lart\u00eb shtet\u00ebror\u00eb t\u00eb rajonit dhe BE-s\u00eb. Pak minuta m\u00eb her\u00ebt u zhvillua konferenca e p\u00ebrbashk\u00ebt p\u00ebr gazetar\u00ebt mes kryeministrit\u2026","rel":"","context":"In &quot;Blogu i Udh\u00ebtarit&quot;","block_context":{"text":"Blogu i Udh\u00ebtarit","link":"https:\/\/www.shqiperia.com\/blog\/category\/blogu-i-udhetarit\/"},"img":{"alt_text":"","src":"https:\/\/i0.wp.com\/www.shqiperia.com\/blog\/wp-content\/uploads\/2024\/02\/800-0-64f5e96609e78.jpg?fit=800%2C461&ssl=1&resize=350%2C200","width":350,"height":200,"srcset":"https:\/\/i0.wp.com\/www.shqiperia.com\/blog\/wp-content\/uploads\/2024\/02\/800-0-64f5e96609e78.jpg?fit=800%2C461&ssl=1&resize=350%2C200 1x, https:\/\/i0.wp.com\/www.shqiperia.com\/blog\/wp-content\/uploads\/2024\/02\/800-0-64f5e96609e78.jpg?fit=800%2C461&ssl=1&resize=525%2C300 1.5x, https:\/\/i0.wp.com\/www.shqiperia.com\/blog\/wp-content\/uploads\/2024\/02\/800-0-64f5e96609e78.jpg?fit=800%2C461&ssl=1&resize=700%2C400 2x"},"classes":[]},{"id":30905,"url":"https:\/\/www.shqiperia.com\/blog\/presidenti-dhe-presioni-nderkombetar-detyrojne-kryeministrin-te-terhiqet-nga-censura\/","url_meta":{"origin":98404,"position":5},"title":"Presidenti dhe presioni nd\u00ebrkomb\u00ebtar detyrojn\u00eb kryeministrin t\u00eb t\u00ebrhiqet nga censura.","author":"Kurt Farka","date":"February 1, 2020","format":false,"excerpt":"Presidenti dhe presioni nd\u00ebrkomb\u00ebtar detyrojn\u00eb kryeministrin t\u00eb t\u00ebrhiqet nga censura 31\/01\/2020\u00a0\u00a0 \u00a0 Partia Socialiste ka b\u00ebr\u00eb nj\u00eb l\u00ebvizje taktike p\u00ebr paket\u00ebn e ligjeve \u201canti-shpifje\u201d q\u00eb pritej t\u00eb votohej dje n\u00eb Parlament. Dy ligjet q\u00eb jan\u00eb cil\u00ebsuar si rikthim i censur\u00ebs n\u00eb Shqip\u00ebri dhe nuk u dekretuan nga Presidenti Ilir Meta,\u2026","rel":"","context":"In &quot;Blogu i Udh\u00ebtarit&quot;","block_context":{"text":"Blogu i Udh\u00ebtarit","link":"https:\/\/www.shqiperia.com\/blog\/category\/blogu-i-udhetarit\/"},"img":{"alt_text":"","src":"https:\/\/i0.wp.com\/www.shqiperia.com\/blog\/wp-content\/uploads\/2020\/02\/censure-media.jpg?fit=550%2C340&ssl=1&resize=350%2C200","width":350,"height":200,"srcset":"https:\/\/i0.wp.com\/www.shqiperia.com\/blog\/wp-content\/uploads\/2020\/02\/censure-media.jpg?fit=550%2C340&ssl=1&resize=350%2C200 1x, https:\/\/i0.wp.com\/www.shqiperia.com\/blog\/wp-content\/uploads\/2020\/02\/censure-media.jpg?fit=550%2C340&ssl=1&resize=525%2C300 1.5x"},"classes":[]}],"_links":{"self":[{"href":"https:\/\/www.shqiperia.com\/blog\/wp-json\/wp\/v2\/posts\/98404","targetHints":{"allow":["GET"]}}],"collection":[{"href":"https:\/\/www.shqiperia.com\/blog\/wp-json\/wp\/v2\/posts"}],"about":[{"href":"https:\/\/www.shqiperia.com\/blog\/wp-json\/wp\/v2\/types\/post"}],"author":[{"embeddable":true,"href":"https:\/\/www.shqiperia.com\/blog\/wp-json\/wp\/v2\/users\/9"}],"replies":[{"embeddable":true,"href":"https:\/\/www.shqiperia.com\/blog\/wp-json\/wp\/v2\/comments?post=98404"}],"version-history":[{"count":1,"href":"https:\/\/www.shqiperia.com\/blog\/wp-json\/wp\/v2\/posts\/98404\/revisions"}],"predecessor-version":[{"id":98406,"href":"https:\/\/www.shqiperia.com\/blog\/wp-json\/wp\/v2\/posts\/98404\/revisions\/98406"}],"wp:featuredmedia":[{"embeddable":true,"href":"https:\/\/www.shqiperia.com\/blog\/wp-json\/wp\/v2\/media\/98405"}],"wp:attachment":[{"href":"https:\/\/www.shqiperia.com\/blog\/wp-json\/wp\/v2\/media?parent=98404"}],"wp:term":[{"taxonomy":"category","embeddable":true,"href":"https:\/\/www.shqiperia.com\/blog\/wp-json\/wp\/v2\/categories?post=98404"},{"taxonomy":"post_tag","embeddable":true,"href":"https:\/\/www.shqiperia.com\/blog\/wp-json\/wp\/v2\/tags?post=98404"}],"curies":[{"name":"wp","href":"https:\/\/api.w.org\/{rel}","templated":true}]}}