{"id":98401,"date":"2026-03-14T06:06:52","date_gmt":"2026-03-14T06:06:52","guid":{"rendered":"https:\/\/www.shqiperia.com\/blog\/?p=98401"},"modified":"2026-03-14T06:06:52","modified_gmt":"2026-03-14T06:06:52","slug":"copjat-pasuri-8-mld-euro-pothuajse-sa-buxheti-i-shtetit-deputeti-i-pd-prezanton-projektligjin-e-administrimit-te-pasurive-te-konfiskuara-apartamentet-e-krimit-per-familjet-e-poli","status":"publish","type":"post","link":"https:\/\/www.shqiperia.com\/blog\/copjat-pasuri-8-mld-euro-pothuajse-sa-buxheti-i-shtetit-deputeti-i-pd-prezanton-projektligjin-e-administrimit-te-pasurive-te-konfiskuara-apartamentet-e-krimit-per-familjet-e-poli\/","title":{"rendered":"\u201c\u00c7opjat pasuri 8 mld euro, pothuajse sa buxheti i shtetit!\u201d- Deputeti i PD prezanton projektligjin e administrimit t\u00eb pasurive t\u00eb konfiskuara: Apartamentet e krimit p\u00ebr familjet e polic\u00ebve t\u00eb vrar\u00eb dhe\u2026"},"content":{"rendered":"<p><img data-recalc-dims=\"1\" loading=\"lazy\" decoding=\"async\" data-attachment-id=\"98402\" data-permalink=\"https:\/\/www.shqiperia.com\/blog\/copjat-pasuri-8-mld-euro-pothuajse-sa-buxheti-i-shtetit-deputeti-i-pd-prezanton-projektligjin-e-administrimit-te-pasurive-te-konfiskuara-apartamentet-e-krimit-per-familjet-e-poli\/1000-0-buxheti\/\" data-orig-file=\"https:\/\/i0.wp.com\/www.shqiperia.com\/blog\/wp-content\/uploads\/2026\/03\/1000-0-buxheti.jpg?fit=1000%2C531&amp;ssl=1\" data-orig-size=\"1000,531\" data-comments-opened=\"1\" data-image-meta=\"{&quot;aperture&quot;:&quot;0&quot;,&quot;credit&quot;:&quot;&quot;,&quot;camera&quot;:&quot;&quot;,&quot;caption&quot;:&quot;&quot;,&quot;created_timestamp&quot;:&quot;0&quot;,&quot;copyright&quot;:&quot;&quot;,&quot;focal_length&quot;:&quot;0&quot;,&quot;iso&quot;:&quot;0&quot;,&quot;shutter_speed&quot;:&quot;0&quot;,&quot;title&quot;:&quot;&quot;,&quot;orientation&quot;:&quot;0&quot;}\" data-image-title=\"1000-0-buxheti\" data-image-description=\"\" data-image-caption=\"\" data-medium-file=\"https:\/\/i0.wp.com\/www.shqiperia.com\/blog\/wp-content\/uploads\/2026\/03\/1000-0-buxheti.jpg?fit=300%2C159&amp;ssl=1\" data-large-file=\"https:\/\/i0.wp.com\/www.shqiperia.com\/blog\/wp-content\/uploads\/2026\/03\/1000-0-buxheti.jpg?fit=1000%2C531&amp;ssl=1\" class=\"alignnone  wp-image-98402\" alt=\"\" src=\"https:\/\/i0.wp.com\/www.shqiperia.com\/blog\/wp-content\/uploads\/2026\/03\/1000-0-buxheti.jpg?resize=651%2C345&#038;ssl=1\" width=\"651\" height=\"345\" srcset=\"https:\/\/i0.wp.com\/www.shqiperia.com\/blog\/wp-content\/uploads\/2026\/03\/1000-0-buxheti.jpg?resize=300%2C159&amp;ssl=1 300w, https:\/\/i0.wp.com\/www.shqiperia.com\/blog\/wp-content\/uploads\/2026\/03\/1000-0-buxheti.jpg?resize=768%2C408&amp;ssl=1 768w, https:\/\/i0.wp.com\/www.shqiperia.com\/blog\/wp-content\/uploads\/2026\/03\/1000-0-buxheti.jpg?resize=450%2C239&amp;ssl=1 450w, https:\/\/i0.wp.com\/www.shqiperia.com\/blog\/wp-content\/uploads\/2026\/03\/1000-0-buxheti.jpg?resize=600%2C319&amp;ssl=1 600w, https:\/\/i0.wp.com\/www.shqiperia.com\/blog\/wp-content\/uploads\/2026\/03\/1000-0-buxheti.jpg?resize=400%2C212&amp;ssl=1 400w, https:\/\/i0.wp.com\/www.shqiperia.com\/blog\/wp-content\/uploads\/2026\/03\/1000-0-buxheti.jpg?w=1000&amp;ssl=1 1000w\" sizes=\"auto, (max-width: 651px) 100vw, 651px\" \/><\/p>\n<p><strong>14 Mars 2026<\/strong><\/p>\n<p><strong>Deputeti i Partis\u00eb Demokratike, Klevis Balliu, foli p\u00ebr projektligjin e ri q\u00eb synon administrimin dhe p\u00ebrdorimin e pasurive t\u00eb sekuestruara dhe konfiskuara nga aktivitetet kriminale, p\u00ebr q\u00ebllime sociale.<\/strong><\/p>\n<p>N\u00eb emisionin \u201cKjo jav\u00eb\u201d n\u00eb \u201cNews 24\u201d mbr\u00ebmjen e sotme, n\u00eb cil\u00ebsin\u00eb e propozuesit dhe n\u00ebnkryetarit t\u00eb Komisionit p\u00ebr Rendin dhe Sigurin\u00eb, ai dha detaje rreth shp\u00ebrndarjes s\u00eb pasurive t\u00eb konfiskuara t\u00eb krimit p\u00ebr familjet n\u00eb nevoj\u00eb, p\u00ebr familjet e polic\u00ebve t\u00eb vrar\u00eb n\u00eb krye t\u00eb detyr\u00ebs, p\u00ebr \u00e7iftet e reja dhe investimet.<\/p>\n<p>Sipas tij, nisma parashikon q\u00eb k\u00ebto pasuri t\u00eb p\u00ebrdoren edhe p\u00ebr t\u00eb mb\u00ebshtetur familjet e qytetar\u00ebve q\u00eb kan\u00eb humbur jet\u00ebn nga p\u00ebrplasjet mes bandave kriminale, si dhe \u00e7iftet e reja q\u00eb p\u00ebrballen me v\u00ebshtir\u00ebsi p\u00ebr t\u00eb siguruar strehim n\u00eb Shqip\u00ebri.<\/p>\n<p>Balliu theksoi se n\u00eb shum\u00eb raporte nd\u00ebrkomb\u00ebtare \u201cShqip\u00ebria konsiderohet nj\u00eb vend ky\u00e7 p\u00ebr pastrimin e parave\u201d, duke pretenduar se nj\u00eb pjes\u00eb e madhe e tyre investohen n\u00eb sektorin e nd\u00ebrtimit p\u00ebrmes blerjes s\u00eb apartamenteve.<\/p>\n<p><em>\u201cN\u00eb t\u00eb gjitha raportet nd\u00ebrkomb\u00ebtare, Shqip\u00ebria \u00ebsht\u00eb vend ky\u00e7 p\u00ebr pastrimin e parave. Kartelet shqiptare jan\u00eb t\u00eb vetmet q\u00eb pastrojn\u00eb parat\u00eb n\u00eb vendin am\u00eb. 90 p\u00ebr qind e tyre pastrohen n\u00eb fush\u00ebn e nd\u00ebrtimit me blerjen e apartamenteve, Vet\u00ebm karteli i \u00c7opjave u evidentua q\u00eb kishte 8 mld euro, kur 9 mld \u00ebsht\u00eb buxheti i Shqip\u00ebris\u00eb. Un\u00eb e kam propozuar si projektligj, por ka pasur debat nga mazhoranca kur pan\u00eb emrin tim dhe u thash\u00eb se jam gati t\u00eb hiqet emri im vet\u00ebm t\u00eb kaloj\u00eb ky projektligj n\u00ebse ishte ky problemi\u201d, u shpreh Balliu.<\/em><\/p>\n<p>Dhe m\u00eb tej shtoi se mazhoranca nuk e pranoi vet\u00ebm pse ishte propozim i tij.<\/p>\n<p><em>\u201cQ\u00ebllim \u00ebsht\u00eb votimi i k\u00ebtij projektligji dhe jam gati ta hap edhe debatin, t\u00eb b\u00ebhen edhe ligje m\u00eb t\u00eb forta. Por nuk e shohin mir\u00eb sepse \u00ebsht\u00eb propozuar nga ne. Ndodhi edhe me projektligjin q\u00eb propozoi m\u00eb par\u00eb zonja Zhupa dhe ata ia hoq\u00ebn emrin dhe vun\u00eb tjet\u00ebr dhe e soll\u00ebn p\u00ebrs\u00ebri. Por e rr\u00ebzuan edhe k\u00ebt\u00eb. N\u00eb Komisionin e Jasht\u00ebm than\u00eb s\u2019je konsultuar me grupet e interesit, nd\u00ebrkoh\u00eb q\u00eb grupet e interesit n\u00eb k\u00ebt\u00eb rast \u00ebsht\u00eb po krimi i organizuar\u201d, tha ai mes t\u00eb tjerash.<\/em><\/p>\n<p>Sipas tij, projektligji synon q\u00eb pasurit\u00eb e krijuara nga krimi t\u00eb rikthehen n\u00eb sh\u00ebrbim t\u00eb shoq\u00ebris\u00eb dhe t\u00eb p\u00ebrdoren p\u00ebr t\u00eb ndihmuar familjet n\u00eb nevoj\u00eb dhe p\u00ebr t\u00eb frenuar largimin e t\u00eb rinjve nga vendi.<\/p>\n<p><em>\u201cNga ana tjet\u00ebr kemi nj\u00eb shoq\u00ebri q\u00eb po vuan shpopullimin sidomos n\u00eb moshat e reja. Projektligji sjell nj\u00eb m\u00ebnyr\u00eb p\u00ebr ndarjen e pasurive t\u00eb sekuestruara n\u00eb baz\u00eb t\u00eb 3 kritereve. Ligji ka q\u00ebllim q\u00eb pasurit\u00eb t\u00eb shkojn\u00eb p\u00ebr familjet e polic\u00ebve t\u00eb r\u00ebn\u00eb n\u00eb detyr\u00eb, t\u00eb atyre qytetar\u00ebve q\u00eb kan\u00eb mbetur t\u00eb vrar\u00eb nga p\u00ebrplasjet mes bandave dhe ka q\u00ebllim t\u00eb mb\u00ebshtes\u00eb \u00e7iftet e reja p\u00ebr t\u2019u dh\u00ebn\u00eb mund\u00ebsin\u00eb t\u00eb rrin\u00eb n\u00eb Shqip\u00ebri me p\u00ebr shembull apartamente q\u00eb vijn\u00eb nga t\u00eb ardhurat e bot\u00ebs s\u00eb krimit. Ka kritere p\u00ebr t\u2019i p\u00ebrfituar ato dhe kjo do parandaloj\u00eb q\u00eb t\u00eb p\u00ebrfitohen nga persona t\u00eb lidhur me politik\u00ebn dhe krimin\u201d, tha Balliu.<\/em><\/p>\n<p>Gazeta Panorama<\/p>\n","protected":false},"excerpt":{"rendered":"<p>14 Mars 2026 Deputeti i Partis\u00eb Demokratike, Klevis Balliu, foli p\u00ebr projektligjin e ri q\u00eb synon administrimin dhe p\u00ebrdorimin e pasurive t\u00eb sekuestruara dhe konfiskuara nga aktivitetet kriminale, p\u00ebr q\u00ebllime sociale. N\u00eb emisionin \u201cKjo jav\u00eb\u201d n\u00eb \u201cNews 24\u201d mbr\u00ebmjen e sotme, n\u00eb cil\u00ebsin\u00eb e propozuesit dhe n\u00ebnkryetarit t\u00eb Komisionit p\u00ebr Rendin dhe Sigurin\u00eb, ai dha [&hellip;]<\/p>\n","protected":false},"author":9,"featured_media":98402,"comment_status":"open","ping_status":"open","sticky":false,"template":"","format":"standard","meta":{"jetpack_post_was_ever_published":false,"_jetpack_newsletter_access":"","_jetpack_dont_email_post_to_subs":false,"_jetpack_newsletter_tier_id":0,"_jetpack_memberships_contains_paywalled_content":false,"_jetpack_memberships_contains_paid_content":false,"footnotes":"","jetpack_publicize_message":"","jetpack_publicize_feature_enabled":true,"jetpack_social_post_already_shared":true,"jetpack_social_options":{"image_generator_settings":{"template":"highway","default_image_id":0,"font":"","enabled":false},"version":2}},"categories":[27,1,2],"tags":[],"class_list":["post-98401","post","type-post","status-publish","format-standard","has-post-thumbnail","hentry","category-blogu-i-udhetarit","category-njoftime-shtypi","category-politika"],"jetpack_publicize_connections":[],"jetpack_featured_media_url":"https:\/\/i0.wp.com\/www.shqiperia.com\/blog\/wp-content\/uploads\/2026\/03\/1000-0-buxheti.jpg?fit=1000%2C531&ssl=1","jetpack_sharing_enabled":true,"jetpack_shortlink":"https:\/\/wp.me\/p5Z6wp-pB7","jetpack-related-posts":[{"id":95514,"url":"https:\/\/www.shqiperia.com\/blog\/kuvendi-miraton-ligjin-per-rivleresimin-e-pasurive-te-paluajtshme-me-tatimin-5-ndikimi-tek-pronat-e-shqiptareve\/","url_meta":{"origin":98401,"position":0},"title":"Kuvendi miraton ligjin p\u00ebr rivler\u00ebsimin e pasurive t\u00eb paluajtshme me tatimin 5 %, ndikimi tek pronat e shqiptar\u00ebve","author":"Kurt Farka","date":"December 12, 2025","format":false,"excerpt":"12 Dhjetor 2025 Kuvendi ka miratuar projektligjin \u201cP\u00ebr rivler\u00ebsimin e pasurive t\u00eb paluajtshme\u201d me 76 vota pro dhe 22 kund\u00ebr. Sipas paket\u00ebs s\u00eb re, t\u00eb gjith\u00eb qytetar\u00ebt q\u00eb do t\u00eb rivler\u00ebsojn\u00eb pronat e tyre do t\u00eb p\u00ebrfshihen n\u00eb nj\u00eb tatim 5%. Opozita k\u00ebrkoi q\u00eb p\u00ebr familjet kjo norm\u00eb t\u00eb ishte\u2026","rel":"","context":"In &quot;Blogu i Udh\u00ebtarit&quot;","block_context":{"text":"Blogu i Udh\u00ebtarit","link":"https:\/\/www.shqiperia.com\/blog\/category\/blogu-i-udhetarit\/"},"img":{"alt_text":"","src":"https:\/\/i0.wp.com\/www.shqiperia.com\/blog\/wp-content\/uploads\/2025\/12\/900-0-bigstock-tirana-albania-june-a-310037863-990x556-1.jpg?fit=900%2C505&ssl=1&resize=350%2C200","width":350,"height":200,"srcset":"https:\/\/i0.wp.com\/www.shqiperia.com\/blog\/wp-content\/uploads\/2025\/12\/900-0-bigstock-tirana-albania-june-a-310037863-990x556-1.jpg?fit=900%2C505&ssl=1&resize=350%2C200 1x, https:\/\/i0.wp.com\/www.shqiperia.com\/blog\/wp-content\/uploads\/2025\/12\/900-0-bigstock-tirana-albania-june-a-310037863-990x556-1.jpg?fit=900%2C505&ssl=1&resize=525%2C300 1.5x, https:\/\/i0.wp.com\/www.shqiperia.com\/blog\/wp-content\/uploads\/2025\/12\/900-0-bigstock-tirana-albania-june-a-310037863-990x556-1.jpg?fit=900%2C505&ssl=1&resize=700%2C400 2x"},"classes":[]},{"id":41183,"url":"https:\/\/www.shqiperia.com\/blog\/ju-flet-moska-artur-kala-arma-e-fundit-e-erion-veliajt-per-falimentimin-e-rtv-ora\/","url_meta":{"origin":98401,"position":1},"title":"\u201cJu flet Moska\u201d: &#8211; Artur Kala-arma e fundit e Erion Veliajt p\u00ebr falimentimin e Rtv Ora","author":"Kurt Farka","date":"November 24, 2020","format":false,"excerpt":"\u201cJu flet Moska\u201d: - Artur Kala-arma e fundit e Erion Veliajt p\u00ebr falimentimin e Rtv Ora 24\/11\/2020 - 19:52 Lufta politike p\u00ebr goditjen e Rtv Ora dhe Ora News dhe roli i kreut t\u00eb Agjencis\u00eb p\u00ebr Administrimin e Pasurive t\u00eb Sekuestruara dhe t\u00eb Konfiskuara n\u00eb k\u00ebt\u00eb drejtim ishin n\u00eb fokus\u2026","rel":"","context":"In &quot;Blogu i Udh\u00ebtarit&quot;","block_context":{"text":"Blogu i Udh\u00ebtarit","link":"https:\/\/www.shqiperia.com\/blog\/category\/blogu-i-udhetarit\/"},"img":{"alt_text":"","src":"https:\/\/i0.wp.com\/www.shqiperia.com\/blog\/wp-content\/uploads\/2020\/11\/artur-kala-ju-flet-moska-1.jpg?fit=1200%2C672&ssl=1&resize=350%2C200","width":350,"height":200,"srcset":"https:\/\/i0.wp.com\/www.shqiperia.com\/blog\/wp-content\/uploads\/2020\/11\/artur-kala-ju-flet-moska-1.jpg?fit=1200%2C672&ssl=1&resize=350%2C200 1x, https:\/\/i0.wp.com\/www.shqiperia.com\/blog\/wp-content\/uploads\/2020\/11\/artur-kala-ju-flet-moska-1.jpg?fit=1200%2C672&ssl=1&resize=525%2C300 1.5x, https:\/\/i0.wp.com\/www.shqiperia.com\/blog\/wp-content\/uploads\/2020\/11\/artur-kala-ju-flet-moska-1.jpg?fit=1200%2C672&ssl=1&resize=700%2C400 2x, https:\/\/i0.wp.com\/www.shqiperia.com\/blog\/wp-content\/uploads\/2020\/11\/artur-kala-ju-flet-moska-1.jpg?fit=1200%2C672&ssl=1&resize=1050%2C600 3x"},"classes":[]},{"id":55634,"url":"https:\/\/www.shqiperia.com\/blog\/departamenti-amerikan-i-shtetit-publikon-raportin-si-po-pastrohen-parate-ne-shqiperi\/","url_meta":{"origin":98401,"position":2},"title":"Departamenti Amerikan i Shtetit publikon raportin: &#8211; Si po pastrohen parat\u00eb n\u00eb Shqip\u00ebri","author":"Kurt Farka","date":"March 19, 2022","format":false,"excerpt":"Departamenti Amerikan i Shtetit publikon raportin: - Si po pastrohen parat\u00eb n\u00eb Shqip\u00ebri 19 MARS 2022 ...\"Shqip\u00ebria mbetet e pambrojtur ndaj pastrimit t\u00eb parave p\u00ebr shkak t\u00eb korrupsionit, pranis\u00eb s\u00eb rrjeteve t\u00eb krimit t\u00eb organizuar dhe boshll\u00ebqeve n\u00eb legjislacion dhe mbik\u00ebqyrje...\". Byroja Nd\u00ebrkomb\u00ebtare e Narkotik\u00ebve dhe \u00c7\u00ebshtjet e Zbatimit t\u00eb\u2026","rel":"","context":"In &quot;Blogu i Udh\u00ebtarit&quot;","block_context":{"text":"Blogu i Udh\u00ebtarit","link":"https:\/\/www.shqiperia.com\/blog\/category\/blogu-i-udhetarit\/"},"img":{"alt_text":"","src":"https:\/\/i0.wp.com\/www.shqiperia.com\/blog\/wp-content\/uploads\/2022\/03\/800-0-6051f8d1ef77e-300x169.jpg?resize=350%2C200&ssl=1","width":350,"height":200,"srcset":"https:\/\/i0.wp.com\/www.shqiperia.com\/blog\/wp-content\/uploads\/2022\/03\/800-0-6051f8d1ef77e-300x169.jpg?resize=350%2C200&ssl=1 1x, https:\/\/i0.wp.com\/www.shqiperia.com\/blog\/wp-content\/uploads\/2022\/03\/800-0-6051f8d1ef77e-300x169.jpg?resize=525%2C300&ssl=1 1.5x"},"classes":[]},{"id":54097,"url":"https:\/\/www.shqiperia.com\/blog\/arber-brahaj-ekspert-i-pasurive-te-paluajtshme-qirate-e-apartamenteve-ne-tirane-jane-rritur-deri-20\/","url_meta":{"origin":98401,"position":3},"title":"Arber Brahaj Ekspert i Pasurive t\u00eb Paluajtshme: &#8211; Qirat\u00eb e apartamenteve n\u00eb Tiran\u00eb jan\u00eb rritur deri 20%,","author":"Kurt Farka","date":"February 16, 2022","format":false,"excerpt":"Arber Brahaj Ekspert i Pasurive t\u00eb Paluajtshme: - Qirat\u00eb e apartamenteve n\u00eb Tiran\u00eb jan\u00eb rritur deri 20%, 16 Shkurt 2022 T\u00eb gjesh sht\u00ebpi me qira ekonomike n\u00eb Tiran\u00eb \u00ebsht\u00eb e pamundur dhe sipas ekspert\u00ebve t\u00eb pasurive t\u00eb paluajtshme shtrenjtimi deri n\u00eb 20 % m\u00eb shum\u00eb ka ndodhur p\u00ebr shkak t\u00eb\u2026","rel":"","context":"In &quot;Blogu i Udh\u00ebtarit&quot;","block_context":{"text":"Blogu i Udh\u00ebtarit","link":"https:\/\/www.shqiperia.com\/blog\/category\/blogu-i-udhetarit\/"},"img":{"alt_text":"","src":"https:\/\/i0.wp.com\/www.shqiperia.com\/blog\/wp-content\/uploads\/2022\/02\/Arber-Brahaj-eksperti-i-pasurive-te-paluajtshme.jpg?fit=747%2C397&ssl=1&resize=350%2C200","width":350,"height":200,"srcset":"https:\/\/i0.wp.com\/www.shqiperia.com\/blog\/wp-content\/uploads\/2022\/02\/Arber-Brahaj-eksperti-i-pasurive-te-paluajtshme.jpg?fit=747%2C397&ssl=1&resize=350%2C200 1x, https:\/\/i0.wp.com\/www.shqiperia.com\/blog\/wp-content\/uploads\/2022\/02\/Arber-Brahaj-eksperti-i-pasurive-te-paluajtshme.jpg?fit=747%2C397&ssl=1&resize=525%2C300 1.5x, https:\/\/i0.wp.com\/www.shqiperia.com\/blog\/wp-content\/uploads\/2022\/02\/Arber-Brahaj-eksperti-i-pasurive-te-paluajtshme.jpg?fit=747%2C397&ssl=1&resize=700%2C400 2x"},"classes":[]},{"id":44875,"url":"https:\/\/www.shqiperia.com\/blog\/raporti-i-departamenti-amerikan-i-shtetiti-shqiperia-nuk-ka-bere-asnje-perparim-per-luften-kunder-pastrimit-te-parave-problem-korrupsioni-droga-dhe-evazioni-fiskal\/","url_meta":{"origin":98401,"position":4},"title":"Raporti i Departamenti Amerikan i Shtetiti: Shqip\u00ebria nuk ka b\u00ebr\u00eb asnj\u00eb p\u00ebrparim p\u00ebr luft\u00ebn kund\u00ebr pastrimit t\u00eb parave! Problem korrupsioni, droga dhe evazioni fiskal","author":"Kurt Farka","date":"March 3, 2021","format":false,"excerpt":"Raporti i Departamenti Amerikan i Shtetiti: Shqip\u00ebria nuk ka b\u00ebr\u00eb asnj\u00eb p\u00ebrparim p\u00ebr luft\u00ebn kund\u00ebr pastrimit t\u00eb parave! Problem korrupsioni, droga dhe evazioni fiskal 3 mars 2021 Departamenti Amerikan i Shtetiti, DASH n\u00eb raportin m\u00eb t\u00eb fundit n\u00eb lidhje me pastrimin e parave p\u00ebr vitin 2020 thekson se Shqip\u00ebria nuk\u2026","rel":"","context":"In &quot;Blogu i Udh\u00ebtarit&quot;","block_context":{"text":"Blogu i Udh\u00ebtarit","link":"https:\/\/www.shqiperia.com\/blog\/category\/blogu-i-udhetarit\/"},"img":{"alt_text":"","src":"https:\/\/i0.wp.com\/www.shqiperia.com\/blog\/wp-content\/uploads\/2021\/03\/Edi-Rama.jpg?fit=905%2C450&ssl=1&resize=350%2C200","width":350,"height":200,"srcset":"https:\/\/i0.wp.com\/www.shqiperia.com\/blog\/wp-content\/uploads\/2021\/03\/Edi-Rama.jpg?fit=905%2C450&ssl=1&resize=350%2C200 1x, https:\/\/i0.wp.com\/www.shqiperia.com\/blog\/wp-content\/uploads\/2021\/03\/Edi-Rama.jpg?fit=905%2C450&ssl=1&resize=525%2C300 1.5x, https:\/\/i0.wp.com\/www.shqiperia.com\/blog\/wp-content\/uploads\/2021\/03\/Edi-Rama.jpg?fit=905%2C450&ssl=1&resize=700%2C400 2x"},"classes":[]},{"id":59323,"url":"https:\/\/www.shqiperia.com\/blog\/deputetja-tabaku-qeveria-ligj-per-te-pastruar-parate-e-krimit\/","url_meta":{"origin":98401,"position":5},"title":"Deputetja Tabaku: &#8211; Qeveria Ligj p\u00ebr t\u00eb pastruar parat\u00eb e krimit.","author":"Kurt Farka","date":"June 25, 2022","format":false,"excerpt":"25 Qershor 2022 Deputetja demokrate Jorida Tabaku, e cil\u00ebson projektin e qeveris\u00eb p\u00ebr amnisti fiskale si nj\u00eb projekt t\u00eb moazhoranc\u00ebs p\u00ebr t\u00eb fshehur pasurit\u00eb e t\u00eb fituara p\u00ebrmes vjedhjes, korrupsionit apo krimeve t\u00eb tjera p\u00ebr personat q\u00eb kinse jetojn\u00eb jasht\u00eb vendit. N\u00eb nj\u00eb reagim\u00a0 pas publikimit p\u00ebr k\u00ebshillim t\u00eb projektligjit\u2026","rel":"","context":"In &quot;Blogu i Udh\u00ebtarit&quot;","block_context":{"text":"Blogu i Udh\u00ebtarit","link":"https:\/\/www.shqiperia.com\/blog\/category\/blogu-i-udhetarit\/"},"img":{"alt_text":"","src":"https:\/\/i0.wp.com\/www.shqiperia.com\/blog\/wp-content\/uploads\/2022\/06\/Jorida-Tabaku.jpg?fit=780%2C440&ssl=1&resize=350%2C200","width":350,"height":200,"srcset":"https:\/\/i0.wp.com\/www.shqiperia.com\/blog\/wp-content\/uploads\/2022\/06\/Jorida-Tabaku.jpg?fit=780%2C440&ssl=1&resize=350%2C200 1x, https:\/\/i0.wp.com\/www.shqiperia.com\/blog\/wp-content\/uploads\/2022\/06\/Jorida-Tabaku.jpg?fit=780%2C440&ssl=1&resize=525%2C300 1.5x, https:\/\/i0.wp.com\/www.shqiperia.com\/blog\/wp-content\/uploads\/2022\/06\/Jorida-Tabaku.jpg?fit=780%2C440&ssl=1&resize=700%2C400 2x"},"classes":[]}],"_links":{"self":[{"href":"https:\/\/www.shqiperia.com\/blog\/wp-json\/wp\/v2\/posts\/98401","targetHints":{"allow":["GET"]}}],"collection":[{"href":"https:\/\/www.shqiperia.com\/blog\/wp-json\/wp\/v2\/posts"}],"about":[{"href":"https:\/\/www.shqiperia.com\/blog\/wp-json\/wp\/v2\/types\/post"}],"author":[{"embeddable":true,"href":"https:\/\/www.shqiperia.com\/blog\/wp-json\/wp\/v2\/users\/9"}],"replies":[{"embeddable":true,"href":"https:\/\/www.shqiperia.com\/blog\/wp-json\/wp\/v2\/comments?post=98401"}],"version-history":[{"count":1,"href":"https:\/\/www.shqiperia.com\/blog\/wp-json\/wp\/v2\/posts\/98401\/revisions"}],"predecessor-version":[{"id":98403,"href":"https:\/\/www.shqiperia.com\/blog\/wp-json\/wp\/v2\/posts\/98401\/revisions\/98403"}],"wp:featuredmedia":[{"embeddable":true,"href":"https:\/\/www.shqiperia.com\/blog\/wp-json\/wp\/v2\/media\/98402"}],"wp:attachment":[{"href":"https:\/\/www.shqiperia.com\/blog\/wp-json\/wp\/v2\/media?parent=98401"}],"wp:term":[{"taxonomy":"category","embeddable":true,"href":"https:\/\/www.shqiperia.com\/blog\/wp-json\/wp\/v2\/categories?post=98401"},{"taxonomy":"post_tag","embeddable":true,"href":"https:\/\/www.shqiperia.com\/blog\/wp-json\/wp\/v2\/tags?post=98401"}],"curies":[{"name":"wp","href":"https:\/\/api.w.org\/{rel}","templated":true}]}}