{"id":98395,"date":"2026-03-13T06:55:08","date_gmt":"2026-03-13T06:55:08","guid":{"rendered":"https:\/\/www.shqiperia.com\/blog\/?p=98395"},"modified":"2026-03-13T06:55:08","modified_gmt":"2026-03-13T06:55:08","slug":"nuk-mund-ti-japesh-portin-e-nato-s-rusise-murrizi-zbulon-takimin-sekret-per-portin-e-durresit","status":"publish","type":"post","link":"https:\/\/www.shqiperia.com\/blog\/nuk-mund-ti-japesh-portin-e-nato-s-rusise-murrizi-zbulon-takimin-sekret-per-portin-e-durresit\/","title":{"rendered":"\u201cNuk mund t\u2019i jap\u00ebsh portin e NATO-s Rusis\u00eb\u201d\/ Murrizi zbulon takimin sekret p\u00ebr Portin e Durr\u00ebsit"},"content":{"rendered":"<p><img data-recalc-dims=\"1\" loading=\"lazy\" decoding=\"async\" data-attachment-id=\"98396\" data-permalink=\"https:\/\/www.shqiperia.com\/blog\/nuk-mund-ti-japesh-portin-e-nato-s-rusise-murrizi-zbulon-takimin-sekret-per-portin-e-durresit\/rama-porti-i-durresit-770x411-1\/\" data-orig-file=\"https:\/\/i0.wp.com\/www.shqiperia.com\/blog\/wp-content\/uploads\/2026\/03\/rama-porti-i-durresit-770x411-1.jpg?fit=669%2C411&amp;ssl=1\" data-orig-size=\"669,411\" data-comments-opened=\"1\" data-image-meta=\"{&quot;aperture&quot;:&quot;0&quot;,&quot;credit&quot;:&quot;&quot;,&quot;camera&quot;:&quot;&quot;,&quot;caption&quot;:&quot;&quot;,&quot;created_timestamp&quot;:&quot;0&quot;,&quot;copyright&quot;:&quot;&quot;,&quot;focal_length&quot;:&quot;0&quot;,&quot;iso&quot;:&quot;0&quot;,&quot;shutter_speed&quot;:&quot;0&quot;,&quot;title&quot;:&quot;&quot;,&quot;orientation&quot;:&quot;0&quot;}\" data-image-title=\"rama-porti-i-durresit-770&#215;411-1\" data-image-description=\"\" data-image-caption=\"\" data-medium-file=\"https:\/\/i0.wp.com\/www.shqiperia.com\/blog\/wp-content\/uploads\/2026\/03\/rama-porti-i-durresit-770x411-1.jpg?fit=300%2C184&amp;ssl=1\" data-large-file=\"https:\/\/i0.wp.com\/www.shqiperia.com\/blog\/wp-content\/uploads\/2026\/03\/rama-porti-i-durresit-770x411-1.jpg?fit=669%2C411&amp;ssl=1\" class=\"alignnone  wp-image-98396\" alt=\"\" src=\"https:\/\/i0.wp.com\/www.shqiperia.com\/blog\/wp-content\/uploads\/2026\/03\/rama-porti-i-durresit-770x411-1.jpg?resize=567%2C348&#038;ssl=1\" width=\"567\" height=\"348\" srcset=\"https:\/\/i0.wp.com\/www.shqiperia.com\/blog\/wp-content\/uploads\/2026\/03\/rama-porti-i-durresit-770x411-1.jpg?resize=300%2C184&amp;ssl=1 300w, https:\/\/i0.wp.com\/www.shqiperia.com\/blog\/wp-content\/uploads\/2026\/03\/rama-porti-i-durresit-770x411-1.jpg?resize=450%2C276&amp;ssl=1 450w, https:\/\/i0.wp.com\/www.shqiperia.com\/blog\/wp-content\/uploads\/2026\/03\/rama-porti-i-durresit-770x411-1.jpg?resize=600%2C369&amp;ssl=1 600w, https:\/\/i0.wp.com\/www.shqiperia.com\/blog\/wp-content\/uploads\/2026\/03\/rama-porti-i-durresit-770x411-1.jpg?resize=400%2C246&amp;ssl=1 400w, https:\/\/i0.wp.com\/www.shqiperia.com\/blog\/wp-content\/uploads\/2026\/03\/rama-porti-i-durresit-770x411-1.jpg?w=669&amp;ssl=1 669w\" sizes=\"auto, (max-width: 567px) 100vw, 567px\" \/><\/p>\n<p>13 Mars 2026<\/p>\n<p>Ish-deputeti i Partis\u00eb Demokratike, Myslim Murrizi, i ftuar n\u00eb studion e emisionit \u201cKjo Jav\u00eb\u201d n\u00eb<span>\u00a0<\/span><strong>News24<\/strong>, ka b\u00ebr\u00eb nj\u00eb deklarat\u00eb lidhur me nj\u00eb takim q\u00eb sipas tij ka ndodhur n\u00eb lidhje me \u00e7\u00ebshtjen e portit t\u00eb ri n\u00eb Durr\u00ebs.<\/p>\n<p>Sipas Murrizit, m\u00eb 10 shtator nj\u00eb gjeneral i lart\u00eb i marin\u00ebs ka mb\u00ebrritur me fregat\u00eb nga Deti Baltik dhe ka zhvilluar nj\u00eb drek\u00eb pune me ministrin e Mbrojtjes asokohe, Pirro Vengu. Ai pretendoi se n\u00eb k\u00ebt\u00eb takim kan\u00eb qen\u00eb t\u00eb pranish\u00ebm edhe Arbian Mazniku dhe Elisa Spiropali.<\/p>\n<p>Ish-deputeti demokrat tha se q\u00ebllimi i k\u00ebtij takimi, sipas tij, ishte d\u00ebrgimi i nj\u00eb mesazhi p\u00ebr kryeministrin Edi Rama n\u00eb lidhje me \u00e7\u00ebshtjen e portit.<\/p>\n<p>\u201cSipas informacioneve q\u00eb kam, m\u00eb 10 shtator nj\u00eb gjeneral i madh i marin\u00ebs erdhi me fregat\u00eb nga Deti Baltik dhe thirri n\u00eb nj\u00eb drek\u00eb ministrin Pirro Vengu, me dy d\u00ebshmitar\u00eb, Maznikun dhe Spiropalin. Mesazhi ishte: thuajini atij burrit q\u00eb nuk na kalon dot n\u00ebn hund\u00eb, nuk mund t\u2019ia jap\u00eb portin e NATO-s Rusis\u00eb\u201d, deklaroi Murrizi.<\/p>\n<p>Ai shtoi se kjo mund t\u00eb jet\u00eb edhe nj\u00eb nga arsyet e zhvillimeve t\u00eb m\u00ebvonshme politike si shkarkimi i Spiropalit, duke ngritur pik\u00ebpyetje mbi rolin e zyrtar\u00ebve t\u00eb p\u00ebrmendur n\u00eb k\u00ebt\u00eb takim.<\/p>\n<p>\u201cPyeteni Ram\u00ebn ose Spiropalin n\u00ebse \u00ebsht\u00eb k\u00ebshtu apo jo. Spiropali \u00ebsht\u00eb shkarkuar m\u00eb 10 shtator, q\u00eb do t\u00eb thot\u00eb se ka qen\u00eb n\u00eb nj\u00eb drek\u00eb t\u00eb gabuar. Ajo ka heshtur deri tani, por ndoshta m\u00eb von\u00eb mund t\u00eb tregoj\u00eb \u00e7far\u00eb \u00ebsht\u00eb diskutuar\u201d, u shpreh Murrizi.<\/p>\n","protected":false},"excerpt":{"rendered":"<p>13 Mars 2026 Ish-deputeti i Partis\u00eb Demokratike, Myslim Murrizi, i ftuar n\u00eb studion e emisionit \u201cKjo Jav\u00eb\u201d n\u00eb\u00a0News24, ka b\u00ebr\u00eb nj\u00eb deklarat\u00eb lidhur me nj\u00eb takim q\u00eb sipas tij ka ndodhur n\u00eb lidhje me \u00e7\u00ebshtjen e portit t\u00eb ri n\u00eb Durr\u00ebs. Sipas Murrizit, m\u00eb 10 shtator nj\u00eb gjeneral i lart\u00eb i marin\u00ebs ka mb\u00ebrritur me [&hellip;]<\/p>\n","protected":false},"author":9,"featured_media":98396,"comment_status":"open","ping_status":"open","sticky":false,"template":"","format":"standard","meta":{"jetpack_post_was_ever_published":false,"_jetpack_newsletter_access":"","_jetpack_dont_email_post_to_subs":false,"_jetpack_newsletter_tier_id":0,"_jetpack_memberships_contains_paywalled_content":false,"_jetpack_memberships_contains_paid_content":false,"footnotes":"","jetpack_publicize_message":"","jetpack_publicize_feature_enabled":true,"jetpack_social_post_already_shared":true,"jetpack_social_options":{"image_generator_settings":{"template":"highway","default_image_id":0,"font":"","enabled":false},"version":2}},"categories":[27,2,35],"tags":[],"class_list":["post-98395","post","type-post","status-publish","format-standard","has-post-thumbnail","hentry","category-blogu-i-udhetarit","category-politika","category-shoqerore"],"jetpack_publicize_connections":[],"jetpack_featured_media_url":"https:\/\/i0.wp.com\/www.shqiperia.com\/blog\/wp-content\/uploads\/2026\/03\/rama-porti-i-durresit-770x411-1.jpg?fit=669%2C411&ssl=1","jetpack_sharing_enabled":true,"jetpack_shortlink":"https:\/\/wp.me\/p5Z6wp-pB1","jetpack-related-posts":[{"id":98327,"url":"https:\/\/www.shqiperia.com\/blog\/murrizi-ironizon-ramen-24-ore-si-gango-29-dite-si-lango\/","url_meta":{"origin":98395,"position":0},"title":"Murrizi ironizon Ram\u00ebn: 24 or\u00eb si gango, 29 dit\u00eb si lango!","author":"Kurt Farka","date":"March 11, 2026","format":false,"excerpt":"11 Mars 2026 Ish-deputeti Myslym Murrizi ka ironizuar deklaratat e Edi Ram\u00ebs gjat\u00eb mbledhjes me deputet\u00ebt e Partis\u00eb Socialiste t\u00eb h\u00ebn\u00ebn, ku tha se nuk pyet ask\u00ebnd se kujt do t\u2019ia jap\u00eb tenderin p\u00ebr nd\u00ebrtimin e portit. Nd\u00ebrkoh\u00eb q\u00eb sot, ministri i Infrastruktur\u00ebs deklaroi se kompania ruse q\u00eb kishte fituar\u2026","rel":"","context":"In &quot;Blogu i Udh\u00ebtarit&quot;","block_context":{"text":"Blogu i Udh\u00ebtarit","link":"https:\/\/www.shqiperia.com\/blog\/category\/blogu-i-udhetarit\/"},"img":{"alt_text":"","src":"https:\/\/i0.wp.com\/www.shqiperia.com\/blog\/wp-content\/uploads\/2026\/03\/edi-rama-4.jpg?fit=1200%2C878&ssl=1&resize=350%2C200","width":350,"height":200,"srcset":"https:\/\/i0.wp.com\/www.shqiperia.com\/blog\/wp-content\/uploads\/2026\/03\/edi-rama-4.jpg?fit=1200%2C878&ssl=1&resize=350%2C200 1x, https:\/\/i0.wp.com\/www.shqiperia.com\/blog\/wp-content\/uploads\/2026\/03\/edi-rama-4.jpg?fit=1200%2C878&ssl=1&resize=525%2C300 1.5x, https:\/\/i0.wp.com\/www.shqiperia.com\/blog\/wp-content\/uploads\/2026\/03\/edi-rama-4.jpg?fit=1200%2C878&ssl=1&resize=700%2C400 2x, https:\/\/i0.wp.com\/www.shqiperia.com\/blog\/wp-content\/uploads\/2026\/03\/edi-rama-4.jpg?fit=1200%2C878&ssl=1&resize=1050%2C600 3x"},"classes":[]},{"id":97120,"url":"https:\/\/www.shqiperia.com\/blog\/mandati-i-belinda-ballukut-murrizi-zvarritja-e-procesit-demton-hetimin-provat-mund-te-jene-zhdukur-2201-29-01-2026-a-a-mandati-i-belinda-ballukut-murrizi-zvarritja-e-procesit-demton-hetimi\/","url_meta":{"origin":98395,"position":1},"title":"Mandati i Belinda Ballukut\/ Murrizi: &#8211; Zvarritja e procesit d\u00ebmton hetimin! Provat mund t\u00eb jen\u00eb zhdukur   22:01 | 29\/01\/2026 A A Mandati i Belinda Ballukut\/ Murrizi: Zvarritja e procesit d\u00ebmton hetimin! Provat mund t\u00eb jen\u00eb zhdukur Ish-deputeti i","author":"Kurt Farka","date":"January 29, 2026","format":false,"excerpt":"29 Janar 2026 Ish-deputeti i PD-s\u00eb, Myslim Murrizi, ka komentuar zhvillimet e fundit politike dhe t\u00eb drejt\u00ebsis\u00eb, duke u ndalur te shtyrja e K\u00ebshillit t\u00eb Mandateve p\u00ebr heqjen e imunitetit t\u00eb zv\/kryeministres Belinda Balluku, e akuzuar nga SPAK. Sipas tij, heqja e imunitetit t\u00eb nj\u00eb deputeti \u00ebsht\u00eb nj\u00eb hap ky\u00e7,\u2026","rel":"","context":"In &quot;Blogu i Udh\u00ebtarit&quot;","block_context":{"text":"Blogu i Udh\u00ebtarit","link":"https:\/\/www.shqiperia.com\/blog\/category\/blogu-i-udhetarit\/"},"img":{"alt_text":"","src":"https:\/\/i0.wp.com\/www.shqiperia.com\/blog\/wp-content\/uploads\/2026\/01\/murrizi-balluku-1140x570-1.jpg?fit=1140%2C570&ssl=1&resize=350%2C200","width":350,"height":200,"srcset":"https:\/\/i0.wp.com\/www.shqiperia.com\/blog\/wp-content\/uploads\/2026\/01\/murrizi-balluku-1140x570-1.jpg?fit=1140%2C570&ssl=1&resize=350%2C200 1x, https:\/\/i0.wp.com\/www.shqiperia.com\/blog\/wp-content\/uploads\/2026\/01\/murrizi-balluku-1140x570-1.jpg?fit=1140%2C570&ssl=1&resize=525%2C300 1.5x, https:\/\/i0.wp.com\/www.shqiperia.com\/blog\/wp-content\/uploads\/2026\/01\/murrizi-balluku-1140x570-1.jpg?fit=1140%2C570&ssl=1&resize=700%2C400 2x, https:\/\/i0.wp.com\/www.shqiperia.com\/blog\/wp-content\/uploads\/2026\/01\/murrizi-balluku-1140x570-1.jpg?fit=1140%2C570&ssl=1&resize=1050%2C600 3x"},"classes":[]},{"id":97359,"url":"https:\/\/www.shqiperia.com\/blog\/skandali-i-portit-te-vlores-malaj-reagon-ashper-balluku-pasuron-pakicen-varferon-qytetaret\/","url_meta":{"origin":98395,"position":2},"title":"Skandali i Portit t\u00eb Vlor\u00ebs\/ Malaj reagon ashp\u00ebr: Balluku pasuron pakic\u00ebn, varf\u00ebron qytetar\u00ebt","author":"Kurt Farka","date":"February 5, 2026","format":false,"excerpt":"5 Shkurt 2026 Eksperti i ekonomis\u00eb, Arben Malaj, i ftuar n\u00eb\u00a0 nj\u00eb emision televiziv, ka denoncuar kontratat e PPP-ve, q\u00eb sipas tij jan\u00eb preferenciale duke mos patur konkurrent\u00eb. Malaj p\u00ebrmendi nj\u00eb rast flagrant n\u00eb qytetin e Vlor\u00ebs q\u00eb lidhet me abuzimin me k\u00ebto kontrata t\u00eb ministres s\u00eb Infrastruktur\u00ebs Belinda Balluku,\u2026","rel":"","context":"In &quot;Blogu i Udh\u00ebtarit&quot;","block_context":{"text":"Blogu i Udh\u00ebtarit","link":"https:\/\/www.shqiperia.com\/blog\/category\/blogu-i-udhetarit\/"},"img":{"alt_text":"","src":"https:\/\/i0.wp.com\/www.shqiperia.com\/blog\/wp-content\/uploads\/2026\/02\/Arben-Malaj.jpg?fit=960%2C554&ssl=1&resize=350%2C200","width":350,"height":200,"srcset":"https:\/\/i0.wp.com\/www.shqiperia.com\/blog\/wp-content\/uploads\/2026\/02\/Arben-Malaj.jpg?fit=960%2C554&ssl=1&resize=350%2C200 1x, https:\/\/i0.wp.com\/www.shqiperia.com\/blog\/wp-content\/uploads\/2026\/02\/Arben-Malaj.jpg?fit=960%2C554&ssl=1&resize=525%2C300 1.5x, https:\/\/i0.wp.com\/www.shqiperia.com\/blog\/wp-content\/uploads\/2026\/02\/Arben-Malaj.jpg?fit=960%2C554&ssl=1&resize=700%2C400 2x"},"classes":[]},{"id":52892,"url":"https:\/\/www.shqiperia.com\/blog\/akuzohet-se-ka-fshehur-dhjetra-mijera-euro-ish-deputeti-myslim-murrizi-kallezohet-ne-prokurori\/","url_meta":{"origin":98395,"position":3},"title":"Akuzohet se ka fshehur dhjetra mij\u00ebra euro, ish-deputeti Myslim Murrizi kall\u00ebzohet n\u00eb prokurori!","author":"Kurt Farka","date":"January 5, 2022","format":false,"excerpt":"Akuzohet se ka fshehur dhjetra mij\u00ebra euro, ish-deputeti Myslim Murrizi kall\u00ebzohet n\u00eb prokurori! 5 Janar 2022 murriziMyslim Murrizi, ish-deputeti i Partis\u00eb Demokratike dhe kryetari i Partis\u00eb L\u00ebvizja Demokratike e Shqip\u00ebris\u00eb \u00ebsht\u00eb kall\u00ebzuar n\u00eb prokurorin\u00eb e Tiran\u00ebs. Burime t\u00eb Panorama.al b\u00ebn t\u00eb ditur se ish-n\u00ebnkryetari i Kuvendit akuzohet nga Policia e\u2026","rel":"","context":"In &quot;Blogu i Udh\u00ebtarit&quot;","block_context":{"text":"Blogu i Udh\u00ebtarit","link":"https:\/\/www.shqiperia.com\/blog\/category\/blogu-i-udhetarit\/"},"img":{"alt_text":"","src":"https:\/\/i0.wp.com\/www.shqiperia.com\/blog\/wp-content\/uploads\/2022\/01\/Myslim-Murrizi-kallezohet-ne-prokurori.-Ka-fshehur-dhjetra-mijera-euro..jpg?fit=1096%2C592&ssl=1&resize=350%2C200","width":350,"height":200,"srcset":"https:\/\/i0.wp.com\/www.shqiperia.com\/blog\/wp-content\/uploads\/2022\/01\/Myslim-Murrizi-kallezohet-ne-prokurori.-Ka-fshehur-dhjetra-mijera-euro..jpg?fit=1096%2C592&ssl=1&resize=350%2C200 1x, https:\/\/i0.wp.com\/www.shqiperia.com\/blog\/wp-content\/uploads\/2022\/01\/Myslim-Murrizi-kallezohet-ne-prokurori.-Ka-fshehur-dhjetra-mijera-euro..jpg?fit=1096%2C592&ssl=1&resize=525%2C300 1.5x, https:\/\/i0.wp.com\/www.shqiperia.com\/blog\/wp-content\/uploads\/2022\/01\/Myslim-Murrizi-kallezohet-ne-prokurori.-Ka-fshehur-dhjetra-mijera-euro..jpg?fit=1096%2C592&ssl=1&resize=700%2C400 2x, https:\/\/i0.wp.com\/www.shqiperia.com\/blog\/wp-content\/uploads\/2022\/01\/Myslim-Murrizi-kallezohet-ne-prokurori.-Ka-fshehur-dhjetra-mijera-euro..jpg?fit=1096%2C592&ssl=1&resize=1050%2C600 3x"},"classes":[]},{"id":64378,"url":"https:\/\/www.shqiperia.com\/blog\/agron-shehaj-publikon-dokumentin-porti-i-durresit-eshte-nje-biznes-familjar\/","url_meta":{"origin":98395,"position":4},"title":"Agron Shehaj publikon DOKUMENTIN: &#8211; Porti i Durr\u00ebsit \u00ebsht\u00eb nj\u00eb biznes familjar.","author":"Kurt Farka","date":"November 15, 2022","format":false,"excerpt":"15 Nentor 2022 Deputeti i PD-s\u00eb Agron Shehaj ka denoncuar afer\u00ebn 2.1 miliard\u00eb t\u00eb Portit t\u00eb Durr\u00ebsit, ku sipas tij kryeministri Edi Rama ka mashtruar publikisht shqiptar\u00ebt pasi ky projekt rezulton thjesht nj\u00eb biznes familjar. \"Si\u00e7 d\u00ebshmohet qart\u00eb nga kjo foto, Alabbar rezulton t\u00eb ket\u00eb 40 p\u00ebr qind t\u00eb aksioneve\u2026","rel":"","context":"In &quot;Blogu i Udh\u00ebtarit&quot;","block_context":{"text":"Blogu i Udh\u00ebtarit","link":"https:\/\/www.shqiperia.com\/blog\/category\/blogu-i-udhetarit\/"},"img":{"alt_text":"","src":"https:\/\/i0.wp.com\/www.shqiperia.com\/blog\/wp-content\/uploads\/2022\/11\/640-0-8fc6f1dc80e6f5cb253a0aa25d4d9ebc.jpg?fit=640%2C336&ssl=1&resize=350%2C200","width":350,"height":200,"srcset":"https:\/\/i0.wp.com\/www.shqiperia.com\/blog\/wp-content\/uploads\/2022\/11\/640-0-8fc6f1dc80e6f5cb253a0aa25d4d9ebc.jpg?fit=640%2C336&ssl=1&resize=350%2C200 1x, https:\/\/i0.wp.com\/www.shqiperia.com\/blog\/wp-content\/uploads\/2022\/11\/640-0-8fc6f1dc80e6f5cb253a0aa25d4d9ebc.jpg?fit=640%2C336&ssl=1&resize=525%2C300 1.5x"},"classes":[]},{"id":61944,"url":"https:\/\/www.shqiperia.com\/blog\/keta-cfare-peshtyjne-e-lepijne-ne-darke-murrizi-shume-politikane-sot-jane-me-cengela-ne-hunde\/","url_meta":{"origin":98395,"position":5},"title":"\u201cK\u00ebta \u00e7far\u00eb p\u00ebshtyjn\u00eb, e l\u00ebpijn\u00eb n\u00eb dark\u00eb\u201d, Murrizi: &#8211; Shum\u00eb politikan\u00eb sot jan\u00eb me \u00e7engela n\u00eb hund\u00eb!","author":"Kurt Farka","date":"September 8, 2022","format":false,"excerpt":"8 shtator 2022 Tema e ngritur p\u00ebr ish-sigurimsat p\u00ebr deputetin Myslim Murrizi, ka ardhur p\u00ebr t\u00eb krijuar nj\u00eb amulli p\u00ebr muajin shtator. \u201cSpiun\u00ebt q\u00eb jan\u00eb sot n\u00eb politik\u00eb, jan\u00eb me vendim t\u00eb gjykat\u00ebs s\u00eb 1996-t\u00ebs\u201d,\u00a0sqaroi Murrizi.\u00a0\u201cPas 74\u2019 filluan t\u00eb rekrutojn\u00eb gjimnazist\u00eb q\u00eb n\u00eb vitin e dyt\u00eb dhe t\u00eb tret\u00eb\u201d,\u00a0u\u00a0 shpreh\u2026","rel":"","context":"In &quot;Blogu i Udh\u00ebtarit&quot;","block_context":{"text":"Blogu i Udh\u00ebtarit","link":"https:\/\/www.shqiperia.com\/blog\/category\/blogu-i-udhetarit\/"},"img":{"alt_text":"","src":"https:\/\/i0.wp.com\/www.shqiperia.com\/blog\/wp-content\/uploads\/2022\/09\/Myslim-Murrizi.jpg?fit=640%2C360&ssl=1&resize=350%2C200","width":350,"height":200,"srcset":"https:\/\/i0.wp.com\/www.shqiperia.com\/blog\/wp-content\/uploads\/2022\/09\/Myslim-Murrizi.jpg?fit=640%2C360&ssl=1&resize=350%2C200 1x, https:\/\/i0.wp.com\/www.shqiperia.com\/blog\/wp-content\/uploads\/2022\/09\/Myslim-Murrizi.jpg?fit=640%2C360&ssl=1&resize=525%2C300 1.5x"},"classes":[]}],"_links":{"self":[{"href":"https:\/\/www.shqiperia.com\/blog\/wp-json\/wp\/v2\/posts\/98395","targetHints":{"allow":["GET"]}}],"collection":[{"href":"https:\/\/www.shqiperia.com\/blog\/wp-json\/wp\/v2\/posts"}],"about":[{"href":"https:\/\/www.shqiperia.com\/blog\/wp-json\/wp\/v2\/types\/post"}],"author":[{"embeddable":true,"href":"https:\/\/www.shqiperia.com\/blog\/wp-json\/wp\/v2\/users\/9"}],"replies":[{"embeddable":true,"href":"https:\/\/www.shqiperia.com\/blog\/wp-json\/wp\/v2\/comments?post=98395"}],"version-history":[{"count":1,"href":"https:\/\/www.shqiperia.com\/blog\/wp-json\/wp\/v2\/posts\/98395\/revisions"}],"predecessor-version":[{"id":98397,"href":"https:\/\/www.shqiperia.com\/blog\/wp-json\/wp\/v2\/posts\/98395\/revisions\/98397"}],"wp:featuredmedia":[{"embeddable":true,"href":"https:\/\/www.shqiperia.com\/blog\/wp-json\/wp\/v2\/media\/98396"}],"wp:attachment":[{"href":"https:\/\/www.shqiperia.com\/blog\/wp-json\/wp\/v2\/media?parent=98395"}],"wp:term":[{"taxonomy":"category","embeddable":true,"href":"https:\/\/www.shqiperia.com\/blog\/wp-json\/wp\/v2\/categories?post=98395"},{"taxonomy":"post_tag","embeddable":true,"href":"https:\/\/www.shqiperia.com\/blog\/wp-json\/wp\/v2\/tags?post=98395"}],"curies":[{"name":"wp","href":"https:\/\/api.w.org\/{rel}","templated":true}]}}