{"id":98389,"date":"2026-03-13T06:46:22","date_gmt":"2026-03-13T06:46:22","guid":{"rendered":"https:\/\/www.shqiperia.com\/blog\/?p=98389"},"modified":"2026-03-14T06:41:45","modified_gmt":"2026-03-14T06:41:45","slug":"administrata-publike-arrin-ne-185-4-mije-punonjes-rekordi-i-23-viteve","status":"publish","type":"post","link":"https:\/\/www.shqiperia.com\/blog\/administrata-publike-arrin-ne-185-4-mije-punonjes-rekordi-i-23-viteve\/","title":{"rendered":"Administrata publike arrin n\u00eb 185.4 mij\u00eb punonj\u00ebs, rekordi i 23 viteve"},"content":{"rendered":"<p><img data-recalc-dims=\"1\" loading=\"lazy\" decoding=\"async\" data-attachment-id=\"98390\" data-permalink=\"https:\/\/www.shqiperia.com\/blog\/administrata-publike-arrin-ne-185-4-mije-punonjes-rekordi-i-23-viteve\/administrata1\/\" data-orig-file=\"https:\/\/i0.wp.com\/www.shqiperia.com\/blog\/wp-content\/uploads\/2026\/03\/administrata1.jpg?fit=905%2C395&amp;ssl=1\" data-orig-size=\"905,395\" data-comments-opened=\"1\" data-image-meta=\"{&quot;aperture&quot;:&quot;0&quot;,&quot;credit&quot;:&quot;&quot;,&quot;camera&quot;:&quot;&quot;,&quot;caption&quot;:&quot;&quot;,&quot;created_timestamp&quot;:&quot;0&quot;,&quot;copyright&quot;:&quot;&quot;,&quot;focal_length&quot;:&quot;0&quot;,&quot;iso&quot;:&quot;0&quot;,&quot;shutter_speed&quot;:&quot;0&quot;,&quot;title&quot;:&quot;&quot;,&quot;orientation&quot;:&quot;0&quot;}\" data-image-title=\"administrata1\" data-image-description=\"\" data-image-caption=\"\" data-medium-file=\"https:\/\/i0.wp.com\/www.shqiperia.com\/blog\/wp-content\/uploads\/2026\/03\/administrata1.jpg?fit=300%2C131&amp;ssl=1\" data-large-file=\"https:\/\/i0.wp.com\/www.shqiperia.com\/blog\/wp-content\/uploads\/2026\/03\/administrata1.jpg?fit=905%2C395&amp;ssl=1\" class=\"alignnone wp-image-98390\" alt=\"\" src=\"https:\/\/i0.wp.com\/www.shqiperia.com\/blog\/wp-content\/uploads\/2026\/03\/administrata1.jpg?resize=609%2C266&#038;ssl=1\" width=\"609\" height=\"266\" srcset=\"https:\/\/i0.wp.com\/www.shqiperia.com\/blog\/wp-content\/uploads\/2026\/03\/administrata1.jpg?resize=300%2C131&amp;ssl=1 300w, https:\/\/i0.wp.com\/www.shqiperia.com\/blog\/wp-content\/uploads\/2026\/03\/administrata1.jpg?resize=768%2C335&amp;ssl=1 768w, https:\/\/i0.wp.com\/www.shqiperia.com\/blog\/wp-content\/uploads\/2026\/03\/administrata1.jpg?resize=450%2C196&amp;ssl=1 450w, https:\/\/i0.wp.com\/www.shqiperia.com\/blog\/wp-content\/uploads\/2026\/03\/administrata1.jpg?resize=600%2C262&amp;ssl=1 600w, https:\/\/i0.wp.com\/www.shqiperia.com\/blog\/wp-content\/uploads\/2026\/03\/administrata1.jpg?resize=400%2C175&amp;ssl=1 400w, https:\/\/i0.wp.com\/www.shqiperia.com\/blog\/wp-content\/uploads\/2026\/03\/administrata1.jpg?w=905&amp;ssl=1 905w\" sizes=\"auto, (max-width: 609px) 100vw, 609px\" \/><\/p>\n<p><strong>13 Mars 2026<\/strong><\/p>\n<p><strong>N\u00eb tremujorin e fundit t\u00eb vitit t\u00eb kaluar numri i punonj\u00ebsve n\u00eb sektorin shtet\u00ebror u zgjerua m\u00eb tej duke arritur n\u00eb 186,581 persona, teksa numri mesatar p\u00ebr t\u00eb gjith\u00eb vitin 2025 ishte 185,386\u00a0 punonj\u00ebs.<\/strong><\/p>\n<p>Sipas t\u00eb dh\u00ebnave zyrtare te INSTAT n\u00eb krahasim me vitin 2024 administrata publike u zgjerua me rreth 3 mij\u00eb punonj\u00ebs ose me 1.6% m\u00eb shum\u00eb, duke sh\u00ebnuar nivelin m\u00eb t\u00eb lart\u00eb n\u00eb q\u00eb nga viti 2002.<\/p>\n<p>N\u00eb vitin 2002, vendi num\u00ebronte mbi 3 milion\u00eb banor\u00eb dhe sh\u00ebrbehej nga rreth 186 mij\u00eb punonj\u00ebs publik\u00eb. Vitin e kaluar, 23 vite m\u00eb pas popullsia ka p\u00ebsuar nj\u00eb r\u00ebnie drastike prej 22%, duke zbritur n\u00eb rreth 2.36 milion\u00eb banor\u00eb, nj\u00eb tkurrje q\u00eb reflekton plag\u00ebt e emigrimit dhe r\u00ebnies s\u00eb lindshm\u00ebris\u00eb.<\/p>\n<p>Megjithat\u00eb, n\u00eb vend q\u00eb t\u00eb ndiqte k\u00ebt\u00eb trend r\u00ebn\u00ebs apo t\u00eb reflektonte automatizimin e sh\u00ebrbimeve p\u00ebrmes investimeve qindra miliona eurosh n\u00eb platforma digjitale, numri i punonj\u00ebsve n\u00eb administrat\u00eb ka sh\u00ebnuar rritje t\u00eb shpejt\u00eb sidomos pas vitit 2018.<\/p>\n<p>N\u00eb vitin 2014, fondet p\u00ebr paga dhe kontribute p\u00ebr punonj\u00ebsit e shtetit ishin rreth 71.4 miliard\u00eb lek\u00eb, nd\u00ebrsa numri i t\u00eb pun\u00ebsuarve n\u00eb sektorin publik ishte rreth 163 mij\u00eb persona.<\/p>\n<p>Nj\u00ebmb\u00ebdhjet\u00eb vite m\u00eb von\u00eb, n\u00eb vitin 2025, administrata publike num\u00ebron rreth mbi 185 mij\u00eb punonj\u00ebs dhe shpenzimet buxhetore p\u00ebr personelin jan\u00eb rritur n\u00eb rreth 125.7 miliard\u00eb lek\u00eb. Q\u00eb nga 2024 n\u00eb 2025, numri i punonj\u00ebsve n\u00eb sektorin shtet\u00ebror \u00ebsht\u00eb zgjeruar me 12.7 p\u00ebr qind, nd\u00ebrsa shpenzimet ndaj tyre jan\u00eb rritur me 76 p\u00ebr qind.<img loading=\"lazy\" decoding=\"async\" alt=\"\" src=\"https:\/\/ads2.panorama.com.al\/www\/delivery\/lg.php?bannerid=0&amp;campaignid=0&amp;zoneid=1015&amp;loc=https%3A%2F%2Fwww.panorama.com.al%2Fsherbimet-online-por-administrata-publike-arrin-ne-185-4-mije-punonjes-rekordi-i-23-viteve%2F&amp;referer=https%3A%2F%2Fwww.panorama.com.al%2F&amp;cb=89b51a49e9\" width=\"0\" height=\"0\" \/><\/p>\n<p>Rritja nuk ka qen\u00eb vet\u00ebm n\u00eb numrin e punonj\u00ebsve dhe fondet p\u00ebr paga. Paralelisht, investimet p\u00ebr qeverisjen digjitale jan\u00eb shtuar me ritme t\u00eb shpejta n\u00eb 6 vitet e fundit.<\/p>\n<p>N\u00eb 2025, financimi p\u00ebr e-qeverisjen u rrit me tre her\u00eb brenda vitit, duke arritur n\u00eb 20.1 miliard\u00eb lek\u00eb (mbi 200 milion\u00eb euro), nga rreth 3.3 miliard\u00eb lek\u00eb q\u00eb jepeshin n\u00eb vitin 2019, n\u00eb nj\u00eb total prej 48.4 miliard\u00eb lek\u00ebsh n\u00eb 4 vjet, ose gati 500 mln euro.<\/p>\n<p>Qeveria e ka paraqitur digjitalizimin si nj\u00eb nga shtyllat kryesore t\u00eb modernizimit t\u00eb administrat\u00ebs dhe p\u00ebrmir\u00ebsimit t\u00eb sh\u00ebrbimeve p\u00ebr qytetar\u00ebt dhe bizneset. T\u00eb dh\u00ebnat e tjera t\u00eb Eurostat tregojn\u00eb se shqiptar\u00ebt e p\u00ebrdorin e-qeverisjen m\u00eb shum\u00eb se mesatarja e Bashkimit Europian, p\u00ebr shkak se shum\u00eb sh\u00ebrbime tashm\u00eb mund t\u00eb merren vet\u00ebm online. 78% e qytetar\u00ebve shqiptar\u00eb nd\u00ebrvepruan me autoritetet publike n\u00eb m\u00ebnyr\u00eb online gjat\u00eb 12 muajve t\u00eb m\u00ebparsh\u00ebm, n\u00eb krahasim me 72% q\u00eb ishte mesatarja e Bashkimit Europian.<\/p>\n<p>shqiptaret-e-perdorin-e-qeverisjen-me-shume-sesa-mesatarja-e-bashkimit-europian<\/p>\n<p>Megjith\u00eb k\u00ebto investime, sh\u00ebrbimet publike digjitale kan\u00eb shfaqur probleme serioze funksionimi gjat\u00eb muajve t\u00eb fundit. Platforma kryesore e-Albania e sh\u00ebrbimeve elektronike p\u00ebr qytetar\u00ebt dhe bizneset \u00ebsht\u00eb p\u00ebrballur me nd\u00ebrprerje t\u00eb shpeshta, vonesa dhe pamund\u00ebsi aksesimi, duke krijuar v\u00ebshtir\u00ebsi reale n\u00eb marrjen e dokumenteve, kryerjen e procedurave administrative dhe p\u00ebrmbushjen e detyrimeve ligjore k\u00ebt\u00eb vit.<\/p>\n<p>Kalimi i sh\u00ebrbimeve online duhet t\u00eb kishte sjell\u00eb nj\u00eb administrat\u00eb m\u00eb t\u00eb vog\u00ebl, por shifrat d\u00ebshmojn\u00eb se p\u00ebr \u00e7do qytetar q\u00eb largohet nga vendi, barra e administrat\u00ebs mbi ata q\u00eb mbeten b\u00ebhet gjithnj\u00eb e m\u00eb e r\u00ebnd\u00eb. N\u00eb vitin 2003, kishte rreth 16 banor\u00eb p\u00ebr \u00e7do punonj\u00ebs shteti, nd\u00ebrsa n\u00eb vitin 2025 ky raport pritet t\u00eb ngushtohet n\u00eb m\u00eb pak se 13 banor\u00eb p\u00ebr nj\u00eb punonj\u00ebs, duke e kthyer sektorin publik n\u00eb nj\u00eb struktur\u00eb t\u00eb fryr\u00eb q\u00eb nuk i p\u00ebrgjigjet realitetit t\u00eb ri demografik dhe as modernizimit t\u00eb paguar shtrenjt\u00eb nga taksapaguesit.\/\u00a0Monitor<\/p>\n","protected":false},"excerpt":{"rendered":"<p>13 Mars 2026 N\u00eb tremujorin e fundit t\u00eb vitit t\u00eb kaluar numri i punonj\u00ebsve n\u00eb sektorin shtet\u00ebror u zgjerua m\u00eb tej duke arritur n\u00eb 186,581 persona, teksa numri mesatar p\u00ebr t\u00eb gjith\u00eb vitin 2025 ishte 185,386\u00a0 punonj\u00ebs. Sipas t\u00eb dh\u00ebnave zyrtare te INSTAT n\u00eb krahasim me vitin 2024 administrata publike u zgjerua me rreth 3 [&hellip;]<\/p>\n","protected":false},"author":9,"featured_media":98390,"comment_status":"open","ping_status":"open","sticky":false,"template":"","format":"standard","meta":{"jetpack_post_was_ever_published":false,"_jetpack_newsletter_access":"","_jetpack_dont_email_post_to_subs":false,"_jetpack_newsletter_tier_id":0,"_jetpack_memberships_contains_paywalled_content":false,"_jetpack_memberships_contains_paid_content":false,"footnotes":"","jetpack_publicize_message":"","jetpack_publicize_feature_enabled":true,"jetpack_social_post_already_shared":true,"jetpack_social_options":{"image_generator_settings":{"template":"highway","default_image_id":0,"font":"","enabled":false},"version":2}},"categories":[27,1,2],"tags":[],"class_list":["post-98389","post","type-post","status-publish","format-standard","has-post-thumbnail","hentry","category-blogu-i-udhetarit","category-njoftime-shtypi","category-politika"],"jetpack_publicize_connections":[],"jetpack_featured_media_url":"https:\/\/i0.wp.com\/www.shqiperia.com\/blog\/wp-content\/uploads\/2026\/03\/administrata1.jpg?fit=905%2C395&ssl=1","jetpack_sharing_enabled":true,"jetpack_shortlink":"https:\/\/wp.me\/p5Z6wp-pAV","jetpack-related-posts":[{"id":66064,"url":"https:\/\/www.shqiperia.com\/blog\/shtohet-administrata-para-zgjedhjeve-2-mije-te-punesuar-me-shume-nga-viti-2014-u-shtuan-18-200-punonjes\/","url_meta":{"origin":98389,"position":0},"title":"Shtohet administrata para zgjedhjeve: &#8211; 2 mij\u00eb t\u00eb pun\u00ebsuar m\u00eb shum\u00eb. &#8211; Nga viti 2014 u shtuan 18.200 punonj\u00ebs","author":"Kurt Farka","date":"January 7, 2023","format":false,"excerpt":"7 Dhjetor 2023 Pavar\u00ebsisht deklaratave dhe zotimeve p\u00ebr t\u00eb shkuar drejt sh\u00ebrbimeve online \u00e7ka pritej t\u00eb sillte edhe nj\u00eb reduktim t\u00eb sporteleve dhe punonj\u00ebsve t\u00eb administrat\u00ebs, numri i tyre vijon t\u00eb rritet vit pas viti. Sipas t\u00eb dh\u00ebnave t\u00eb Instat, numri i t\u00eb pun\u00ebsuarve n\u00eb shtet arriti n\u00eb fund t\u00eb\u2026","rel":"","context":"In &quot;Blogu i Udh\u00ebtarit&quot;","block_context":{"text":"Blogu i Udh\u00ebtarit","link":"https:\/\/www.shqiperia.com\/blog\/category\/blogu-i-udhetarit\/"},"img":{"alt_text":"","src":"https:\/\/i0.wp.com\/www.shqiperia.com\/blog\/wp-content\/uploads\/2023\/01\/admiistrata-jo-sherblime.jpg?fit=900%2C507&ssl=1&resize=350%2C200","width":350,"height":200,"srcset":"https:\/\/i0.wp.com\/www.shqiperia.com\/blog\/wp-content\/uploads\/2023\/01\/admiistrata-jo-sherblime.jpg?fit=900%2C507&ssl=1&resize=350%2C200 1x, https:\/\/i0.wp.com\/www.shqiperia.com\/blog\/wp-content\/uploads\/2023\/01\/admiistrata-jo-sherblime.jpg?fit=900%2C507&ssl=1&resize=525%2C300 1.5x, https:\/\/i0.wp.com\/www.shqiperia.com\/blog\/wp-content\/uploads\/2023\/01\/admiistrata-jo-sherblime.jpg?fit=900%2C507&ssl=1&resize=700%2C400 2x"},"classes":[]},{"id":66016,"url":"https:\/\/www.shqiperia.com\/blog\/partia-e-lirise-ngre-shqetesimin-qeveria-rama-hap-vende-pune-per-te-rehatuar-patronazhistet-per-qellime-elektorale-ndersa-mijera-biznese-falimentojne\/","url_meta":{"origin":98389,"position":1},"title":"Partia e Liris\u00eb ngre shqet\u00ebsimin: &#8211; Qeveria Rama hap vende pune p\u00ebr t\u00eb \u201crehatuar\u201d patronazhist\u00ebt, p\u00ebr q\u00ebllime elektorale. &#8211; Nd\u00ebrsa mij\u00ebra biznese falimentojn\u00eb","author":"Kurt Farka","date":"January 5, 2023","format":false,"excerpt":"5 Janar 2023 Partia e Liris\u00eb, duke iu referuar shifrave zyrtare t\u00eb Institutit t\u00eb Statistikave, ka denoncuar kryeministrin Edi Rama se po \u201cfryn n\u00eb m\u00ebnyr\u00eb t\u00eb paligjshme dhe politike shtetin me patronazhist\u00eb p\u00ebr q\u00ebllime elektorale\u201d. Sipas Sekretarit t\u00eb P\u00ebrgjithsh\u00ebm t\u00eb PL-s\u00eb, Tedi Blushi, kjo fryrje \u201cpo shkat\u00ebrron Buxhetin e Shtetit\u201d.\u2026","rel":"","context":"In &quot;Blogu i Udh\u00ebtarit&quot;","block_context":{"text":"Blogu i Udh\u00ebtarit","link":"https:\/\/www.shqiperia.com\/blog\/category\/blogu-i-udhetarit\/"},"img":{"alt_text":"","src":"https:\/\/i0.wp.com\/www.shqiperia.com\/blog\/wp-content\/uploads\/2023\/01\/WhatsApp-Image-2022-11-07-at-12.03.50.jpeg?fit=1200%2C626&ssl=1&resize=350%2C200","width":350,"height":200,"srcset":"https:\/\/i0.wp.com\/www.shqiperia.com\/blog\/wp-content\/uploads\/2023\/01\/WhatsApp-Image-2022-11-07-at-12.03.50.jpeg?fit=1200%2C626&ssl=1&resize=350%2C200 1x, https:\/\/i0.wp.com\/www.shqiperia.com\/blog\/wp-content\/uploads\/2023\/01\/WhatsApp-Image-2022-11-07-at-12.03.50.jpeg?fit=1200%2C626&ssl=1&resize=525%2C300 1.5x, https:\/\/i0.wp.com\/www.shqiperia.com\/blog\/wp-content\/uploads\/2023\/01\/WhatsApp-Image-2022-11-07-at-12.03.50.jpeg?fit=1200%2C626&ssl=1&resize=700%2C400 2x, https:\/\/i0.wp.com\/www.shqiperia.com\/blog\/wp-content\/uploads\/2023\/01\/WhatsApp-Image-2022-11-07-at-12.03.50.jpeg?fit=1200%2C626&ssl=1&resize=1050%2C600 3x"},"classes":[]},{"id":49904,"url":"https:\/\/www.shqiperia.com\/blog\/kete-vit-12-000-punesime-me-shume-ne-administraten-publike\/","url_meta":{"origin":98389,"position":2},"title":"K\u00ebt\u00eb vit 12 000 pun\u00ebsime m\u00eb shume ne administraten publike.","author":"Kurt Farka","date":"September 16, 2021","format":false,"excerpt":"K\u00ebt\u00eb vit 12 000 pun\u00ebsime m\u00eb shume ne administraten publike. Nga: Erjola Jata 15 Shtator 2021 \u201cAdministrata publike me 185 000 punonj\u00ebs, numri m\u00eb i lart\u00eb q\u00eb nga 2002. K\u00ebt\u00eb vit 12 000 pun\u00ebsime m\u00eb shum\u00eb se n\u00eb 2020.\u201d T\u00eb dh\u00ebnat m\u00eb t\u00eb fundit t\u00eb Institutit t\u00eb Statistikave raportojn\u00eb se\u2026","rel":"","context":"In &quot;Blogu i Udh\u00ebtarit&quot;","block_context":{"text":"Blogu i Udh\u00ebtarit","link":"https:\/\/www.shqiperia.com\/blog\/category\/blogu-i-udhetarit\/"},"img":{"alt_text":"","src":"https:\/\/i0.wp.com\/www.shqiperia.com\/blog\/wp-content\/uploads\/2021\/09\/16317537-foto.jpg?fit=869%2C350&ssl=1&resize=350%2C200","width":350,"height":200,"srcset":"https:\/\/i0.wp.com\/www.shqiperia.com\/blog\/wp-content\/uploads\/2021\/09\/16317537-foto.jpg?fit=869%2C350&ssl=1&resize=350%2C200 1x, https:\/\/i0.wp.com\/www.shqiperia.com\/blog\/wp-content\/uploads\/2021\/09\/16317537-foto.jpg?fit=869%2C350&ssl=1&resize=525%2C300 1.5x, https:\/\/i0.wp.com\/www.shqiperia.com\/blog\/wp-content\/uploads\/2021\/09\/16317537-foto.jpg?fit=869%2C350&ssl=1&resize=700%2C400 2x"},"classes":[]},{"id":79605,"url":"https:\/\/www.shqiperia.com\/blog\/ja-si-eshte-pushtuar-administrata-nga-familjaret-e-deputeteve-dhe-politikaneve-nga-evis-kushi-etilda-gjonaj-deri-te-lindita-nikolla-dhe-ferdinad-xhaferraj\/","url_meta":{"origin":98389,"position":3},"title":"Ja si \u00ebsht\u00eb \u201cpushtuar\u201d administrata nga familjar\u00ebt e deputet\u00ebve dhe politikan\u00ebve, nga Evis Kushi, Etilda Gjonaj, deri te Lindita Nikolla dhe Ferdinad Xhaferraj","author":"Kurt Farka","date":"March 25, 2024","format":false,"excerpt":"25 Mars 2024 Nuk u mjafton vjedhja e buxhetit t\u00eb shtetit p\u00ebrmes tenderave dhe grabitja e pasurive publike, por kan\u00eb kapur edhe administrat\u00ebn publike p\u00ebrmes familjar\u00ebve t\u00eb tyre. Administrata publike n\u00eb Shqip\u00ebri \u00ebsht\u00eb nj\u00eb oaz p\u00ebr grat\u00eb dhe f\u00ebmij\u00ebt e pushtetar\u00ebve. Nd\u00ebrsa shqiptar\u00ebt punojn\u00eb n\u00eb fabrika, n\u00eb emigracion, k\u00ebrkojn\u00eb azil\u2026","rel":"","context":"In &quot;Blogu i Udh\u00ebtarit&quot;","block_context":{"text":"Blogu i Udh\u00ebtarit","link":"https:\/\/www.shqiperia.com\/blog\/category\/blogu-i-udhetarit\/"},"img":{"alt_text":"","src":"https:\/\/i0.wp.com\/www.shqiperia.com\/blog\/wp-content\/uploads\/2024\/03\/800-0-6601432bb6655.jpg?fit=800%2C474&ssl=1&resize=350%2C200","width":350,"height":200,"srcset":"https:\/\/i0.wp.com\/www.shqiperia.com\/blog\/wp-content\/uploads\/2024\/03\/800-0-6601432bb6655.jpg?fit=800%2C474&ssl=1&resize=350%2C200 1x, https:\/\/i0.wp.com\/www.shqiperia.com\/blog\/wp-content\/uploads\/2024\/03\/800-0-6601432bb6655.jpg?fit=800%2C474&ssl=1&resize=525%2C300 1.5x, https:\/\/i0.wp.com\/www.shqiperia.com\/blog\/wp-content\/uploads\/2024\/03\/800-0-6601432bb6655.jpg?fit=800%2C474&ssl=1&resize=700%2C400 2x"},"classes":[]},{"id":90954,"url":"https:\/\/www.shqiperia.com\/blog\/ikja-masive-e-shqiptareve-nuk-ka-te-ndalur-eurostat-gati-100-mije-shqiptare-emigruan-ne-vendet-e-be-se-vetem-ne-vitet-2022-2023-ja-destinacioni-i-tyre-kryesor\/","url_meta":{"origin":98389,"position":4},"title":"Ikja masive e shqiptar\u00ebve nuk ka te ndalur, Eurostat: &#8211; Gati 100 mij\u00eb shqiptar\u00eb emigruan n\u00eb vendet e BE-s\u00eb vet\u00ebm n\u00eb vitet 2022-2023! Ja destinacioni i tyre kryesor","author":"Kurt Farka","date":"April 1, 2025","format":false,"excerpt":"1 Prill 2025 Ritmet e emigracionit jan\u00eb p\u00ebrshpejtuar ndjesh\u00ebm vitet e fundit, duke tejkaluar dhe nivelin e vitit 2015, kur u konstatua nj\u00eb ikje masive. Teksa n\u00eb 2015-n e dh\u00ebna u reflektua direkt n\u00eb k\u00ebrkesat p\u00ebr azil n\u00eb Bashkimin Europian, treguesi real tashm\u00eb jepet nga e dh\u00ebna tjet\u00ebr p\u00ebr emigrant\u00ebt\u2026","rel":"","context":"In &quot;Blogu i Udh\u00ebtarit&quot;","block_context":{"text":"Blogu i Udh\u00ebtarit","link":"https:\/\/www.shqiperia.com\/blog\/category\/blogu-i-udhetarit\/"},"img":{"alt_text":"","src":"https:\/\/i0.wp.com\/www.shqiperia.com\/blog\/wp-content\/uploads\/2025\/04\/emigrantet-1-600x360-1.jpg?fit=600%2C360&ssl=1&resize=350%2C200","width":350,"height":200,"srcset":"https:\/\/i0.wp.com\/www.shqiperia.com\/blog\/wp-content\/uploads\/2025\/04\/emigrantet-1-600x360-1.jpg?fit=600%2C360&ssl=1&resize=350%2C200 1x, https:\/\/i0.wp.com\/www.shqiperia.com\/blog\/wp-content\/uploads\/2025\/04\/emigrantet-1-600x360-1.jpg?fit=600%2C360&ssl=1&resize=525%2C300 1.5x"},"classes":[]},{"id":19378,"url":"https:\/\/www.shqiperia.com\/blog\/kriza-e-biznesit-te-vogel-nje-ne-kater-te-vetepunesuar-falimentoi\/","url_meta":{"origin":98389,"position":5},"title":"Kriza e biznesit t\u00eb vog\u00ebl, nj\u00eb n\u00eb kat\u00ebr t\u00eb vet\u00ebpun\u00ebsuar falimentoi. &#8211;","author":"Kurt Farka","date":"April 8, 2019","format":false,"excerpt":"Kriza e biznesit t\u00eb vog\u00ebl, nj\u00eb n\u00eb kat\u00ebr t\u00eb vet\u00ebpun\u00ebsuar falimentoi. - l 8 prill 2019 Nga: Gjergj Erebara \/ BIRN Numri i shqiptar\u00ebve t\u00eb vet\u00ebpun\u00ebsuar me sigurime shoq\u00ebrore ra n\u00eb m\u00ebnyr\u00eb dramatike gjat\u00eb vitit 2018, duke reflektuar nj\u00eb kriz\u00eb t\u00eb gjer\u00eb mes biznesit t\u00eb vog\u00ebl, b\u00ebhet e ditur nga\u2026","rel":"","context":"In &quot;Blogu i Udh\u00ebtarit&quot;","block_context":{"text":"Blogu i Udh\u00ebtarit","link":"https:\/\/www.shqiperia.com\/blog\/category\/blogu-i-udhetarit\/"},"img":{"alt_text":"","src":"https:\/\/i0.wp.com\/www.shqiperia.com\/blog\/wp-content\/uploads\/2019\/04\/business-closed-ss-1920-905x395.jpg?fit=866%2C395&ssl=1&resize=350%2C200","width":350,"height":200,"srcset":"https:\/\/i0.wp.com\/www.shqiperia.com\/blog\/wp-content\/uploads\/2019\/04\/business-closed-ss-1920-905x395.jpg?fit=866%2C395&ssl=1&resize=350%2C200 1x, https:\/\/i0.wp.com\/www.shqiperia.com\/blog\/wp-content\/uploads\/2019\/04\/business-closed-ss-1920-905x395.jpg?fit=866%2C395&ssl=1&resize=525%2C300 1.5x, https:\/\/i0.wp.com\/www.shqiperia.com\/blog\/wp-content\/uploads\/2019\/04\/business-closed-ss-1920-905x395.jpg?fit=866%2C395&ssl=1&resize=700%2C400 2x"},"classes":[]}],"_links":{"self":[{"href":"https:\/\/www.shqiperia.com\/blog\/wp-json\/wp\/v2\/posts\/98389","targetHints":{"allow":["GET"]}}],"collection":[{"href":"https:\/\/www.shqiperia.com\/blog\/wp-json\/wp\/v2\/posts"}],"about":[{"href":"https:\/\/www.shqiperia.com\/blog\/wp-json\/wp\/v2\/types\/post"}],"author":[{"embeddable":true,"href":"https:\/\/www.shqiperia.com\/blog\/wp-json\/wp\/v2\/users\/9"}],"replies":[{"embeddable":true,"href":"https:\/\/www.shqiperia.com\/blog\/wp-json\/wp\/v2\/comments?post=98389"}],"version-history":[{"count":2,"href":"https:\/\/www.shqiperia.com\/blog\/wp-json\/wp\/v2\/posts\/98389\/revisions"}],"predecessor-version":[{"id":98412,"href":"https:\/\/www.shqiperia.com\/blog\/wp-json\/wp\/v2\/posts\/98389\/revisions\/98412"}],"wp:featuredmedia":[{"embeddable":true,"href":"https:\/\/www.shqiperia.com\/blog\/wp-json\/wp\/v2\/media\/98390"}],"wp:attachment":[{"href":"https:\/\/www.shqiperia.com\/blog\/wp-json\/wp\/v2\/media?parent=98389"}],"wp:term":[{"taxonomy":"category","embeddable":true,"href":"https:\/\/www.shqiperia.com\/blog\/wp-json\/wp\/v2\/categories?post=98389"},{"taxonomy":"post_tag","embeddable":true,"href":"https:\/\/www.shqiperia.com\/blog\/wp-json\/wp\/v2\/tags?post=98389"}],"curies":[{"name":"wp","href":"https:\/\/api.w.org\/{rel}","templated":true}]}}