{"id":98386,"date":"2026-03-13T06:44:02","date_gmt":"2026-03-13T06:44:02","guid":{"rendered":"https:\/\/www.shqiperia.com\/blog\/?p=98386"},"modified":"2026-03-13T06:44:02","modified_gmt":"2026-03-13T06:44:02","slug":"temperatura-pranverore-deri-ne-24-grade-njihuni-me-parashikimin-e-motit-per-sot","status":"publish","type":"post","link":"https:\/\/www.shqiperia.com\/blog\/temperatura-pranverore-deri-ne-24-grade-njihuni-me-parashikimin-e-motit-per-sot\/","title":{"rendered":"Temperatura pranverore deri n\u00eb 24 grad\u00eb, njihuni me parashikimin e motit p\u00ebr sot"},"content":{"rendered":"<p><img data-recalc-dims=\"1\" loading=\"lazy\" decoding=\"async\" data-attachment-id=\"98387\" data-permalink=\"https:\/\/www.shqiperia.com\/blog\/temperatura-pranverore-deri-ne-24-grade-njihuni-me-parashikimin-e-motit-per-sot\/dita-e-veres-1140x570\/\" data-orig-file=\"https:\/\/i0.wp.com\/www.shqiperia.com\/blog\/wp-content\/uploads\/2026\/03\/dita-e-veres-1140x570-1.jpg?fit=1140%2C570&amp;ssl=1\" data-orig-size=\"1140,570\" data-comments-opened=\"1\" data-image-meta=\"{&quot;aperture&quot;:&quot;0&quot;,&quot;credit&quot;:&quot;&quot;,&quot;camera&quot;:&quot;&quot;,&quot;caption&quot;:&quot;&quot;,&quot;created_timestamp&quot;:&quot;0&quot;,&quot;copyright&quot;:&quot;&quot;,&quot;focal_length&quot;:&quot;0&quot;,&quot;iso&quot;:&quot;0&quot;,&quot;shutter_speed&quot;:&quot;0&quot;,&quot;title&quot;:&quot;&quot;,&quot;orientation&quot;:&quot;0&quot;}\" data-image-title=\"dita-e-veres-1140&#215;570\" data-image-description=\"\" data-image-caption=\"\" data-medium-file=\"https:\/\/i0.wp.com\/www.shqiperia.com\/blog\/wp-content\/uploads\/2026\/03\/dita-e-veres-1140x570-1.jpg?fit=300%2C150&amp;ssl=1\" data-large-file=\"https:\/\/i0.wp.com\/www.shqiperia.com\/blog\/wp-content\/uploads\/2026\/03\/dita-e-veres-1140x570-1.jpg?fit=1024%2C512&amp;ssl=1\" class=\"alignnone  wp-image-98387\" alt=\"\" src=\"https:\/\/i0.wp.com\/www.shqiperia.com\/blog\/wp-content\/uploads\/2026\/03\/dita-e-veres-1140x570-1.jpg?resize=608%2C304&#038;ssl=1\" width=\"608\" height=\"304\" srcset=\"https:\/\/i0.wp.com\/www.shqiperia.com\/blog\/wp-content\/uploads\/2026\/03\/dita-e-veres-1140x570-1.jpg?resize=300%2C150&amp;ssl=1 300w, https:\/\/i0.wp.com\/www.shqiperia.com\/blog\/wp-content\/uploads\/2026\/03\/dita-e-veres-1140x570-1.jpg?resize=1024%2C512&amp;ssl=1 1024w, https:\/\/i0.wp.com\/www.shqiperia.com\/blog\/wp-content\/uploads\/2026\/03\/dita-e-veres-1140x570-1.jpg?resize=768%2C384&amp;ssl=1 768w, https:\/\/i0.wp.com\/www.shqiperia.com\/blog\/wp-content\/uploads\/2026\/03\/dita-e-veres-1140x570-1.jpg?resize=450%2C225&amp;ssl=1 450w, https:\/\/i0.wp.com\/www.shqiperia.com\/blog\/wp-content\/uploads\/2026\/03\/dita-e-veres-1140x570-1.jpg?resize=600%2C300&amp;ssl=1 600w, https:\/\/i0.wp.com\/www.shqiperia.com\/blog\/wp-content\/uploads\/2026\/03\/dita-e-veres-1140x570-1.jpg?resize=400%2C200&amp;ssl=1 400w, https:\/\/i0.wp.com\/www.shqiperia.com\/blog\/wp-content\/uploads\/2026\/03\/dita-e-veres-1140x570-1.jpg?w=1140&amp;ssl=1 1140w\" sizes=\"auto, (max-width: 608px) 100vw, 608px\" \/><\/p>\n<p><strong>13 M ars 2026<\/strong><\/p>\n<p><strong>P\u00ebr dit\u00ebn e sotme vendi yn\u00eb do t\u00eb ndikohet nga kushte atmosferike kryesisht i q\u00ebndrueshme. Moti parashikohet me kthjellime e alternime vran\u00ebsirash deri mesatare.<\/strong><\/p>\n<p><a href=\"https:\/\/i0.wp.com\/www.panorama.com.al\/wp-content\/uploads\/2025\/12\/moti1.jpg?ssl=1\"><img data-recalc-dims=\"1\" loading=\"lazy\" decoding=\"async\" class=\"alignnone size-full wp-image-1606886\" alt=\"moti\" src=\"https:\/\/i0.wp.com\/www.panorama.com.al\/wp-content\/uploads\/2025\/12\/moti1.jpg?resize=895%2C592&#038;ssl=1\" width=\"895\" height=\"592\" \/><\/a><\/p>\n<p>Reshjet lokale t\u00eb shiut priten t\u00eb b\u00ebhen prezente n\u00eb or\u00ebt e mesdit\u00ebs deri pasdites p\u00ebrgjat\u00eb relieveve malore n\u00eb lindje dhe juglindje t\u00eb territorit.<\/p>\n<p>Era do t\u00eb fryj\u00eb me drejtim juglindje \u2013 veriper\u00ebndim me shpejt\u00ebsi mesatare 5 m\/s.<\/p>\n<p>Val\u00ebzimi n\u00eb detet Adriatik dhe Jon do t\u00eb jet\u00eb i forces 2-4 ball\u00eb.<\/p>\n","protected":false},"excerpt":{"rendered":"<p>13 M ars 2026 P\u00ebr dit\u00ebn e sotme vendi yn\u00eb do t\u00eb ndikohet nga kushte atmosferike kryesisht i q\u00ebndrueshme. Moti parashikohet me kthjellime e alternime vran\u00ebsirash deri mesatare. Reshjet lokale t\u00eb shiut priten t\u00eb b\u00ebhen prezente n\u00eb or\u00ebt e mesdit\u00ebs deri pasdites p\u00ebrgjat\u00eb relieveve malore n\u00eb lindje dhe juglindje t\u00eb territorit. Era do t\u00eb fryj\u00eb [&hellip;]<\/p>\n","protected":false},"author":9,"featured_media":98387,"comment_status":"open","ping_status":"open","sticky":false,"template":"","format":"standard","meta":{"jetpack_post_was_ever_published":false,"_jetpack_newsletter_access":"","_jetpack_dont_email_post_to_subs":false,"_jetpack_newsletter_tier_id":0,"_jetpack_memberships_contains_paywalled_content":false,"_jetpack_memberships_contains_paid_content":false,"footnotes":"","jetpack_publicize_message":"","jetpack_publicize_feature_enabled":true,"jetpack_social_post_already_shared":true,"jetpack_social_options":{"image_generator_settings":{"template":"highway","default_image_id":0,"font":"","enabled":false},"version":2}},"categories":[1],"tags":[],"class_list":["post-98386","post","type-post","status-publish","format-standard","has-post-thumbnail","hentry","category-njoftime-shtypi"],"jetpack_publicize_connections":[],"jetpack_featured_media_url":"https:\/\/i0.wp.com\/www.shqiperia.com\/blog\/wp-content\/uploads\/2026\/03\/dita-e-veres-1140x570-1.jpg?fit=1140%2C570&ssl=1","jetpack_sharing_enabled":true,"jetpack_shortlink":"https:\/\/wp.me\/p5Z6wp-pAS","jetpack-related-posts":[{"id":98981,"url":"https:\/\/www.shqiperia.com\/blog\/sot-mos-harroni-cadrat\/","url_meta":{"origin":98386,"position":0},"title":"Sot mos harroni \u00e7adrat","author":"Kurt Farka","date":"April 2, 2026","format":false,"excerpt":"2 Prill 2026 Sot vendi yn\u00eb do t\u00eb ndikohet nga kushte atmosferike t\u00eb paq\u00ebndrueshme. Moti parashikohet me vran\u00ebsira mesatare deri t\u00eb dendura. Reshjet e her\u00ebpashershme t\u00eb shiut me intensitet t\u00eb ul\u00ebt parashikohen q\u00eb prej or\u00ebve t\u00eb para t\u00eb 24-or\u00ebshit deri n\u00eb or\u00ebt e m\u00ebngjesit. Gjat\u00eb dit\u00ebs pritet q\u00eb reshjet e\u2026","rel":"","context":"In &quot;Njoftime Shtypi&quot;","block_context":{"text":"Njoftime Shtypi","link":"https:\/\/www.shqiperia.com\/blog\/category\/njoftime-shtypi\/"},"img":{"alt_text":"","src":"https:\/\/i0.wp.com\/www.shqiperia.com\/blog\/wp-content\/uploads\/2026\/04\/900-0-mot-me-shi_sd.webp?fit=1200%2C675&ssl=1&resize=350%2C200","width":350,"height":200,"srcset":"https:\/\/i0.wp.com\/www.shqiperia.com\/blog\/wp-content\/uploads\/2026\/04\/900-0-mot-me-shi_sd.webp?fit=1200%2C675&ssl=1&resize=350%2C200 1x, https:\/\/i0.wp.com\/www.shqiperia.com\/blog\/wp-content\/uploads\/2026\/04\/900-0-mot-me-shi_sd.webp?fit=1200%2C675&ssl=1&resize=525%2C300 1.5x, https:\/\/i0.wp.com\/www.shqiperia.com\/blog\/wp-content\/uploads\/2026\/04\/900-0-mot-me-shi_sd.webp?fit=1200%2C675&ssl=1&resize=700%2C400 2x, https:\/\/i0.wp.com\/www.shqiperia.com\/blog\/wp-content\/uploads\/2026\/04\/900-0-mot-me-shi_sd.webp?fit=1200%2C675&ssl=1&resize=1050%2C600 3x"},"classes":[]},{"id":96504,"url":"https:\/\/www.shqiperia.com\/blog\/shi-dhe-debore-temperatura-deri-ne-3-grade-ja-parashikimi-i-motit-per-diten-e-sotme\/","url_meta":{"origin":98386,"position":1},"title":"Shi dhe d\u00ebbor\u00eb, temperatura deri n\u00eb -3 grad\u00eb! Ja parashikimi i motit p\u00ebr dit\u00ebn e sotme","author":"Kurt Farka","date":"January 11, 2026","format":false,"excerpt":"11 Janar 2026 Dit\u00ebn e sotme vendi yn\u00eb do t\u00eb ndikohet nga kushte atmosferike relativit t\u00eb paq\u00ebndrueshme. Sipas Sh\u00ebrbimit Meteorologjik Ushtarak moti parashikohet fillimisht me vran\u00ebsira mesatare deri t\u00eb dendura dhe prej or\u00ebve t\u00eb mesdit\u00ebs mot kryesisht me kthjellime e alternime vran\u00ebsirash kalimtare. Reshje shiu t\u00eb her\u00ebpashershme me intensitet t\u00eb\u2026","rel":"","context":"In &quot;Blogu i Udh\u00ebtarit&quot;","block_context":{"text":"Blogu i Udh\u00ebtarit","link":"https:\/\/www.shqiperia.com\/blog\/category\/blogu-i-udhetarit\/"},"img":{"alt_text":"","src":"https:\/\/i0.wp.com\/www.shqiperia.com\/blog\/wp-content\/uploads\/2026\/01\/504965833_4225318397691431_1311002239026987259_n.jpg?fit=1200%2C734&ssl=1&resize=350%2C200","width":350,"height":200,"srcset":"https:\/\/i0.wp.com\/www.shqiperia.com\/blog\/wp-content\/uploads\/2026\/01\/504965833_4225318397691431_1311002239026987259_n.jpg?fit=1200%2C734&ssl=1&resize=350%2C200 1x, https:\/\/i0.wp.com\/www.shqiperia.com\/blog\/wp-content\/uploads\/2026\/01\/504965833_4225318397691431_1311002239026987259_n.jpg?fit=1200%2C734&ssl=1&resize=525%2C300 1.5x, https:\/\/i0.wp.com\/www.shqiperia.com\/blog\/wp-content\/uploads\/2026\/01\/504965833_4225318397691431_1311002239026987259_n.jpg?fit=1200%2C734&ssl=1&resize=700%2C400 2x, https:\/\/i0.wp.com\/www.shqiperia.com\/blog\/wp-content\/uploads\/2026\/01\/504965833_4225318397691431_1311002239026987259_n.jpg?fit=1200%2C734&ssl=1&resize=1050%2C600 3x"},"classes":[]},{"id":96417,"url":"https:\/\/www.shqiperia.com\/blog\/parashikimi-i-motit-per-sot-temperaturat-ulen-deri-ne-6-grade-ne-zonat-malore\/","url_meta":{"origin":98386,"position":2},"title":"Parashikimi i motit p\u00ebr sot. &#8211; Temperaturat ulen deri n\u00eb -6 grad\u00eb n\u00eb zonat malore","author":"Kurt Farka","date":"January 9, 2026","format":false,"excerpt":"9 Janar 2026 Dit\u00ebn e sotme n\u00eb qarqet Shkod\u00ebr, Kuk\u00ebs, Lezh\u00eb priten reshje mesatare deri lokalisht intensive nd\u00ebrsa n\u00eb Dib\u00ebr priten reshje mesatare. N\u00eb qarqet Durr\u00ebs, Tiran\u00eb, Elbasan priten reshje t\u00eb dob\u00ebta deri lokalisht mesatare nd\u00ebrsa n\u00eb qarqet e tjera priten reshje t\u00eb dob\u00ebta. Reshjet priten t\u00eb shoq\u00ebrohen me shtr\u00ebngata.\u2026","rel":"","context":"In &quot;Njoftime Shtypi&quot;","block_context":{"text":"Njoftime Shtypi","link":"https:\/\/www.shqiperia.com\/blog\/category\/njoftime-shtypi\/"},"img":{"alt_text":"","src":"https:\/\/i0.wp.com\/www.shqiperia.com\/blog\/wp-content\/uploads\/2026\/01\/skynews-snow-scotland-uk-weather_6079148.webp?fit=1200%2C675&ssl=1&resize=350%2C200","width":350,"height":200,"srcset":"https:\/\/i0.wp.com\/www.shqiperia.com\/blog\/wp-content\/uploads\/2026\/01\/skynews-snow-scotland-uk-weather_6079148.webp?fit=1200%2C675&ssl=1&resize=350%2C200 1x, https:\/\/i0.wp.com\/www.shqiperia.com\/blog\/wp-content\/uploads\/2026\/01\/skynews-snow-scotland-uk-weather_6079148.webp?fit=1200%2C675&ssl=1&resize=525%2C300 1.5x, https:\/\/i0.wp.com\/www.shqiperia.com\/blog\/wp-content\/uploads\/2026\/01\/skynews-snow-scotland-uk-weather_6079148.webp?fit=1200%2C675&ssl=1&resize=700%2C400 2x, https:\/\/i0.wp.com\/www.shqiperia.com\/blog\/wp-content\/uploads\/2026\/01\/skynews-snow-scotland-uk-weather_6079148.webp?fit=1200%2C675&ssl=1&resize=1050%2C600 3x"},"classes":[]},{"id":95197,"url":"https:\/\/www.shqiperia.com\/blog\/ja-cfare-pritet-te-ndodhe-me-temperaturat\/","url_meta":{"origin":98386,"position":3},"title":"Ja \u00e7far\u00eb pritet t\u00eb ndodh\u00eb me temperaturat","author":"Kurt Farka","date":"November 27, 2025","format":false,"excerpt":"27 Nentor 2025 Dit\u00ebn e premte vendi yn\u00eb do t\u00eb ndikohet nga kushte atmosferike t\u00eb paq\u00ebndrueshme. Moti parashikohet t\u00eb jet\u00eb me vran\u00ebsira mesatare e t\u00eb denduar. Reshjet e shiut priten t\u00eb jen\u00eb prezente q\u00eb n\u00eb or\u00ebt e para t\u00eb 24-or\u00ebshit deri n\u00eb or\u00ebt e mesdit\u00ebs n\u00eb pjes\u00ebn m\u00eb t\u00eb madhe\u2026","rel":"","context":"In &quot;Blogu i Udh\u00ebtarit&quot;","block_context":{"text":"Blogu i Udh\u00ebtarit","link":"https:\/\/www.shqiperia.com\/blog\/category\/blogu-i-udhetarit\/"},"img":{"alt_text":"","src":"https:\/\/i0.wp.com\/www.shqiperia.com\/blog\/wp-content\/uploads\/2025\/11\/640-0-1742797637x640-0-moti-shiu-2-698-705.jpg?fit=640%2C360&ssl=1&resize=350%2C200","width":350,"height":200,"srcset":"https:\/\/i0.wp.com\/www.shqiperia.com\/blog\/wp-content\/uploads\/2025\/11\/640-0-1742797637x640-0-moti-shiu-2-698-705.jpg?fit=640%2C360&ssl=1&resize=350%2C200 1x, https:\/\/i0.wp.com\/www.shqiperia.com\/blog\/wp-content\/uploads\/2025\/11\/640-0-1742797637x640-0-moti-shiu-2-698-705.jpg?fit=640%2C360&ssl=1&resize=525%2C300 1.5x"},"classes":[]},{"id":98705,"url":"https:\/\/www.shqiperia.com\/blog\/rikthehet-dimri-ne-pranvere-moti-ben-kthesen-e-papritur-per-neser-ja-cfare-pritet-te-ndodhe-me-temperaturat\/","url_meta":{"origin":98386,"position":4},"title":"Rikthehet \u201cdimri\u201d n\u00eb pranver\u00eb\/ Moti b\u00ebn kthes\u00ebn e papritur p\u00ebr nes\u00ebr, ja \u00e7far\u00eb pritet t\u00eb ndodh\u00eb me temperaturat","author":"Kurt Farka","date":"March 26, 2026","format":false,"excerpt":"26 Mars 2026 Dit\u00ebn e Premte vendi yn\u00eb do t\u00eb ndikohet nga kushte atmosferike t\u00eb paq\u00ebndrueshme. Moti parashikohet me vran\u00ebsira mesatare deri t\u00eb dendura si dhe intervale t\u00eb her\u00ebpashershme me diell dhe kryesisht p\u00ebrgjat\u00eb ult\u00ebsir\u00ebs per\u00ebndimore. Reshjet e shiut do t\u00eb b\u00ebhen prezente q\u00eb n\u00eb or\u00ebt e para t\u00eb 24-or\u00ebshit\u2026","rel":"","context":"In &quot;Blogu i Udh\u00ebtarit&quot;","block_context":{"text":"Blogu i Udh\u00ebtarit","link":"https:\/\/www.shqiperia.com\/blog\/category\/blogu-i-udhetarit\/"},"img":{"alt_text":"","src":"https:\/\/i0.wp.com\/www.shqiperia.com\/blog\/wp-content\/uploads\/2026\/03\/moti-bor-acar-ftoht-750x401-1.jpg?fit=750%2C401&ssl=1&resize=350%2C200","width":350,"height":200,"srcset":"https:\/\/i0.wp.com\/www.shqiperia.com\/blog\/wp-content\/uploads\/2026\/03\/moti-bor-acar-ftoht-750x401-1.jpg?fit=750%2C401&ssl=1&resize=350%2C200 1x, https:\/\/i0.wp.com\/www.shqiperia.com\/blog\/wp-content\/uploads\/2026\/03\/moti-bor-acar-ftoht-750x401-1.jpg?fit=750%2C401&ssl=1&resize=525%2C300 1.5x, https:\/\/i0.wp.com\/www.shqiperia.com\/blog\/wp-content\/uploads\/2026\/03\/moti-bor-acar-ftoht-750x401-1.jpg?fit=750%2C401&ssl=1&resize=700%2C400 2x"},"classes":[]},{"id":98858,"url":"https:\/\/www.shqiperia.com\/blog\/moti-per-neser-ja-cfare-pritet-te-ndodhe-me-temperaturat\/","url_meta":{"origin":98386,"position":5},"title":"Moti  p\u00ebr nes\u00ebr, ja \u00e7far\u00eb pritet t\u00eb ndodh\u00eb me temperaturat","author":"Kurt Farka","date":"March 30, 2026","format":false,"excerpt":"30 Mars 2026 Dit\u00ebn e nes\u00ebrme vendi yn\u00eb do t\u00eb ndikohet nga kushte atmosferike t\u00eb paq\u00ebndrueshme. Moti parashikohet me vran\u00ebsira mesatare deri t\u00eb dendura. Reshjet e her\u00ebpashershme t\u00eb shiut me intensitet t\u00eb ul\u00ebt parashikohen t\u00eb jen\u00eb prezente q\u00eb n\u00eb or\u00ebt e para t\u00eb 24-or\u00ebshit deri n\u00eb m\u00ebngjes p\u00ebrgjat\u00eb vij\u00ebs bregdetare\u2026","rel":"","context":"In &quot;Blogu i Udh\u00ebtarit&quot;","block_context":{"text":"Blogu i Udh\u00ebtarit","link":"https:\/\/www.shqiperia.com\/blog\/category\/blogu-i-udhetarit\/"},"img":{"alt_text":"","src":"https:\/\/i0.wp.com\/www.shqiperia.com\/blog\/wp-content\/uploads\/2026\/03\/shi-ne-tirane-moti-reshje-1024x651-1.jpg?fit=818%2C520&ssl=1&resize=350%2C200","width":350,"height":200,"srcset":"https:\/\/i0.wp.com\/www.shqiperia.com\/blog\/wp-content\/uploads\/2026\/03\/shi-ne-tirane-moti-reshje-1024x651-1.jpg?fit=818%2C520&ssl=1&resize=350%2C200 1x, https:\/\/i0.wp.com\/www.shqiperia.com\/blog\/wp-content\/uploads\/2026\/03\/shi-ne-tirane-moti-reshje-1024x651-1.jpg?fit=818%2C520&ssl=1&resize=525%2C300 1.5x, https:\/\/i0.wp.com\/www.shqiperia.com\/blog\/wp-content\/uploads\/2026\/03\/shi-ne-tirane-moti-reshje-1024x651-1.jpg?fit=818%2C520&ssl=1&resize=700%2C400 2x"},"classes":[]}],"_links":{"self":[{"href":"https:\/\/www.shqiperia.com\/blog\/wp-json\/wp\/v2\/posts\/98386","targetHints":{"allow":["GET"]}}],"collection":[{"href":"https:\/\/www.shqiperia.com\/blog\/wp-json\/wp\/v2\/posts"}],"about":[{"href":"https:\/\/www.shqiperia.com\/blog\/wp-json\/wp\/v2\/types\/post"}],"author":[{"embeddable":true,"href":"https:\/\/www.shqiperia.com\/blog\/wp-json\/wp\/v2\/users\/9"}],"replies":[{"embeddable":true,"href":"https:\/\/www.shqiperia.com\/blog\/wp-json\/wp\/v2\/comments?post=98386"}],"version-history":[{"count":1,"href":"https:\/\/www.shqiperia.com\/blog\/wp-json\/wp\/v2\/posts\/98386\/revisions"}],"predecessor-version":[{"id":98388,"href":"https:\/\/www.shqiperia.com\/blog\/wp-json\/wp\/v2\/posts\/98386\/revisions\/98388"}],"wp:featuredmedia":[{"embeddable":true,"href":"https:\/\/www.shqiperia.com\/blog\/wp-json\/wp\/v2\/media\/98387"}],"wp:attachment":[{"href":"https:\/\/www.shqiperia.com\/blog\/wp-json\/wp\/v2\/media?parent=98386"}],"wp:term":[{"taxonomy":"category","embeddable":true,"href":"https:\/\/www.shqiperia.com\/blog\/wp-json\/wp\/v2\/categories?post=98386"},{"taxonomy":"post_tag","embeddable":true,"href":"https:\/\/www.shqiperia.com\/blog\/wp-json\/wp\/v2\/tags?post=98386"}],"curies":[{"name":"wp","href":"https:\/\/api.w.org\/{rel}","templated":true}]}}