{"id":98383,"date":"2026-03-13T06:39:45","date_gmt":"2026-03-13T06:39:45","guid":{"rendered":"https:\/\/www.shqiperia.com\/blog\/?p=98383"},"modified":"2026-03-13T06:39:45","modified_gmt":"2026-03-13T06:39:45","slug":"300-apartamentet-e-belindes-del-sms-nga-dosja-balluku-berberit-me-bej-pasqyren-sa-apartamente-ke-shitur","status":"publish","type":"post","link":"https:\/\/www.shqiperia.com\/blog\/300-apartamentet-e-belindes-del-sms-nga-dosja-balluku-berberit-me-bej-pasqyren-sa-apartamente-ke-shitur\/","title":{"rendered":"300 apartamentet e Belind\u00ebs\/ Del sms nga dosja, Balluku-Berberit: &#8211; M\u00eb b\u00ebj pasqyr\u00ebn sa apartamente ke shitur"},"content":{"rendered":"<p><img data-recalc-dims=\"1\" loading=\"lazy\" decoding=\"async\" data-attachment-id=\"98384\" data-permalink=\"https:\/\/www.shqiperia.com\/blog\/300-apartamentet-e-belindes-del-sms-nga-dosja-balluku-berberit-me-bej-pasqyren-sa-apartamente-ke-shitur\/auto_s5dgb5x51773349422-900x570\/\" data-orig-file=\"https:\/\/i0.wp.com\/www.shqiperia.com\/blog\/wp-content\/uploads\/2026\/03\/auto_s5dgb5x51773349422-900x570-1.jpeg?fit=900%2C570&amp;ssl=1\" data-orig-size=\"900,570\" data-comments-opened=\"1\" data-image-meta=\"{&quot;aperture&quot;:&quot;0&quot;,&quot;credit&quot;:&quot;&quot;,&quot;camera&quot;:&quot;&quot;,&quot;caption&quot;:&quot;&quot;,&quot;created_timestamp&quot;:&quot;0&quot;,&quot;copyright&quot;:&quot;&quot;,&quot;focal_length&quot;:&quot;0&quot;,&quot;iso&quot;:&quot;0&quot;,&quot;shutter_speed&quot;:&quot;0&quot;,&quot;title&quot;:&quot;&quot;,&quot;orientation&quot;:&quot;0&quot;}\" data-image-title=\"auto_s5dgb5x51773349422-900&#215;570\" data-image-description=\"\" data-image-caption=\"\" data-medium-file=\"https:\/\/i0.wp.com\/www.shqiperia.com\/blog\/wp-content\/uploads\/2026\/03\/auto_s5dgb5x51773349422-900x570-1.jpeg?fit=300%2C190&amp;ssl=1\" data-large-file=\"https:\/\/i0.wp.com\/www.shqiperia.com\/blog\/wp-content\/uploads\/2026\/03\/auto_s5dgb5x51773349422-900x570-1.jpeg?fit=900%2C570&amp;ssl=1\" class=\"alignnone  wp-image-98384\" alt=\"\" src=\"https:\/\/i0.wp.com\/www.shqiperia.com\/blog\/wp-content\/uploads\/2026\/03\/auto_s5dgb5x51773349422-900x570-1.jpeg?resize=627%2C397&#038;ssl=1\" width=\"627\" height=\"397\" srcset=\"https:\/\/i0.wp.com\/www.shqiperia.com\/blog\/wp-content\/uploads\/2026\/03\/auto_s5dgb5x51773349422-900x570-1.jpeg?resize=300%2C190&amp;ssl=1 300w, https:\/\/i0.wp.com\/www.shqiperia.com\/blog\/wp-content\/uploads\/2026\/03\/auto_s5dgb5x51773349422-900x570-1.jpeg?resize=768%2C486&amp;ssl=1 768w, https:\/\/i0.wp.com\/www.shqiperia.com\/blog\/wp-content\/uploads\/2026\/03\/auto_s5dgb5x51773349422-900x570-1.jpeg?resize=450%2C285&amp;ssl=1 450w, https:\/\/i0.wp.com\/www.shqiperia.com\/blog\/wp-content\/uploads\/2026\/03\/auto_s5dgb5x51773349422-900x570-1.jpeg?resize=600%2C380&amp;ssl=1 600w, https:\/\/i0.wp.com\/www.shqiperia.com\/blog\/wp-content\/uploads\/2026\/03\/auto_s5dgb5x51773349422-900x570-1.jpeg?resize=400%2C253&amp;ssl=1 400w, https:\/\/i0.wp.com\/www.shqiperia.com\/blog\/wp-content\/uploads\/2026\/03\/auto_s5dgb5x51773349422-900x570-1.jpeg?w=900&amp;ssl=1 900w\" sizes=\"auto, (max-width: 627px) 100vw, 627px\" \/><\/p>\n<p>13 Mars 2026<\/p>\n<p>N\u00eb nj\u00eb koh\u00eb q\u00eb detajet e dosjes Balluku t\u00eb hetuar nga SPAK kan\u00eb dal\u00eb me pikatore, \u00e7\u00ebshtja e 300 apartamenteve t\u00eb saj mesa nuk \u00ebsht\u00eb nj\u00eb thasheshem kafeneje.<\/p>\n<p>N\u00eb nj\u00eb mesazh ish-z\u00ebvend\u00ebkryeministrja Belinda Balluku i shkruan Evis Berberit: M\u00eb b\u00ebj pasqyr\u00ebn sa apartamente ke shitur.<\/p>\n<p>Ky fakt \u00ebsht\u00eb pohuar n\u00eb emisionin opinion nga Kreu i Grupit Parlamentar t\u00eb PD, Gazmend Bardhi, q\u00eb e citoi gjat\u00eb intervist\u00ebs s\u00eb tij.<\/p>\n<p>Bardhi \u00ebsht\u00eb pjes\u00eb e K\u00ebshillit dhe tha se nuk duhet t\u00eb nxjerr\u00eb pjes\u00eb t\u00eb dosjes, por nj\u00eb po b\u00ebnte nj\u00eb p\u00ebrjashtim duke treguar vet\u00ebm nj\u00eb SMS q\u00eb ndodhej n\u00eb dosjen voluminoze t\u00eb SPAK.<\/p>\n<p>\u201cMua nuk m\u00eb lejohet t\u00eb jap t\u00eb dh\u00ebna nga dosja, por nj\u00eb mesazh po e zbuloj. \u00c7far\u00eb pune kishte ministrja e Infrastruktur\u00ebs q\u00eb n\u00eb or\u00ebn 19:49:20 t\u00eb vitit 2019 t\u2019i d\u00ebrgonte nj\u00eb mesazh vart\u00ebsit t\u00eb saj Ervis Berberi ku i shkruante: \u201cA e b\u00ebre pasqyr\u00ebn sot sa sht\u00ebpi ke shit?\u201d<\/p>\n<p>Nuk dim\u00eb q\u00eb zonja Balluku t\u00eb kishte ndonj\u00eb agjenci imobiliare\u201d \u2013 tha Bardhi.<\/p>\n","protected":false},"excerpt":{"rendered":"<p>13 Mars 2026 N\u00eb nj\u00eb koh\u00eb q\u00eb detajet e dosjes Balluku t\u00eb hetuar nga SPAK kan\u00eb dal\u00eb me pikatore, \u00e7\u00ebshtja e 300 apartamenteve t\u00eb saj mesa nuk \u00ebsht\u00eb nj\u00eb thasheshem kafeneje. N\u00eb nj\u00eb mesazh ish-z\u00ebvend\u00ebkryeministrja Belinda Balluku i shkruan Evis Berberit: M\u00eb b\u00ebj pasqyr\u00ebn sa apartamente ke shitur. Ky fakt \u00ebsht\u00eb pohuar n\u00eb emisionin opinion [&hellip;]<\/p>\n","protected":false},"author":9,"featured_media":98384,"comment_status":"open","ping_status":"open","sticky":false,"template":"","format":"standard","meta":{"jetpack_post_was_ever_published":false,"_jetpack_newsletter_access":"","_jetpack_dont_email_post_to_subs":false,"_jetpack_newsletter_tier_id":0,"_jetpack_memberships_contains_paywalled_content":false,"_jetpack_memberships_contains_paid_content":false,"footnotes":"","jetpack_publicize_message":"","jetpack_publicize_feature_enabled":true,"jetpack_social_post_already_shared":true,"jetpack_social_options":{"image_generator_settings":{"template":"highway","default_image_id":0,"font":"","enabled":false},"version":2}},"categories":[1,2,14],"tags":[],"class_list":["post-98383","post","type-post","status-publish","format-standard","has-post-thumbnail","hentry","category-njoftime-shtypi","category-politika","category-press-releases"],"jetpack_publicize_connections":[],"jetpack_featured_media_url":"https:\/\/i0.wp.com\/www.shqiperia.com\/blog\/wp-content\/uploads\/2026\/03\/auto_s5dgb5x51773349422-900x570-1.jpeg?fit=900%2C570&ssl=1","jetpack_sharing_enabled":true,"jetpack_shortlink":"https:\/\/wp.me\/p5Z6wp-pAP","jetpack-related-posts":[{"id":98099,"url":"https:\/\/www.shqiperia.com\/blog\/dalin-te-dhenat-tronditese-si-i-kercenonte-balluku-deshmitaret-me-kriminele-cfare-foli-me-bandat-per-11-minuta\/","url_meta":{"origin":98383,"position":0},"title":"Dalin t\u00eb dh\u00ebnat trondit\u00ebse, si i k\u00ebrc\u00ebnonte Balluku d\u00ebshmitar\u00ebt me kriminel\u00eb, \u00e7far\u00eb foli me bandat p\u00ebr 11 minuta\u2026","author":"Kurt Farka","date":"March 3, 2026","format":false,"excerpt":"3 Mars 2026 M\u00eb 20 n\u00ebntor 2025, \u201c3 furgon\u00eb\u201d p\u00ebrgjime n\u00eb dosje dhe dy vila pushimi n\u00eb Drimadhes, ja kush \u00ebsht\u00eb besniku i ish-ministres q\u00eb hapi \u201cKutin\u00eb e Pandor\u00ebs\u201d n\u00eb SPAK Kat\u00ebr muaj pasi Balluku u mor e pandehur p\u00ebr shkelje t\u00eb barazis\u00eb\u00a0p\u00ebr tenderin e Tunelit t\u00eb Llogaras\u00eb, pozita e\u2026","rel":"","context":"In &quot;Njoftime Shtypi&quot;","block_context":{"text":"Njoftime Shtypi","link":"https:\/\/www.shqiperia.com\/blog\/category\/njoftime-shtypi\/"},"img":{"alt_text":"","src":"https:\/\/i0.wp.com\/www.shqiperia.com\/blog\/wp-content\/uploads\/2026\/03\/politika-5-1.jpg?fit=500%2C327&ssl=1&resize=350%2C200","width":350,"height":200},"classes":[]},{"id":98586,"url":"https:\/\/www.shqiperia.com\/blog\/flash-i-me-provat-e-ballukut-si-dosja-epstein\/","url_meta":{"origin":98383,"position":1},"title":"\u201cFlash\u201d-i me provat e Ballukut, si dosja \u201cEpstein\u201d","author":"Kurt Farka","date":"March 23, 2026","format":false,"excerpt":"23 Mars 2026 NGA VALENTINA MADANI Flitet shum\u00eb, por qytetar\u00ebt din\u00eb shum\u00eb pak! Ky \u00ebsht\u00eb realiteti i asaj q\u00eb po ndodh me dosjen \u201cBalluku\u201d, nj\u00eb histori q\u00eb po merr gjithnj\u00eb e m\u00eb shum\u00eb trajtat e nj\u00eb enigme publike, ku p\u00ebrmenden prova, USB dhe dokumente, por asgj\u00eb nuk publikohet plot\u00ebsisht. Nj\u00eb\u2026","rel":"","context":"In &quot;Blogu i Udh\u00ebtarit&quot;","block_context":{"text":"Blogu i Udh\u00ebtarit","link":"https:\/\/www.shqiperia.com\/blog\/category\/blogu-i-udhetarit\/"},"img":{"alt_text":"","src":"https:\/\/i0.wp.com\/www.shqiperia.com\/blog\/wp-content\/uploads\/2026\/03\/Belinda-Balluku1-2.jpg?fit=800%2C451&ssl=1&resize=350%2C200","width":350,"height":200,"srcset":"https:\/\/i0.wp.com\/www.shqiperia.com\/blog\/wp-content\/uploads\/2026\/03\/Belinda-Balluku1-2.jpg?fit=800%2C451&ssl=1&resize=350%2C200 1x, https:\/\/i0.wp.com\/www.shqiperia.com\/blog\/wp-content\/uploads\/2026\/03\/Belinda-Balluku1-2.jpg?fit=800%2C451&ssl=1&resize=525%2C300 1.5x, https:\/\/i0.wp.com\/www.shqiperia.com\/blog\/wp-content\/uploads\/2026\/03\/Belinda-Balluku1-2.jpg?fit=800%2C451&ssl=1&resize=700%2C400 2x"},"classes":[]},{"id":95713,"url":"https:\/\/www.shqiperia.com\/blog\/ja-prapaskenat-e-pergjimeve-me-berberin-si-i-shperndau-me-doren-e-saj-balluku-per-ti-bere-presion-rames-dhe-bollinos\/","url_meta":{"origin":98383,"position":2},"title":"Ja prapaskenat e p\u00ebrgjimeve me Berberin, si i shp\u00ebrndau me dor\u00ebn e saj Balluku p\u00ebr t\u2019i b\u00ebr\u00eb presion Ram\u00ebs dhe Bollinos","author":"Kurt Farka","date":"December 20, 2025","format":false,"excerpt":"20 Dhjetor 2025 Publikimi i fragmenteve nga p\u00ebrgjimet mes Belinda Ballukut dhe ish-drejtorit t\u00eb Rrug\u00ebve, Evis Berberi, nuk duket si nj\u00eb rrjedhje e zakonshme nga nj\u00eb dosje e SPAK. P\u00ebrmbajtja e materialeve t\u00eb dala, si dhe fakti q\u00eb jan\u00eb publikuar vet\u00ebm pasazhe t\u00eb caktuara, krijojn\u00eb dyshimin se kemi t\u00eb b\u00ebjm\u00eb\u2026","rel":"","context":"In &quot;Blogu i Udh\u00ebtarit&quot;","block_context":{"text":"Blogu i Udh\u00ebtarit","link":"https:\/\/www.shqiperia.com\/blog\/category\/blogu-i-udhetarit\/"},"img":{"alt_text":"","src":"https:\/\/i0.wp.com\/www.shqiperia.com\/blog\/wp-content\/uploads\/2025\/12\/balluku-655x450-1-1.jpg?fit=655%2C450&ssl=1&resize=350%2C200","width":350,"height":200,"srcset":"https:\/\/i0.wp.com\/www.shqiperia.com\/blog\/wp-content\/uploads\/2025\/12\/balluku-655x450-1-1.jpg?fit=655%2C450&ssl=1&resize=350%2C200 1x, https:\/\/i0.wp.com\/www.shqiperia.com\/blog\/wp-content\/uploads\/2025\/12\/balluku-655x450-1-1.jpg?fit=655%2C450&ssl=1&resize=525%2C300 1.5x"},"classes":[]},{"id":94661,"url":"https:\/\/www.shqiperia.com\/blog\/zbardhen-pergjimet-si-e-bleu-balluku-deputetin-e-bashes-porosia-per-evis-berberin-do-te-marre-arbri-e-kemi-patriot\/","url_meta":{"origin":98383,"position":3},"title":"Zbardhen p\u00ebrgjimet, si e \u201cbleu\u201d Balluku deputetin e Bash\u00ebs, porosia p\u00ebr Evis Berberin: &#8211; Do t\u00eb marr\u00eb Arbri, e kemi patriot","author":"Kurt Farka","date":"November 5, 2025","format":false,"excerpt":"5 Nentor 2025 N\u00eb dosjen hetimore t\u00eb SPAK p\u00ebr Belinda Ballukun, e cila \u00ebsht\u00eb n\u00ebn hetim p\u00ebr tunelin e Llogaras\u00eb del edhe emri i ish-deputetit t\u00eb Partis\u00eb Demokratike n\u00eb koh\u00ebn kur drejtohej nga Lulzim Basha, Arbi Agalliu. Agalli kishte denoncuar nga selia e PD, Belinda Ballukun dhe projektin e ndertimit\u2026","rel":"","context":"In &quot;Blogu i Udh\u00ebtarit&quot;","block_context":{"text":"Blogu i Udh\u00ebtarit","link":"https:\/\/www.shqiperia.com\/blog\/category\/blogu-i-udhetarit\/"},"img":{"alt_text":"","src":"https:\/\/i0.wp.com\/www.shqiperia.com\/blog\/wp-content\/uploads\/2025\/11\/rama-balluku-760x433-1.jpg?fit=760%2C433&ssl=1&resize=350%2C200","width":350,"height":200,"srcset":"https:\/\/i0.wp.com\/www.shqiperia.com\/blog\/wp-content\/uploads\/2025\/11\/rama-balluku-760x433-1.jpg?fit=760%2C433&ssl=1&resize=350%2C200 1x, https:\/\/i0.wp.com\/www.shqiperia.com\/blog\/wp-content\/uploads\/2025\/11\/rama-balluku-760x433-1.jpg?fit=760%2C433&ssl=1&resize=525%2C300 1.5x, https:\/\/i0.wp.com\/www.shqiperia.com\/blog\/wp-content\/uploads\/2025\/11\/rama-balluku-760x433-1.jpg?fit=760%2C433&ssl=1&resize=700%2C400 2x"},"classes":[]},{"id":92339,"url":"https:\/\/www.shqiperia.com\/blog\/ps-para-zgjedhjeve-te-11-majit-spak-zbarkon-tek-balluku-si-aferat-345-miliona-euro-dhe-sekuestrimi-i\/","url_meta":{"origin":98383,"position":4},"title":"PS para zgjedhjeve t\u00eb 11 majit. &#8211;  SPAK zbarkon tek Balluku, si aferat 345 miliona euro dhe sekuestrimi i\u2026","author":"Kurt Farka","date":"May 6, 2025","format":false,"excerpt":"6 Maji 2025 Nga: Gazeta Sot Afera 345 milion\u00eb euro q\u00eb p\u00ebrfshin sektor\u00eb ky\u00e7 t\u00eb infrastruktur\u00ebs dhe energjis\u00eb po rrethon gjithnj\u00eb e m\u00eb ngusht\u00eb figur\u00ebn e zv\/kryeministres Belinda Balluku. M\u00ebsohet se Prokuroria e Posa\u00e7me (SPAK) ka intensifikuar hetimet duke sekuestruar telefona t\u00eb disa bashk\u00ebpun\u00ebtor\u00ebve t\u00eb af\u00ebrt t\u00eb saj, ku dyshohet\u2026","rel":"","context":"In &quot;Blogu i Udh\u00ebtarit&quot;","block_context":{"text":"Blogu i Udh\u00ebtarit","link":"https:\/\/www.shqiperia.com\/blog\/category\/blogu-i-udhetarit\/"},"img":{"alt_text":"","src":"https:\/\/i0.wp.com\/www.shqiperia.com\/blog\/wp-content\/uploads\/2025\/05\/Capture-22-652x570-1.png?fit=652%2C471&ssl=1&resize=350%2C200","width":350,"height":200,"srcset":"https:\/\/i0.wp.com\/www.shqiperia.com\/blog\/wp-content\/uploads\/2025\/05\/Capture-22-652x570-1.png?fit=652%2C471&ssl=1&resize=350%2C200 1x, https:\/\/i0.wp.com\/www.shqiperia.com\/blog\/wp-content\/uploads\/2025\/05\/Capture-22-652x570-1.png?fit=652%2C471&ssl=1&resize=525%2C300 1.5x"},"classes":[]},{"id":94647,"url":"https:\/\/www.shqiperia.com\/blog\/ja-kendoj-kengen-sma-ndjen-per-asnje-dosja-flake-mes-ballukut-dhe-berberit-e-coj-ku-duhet\/","url_meta":{"origin":98383,"position":5},"title":"\u201cJa k\u00ebndoj k\u00ebng\u00ebn, sma ndjen p\u00ebr asnj\u00eb\u201d\/ Dosja \u2018flak\u00eb\u2019 mes Ballukut dhe Berberit: &#8211; E \u00e7oj ku duhet\u2026","author":"Kurt Farka","date":"November 5, 2025","format":false,"excerpt":"5 Nentor 2025 Nga: Gazeta Sot Sigurohet dosja e SPAK p\u00ebr z\u00ebvend\u00ebs kryeministren Belinda Balluku, ku flitet edhe n\u00eb lidhje me komunikimin q\u00eb zv kryeministrja ka me ish kreun e ARRSH Evis Berberi. N\u00eb biseda sqarohet se si manipulohej tenderi p\u00ebr Tunelin e Llogaras\u00eb, q\u00eb m\u00eb pas iu dha kompanis\u00eb\u2026","rel":"","context":"In &quot;Blogu i Udh\u00ebtarit&quot;","block_context":{"text":"Blogu i Udh\u00ebtarit","link":"https:\/\/www.shqiperia.com\/blog\/category\/blogu-i-udhetarit\/"},"img":{"alt_text":"","src":"https:\/\/i0.wp.com\/www.shqiperia.com\/blog\/wp-content\/uploads\/2025\/11\/balluku-berberi.jpg?fit=600%2C368&ssl=1&resize=350%2C200","width":350,"height":200,"srcset":"https:\/\/i0.wp.com\/www.shqiperia.com\/blog\/wp-content\/uploads\/2025\/11\/balluku-berberi.jpg?fit=600%2C368&ssl=1&resize=350%2C200 1x, https:\/\/i0.wp.com\/www.shqiperia.com\/blog\/wp-content\/uploads\/2025\/11\/balluku-berberi.jpg?fit=600%2C368&ssl=1&resize=525%2C300 1.5x"},"classes":[]}],"_links":{"self":[{"href":"https:\/\/www.shqiperia.com\/blog\/wp-json\/wp\/v2\/posts\/98383","targetHints":{"allow":["GET"]}}],"collection":[{"href":"https:\/\/www.shqiperia.com\/blog\/wp-json\/wp\/v2\/posts"}],"about":[{"href":"https:\/\/www.shqiperia.com\/blog\/wp-json\/wp\/v2\/types\/post"}],"author":[{"embeddable":true,"href":"https:\/\/www.shqiperia.com\/blog\/wp-json\/wp\/v2\/users\/9"}],"replies":[{"embeddable":true,"href":"https:\/\/www.shqiperia.com\/blog\/wp-json\/wp\/v2\/comments?post=98383"}],"version-history":[{"count":1,"href":"https:\/\/www.shqiperia.com\/blog\/wp-json\/wp\/v2\/posts\/98383\/revisions"}],"predecessor-version":[{"id":98385,"href":"https:\/\/www.shqiperia.com\/blog\/wp-json\/wp\/v2\/posts\/98383\/revisions\/98385"}],"wp:featuredmedia":[{"embeddable":true,"href":"https:\/\/www.shqiperia.com\/blog\/wp-json\/wp\/v2\/media\/98384"}],"wp:attachment":[{"href":"https:\/\/www.shqiperia.com\/blog\/wp-json\/wp\/v2\/media?parent=98383"}],"wp:term":[{"taxonomy":"category","embeddable":true,"href":"https:\/\/www.shqiperia.com\/blog\/wp-json\/wp\/v2\/categories?post=98383"},{"taxonomy":"post_tag","embeddable":true,"href":"https:\/\/www.shqiperia.com\/blog\/wp-json\/wp\/v2\/tags?post=98383"}],"curies":[{"name":"wp","href":"https:\/\/api.w.org\/{rel}","templated":true}]}}