{"id":98377,"date":"2026-03-12T17:29:36","date_gmt":"2026-03-12T17:29:36","guid":{"rendered":"https:\/\/www.shqiperia.com\/blog\/?p=98377"},"modified":"2026-03-12T17:29:36","modified_gmt":"2026-03-12T17:29:36","slug":"petro-koci-refuzimi-i-kerkeses-se-spak-hap-pas-ne-sundimin-e-ligjit","status":"publish","type":"post","link":"https:\/\/www.shqiperia.com\/blog\/petro-koci-refuzimi-i-kerkeses-se-spak-hap-pas-ne-sundimin-e-ligjit\/","title":{"rendered":"Petro Ko\u00e7i: Refuzimi i k\u00ebrkes\u00ebs s\u00eb SPAK, hap pas n\u00eb sundimin e ligjit"},"content":{"rendered":"<p><img data-recalc-dims=\"1\" loading=\"lazy\" decoding=\"async\" data-attachment-id=\"98378\" data-permalink=\"https:\/\/www.shqiperia.com\/blog\/petro-koci-refuzimi-i-kerkeses-se-spak-hap-pas-ne-sundimin-e-ligjit\/petro-koci-2\/\" data-orig-file=\"https:\/\/i0.wp.com\/www.shqiperia.com\/blog\/wp-content\/uploads\/2026\/03\/Petro-Koci.jpg?fit=656%2C460&amp;ssl=1\" data-orig-size=\"656,460\" data-comments-opened=\"1\" data-image-meta=\"{&quot;aperture&quot;:&quot;0&quot;,&quot;credit&quot;:&quot;User&quot;,&quot;camera&quot;:&quot;&quot;,&quot;caption&quot;:&quot;&quot;,&quot;created_timestamp&quot;:&quot;1733418759&quot;,&quot;copyright&quot;:&quot;&quot;,&quot;focal_length&quot;:&quot;0&quot;,&quot;iso&quot;:&quot;0&quot;,&quot;shutter_speed&quot;:&quot;0&quot;,&quot;title&quot;:&quot;&quot;,&quot;orientation&quot;:&quot;0&quot;}\" data-image-title=\"Petro Koci\" data-image-description=\"\" data-image-caption=\"\" data-medium-file=\"https:\/\/i0.wp.com\/www.shqiperia.com\/blog\/wp-content\/uploads\/2026\/03\/Petro-Koci.jpg?fit=300%2C210&amp;ssl=1\" data-large-file=\"https:\/\/i0.wp.com\/www.shqiperia.com\/blog\/wp-content\/uploads\/2026\/03\/Petro-Koci.jpg?fit=656%2C460&amp;ssl=1\" class=\"alignnone  wp-image-98378\" alt=\"\" src=\"https:\/\/i0.wp.com\/www.shqiperia.com\/blog\/wp-content\/uploads\/2026\/03\/Petro-Koci.jpg?resize=570%2C399&#038;ssl=1\" width=\"570\" height=\"399\" srcset=\"https:\/\/i0.wp.com\/www.shqiperia.com\/blog\/wp-content\/uploads\/2026\/03\/Petro-Koci.jpg?resize=300%2C210&amp;ssl=1 300w, https:\/\/i0.wp.com\/www.shqiperia.com\/blog\/wp-content\/uploads\/2026\/03\/Petro-Koci.jpg?resize=450%2C316&amp;ssl=1 450w, https:\/\/i0.wp.com\/www.shqiperia.com\/blog\/wp-content\/uploads\/2026\/03\/Petro-Koci.jpg?resize=600%2C421&amp;ssl=1 600w, https:\/\/i0.wp.com\/www.shqiperia.com\/blog\/wp-content\/uploads\/2026\/03\/Petro-Koci.jpg?resize=400%2C280&amp;ssl=1 400w, https:\/\/i0.wp.com\/www.shqiperia.com\/blog\/wp-content\/uploads\/2026\/03\/Petro-Koci.jpg?w=656&amp;ssl=1 656w\" sizes=\"auto, (max-width: 570px) 100vw, 570px\" \/><\/p>\n<p>12 Mars 2026<\/p>\n<p>Nd\u00ebrhyrja selektive e politik\u00ebs<\/p>\n<p>Ish-deputeti i PS, Petro Ko\u00e7i ka kritikuar s\u00ebrish mazhoranc\u00ebn p\u00ebr q\u00ebndrimin e saj n\u00eb raport me Belinda Ballukun, ku sot me 82 vota pro u rr\u00ebzua k\u00ebrkesa p\u00ebr arrestimin e saj. P\u00ebr Ko\u00e7in, refuzimi i k\u00ebrkes\u00ebs s\u00eb SPAK p\u00ebrb\u00ebn nj\u00eb hap prapa p\u00ebr procesin politik dhe sundimin e ligjit.<\/p>\n<p>\u201cNuk \u00ebsht\u00eb fundi i bot\u00ebs dhe as koh\u00eb e diellt\u00eb p\u00ebr opozit\u00ebn berishiane, por vendimi i sot\u00ebm i refuzimit t\u00eb k\u00ebrkes\u00ebs s\u00eb SPAK p\u00ebr lejen e Kuvendit p\u00ebr mas\u00eb sigurimi ndaj nj\u00eb deputeteje n\u00ebn ndjekje penale p\u00ebrben nj\u00eb hap prapa p\u00ebr procesin politik dhe sundimin e ligjit n\u00eb Shqip\u00ebri.<\/p>\n<p>Un\u00eb e vler\u00ebsoj shqet\u00ebsimin e p\u00ebrhapur lidhur me zgjerimin e aplikimit t\u00eb vendimeve me arrest paraprak si mas\u00eb sigurimi ndaj disa figurave politike n\u00ebn ndjekje penale, por trajtimi i k\u00ebtij shqet\u00ebsimi nuk mund t\u00eb administrohet n\u00ebp\u00ebrmjet nj\u00eb rasti individual, por vet\u00ebm n\u00ebp\u00ebrmjet nd\u00ebrhyrjeve t\u00eb konsultuara me praktikat nd\u00ebrkomb\u00ebtare n\u00eb legjislacion apo n\u00ebp\u00ebrmjet vendimeve normuese t\u00eb shkall\u00ebve t\u00eb larta t\u00eb gjyq\u00ebsorit, edhe k\u00ebto t\u00eb konsultuara paraprakisht me Komisionin e Venecias.<\/p>\n<p>Nd\u00ebrhyrja selektive e politik\u00ebs s\u00eb dit\u00ebs n\u00eb mbrojtje t\u00eb individ\u00ebve t\u00eb caktuar t\u00eb saj ndaj ndjekjes penale, opozita n\u00eb rastin Berisha apo maxhoranca n\u00eb rastin Balluku, e kompromenton angazhimin publik dhe parimor t\u00eb klas\u00ebs politike p\u00ebr t\u00eb respektuar drejt\u00ebsin\u00eb e re n\u00eb luft\u00ebn ndaj korrupsionit dhe krimit t\u00eb organizuar\u201d, shkruan Petro Ko\u00e7i.<\/p>\n","protected":false},"excerpt":{"rendered":"<p>12 Mars 2026 Nd\u00ebrhyrja selektive e politik\u00ebs Ish-deputeti i PS, Petro Ko\u00e7i ka kritikuar s\u00ebrish mazhoranc\u00ebn p\u00ebr q\u00ebndrimin e saj n\u00eb raport me Belinda Ballukun, ku sot me 82 vota pro u rr\u00ebzua k\u00ebrkesa p\u00ebr arrestimin e saj. P\u00ebr Ko\u00e7in, refuzimi i k\u00ebrkes\u00ebs s\u00eb SPAK p\u00ebrb\u00ebn nj\u00eb hap prapa p\u00ebr procesin politik dhe sundimin e [&hellip;]<\/p>\n","protected":false},"author":9,"featured_media":98378,"comment_status":"open","ping_status":"open","sticky":false,"template":"","format":"standard","meta":{"jetpack_post_was_ever_published":false,"_jetpack_newsletter_access":"","_jetpack_dont_email_post_to_subs":false,"_jetpack_newsletter_tier_id":0,"_jetpack_memberships_contains_paywalled_content":false,"_jetpack_memberships_contains_paid_content":false,"footnotes":"","jetpack_publicize_message":"","jetpack_publicize_feature_enabled":true,"jetpack_social_post_already_shared":true,"jetpack_social_options":{"image_generator_settings":{"template":"highway","default_image_id":0,"font":"","enabled":false},"version":2}},"categories":[10,1,2],"tags":[],"class_list":["post-98377","post","type-post","status-publish","format-standard","has-post-thumbnail","hentry","category-kultura","category-njoftime-shtypi","category-politika"],"jetpack_publicize_connections":[],"jetpack_featured_media_url":"https:\/\/i0.wp.com\/www.shqiperia.com\/blog\/wp-content\/uploads\/2026\/03\/Petro-Koci.jpg?fit=656%2C460&ssl=1","jetpack_sharing_enabled":true,"jetpack_shortlink":"https:\/\/wp.me\/p5Z6wp-pAJ","jetpack-related-posts":[{"id":97917,"url":"https:\/\/www.shqiperia.com\/blog\/gazeta-me-e-madhe-austriake-edi-rama-po-saboton-drejtesine-hetimet-kercenojne-pushtetin-e-tij\/","url_meta":{"origin":98377,"position":0},"title":"Gazeta m\u00eb e madhe austriake: Edi Rama po saboton drejt\u00ebsin\u00eb.  \u201cHetimet k\u00ebrc\u00ebnojn\u00eb pushtetin e tij\u201d","author":"Kurt Farka","date":"February 24, 2026","format":false,"excerpt":"24 Shkurt 2026 Kryeministri sulmon Prokurorin\u00eb e Antikorrupsionit, sepse po hetohet Z\u00ebvend\u00ebskryeministrja Belinda Balluku. Luft\u00eb p\u00ebr pushtet n\u00eb sken\u00eb t\u00eb hapur Ajo thjesht nuk u shfaq. N\u00eb fillim t\u00eb jav\u00ebs, n\u00eb Parlamentin shqiptar u diskutua k\u00ebrkesa e Prokuroris\u00eb s\u00eb Antikorrupsionit p\u00ebr t\u00eb hequr imunitetin e Z\u00ebvend\u00ebskryeministres shqiptare, Belinda Balluku, nj\u00eb\u2026","rel":"","context":"In &quot;Blogu i Udh\u00ebtarit&quot;","block_context":{"text":"Blogu i Udh\u00ebtarit","link":"https:\/\/www.shqiperia.com\/blog\/category\/blogu-i-udhetarit\/"},"img":{"alt_text":"","src":"https:\/\/i0.wp.com\/www.shqiperia.com\/blog\/wp-content\/uploads\/2026\/02\/Edi-Rama-5.jpg?fit=750%2C454&ssl=1&resize=350%2C200","width":350,"height":200,"srcset":"https:\/\/i0.wp.com\/www.shqiperia.com\/blog\/wp-content\/uploads\/2026\/02\/Edi-Rama-5.jpg?fit=750%2C454&ssl=1&resize=350%2C200 1x, https:\/\/i0.wp.com\/www.shqiperia.com\/blog\/wp-content\/uploads\/2026\/02\/Edi-Rama-5.jpg?fit=750%2C454&ssl=1&resize=525%2C300 1.5x, https:\/\/i0.wp.com\/www.shqiperia.com\/blog\/wp-content\/uploads\/2026\/02\/Edi-Rama-5.jpg?fit=750%2C454&ssl=1&resize=700%2C400 2x"},"classes":[]},{"id":97441,"url":"https:\/\/www.shqiperia.com\/blog\/kuvendi-duhet-ti-heqe-imunitetin-ballukut-koci-i-prere-ska-pse-te-pritet-gjykata-kushtetuese\/","url_meta":{"origin":98377,"position":1},"title":"\u201cKuvendi duhet t\u2019i heq\u00eb imunitetin Ballukut\u201d, Ko\u00e7i i prer\u00eb: &#8211; S\u2019ka pse t\u00eb pritet Gjykata Kushtetuese","author":"Kurt Farka","date":"February 6, 2026","format":false,"excerpt":"6 Shkurt 2026 Ish deputeti socialist, Petro Ko\u00e7i theksoi se parlamenti duhet q\u00eb ta miratoj\u00eb k\u00ebrkes\u00ebn e SPAK p\u00ebr heqjen e imunitetit t\u00eb Belinda Ballukut, z\u00ebvend\u00ebs kryeministres dhe ministres s\u00eb Infrastruktur\u00ebs dhe Energjis\u00eb, e marr\u00eb e pandehur p\u00ebr tenderin e tunelit t\u00eb Llogaras\u00eb dhe n\u00ebn hetim p\u00ebr nj\u00eb s\u00ebr\u00eb procedurash\u2026","rel":"","context":"In &quot;Blogu i Udh\u00ebtarit&quot;","block_context":{"text":"Blogu i Udh\u00ebtarit","link":"https:\/\/www.shqiperia.com\/blog\/category\/blogu-i-udhetarit\/"},"img":{"alt_text":"","src":"https:\/\/i0.wp.com\/www.shqiperia.com\/blog\/wp-content\/uploads\/2026\/02\/petro-koci.jpg?fit=900%2C502&ssl=1&resize=350%2C200","width":350,"height":200,"srcset":"https:\/\/i0.wp.com\/www.shqiperia.com\/blog\/wp-content\/uploads\/2026\/02\/petro-koci.jpg?fit=900%2C502&ssl=1&resize=350%2C200 1x, https:\/\/i0.wp.com\/www.shqiperia.com\/blog\/wp-content\/uploads\/2026\/02\/petro-koci.jpg?fit=900%2C502&ssl=1&resize=525%2C300 1.5x, https:\/\/i0.wp.com\/www.shqiperia.com\/blog\/wp-content\/uploads\/2026\/02\/petro-koci.jpg?fit=900%2C502&ssl=1&resize=700%2C400 2x"},"classes":[]},{"id":89950,"url":"https:\/\/www.shqiperia.com\/blog\/altin-dumani-i-pergjigjet-edi-rames-koha-pandeshkueshmerise-ne-shqiperi-ka-marre-fund\/","url_meta":{"origin":98377,"position":2},"title":"Altin Dumani i p\u00ebrgjigjet Edi Ram\u00ebs: Koha pand\u00ebshkueshm\u00ebris\u00eb ne Shqip\u00ebri ka marr\u00eb fund","author":"Kurt Farka","date":"February 27, 2025","format":false,"excerpt":"27 Shkurt 2027 Nga: Rigels Seliman Epoka e pand\u00ebshkueshm\u00ebris\u00eb n\u00eb Shqip\u00ebri po tronditet thell\u00ebsisht dhe nuk ka m\u00eb kthim pas. Me nj\u00eb mesazh t\u00eb prer\u00eb dhe t\u00eb drejtp\u00ebrdrejt\u00eb, kreu i SPAK, Altin Dumani, i \u00ebsht\u00eb kund\u00ebrp\u00ebrgjigjur akuzave t\u00eb kryeministrit Edi Rama dhe politikan\u00ebve t\u00eb tjer\u00eb dje, duke e b\u00ebr\u00eb t\u00eb\u2026","rel":"","context":"In &quot;Blogu i Udh\u00ebtarit&quot;","block_context":{"text":"Blogu i Udh\u00ebtarit","link":"https:\/\/www.shqiperia.com\/blog\/category\/blogu-i-udhetarit\/"},"img":{"alt_text":"","src":"https:\/\/i0.wp.com\/www.shqiperia.com\/blog\/wp-content\/uploads\/2025\/02\/foto-faqe-7-2.jpg?fit=1200%2C800&ssl=1&resize=350%2C200","width":350,"height":200,"srcset":"https:\/\/i0.wp.com\/www.shqiperia.com\/blog\/wp-content\/uploads\/2025\/02\/foto-faqe-7-2.jpg?fit=1200%2C800&ssl=1&resize=350%2C200 1x, https:\/\/i0.wp.com\/www.shqiperia.com\/blog\/wp-content\/uploads\/2025\/02\/foto-faqe-7-2.jpg?fit=1200%2C800&ssl=1&resize=525%2C300 1.5x, https:\/\/i0.wp.com\/www.shqiperia.com\/blog\/wp-content\/uploads\/2025\/02\/foto-faqe-7-2.jpg?fit=1200%2C800&ssl=1&resize=700%2C400 2x, https:\/\/i0.wp.com\/www.shqiperia.com\/blog\/wp-content\/uploads\/2025\/02\/foto-faqe-7-2.jpg?fit=1200%2C800&ssl=1&resize=1050%2C600 3x"},"classes":[]},{"id":97592,"url":"https:\/\/www.shqiperia.com\/blog\/askush-nuk-eshte-mbi-ligjin-organizatat-e-shoqerise-civile-leter-kuvendit-shqyrtoni-kerkesen-e-spak-per-ballukun\/","url_meta":{"origin":98377,"position":3},"title":"\u201cAskush nuk \u00ebsht\u00eb mbi ligjin\u201d, organizatat e shoq\u00ebris\u00eb civile, let\u00ebr Kuvendit: Shqyrtoni k\u00ebrkes\u00ebn e SPAK p\u00ebr Ballukun","author":"Kurt Farka","date":"February 11, 2026","format":false,"excerpt":"11 Shkurt 2026 Disa organizata t\u00eb shoq\u00ebris\u00eb civile i d\u00ebrguan t\u00eb mart\u00ebn nj\u00eb k\u00ebrkes\u00eb publike kryetarit t\u00eb Kuvendit, Niko Peleshi dhe deputet\u00ebve an\u00ebtar\u00eb t\u00eb K\u00ebshillit p\u00ebr Mandatet, Rregulloren dhe Imunitetin q\u00eb t\u00eb shqyrtojn\u00eb \u201cpa vonesa apo nd\u00ebrhyrje politike\u201d k\u00ebrkes\u00ebn e Prokuroris\u00eb s\u00eb Posa\u00e7me p\u00ebr arrestimin e zv.kryeministres dhe ministres s\u00eb\u2026","rel":"","context":"In &quot;Blogu i Udh\u00ebtarit&quot;","block_context":{"text":"Blogu i Udh\u00ebtarit","link":"https:\/\/www.shqiperia.com\/blog\/category\/blogu-i-udhetarit\/"},"img":{"alt_text":"","src":"https:\/\/i0.wp.com\/www.shqiperia.com\/blog\/wp-content\/uploads\/2026\/02\/628120189_18174777379379257_3508255312498801487_n-1.jpg?fit=1200%2C800&ssl=1&resize=350%2C200","width":350,"height":200,"srcset":"https:\/\/i0.wp.com\/www.shqiperia.com\/blog\/wp-content\/uploads\/2026\/02\/628120189_18174777379379257_3508255312498801487_n-1.jpg?fit=1200%2C800&ssl=1&resize=350%2C200 1x, https:\/\/i0.wp.com\/www.shqiperia.com\/blog\/wp-content\/uploads\/2026\/02\/628120189_18174777379379257_3508255312498801487_n-1.jpg?fit=1200%2C800&ssl=1&resize=525%2C300 1.5x, https:\/\/i0.wp.com\/www.shqiperia.com\/blog\/wp-content\/uploads\/2026\/02\/628120189_18174777379379257_3508255312498801487_n-1.jpg?fit=1200%2C800&ssl=1&resize=700%2C400 2x, https:\/\/i0.wp.com\/www.shqiperia.com\/blog\/wp-content\/uploads\/2026\/02\/628120189_18174777379379257_3508255312498801487_n-1.jpg?fit=1200%2C800&ssl=1&resize=1050%2C600 3x"},"classes":[]},{"id":97669,"url":"https:\/\/www.shqiperia.com\/blog\/anetaresimi-i-shqiperise-ambasadori-gjerman-takim-me-kreun-e-spak-forcimi-i-sundimit-te-ligjit-kusht-thelbesor\/","url_meta":{"origin":98377,"position":4},"title":"An\u00ebtar\u00ebsimi i Shqip\u00ebris\u00eb\/ Ambasadori gjerman takim me kreun e SPAK: &#8211; Forcimi i sundimit t\u00eb ligjit, kusht thelb\u00ebsor\u2026","author":"Kurt Farka","date":"February 13, 2026","format":false,"excerpt":"13 Shkurt 2026 Ambasada Gjermane n\u00eb Tiran\u00eb njoftoi se ambasadori Karl Bergner zhvilloi sot nj\u00eb takim me kreun e SPAK, Klodian Braho, ku n\u00eb fokus ishte forcimi i sundimit t\u00eb ligjit n\u00eb Shqip\u00ebri. Sipas njoftimit zyrtar, shk\u00ebmbimi i mendimeve u p\u00ebrqendrua tek r\u00ebnd\u00ebsia e konsolidimit t\u00eb institucioneve t\u00eb drejt\u00ebsis\u00eb dhe\u2026","rel":"","context":"In &quot;Blogu i Udh\u00ebtarit&quot;","block_context":{"text":"Blogu i Udh\u00ebtarit","link":"https:\/\/www.shqiperia.com\/blog\/category\/blogu-i-udhetarit\/"},"img":{"alt_text":"","src":"https:\/\/i0.wp.com\/www.shqiperia.com\/blog\/wp-content\/uploads\/2026\/02\/braho.jpg?fit=559%2C350&ssl=1&resize=350%2C200","width":350,"height":200,"srcset":"https:\/\/i0.wp.com\/www.shqiperia.com\/blog\/wp-content\/uploads\/2026\/02\/braho.jpg?fit=559%2C350&ssl=1&resize=350%2C200 1x, https:\/\/i0.wp.com\/www.shqiperia.com\/blog\/wp-content\/uploads\/2026\/02\/braho.jpg?fit=559%2C350&ssl=1&resize=525%2C300 1.5x"},"classes":[]},{"id":27040,"url":"https:\/\/www.shqiperia.com\/blog\/zbardhet-dokumenti-final-per-kryeministrat-e-be-maqedonia-hap-negociatat-shqiperia-shtyhet-ne-2020\/","url_meta":{"origin":98377,"position":5},"title":"Zbardhet dokumenti final p\u00ebr Kryeministrat e BE: Maqedonia hap negociatat, Shqip\u00ebria shtyhet n\u00eb 2020. &#8211;","author":"Kurt Farka","date":"October 16, 2019","format":false,"excerpt":"Zbardhet dokumenti final p\u00ebr Kryeministrat e BE: Maqedonia hap negociatat, Shqip\u00ebria shtyhet n\u00eb 2020 16 tetor 2019 ARISTIR LUMEZI\/ Dokumenti zyrtar i p\u00ebrgatitur nga Presidenca finlandeze e Bashkimit Europian pas mbledhjes s\u00eb ministrave t\u00eb vendeve an\u00ebtare t\u00eb BE-s\u00eb n\u00eb takimin e K\u00ebshillit t\u00eb \u00c7\u00ebshtjeve t\u00eb P\u00ebrgjithshme propozon hapjen e menj\u00ebhershme\u2026","rel":"","context":"In &quot;Blogu i Udh\u00ebtarit&quot;","block_context":{"text":"Blogu i Udh\u00ebtarit","link":"https:\/\/www.shqiperia.com\/blog\/category\/blogu-i-udhetarit\/"},"img":{"alt_text":"","src":"https:\/\/i0.wp.com\/www.shqiperia.com\/blog\/wp-content\/uploads\/2019\/10\/169.jpg?fit=748%2C396&ssl=1&resize=350%2C200","width":350,"height":200,"srcset":"https:\/\/i0.wp.com\/www.shqiperia.com\/blog\/wp-content\/uploads\/2019\/10\/169.jpg?fit=748%2C396&ssl=1&resize=350%2C200 1x, https:\/\/i0.wp.com\/www.shqiperia.com\/blog\/wp-content\/uploads\/2019\/10\/169.jpg?fit=748%2C396&ssl=1&resize=525%2C300 1.5x, https:\/\/i0.wp.com\/www.shqiperia.com\/blog\/wp-content\/uploads\/2019\/10\/169.jpg?fit=748%2C396&ssl=1&resize=700%2C400 2x"},"classes":[]}],"_links":{"self":[{"href":"https:\/\/www.shqiperia.com\/blog\/wp-json\/wp\/v2\/posts\/98377","targetHints":{"allow":["GET"]}}],"collection":[{"href":"https:\/\/www.shqiperia.com\/blog\/wp-json\/wp\/v2\/posts"}],"about":[{"href":"https:\/\/www.shqiperia.com\/blog\/wp-json\/wp\/v2\/types\/post"}],"author":[{"embeddable":true,"href":"https:\/\/www.shqiperia.com\/blog\/wp-json\/wp\/v2\/users\/9"}],"replies":[{"embeddable":true,"href":"https:\/\/www.shqiperia.com\/blog\/wp-json\/wp\/v2\/comments?post=98377"}],"version-history":[{"count":1,"href":"https:\/\/www.shqiperia.com\/blog\/wp-json\/wp\/v2\/posts\/98377\/revisions"}],"predecessor-version":[{"id":98379,"href":"https:\/\/www.shqiperia.com\/blog\/wp-json\/wp\/v2\/posts\/98377\/revisions\/98379"}],"wp:featuredmedia":[{"embeddable":true,"href":"https:\/\/www.shqiperia.com\/blog\/wp-json\/wp\/v2\/media\/98378"}],"wp:attachment":[{"href":"https:\/\/www.shqiperia.com\/blog\/wp-json\/wp\/v2\/media?parent=98377"}],"wp:term":[{"taxonomy":"category","embeddable":true,"href":"https:\/\/www.shqiperia.com\/blog\/wp-json\/wp\/v2\/categories?post=98377"},{"taxonomy":"post_tag","embeddable":true,"href":"https:\/\/www.shqiperia.com\/blog\/wp-json\/wp\/v2\/tags?post=98377"}],"curies":[{"name":"wp","href":"https:\/\/api.w.org\/{rel}","templated":true}]}}