{"id":98373,"date":"2026-03-12T05:13:07","date_gmt":"2026-03-12T05:13:07","guid":{"rendered":"https:\/\/www.shqiperia.com\/blog\/?p=98373"},"modified":"2026-03-12T05:13:18","modified_gmt":"2026-03-12T05:13:18","slug":"ish-deputeti-braho-porosi-per-ramen-belinda-ballukut-si-ben-derman-as-perendia","status":"publish","type":"post","link":"https:\/\/www.shqiperia.com\/blog\/ish-deputeti-braho-porosi-per-ramen-belinda-ballukut-si-ben-derman-as-perendia\/","title":{"rendered":"Ish-deputeti Braho porosi per Ramen: &#8211; Belinda Ballukut s\u2019i b\u00ebn derman as per\u00ebndia"},"content":{"rendered":"<p><img data-recalc-dims=\"1\" loading=\"lazy\" decoding=\"async\" data-attachment-id=\"98374\" data-permalink=\"https:\/\/www.shqiperia.com\/blog\/ish-deputeti-braho-porosi-per-ramen-belinda-ballukut-si-ben-derman-as-perendia\/1773256170_spartakbraho\/\" data-orig-file=\"https:\/\/i0.wp.com\/www.shqiperia.com\/blog\/wp-content\/uploads\/2026\/03\/1773256170_spartakbraho.jpg?fit=780%2C440&amp;ssl=1\" data-orig-size=\"780,440\" data-comments-opened=\"1\" data-image-meta=\"{&quot;aperture&quot;:&quot;0&quot;,&quot;credit&quot;:&quot;&quot;,&quot;camera&quot;:&quot;&quot;,&quot;caption&quot;:&quot;&quot;,&quot;created_timestamp&quot;:&quot;0&quot;,&quot;copyright&quot;:&quot;&quot;,&quot;focal_length&quot;:&quot;0&quot;,&quot;iso&quot;:&quot;0&quot;,&quot;shutter_speed&quot;:&quot;0&quot;,&quot;title&quot;:&quot;&quot;,&quot;orientation&quot;:&quot;0&quot;}\" data-image-title=\"1773256170_spartakbraho\" data-image-description=\"\" data-image-caption=\"\" data-medium-file=\"https:\/\/i0.wp.com\/www.shqiperia.com\/blog\/wp-content\/uploads\/2026\/03\/1773256170_spartakbraho.jpg?fit=300%2C169&amp;ssl=1\" data-large-file=\"https:\/\/i0.wp.com\/www.shqiperia.com\/blog\/wp-content\/uploads\/2026\/03\/1773256170_spartakbraho.jpg?fit=780%2C440&amp;ssl=1\" class=\"alignnone  wp-image-98374\" alt=\"\" src=\"https:\/\/i0.wp.com\/www.shqiperia.com\/blog\/wp-content\/uploads\/2026\/03\/1773256170_spartakbraho.jpg?resize=580%2C327&#038;ssl=1\" width=\"580\" height=\"327\" srcset=\"https:\/\/i0.wp.com\/www.shqiperia.com\/blog\/wp-content\/uploads\/2026\/03\/1773256170_spartakbraho.jpg?resize=300%2C169&amp;ssl=1 300w, https:\/\/i0.wp.com\/www.shqiperia.com\/blog\/wp-content\/uploads\/2026\/03\/1773256170_spartakbraho.jpg?resize=768%2C433&amp;ssl=1 768w, https:\/\/i0.wp.com\/www.shqiperia.com\/blog\/wp-content\/uploads\/2026\/03\/1773256170_spartakbraho.jpg?resize=450%2C254&amp;ssl=1 450w, https:\/\/i0.wp.com\/www.shqiperia.com\/blog\/wp-content\/uploads\/2026\/03\/1773256170_spartakbraho.jpg?resize=600%2C338&amp;ssl=1 600w, https:\/\/i0.wp.com\/www.shqiperia.com\/blog\/wp-content\/uploads\/2026\/03\/1773256170_spartakbraho.jpg?resize=400%2C226&amp;ssl=1 400w, https:\/\/i0.wp.com\/www.shqiperia.com\/blog\/wp-content\/uploads\/2026\/03\/1773256170_spartakbraho.jpg?w=780&amp;ssl=1 780w\" sizes=\"auto, (max-width: 580px) 100vw, 580px\" \/><\/p>\n<p>12 Mars 2026<\/p>\n<p>Ish-deputeti socialist, Spartak Braho, thot\u00eb se kryeministri Edi Rama duhej t\u00eb kishte shkarkuar Belinda Ballukun nga posti i z\u00ebvend\u00ebskryeministres dhe ministres s\u00eb Infrastruktur\u00ebs dhe Energjis\u00eb, menj\u00ebher\u00eb pasi SPAK i komunikoi akuz\u00ebn p\u00ebr vepr\u00ebn penale \u201cshkelje e barazis\u00eb n\u00eb tender\u00eb\u201d p\u00ebr tunelin e Llogaras\u00eb.<\/p>\n<p>\u201cDuhej, duhej ta kishte shkarkuar. E leht\u00ebsonte. Duhet kuptuar nj\u00eb gj\u00eb. Hiqet imuniteti, s\u2019hiqet imuniteti; merret e pandehur, s\u2019merret e pandehur; ka filluar \u00e7\u00ebshtja penale. Dosja n\u00eb fund do t\u00eb shkoj\u00eb n\u00eb gjyq. Nuk ka per\u00ebndi q\u00eb i b\u00ebn derman Ballukut. Do vej\u00eb n\u00eb gjyq, do ta shqyrtoj\u00eb. Vendimin e fundit, me imunitet, pa imunitet, e jep gjykata q\u00eb do t\u00eb shqyrtoj\u00eb \u00e7\u00ebshtjen\u201d,- tha Braho n\u00eb nj\u00eb emision televiziv,<\/p>\n<p>Ish-deputeti scialist deklaroi q\u00eb ndryshe nga \u00e7far\u00eb thuhet n\u00eb publik, mazhoranca po nd\u00ebrhyn n\u00eb pun\u00ebt e Drejt\u00ebsis\u00eb, dhe se k\u00ebt\u00eb e v\u00ebrteton edhe gjuha e p\u00ebrdorur nga kryeministri Rama n\u00eb mbledhjen e grupit parlamentar t\u00eb Partis\u00eb Socialiste, ku u prezantua raporti p\u00ebr k\u00ebrkes\u00ebn e SPAK p\u00ebr heqjen e imunitetit t\u00eb Ballukut, me q\u00ebllim heqjen e liris\u00eb.<\/p>\n<p>\u201cAshtu thot\u00eb, por nd\u00ebrhyn n\u00eb pun\u00ebt e Drejt\u00ebsis\u00eb. D\u00ebgjoje Ram\u00ebn pardje vije duart n\u00eb kok\u00eb. Vije duart n\u00eb kok\u00eb. Ishte kakofoni. U duk si nj\u00eb student i vitit t\u00eb par\u00eb t\u00eb Drejt\u00ebsis\u00eb me ato kazuse q\u00eb p\u00ebrmendi. Biles mori p\u00ebrsip\u00ebr t\u00eb komentonte ka fyerje apo s\u2019ka fyerje, ka shpifje apo s\u2019ka shpifje. Ka k\u00ebrc\u00ebnuar apo nuk ka k\u00ebrc\u00ebnuar. Kazus p\u00ebr t\u00eb qeshur. Shpjegimi ishte pa kuptim fare, ashtu si\u00e7 ishte dhe kazusi q\u00eb p\u00ebrdori. Rama mund t\u00eb jet\u00eb politolog i mir\u00eb, piktor i mir\u00eb. Por, jurist shum\u00eb i keq\u201d,- tha Braho.<\/p>\n<p>P\u00ebr deputetin Ulsi Manja, i cili lexoi raportin e socialist\u00ebve, Braho tha se \u201c\u00ebsht\u00eb nj\u00eb jeni\u00e7er i pushtetit politik. Nuk ka m\u00eb sh\u00ebrb\u00ebr t\u00eb pushtetit politik se sa kur nj\u00eb jurist b\u00ebhet jeni\u00e7er. Manja t\u00eb tregoj\u00eb nj\u00eb\u00e7ik\u00eb dinjitet. Ta k\u00ebshillojn\u00eb at\u00eb se jan\u00eb af\u00ebr mos t\u00eb flas\u00eb kodra pas bregut.<\/p>\n","protected":false},"excerpt":{"rendered":"<p>12 Mars 2026 Ish-deputeti socialist, Spartak Braho, thot\u00eb se kryeministri Edi Rama duhej t\u00eb kishte shkarkuar Belinda Ballukun nga posti i z\u00ebvend\u00ebskryeministres dhe ministres s\u00eb Infrastruktur\u00ebs dhe Energjis\u00eb, menj\u00ebher\u00eb pasi SPAK i komunikoi akuz\u00ebn p\u00ebr vepr\u00ebn penale \u201cshkelje e barazis\u00eb n\u00eb tender\u00eb\u201d p\u00ebr tunelin e Llogaras\u00eb. \u201cDuhej, duhej ta kishte shkarkuar. E leht\u00ebsonte. Duhet kuptuar [&hellip;]<\/p>\n","protected":false},"author":9,"featured_media":98374,"comment_status":"open","ping_status":"open","sticky":false,"template":"","format":"standard","meta":{"jetpack_post_was_ever_published":false,"_jetpack_newsletter_access":"","_jetpack_dont_email_post_to_subs":false,"_jetpack_newsletter_tier_id":0,"_jetpack_memberships_contains_paywalled_content":false,"_jetpack_memberships_contains_paid_content":false,"footnotes":"","jetpack_publicize_message":"","jetpack_publicize_feature_enabled":true,"jetpack_social_post_already_shared":true,"jetpack_social_options":{"image_generator_settings":{"template":"highway","default_image_id":0,"font":"","enabled":false},"version":2}},"categories":[1,2],"tags":[],"class_list":["post-98373","post","type-post","status-publish","format-standard","has-post-thumbnail","hentry","category-njoftime-shtypi","category-politika"],"jetpack_publicize_connections":[],"jetpack_featured_media_url":"https:\/\/i0.wp.com\/www.shqiperia.com\/blog\/wp-content\/uploads\/2026\/03\/1773256170_spartakbraho.jpg?fit=780%2C440&ssl=1","jetpack_sharing_enabled":true,"jetpack_shortlink":"https:\/\/wp.me\/p5Z6wp-pAF","jetpack-related-posts":[{"id":95671,"url":"https:\/\/www.shqiperia.com\/blog\/analiza-e-birn-imuniteti-sherben-per-detyren-e-deputetit-jo-per-te-shkelur-ligjet\/","url_meta":{"origin":98373,"position":0},"title":"Analiza e BIRN: Imuniteti sh\u00ebrben p\u00ebr detyr\u00ebn e deputetit, jo p\u00ebr t\u00eb shkelur ligjet","author":"Kurt Farka","date":"December 18, 2025","format":false,"excerpt":"18 Dhjetor 2025 Nd\u00ebrsa q\u00ebndrimi i maxhoranc\u00ebs socialiste mbi \u00e7\u00ebshtjen e imunitetit t\u00eb deputetes dhe zv\/kryeministres Belinda Balluku \u00ebsht\u00eb i paqart\u00eb, ajo q\u00eb \u00ebsht\u00eb e qart\u00eb \u00ebsht\u00eb se imuniteti parlamentar, n\u00eb thelb, nuk mundet dhe nuk duhet t\u00eb sh\u00ebrbej\u00eb si imunitet nga nd\u00ebshkimi p\u00ebr shkelje t\u00eb ligjeve. GJERGJ EREBARA\/ BIRN\u2026","rel":"","context":"In &quot;Blogu i Udh\u00ebtarit&quot;","block_context":{"text":"Blogu i Udh\u00ebtarit","link":"https:\/\/www.shqiperia.com\/blog\/category\/blogu-i-udhetarit\/"},"img":{"alt_text":"","src":"https:\/\/i0.wp.com\/www.shqiperia.com\/blog\/wp-content\/uploads\/2025\/12\/640-0-img-9391-482-1.jpeg?fit=640%2C407&ssl=1&resize=350%2C200","width":350,"height":200,"srcset":"https:\/\/i0.wp.com\/www.shqiperia.com\/blog\/wp-content\/uploads\/2025\/12\/640-0-img-9391-482-1.jpeg?fit=640%2C407&ssl=1&resize=350%2C200 1x, https:\/\/i0.wp.com\/www.shqiperia.com\/blog\/wp-content\/uploads\/2025\/12\/640-0-img-9391-482-1.jpeg?fit=640%2C407&ssl=1&resize=525%2C300 1.5x"},"classes":[]},{"id":3094,"url":"https:\/\/www.shqiperia.com\/blog\/deputeti-gjerman-tahirit-duhej-ti-ishte-hequr-imuniteti\/","url_meta":{"origin":98373,"position":1},"title":"Deputeti gjerman: Tahirit duhej t\u2019i ishte hequr imuniteti &#8211;","author":"Kurt Farka","date":"February 14, 2018","format":false,"excerpt":"Deputeti i Bundestagut gjerman, raportuesi p\u00ebr Shqip\u00ebrin\u00eb n\u00eb KE, Thorsten Frei n\u00eb nj\u00eb konference p\u00ebr mediat foli p\u00ebr \u00e7\u00ebshtjen \u201cTahiri\u201d duke theksuar se Parlamenti duhej t\u2019ia kishte hequr me patjet\u00ebr imunitetin ish-ministrit t\u00eb Brendsh\u00ebm. \u201cS\u2019ka pse t\u00eb mbrohen disa njer\u00ebz n\u00eb situata t\u00eb tilla, Parlamenti duhet t\u2019i hiqte pa diskutim\u2026","rel":"","context":"In &quot;Politika&quot;","block_context":{"text":"Politika","link":"https:\/\/www.shqiperia.com\/blog\/category\/politika\/"},"img":{"alt_text":"","src":"https:\/\/i0.wp.com\/www.shqiperia.com\/blog\/wp-content\/uploads\/2018\/02\/index-300x148.jpg?resize=350%2C200","width":350,"height":200},"classes":[]},{"id":58392,"url":"https:\/\/www.shqiperia.com\/blog\/do-kete-arrestime-te-bujshme-spartak-braho-spak-do-vere-ne-pranga-ministra-aktuale-dhe-ish-ministra-do-te-godase\/","url_meta":{"origin":98373,"position":2},"title":"\u201cDo ket\u00eb arrestime t\u00eb bujshme\u201d, Spartak Braho: &#8211; SPAK do v\u00ebr\u00eb n\u00eb pranga ministra aktual\u00eb dhe ish-ministra, do t\u00eb godas\u00eb&#8230;.","author":"Kurt Farka","date":"June 1, 2022","format":false,"excerpt":"31 MAJ 2022 Ish-deputeti socialist Spartak Braho ka folur mbr\u00ebmjen e sotme n\u00eb nj\u00eb emision televiziv p\u00ebr situat\u00ebn aktuale dhe arrestimet q\u00eb po b\u00ebn SPAK koh\u00ebt e fundit. Braho deklaron se Prokuroria e Posa\u00e7me Anti-korrupsion do t\u00eb godas\u00eb n\u00eb rang\u00ebt m\u00eb t\u00eb larta politike, duke paralajm\u00ebruar se nga hetimet e\u2026","rel":"","context":"In &quot;Blogu i Udh\u00ebtarit&quot;","block_context":{"text":"Blogu i Udh\u00ebtarit","link":"https:\/\/www.shqiperia.com\/blog\/category\/blogu-i-udhetarit\/"},"img":{"alt_text":"","src":"https:\/\/i0.wp.com\/www.shqiperia.com\/blog\/wp-content\/uploads\/2022\/06\/Spartak-Braho.jpg?fit=665%2C357&ssl=1&resize=350%2C200","width":350,"height":200,"srcset":"https:\/\/i0.wp.com\/www.shqiperia.com\/blog\/wp-content\/uploads\/2022\/06\/Spartak-Braho.jpg?fit=665%2C357&ssl=1&resize=350%2C200 1x, https:\/\/i0.wp.com\/www.shqiperia.com\/blog\/wp-content\/uploads\/2022\/06\/Spartak-Braho.jpg?fit=665%2C357&ssl=1&resize=525%2C300 1.5x"},"classes":[]},{"id":97441,"url":"https:\/\/www.shqiperia.com\/blog\/kuvendi-duhet-ti-heqe-imunitetin-ballukut-koci-i-prere-ska-pse-te-pritet-gjykata-kushtetuese\/","url_meta":{"origin":98373,"position":3},"title":"\u201cKuvendi duhet t\u2019i heq\u00eb imunitetin Ballukut\u201d, Ko\u00e7i i prer\u00eb: &#8211; S\u2019ka pse t\u00eb pritet Gjykata Kushtetuese","author":"Kurt Farka","date":"February 6, 2026","format":false,"excerpt":"6 Shkurt 2026 Ish deputeti socialist, Petro Ko\u00e7i theksoi se parlamenti duhet q\u00eb ta miratoj\u00eb k\u00ebrkes\u00ebn e SPAK p\u00ebr heqjen e imunitetit t\u00eb Belinda Ballukut, z\u00ebvend\u00ebs kryeministres dhe ministres s\u00eb Infrastruktur\u00ebs dhe Energjis\u00eb, e marr\u00eb e pandehur p\u00ebr tenderin e tunelit t\u00eb Llogaras\u00eb dhe n\u00ebn hetim p\u00ebr nj\u00eb s\u00ebr\u00eb procedurash\u2026","rel":"","context":"In &quot;Blogu i Udh\u00ebtarit&quot;","block_context":{"text":"Blogu i Udh\u00ebtarit","link":"https:\/\/www.shqiperia.com\/blog\/category\/blogu-i-udhetarit\/"},"img":{"alt_text":"","src":"https:\/\/i0.wp.com\/www.shqiperia.com\/blog\/wp-content\/uploads\/2026\/02\/petro-koci.jpg?fit=900%2C502&ssl=1&resize=350%2C200","width":350,"height":200,"srcset":"https:\/\/i0.wp.com\/www.shqiperia.com\/blog\/wp-content\/uploads\/2026\/02\/petro-koci.jpg?fit=900%2C502&ssl=1&resize=350%2C200 1x, https:\/\/i0.wp.com\/www.shqiperia.com\/blog\/wp-content\/uploads\/2026\/02\/petro-koci.jpg?fit=900%2C502&ssl=1&resize=525%2C300 1.5x, https:\/\/i0.wp.com\/www.shqiperia.com\/blog\/wp-content\/uploads\/2026\/02\/petro-koci.jpg?fit=900%2C502&ssl=1&resize=700%2C400 2x"},"classes":[]},{"id":19047,"url":"https:\/\/www.shqiperia.com\/blog\/spartak-braho-kerkon-shkarkimin-i-pergjigjet-rrufeshem-agron-tufa-perfaqesues-i-zi-i-ish-sigurimit-te-shtetit\/","url_meta":{"origin":98373,"position":4},"title":"SPARTAK BRAHO K\u00cbRKON SHKARKIMIN, I P\u00cbRGJIGJET RRUFESH\u00cbM AGRON TUFA: P\u00cbRFAQ\u00cbSUES I ZI I ISH-SIGURIMIT T\u00cb SHTETIT. &#8211;","author":"Kurt Farka","date":"April 2, 2019","format":false,"excerpt":"SPARTAK BRAHO K\u00cbRKON SHKARKIMIN, I P\u00cbRGJIGJET RRUFESH\u00cbM AGRON TUFA: P\u00cbRFAQ\u00cbSUES I ZI I ISH-SIGURIMIT T\u00cb SHTETIT. - Shkrimtari dhe pedagogu Agron Tufa i cili drejton nj\u00ebherazi Institutin e Studimeve p\u00ebr Krimet dhe Pasojat e Komunizmit, \u00ebsht\u00eb v\u00ebn\u00eb n\u00eb \u201csh\u00ebnjest\u00ebr\u201d t\u00eb Spartak Brahos nga Komisioni i Siguris\u00eb. Braho, ka l\u00ebshuar nj\u00eb\u2026","rel":"","context":"In &quot;Blogu i Udh\u00ebtarit&quot;","block_context":{"text":"Blogu i Udh\u00ebtarit","link":"https:\/\/www.shqiperia.com\/blog\/category\/blogu-i-udhetarit\/"},"img":{"alt_text":"","src":"https:\/\/i0.wp.com\/www.shqiperia.com\/blog\/wp-content\/uploads\/2019\/04\/1bc5101219f22446eb06092b7c2d3267_L.jpg?fit=700%2C394&ssl=1&resize=350%2C200","width":350,"height":200,"srcset":"https:\/\/i0.wp.com\/www.shqiperia.com\/blog\/wp-content\/uploads\/2019\/04\/1bc5101219f22446eb06092b7c2d3267_L.jpg?fit=700%2C394&ssl=1&resize=350%2C200 1x, https:\/\/i0.wp.com\/www.shqiperia.com\/blog\/wp-content\/uploads\/2019\/04\/1bc5101219f22446eb06092b7c2d3267_L.jpg?fit=700%2C394&ssl=1&resize=525%2C300 1.5x, https:\/\/i0.wp.com\/www.shqiperia.com\/blog\/wp-content\/uploads\/2019\/04\/1bc5101219f22446eb06092b7c2d3267_L.jpg?fit=700%2C394&ssl=1&resize=700%2C400 2x"},"classes":[]},{"id":60116,"url":"https:\/\/www.shqiperia.com\/blog\/spartak-braho-rama-eshte-sharlatan-sociopat-do-perfundoje-si-musolini\/","url_meta":{"origin":98373,"position":5},"title":"Spartak Braho: &#8211; Rama \u00ebsht\u00eb sharlatan, sociopat, do p\u00ebrfundoj\u00eb si Musolini!","author":"Kurt Farka","date":"July 27, 2022","format":false,"excerpt":"- 27.07. 2022 \u201cRama e do pun\u00ebn por n\u00eb pik\u00ebpamje t\u00eb ideve \u00ebsht\u00eb sharlatan, sociopat, ve\u00e7an\u00ebrisht n\u00eb egon p\u00ebr t\u00eb p\u00ebrvet\u00ebsuar gjith\u00e7ka. E kam th\u00ebn\u00eb q\u00eb do t\u00eb ik\u00eb si Musolini. Nuk drejtohet shteti k\u00ebshtu. Ky \u00ebsht\u00eb sharlatan. \u00cbsht\u00eb kokrra e sharlatanit e njeriut jonormal.\u201d\u00a0\u2013 K\u00ebshtu \u00ebsht\u00eb shprehur mbr\u00ebmjen e\u2026","rel":"","context":"In &quot;Blogu i Udh\u00ebtarit&quot;","block_context":{"text":"Blogu i Udh\u00ebtarit","link":"https:\/\/www.shqiperia.com\/blog\/category\/blogu-i-udhetarit\/"},"img":{"alt_text":"","src":"https:\/\/i0.wp.com\/www.shqiperia.com\/blog\/wp-content\/uploads\/2022\/07\/Spartak-Braho-1.jpg?fit=770%2C433&ssl=1&resize=350%2C200","width":350,"height":200,"srcset":"https:\/\/i0.wp.com\/www.shqiperia.com\/blog\/wp-content\/uploads\/2022\/07\/Spartak-Braho-1.jpg?fit=770%2C433&ssl=1&resize=350%2C200 1x, https:\/\/i0.wp.com\/www.shqiperia.com\/blog\/wp-content\/uploads\/2022\/07\/Spartak-Braho-1.jpg?fit=770%2C433&ssl=1&resize=525%2C300 1.5x, https:\/\/i0.wp.com\/www.shqiperia.com\/blog\/wp-content\/uploads\/2022\/07\/Spartak-Braho-1.jpg?fit=770%2C433&ssl=1&resize=700%2C400 2x"},"classes":[]}],"_links":{"self":[{"href":"https:\/\/www.shqiperia.com\/blog\/wp-json\/wp\/v2\/posts\/98373","targetHints":{"allow":["GET"]}}],"collection":[{"href":"https:\/\/www.shqiperia.com\/blog\/wp-json\/wp\/v2\/posts"}],"about":[{"href":"https:\/\/www.shqiperia.com\/blog\/wp-json\/wp\/v2\/types\/post"}],"author":[{"embeddable":true,"href":"https:\/\/www.shqiperia.com\/blog\/wp-json\/wp\/v2\/users\/9"}],"replies":[{"embeddable":true,"href":"https:\/\/www.shqiperia.com\/blog\/wp-json\/wp\/v2\/comments?post=98373"}],"version-history":[{"count":2,"href":"https:\/\/www.shqiperia.com\/blog\/wp-json\/wp\/v2\/posts\/98373\/revisions"}],"predecessor-version":[{"id":98376,"href":"https:\/\/www.shqiperia.com\/blog\/wp-json\/wp\/v2\/posts\/98373\/revisions\/98376"}],"wp:featuredmedia":[{"embeddable":true,"href":"https:\/\/www.shqiperia.com\/blog\/wp-json\/wp\/v2\/media\/98374"}],"wp:attachment":[{"href":"https:\/\/www.shqiperia.com\/blog\/wp-json\/wp\/v2\/media?parent=98373"}],"wp:term":[{"taxonomy":"category","embeddable":true,"href":"https:\/\/www.shqiperia.com\/blog\/wp-json\/wp\/v2\/categories?post=98373"},{"taxonomy":"post_tag","embeddable":true,"href":"https:\/\/www.shqiperia.com\/blog\/wp-json\/wp\/v2\/tags?post=98373"}],"curies":[{"name":"wp","href":"https:\/\/api.w.org\/{rel}","templated":true}]}}