{"id":98370,"date":"2026-03-12T05:08:04","date_gmt":"2026-03-12T05:08:04","guid":{"rendered":"https:\/\/www.shqiperia.com\/blog\/?p=98370"},"modified":"2026-03-12T05:08:04","modified_gmt":"2026-03-12T05:08:04","slug":"sot-6-vite-me-pare-covid-19-u-shpall-zyrtarisht-pandemi-nga-obsh","status":"publish","type":"post","link":"https:\/\/www.shqiperia.com\/blog\/sot-6-vite-me-pare-covid-19-u-shpall-zyrtarisht-pandemi-nga-obsh\/","title":{"rendered":"Sot 6 vite m\u00eb par\u00eb, COVID-19 u shpall zyrtarisht pandemi nga OBSH"},"content":{"rendered":"<p data-start=\"215\" data-end=\"723\"><img data-recalc-dims=\"1\" loading=\"lazy\" decoding=\"async\" data-attachment-id=\"98371\" data-permalink=\"https:\/\/www.shqiperia.com\/blog\/sot-6-vite-me-pare-covid-19-u-shpall-zyrtarisht-pandemi-nga-obsh\/830-500-4fab5ecea99527995faf26a76d0a5343\/\" data-orig-file=\"https:\/\/i0.wp.com\/www.shqiperia.com\/blog\/wp-content\/uploads\/2026\/03\/830-500-4fab5ecea99527995faf26a76d0a5343.jpg?fit=830%2C500&amp;ssl=1\" data-orig-size=\"830,500\" data-comments-opened=\"1\" data-image-meta=\"{&quot;aperture&quot;:&quot;0&quot;,&quot;credit&quot;:&quot;&quot;,&quot;camera&quot;:&quot;&quot;,&quot;caption&quot;:&quot;&quot;,&quot;created_timestamp&quot;:&quot;0&quot;,&quot;copyright&quot;:&quot;&quot;,&quot;focal_length&quot;:&quot;0&quot;,&quot;iso&quot;:&quot;0&quot;,&quot;shutter_speed&quot;:&quot;0&quot;,&quot;title&quot;:&quot;&quot;,&quot;orientation&quot;:&quot;0&quot;}\" data-image-title=\"-830-500-4fab5ecea99527995faf26a76d0a5343\" data-image-description=\"\" data-image-caption=\"\" data-medium-file=\"https:\/\/i0.wp.com\/www.shqiperia.com\/blog\/wp-content\/uploads\/2026\/03\/830-500-4fab5ecea99527995faf26a76d0a5343.jpg?fit=300%2C181&amp;ssl=1\" data-large-file=\"https:\/\/i0.wp.com\/www.shqiperia.com\/blog\/wp-content\/uploads\/2026\/03\/830-500-4fab5ecea99527995faf26a76d0a5343.jpg?fit=830%2C500&amp;ssl=1\" class=\"alignnone  wp-image-98371\" alt=\"\" src=\"https:\/\/i0.wp.com\/www.shqiperia.com\/blog\/wp-content\/uploads\/2026\/03\/830-500-4fab5ecea99527995faf26a76d0a5343.jpg?resize=656%2C396&#038;ssl=1\" width=\"656\" height=\"396\" srcset=\"https:\/\/i0.wp.com\/www.shqiperia.com\/blog\/wp-content\/uploads\/2026\/03\/830-500-4fab5ecea99527995faf26a76d0a5343.jpg?resize=300%2C181&amp;ssl=1 300w, https:\/\/i0.wp.com\/www.shqiperia.com\/blog\/wp-content\/uploads\/2026\/03\/830-500-4fab5ecea99527995faf26a76d0a5343.jpg?resize=768%2C463&amp;ssl=1 768w, https:\/\/i0.wp.com\/www.shqiperia.com\/blog\/wp-content\/uploads\/2026\/03\/830-500-4fab5ecea99527995faf26a76d0a5343.jpg?resize=450%2C271&amp;ssl=1 450w, https:\/\/i0.wp.com\/www.shqiperia.com\/blog\/wp-content\/uploads\/2026\/03\/830-500-4fab5ecea99527995faf26a76d0a5343.jpg?resize=600%2C361&amp;ssl=1 600w, https:\/\/i0.wp.com\/www.shqiperia.com\/blog\/wp-content\/uploads\/2026\/03\/830-500-4fab5ecea99527995faf26a76d0a5343.jpg?resize=400%2C241&amp;ssl=1 400w, https:\/\/i0.wp.com\/www.shqiperia.com\/blog\/wp-content\/uploads\/2026\/03\/830-500-4fab5ecea99527995faf26a76d0a5343.jpg?w=830&amp;ssl=1 830w\" sizes=\"auto, (max-width: 656px) 100vw, 656px\" \/><\/p>\n<p data-start=\"215\" data-end=\"723\">12 Mars 2026<\/p>\n<p data-start=\"215\" data-end=\"723\">Sot sh\u00ebnohet p\u00ebrvjetori i gjasht\u00eb i shpalljes s\u00eb pandemis\u00eb s\u00eb COVID-19, nj\u00eb ngjarje q\u00eb ndryshoi bot\u00ebn dhe jet\u00ebn e \u00e7do vendi, p\u00ebrfshir\u00eb Shqip\u00ebrin\u00eb. M\u00eb 11 mars 2020, Organizata Bot\u00ebrore e Sh\u00ebndet\u00ebsis\u00eb shpalli COVID-19 nj\u00eb pandemi globale. N\u00eb t\u00eb nj\u00ebjt\u00ebn dit\u00eb, NBA nd\u00ebrpreu sezonin pas nj\u00eb rasti pozitiv t\u00eb lojtarit Rudy Gobert, aktori Tom Hanks dhe bashk\u00ebshortja e tij Rita Wilson rezultuan pozitiv\u00eb, dhe presidenti Donald Trump shpalli emergjenc\u00ebn komb\u00ebtare me nj\u00eb ndalim udh\u00ebtimesh nga disa vende evropiane.<\/p>\n<p data-start=\"725\" data-end=\"1228\">N\u00eb Shqip\u00ebri, po at\u00eb dit\u00eb u konfirmua rasti i par\u00eb zyrtar me COVID-19 \u2013 nj\u00eb bab\u00eb e bir q\u00eb kishin kthyer nga Italia. Brenda pak or\u00ebsh, autoritetet nd\u00ebrmor\u00ebn masat e para emergjente: mbylljen e shkollave, kufizimin e l\u00ebvizjeve dhe mobilizimin e sistemit sh\u00ebndet\u00ebsor. Muajt q\u00eb pasuan u karakterizuan nga ankthi, izolimi dhe p\u00ebrpjekja p\u00ebr t\u00eb kuptuar nj\u00eb virus ende t\u00eb panjohur. Mjek\u00ebt dhe infermier\u00ebt u vendos\u00ebn n\u00eb vij\u00ebn e par\u00eb t\u00eb betej\u00ebs, nd\u00ebrsa qytetar\u00ebt p\u00ebrballuan kufizime t\u00eb forta dhe sfida ekonomike.<\/p>\n<p data-start=\"1230\" data-end=\"1446\">Vaksinat u shfaq\u00ebn si arma kryesore p\u00ebr t\u00eb frenuar pandemin\u00eb, duke ulur rastet e r\u00ebnda dhe humbjet e jet\u00ebve, megjith\u00ebse procesi i vaksinimit shoq\u00ebrohej me debate p\u00ebr efektivitetin dhe efektet an\u00ebsore t\u00eb raportuara.<\/p>\n<p data-start=\"1448\" data-end=\"1920\">Sot, gjasht\u00eb vite m\u00eb pas, pandemia mbetet nj\u00eb pik\u00eb referimi p\u00ebr kujtes\u00ebn kolektive, m\u00ebsimet dhe reflektimet mbi sh\u00ebndetin publik. Pyetje t\u00eb pazgjidhura mbi origjin\u00ebn e virusit, efektivitetin afatgjat\u00eb t\u00eb vaksinave dhe transparenc\u00ebn n\u00eb menaxhimin e krizave globale vazhdojn\u00eb t\u00eb jen\u00eb tema q\u00eb k\u00ebrkojn\u00eb v\u00ebmendje. Marsi mbetet nj\u00eb muaj kujtese dhe reflektimi p\u00ebr t\u00eb gjith\u00eb bot\u00ebn dhe Shqip\u00ebrin\u00eb, nj\u00eb kujtes\u00eb e forc\u00ebs, sfidave dhe solidaritetit njer\u00ebzor p\u00ebrball\u00eb krizave globale.<\/p>\n<div class=\"insertion-box\">\n<div class=\"\">\n<div id=\"t69b249d49ab57\" data-p=\"100\">\n<div id=\"taboola\"><\/div>\n<\/div>\n<\/div>\n<\/div>\n<div class=\"addthis-blck\">\n<div class=\"addthis_inline_share_toolbox\">\n<div class=\"social-share-blck\">\n<div class=\"social-share-btn-elements\"><\/div>\n<\/div>\n<\/div>\n<\/div>\n","protected":false},"excerpt":{"rendered":"<p>12 Mars 2026 Sot sh\u00ebnohet p\u00ebrvjetori i gjasht\u00eb i shpalljes s\u00eb pandemis\u00eb s\u00eb COVID-19, nj\u00eb ngjarje q\u00eb ndryshoi bot\u00ebn dhe jet\u00ebn e \u00e7do vendi, p\u00ebrfshir\u00eb Shqip\u00ebrin\u00eb. M\u00eb 11 mars 2020, Organizata Bot\u00ebrore e Sh\u00ebndet\u00ebsis\u00eb shpalli COVID-19 nj\u00eb pandemi globale. N\u00eb t\u00eb nj\u00ebjt\u00ebn dit\u00eb, NBA nd\u00ebrpreu sezonin pas nj\u00eb rasti pozitiv t\u00eb lojtarit Rudy Gobert, aktori [&hellip;]<\/p>\n","protected":false},"author":9,"featured_media":98371,"comment_status":"open","ping_status":"open","sticky":false,"template":"","format":"standard","meta":{"jetpack_post_was_ever_published":false,"_jetpack_newsletter_access":"","_jetpack_dont_email_post_to_subs":false,"_jetpack_newsletter_tier_id":0,"_jetpack_memberships_contains_paywalled_content":false,"_jetpack_memberships_contains_paid_content":false,"footnotes":"","jetpack_publicize_message":"","jetpack_publicize_feature_enabled":true,"jetpack_social_post_already_shared":true,"jetpack_social_options":{"image_generator_settings":{"template":"highway","default_image_id":0,"font":"","enabled":false},"version":2}},"categories":[85,1,35],"tags":[],"class_list":["post-98370","post","type-post","status-publish","format-standard","has-post-thumbnail","hentry","category-histori","category-njoftime-shtypi","category-shoqerore"],"jetpack_publicize_connections":[],"jetpack_featured_media_url":"https:\/\/i0.wp.com\/www.shqiperia.com\/blog\/wp-content\/uploads\/2026\/03\/830-500-4fab5ecea99527995faf26a76d0a5343.jpg?fit=830%2C500&ssl=1","jetpack_sharing_enabled":true,"jetpack_shortlink":"https:\/\/wp.me\/p5Z6wp-pAC","jetpack-related-posts":[{"id":32215,"url":"https:\/\/www.shqiperia.com\/blog\/edhe-kater-raste-te-reja-me-koronavirus-ministria-e-shendetesise-sqaron-pese-nga-e-njejta-familje-rasti-tjeter-nje-31-vjecar-qe-udhetoi-ne-milano\/","url_meta":{"origin":98370,"position":0},"title":"Edhe kat\u00ebr raste t\u00eb reja me koronavirus. Ministria e Sh\u00ebndet\u00ebsis\u00eb sqaron: Pes\u00eb nga e nj\u00ebjta familje, rasti tjet\u00ebr nj\u00eb 31 vje\u00e7ar q\u00eb udh\u00ebtoi n\u00eb Milano","author":"Kurt Farka","date":"March 10, 2020","format":false,"excerpt":"Edhe kat\u00ebr raste t\u00eb reja me koronavirus. Ministria e Sh\u00ebndet\u00ebsis\u00eb sqaron: Pes\u00eb nga e nj\u00ebjta familje, rasti tjet\u00ebr nj\u00eb 31 vje\u00e7ar q\u00eb udh\u00ebtoi n\u00eb Milano \u00a09 mars 2020 Gjat\u00eb dit\u00ebs s\u00eb sotme jan\u00eb regjistruar edhe kat\u00ebr raste t\u00eb reja me koronavirus, tre prej t\u00eb cil\u00ebve pjes\u00ebtar\u00ebve t\u00eb familjes s\u00eb dy\u2026","rel":"","context":"In &quot;Blogu i Udh\u00ebtarit&quot;","block_context":{"text":"Blogu i Udh\u00ebtarit","link":"https:\/\/www.shqiperia.com\/blog\/category\/blogu-i-udhetarit\/"},"img":{"alt_text":"","src":"https:\/\/i0.wp.com\/www.shqiperia.com\/blog\/wp-content\/uploads\/2020\/03\/1211.jpg?fit=1169%2C607&ssl=1&resize=350%2C200","width":350,"height":200,"srcset":"https:\/\/i0.wp.com\/www.shqiperia.com\/blog\/wp-content\/uploads\/2020\/03\/1211.jpg?fit=1169%2C607&ssl=1&resize=350%2C200 1x, https:\/\/i0.wp.com\/www.shqiperia.com\/blog\/wp-content\/uploads\/2020\/03\/1211.jpg?fit=1169%2C607&ssl=1&resize=525%2C300 1.5x, https:\/\/i0.wp.com\/www.shqiperia.com\/blog\/wp-content\/uploads\/2020\/03\/1211.jpg?fit=1169%2C607&ssl=1&resize=700%2C400 2x, https:\/\/i0.wp.com\/www.shqiperia.com\/blog\/wp-content\/uploads\/2020\/03\/1211.jpg?fit=1169%2C607&ssl=1&resize=1050%2C600 3x"},"classes":[]},{"id":45519,"url":"https:\/\/www.shqiperia.com\/blog\/studimi-rasti-i-pare-me-covid-u-shfaq-ne-kine-qe-ne-tetor-te-vitit-2019\/","url_meta":{"origin":98370,"position":1},"title":"Studimi: &#8211; Rasti i par\u00eb me COVID u shfaq n\u00eb Kin\u00eb q\u00eb n\u00eb tetor t\u00eb vitit 2019","author":"Kurt Farka","date":"March 20, 2021","format":false,"excerpt":"Studimi: - Rasti i par\u00eb me COVID u shfaq n\u00eb Kin\u00eb q\u00eb n\u00eb tetor t\u00eb vitit 2019 19 MARS 2021 Rasti i par\u00eb i nj\u00eb njeriu t\u00eb infektuar me SARS-CoV-2, virusi q\u00eb shkakton Covid-19, mund t\u00eb ket\u00eb ndodhur n\u00eb provinc\u00ebn Hubei t\u00eb Kin\u00ebs q\u00eb nga 7 tetori i vitit 2019.\u2026","rel":"","context":"In &quot;Blogu i Udh\u00ebtarit&quot;","block_context":{"text":"Blogu i Udh\u00ebtarit","link":"https:\/\/www.shqiperia.com\/blog\/category\/blogu-i-udhetarit\/"},"img":{"alt_text":"","src":"https:\/\/i0.wp.com\/www.shqiperia.com\/blog\/wp-content\/uploads\/2021\/03\/lakuriqi_i_nates_qe_ushqehet_m.jpg?fit=640%2C356&ssl=1&resize=350%2C200","width":350,"height":200,"srcset":"https:\/\/i0.wp.com\/www.shqiperia.com\/blog\/wp-content\/uploads\/2021\/03\/lakuriqi_i_nates_qe_ushqehet_m.jpg?fit=640%2C356&ssl=1&resize=350%2C200 1x, https:\/\/i0.wp.com\/www.shqiperia.com\/blog\/wp-content\/uploads\/2021\/03\/lakuriqi_i_nates_qe_ushqehet_m.jpg?fit=640%2C356&ssl=1&resize=525%2C300 1.5x"},"classes":[]},{"id":34248,"url":"https:\/\/www.shqiperia.com\/blog\/shba-dhe-britania-e-madhe-vune-perpara-pergjegjesise-kinen-vjen-zbulimi-trondites-nga-franca-rasti-i-pare-me-covid-19-qe-ne-dhjetor-ja-kush-e-solli-virusin\/","url_meta":{"origin":98370,"position":2},"title":"SHBA dhe Britania e Madhe vun\u00eb p\u00ebrpara p\u00ebrgjegj\u00ebsis\u00eb Kin\u00ebn, vjen zbulimi trondit\u00ebs nga Franca: &#8211; Rasti i par\u00eb me COVID-19 q\u00eb n\u00eb dhjetor, ja kush e solli virusin!","author":"Kurt Farka","date":"May 5, 2020","format":false,"excerpt":"SHBA dhe Britania e Madhe vun\u00eb p\u00ebrpara p\u00ebrgjegj\u00ebsis\u00eb Kin\u00ebn, vjen zbulimi trondit\u00ebs nga Franca: - Rasti i par\u00eb me COVID-19 q\u00eb n\u00eb dhjetor, ja kush e solli virusin! 4 MAJ 2020 Pas akuzave t\u00eb nj\u00ebpasnj\u00ebshme ndaj Kin\u00ebs p\u00ebrsa i p\u00ebrket p\u00ebrhapjes s\u00eb koronavirusit, nj\u00eb e lajm i fort\u00eb ka ardhur\u2026","rel":"","context":"In &quot;Blogu i Udh\u00ebtarit&quot;","block_context":{"text":"Blogu i Udh\u00ebtarit","link":"https:\/\/www.shqiperia.com\/blog\/category\/blogu-i-udhetarit\/"},"img":{"alt_text":"","src":"https:\/\/i0.wp.com\/www.shqiperia.com\/blog\/wp-content\/uploads\/2020\/05\/640-0-5eb00edb72c70.jpeg?fit=640%2C316&ssl=1&resize=350%2C200","width":350,"height":200,"srcset":"https:\/\/i0.wp.com\/www.shqiperia.com\/blog\/wp-content\/uploads\/2020\/05\/640-0-5eb00edb72c70.jpeg?fit=640%2C316&ssl=1&resize=350%2C200 1x, https:\/\/i0.wp.com\/www.shqiperia.com\/blog\/wp-content\/uploads\/2020\/05\/640-0-5eb00edb72c70.jpeg?fit=640%2C316&ssl=1&resize=525%2C300 1.5x"},"classes":[]},{"id":41321,"url":"https:\/\/www.shqiperia.com\/blog\/sot-festojme-nen-nje-pandemi-qe-ka-marre-mijera-jete-dhe-me-nje-qeveri-aleate-te-saj\/","url_meta":{"origin":98370,"position":3},"title":"Sot festojm\u00eb n\u00ebn nj\u00eb pandemi q\u00eb ka marr\u00eb mij\u00ebra jet\u00eb dhe me nje qeveri, aleate t\u00eb saj!","author":"Kurt Farka","date":"November 28, 2020","format":false,"excerpt":"Sot festojm\u00eb n\u00ebn nj\u00eb pandemi q\u00eb ka marr\u00eb mij\u00ebra jet\u00eb dhe me nje qeveri, aleate t\u00eb saj! 28 Nentor \u00a02020 G\u00ebzuar dit\u00ebn e Famurit! 108 vjetorin e Pavar\u00ebsis\u00eb! Nga Sali Berisha. Sot shqiptar\u00ebt n\u00eb Shqip\u00ebri dhe kudo q\u00eb jetojn\u00eb, festojn\u00eb 28 N\u00ebntorin si fest\u00ebn e t\u00eb gjitha festave, dit\u00ebn e\u2026","rel":"","context":"In &quot;Blogu i Udh\u00ebtarit&quot;","block_context":{"text":"Blogu i Udh\u00ebtarit","link":"https:\/\/www.shqiperia.com\/blog\/category\/blogu-i-udhetarit\/"},"img":{"alt_text":"","src":"https:\/\/i0.wp.com\/www.shqiperia.com\/blog\/wp-content\/uploads\/2020\/11\/berisha9-750x375-1.jpg?fit=750%2C375&ssl=1&resize=350%2C200","width":350,"height":200,"srcset":"https:\/\/i0.wp.com\/www.shqiperia.com\/blog\/wp-content\/uploads\/2020\/11\/berisha9-750x375-1.jpg?fit=750%2C375&ssl=1&resize=350%2C200 1x, https:\/\/i0.wp.com\/www.shqiperia.com\/blog\/wp-content\/uploads\/2020\/11\/berisha9-750x375-1.jpg?fit=750%2C375&ssl=1&resize=525%2C300 1.5x, https:\/\/i0.wp.com\/www.shqiperia.com\/blog\/wp-content\/uploads\/2020\/11\/berisha9-750x375-1.jpg?fit=750%2C375&ssl=1&resize=700%2C400 2x"},"classes":[]},{"id":45581,"url":"https:\/\/www.shqiperia.com\/blog\/shkencetaret-paralajmerojne-nje-pandemi-te-re-zeri-i-amerikes-ja-pergatitjet-qe-po-behen\/","url_meta":{"origin":98370,"position":4},"title":"Shkenc\u00ebtar\u00ebt paralajm\u00ebrojn\u00eb nj\u00eb pandemi t\u00eb re, Z\u00ebri i Amerik\u00ebs: Ja p\u00ebrgatitjet q\u00eb po b\u00ebhen","author":"Kurt Farka","date":"March 22, 2021","format":false,"excerpt":"Shkenc\u00ebtar\u00ebt paralajm\u00ebrojn\u00eb nj\u00eb pandemi t\u00eb re, Z\u00ebri i Amerik\u00ebs: Ja p\u00ebrgatitjet q\u00eb po b\u00ebhen 21 MARS 2021 Shkenc\u00ebtar\u00ebt thon\u00eb se nuk ka dyshime q\u00eb bota do t\u00eb goditet nga nj\u00eb pandemi e re dhe se kjo \u00ebsht\u00eb thjesht\u00eb \u00e7\u00ebshtje kohe. Ndaj ata u b\u00ebjn\u00eb thirrje vendeve n\u00eb t\u00eb gjith\u00eb bot\u00ebn\u2026","rel":"","context":"In &quot;Blogu i Udh\u00ebtarit&quot;","block_context":{"text":"Blogu i Udh\u00ebtarit","link":"https:\/\/www.shqiperia.com\/blog\/category\/blogu-i-udhetarit\/"},"img":{"alt_text":"","src":"https:\/\/i0.wp.com\/www.shqiperia.com\/blog\/wp-content\/uploads\/2021\/03\/800-0-06d8ff61050a77c04a3b1994739d086a.jpg?fit=800%2C450&ssl=1&resize=350%2C200","width":350,"height":200,"srcset":"https:\/\/i0.wp.com\/www.shqiperia.com\/blog\/wp-content\/uploads\/2021\/03\/800-0-06d8ff61050a77c04a3b1994739d086a.jpg?fit=800%2C450&ssl=1&resize=350%2C200 1x, https:\/\/i0.wp.com\/www.shqiperia.com\/blog\/wp-content\/uploads\/2021\/03\/800-0-06d8ff61050a77c04a3b1994739d086a.jpg?fit=800%2C450&ssl=1&resize=525%2C300 1.5x, https:\/\/i0.wp.com\/www.shqiperia.com\/blog\/wp-content\/uploads\/2021\/03\/800-0-06d8ff61050a77c04a3b1994739d086a.jpg?fit=800%2C450&ssl=1&resize=700%2C400 2x"},"classes":[]},{"id":38491,"url":"https:\/\/www.shqiperia.com\/blog\/7-shenjat-se-si-mund-ta-zbuloni-nese-e-keni-kaluar-ose-jo-covid-19\/","url_meta":{"origin":98370,"position":5},"title":"7 shenjat se si mund ta zbuloni n\u00ebse e keni kaluar ose jo Covid-19","author":"Kurt Farka","date":"September 16, 2020","format":false,"excerpt":"7 shenjat se si mund ta zbuloni n\u00ebse e keni kaluar ose jo Covid-19 13 Shtator 2020 Koronavirusi po vazhdon t\u00eb p\u00ebrhapet n\u00eb gjith\u00eb bot\u00ebn. Sot sh\u00ebnohen 6 muaj q\u00eb kur Organizata Bot\u00ebrore e Sh\u00ebndet\u00ebsis\u00eb e shpalli Covid-19 si pandemi. M\u00eb 11 mars, kreu i OBSH, Tedros Adhanom Ghebreyesus, deklaroi\u2026","rel":"","context":"In &quot;Blogu i Udh\u00ebtarit&quot;","block_context":{"text":"Blogu i Udh\u00ebtarit","link":"https:\/\/www.shqiperia.com\/blog\/category\/blogu-i-udhetarit\/"},"img":{"alt_text":"","src":"https:\/\/i0.wp.com\/www.shqiperia.com\/blog\/wp-content\/uploads\/2020\/09\/640-0-cad8e9c878277c4bcfc31d061f80e146.jpg?fit=640%2C381&ssl=1&resize=350%2C200","width":350,"height":200,"srcset":"https:\/\/i0.wp.com\/www.shqiperia.com\/blog\/wp-content\/uploads\/2020\/09\/640-0-cad8e9c878277c4bcfc31d061f80e146.jpg?fit=640%2C381&ssl=1&resize=350%2C200 1x, https:\/\/i0.wp.com\/www.shqiperia.com\/blog\/wp-content\/uploads\/2020\/09\/640-0-cad8e9c878277c4bcfc31d061f80e146.jpg?fit=640%2C381&ssl=1&resize=525%2C300 1.5x"},"classes":[]}],"_links":{"self":[{"href":"https:\/\/www.shqiperia.com\/blog\/wp-json\/wp\/v2\/posts\/98370","targetHints":{"allow":["GET"]}}],"collection":[{"href":"https:\/\/www.shqiperia.com\/blog\/wp-json\/wp\/v2\/posts"}],"about":[{"href":"https:\/\/www.shqiperia.com\/blog\/wp-json\/wp\/v2\/types\/post"}],"author":[{"embeddable":true,"href":"https:\/\/www.shqiperia.com\/blog\/wp-json\/wp\/v2\/users\/9"}],"replies":[{"embeddable":true,"href":"https:\/\/www.shqiperia.com\/blog\/wp-json\/wp\/v2\/comments?post=98370"}],"version-history":[{"count":1,"href":"https:\/\/www.shqiperia.com\/blog\/wp-json\/wp\/v2\/posts\/98370\/revisions"}],"predecessor-version":[{"id":98372,"href":"https:\/\/www.shqiperia.com\/blog\/wp-json\/wp\/v2\/posts\/98370\/revisions\/98372"}],"wp:featuredmedia":[{"embeddable":true,"href":"https:\/\/www.shqiperia.com\/blog\/wp-json\/wp\/v2\/media\/98371"}],"wp:attachment":[{"href":"https:\/\/www.shqiperia.com\/blog\/wp-json\/wp\/v2\/media?parent=98370"}],"wp:term":[{"taxonomy":"category","embeddable":true,"href":"https:\/\/www.shqiperia.com\/blog\/wp-json\/wp\/v2\/categories?post=98370"},{"taxonomy":"post_tag","embeddable":true,"href":"https:\/\/www.shqiperia.com\/blog\/wp-json\/wp\/v2\/tags?post=98370"}],"curies":[{"name":"wp","href":"https:\/\/api.w.org\/{rel}","templated":true}]}}