{"id":98367,"date":"2026-03-12T05:03:52","date_gmt":"2026-03-12T05:03:52","guid":{"rendered":"https:\/\/www.shqiperia.com\/blog\/?p=98367"},"modified":"2026-03-12T05:06:39","modified_gmt":"2026-03-12T05:06:39","slug":"kush-eshte-gjahtari-si-rekrutoi-rusia-spiune-nga-serbia-per-trazira-ne-france-dhe-gjermani","status":"publish","type":"post","link":"https:\/\/www.shqiperia.com\/blog\/kush-eshte-gjahtari-si-rekrutoi-rusia-spiune-nga-serbia-per-trazira-ne-france-dhe-gjermani\/","title":{"rendered":"Kush \u00ebsht\u00eb \u2018Gjahtari\u2019? &#8211; Si rekrutoi Rusia spiun\u00eb nga Serbia p\u00ebr trazira n\u00eb Franc\u00eb dhe Gjermani"},"content":{"rendered":"<p><img data-recalc-dims=\"1\" loading=\"lazy\" decoding=\"async\" data-attachment-id=\"98368\" data-permalink=\"https:\/\/www.shqiperia.com\/blog\/kush-eshte-gjahtari-si-rekrutoi-rusia-spiune-nga-serbia-per-trazira-ne-france-dhe-gjermani\/640-0-461817b09d940f42171346ba796db3d9\/\" data-orig-file=\"https:\/\/i0.wp.com\/www.shqiperia.com\/blog\/wp-content\/uploads\/2026\/03\/640-0-461817b09d940f42171346ba796db3d9.jpeg?fit=640%2C361&amp;ssl=1\" data-orig-size=\"640,361\" data-comments-opened=\"1\" data-image-meta=\"{&quot;aperture&quot;:&quot;0&quot;,&quot;credit&quot;:&quot;&quot;,&quot;camera&quot;:&quot;&quot;,&quot;caption&quot;:&quot;&quot;,&quot;created_timestamp&quot;:&quot;0&quot;,&quot;copyright&quot;:&quot;&quot;,&quot;focal_length&quot;:&quot;0&quot;,&quot;iso&quot;:&quot;0&quot;,&quot;shutter_speed&quot;:&quot;0&quot;,&quot;title&quot;:&quot;&quot;,&quot;orientation&quot;:&quot;0&quot;}\" data-image-title=\"-640-0-461817b09d940f42171346ba796db3d9\" data-image-description=\"\" data-image-caption=\"\" data-medium-file=\"https:\/\/i0.wp.com\/www.shqiperia.com\/blog\/wp-content\/uploads\/2026\/03\/640-0-461817b09d940f42171346ba796db3d9.jpeg?fit=300%2C169&amp;ssl=1\" data-large-file=\"https:\/\/i0.wp.com\/www.shqiperia.com\/blog\/wp-content\/uploads\/2026\/03\/640-0-461817b09d940f42171346ba796db3d9.jpeg?fit=640%2C361&amp;ssl=1\" class=\"alignnone wp-image-98368\" alt=\"\" src=\"https:\/\/i0.wp.com\/www.shqiperia.com\/blog\/wp-content\/uploads\/2026\/03\/640-0-461817b09d940f42171346ba796db3d9.jpeg?resize=618%2C348&#038;ssl=1\" width=\"618\" height=\"348\" srcset=\"https:\/\/i0.wp.com\/www.shqiperia.com\/blog\/wp-content\/uploads\/2026\/03\/640-0-461817b09d940f42171346ba796db3d9.jpeg?resize=300%2C169&amp;ssl=1 300w, https:\/\/i0.wp.com\/www.shqiperia.com\/blog\/wp-content\/uploads\/2026\/03\/640-0-461817b09d940f42171346ba796db3d9.jpeg?resize=450%2C254&amp;ssl=1 450w, https:\/\/i0.wp.com\/www.shqiperia.com\/blog\/wp-content\/uploads\/2026\/03\/640-0-461817b09d940f42171346ba796db3d9.jpeg?resize=600%2C338&amp;ssl=1 600w, https:\/\/i0.wp.com\/www.shqiperia.com\/blog\/wp-content\/uploads\/2026\/03\/640-0-461817b09d940f42171346ba796db3d9.jpeg?resize=400%2C226&amp;ssl=1 400w, https:\/\/i0.wp.com\/www.shqiperia.com\/blog\/wp-content\/uploads\/2026\/03\/640-0-461817b09d940f42171346ba796db3d9.jpeg?w=640&amp;ssl=1 640w\" sizes=\"auto, (max-width: 618px) 100vw, 618px\" \/><\/p>\n<p>12 Mars 2026<\/p>\n<p>Nj\u00eb grup njer\u00ebzish nga Serbia shkaktuan trazira n\u00eb Franc\u00eb dhe Gjermani me urdh\u00ebr t\u00eb inteligjenc\u00ebs ruse, sipas vendimeve t\u00eb gjykatave serbe n\u00eb t\u00eb cilat Sh\u00ebrbimi i Ballkanit i Radios Evropa e Lir\u00eb (REL) ka pasur qasje.<\/p>\n<p>Edhe pse autoritetet n\u00eb Beograd ende nuk e kan\u00eb em\u00ebruar sh\u00ebrbimin rus si organizatorin e nj\u00eb s\u00ebr\u00eb veprimesh raciste n\u00eb Paris dhe Berlin, n\u00eb t\u00eb cilat mor\u00ebn pjes\u00eb qytetar\u00eb serb\u00eb n\u00eb pranver\u00ebn dhe ver\u00ebn e vitit 2025, dokumentet e gjykat\u00ebs e tregojn\u00eb k\u00ebt\u00eb. REL-i ka pasur qasje n\u00eb vendimet e Gjykat\u00ebs s\u00eb Lart\u00eb n\u00eb Smederev\u00eb kund\u00ebr tre qytetar\u00ebve serb\u00eb t\u00eb d\u00ebnuar p\u00ebr spiunazh dhe diskriminim racor.<\/p>\n<p>S\u00eb bashku me tet\u00eb t\u00eb dyshuar t\u00eb tjer\u00eb nga Serbia, ata u arrestuan n\u00eb fund t\u00eb shtatorit t\u00eb vitit 2025. Pothuajse kat\u00ebr muaj m\u00eb von\u00eb, n\u00eb fund t\u00eb dhjetorit 2025, q\u00eb t\u00eb tre arrit\u00ebn marr\u00ebveshje p\u00ebr pranimin e faj\u00ebsis\u00eb dhe u d\u00ebnuan me nga gjasht\u00eb muaj deri n\u00eb nj\u00eb vit e gjysm\u00eb arrest sht\u00ebpiak. Tet\u00eb t\u00eb dyshuarit e tjer\u00eb ndodhen n\u00eb liri.<\/p>\n<p>Vendimet, t\u00eb siguruara nga REL-i, thon\u00eb n\u00eb sh\u00ebnjest\u00ebr t\u00eb veprimeve t\u00eb grupit ishin komunitetet fetare hebraike dhe myslimane, dhe se q\u00ebllimi i tyre ishte rritja e tensioneve n\u00eb Gjermani dhe Franc\u00eb.<\/p>\n<p>Urdhrat, udh\u00ebzimet dhe parat\u00eb p\u00ebr veprimet iu dhan\u00eb grupit nga \u201cstrukturat e sh\u00ebrbimit t\u00eb inteligjenc\u00ebs s\u00eb Federat\u00ebs Ruse\u201d. Megjithat\u00eb, nuk ka holl\u00ebsi t\u00eb m\u00ebtejshme p\u00ebr at\u00eb se cil\u00ebt jan\u00eb an\u00ebtar\u00ebt e sh\u00ebrbimit t\u00eb inteligjenc\u00ebs ruse q\u00eb organizuan k\u00ebt\u00eb grup.<\/p>\n<p>Ministrit\u00eb serbe, t\u00eb Brendshme dhe t\u00eb Jashtme, Agjencia e Siguris\u00eb dhe Informacionit dhe Ambasada ruse n\u00eb Beograd, nuk iu kan\u00eb p\u00ebrgjigjur pyetjeve t\u00eb REL-it n\u00eb lidhje me aktivitetet e sh\u00ebrbimit t\u00eb inteligjenc\u00ebs ruse n\u00eb Serbi deri n\u00eb publikimin e k\u00ebtij teksti. Para arrestimeve dhe procedurave gjyq\u00ebsore n\u00eb Serbi, k\u00ebto raste u hetuan nga autoritetet franceze dhe gjermane.<\/p>\n<p>\u201cMe shum\u00eb mund\u00ebsi e arrit\u00ebm vendimin sepse u paraqit\u00ebn prova q\u00eb autoritetet serbe nuk mund t\u2019i shp\u00ebrfillnin\u201d, tha p\u00ebr REL-in Predrag Petrovi\u00e7 nga Qendra joqeveritare e Beogradit p\u00ebr Politikat e Siguris\u00eb.<\/p>\n<p>Ai deklaron se Rusia po zgjedh Serbin\u00eb p\u00ebr rekrutim p\u00ebr shkak t\u00eb favorizimit tradicional dhe q\u00ebndrimeve proruse t\u00eb popullsis\u00eb, t\u00eb cilat Qeveria e udh\u00ebhequr nga Partia Progresive Serbe \u201ci forcon dhe i konsolidon m\u00eb tej\u201d.<\/p>\n<p>\u201cPra, kemi nj\u00eb mjedis shum\u00eb t\u00eb p\u00ebrshtatsh\u00ebm p\u00ebr at\u00eb lloj veprimi, dhe nga ana tjet\u00ebr, kemi marr\u00ebdh\u00ebnie shum\u00eb t\u00eb mira midis autoriteteve n\u00eb Serbi dhe Rusi\u201d, shton ai.<\/p>\n<p>Vendimet p\u00ebrshkruajn\u00eb kat\u00ebr veprime raciste n\u00eb Franc\u00eb dhe Gjermani. Grupi \u00ebsht\u00eb, nd\u00ebr t\u00eb tjera, p\u00ebrgjegj\u00ebs p\u00ebr hedhjen e ngjyr\u00ebs s\u00eb gjelb\u00ebr n\u00eb Muzeun e Holokaustit dhe tri sinagoga n\u00eb Paris, si dhe p\u00ebr vendosjen e kokave t\u00eb derrave para n\u00ebnt\u00eb xhamive n\u00eb at\u00eb qytet.<\/p>\n<p>N\u00eb qend\u00ebr t\u00eb Berlinit, pran\u00eb kompleksit memorial kushtuar hebrenjve t\u00eb vrar\u00eb, po vendoseshin skelete plastike. Q\u00ebllimi, si\u00e7 thuhet n\u00eb vendime, ishte \u201cnxitja e mosdurimit fetar dhe komb\u00ebtar\u201d, ve\u00e7an\u00ebrisht midis komuniteteve hebraike dhe myslimane, dhe t\u00eb \u201cdestabilizonte gjendjen\u201d n\u00eb Gjermani dhe Franc\u00eb.<\/p>\n<p>P\u00ebrve\u00e7 pages\u00ebs s\u00eb shpenzimeve t\u00eb udh\u00ebtimit \u2013 qiras\u00eb s\u00eb automjetit, biletave t\u00eb autobusit dhe avionit, si dhe akomodimit n\u00eb hotel \u2013 an\u00ebtar\u00ebve t\u00eb grupit iu premtua se do t\u00eb merrnin para p\u00ebr \u00e7do \u201cpun\u00eb\u201d q\u00eb kryenin: pes\u00ebqind, nj\u00eb mij\u00eb ose nj\u00eb mij\u00eb e pes\u00ebqind euro.<\/p>\n<p>Grupi, si\u00e7 p\u00ebrshkruhet, u organizua nga prilli deri n\u00eb shtator 2025. Petrovi\u00e7 thekson se q\u00ebllimi i sh\u00ebrbimeve ruse ishte t\u00eb shkaktonin paq\u00ebndrueshm\u00ebri n\u00eb Evrop\u00eb, me q\u00ebllim q\u00eb \u201ct\u00eb zvog\u00eblonin presionin dhe mb\u00ebshtetjen p\u00ebr Ukrain\u00ebn, sepse Rusia \u00ebsht\u00eb praktikisht e bllokuar n\u00eb fush\u00ebn e betej\u00ebs ukrainase\u201d.<\/p>\n<p>Tensionet midis BE-s\u00eb dhe Rusis\u00eb kan\u00eb vazhduar q\u00eb nga fillimi i pushtimit rus t\u00eb Ukrain\u00ebs n\u00eb shkurt t\u00eb vitit 2022 dhe sanksioneve per\u00ebndimore ndaj Kremlinit.<\/p>\n<p><strong>Nga Velika Plana n\u00eb Paris dhe Berlin<\/strong><\/p>\n<p>Velika Plana, me nj\u00eb popullsi prej rreth 15.000 banor\u00ebsh, ishte vendi ku sh\u00ebrbimi rus rekrutoi qytetar\u00eb serb\u00eb n\u00eb vitin 2025 p\u00ebr t\u00eb shkaktuar trazira n\u00eb Gjermani dhe Franc\u00eb. T\u00eb tre burrat e d\u00ebnuar p\u00ebr spiunazh dhe diskriminim racor jetojn\u00eb n\u00eb k\u00ebt\u00eb qytet t\u00eb vog\u00ebl n\u00eb Serbin\u00eb qendrore, rreth n\u00ebnt\u00ebdhjet\u00eb kilometra larg Beogradit.<\/p>\n<p>Ata u etiketuan si \u201can\u00ebtar\u00eb t\u00eb nj\u00eb grupi\u201d q\u00eb ndihmonte pun\u00ebn e nj\u00eb sh\u00ebrbimi t\u00eb inteligjenc\u00ebs s\u00eb huaj dhe nxiste urrejtje, diskriminim dhe dhun\u00eb n\u00eb Paris dhe Berlin. Megjithat\u00eb, vendimet nuk specifikuan sakt\u00ebsisht se sa an\u00ebtar\u00eb kishte ky grup. T\u00eb gjith\u00eb emrat e t\u00eb dyshuarve t\u00eb tjer\u00eb ishin t\u00eb fshehur n\u00eb dokumentet e dh\u00ebna Radios Evropa e Lir\u00eb.<\/p>\n<p>Grupi, si\u00e7 thuhet n\u00eb vendime, u organizua nga nj\u00eb shtetas serb, emri i t\u00eb cilit gjithashtu nuk b\u00ebhet i ditur. Nj\u00eb person i paidentifikuar me nofk\u00ebn \u201cHunter\u201d p\u00ebrmendet gjithashtu s\u00eb bashku me t\u00eb si organizator.<\/p>\n<p>Nuk ka holl\u00ebsi p\u00ebr \u201cHunter\u201d-in n\u00eb dokumentet e Gjykat\u00ebs s\u00eb Lart\u00eb n\u00eb Smederev\u00eb. Dy organizator\u00ebt thuhet se merrnin udh\u00ebzime nga inteligjenca ruse. Aksioni i par\u00eb u organizua n\u00eb prill t\u00eb vitit 2025, kur an\u00ebtar\u00ebt e grupit u nis\u00ebn p\u00ebr n\u00eb Paris. Pastaj, sipas nj\u00ebrit prej vendimeve, ata \u201cngjit\u00ebn afishe me p\u00ebrmbajtje gjenocidale\u201d t\u00eb drejtuara kund\u00ebr armen\u00ebve dhe mysliman\u00ebve.<\/p>\n<p>Rreth 600 deri n\u00eb 700 afishe, me nj\u00eb lule si simbol dhe mbishkrimin \u201cUn\u00eb kujtoj dhe k\u00ebrkoj\u201d n\u00eb anglisht dhe armenisht, u vendos\u00ebn n\u00eb t\u00eb gjith\u00eb Parisin \u2013 duke p\u00ebrfshir\u00eb rreth Harkut t\u00eb Triumfit dhe n\u00eb distriktin e 18-t\u00eb, i cili \u00ebsht\u00eb sht\u00ebpia e nj\u00eb numri t\u00eb konsideruesh\u00ebm mysliman\u00ebsh.<\/p>\n<p>Aksioni u krye m\u00eb 24 prill, dit\u00ebn q\u00eb p\u00ebrkujton vuajtjet e popullit armen, \u201cme q\u00ebllim nxitjen e mosdurimit fetar dhe komb\u00ebtar dhe destabilizimin e situat\u00ebs n\u00eb Paris dhe Franc\u00eb\u201d. Pasi puna mbaroi, si\u00e7 thuhet n\u00eb vendim, ata duhej t\u00eb fotografonin vendet ku ishin vendosur afishet. P\u00ebr k\u00ebt\u00eb, atyre iu premtuan 500 euro.<\/p>\n<p><strong>Finalja e Lig\u00ebs s\u00eb Kampion\u00ebve dhe ngjyra e gjelb\u00ebr n\u00eb Muzeun e Holokaustit<\/strong><\/p>\n<p>Para ndeshjes midis PSG-s\u00eb nga Parisi dhe Interit nga Milano, e cila u zhvillua m\u00eb 31 maj n\u00eb Munih, nj\u00eb grup nga Serbia po mb\u00ebrrinte n\u00eb kryeqytetin francez \u2013 me makin\u00eb me qira dhe fluturim t\u00eb rregullt.<\/p>\n<p>Q\u00ebllimi i tyre ishte t\u00eb destabilizonin \u201cmarr\u00ebdh\u00ebniet etnike dhe fetare\u201d n\u00eb Franc\u00eb. Si\u00e7 thuhet n\u00eb vendim, data e veprimit u zgjodh p\u00ebr finalen e Lig\u00ebs s\u00eb Kampion\u00ebve sepse \u201cpritej nj\u00eb num\u00ebr i madh njer\u00ebzish n\u00eb rrug\u00eb\u201d n\u00eb Paris.<\/p>\n<p>T\u00eb pandehurit u ndan\u00eb n\u00eb dy grupe dhe p\u00ebrdor\u00ebn boj\u00eb jeshile p\u00ebr t\u00eb fshir\u00eb mbishkrimet, p\u00ebr t\u00eb njollosur dhe lyer objekte me ngjyr\u00eb, si sinagoga, restorante hebraike dhe Muzeun e Holokaustit. Atyre iu premtua nj\u00eb pag\u00eb prej nj\u00eb mij\u00eb eurosh p\u00ebr pun\u00ebn q\u00eb b\u00ebn\u00eb.<\/p>\n<p><strong>Skelete plastike n\u00eb Port\u00ebn e Brandenburgut<\/strong><\/p>\n<p>N\u00eb korrik 2025, an\u00ebtar\u00ebt e grupit, me urdh\u00ebr t\u00eb sh\u00ebrbimeve ruse, u nis\u00ebn p\u00ebr n\u00eb Gjermani. Para Port\u00ebs s\u00eb Brandenburgut n\u00eb Berlin, pran\u00eb kompleksit memorial kushtuar hebrenjve t\u00eb vrar\u00eb t\u00eb Evrop\u00ebs, m\u00eb 31 korrik, ata vendos\u00ebn pes\u00eb skelete plastike, p\u00ebrshkruhet n\u00eb vendim.<\/p>\n<p>Secili prej skeleteve kishte nj\u00eb mbishkrim n\u00eb gjermanisht, \u201cEnde duke pritur pensionin tim. Faleminderit, Merz\u201d, duke iu referuar kancelarit gjerman Friedrich Merz.<\/p>\n<p>Kjo u b\u00eb me q\u00ebllim \u201cdestabilizimin e gjendjes etnike dhe politike\u201d n\u00eb Gjermani, p\u00ebrshkruhet n\u00eb nj\u00eb nga vendimet. Dokumenti i gjykat\u00ebs p\u00ebrshkruan gjithashtu n\u00eb holl\u00ebsi makin\u00ebn me t\u00eb cil\u00ebn t\u00eb pandehurit mb\u00ebrrit\u00ebn n\u00eb Gjermani, si blen\u00eb kova plastike, ngyr\u00eb, \u00e7imento, shtylla dhe materiale t\u00eb tjera n\u00eb Berlin, dhe se i blen\u00eb skeletet plastike n\u00eb Munih.<\/p>\n<p>N\u00eb Berlin, thuhet se ata mor\u00ebn me qira nj\u00eb kamion frigorifer n\u00eb t\u00eb cilin p\u00ebrgatit\u00ebn beton n\u00eb kova. Ata duhej t\u00eb d\u00ebrgonin fotograf si prov\u00eb t\u00eb veprimeve t\u00eb tyre. Atyre iu premtua nj\u00eb pages\u00eb prej nj\u00eb mij\u00eb eurosh.<\/p>\n<p><strong>Koka derri para xhamive n\u00eb Paris<\/strong><\/p>\n<p>N\u00eb shtator 2025, disa an\u00ebtar\u00eb t\u00eb grupit, me urdh\u00ebr t\u00eb strukturave t\u00eb inteligjenc\u00ebs ruse, shkuan n\u00eb Paris. Ata vendos\u00ebn koka t\u00eb prera derrash para n\u00ebnt\u00eb xhamive dhe shkruan b\u00ebn\u00eb grafiti m\u00eb mbishkrimin \u201c10 shtatori\u201d, para protestave masive.<\/p>\n<p>Q\u00ebllimi, edhe nj\u00eb her\u00eb, ishte nxitja e mosdurimit racor dhe fetar. M\u00eb 10 shtator, n\u00eb Paris dhe qytete t\u00eb tjera t\u00eb Franc\u00ebs u mbajt\u00ebn protesta t\u00eb m\u00ebdha kund\u00ebr shkurtimeve buxhetore dhe masave shtr\u00ebnguese t\u00eb Qeveris\u00eb, n\u00ebn sloganin \u201cle t\u00eb bllokojm\u00eb gjith\u00e7ka\u201d.<\/p>\n<p>Grupi e kreu aksionin m\u00eb 9 shtator, dhe pastaj u kthye n\u00eb Serbi. Me shpenzimet e udh\u00ebtimit dhe akomodimit t\u00eb mbuluara, atyre iu premtuan 1.500 euro.<\/p>\n<p><strong>Kush \u00ebsht\u00eb \u2018Gjahtari\u2019?<\/strong><\/p>\n<p>Vendimet p\u00ebrshkruajn\u00eb se n\u00eb cilat veprime n\u00eb Gjermani dhe Franc\u00eb mori pjes\u00eb secili prej personave t\u00eb d\u00ebnuar si an\u00ebtar i grupit. Identitetet e t\u00eb tre personave t\u00eb d\u00ebnuar u fsheh\u00ebn n\u00eb vendimet e dh\u00ebna Radios Evropa e Lir\u00eb. Megjithat\u00eb, dokumentet japin disa holl\u00ebsi rreth tyre.<\/p>\n<p>Q\u00eb t\u00eb tre jan\u00eb nga Velika Plana. Nj\u00ebri \u00ebsht\u00eb i papun\u00eb, tjetri punonte n\u00eb nj\u00eb qend\u00ebr sh\u00ebndet\u00ebsore dhe i treti, me profesion kamerier, ishte i pun\u00ebsuar, por nuk thuhet se ku. Asnj\u00ebri prej tyre nuk ka pasuri t\u00eb paluajtshme n\u00eb em\u00ebr t\u00eb tij.<\/p>\n<p>Radio Evropa e Lir\u00eb m\u00ebsoi inicialet e personave t\u00eb d\u00ebnuar bazuar n\u00eb nj\u00eb p\u00ebrgjigje t\u00eb m\u00ebparshme nga Gjykata e Lart\u00eb n\u00eb Smederev\u00eb, e cila konfirmoi se ata kishin lidhur marr\u00ebveshje pranimi t\u00eb faj\u00ebsis\u00eb n\u00eb fund t\u00eb dhjetorit 2025.<\/p>\n<p>A.S., arriti nj\u00eb marr\u00ebveshje me Gjykat\u00ebn e Lart\u00eb n\u00eb Smederev\u00eb m\u00eb 22 dhjetor 2025. Ai u d\u00ebnua me nj\u00eb vit e gjysm\u00eb arrest sht\u00ebpiak. Koha e kaluar n\u00eb paraburgim, nga 28 shtatori deri n\u00eb shpalljen e vendimit dhe fillimin e vuajtjes s\u00eb d\u00ebnimit t\u00eb tij, u p\u00ebrfshi gjithashtu n\u00eb d\u00ebnimin e tij. Po at\u00eb dit\u00eb, m\u00eb 22 dhjetor, u arrit nj\u00eb marr\u00ebveshje me F.P., i cili u d\u00ebnua me nj\u00eb vit arrest sht\u00ebpiak.<\/p>\n<p>Disa dit\u00eb m\u00eb von\u00eb, m\u00eb 24 dhjetor, Gjykata e Lart\u00eb arriti gjithashtu nj\u00eb marr\u00ebveshje me t\u00eb pandehurin N.\u0106, i cili mori nj\u00eb d\u00ebnim prej gjasht\u00eb muajsh arrest sht\u00ebpiak. P\u00ebrve\u00e7 t\u00eb treve, n\u00eb fund t\u00eb shtatorit 2025, tet\u00eb t\u00eb dyshuar t\u00eb tjer\u00eb u arrestuan n\u00eb territorin e Smederev\u00ebs, n\u00eb nj\u00eb operacion t\u00eb p\u00ebrbashk\u00ebt nga policia dhe Agjencia e Siguris\u00eb dhe Informacionit . Asnj\u00ebri prej tyre nuk ndodhet n\u00eb burg. Disa jan\u00eb t\u00eb lir\u00eb dhe disa jan\u00eb n\u00ebn arrest sht\u00ebpiak.<\/p>\n<p>Ministria e Brendshme n\u00eb shtator 2025 deklaroi se grupi, p\u00ebrgjegj\u00ebs p\u00ebr shkaktimin e incidenteve n\u00eb Gjermani dhe Franc\u00eb, kishte 14 an\u00ebtar\u00eb dhe se nj\u00ebri ishte n\u00eb arrati. Por se kush ishte personi me nofk\u00ebn \u201cGjahtari\u201d dhe kush e organizoi grupin, nuk dihet nga vendimet e Gjykat\u00ebs s\u00eb Lart\u00eb.<\/p>\n<p>Nuk ka holl\u00ebsi se si u rekrutua grupi nga sh\u00ebrbimet ruse, as sa oficer\u00eb t\u00eb inteligjenc\u00ebs ruse ishin t\u00eb p\u00ebrfshir\u00eb. Edhe pse zyrtar\u00ebt serb\u00eb ende nuk e kan\u00eb em\u00ebruar sh\u00ebrbimin rus si organizator, roli i tyre \u00ebsht\u00eb p\u00ebrcaktuar nga hetuesit francez\u00eb dhe gjerman\u00eb.<\/p>\n<p>Nj\u00eb pjes\u00eb e nj\u00eb grupi nga Serbia, i cili mori pjes\u00eb n\u00eb veprime raciste, u arrestua n\u00eb Franc\u00eb n\u00eb fund t\u00eb majit, raportuan mediat franceze n\u00eb at\u00eb koh\u00eb. Ata u identifikuan fal\u00eb pamjeve t\u00eb kamerave t\u00eb siguris\u00ebs dhe t\u00eb dh\u00ebnave telefonike.<\/p>\n<p>\u201cKy \u00ebsht\u00eb nj\u00eb fakt shum\u00eb i pap\u00ebrshtatsh\u00ebm p\u00ebr autoritetet n\u00eb Serbi. Ata duhej t\u00eb b\u00ebnin di\u00e7ka, s\u00eb pari t\u00eb arrestonin k\u00ebta njer\u00ebz dhe tani t\u00eb jepnin nj\u00eb vendim. Duke pasur parasysh q\u00eb Moska i ka mb\u00ebshtetur autoritetet serbe, nuk \u00ebsht\u00eb n\u00eb interesin e tyre tani t\u00eb mburren me k\u00ebt\u00eb, si p\u00ebr hir t\u00eb Kremlinit, por edhe p\u00ebr hir t\u00eb elektoratit t\u00eb tyre, i cili \u00ebsht\u00eb kryesisht antiper\u00ebndimor dhe prorus\u201d, thekson Petrovi\u00e7.<\/p>\n<p><strong>Hetimi mbi kampet paraushtarake ruse n\u00eb Serbi<\/strong><\/p>\n<p>Serbia \u00ebsht\u00eb nj\u00eb nga vendet e pakta evropiane q\u00eb nuk ka vendosur sanksione ndaj Rusis\u00eb p\u00ebr pushtimin e Ukrain\u00ebs. Kontaktet zyrtare nuk jan\u00eb nd\u00ebrprer\u00eb as kat\u00ebr vjet pas fillimit t\u00eb pushtimit, pavar\u00ebsisht thirrjeve nga Bashkimi Evropian dhe Uashingtoni q\u00eb Beogradi t\u00eb distancohet nga Moska.<\/p>\n<p>Petrovi\u00e7 kujton gjithashtu bashk\u00ebpunimin e inteligjenc\u00ebs midis dy vendeve n\u00eb luft\u00ebn kund\u00ebr t\u00eb ashtuquajturve \u201crevolucione me ngjyra\u201d, q\u00eb \u00ebsht\u00eb termi i p\u00ebrdorur nga Kremlini p\u00ebr t\u00eb p\u00ebrshkruar p\u00ebrmbysjen e regjimeve autoritare n\u00eb ish-republikat sovjetike.<\/p>\n<p>I p\u00ebrballur me protesta masive n\u00eb Serbi q\u00eb nga n\u00ebntori i vitit 2024, me mij\u00ebra demonstrues q\u00eb akuzojn\u00eb Qeverin\u00eb p\u00ebr korrupsion, presidenti Aleksandar Vu\u00e7i\u00e7 ka pohuar se \u00ebsht\u00eb duke u zhvilluar nj\u00eb p\u00ebrpjekje p\u00ebr nj\u00eb \u201crevolucion me ngjyra\u201d.<\/p>\n<p>\u201cAutoritetet n\u00eb Rusi praktikisht i kan\u00eb borxh autoriteteve serbe me ato raportime se n\u00eb Serbi po p\u00ebrgatitet nj\u00eb \u2018revolucion me ngjyra\u2019. E gjith\u00eb kjo tregon se Serbia \u00ebsht\u00eb nj\u00eb mjedis dhe trampolin\u00eb e p\u00ebrshtatshme p\u00ebr aktivitetet e sh\u00ebrbimeve ruse n\u00eb Ballkanin Per\u00ebndimor, por edhe n\u00eb Evrop\u00eb\u201d, shton ai.<\/p>\n<p>Rusia dhe Serbia jan\u00eb lidhur n\u00eb nj\u00eb hetim tjet\u00ebr, k\u00ebt\u00eb her\u00eb n\u00eb Moldavi. Policia moldave publikoi nj\u00eb video n\u00eb shtator 2025, duke pretenduar se tregonte \u201ckampe ushtarake n\u00eb Serbi t\u00eb organizuara nga sh\u00ebrbimi sekret rus\u201d.<\/p>\n<p>M\u00eb shum\u00eb se 70 persona u arrestuan n\u00eb Moldavi si pjes\u00eb e hetimit, shumica e t\u00eb cil\u00ebve dyshohet se jan\u00eb trajnuar n\u00eb Serbi. Ata akuzohen p\u00ebr p\u00ebrgatitjen e trazirave masive dhe destabilizimin e Moldavis\u00eb para zgjedhjeve parlamentare t\u00eb mbajtura n\u00eb at\u00eb vend m\u00eb 28 shtator.<\/p>\n<p>N\u00eb zgjedhje, partia proevropiane n\u00eb pushtet fitoi shumic\u00ebn dhe mundi bindsh\u00ebm bllokun prorus, dhe votimi u zhvillua pa incidente t\u00eb m\u00ebdha. Rusia ka mohuar nd\u00ebrhyrjen n\u00eb procesin zgjedhor, nd\u00ebrsa Moldavia e akuzon at\u00eb p\u00ebr luft\u00eb hibride, duke p\u00ebrfshir\u00eb nj\u00eb fushat\u00eb dezinformimi dhe financim t\u00eb paligjsh\u00ebm t\u00eb partive proruse.<\/p>\n<p>Dy dit\u00eb para votimeve n\u00eb Moldavi, Serbia arrestoi dy persona p\u00ebr organizimin e st\u00ebrvitjes taktike luftarake p\u00ebr p\u00ebrleshje me policin\u00eb moldave n\u00eb rast t\u00eb trazirave gjat\u00eb dit\u00ebs s\u00eb zgjedhjeve.<\/p>\n<p>Sipas policis\u00eb serbe, trajnimi u organizua n\u00eb nj\u00eb objekt ushqimi pran\u00eb Loznic\u00ebs n\u00eb Serbin\u00eb per\u00ebndimore, dhe midis 150 dhe 170 qytetar\u00eb t\u00eb Moldavis\u00eb dhe Rumanis\u00eb iu n\u00ebnshtruan trajnimit.<\/p>\n<p>\u201cAi trajnim vazhdoi p\u00ebr nj\u00eb periudh\u00eb t\u00eb gjat\u00eb kohore pa nd\u00ebrprerje, dhe ne m\u00ebsuam p\u00ebr t\u00eb vet\u00ebm pasi autoriteteve serbe iu paraqit\u00ebn prova t\u00eb pakund\u00ebrshtueshme p\u00ebr ekzistenc\u00ebn e atij kampi paramilitar\u201d, thot\u00eb Petrovi\u00e7 nga Qendra e Beogradit p\u00ebr Politikat e Siguris\u00eb.<\/p>\n<p>Rasti \u00ebsht\u00eb ende n\u00ebn hetim n\u00eb Serbi. Dy t\u00eb dyshuarit nuk jan\u00eb n\u00eb paraburgim.<\/p>\n<p>Presidenti serb Aleksandar Vu\u00e7i\u00e7 deklaroi n\u00eb muajt pas arrestimit se autoritetet serbe kishin p\u00ebrcaktuar se n\u00eb kamp ndodheshin tre shtetas rus\u00eb. Megjithat\u00eb, ai nuk e lidhi inteligjenc\u00ebn ruse me kampin. Rusia nuk p\u00ebrmendet zyrtarisht n\u00eb deklaratat e policis\u00eb dhe prokuroris\u00eb serbe.<\/p>\n<p>Parlamenti Evropian, n\u00eb nj\u00eb raport t\u00eb vitit 2023, vler\u00ebsoi se Rusia po p\u00ebrdorte ndikimin e saj n\u00eb Serbi p\u00ebr t\u00eb destabilizuar dhe nd\u00ebrhyr\u00eb n\u00eb pun\u00ebt e shteteve sovrane fqinje.<\/p>\n<p>M\u00eb par\u00eb, n\u00eb vitin 2019, Departamenti Amerikan i Shtetit e karakterizoi Serbin\u00eb, nj\u00eb kandidate p\u00ebr an\u00ebtar\u00ebsim n\u00eb Bashkimin Evropian, si vendin me \u201cmjedisin m\u00eb t\u00eb dep\u00ebrtuesh\u00ebm\u201d p\u00ebr ndikimin rus n\u00eb Ballkanin Per\u00ebndimor.\/REL<\/p>\n","protected":false},"excerpt":{"rendered":"<p>12 Mars 2026 Nj\u00eb grup njer\u00ebzish nga Serbia shkaktuan trazira n\u00eb Franc\u00eb dhe Gjermani me urdh\u00ebr t\u00eb inteligjenc\u00ebs ruse, sipas vendimeve t\u00eb gjykatave serbe n\u00eb t\u00eb cilat Sh\u00ebrbimi i Ballkanit i Radios Evropa e Lir\u00eb (REL) ka pasur qasje. Edhe pse autoritetet n\u00eb Beograd ende nuk e kan\u00eb em\u00ebruar sh\u00ebrbimin rus si organizatorin e nj\u00eb [&hellip;]<\/p>\n","protected":false},"author":9,"featured_media":98368,"comment_status":"open","ping_status":"open","sticky":false,"template":"","format":"standard","meta":{"jetpack_post_was_ever_published":false,"_jetpack_newsletter_access":"","_jetpack_dont_email_post_to_subs":false,"_jetpack_newsletter_tier_id":0,"_jetpack_memberships_contains_paywalled_content":false,"_jetpack_memberships_contains_paid_content":false,"footnotes":"","jetpack_publicize_message":"","jetpack_publicize_feature_enabled":true,"jetpack_social_post_already_shared":true,"jetpack_social_options":{"image_generator_settings":{"template":"highway","default_image_id":0,"font":"","enabled":false},"version":2}},"categories":[27,1],"tags":[],"class_list":["post-98367","post","type-post","status-publish","format-standard","has-post-thumbnail","hentry","category-blogu-i-udhetarit","category-njoftime-shtypi"],"jetpack_publicize_connections":[],"jetpack_featured_media_url":"https:\/\/i0.wp.com\/www.shqiperia.com\/blog\/wp-content\/uploads\/2026\/03\/640-0-461817b09d940f42171346ba796db3d9.jpeg?fit=640%2C361&ssl=1","jetpack_sharing_enabled":true,"jetpack_shortlink":"https:\/\/wp.me\/p5Z6wp-pAz","jetpack-related-posts":[{"id":79436,"url":"https:\/\/www.shqiperia.com\/blog\/serwer-shba-te-favorizoje-miqte-e-saj-ne-ballkan-serbia-nuk-shkeputet-nga-rusia\/","url_meta":{"origin":98367,"position":0},"title":"Serwer: &#8211; SHBA t\u00eb favorizoj\u00eb miqt\u00eb e saj n\u00eb Ballkan, Serbia nuk shk\u00ebputet nga Rusia","author":"Kurt Farka","date":"March 21, 2024","format":false,"excerpt":"21 Mars 2024 Profesori nga SHBA, Daniel Serwer, ka reaguar pas deklarimit t\u00eb ambasadorit amerikan n\u00eb Beograd, Christopher Hill, i cili ka th\u00ebn\u00eb se aktualisht Serbia \u00ebsht\u00eb m\u00eb af\u00ebr NATO-s se Kosova. Serwer ka b\u00ebr\u00eb thirrje p\u00ebr nj\u00eb qasje m\u00eb t\u00eb qart\u00eb nga SHBA n\u00eb mb\u00ebshtetje t\u00eb aleat\u00ebve t\u00eb saj\u2026","rel":"","context":"In &quot;Blogu i Udh\u00ebtarit&quot;","block_context":{"text":"Blogu i Udh\u00ebtarit","link":"https:\/\/www.shqiperia.com\/blog\/category\/blogu-i-udhetarit\/"},"img":{"alt_text":"","src":"https:\/\/i0.wp.com\/www.shqiperia.com\/blog\/wp-content\/uploads\/2024\/03\/tan2016-5-13_184230547_6-scaled-e1674586793321-780x439-1-770x433-1.jpg?fit=770%2C433&ssl=1&resize=350%2C200","width":350,"height":200,"srcset":"https:\/\/i0.wp.com\/www.shqiperia.com\/blog\/wp-content\/uploads\/2024\/03\/tan2016-5-13_184230547_6-scaled-e1674586793321-780x439-1-770x433-1.jpg?fit=770%2C433&ssl=1&resize=350%2C200 1x, https:\/\/i0.wp.com\/www.shqiperia.com\/blog\/wp-content\/uploads\/2024\/03\/tan2016-5-13_184230547_6-scaled-e1674586793321-780x439-1-770x433-1.jpg?fit=770%2C433&ssl=1&resize=525%2C300 1.5x, https:\/\/i0.wp.com\/www.shqiperia.com\/blog\/wp-content\/uploads\/2024\/03\/tan2016-5-13_184230547_6-scaled-e1674586793321-780x439-1-770x433-1.jpg?fit=770%2C433&ssl=1&resize=700%2C400 2x"},"classes":[]},{"id":49645,"url":"https:\/\/www.shqiperia.com\/blog\/e-pabesueshme-tym-e-flake-dhe-kaos-patriarku-vjen-me-helikopter-dhe-antiplumb-nga-serbia-dhe-fronezohet-ne-malin-e-zi\/","url_meta":{"origin":98367,"position":1},"title":"E pabesueshme! Tym e flak\u00eb dhe kaos, Patriarku vjen me helikopter dhe antiplumb nga Serbia dhe fron\u00ebzohet n\u00eb Malin e Zi","author":"Kurt Farka","date":"September 5, 2021","format":false,"excerpt":"E pabesueshme! Tym e flak\u00eb dhe kaos, Patriarku vjen me helikopter dhe antiplumb nga Serbia dhe fron\u00ebzohet n\u00eb Malin e Zi 5 SHTATOR 2021 Tym e flak\u00eb n\u00eb Malin e Zi! Ceremonia e fron\u00ebzimit t\u00eb Patriarkut nga Serbia n\u00eb kish\u00ebn ortodokse t\u00eb Cetinj\u00ebs, nj\u00eb nga simbolet e malazez\u00ebve ka shkaktuar\u2026","rel":"","context":"In &quot;Blogu i Udh\u00ebtarit&quot;","block_context":{"text":"Blogu i Udh\u00ebtarit","link":"https:\/\/www.shqiperia.com\/blog\/category\/blogu-i-udhetarit\/"},"img":{"alt_text":"","src":"https:\/\/i0.wp.com\/www.shqiperia.com\/blog\/wp-content\/uploads\/2021\/09\/640-0-6134899e459db.jpg?fit=640%2C322&ssl=1&resize=350%2C200","width":350,"height":200,"srcset":"https:\/\/i0.wp.com\/www.shqiperia.com\/blog\/wp-content\/uploads\/2021\/09\/640-0-6134899e459db.jpg?fit=640%2C322&ssl=1&resize=350%2C200 1x, https:\/\/i0.wp.com\/www.shqiperia.com\/blog\/wp-content\/uploads\/2021\/09\/640-0-6134899e459db.jpg?fit=640%2C322&ssl=1&resize=525%2C300 1.5x"},"classes":[]},{"id":49635,"url":"https:\/\/www.shqiperia.com\/blog\/cetina-perplas-fort-malazezet-me-serbet-tensione-per-ceremonine-e-mitropolitit-te-kishes-ortodokse-serbe-ne-malin-e-zi\/","url_meta":{"origin":98367,"position":2},"title":"Cetina p\u00ebrplas fort malazez\u00ebt me serb\u00ebt. &#8211; \u00a0Tensione p\u00ebr ceremonin\u00eb e mitropolitit t\u00eb kish\u00ebs ortodokse serbe ne Malin e Zi","author":"Kurt Farka","date":"September 4, 2021","format":false,"excerpt":"Cetina p\u00ebrplas fort malazez\u00ebt me serb\u00ebt. - \u00a0Tensione p\u00ebr ceremonin\u00eb e mitropolitit t\u00eb kish\u00ebs ortodokse serbe ne Malin e Zi 4 shtator 2021 Ceremonia e marrjes s\u00eb detyr\u00ebs t\u00eb mitropolitit t\u00eb Kish\u00ebs Ortodokse Serbe n\u00eb Mal t\u00eb Zi, e planifikuar p\u00ebr dit\u00ebn e diel ka rritur tensionet mes malazez\u00ebve dhe\u2026","rel":"","context":"In &quot;Blogu i Udh\u00ebtarit&quot;","block_context":{"text":"Blogu i Udh\u00ebtarit","link":"https:\/\/www.shqiperia.com\/blog\/category\/blogu-i-udhetarit\/"},"img":{"alt_text":"","src":"https:\/\/i0.wp.com\/www.shqiperia.com\/blog\/wp-content\/uploads\/2021\/09\/640-0-6133ddd675343.jpg?fit=640%2C360&ssl=1&resize=350%2C200","width":350,"height":200,"srcset":"https:\/\/i0.wp.com\/www.shqiperia.com\/blog\/wp-content\/uploads\/2021\/09\/640-0-6133ddd675343.jpg?fit=640%2C360&ssl=1&resize=350%2C200 1x, https:\/\/i0.wp.com\/www.shqiperia.com\/blog\/wp-content\/uploads\/2021\/09\/640-0-6133ddd675343.jpg?fit=640%2C360&ssl=1&resize=525%2C300 1.5x"},"classes":[]},{"id":70978,"url":"https:\/\/www.shqiperia.com\/blog\/zgjedhjet-ne-veri-te-kosoves-be-te-zhgenjyer-nga-bojkoti-i-partive-serbe\/","url_meta":{"origin":98367,"position":3},"title":"Zgjedhjet n\u00eb veri t\u00eb Kosov\u00ebs. &#8211; BE: &#8211; T\u00eb zhg\u00ebnjyer nga bojkoti i partive serbe","author":"Kurt Farka","date":"April 22, 2023","format":false,"excerpt":"22 Prill 2023 Bashkimi Evropian ka b\u00ebr\u00eb thirrje q\u00eb zgjedhjet e jasht\u00ebzakonshme lokale n\u00eb veri t\u00eb Kosov\u00ebs t\u00eb kalojn\u00eb n\u00eb m\u00ebnyr\u00eb paq\u00ebsore dhe t\u00eb gjitha pal\u00ebt t\u00eb p\u00ebrmbahen. M\u00eb 23 prill, qytetar\u00ebt me t\u00eb drejt\u00eb vote n\u00eb kat\u00ebr komunat n\u00eb veri t\u00eb Kosov\u00ebs, t\u00eb banuara me shumic\u00eb serbe \u2013 Mitrovic\u00eb\u2026","rel":"","context":"In &quot;Blogu i Udh\u00ebtarit&quot;","block_context":{"text":"Blogu i Udh\u00ebtarit","link":"https:\/\/www.shqiperia.com\/blog\/category\/blogu-i-udhetarit\/"},"img":{"alt_text":"","src":"https:\/\/i0.wp.com\/www.shqiperia.com\/blog\/wp-content\/uploads\/2023\/04\/800-0-b0893112e796bd27320998e40bc8954e.jpg?fit=800%2C450&ssl=1&resize=350%2C200","width":350,"height":200,"srcset":"https:\/\/i0.wp.com\/www.shqiperia.com\/blog\/wp-content\/uploads\/2023\/04\/800-0-b0893112e796bd27320998e40bc8954e.jpg?fit=800%2C450&ssl=1&resize=350%2C200 1x, https:\/\/i0.wp.com\/www.shqiperia.com\/blog\/wp-content\/uploads\/2023\/04\/800-0-b0893112e796bd27320998e40bc8954e.jpg?fit=800%2C450&ssl=1&resize=525%2C300 1.5x, https:\/\/i0.wp.com\/www.shqiperia.com\/blog\/wp-content\/uploads\/2023\/04\/800-0-b0893112e796bd27320998e40bc8954e.jpg?fit=800%2C450&ssl=1&resize=700%2C400 2x"},"classes":[]},{"id":58369,"url":"https:\/\/www.shqiperia.com\/blog\/betohem-se-kosoven-do-ta-ruaj-si-pjese-te-serbise-zotimi-i-aleksander-vucic-pas-fitores-se-mandatit-te-dyte\/","url_meta":{"origin":98367,"position":4},"title":"\u201cBetohem se Kosov\u00ebn do ta ruaj si pjes\u00eb t\u00eb Serbis\u00eb!\u201d\/ Zotimi i Aleksand\u00ebr Vu\u00e7i\u00e7 pas fitores s\u00eb mandatit t\u00eb dyt\u00eb!","author":"Kurt Farka","date":"May 31, 2022","format":false,"excerpt":"\u00a0- 31.05.22 \u00a0\u00a0 \u201cBetohem se t\u00eb gjitha fuqit\u00eb e mia do t\u2019i p\u00ebrkushtoj p\u00ebr ruajtjen e sovranitetit dhe t\u00ebr\u00ebsis\u00eb s\u00eb territorit t\u00eb Republik\u00ebs s\u00eb Serbis\u00eb, duke p\u00ebrfshir\u00eb Kosov\u00ebn dhe Metohin\u00eb si pjes\u00eb integrale t\u00eb saj\u201d. K\u00ebshtu thuhet n\u00eb tekstin e betimit q\u00eb Presidenti i Serbis\u00eb, Aleksandar Vu\u00e7iq, e ka b\u00ebr\u00eb\u2026","rel":"","context":"In &quot;Blogu i Udh\u00ebtarit&quot;","block_context":{"text":"Blogu i Udh\u00ebtarit","link":"https:\/\/www.shqiperia.com\/blog\/category\/blogu-i-udhetarit\/"},"img":{"alt_text":"","src":"https:\/\/i0.wp.com\/www.shqiperia.com\/blog\/wp-content\/uploads\/2022\/05\/Capture-418-770x433-1.jpg?fit=770%2C433&ssl=1&resize=350%2C200","width":350,"height":200,"srcset":"https:\/\/i0.wp.com\/www.shqiperia.com\/blog\/wp-content\/uploads\/2022\/05\/Capture-418-770x433-1.jpg?fit=770%2C433&ssl=1&resize=350%2C200 1x, https:\/\/i0.wp.com\/www.shqiperia.com\/blog\/wp-content\/uploads\/2022\/05\/Capture-418-770x433-1.jpg?fit=770%2C433&ssl=1&resize=525%2C300 1.5x, https:\/\/i0.wp.com\/www.shqiperia.com\/blog\/wp-content\/uploads\/2022\/05\/Capture-418-770x433-1.jpg?fit=770%2C433&ssl=1&resize=700%2C400 2x"},"classes":[]},{"id":66622,"url":"https:\/\/www.shqiperia.com\/blog\/kosova-vazhdon-te-jete-e-varur-nga-importi-i-mallrave-nga-shtetet-e-huaja-vetem-importet-nga-serbia-ne-vitin-qe-lame-pas-jane-rritur-me-gati-21-7-per-qind-apo-mbi-66-milione-euro\/","url_meta":{"origin":98367,"position":5},"title":"Kosova vazhdon t\u00eb jet\u00eb e varur nga importi i mallrave nga shtetet e huaja.- Vetem Importet nga Serbia n\u00eb vitin q\u00eb lam\u00eb pas jan\u00eb rritur me gati 21.7 p\u00ebr qind apo mbi 66 milion\u00eb euro.","author":"Kurt Farka","date":"January 23, 2023","format":false,"excerpt":"23 Janar 2023 Kosova vazhdon t\u00eb jet\u00eb e varur nga importi i mallrave nga shtetet e huaja. Vet\u00ebm gjat\u00eb vitit 2022 n\u00eb vendin kan\u00eb hyr\u00eb mbi 5 miliard\u00eb euro mallra, ku 371 milion\u00eb euro mallra vet\u00ebm nga Serbia. Importet nga Serbia n\u00eb vitin q\u00eb lam\u00eb pas jan\u00eb rritur me gati\u2026","rel":"","context":"In &quot;Blogu i Udh\u00ebtarit&quot;","block_context":{"text":"Blogu i Udh\u00ebtarit","link":"https:\/\/www.shqiperia.com\/blog\/category\/blogu-i-udhetarit\/"},"img":{"alt_text":"","src":"https:\/\/i0.wp.com\/www.shqiperia.com\/blog\/wp-content\/uploads\/2023\/01\/importet-nga-serbia-foto-780x439-1.jpg?fit=780%2C439&ssl=1&resize=350%2C200","width":350,"height":200,"srcset":"https:\/\/i0.wp.com\/www.shqiperia.com\/blog\/wp-content\/uploads\/2023\/01\/importet-nga-serbia-foto-780x439-1.jpg?fit=780%2C439&ssl=1&resize=350%2C200 1x, https:\/\/i0.wp.com\/www.shqiperia.com\/blog\/wp-content\/uploads\/2023\/01\/importet-nga-serbia-foto-780x439-1.jpg?fit=780%2C439&ssl=1&resize=525%2C300 1.5x, https:\/\/i0.wp.com\/www.shqiperia.com\/blog\/wp-content\/uploads\/2023\/01\/importet-nga-serbia-foto-780x439-1.jpg?fit=780%2C439&ssl=1&resize=700%2C400 2x"},"classes":[]}],"_links":{"self":[{"href":"https:\/\/www.shqiperia.com\/blog\/wp-json\/wp\/v2\/posts\/98367","targetHints":{"allow":["GET"]}}],"collection":[{"href":"https:\/\/www.shqiperia.com\/blog\/wp-json\/wp\/v2\/posts"}],"about":[{"href":"https:\/\/www.shqiperia.com\/blog\/wp-json\/wp\/v2\/types\/post"}],"author":[{"embeddable":true,"href":"https:\/\/www.shqiperia.com\/blog\/wp-json\/wp\/v2\/users\/9"}],"replies":[{"embeddable":true,"href":"https:\/\/www.shqiperia.com\/blog\/wp-json\/wp\/v2\/comments?post=98367"}],"version-history":[{"count":1,"href":"https:\/\/www.shqiperia.com\/blog\/wp-json\/wp\/v2\/posts\/98367\/revisions"}],"predecessor-version":[{"id":98369,"href":"https:\/\/www.shqiperia.com\/blog\/wp-json\/wp\/v2\/posts\/98367\/revisions\/98369"}],"wp:featuredmedia":[{"embeddable":true,"href":"https:\/\/www.shqiperia.com\/blog\/wp-json\/wp\/v2\/media\/98368"}],"wp:attachment":[{"href":"https:\/\/www.shqiperia.com\/blog\/wp-json\/wp\/v2\/media?parent=98367"}],"wp:term":[{"taxonomy":"category","embeddable":true,"href":"https:\/\/www.shqiperia.com\/blog\/wp-json\/wp\/v2\/categories?post=98367"},{"taxonomy":"post_tag","embeddable":true,"href":"https:\/\/www.shqiperia.com\/blog\/wp-json\/wp\/v2\/tags?post=98367"}],"curies":[{"name":"wp","href":"https:\/\/api.w.org\/{rel}","templated":true}]}}