{"id":98364,"date":"2026-03-12T04:59:05","date_gmt":"2026-03-12T04:59:05","guid":{"rendered":"https:\/\/www.shqiperia.com\/blog\/?p=98364"},"modified":"2026-03-12T04:59:05","modified_gmt":"2026-03-12T04:59:05","slug":"mitsotakis-paralajmeron-kufizohen-marzhet-e-fitimit-te-karburanteve-dhe-supermarketeve","status":"publish","type":"post","link":"https:\/\/www.shqiperia.com\/blog\/mitsotakis-paralajmeron-kufizohen-marzhet-e-fitimit-te-karburanteve-dhe-supermarketeve\/","title":{"rendered":"Mitsotakis paralajm\u00ebron: Kufizohen marzhet e fitimit t\u00eb karburanteve dhe supermarketeve"},"content":{"rendered":"<p><img data-recalc-dims=\"1\" loading=\"lazy\" decoding=\"async\" data-attachment-id=\"98365\" data-permalink=\"https:\/\/www.shqiperia.com\/blog\/mitsotakis-paralajmeron-kufizohen-marzhet-e-fitimit-te-karburanteve-dhe-supermarketeve\/kyriakos-mitsotakis\/\" data-orig-file=\"https:\/\/i0.wp.com\/www.shqiperia.com\/blog\/wp-content\/uploads\/2026\/03\/Kyriakos-Mitsotakis.png?fit=640%2C434&amp;ssl=1\" data-orig-size=\"640,434\" data-comments-opened=\"1\" data-image-meta=\"{&quot;aperture&quot;:&quot;0&quot;,&quot;credit&quot;:&quot;&quot;,&quot;camera&quot;:&quot;&quot;,&quot;caption&quot;:&quot;&quot;,&quot;created_timestamp&quot;:&quot;0&quot;,&quot;copyright&quot;:&quot;&quot;,&quot;focal_length&quot;:&quot;0&quot;,&quot;iso&quot;:&quot;0&quot;,&quot;shutter_speed&quot;:&quot;0&quot;,&quot;title&quot;:&quot;&quot;,&quot;orientation&quot;:&quot;0&quot;}\" data-image-title=\"Kyriakos Mitsotakis\" data-image-description=\"\" data-image-caption=\"\" data-medium-file=\"https:\/\/i0.wp.com\/www.shqiperia.com\/blog\/wp-content\/uploads\/2026\/03\/Kyriakos-Mitsotakis.png?fit=300%2C203&amp;ssl=1\" data-large-file=\"https:\/\/i0.wp.com\/www.shqiperia.com\/blog\/wp-content\/uploads\/2026\/03\/Kyriakos-Mitsotakis.png?fit=640%2C434&amp;ssl=1\" class=\"alignnone  wp-image-98365\" alt=\"\" src=\"https:\/\/i0.wp.com\/www.shqiperia.com\/blog\/wp-content\/uploads\/2026\/03\/Kyriakos-Mitsotakis.png?resize=613%2C415&#038;ssl=1\" width=\"613\" height=\"415\" srcset=\"https:\/\/i0.wp.com\/www.shqiperia.com\/blog\/wp-content\/uploads\/2026\/03\/Kyriakos-Mitsotakis.png?resize=300%2C203&amp;ssl=1 300w, https:\/\/i0.wp.com\/www.shqiperia.com\/blog\/wp-content\/uploads\/2026\/03\/Kyriakos-Mitsotakis.png?resize=450%2C305&amp;ssl=1 450w, https:\/\/i0.wp.com\/www.shqiperia.com\/blog\/wp-content\/uploads\/2026\/03\/Kyriakos-Mitsotakis.png?resize=600%2C407&amp;ssl=1 600w, https:\/\/i0.wp.com\/www.shqiperia.com\/blog\/wp-content\/uploads\/2026\/03\/Kyriakos-Mitsotakis.png?resize=235%2C160&amp;ssl=1 235w, https:\/\/i0.wp.com\/www.shqiperia.com\/blog\/wp-content\/uploads\/2026\/03\/Kyriakos-Mitsotakis.png?resize=400%2C271&amp;ssl=1 400w, https:\/\/i0.wp.com\/www.shqiperia.com\/blog\/wp-content\/uploads\/2026\/03\/Kyriakos-Mitsotakis.png?w=640&amp;ssl=1 640w\" sizes=\"auto, (max-width: 613px) 100vw, 613px\" \/><\/p>\n<p>12 Mars 2026<\/p>\n<p>Qeveria greke ka vendosur kufi p\u00ebr marzhet e fitimit te karburantet dhe supermarketet, n\u00eb nj\u00eb p\u00ebrpjekje p\u00ebr t\u00eb ndalur abuzimet me \u00e7mimet n\u00eb treg.<\/p>\n<p>Vendimi vjen mes rritjes s\u00eb tensioneve n\u00eb Lindjen e Mesme dhe pasigurive n\u00eb tregjet energjetike, q\u00eb kan\u00eb ndikuar n\u00eb luhatjet e \u00e7mimeve t\u00eb naft\u00ebs.<\/p>\n<p>Kryeministri grek\u00a0Kyriakos Mitsotakis\u00a0tha se qeveria nuk mund t\u00eb kontrolloj\u00eb rritjen fillestare t\u00eb \u00e7mimeve q\u00eb vjen nga tregjet nd\u00ebrkomb\u00ebtare, por paralajm\u00ebroi bizneset t\u00eb mos p\u00ebrfitojn\u00eb nga situata.<\/p>\n<p>\u201cNe nuk mund t\u00eb adresojm\u00eb rritjen baz\u00eb t\u00eb \u00e7mimeve, por po japim nj\u00eb mesazh t\u00eb qart\u00eb se kjo situat\u00eb ekonomike nuk duhet t\u00eb kthehet n\u00eb p\u00ebrfitime t\u00eb padrejta\u201d, tha Mitsotakis.<\/p>\n<p>Sipas masave t\u00eb reja, pikat e karburantit nuk do t\u00eb mund t\u00eb vendosin nj\u00eb marzh fitimi m\u00eb t\u00eb lart\u00eb se 12 cent p\u00ebr lit\u00ebr mbi \u00e7mimin me shumic\u00eb t\u00eb benzin\u00ebs dhe naft\u00ebs.<\/p>\n<p>Nd\u00ebrkoh\u00eb supermarketet do t\u00eb p\u00ebrballen me gjoba deri n\u00eb 5 milion\u00eb euro n\u00ebse marzhet e fitimit kalojn\u00eb mesataren e vitit 2025.<\/p>\n<p>Masat hyjn\u00eb menj\u00ebher\u00eb n\u00eb fuqi dhe do t\u00eb q\u00ebndrojn\u00eb n\u00eb fuqi deri n\u00eb fund t\u00eb muajit qershor.<\/p>\n<p>\u201cFitimet jan\u00eb t\u00eb ligjshme, por p\u00ebrfitimi i padrejt\u00eb nuk \u00ebsht\u00eb\u201d, tha ministri i Zhvillimit Takis Theodorikakos.<\/p>\n","protected":false},"excerpt":{"rendered":"<p>12 Mars 2026 Qeveria greke ka vendosur kufi p\u00ebr marzhet e fitimit te karburantet dhe supermarketet, n\u00eb nj\u00eb p\u00ebrpjekje p\u00ebr t\u00eb ndalur abuzimet me \u00e7mimet n\u00eb treg. Vendimi vjen mes rritjes s\u00eb tensioneve n\u00eb Lindjen e Mesme dhe pasigurive n\u00eb tregjet energjetike, q\u00eb kan\u00eb ndikuar n\u00eb luhatjet e \u00e7mimeve t\u00eb naft\u00ebs. Kryeministri grek\u00a0Kyriakos Mitsotakis\u00a0tha se [&hellip;]<\/p>\n","protected":false},"author":9,"featured_media":98365,"comment_status":"open","ping_status":"open","sticky":false,"template":"","format":"standard","meta":{"jetpack_post_was_ever_published":false,"_jetpack_newsletter_access":"","_jetpack_dont_email_post_to_subs":false,"_jetpack_newsletter_tier_id":0,"_jetpack_memberships_contains_paywalled_content":false,"_jetpack_memberships_contains_paid_content":false,"footnotes":"","jetpack_publicize_message":"","jetpack_publicize_feature_enabled":true,"jetpack_social_post_already_shared":true,"jetpack_social_options":{"image_generator_settings":{"template":"highway","default_image_id":0,"font":"","enabled":false},"version":2}},"categories":[1,35],"tags":[],"class_list":["post-98364","post","type-post","status-publish","format-standard","has-post-thumbnail","hentry","category-njoftime-shtypi","category-shoqerore"],"jetpack_publicize_connections":[],"jetpack_featured_media_url":"https:\/\/i0.wp.com\/www.shqiperia.com\/blog\/wp-content\/uploads\/2026\/03\/Kyriakos-Mitsotakis.png?fit=640%2C434&ssl=1","jetpack_sharing_enabled":true,"jetpack_shortlink":"https:\/\/wp.me\/p5Z6wp-pAw","jetpack-related-posts":[{"id":98580,"url":"https:\/\/www.shqiperia.com\/blog\/ja-masat-e-marra-nga-qeveria-greke-per-te-perballuar-rritjen-cmimeve-nga-subvencioni-per-naften-te-karta-dixhitale-e-karburantit-dhe-ndihma-per-fermeret-ja-masat-e-marra-nga-qeve\/","url_meta":{"origin":98364,"position":0},"title":"Ja masat e marra nga qeveria greke p\u00ebr t\u00eb p\u00ebrballuar rritjen \u00e7mimeve. &#8211; Nga subvencioni p\u00ebr naft\u00ebn te \u2018Karta Dixhitale e Karburantit\u2019 dhe ndihma p\u00ebr fermer\u00ebt! Ja masat e marra nga qeveria greke p\u00ebr t\u00eb p\u00ebrballuar rritjen \u00e7mimeve","author":"Kurt Farka","date":"March 23, 2026","format":false,"excerpt":"23 Mars 2026 Nj\u00eb paket\u00eb prej kat\u00ebr masash t\u00eb synuara me vler\u00eb totale 300 milion\u00eb euro p\u00ebr periudh\u00ebn prill-maj \u00ebsht\u00eb shpallur nga kryeministri grek Kyriakos Mitsotakis, me q\u00ebllim p\u00ebrballimin e rritjes s\u00eb \u00e7mimeve t\u00eb energjis\u00eb dhe mb\u00ebshtetjen e qytetar\u00ebve dhe sektor\u00ebve ky\u00e7 t\u00eb ekonomis\u00eb. Sipas njoftimit zyrtar, masat p\u00ebrfshijn\u00eb zgjerimin\u2026","rel":"","context":"In &quot;Blogu i Udh\u00ebtarit&quot;","block_context":{"text":"Blogu i Udh\u00ebtarit","link":"https:\/\/www.shqiperia.com\/blog\/category\/blogu-i-udhetarit\/"},"img":{"alt_text":"","src":"https:\/\/i0.wp.com\/www.shqiperia.com\/blog\/wp-content\/uploads\/2026\/03\/micotakis.jpg?fit=978%2C613&ssl=1&resize=350%2C200","width":350,"height":200,"srcset":"https:\/\/i0.wp.com\/www.shqiperia.com\/blog\/wp-content\/uploads\/2026\/03\/micotakis.jpg?fit=978%2C613&ssl=1&resize=350%2C200 1x, https:\/\/i0.wp.com\/www.shqiperia.com\/blog\/wp-content\/uploads\/2026\/03\/micotakis.jpg?fit=978%2C613&ssl=1&resize=525%2C300 1.5x, https:\/\/i0.wp.com\/www.shqiperia.com\/blog\/wp-content\/uploads\/2026\/03\/micotakis.jpg?fit=978%2C613&ssl=1&resize=700%2C400 2x"},"classes":[]},{"id":55607,"url":"https:\/\/www.shqiperia.com\/blog\/perfundon-mbledhja-e-bordit-ibrahimaj-nuk-mund-te-kontrollojme-cmimin\/","url_meta":{"origin":98364,"position":1},"title":"P\u00ebrfundon mbledhja e Bordit. \u00a0Ibrahimaj: &#8211; Nuk mund t\u00eb kontrollojm\u00eb \u00e7mimin","author":"Kurt Farka","date":"March 19, 2022","format":false,"excerpt":"P\u00ebrfundon mbledhja e Bordit. \u00a0Ibrahimaj: - Nuk mund t\u00eb kontrollojm\u00eb \u00e7mimin - 18\/03\/22 Ministrja e Financave, Delina Ibrahimaj, si dhe ajo e Bujq\u00ebsis\u00eb, Frida Krifca kan\u00eb dal\u00eb mbr\u00ebmjen e sotme n\u00eb nj\u00eb komunikim p\u00ebr shtyp, pas diskutimeve me p\u00ebrfaq\u00ebsuesit e shit\u00ebsve t\u00eb shumic\u00ebs dhe pakic\u00ebs p\u00ebr disa nga ushqimet baz\u00eb\u2026","rel":"","context":"In &quot;Blogu i Udh\u00ebtarit&quot;","block_context":{"text":"Blogu i Udh\u00ebtarit","link":"https:\/\/www.shqiperia.com\/blog\/category\/blogu-i-udhetarit\/"},"img":{"alt_text":"","src":"https:\/\/i0.wp.com\/www.shqiperia.com\/blog\/wp-content\/uploads\/2022\/03\/rttt-1-752x440-1.jpg?fit=752%2C440&ssl=1&resize=350%2C200","width":350,"height":200,"srcset":"https:\/\/i0.wp.com\/www.shqiperia.com\/blog\/wp-content\/uploads\/2022\/03\/rttt-1-752x440-1.jpg?fit=752%2C440&ssl=1&resize=350%2C200 1x, https:\/\/i0.wp.com\/www.shqiperia.com\/blog\/wp-content\/uploads\/2022\/03\/rttt-1-752x440-1.jpg?fit=752%2C440&ssl=1&resize=525%2C300 1.5x, https:\/\/i0.wp.com\/www.shqiperia.com\/blog\/wp-content\/uploads\/2022\/03\/rttt-1-752x440-1.jpg?fit=752%2C440&ssl=1&resize=700%2C400 2x"},"classes":[]},{"id":92441,"url":"https:\/\/www.shqiperia.com\/blog\/zakoni-i-preferuar-i-shqiptareve-nis-rritja-e-cmimit-te-kafese-4-7-me-shume-qe-ne-prill\/","url_meta":{"origin":98364,"position":2},"title":"Zakoni i preferuar i shqiptar\u00ebve\/ Nis rritja e \u00e7mimit t\u00eb kafes\u00eb, 4.7% m\u00eb shum\u00eb qe n\u00eb prill","author":"Kurt Farka","date":"May 9, 2025","format":false,"excerpt":"9 Maji 2025 Kafeja, zakoni i preferuar i Shqiptar\u00ebve, po rrezikon t\u00eb kthehet n\u00eb produkt luksi m\u00eb rritjen e shpejt\u00eb t\u00eb \u00e7mimeve. T\u00eb dh\u00ebnat mbi inflacionin treguan se \u00e7mimi i kafes\u00eb dhe kakaos p\u00ebsoi rritje vjetore me 4.7 p\u00ebr qind n\u00eb prill. Ky ishte niveli m\u00eb i lart\u00eb i rritjes\u2026","rel":"","context":"In &quot;Blogu i Udh\u00ebtarit&quot;","block_context":{"text":"Blogu i Udh\u00ebtarit","link":"https:\/\/www.shqiperia.com\/blog\/category\/blogu-i-udhetarit\/"},"img":{"alt_text":"","src":"https:\/\/i0.wp.com\/www.shqiperia.com\/blog\/wp-content\/uploads\/2025\/05\/kafe.jpeg?fit=840%2C560&ssl=1&resize=350%2C200","width":350,"height":200,"srcset":"https:\/\/i0.wp.com\/www.shqiperia.com\/blog\/wp-content\/uploads\/2025\/05\/kafe.jpeg?fit=840%2C560&ssl=1&resize=350%2C200 1x, https:\/\/i0.wp.com\/www.shqiperia.com\/blog\/wp-content\/uploads\/2025\/05\/kafe.jpeg?fit=840%2C560&ssl=1&resize=525%2C300 1.5x, https:\/\/i0.wp.com\/www.shqiperia.com\/blog\/wp-content\/uploads\/2025\/05\/kafe.jpeg?fit=840%2C560&ssl=1&resize=700%2C400 2x"},"classes":[]},{"id":55935,"url":"https:\/\/www.shqiperia.com\/blog\/humor-dhe-mjerim-fjalimi-me-dubla-i-ministres-se-bujqesise-ne-parlament-cfare-ka-dashur-te-thote-per-rritjen-e-cmimeve-frida-krifca-fjalim-qe-nuk-u-mbaru\/","url_meta":{"origin":98364,"position":3},"title":"Humor dhe Mjerim.  Fjalimi me \u201cdubla\u201d i ministres s\u00eb Bujq\u00ebsis\u00eb n\u00eb Parlament\u2026.! \u00c7far\u00eb ka dashur t\u00eb thot\u00eb p\u00ebr rritjen e \u00e7mimeve Frida Krifca?! Fjalim qe nuk u mbaru","author":"Kurt Farka","date":"March 25, 2022","format":false,"excerpt":"Humor dhe Mjerim. Fjalimi me \u201cdubla\u201d i ministres s\u00eb Bujq\u00ebsis\u00eb n\u00eb Parlament\u2026.! - \u00c7far\u00eb ka dashur t\u00eb thot\u00eb p\u00ebr rritjen e \u00e7mimeve Frida Krifca?! Fjalim qe nuk u mbaru 24 Mars 2022 Ndodh q\u00eb njeriu gabon ose t\u00eb ngat\u00ebrrohet me fjal\u00ebt e veta dhe n\u00eb k\u00ebt\u00eb rast k\u00ebrkon ndjes\u00eb. Kjo\u2026","rel":"","context":"In &quot;Kultura&quot;","block_context":{"text":"Kultura","link":"https:\/\/www.shqiperia.com\/blog\/category\/kultura\/"},"img":{"alt_text":"","src":"https:\/\/i0.wp.com\/www.shqiperia.com\/blog\/wp-content\/uploads\/2022\/03\/ministrja-frida-krifca.jpg?fit=658%2C332&ssl=1&resize=350%2C200","width":350,"height":200,"srcset":"https:\/\/i0.wp.com\/www.shqiperia.com\/blog\/wp-content\/uploads\/2022\/03\/ministrja-frida-krifca.jpg?fit=658%2C332&ssl=1&resize=350%2C200 1x, https:\/\/i0.wp.com\/www.shqiperia.com\/blog\/wp-content\/uploads\/2022\/03\/ministrja-frida-krifca.jpg?fit=658%2C332&ssl=1&resize=525%2C300 1.5x"},"classes":[]},{"id":63543,"url":"https:\/\/www.shqiperia.com\/blog\/raport-i-bankes-boterore-kriza-e-cmimeve-do-te-perkeqesohet-te-varfrit-me-te-prekurit\/","url_meta":{"origin":98364,"position":4},"title":"Raport i Bankes Boterore: &#8211; Kriza e \u00e7mimeve do t\u00eb p\u00ebrkeq\u00ebsohet, t\u00eb varfrit m\u00eb t\u00eb prekurit","author":"Kurt Farka","date":"October 24, 2022","format":false,"excerpt":"24 Teor 2022 Tensionet gjeopolitike mund t\u00eb shkaktojn\u00eb rritje t\u00eb m\u00ebtejshme t\u00eb inflacionit, probleme n\u00eb zinxhir\u00ebt e furnizimit dhe turbullira n\u00eb tregjet financiare, dhe t\u00eb gjitha k\u00ebto mund t\u00eb zbehin akoma m\u00eb shum\u00eb perspektivat e rritjes ekonomike t\u00eb Shqip\u00ebris\u00eb, lajm\u00ebroi sot Banka Bot\u00ebrore n\u00eb Raportin e fundit t\u00eb Rregullt Ekonomik\u2026","rel":"","context":"In &quot;Blogu i Udh\u00ebtarit&quot;","block_context":{"text":"Blogu i Udh\u00ebtarit","link":"https:\/\/www.shqiperia.com\/blog\/category\/blogu-i-udhetarit\/"},"img":{"alt_text":"","src":"https:\/\/i0.wp.com\/www.shqiperia.com\/blog\/wp-content\/uploads\/2022\/10\/Foto-ilustruese-4.jpg?fit=900%2C600&ssl=1&resize=350%2C200","width":350,"height":200,"srcset":"https:\/\/i0.wp.com\/www.shqiperia.com\/blog\/wp-content\/uploads\/2022\/10\/Foto-ilustruese-4.jpg?fit=900%2C600&ssl=1&resize=350%2C200 1x, https:\/\/i0.wp.com\/www.shqiperia.com\/blog\/wp-content\/uploads\/2022\/10\/Foto-ilustruese-4.jpg?fit=900%2C600&ssl=1&resize=525%2C300 1.5x, https:\/\/i0.wp.com\/www.shqiperia.com\/blog\/wp-content\/uploads\/2022\/10\/Foto-ilustruese-4.jpg?fit=900%2C600&ssl=1&resize=700%2C400 2x"},"classes":[]},{"id":81388,"url":"https:\/\/www.shqiperia.com\/blog\/nuk-ka-ballkan-pa-serbine-mitsotakis-duhet-te-mbeshtesim-beogradin-per-ne-be\/","url_meta":{"origin":98364,"position":5},"title":"\u201cNuk ka Ballkan pa Serbin\u00eb\u201d, Mitsotakis: &#8211; Duhet t\u00eb mb\u00ebshtesim Beogradin p\u00ebr n\u00eb BE","author":"Kurt Farka","date":"May 28, 2024","format":false,"excerpt":"28 Maji 2024 Kryeministri Grek Kyriakos Mitsotakis u mbyll der\u00ebn e integrimit vendeve t\u00eb Ballkanit Per\u00ebndimor. Gjat\u00eb nj\u00eb interviste me k\u00ebshilltarin \u2018hije\u2019 t\u00eb kryeministrit Edi Rama, Alaistair Campbell, shefi i qeveris\u00eb Helene vuri n\u00eb dukje, se pak p\u00ebrparim \u00ebsht\u00eb b\u00ebr\u00eb p\u00ebr t\u00eb plot\u00ebsuar kriteret e integrimit Europian. Mitsotakis p\u00ebrmendi Samitin\u2026","rel":"","context":"In &quot;Blogu i Udh\u00ebtarit&quot;","block_context":{"text":"Blogu i Udh\u00ebtarit","link":"https:\/\/www.shqiperia.com\/blog\/category\/blogu-i-udhetarit\/"},"img":{"alt_text":"","src":"https:\/\/i0.wp.com\/www.shqiperia.com\/blog\/wp-content\/uploads\/2024\/05\/800-0-f40508fef4c5a4454a374e3ab98fdfbc-jpg.jpg?fit=800%2C420&ssl=1&resize=350%2C200","width":350,"height":200,"srcset":"https:\/\/i0.wp.com\/www.shqiperia.com\/blog\/wp-content\/uploads\/2024\/05\/800-0-f40508fef4c5a4454a374e3ab98fdfbc-jpg.jpg?fit=800%2C420&ssl=1&resize=350%2C200 1x, https:\/\/i0.wp.com\/www.shqiperia.com\/blog\/wp-content\/uploads\/2024\/05\/800-0-f40508fef4c5a4454a374e3ab98fdfbc-jpg.jpg?fit=800%2C420&ssl=1&resize=525%2C300 1.5x, https:\/\/i0.wp.com\/www.shqiperia.com\/blog\/wp-content\/uploads\/2024\/05\/800-0-f40508fef4c5a4454a374e3ab98fdfbc-jpg.jpg?fit=800%2C420&ssl=1&resize=700%2C400 2x"},"classes":[]}],"_links":{"self":[{"href":"https:\/\/www.shqiperia.com\/blog\/wp-json\/wp\/v2\/posts\/98364","targetHints":{"allow":["GET"]}}],"collection":[{"href":"https:\/\/www.shqiperia.com\/blog\/wp-json\/wp\/v2\/posts"}],"about":[{"href":"https:\/\/www.shqiperia.com\/blog\/wp-json\/wp\/v2\/types\/post"}],"author":[{"embeddable":true,"href":"https:\/\/www.shqiperia.com\/blog\/wp-json\/wp\/v2\/users\/9"}],"replies":[{"embeddable":true,"href":"https:\/\/www.shqiperia.com\/blog\/wp-json\/wp\/v2\/comments?post=98364"}],"version-history":[{"count":1,"href":"https:\/\/www.shqiperia.com\/blog\/wp-json\/wp\/v2\/posts\/98364\/revisions"}],"predecessor-version":[{"id":98366,"href":"https:\/\/www.shqiperia.com\/blog\/wp-json\/wp\/v2\/posts\/98364\/revisions\/98366"}],"wp:featuredmedia":[{"embeddable":true,"href":"https:\/\/www.shqiperia.com\/blog\/wp-json\/wp\/v2\/media\/98365"}],"wp:attachment":[{"href":"https:\/\/www.shqiperia.com\/blog\/wp-json\/wp\/v2\/media?parent=98364"}],"wp:term":[{"taxonomy":"category","embeddable":true,"href":"https:\/\/www.shqiperia.com\/blog\/wp-json\/wp\/v2\/categories?post=98364"},{"taxonomy":"post_tag","embeddable":true,"href":"https:\/\/www.shqiperia.com\/blog\/wp-json\/wp\/v2\/tags?post=98364"}],"curies":[{"name":"wp","href":"https:\/\/api.w.org\/{rel}","templated":true}]}}