{"id":98361,"date":"2026-03-12T04:53:18","date_gmt":"2026-03-12T04:53:18","guid":{"rendered":"https:\/\/www.shqiperia.com\/blog\/?p=98361"},"modified":"2026-03-12T04:53:18","modified_gmt":"2026-03-12T04:53:18","slug":"16-vite-kerkime-dy-arkeologe-gjejne-thesarin-legjendar","status":"publish","type":"post","link":"https:\/\/www.shqiperia.com\/blog\/16-vite-kerkime-dy-arkeologe-gjejne-thesarin-legjendar\/","title":{"rendered":"16 vite k\u00ebrkime, dy arkeolog\u00eb gjejn\u00eb thesarin legjendar"},"content":{"rendered":"<p><img data-recalc-dims=\"1\" loading=\"lazy\" decoding=\"async\" data-attachment-id=\"98362\" data-permalink=\"https:\/\/www.shqiperia.com\/blog\/16-vite-kerkime-dy-arkeologe-gjejne-thesarin-legjendar\/thesari-usa-1024x580\/\" data-orig-file=\"https:\/\/i0.wp.com\/www.shqiperia.com\/blog\/wp-content\/uploads\/2026\/03\/thesari-usa-1024x580-1.jpg?fit=1024%2C580&amp;ssl=1\" data-orig-size=\"1024,580\" data-comments-opened=\"1\" data-image-meta=\"{&quot;aperture&quot;:&quot;0&quot;,&quot;credit&quot;:&quot;&quot;,&quot;camera&quot;:&quot;&quot;,&quot;caption&quot;:&quot;&quot;,&quot;created_timestamp&quot;:&quot;0&quot;,&quot;copyright&quot;:&quot;&quot;,&quot;focal_length&quot;:&quot;0&quot;,&quot;iso&quot;:&quot;0&quot;,&quot;shutter_speed&quot;:&quot;0&quot;,&quot;title&quot;:&quot;&quot;,&quot;orientation&quot;:&quot;0&quot;}\" data-image-title=\"thesari-usa-1024&#215;580\" data-image-description=\"\" data-image-caption=\"\" data-medium-file=\"https:\/\/i0.wp.com\/www.shqiperia.com\/blog\/wp-content\/uploads\/2026\/03\/thesari-usa-1024x580-1.jpg?fit=300%2C170&amp;ssl=1\" data-large-file=\"https:\/\/i0.wp.com\/www.shqiperia.com\/blog\/wp-content\/uploads\/2026\/03\/thesari-usa-1024x580-1.jpg?fit=1024%2C580&amp;ssl=1\" class=\"alignnone  wp-image-98362\" alt=\"\" src=\"https:\/\/i0.wp.com\/www.shqiperia.com\/blog\/wp-content\/uploads\/2026\/03\/thesari-usa-1024x580-1.jpg?resize=596%2C338&#038;ssl=1\" width=\"596\" height=\"338\" srcset=\"https:\/\/i0.wp.com\/www.shqiperia.com\/blog\/wp-content\/uploads\/2026\/03\/thesari-usa-1024x580-1.jpg?resize=300%2C170&amp;ssl=1 300w, https:\/\/i0.wp.com\/www.shqiperia.com\/blog\/wp-content\/uploads\/2026\/03\/thesari-usa-1024x580-1.jpg?resize=768%2C435&amp;ssl=1 768w, https:\/\/i0.wp.com\/www.shqiperia.com\/blog\/wp-content\/uploads\/2026\/03\/thesari-usa-1024x580-1.jpg?resize=450%2C255&amp;ssl=1 450w, https:\/\/i0.wp.com\/www.shqiperia.com\/blog\/wp-content\/uploads\/2026\/03\/thesari-usa-1024x580-1.jpg?resize=600%2C340&amp;ssl=1 600w, https:\/\/i0.wp.com\/www.shqiperia.com\/blog\/wp-content\/uploads\/2026\/03\/thesari-usa-1024x580-1.jpg?resize=400%2C227&amp;ssl=1 400w, https:\/\/i0.wp.com\/www.shqiperia.com\/blog\/wp-content\/uploads\/2026\/03\/thesari-usa-1024x580-1.jpg?w=1024&amp;ssl=1 1024w\" sizes=\"auto, (max-width: 596px) 100vw, 596px\" \/><\/p>\n<p>12 Mars 2026<\/p>\n<p>Dy arkeolog\u00eb amerikan\u00eb thon\u00eb se kan\u00eb zbuluar rr\u00ebnojat e nj\u00eb anijeje portugeze t\u00eb shekullit XVIII, e cila u sulmua nga pirat\u00ebt dhe u fundos n\u00eb Oqeanin Indian me nj\u00eb thesar q\u00eb sot vler\u00ebsohet mbi 138 milion\u00eb dollar\u00eb.<\/p>\n<p>B\u00ebhet fjal\u00eb p\u00ebr anijen \u201cZonja Jon\u00eb e Kepit\u201d, e cila n\u00eb vitin 1721 u nis nga India drejt Portugalis\u00eb, duke transportuar nj\u00eb z\u00ebvend\u00ebsm\u00ebk\u00ebmb\u00ebs portugez, Kryepeshkopin e Goas, rreth 200 skllev\u00ebr dhe nj\u00eb ngarkes\u00eb t\u00eb jasht\u00ebzakonshme ari, argjendi dhe gur\u00ebsh t\u00eb \u00e7muar.<\/p>\n<p><strong>Sulmi i pirat\u00ebve dhe fundosja<\/strong><\/p>\n<p>Anija u sulmua pran\u00eb ishullit Reunion nga pirati fam\u00ebkeq Olivier Levasseur, i njohur si \u201cThe Buzzard\u201d. Pas nj\u00eb stuhie q\u00eb e kishte d\u00ebmtuar r\u00ebnd\u00eb anijen, pirat\u00ebt arrit\u00ebn ta merrnin leht\u00ebsisht n\u00ebn kontroll. M\u00eb pas, ata e zhvendos\u00ebn rreth 400 milje drejt per\u00ebndimit dhe e braktis\u00ebn pran\u00eb ishullit Nosy Boraha n\u00eb brigjet verilindore t\u00eb Madagaskarit, i njohur dikur si Ile Sainte-Marie.<\/p>\n<p>Pjesa m\u00eb e madhe e thesarit u grabit nga pirat\u00ebt p\u00ebrpara fundosjes. Sipas dokumenteve historike, ngarkesa p\u00ebrfshinte shufra ari dhe argjendi, monedha, m\u00ebndafshe dhe mbi 400 gur\u00eb t\u00eb \u00e7muar, mes tyre 110 diamante dhe 250 smeralde.<\/p>\n<p><strong>Zbulimi pas 16 vitesh k\u00ebrkime<\/strong><\/p>\n<p>Arkeolog\u00ebt Brandon Clifford dhe Mark Agostini deklaruan n\u00eb revist\u00ebn Wreckwatch se kan\u00eb identifikuar vendndodhjen p\u00ebrfundimtare t\u00eb anijes, pas 16 vitesh k\u00ebrkimesh me sonar dhe teknologji t\u00eb zbulimit n\u00eb distanc\u00eb.<\/p>\n<p>Sipas tyre, n\u00eb vendin e gjetjes jan\u00eb zbuluar mbi 3,300 objekte, p\u00ebrfshir\u00eb statuja dhe pllaka fetare, disa q\u00eb paraqesin Virgj\u00ebresh\u00ebn Mari dhe t\u00eb tjera me mbishkrimin \u201cJezusi i Nazaretit, Mbreti i Hebrenjve\u201d, t\u00eb cilat besohet se jan\u00eb prodhuar n\u00eb Goa t\u00eb Indis\u00eb dhe ishin destinuar p\u00ebr katedralet e Lisbon\u00ebs.<\/p>\n<p>N\u00eb zon\u00eb jan\u00eb gjetur gjithashtu fragmente qeramike dhe monedha ari me mbishkrime arabe, t\u00eb mbuluara prej shekujsh nga r\u00ebra dhe balta n\u00eb fundin e detit.<\/p>\n<p>Clifford deklaroi se identifikimi mb\u00ebshtetet n\u00eb disa linja provash, p\u00ebrfshir\u00eb analiz\u00ebn e struktur\u00ebs s\u00eb anijes dhe p\u00ebrputhjen e artefakteve me t\u00eb dh\u00ebnat historike. Megjithat\u00eb, zbulimi ende nuk \u00ebsht\u00eb konfirmuar nga ekspert\u00eb t\u00eb tjer\u00eb t\u00eb pavarur.<\/p>\n<p><strong>Ishulli i pirat\u00ebve<\/strong><\/p>\n<p>Nosy Boraha ishte nj\u00eb nga qendrat kryesore t\u00eb asaj q\u00eb njihet si Epoka e Art\u00eb e Pirateris\u00eb. Uj\u00ebrat e qeta dhe mungesa e kontrollit kolonial e b\u00ebn\u00eb ishullin nj\u00eb streh\u00eb ideale p\u00ebr pirat\u00ebt, t\u00eb cil\u00ebt e p\u00ebrdornin si baz\u00eb p\u00ebr t\u00eb sulmuar rrug\u00ebt tregtare.<\/p>\n<p>Sipas arkeolog\u00ebve, n\u00eb zon\u00ebn p\u00ebrreth mund t\u00eb ndodhen deri n\u00eb 10 anije t\u00eb mbytura, nd\u00ebrsa t\u00eb pakt\u00ebn kat\u00ebr prej tyre besohet se ndodhen n\u00eb t\u00eb nj\u00ebjtin port me Nossa Senhora do Cabo.<\/p>\n<p>Studiuesit shprehen se zona historikisht \u00ebsht\u00eb anashkaluar nga k\u00ebrkimet shkencore dhe se ka potencial p\u00ebr zbulime t\u00eb tjera q\u00eb mund t\u00eb hedhin drit\u00eb mbi nj\u00eb nga periudhat m\u00eb dramatike t\u00eb historis\u00eb detare.<\/p>\n","protected":false},"excerpt":{"rendered":"<p>12 Mars 2026 Dy arkeolog\u00eb amerikan\u00eb thon\u00eb se kan\u00eb zbuluar rr\u00ebnojat e nj\u00eb anijeje portugeze t\u00eb shekullit XVIII, e cila u sulmua nga pirat\u00ebt dhe u fundos n\u00eb Oqeanin Indian me nj\u00eb thesar q\u00eb sot vler\u00ebsohet mbi 138 milion\u00eb dollar\u00eb. B\u00ebhet fjal\u00eb p\u00ebr anijen \u201cZonja Jon\u00eb e Kepit\u201d, e cila n\u00eb vitin 1721 u nis [&hellip;]<\/p>\n","protected":false},"author":9,"featured_media":98362,"comment_status":"open","ping_status":"open","sticky":false,"template":"","format":"standard","meta":{"jetpack_post_was_ever_published":false,"_jetpack_newsletter_access":"","_jetpack_dont_email_post_to_subs":false,"_jetpack_newsletter_tier_id":0,"_jetpack_memberships_contains_paywalled_content":false,"_jetpack_memberships_contains_paid_content":false,"footnotes":"","jetpack_publicize_message":"","jetpack_publicize_feature_enabled":true,"jetpack_social_post_already_shared":true,"jetpack_social_options":{"image_generator_settings":{"template":"highway","default_image_id":0,"font":"","enabled":false},"version":2}},"categories":[27,85,35],"tags":[],"class_list":["post-98361","post","type-post","status-publish","format-standard","has-post-thumbnail","hentry","category-blogu-i-udhetarit","category-histori","category-shoqerore"],"jetpack_publicize_connections":[],"jetpack_featured_media_url":"https:\/\/i0.wp.com\/www.shqiperia.com\/blog\/wp-content\/uploads\/2026\/03\/thesari-usa-1024x580-1.jpg?fit=1024%2C580&ssl=1","jetpack_sharing_enabled":true,"jetpack_shortlink":"https:\/\/wp.me\/p5Z6wp-pAt","jetpack-related-posts":[{"id":92743,"url":"https:\/\/www.shqiperia.com\/blog\/gjendet-thesari-i-zhdukur-spanjoll-pas-me-shume-se-300-vjetesh\/","url_meta":{"origin":98361,"position":0},"title":"Gjendet thesari i zhdukur spanjoll pas m\u00eb shum\u00eb se 300 vjet\u00ebsh","author":"Kurt Farka","date":"June 21, 2025","format":false,"excerpt":"21 Qershor 2025 N\u00eb vitin nj\u00ebmijeshtat\u00ebqindetet\u00eb (1708), forcat britanike fundos\u00ebn nj\u00eb galion spanjoll, nj\u00eb anije t\u00eb madhe luftarake dhe tregtare t\u00eb p\u00ebrdorur midis shekujve pes\u00ebmb\u00ebdhjet\u00eb dhe tet\u00ebmb\u00ebdhjet\u00eb, pran\u00eb brigjeve t\u00eb asaj q\u00eb tani \u00ebsht\u00eb Kolumbia. Tre shekuj m\u00eb von\u00eb, ngarkesa e saj, p\u00ebrfshir\u00eb monedha ari, duket se i ka ndihmuar\u2026","rel":"","context":"In &quot;Histori&quot;","block_context":{"text":"Histori","link":"https:\/\/www.shqiperia.com\/blog\/category\/histori\/"},"img":{"alt_text":"","src":"https:\/\/i0.wp.com\/www.shqiperia.com\/blog\/wp-content\/uploads\/2025\/06\/pasuri.jpg?fit=734%2C486&ssl=1&resize=350%2C200","width":350,"height":200,"srcset":"https:\/\/i0.wp.com\/www.shqiperia.com\/blog\/wp-content\/uploads\/2025\/06\/pasuri.jpg?fit=734%2C486&ssl=1&resize=350%2C200 1x, https:\/\/i0.wp.com\/www.shqiperia.com\/blog\/wp-content\/uploads\/2025\/06\/pasuri.jpg?fit=734%2C486&ssl=1&resize=525%2C300 1.5x, https:\/\/i0.wp.com\/www.shqiperia.com\/blog\/wp-content\/uploads\/2025\/06\/pasuri.jpg?fit=734%2C486&ssl=1&resize=700%2C400 2x"},"classes":[]},{"id":59234,"url":"https:\/\/www.shqiperia.com\/blog\/340-vite-pas-fundosjes-shishet-e-veres-ne-anijen-mbreterore-ende-te-pahapura\/","url_meta":{"origin":98361,"position":1},"title":"340 vite pas fundosjes, shishet e ver\u00ebs n\u00eb anijen mbret\u00ebrore ende t\u00eb pahapura","author":"Kurt Farka","date":"June 23, 2022","format":false,"excerpt":"\u00a0Qershor 2022 Nj\u00eb anije mbret\u00ebrore me rreth 250 persona, duke p\u00ebrfshir\u00eb dhe James Stuard, mbretin pretendent t\u00eb Anglis\u00eb s\u00eb asaj kohe, u fundos m\u00eb 6 maj 1682. 340 vite m\u00eb von\u00eb vendodhja e anijes u zbulua m\u00eb n\u00eb fund n\u00eb brigjet e Anglis\u00eb. Stuard q\u00eb do t\u00eb kurorzohej si mbreti\u2026","rel":"","context":"In &quot;Blogu i Udh\u00ebtarit&quot;","block_context":{"text":"Blogu i Udh\u00ebtarit","link":"https:\/\/www.shqiperia.com\/blog\/category\/blogu-i-udhetarit\/"},"img":{"alt_text":"","src":"https:\/\/i0.wp.com\/www.shqiperia.com\/blog\/wp-content\/uploads\/2022\/06\/340-vite-pas-fundosjes-shishet-e-veres-ne-anijen-mbreterore-ende-te-pahapura-2.jpg?fit=640%2C359&ssl=1&resize=350%2C200","width":350,"height":200,"srcset":"https:\/\/i0.wp.com\/www.shqiperia.com\/blog\/wp-content\/uploads\/2022\/06\/340-vite-pas-fundosjes-shishet-e-veres-ne-anijen-mbreterore-ende-te-pahapura-2.jpg?fit=640%2C359&ssl=1&resize=350%2C200 1x, https:\/\/i0.wp.com\/www.shqiperia.com\/blog\/wp-content\/uploads\/2022\/06\/340-vite-pas-fundosjes-shishet-e-veres-ne-anijen-mbreterore-ende-te-pahapura-2.jpg?fit=640%2C359&ssl=1&resize=525%2C300 1.5x"},"classes":[]},{"id":87366,"url":"https:\/\/www.shqiperia.com\/blog\/busti-i-mundshem-e-kleopatres-vii-gjendet-ne-nje-tempull-te-lashte-egjiptian\/","url_meta":{"origin":98361,"position":2},"title":"Busti i mundsh\u00ebm e Kleopatr\u00ebs VII gjendet n\u00eb nj\u00eb tempull t\u00eb lasht\u00eb egjiptian","author":"Kurt Farka","date":"December 13, 2024","format":false,"excerpt":"13 Dhjetor 2024 Nj\u00eb statuj\u00eb e vog\u00ebl e zbuluar n\u00ebn nj\u00eb mur tempulli n\u00eb nj\u00eb qytet t\u00eb lasht\u00eb egjiptian mund t\u00eb p\u00ebrshkruaj\u00eb Kleopatr\u00ebn VII, mbret\u00ebresh\u00ebn egjiptiane q\u00eb pati romanca me Jul \u00c7ezarin dhe Mark Antonin, sipas arkeologes q\u00eb drejton g\u00ebrmimet n\u00eb vendin e njohur si Taposiris Magna. Megjithat\u00eb, disa arkeolog\u00eb\u2026","rel":"","context":"In &quot;Blogu i Udh\u00ebtarit&quot;","block_context":{"text":"Blogu i Udh\u00ebtarit","link":"https:\/\/www.shqiperia.com\/blog\/category\/blogu-i-udhetarit\/"},"img":{"alt_text":"","src":"https:\/\/i0.wp.com\/www.shqiperia.com\/blog\/wp-content\/uploads\/2024\/12\/auto_PJzGCAWoXpQiUpeken4AqR.jpg1734012970.webp?fit=650%2C366&ssl=1&resize=350%2C200","width":350,"height":200,"srcset":"https:\/\/i0.wp.com\/www.shqiperia.com\/blog\/wp-content\/uploads\/2024\/12\/auto_PJzGCAWoXpQiUpeken4AqR.jpg1734012970.webp?fit=650%2C366&ssl=1&resize=350%2C200 1x, https:\/\/i0.wp.com\/www.shqiperia.com\/blog\/wp-content\/uploads\/2024\/12\/auto_PJzGCAWoXpQiUpeken4AqR.jpg1734012970.webp?fit=650%2C366&ssl=1&resize=525%2C300 1.5x"},"classes":[]},{"id":62095,"url":"https:\/\/www.shqiperia.com\/blog\/ne-mesdhe-rojet-bregdetare-qellojne-mbi-anijen-e-mallrave-turke\/","url_meta":{"origin":98361,"position":3},"title":"N\u00eb Mesdhe, rojet bregdetare q\u00ebllojn\u00eb mbi anijen e mallrave turke","author":"Kurt Farka","date":"September 11, 2022","format":false,"excerpt":"11 Shtator 2022 Tensione lufte n\u00eb Mesdhe. Anijet e rojes bregdetare greke hap\u00ebn zjarr ndaj nj\u00eb anijeje mallrash q\u00eb lundronte n\u00eb uj\u00ebrat nd\u00ebrkomb\u00ebtare n\u00eb Detin Egje, duke p\u00ebrshkall\u00ebzuar tensionet me Turqin\u00eb q\u00eb jan\u00eb rritur jav\u00ebt e fundit. Nuk pati viktima n\u00eb t\u00eb sht\u00ebnat 11 milje detare (20 km) n\u00eb jugper\u00ebndim\u2026","rel":"","context":"In &quot;Blogu i Udh\u00ebtarit&quot;","block_context":{"text":"Blogu i Udh\u00ebtarit","link":"https:\/\/www.shqiperia.com\/blog\/category\/blogu-i-udhetarit\/"},"img":{"alt_text":"","src":"https:\/\/i0.wp.com\/www.shqiperia.com\/blog\/wp-content\/uploads\/2022\/09\/800-0-631e0cbd0454e.jpg?fit=800%2C524&ssl=1&resize=350%2C200","width":350,"height":200,"srcset":"https:\/\/i0.wp.com\/www.shqiperia.com\/blog\/wp-content\/uploads\/2022\/09\/800-0-631e0cbd0454e.jpg?fit=800%2C524&ssl=1&resize=350%2C200 1x, https:\/\/i0.wp.com\/www.shqiperia.com\/blog\/wp-content\/uploads\/2022\/09\/800-0-631e0cbd0454e.jpg?fit=800%2C524&ssl=1&resize=525%2C300 1.5x, https:\/\/i0.wp.com\/www.shqiperia.com\/blog\/wp-content\/uploads\/2022\/09\/800-0-631e0cbd0454e.jpg?fit=800%2C524&ssl=1&resize=700%2C400 2x"},"classes":[]},{"id":83140,"url":"https:\/\/www.shqiperia.com\/blog\/jeruzalem-zbulohet-altari-mesjetar-prane-vendit-ku-besohet-se-ishte-varrosur-dhe-ringjallur-jezusi\/","url_meta":{"origin":98361,"position":4},"title":"Jeruzalem, zbulohet altari mesjetar pran\u00eb vendit ku besohet se ishte varrosur dhe ringjallur Jezusi","author":"Kurt Farka","date":"July 27, 2024","format":false,"excerpt":"27 Korrik 2024 Nj\u00eb zbulim i ve\u00e7ant\u00eb \u00ebsht\u00eb b\u00ebr\u00eb nga arkeolog\u00ebt n\u00eb vendin ku thuhet se \u00ebsht\u00eb varrosur Jezusi, n\u00eb Jerusalem. Dhe v\u00ebrtet, zbulimi doli n\u00eb drit\u00eb n\u00eb m\u00ebnyr\u00ebn m\u00eb paradoksale, pasi u gjet nga pun\u00ebtor\u00ebt e nd\u00ebrtimit, t\u00eb cil\u00ebt thjesht p\u00ebrmbys\u00ebn nj\u00eb pllak\u00eb guri gjigante t\u00eb mbuluar me grafite\u2026","rel":"","context":"In &quot;Blogu i Udh\u00ebtarit&quot;","block_context":{"text":"Blogu i Udh\u00ebtarit","link":"https:\/\/www.shqiperia.com\/blog\/category\/blogu-i-udhetarit\/"},"img":{"alt_text":"","src":"https:\/\/i0.wp.com\/www.shqiperia.com\/blog\/wp-content\/uploads\/2024\/07\/altar-roman-770x433-1.jpg?fit=770%2C433&ssl=1&resize=350%2C200","width":350,"height":200,"srcset":"https:\/\/i0.wp.com\/www.shqiperia.com\/blog\/wp-content\/uploads\/2024\/07\/altar-roman-770x433-1.jpg?fit=770%2C433&ssl=1&resize=350%2C200 1x, https:\/\/i0.wp.com\/www.shqiperia.com\/blog\/wp-content\/uploads\/2024\/07\/altar-roman-770x433-1.jpg?fit=770%2C433&ssl=1&resize=525%2C300 1.5x, https:\/\/i0.wp.com\/www.shqiperia.com\/blog\/wp-content\/uploads\/2024\/07\/altar-roman-770x433-1.jpg?fit=770%2C433&ssl=1&resize=700%2C400 2x"},"classes":[]},{"id":30267,"url":"https:\/\/www.shqiperia.com\/blog\/perplasen-anijet-luftarake-ruse-dhe-amerikane-incident-mes-dy-superfuqive-ne-detin-arabik\/","url_meta":{"origin":98361,"position":5},"title":"\u00a0\u201cP\u00ebrplasen\u201d anijet luftarake ruse dhe amerikane, incident mes dy superfuqive n\u00eb detin arabik.","author":"Kurt Farka","date":"January 12, 2020","format":false,"excerpt":"\u00a0\u201cP\u00ebrplasen\u201d anijet luftarake ruse dhe amerikane, incident mes dy superfuqive n\u00eb detin arabik 10\/01\/2020 Media amerikane CNN ka njoftuar dit\u00ebn e sotme se \u00ebsht\u00eb sh\u00ebnuar nj\u00eb incident dhe nj\u00eb provokim nga pala ruse n\u00eb detin arabik. Nj\u00eb anije luftarake ruse \u201ciu afrua ne m\u00ebnyr\u00eb agresive\u201d nj\u00eb anijeje luftarake t\u00eb marin\u00ebs\u2026","rel":"","context":"In &quot;Blogu i Udh\u00ebtarit&quot;","block_context":{"text":"Blogu i Udh\u00ebtarit","link":"https:\/\/www.shqiperia.com\/blog\/category\/blogu-i-udhetarit\/"},"img":{"alt_text":"","src":"https:\/\/i0.wp.com\/www.shqiperia.com\/blog\/wp-content\/uploads\/2020\/01\/anije-1.jpg?fit=768%2C461&ssl=1&resize=350%2C200","width":350,"height":200,"srcset":"https:\/\/i0.wp.com\/www.shqiperia.com\/blog\/wp-content\/uploads\/2020\/01\/anije-1.jpg?fit=768%2C461&ssl=1&resize=350%2C200 1x, https:\/\/i0.wp.com\/www.shqiperia.com\/blog\/wp-content\/uploads\/2020\/01\/anije-1.jpg?fit=768%2C461&ssl=1&resize=525%2C300 1.5x, https:\/\/i0.wp.com\/www.shqiperia.com\/blog\/wp-content\/uploads\/2020\/01\/anije-1.jpg?fit=768%2C461&ssl=1&resize=700%2C400 2x"},"classes":[]}],"_links":{"self":[{"href":"https:\/\/www.shqiperia.com\/blog\/wp-json\/wp\/v2\/posts\/98361","targetHints":{"allow":["GET"]}}],"collection":[{"href":"https:\/\/www.shqiperia.com\/blog\/wp-json\/wp\/v2\/posts"}],"about":[{"href":"https:\/\/www.shqiperia.com\/blog\/wp-json\/wp\/v2\/types\/post"}],"author":[{"embeddable":true,"href":"https:\/\/www.shqiperia.com\/blog\/wp-json\/wp\/v2\/users\/9"}],"replies":[{"embeddable":true,"href":"https:\/\/www.shqiperia.com\/blog\/wp-json\/wp\/v2\/comments?post=98361"}],"version-history":[{"count":1,"href":"https:\/\/www.shqiperia.com\/blog\/wp-json\/wp\/v2\/posts\/98361\/revisions"}],"predecessor-version":[{"id":98363,"href":"https:\/\/www.shqiperia.com\/blog\/wp-json\/wp\/v2\/posts\/98361\/revisions\/98363"}],"wp:featuredmedia":[{"embeddable":true,"href":"https:\/\/www.shqiperia.com\/blog\/wp-json\/wp\/v2\/media\/98362"}],"wp:attachment":[{"href":"https:\/\/www.shqiperia.com\/blog\/wp-json\/wp\/v2\/media?parent=98361"}],"wp:term":[{"taxonomy":"category","embeddable":true,"href":"https:\/\/www.shqiperia.com\/blog\/wp-json\/wp\/v2\/categories?post=98361"},{"taxonomy":"post_tag","embeddable":true,"href":"https:\/\/www.shqiperia.com\/blog\/wp-json\/wp\/v2\/tags?post=98361"}],"curies":[{"name":"wp","href":"https:\/\/api.w.org\/{rel}","templated":true}]}}