{"id":98356,"date":"2026-03-12T04:42:33","date_gmt":"2026-03-12T04:42:33","guid":{"rendered":"https:\/\/www.shqiperia.com\/blog\/?p=98356"},"modified":"2026-03-12T04:42:33","modified_gmt":"2026-03-12T04:42:33","slug":"imuniteti-i-ballukut-te-rinjte-e-pd-ne-vlore-thirrje-per-pjesemarrje-ne-protesten-para-kuvendit","status":"publish","type":"post","link":"https:\/\/www.shqiperia.com\/blog\/imuniteti-i-ballukut-te-rinjte-e-pd-ne-vlore-thirrje-per-pjesemarrje-ne-protesten-para-kuvendit\/","title":{"rendered":"Imuniteti i Ballukut, t\u00eb rinjt\u00eb e PD n\u00eb Vlor\u00eb thirrje p\u00ebr pjes\u00ebmarrje n\u00eb protest\u00ebn para Kuvendit"},"content":{"rendered":"<p><strong><img data-recalc-dims=\"1\" loading=\"lazy\" decoding=\"async\" data-attachment-id=\"98357\" data-permalink=\"https:\/\/www.shqiperia.com\/blog\/imuniteti-i-ballukut-te-rinjte-e-pd-ne-vlore-thirrje-per-pjesemarrje-ne-protesten-para-kuvendit\/vlore\/\" data-orig-file=\"https:\/\/i0.wp.com\/www.shqiperia.com\/blog\/wp-content\/uploads\/2026\/03\/Vlore.jpg?fit=1600%2C1066&amp;ssl=1\" data-orig-size=\"1600,1066\" data-comments-opened=\"1\" data-image-meta=\"{&quot;aperture&quot;:&quot;0&quot;,&quot;credit&quot;:&quot;&quot;,&quot;camera&quot;:&quot;&quot;,&quot;caption&quot;:&quot;&quot;,&quot;created_timestamp&quot;:&quot;0&quot;,&quot;copyright&quot;:&quot;&quot;,&quot;focal_length&quot;:&quot;0&quot;,&quot;iso&quot;:&quot;0&quot;,&quot;shutter_speed&quot;:&quot;0&quot;,&quot;title&quot;:&quot;&quot;,&quot;orientation&quot;:&quot;0&quot;}\" data-image-title=\"Vlore\" data-image-description=\"\" data-image-caption=\"\" data-medium-file=\"https:\/\/i0.wp.com\/www.shqiperia.com\/blog\/wp-content\/uploads\/2026\/03\/Vlore.jpg?fit=300%2C200&amp;ssl=1\" data-large-file=\"https:\/\/i0.wp.com\/www.shqiperia.com\/blog\/wp-content\/uploads\/2026\/03\/Vlore.jpg?fit=1024%2C682&amp;ssl=1\" class=\"alignnone  wp-image-98357\" alt=\"\" src=\"https:\/\/i0.wp.com\/www.shqiperia.com\/blog\/wp-content\/uploads\/2026\/03\/Vlore.jpg?resize=588%2C392&#038;ssl=1\" width=\"588\" height=\"392\" srcset=\"https:\/\/i0.wp.com\/www.shqiperia.com\/blog\/wp-content\/uploads\/2026\/03\/Vlore.jpg?resize=300%2C200&amp;ssl=1 300w, https:\/\/i0.wp.com\/www.shqiperia.com\/blog\/wp-content\/uploads\/2026\/03\/Vlore.jpg?resize=1024%2C682&amp;ssl=1 1024w, https:\/\/i0.wp.com\/www.shqiperia.com\/blog\/wp-content\/uploads\/2026\/03\/Vlore.jpg?resize=768%2C512&amp;ssl=1 768w, https:\/\/i0.wp.com\/www.shqiperia.com\/blog\/wp-content\/uploads\/2026\/03\/Vlore.jpg?resize=1536%2C1023&amp;ssl=1 1536w, https:\/\/i0.wp.com\/www.shqiperia.com\/blog\/wp-content\/uploads\/2026\/03\/Vlore.jpg?resize=600%2C400&amp;ssl=1 600w, https:\/\/i0.wp.com\/www.shqiperia.com\/blog\/wp-content\/uploads\/2026\/03\/Vlore.jpg?resize=450%2C300&amp;ssl=1 450w, https:\/\/i0.wp.com\/www.shqiperia.com\/blog\/wp-content\/uploads\/2026\/03\/Vlore.jpg?resize=1500%2C999&amp;ssl=1 1500w, https:\/\/i0.wp.com\/www.shqiperia.com\/blog\/wp-content\/uploads\/2026\/03\/Vlore.jpg?resize=1300%2C866&amp;ssl=1 1300w, https:\/\/i0.wp.com\/www.shqiperia.com\/blog\/wp-content\/uploads\/2026\/03\/Vlore.jpg?resize=400%2C267&amp;ssl=1 400w, https:\/\/i0.wp.com\/www.shqiperia.com\/blog\/wp-content\/uploads\/2026\/03\/Vlore.jpg?w=1600&amp;ssl=1 1600w\" sizes=\"auto, (max-width: 588px) 100vw, 588px\" \/><\/strong><\/p>\n<p><strong>12 Mars 2026<\/strong><\/p>\n<p><strong>Vlor\u00eb kan\u00eb b\u00ebr\u00eb thirrje p\u00ebr pjes\u00ebmarrje n\u00eb protest\u00ebn q\u00eb pritet t\u00eb zhvillohet nes\u00ebr p\u00ebrpara Kuvendit t\u00eb Shqip\u00ebris\u00eb.<\/strong><\/p>\n<p>P\u00ebrmes nj\u00eb videoje t\u00eb publikuar n\u00eb rrjetet sociale, ata u b\u00ebjn\u00eb apel qytetar\u00ebve, ve\u00e7an\u00ebrisht t\u00eb rinjve, q\u00eb t\u2019i bashkohen tubimit p\u00ebr t\u00eb shprehur kund\u00ebrshtimin ndaj zhvillimeve t\u00eb fundit politike dhe \u00e7\u00ebshtjeve q\u00eb pritet t\u00eb diskutohen gjat\u00eb seanc\u00ebs parlamentare.Sipas tyre, protesta synon t\u00eb mobilizoj\u00eb qytetar\u00ebt p\u00ebr t\u00eb reaguar ndaj vendimeve q\u00eb pritet t\u00eb merren n\u00eb Kuvend.<\/p>\n<p>Tubimi pritet t\u00eb mbahet p\u00ebrpara godin\u00ebs s\u00eb Kuvendit t\u00eb Shqip\u00ebris\u00eb, n\u00eb t\u00eb nj\u00ebjt\u00ebn koh\u00eb me zhvillimin e seanc\u00ebs parlamentare, ku do t\u00eb votohet raporti p\u00ebr imunitetin e Belinda Ballukut.<\/p>\n","protected":false},"excerpt":{"rendered":"<p>12 Mars 2026 Vlor\u00eb kan\u00eb b\u00ebr\u00eb thirrje p\u00ebr pjes\u00ebmarrje n\u00eb protest\u00ebn q\u00eb pritet t\u00eb zhvillohet nes\u00ebr p\u00ebrpara Kuvendit t\u00eb Shqip\u00ebris\u00eb. P\u00ebrmes nj\u00eb videoje t\u00eb publikuar n\u00eb rrjetet sociale, ata u b\u00ebjn\u00eb apel qytetar\u00ebve, ve\u00e7an\u00ebrisht t\u00eb rinjve, q\u00eb t\u2019i bashkohen tubimit p\u00ebr t\u00eb shprehur kund\u00ebrshtimin ndaj zhvillimeve t\u00eb fundit politike dhe \u00e7\u00ebshtjeve q\u00eb pritet t\u00eb diskutohen [&hellip;]<\/p>\n","protected":false},"author":9,"featured_media":98357,"comment_status":"open","ping_status":"open","sticky":false,"template":"","format":"standard","meta":{"jetpack_post_was_ever_published":false,"_jetpack_newsletter_access":"","_jetpack_dont_email_post_to_subs":false,"_jetpack_newsletter_tier_id":0,"_jetpack_memberships_contains_paywalled_content":false,"_jetpack_memberships_contains_paid_content":false,"footnotes":"","jetpack_publicize_message":"","jetpack_publicize_feature_enabled":true,"jetpack_social_post_already_shared":true,"jetpack_social_options":{"image_generator_settings":{"template":"highway","default_image_id":0,"font":"","enabled":false},"version":2}},"categories":[1,35],"tags":[],"class_list":["post-98356","post","type-post","status-publish","format-standard","has-post-thumbnail","hentry","category-njoftime-shtypi","category-shoqerore"],"jetpack_publicize_connections":[],"jetpack_featured_media_url":"https:\/\/i0.wp.com\/www.shqiperia.com\/blog\/wp-content\/uploads\/2026\/03\/Vlore.jpg?fit=1600%2C1066&ssl=1","jetpack_sharing_enabled":true,"jetpack_shortlink":"https:\/\/wp.me\/p5Z6wp-pAo","jetpack-related-posts":[{"id":98557,"url":"https:\/\/www.shqiperia.com\/blog\/protestuesit-nga-shkodra-dhe-kukesi-nisen-drejt-tiranes-pritet-pjesemarrje-masive-ne-protesten-kombetare-te-opozites\/","url_meta":{"origin":98356,"position":0},"title":"Protestuesit nga Shkodra dhe kukesi nisen drejt Tiran\u00ebs, pritet pjes\u00ebmarrje masive n\u00eb protest\u00ebn komb\u00ebtare t\u00eb opozit\u00ebs","author":"Kurt Farka","date":"March 22, 2026","format":false,"excerpt":"22 Mars 2026 Protestuesit nga Shkodra kan\u00eb nisur udh\u00ebtimin drejt Tiran\u00ebs p\u00ebr t\u00eb marr\u00eb pjes\u00eb n\u00eb protest\u00ebn komb\u00ebtare t\u00eb organizuar nga opozita. Sipas burimeve, rreth 1500 qytetar\u00eb nga Shkodra pritet t\u00eb jen\u00eb t\u00eb pranish\u00ebm n\u00eb k\u00ebt\u00eb manifestim, duke kontribuar n\u00eb pjes\u00ebmarrjen masive q\u00eb po organizohet n\u00eb kryeqytet. Protestuesit po udh\u00ebtojn\u00eb\u2026","rel":"","context":"In &quot;Njoftime Shtypi&quot;","block_context":{"text":"Njoftime Shtypi","link":"https:\/\/www.shqiperia.com\/blog\/category\/njoftime-shtypi\/"},"img":{"alt_text":"","src":"https:\/\/i0.wp.com\/www.shqiperia.com\/blog\/wp-content\/uploads\/2026\/03\/auto_035a4ca8-55f1-417d-865c-cd3dfe71eac01774188538.jpg?fit=900%2C675&ssl=1&resize=350%2C200","width":350,"height":200,"srcset":"https:\/\/i0.wp.com\/www.shqiperia.com\/blog\/wp-content\/uploads\/2026\/03\/auto_035a4ca8-55f1-417d-865c-cd3dfe71eac01774188538.jpg?fit=900%2C675&ssl=1&resize=350%2C200 1x, https:\/\/i0.wp.com\/www.shqiperia.com\/blog\/wp-content\/uploads\/2026\/03\/auto_035a4ca8-55f1-417d-865c-cd3dfe71eac01774188538.jpg?fit=900%2C675&ssl=1&resize=525%2C300 1.5x, https:\/\/i0.wp.com\/www.shqiperia.com\/blog\/wp-content\/uploads\/2026\/03\/auto_035a4ca8-55f1-417d-865c-cd3dfe71eac01774188538.jpg?fit=900%2C675&ssl=1&resize=700%2C400 2x"},"classes":[]},{"id":81650,"url":"https:\/\/www.shqiperia.com\/blog\/pas-dy-oresh-perplasje-me-policine-mbyllet-protesta-e-rithemelimit-para-kuvendit\/","url_meta":{"origin":98356,"position":1},"title":"Pas dy or\u00ebsh p\u00ebrplasje me policin\u00eb, mbyllet protesta e Rithemelimit para Kuvendit","author":"Kurt Farka","date":"June 6, 2024","format":false,"excerpt":"7 Qershor 2024 \u00cbsht\u00eb mbyllur protesta e opozit\u00ebs p\u00ebrpara parlamentit t\u00eb Shqip\u00ebris\u00eb. Gazetari Osman Stafa ka dh\u00ebn\u00eb detaje nga protesta. \u201cProtestuesit kan\u00eb mbyllur protest\u00ebn. Flamur Noka iu ka b\u00ebr\u00eb thirrje protestuesve q\u00eb t\u00eb shp\u00ebrndahen, edhe p\u00ebr shkak t\u00eb temperaturave t\u00eb larta dhe tashm\u00eb opozita do t\u00eb protestoj\u00eb t\u00eb h\u00ebn\u00ebn n\u00eb\u2026","rel":"","context":"In &quot;Blogu i Udh\u00ebtarit&quot;","block_context":{"text":"Blogu i Udh\u00ebtarit","link":"https:\/\/www.shqiperia.com\/blog\/category\/blogu-i-udhetarit\/"},"img":{"alt_text":"","src":"https:\/\/i0.wp.com\/www.shqiperia.com\/blog\/wp-content\/uploads\/2024\/06\/800-0-6ad3bf14464f11d3ce7aaba6a2646ad3.jpg?fit=800%2C450&ssl=1&resize=350%2C200","width":350,"height":200,"srcset":"https:\/\/i0.wp.com\/www.shqiperia.com\/blog\/wp-content\/uploads\/2024\/06\/800-0-6ad3bf14464f11d3ce7aaba6a2646ad3.jpg?fit=800%2C450&ssl=1&resize=350%2C200 1x, https:\/\/i0.wp.com\/www.shqiperia.com\/blog\/wp-content\/uploads\/2024\/06\/800-0-6ad3bf14464f11d3ce7aaba6a2646ad3.jpg?fit=800%2C450&ssl=1&resize=525%2C300 1.5x, https:\/\/i0.wp.com\/www.shqiperia.com\/blog\/wp-content\/uploads\/2024\/06\/800-0-6ad3bf14464f11d3ce7aaba6a2646ad3.jpg?fit=800%2C450&ssl=1&resize=700%2C400 2x"},"classes":[]},{"id":96867,"url":"https:\/\/www.shqiperia.com\/blog\/pjesemarrje-masive-ne-protesten-e-popullore-25-janar-2026\/","url_meta":{"origin":98356,"position":2},"title":"Pjes\u00ebmarrje masive n\u00eb protest\u00ebn e popullore, 25 Janar 2026","author":"Kurt Farka","date":"January 24, 2026","format":false,"excerpt":"25 Janar 2026 Pamjet nga bulevardi \u201cD\u00ebshmor\u00ebt e Kombit\u201d flasin vet\u00eb: nj\u00eb det njer\u00ebzish \u00ebsht\u00eb grumbulluar p\u00ebrpara Kryeministris\u00eb n\u00eb protest\u00ebn komb\u00ebtare t\u00eb thirrur nga Partia Demokratike. Qindra mij\u00ebra qytetar\u00eb nga Tirana dhe rrethet i jan\u00eb p\u00ebrgjigjur thirrjes s\u00eb Sali Berish\u00ebs p\u00ebr t\u00eb dal\u00eb n\u00eb shesh dhe p\u00ebr t\u00eb k\u00ebrkuar largimin\u2026","rel":"","context":"In &quot;Blogu i Udh\u00ebtarit&quot;","block_context":{"text":"Blogu i Udh\u00ebtarit","link":"https:\/\/www.shqiperia.com\/blog\/category\/blogu-i-udhetarit\/"},"img":{"alt_text":"","src":"https:\/\/i0.wp.com\/www.shqiperia.com\/blog\/wp-content\/uploads\/2026\/01\/900-0-1769272874xscreenshot-2-534.jpg?fit=900%2C551&ssl=1&resize=350%2C200","width":350,"height":200,"srcset":"https:\/\/i0.wp.com\/www.shqiperia.com\/blog\/wp-content\/uploads\/2026\/01\/900-0-1769272874xscreenshot-2-534.jpg?fit=900%2C551&ssl=1&resize=350%2C200 1x, https:\/\/i0.wp.com\/www.shqiperia.com\/blog\/wp-content\/uploads\/2026\/01\/900-0-1769272874xscreenshot-2-534.jpg?fit=900%2C551&ssl=1&resize=525%2C300 1.5x, https:\/\/i0.wp.com\/www.shqiperia.com\/blog\/wp-content\/uploads\/2026\/01\/900-0-1769272874xscreenshot-2-534.jpg?fit=900%2C551&ssl=1&resize=700%2C400 2x"},"classes":[]},{"id":78023,"url":"https:\/\/www.shqiperia.com\/blog\/lulzim-basha-me-ato-3-deputet-qe-i-bashkohen-ne-rrjesht-ka-mberritur-ne-kuvend-1-ore-perpara-seances\/","url_meta":{"origin":98356,"position":3},"title":"Lulzim Basha me ato 3 deputet q\u00eb i bashkohen ne rrjesht ka mb\u00ebrritur n\u00eb Kuvend 1 or\u00eb p\u00ebrpara seanc\u00ebs.","author":"Kurt Farka","date":"February 8, 2024","format":false,"excerpt":"8 Shkurt 2024 Ai ka mb\u00ebrritur n\u00eb Parlament i shoq\u00ebruar nga deputet\u00ebt e grupit t\u00eb tij. Sipas gazetarit Osman Stafa, kjo ndoshta \u00ebsht\u00eb nj\u00eb taktik\u00eb e Bash\u00ebs p\u00ebr t\u2019iu shmangur tensioneve q\u00eb mund t\u00eb nis\u00eb opozita jasht\u00eb Kuvendit dhe n\u00eb sall\u00eb. Opozita n\u00eb seanc\u00eb pa 23 deputet\u00eb Mazhoranca p\u00ebrjashtoi dje\u2026","rel":"","context":"In &quot;Blogu i Udh\u00ebtarit&quot;","block_context":{"text":"Blogu i Udh\u00ebtarit","link":"https:\/\/www.shqiperia.com\/blog\/category\/blogu-i-udhetarit\/"},"img":{"alt_text":"","src":"https:\/\/i0.wp.com\/www.shqiperia.com\/blog\/wp-content\/uploads\/2024\/02\/basha-4.jpg?fit=749%2C349&ssl=1&resize=350%2C200","width":350,"height":200,"srcset":"https:\/\/i0.wp.com\/www.shqiperia.com\/blog\/wp-content\/uploads\/2024\/02\/basha-4.jpg?fit=749%2C349&ssl=1&resize=350%2C200 1x, https:\/\/i0.wp.com\/www.shqiperia.com\/blog\/wp-content\/uploads\/2024\/02\/basha-4.jpg?fit=749%2C349&ssl=1&resize=525%2C300 1.5x, https:\/\/i0.wp.com\/www.shqiperia.com\/blog\/wp-content\/uploads\/2024\/02\/basha-4.jpg?fit=749%2C349&ssl=1&resize=700%2C400 2x"},"classes":[]},{"id":18827,"url":"https:\/\/www.shqiperia.com\/blog\/perplasje-ne-proteste-tentohet-carja-e-kordonit-para-kuvendit-policia-thirrje-me-megafon\/","url_meta":{"origin":98356,"position":4},"title":"P\u00ebrplasje n\u00eb protest\u00eb, tentohet \u00e7arja e kordonit para Kuvendit. Policia, thirrje me megafon. &#8211;","author":"Kurt Farka","date":"March 28, 2019","format":false,"excerpt":"P\u00ebrplasje n\u00eb protest\u00eb, tentohet \u00e7arja e kordonit para Kuvendit. Policia, thirrje me megafon. - \u00a0\u00a028 mars 2019 UPDATE-\u00a0Mes fjalimeve e tensioneve, teksa hidhen tymuese e shashka drejt kordonit policor te vendosur para Kuvendit te Shqiperise,\u00a0Policia e Shtetit ka perseritur thirrjen per ruajtjen e qetesise. Ashtu si edhe ne protesten e\u2026","rel":"","context":"In &quot;Blogu i Udh\u00ebtarit&quot;","block_context":{"text":"Blogu i Udh\u00ebtarit","link":"https:\/\/www.shqiperia.com\/blog\/category\/blogu-i-udhetarit\/"},"img":{"alt_text":"","src":"https:\/\/i0.wp.com\/www.shqiperia.com\/blog\/wp-content\/uploads\/2019\/03\/protesta-kuvend-1024x682.jpg?fit=1024%2C566&ssl=1&resize=350%2C200","width":350,"height":200,"srcset":"https:\/\/i0.wp.com\/www.shqiperia.com\/blog\/wp-content\/uploads\/2019\/03\/protesta-kuvend-1024x682.jpg?fit=1024%2C566&ssl=1&resize=350%2C200 1x, https:\/\/i0.wp.com\/www.shqiperia.com\/blog\/wp-content\/uploads\/2019\/03\/protesta-kuvend-1024x682.jpg?fit=1024%2C566&ssl=1&resize=525%2C300 1.5x, https:\/\/i0.wp.com\/www.shqiperia.com\/blog\/wp-content\/uploads\/2019\/03\/protesta-kuvend-1024x682.jpg?fit=1024%2C566&ssl=1&resize=700%2C400 2x"},"classes":[]},{"id":97801,"url":"https:\/\/www.shqiperia.com\/blog\/nisma-e-ps-per-ndalimin-e-pezullimit-te-ministrave-reagon-ke-po-ndjekim-nga-afer-amendamentin-pavaresia-e-drejtesise-eshte-thelbesore-kuvendi-te-votoje-pa-vonesa-kerkesat-per-heqjen-e-imunitetit\/","url_meta":{"origin":98356,"position":5},"title":"Nisma e PS p\u00ebr ndalimin e pezullimit t\u00eb ministrave, reagon KE: &#8211; Po ndjekim nga af\u00ebr amendamentin! Pavar\u00ebsia e Drejt\u00ebsis\u00eb \u00ebsht\u00eb thelb\u00ebsore! Kuvendi t\u00eb votoj\u00eb pa vonesa k\u00ebrkesat p\u00ebr heqjen e imunitetit","author":"Kurt Farka","date":"February 17, 2026","format":false,"excerpt":"17 Shkurt 2026 Nisma e kryeministrit Edi Rama p\u00ebr ndryshimet ligjore q\u00eb lidhen me pezullimin e ministrave nga detyra, pas precedentit t\u00eb zv\/kryeministres Belinda Balluku, e pandehur nga SPAK dhe me mas\u00eb sigurimi nga GJKKO, duket se nuk \u00ebsht\u00eb pritur mir\u00eb nga Brukseli. Komisioni Europian ka reaguar lidhur me propozimet\u2026","rel":"","context":"In &quot;Blogu i Udh\u00ebtarit&quot;","block_context":{"text":"Blogu i Udh\u00ebtarit","link":"https:\/\/www.shqiperia.com\/blog\/category\/blogu-i-udhetarit\/"},"img":{"alt_text":"","src":"https:\/\/i0.wp.com\/www.shqiperia.com\/blog\/wp-content\/uploads\/2026\/02\/komisioni-evropian1.jpg?fit=692%2C387&ssl=1&resize=350%2C200","width":350,"height":200,"srcset":"https:\/\/i0.wp.com\/www.shqiperia.com\/blog\/wp-content\/uploads\/2026\/02\/komisioni-evropian1.jpg?fit=692%2C387&ssl=1&resize=350%2C200 1x, https:\/\/i0.wp.com\/www.shqiperia.com\/blog\/wp-content\/uploads\/2026\/02\/komisioni-evropian1.jpg?fit=692%2C387&ssl=1&resize=525%2C300 1.5x"},"classes":[]}],"_links":{"self":[{"href":"https:\/\/www.shqiperia.com\/blog\/wp-json\/wp\/v2\/posts\/98356","targetHints":{"allow":["GET"]}}],"collection":[{"href":"https:\/\/www.shqiperia.com\/blog\/wp-json\/wp\/v2\/posts"}],"about":[{"href":"https:\/\/www.shqiperia.com\/blog\/wp-json\/wp\/v2\/types\/post"}],"author":[{"embeddable":true,"href":"https:\/\/www.shqiperia.com\/blog\/wp-json\/wp\/v2\/users\/9"}],"replies":[{"embeddable":true,"href":"https:\/\/www.shqiperia.com\/blog\/wp-json\/wp\/v2\/comments?post=98356"}],"version-history":[{"count":1,"href":"https:\/\/www.shqiperia.com\/blog\/wp-json\/wp\/v2\/posts\/98356\/revisions"}],"predecessor-version":[{"id":98358,"href":"https:\/\/www.shqiperia.com\/blog\/wp-json\/wp\/v2\/posts\/98356\/revisions\/98358"}],"wp:featuredmedia":[{"embeddable":true,"href":"https:\/\/www.shqiperia.com\/blog\/wp-json\/wp\/v2\/media\/98357"}],"wp:attachment":[{"href":"https:\/\/www.shqiperia.com\/blog\/wp-json\/wp\/v2\/media?parent=98356"}],"wp:term":[{"taxonomy":"category","embeddable":true,"href":"https:\/\/www.shqiperia.com\/blog\/wp-json\/wp\/v2\/categories?post=98356"},{"taxonomy":"post_tag","embeddable":true,"href":"https:\/\/www.shqiperia.com\/blog\/wp-json\/wp\/v2\/tags?post=98356"}],"curies":[{"name":"wp","href":"https:\/\/api.w.org\/{rel}","templated":true}]}}