{"id":98353,"date":"2026-03-12T00:26:47","date_gmt":"2026-03-12T00:26:47","guid":{"rendered":"https:\/\/www.shqiperia.com\/blog\/?p=98353"},"modified":"2026-03-12T00:26:47","modified_gmt":"2026-03-12T00:26:47","slug":"toka-apartamente-makina-dyqane-si-majlinda-bufi-justifikon-mln-euro-pasuri-me-emigracionin-imagjinar","status":"publish","type":"post","link":"https:\/\/www.shqiperia.com\/blog\/toka-apartamente-makina-dyqane-si-majlinda-bufi-justifikon-mln-euro-pasuri-me-emigracionin-imagjinar\/","title":{"rendered":"Toka, apartamente, makina, dyqane\/ Si Majlinda Bufi \u2018justifikon\u2019 mln euro pasuri me \u2018emigracionin\u2019 imagjinar"},"content":{"rendered":"<div id=\"attachment_98354\" style=\"width: 582px\" class=\"wp-caption alignnone\"><img data-recalc-dims=\"1\" loading=\"lazy\" decoding=\"async\" aria-describedby=\"caption-attachment-98354\" data-attachment-id=\"98354\" data-permalink=\"https:\/\/www.shqiperia.com\/blog\/toka-apartamente-makina-dyqane-si-majlinda-bufi-justifikon-mln-euro-pasuri-me-emigracionin-imagjinar\/majlinda-bufi\/\" data-orig-file=\"https:\/\/i0.wp.com\/www.shqiperia.com\/blog\/wp-content\/uploads\/2026\/03\/Majlinda-Bufi.jpg?fit=1500%2C1000&amp;ssl=1\" data-orig-size=\"1500,1000\" data-comments-opened=\"1\" data-image-meta=\"{&quot;aperture&quot;:&quot;0&quot;,&quot;credit&quot;:&quot;&quot;,&quot;camera&quot;:&quot;&quot;,&quot;caption&quot;:&quot;&quot;,&quot;created_timestamp&quot;:&quot;0&quot;,&quot;copyright&quot;:&quot;&quot;,&quot;focal_length&quot;:&quot;0&quot;,&quot;iso&quot;:&quot;0&quot;,&quot;shutter_speed&quot;:&quot;0&quot;,&quot;title&quot;:&quot;&quot;,&quot;orientation&quot;:&quot;0&quot;}\" data-image-title=\"Majlinda Bufi\" data-image-description=\"\" data-image-caption=\"&lt;p&gt;Majlinda Bufi&lt;\/p&gt;\n\" data-medium-file=\"https:\/\/i0.wp.com\/www.shqiperia.com\/blog\/wp-content\/uploads\/2026\/03\/Majlinda-Bufi.jpg?fit=300%2C200&amp;ssl=1\" data-large-file=\"https:\/\/i0.wp.com\/www.shqiperia.com\/blog\/wp-content\/uploads\/2026\/03\/Majlinda-Bufi.jpg?fit=1024%2C683&amp;ssl=1\" class=\" wp-image-98354\" alt=\"\" src=\"https:\/\/i0.wp.com\/www.shqiperia.com\/blog\/wp-content\/uploads\/2026\/03\/Majlinda-Bufi.jpg?resize=572%2C381&#038;ssl=1\" width=\"572\" height=\"381\" srcset=\"https:\/\/i0.wp.com\/www.shqiperia.com\/blog\/wp-content\/uploads\/2026\/03\/Majlinda-Bufi.jpg?resize=300%2C200&amp;ssl=1 300w, https:\/\/i0.wp.com\/www.shqiperia.com\/blog\/wp-content\/uploads\/2026\/03\/Majlinda-Bufi.jpg?resize=1024%2C683&amp;ssl=1 1024w, https:\/\/i0.wp.com\/www.shqiperia.com\/blog\/wp-content\/uploads\/2026\/03\/Majlinda-Bufi.jpg?resize=768%2C512&amp;ssl=1 768w, https:\/\/i0.wp.com\/www.shqiperia.com\/blog\/wp-content\/uploads\/2026\/03\/Majlinda-Bufi.jpg?resize=600%2C400&amp;ssl=1 600w, https:\/\/i0.wp.com\/www.shqiperia.com\/blog\/wp-content\/uploads\/2026\/03\/Majlinda-Bufi.jpg?resize=450%2C300&amp;ssl=1 450w, https:\/\/i0.wp.com\/www.shqiperia.com\/blog\/wp-content\/uploads\/2026\/03\/Majlinda-Bufi.jpg?resize=1300%2C867&amp;ssl=1 1300w, https:\/\/i0.wp.com\/www.shqiperia.com\/blog\/wp-content\/uploads\/2026\/03\/Majlinda-Bufi.jpg?resize=400%2C267&amp;ssl=1 400w, https:\/\/i0.wp.com\/www.shqiperia.com\/blog\/wp-content\/uploads\/2026\/03\/Majlinda-Bufi.jpg?w=1500&amp;ssl=1 1500w\" sizes=\"auto, (max-width: 572px) 100vw, 572px\" \/><p id=\"caption-attachment-98354\" class=\"wp-caption-text\">Majlinda Bufi<\/p><\/div>\n<p>12 Mars 2026<\/p>\n<p>Mjlinda Bufi, ish deputete, Kryetare Bashkie.<\/p>\n<p>E b\u00ebm\u00eb jo pa q\u00ebllim k\u00ebt\u00eb jet\u00ebshkrim p\u00ebr kryebashkiaken e Roskovecit Majlinda Bufi dhe familjar\u00ebt e saj. Pasi sot Majlinda Bufi disponon nj\u00eb pasuri miliona euro, ku rreth 2. 7 milion\u00eb deklarohen sit \u00eb ardhura nga emigracioni. Ajo deklaron se nuk ka qen\u00eb asnj\u00ebher\u00eb emigrante, nd\u00ebrsa bashk\u00ebshorti I saj prej 26 vitesh po ashtu rezulton me aktivitet t\u00eb p\u00ebrditsh\u00ebm n\u00eb Shqip\u00ebri, por \u00e7udit\u00ebrisht pjesa m\u00eb e madhe e pasuris\u00eb, s\u00eb saj justifikohet sit \u00eb ardhura nga emigracioni. Pasurimi nga emigracioni, nd\u00ebrkoh\u00eb q\u00eb sh\u00ebrbente si zyrtare shteti e kryebashkiake, p\u00ebrkthehet n\u00eb prona, apartamente, garazhe, troje, apo toka ar\u00eb, e jan\u00eb regjistruar si t\u00eb tilla vitet e fundit.<\/p>\n<p>N\u00eb vitin 2013, Majlinda Bufi b\u00ebhet subjekt i ligjit p\u00ebr deklarimin e Pasuris\u00eb, p\u00ebr shkak se zgjidhet deputete e Kuvendit t\u00eb Shqip\u00ebris\u00eb. Emisioni Plug, do t`ju paraqes\u00eb nj\u00eb sked\u00eb t\u00eb plot\u00eb t\u00eb pasuris\u00eb s\u00eb Kryebashkiakes s\u00eb Roskovecit, duke treguar edhe dyshimet e arsyeshme se nj\u00eb pjes\u00eb e konsiderueshme e k\u00ebtyre pasurive, kan\u00eb burime t\u00eb pajustifikuara.<\/p>\n<p>N\u00eb deklarat\u00ebn fillestare t\u00eb vitit 2013, Majlinda Bufi tregon se \u00ebsht\u00eb pronare e nj\u00eb apartamenti me sip\u00ebrfaqe banimi 320 m2, me vendodhje n\u00eb Roksovec, i nd\u00ebrtuar n\u00eb vitin 2006. Sipas deklarimit, vlera e apartamentit \u00ebsht\u00eb 9 milion lek\u00eb t\u00eb rinj, apo rreth 90 mij\u00eb euro. Por, Majlinda Bufi nuk deklaron n\u00ebse \u00ebsht\u00eb pronare e 100% t\u00eb apartamentit, apo \u00ebsht\u00eb bashk\u00ebpron\u00ebsi.<\/p>\n<p>Gjithashtu ajo deklaron pron\u00ebsin t\u00eb nj\u00eb lokali me sip\u00ebrfaqe 640 m2, po n\u00eb Roskovec, i nd\u00ebrtuar n\u00eb vitin 2007. Vlera e nd\u00ebrtimit deklarohet n\u00eb rreth 18 milion lek\u00eb, apo rreth 180 mij\u00eb euro. Edhe p\u00ebr k\u00ebt\u00eb pron\u00eb, kryebashkiakja e Roskovecit nuk deklaron n\u00ebse \u00ebsht\u00eb pronare 100% t\u00eb sip\u00ebrfaqes s\u00eb pron\u00ebs, apo ka bashk\u00ebpron\u00ebsi me familjar\u00ebt. P\u00ebr k\u00ebto dy prona, q\u00eb jan\u00eb nd\u00ebrtuar me leje nd\u00ebrtimit t\u00eb marr\u00eb n\u00eb vitin 2005, Majlinda Bufi deklaron t\u00eb ardhura nga emigrimi.<\/p>\n<p>Ajo deklaron gjithashtu se \u00ebsht\u00eb pronare e nj\u00eb toke ar\u00eb me sip\u00ebrfaqe 3120 m2, bler\u00eb n\u00eb vitin 2007, n\u00eb vler\u00ebn e 75 mij\u00eb eurove. Edhe kjo pron\u00eb, deklarohet me t\u00eb ardhura nga emigracioni, nd\u00ebrsa nuk deklaron n\u00ebse \u00ebsht\u00eb zot\u00ebruese e 100% t\u00eb sip\u00ebrfaqes s\u00eb pron\u00ebs apo ka bashk\u00ebpron\u00ebsi. Gjithashtu, Majlinda Bufi deklaron edhe pron\u00ebsin\u00eb mbi nj\u00eb sip\u00ebrfaqe toke ar\u00eb prej 1665 m2, bler\u00eb n\u00eb vitin 2004, p\u00ebr 7 mij\u00eb euro me t\u00eb ardhura nga emigracioni. Edhe p\u00ebr k\u00ebt\u00eb pron\u00eb, nuk deklarohet sa \u00ebsht\u00eb pjesa takuese.<\/p>\n<p>Me t\u00eb ardhura nga emigracioni ajo deklaron edhe nj\u00eb tjet\u00ebr tok\u00eb ar\u00eb me sip\u00ebrfaqe prej 1850 m2, bler\u00eb po n\u00eb vitin 2004, p\u00ebr vler\u00ebn e rreth 8 mij\u00eb eurove. As n\u00eb k\u00ebt\u00eb pron\u00eb nuk deklarohet pjesa takuese. Gjithashtu, Majlinda Bufi deklaron pron\u00ebsin\u00eb p\u00ebr nj\u00eb truall 213 m2, bler\u00eb n\u00eb vitin 2000 p\u00ebr 1 mij\u00eb euro dhe blerjen e nj\u00eb dyqani n\u00eb vitin 2012, me sip\u00ebrfaqe 42.5 m2, bler\u00eb p\u00ebr 55 mij\u00eb euro. Edhe burimi i k\u00ebtyre t\u00eb ardhurave \u00ebsht\u00eb emigracioni, nd\u00ebrsa nuk deklaron pjes\u00ebn takuese.<\/p>\n<p>Nd\u00ebrsa bashk\u00ebshorti i saj, Arben Bufi, deklaron se \u00ebsht\u00eb pronar i objektit \u201cOficin\u00eb e re\u201d + kabin\u00eb elektrike, me sip\u00ebrfaqe 600 m2, bler\u00eb p\u00ebr 40 mij\u00eb euro objekti dhe 20 mij\u00eb euro trualli, i bler\u00eb n\u00eb vitin 1996, me t\u00eb ardhura nga emigracioni. Ai deklaron edhe pron\u00ebsin mbi truallin e oficin\u00ebs prej 1500 m2, bler\u00eb n\u00eb vitin 1997, p\u00ebr 4800 euro, gjithashtu me t\u00eb ardhura nga emigracioni. As Arben Bufi nuk deklaron n\u00ebse \u00ebsht\u00eb pronar\u00eb i 100% t\u00eb sip\u00ebrfaqes n\u00eb k\u00ebto prona apo ka bashk\u00ebpron\u00ebsi.<\/p>\n<p>N\u00eb vitin 2013, Arben Bufi deklaron pron\u00ebsin\u00eb e plot\u00eb mbi aksionet e kompanis\u00eb ANBI shpk n\u00eb vler\u00ebn 318 mij\u00eb euro. Bashk\u00ebshorti i kryebashkiakes s\u00eb Roskovecit, deklaron se n\u00eb vitin 2012, ka b\u00ebr\u00eb prenotimin e nj\u00eb dyqani kati p\u00ebrdhe + garazhe Nr. 7 dhe Nr. 8 me sip\u00ebrfaqe 60 m2, n\u00eb kompanin\u00eb Arditi 06 shpk, duke paguar 100 mij\u00eb euro. Ai ka b\u00ebr\u00eb gjithahtu porosi p\u00ebr nj\u00eb zyr\u00eb me sip\u00ebrfaqe 82.3 m2 dhe apartament 164.45 m2, po me kompanin\u00eb Arditi Shpk, duke kryer dhe dy pagesa, parkat\u00ebsisht 75 dhe 55 mij\u00eb euro secila. Edhe p\u00ebr k\u00ebto prona, ai deklaron burimin e t\u00eb ardhurave, Emigracionin. N\u00eb vitin 2011, deklaron se ka dh\u00ebn\u00eb nj\u00eb hua prej 21 mij\u00eb eurosh ndaj nj\u00eb individi, nga t\u00eb ardhrua nga emigracioni. Nd\u00ebrsa n\u00eb vitin 2012, deklaron se ka b\u00ebr\u00eb nj\u00eb tjet\u00ebr porosi p\u00ebr apartament n\u00eb TIran\u00eb pran\u00eb shoq\u00ebris\u00eb Luarasi 05, me sip\u00ebrfaqe 146 m2, ku pagesa \u00ebsht\u00eb realizuar n\u00eb vler\u00ebn e 116 800 eurove.\u00a0 Edhe p\u00ebr k\u00ebt\u00eb pron\u00eb, t\u00eb ardhurat deklarohen nga emigracioni.<\/p>\n<p>N\u00eb vitin 2011 deklaron gjithashtu se ka b\u00ebr\u00eb porosi p\u00ebr nd\u00ebrtimin e katit t\u00eb dyt\u00eb t\u00eb lokalit me sip\u00ebrfaqe 311 m2, me shoq\u00ebrin\u00eb Arditi 06. P\u00ebr k\u00ebt\u00eb deklaron se ka tre mandate ark\u00ebtimi secili nga 100 mij\u00eb euro, nd\u00ebrsa n\u00eb total jan\u00eb 300 mij\u00eb euro. Edhe p\u00ebr k\u00ebt\u00eb porosi, Arben Bufi deklaron t\u00eb ardhura nga emigracioni dhe aktiviteti. Nd\u00ebrsa n\u00eb deklarat\u00ebn fillestare deklaron edhe 200 mij\u00eb euro cash, nga legalezimi i kapitalit,nd\u00ebrsa nuk deklaron periudh\u00ebn p\u00ebr t\u00eb cil\u00ebn b\u00ebhet fjal\u00eb.<\/p>\n<p>N\u00eb total, vet\u00ebm Majlinda Bufi, deklaron prona n\u00eb em\u00ebr t\u00eb saj n\u00eb vler\u00ebn e 415 mij\u00eb eurove me t\u00eb ardhura nga emigracioni, nd\u00ebrsa bashk\u00ebshorti, Arben Bufi deklaron prona n\u00eb vler\u00ebn e 912 mij\u00eb eurove, edhe k\u00ebto si pasoj\u00eb e t\u00eb ardhurave nga emigracioni apo legalizimi i kapitalit. Nd\u00ebrsa n\u00eb total, deri n\u00eb vitin 2013, Majlinda dhe Arben Bufi deklarojn\u00eb m\u00eb shum\u00eb se 1.3 milion\u00eb euro pasuri t\u00eb blera me t\u00eb ardhura nga emigracioni.<\/p>\n<p>N\u00eb vitin 2013, Majlinda Bufi deklaron se ka bler\u00eb nj\u00eb magazin\u00eb me sip\u00ebrfaqe 64 m2, n\u00eb vler\u00ebn e 2,056,320 lek apo rreth 20 mij\u00eb euro, nd\u00ebrsa burimi i t\u00eb ardhurave deklarohet emigracioni. Teksa nuk deklaron sip\u00ebrfaqen takuese mbi k\u00ebt\u00eb magazin\u00eb, deklarata e pasuris\u00eb e shtetasit Arben Bufi nxjerr nj\u00eb t\u00eb dh\u00ebn\u00eb interseante. Sipas Arben Bufit, n\u00eb vitin 2013, ka pak\u00ebsuar gjendjen cash n\u00eb shum\u00ebn e rreth 147 mij\u00eb eurove, ku 20 mij\u00eb euro jan\u00eb p\u00ebrdorur p\u00ebr blerjen e magazin\u00ebs, nd\u00ebrsa 90 mij\u00eb euro jan\u00eb pagauar p\u00ebr blerjen e nj\u00eb apartamenti me sip\u00ebrfaqe 311.3 m2, p\u00ebr t\u00eb cilin kishte deklaruar m\u00eb her\u00ebt se kishte paguar 300 mij\u00eb euro nd\u00ebrsa pas pages\u00ebs prej 90 mij\u00eb eurosh i mbeten p\u00ebr tu shlyer dhe 45 mij\u00eb euro. N\u00eb total vlera e investimeve n\u00eb pasuri t\u00eb paluajtshme n\u00eb vitin 2013 shkon n\u00eb rreth 130 mij\u00eb euro.<\/p>\n<p>N\u00eb vitin 2014, Majlinda Bufi deklaron se ka shembur magazin\u00ebn 64 m2, t\u00eb bler\u00eb n\u00eb vitin 2013, pasi n\u00eb t\u00eb \u00ebsht\u00eb nd\u00ebrtuar nj\u00eb objekt 3 kate mbi tok dhe 1 kat n\u00ebn tok\u00eb me sip\u00ebrfaqe totale 574 m2. Nd\u00ebrsa Arben Bufi deklaron se ka bler\u00eb nj\u00eb truall prej 257 m2, p\u00ebr 1300 euro.\u00a0 Gjithashtu ai deklaron se ka porositur nj\u00eb apartamnet me sip\u00ebrfaqe 87 m2, p\u00ebr 25 mij\u00eb euro, me t\u00eb ardhura nga shitja e aksioneve t\u00eb kompanis\u00eb dhe nj\u00eb nj\u00ebsi prej 30 m2 me vler\u00eb rreth 10 mij\u00eb euro, gjithashtu me t\u00eb ardhura nga shitja e aksioneve t\u00eb kompanis\u00eb. N\u00eb vitin 2014 nis dhe nd\u00ebrtimin e p\u00ebrmendur m\u00eb sip\u00ebr, me sip\u00ebrfae 574 m2, me 3 kate mbi tok\u00eb dhe 1 kat n\u00ebn tok\u00eb, nd\u00ebrsa vler\u00ebn e investimit e deklaron 70 mij\u00eb euro. N\u00eb total, Arben Bufi, p\u00ebr vitin 2014 deklaron tre investime n\u00eb pasuri t\u00eb paluajtshme n\u00eb vler\u00ebn e 105 mij\u00eb eurove, nd\u00ebrsa burim kryesor i t\u00eb ardhurave \u00ebsht\u00eb ajo e shtijes s\u00eb aksioneve t\u00eb kompanis\u00eb ANBI shpk.<\/p>\n<p>N\u00eb vitin 2015, \u00e7ifti Majlinda dhe Arben Bufi nuk deklarojn\u00eb blerje apo shitje t\u00eb reja pronash. N\u00eb vitin 2016 ka disa detaje intersante. Arben Bufi deklaron revokimin e disa kontratave porosie p\u00ebr blerje pronash, me vler\u00eb disa qindra mij\u00ebra euro. b\u00ebhet fjal\u00eb p\u00ebr nj\u00eb kontrat\u00eb me vler\u00eb 136 mij\u00eb euro, e cila revokohet. K\u00ebto para, Araben Bufi i p\u00ebrdor p\u00ebr t\u00eb bler\u00eb nj\u00eb truall me sip\u00ebrfaqe 125 m2 dhe 7 apartamente, ku vlera totale e tyre shkon n\u00eb 170 mij\u00eb euro. N\u00eb 7 apartamentet q\u00eb blen. K\u00ebto prona ndodhen t\u00eb gjitha n\u00eb qytetin e Fierit, nd\u00ebrsa pron\u00ebsia \u00ebsht\u00eb e p\u00ebrbashk\u00ebt me bashk\u00ebshorten Majlinda Bufi. Ai deklaron gjithashtu kryerjen e nj\u00eb pagese prej 70 mij\u00eb eurosh shtes\u00eb p\u00ebr nd\u00ebrtimin e nj\u00eb objekti kat\u00ebr kat\u00ebsh, t\u00eb cilin gjithashtu e ka n\u00eb pron\u00ebsi me bashk\u00ebshorten. N\u00eb total n\u00eb vitin 2016, investimet n\u00eb pasuri t\u00eb paluajtshme shkojn\u00eb n\u00eb rreth 245 mij\u00eb euro, para me burim revokimet e kontratave t\u00eb m\u00ebparshme. Arben Bufi deklaron se ka edhe nj\u00eb revokim tjet\u00ebr kontrate, n\u00eb shum\u00ebn e 396 mij\u00eb eurosh, p\u00ebr prosin\u00eb e nj\u00eb lokali n\u00eb Fier. Nuk dihet pse ka hequr dor\u00eb nga kjo pron\u00eb Arben Bufi.<\/p>\n<p>Nd\u00ebrsa n\u00eb vitin 2017 Arben Bufi deklaron vet\u00ebm pages\u00ebn e reth 40 mij\u00eb eurove p\u00ebr nd\u00ebrtimin e objektit 574 m2 n\u00eb Roskovec.<\/p>\n<p>N\u00eb vitin 2018, Majlinda Bufi b\u00ebn rideklarim t\u00eb vler\u00ebs s\u00eb disa pronave, t\u00eb deklaruara n\u00eb deklarat\u00ebn fillestare. Toka ar\u00eb me sip\u00ebrfaqe 1665 m2, e deklaruar n\u00eb vitin 2013 se ishte bler\u00eb p\u00ebr 7 mij\u00eb euro, n\u00eb vitin 2018 deklarohet se \u00ebsht\u00eb bler\u00eb p\u00ebr 2 mij\u00eb euro, nd\u00ebrsa justifikimi \u00ebsht\u00eb se nuk ka pasur kontrat\u00eb n\u00eb momentin e shitblerjes.<\/p>\n<p>Toka ar\u00eb me sip\u00ebrfaqe 1850 m2 e deklaruar se ishte bler\u00eb p\u00ebr rreth 8 mij\u00eb euro, n\u00eb vitin 2018 rideklarohet e bler\u00eb p\u00ebr vet\u00ebm 2 mij\u00eb euro, edhe kjo me t\u00eb nj\u00ebjtin pretendim, munges\u00ebn e kontrat\u00ebs n\u00eb momentin e shitblerjes.<\/p>\n<p>Edhe p\u00ebr sip\u00ebrfaqen prej 3120 m2, Majlinda Bufi rideklaron edhe \u00e7mimin e blerjes, q\u00eb sipas saj nuk ka qen\u00eb 75 mij\u00eb euro, por vlera e shitblerjes n\u00eb 2018 deklarohet p\u00ebr vet\u00ebm 40 mij\u00eb euro, apo 35 mij\u00eb euro m\u00eb pak nga deklarata fillestare. Edhe p\u00ebr k\u00ebt\u00eb pron\u00eb, Malinda Mufi deklaron se nuk e dinte \u00e7mimin n\u00eb momentin q\u00eb pagoi 75 mij\u00eb euro, ndaj pasi mori kontrat\u00ebn 10 vjet pasi e kishte bler\u00eb, kryebashkiakja e Roskovecit kupton se kishte paguar edhe 35 mij\u00eb euro m\u00eb shum\u00eb. K\u00ebto jan\u00eb transaksione t\u00eb \u00e7uditshme t\u00eb cilat ngren\u00eb dyshime, pasi Majlinda Bufi nuk deklaron n\u00ebse parat\u00eb q\u00eb ka paguar p\u00ebr blerjne \u00a0k\u00ebtyre pronave dhe q\u00eb n\u00eb thelb jan\u00eb n\u00eb total rreth 46 mij\u00eb euro, t\u00eb jen\u00eb kthyer nga personat t\u00eb cil\u00ebve u bleu pronat apo jo.<\/p>\n<p>E nj\u00ebjta gj\u00eb ndodh edhe me nj\u00eb tjet\u00ebr pron\u00eb, \u201cOficin\u00ebn e re dhe kabin\u00ebn, e bler\u00eb n\u00eb vitin 1996, por e deklaruar n\u00eb pron\u00ebsi t\u00eb bashk\u00ebshorti t\u00eb saj, Arben Bufi. N\u00eb vitin 2018, Majlinda Bufi e deklaron n\u00eb dekalrat\u00ebn e saj personale, ku shprehet se \u00e7mimi i Ofi\u00e7in\u00ebs ka pasur vler\u00ebn e 42 mij\u00eb eurove dhe jot \u00eb 60 mij\u00eb eurove. Pra edhe kjo pron\u00eb, pasi Majlinda dhe Arben Bufi kan\u00eb marr\u00eb n\u00eb dor\u00eb kontrat\u00ebn e shitblerjes, 20 vjet pasi e kan\u00eb paguar parat\u00eb, kan\u00eb kuptuar se shit\u00ebsi ua ka futur me \u00e7mimin, duke marr\u00eb plot 18 mij\u00eb euro m\u00eb shum\u00eb. Por as p\u00ebr k\u00ebt\u00eb pron\u00eb Majlinda dhe Arben Bufi, nuk deklarojn\u00eb n\u00ebse 18 mij\u00eb euro jan\u00eb kthyer mbrapsht. N\u00eb total, Majlinda Bufi deklaron se ka paguar 64 mij\u00eb euro m\u00eb shum\u00eb p\u00ebr prona t\u00eb cilat ishin bler\u00eb deri n\u00eb 20 vjet m\u00eb par\u00eb. Por k\u00ebto 64 mij\u00eb euro nuk deklarohen q\u00eb jan\u00eb rikthyer n\u00eb llogarit\u00eb e Majlinda Bufit. Nd\u00ebrsa bashk\u00ebshorti i Majlinda Bufit, Arbeni, nuk deklaron q\u00eb gjat\u00eb vitit 2018 t\u00eb ket\u00eb kryer investime n\u00eb pasuri t\u00eb paluajtshme.<\/p>\n<p>Edhe n\u00eb vitin 2019, Majlinda dhe Arben Bufi nuk deklarojn\u00eb se kan\u00eb kryer investime n\u00eb prona dhe pasuri t\u00eb paluajtshme.<\/p>\n<p>N\u00eb vitin 2020, nuk ka ndryshime n\u00eb pasurit\u00eb e paluajtshme t\u00eb familjes Bufi. Nd\u00ebrkoh\u00eb n\u00eb vitin 2021, kur Shqip\u00ebria ishte n\u00eb periudh\u00eb pamdenie dhe e izoluar, kryebashkiakja e Roskovecit sh\u00ebnon nj\u00eb hop cil\u00ebson n\u00eb pasurit\u00eb e saj.<\/p>\n<p>Justifikimi me t\u00eb ardhura nga emigracioni, pa qen\u00eb asnj\u00eb dit\u00eb, Majlinda Bufi e deklaron deri n\u00eb vitet e fundit. N\u00eb vitin 2021 deklaron se \u00ebsht\u00eb b\u00ebr\u00eb pronare e nj\u00eb trualli me sip\u00ebrfaqe totale 125 m2, me vler\u00eb 50 mij\u00eb euro, ku ajo zot\u00ebron gjysm\u00ebn e k\u00ebsaj sip\u00ebrfaqe. Por, kjo pron\u00eb \u00ebsht\u00eb bler\u00eb n\u00eb qershor t\u00eb vitit 2016 nga bashk\u00ebshorti i saj Arben Bufi, nd\u00ebrsa burimi i t\u00eb ardhurave n\u00eb at\u00eb periudh\u00eb deklarohej revokimi kontrat\u00ebs, nd\u00ebrsa n\u00eb vitin 2021, Majlinda Bufi deklaron se \u00ebsht\u00eb bler\u00eb me t\u00eb ardhura nga emigracioni.<\/p>\n<p>Gjithashtu Majlinda Bufi deklaron pron\u00ebsin\u00eb me 50 p\u00ebrqind t\u00eb sip\u00ebrfaqes s\u00eb nj\u00eb apartamenti me sip\u00ebrfaqe totale 100 m2, i bler\u00eb edhe ky n\u00eb qershor t\u00eb vitit 2016 p\u00ebr vler\u00ebn 80 mij\u00eb eurove. Por te deklarat e vitit 2016, nuk ka asnj\u00eb apartament t\u00eb deklaruar me sip\u00ebrfaqe 100 m2, dhe i bler\u00eb p\u00ebr 80 mij\u00eb euro. Ndaj mbetet p\u00ebr tu sqaruar se si \u00ebsht\u00eb bler\u00eb kjo pron\u00eb.\u00a0 Majlinda Bufi deklaron gjithashtu pron\u00ebsin\u00eb e 50% t\u00eb sip\u00ebrfaqes s\u00eb nj\u00eb tjet\u00ebr prone, lloji nuk deklarohet, nd\u00ebrsa sip\u00ebrfaqja totale \u00ebsht\u00eb 257 m2. Kjo pron\u00eb deklarohet se \u00ebsht\u00eb bler\u00eb me kontrat\u00eb shitblerje n\u00eb vitin 2014 p\u00ebr vler\u00ebn e 20 mij\u00eb eurove, nd\u00ebrsa burimi i t\u00eb ardhurave sh\u00ebnohet me \u201ctjet\u00ebr\u201d. Majlinda Bufi deklaron gjithashtu blerjen e nj\u00eb apartamenti me sip\u00ebrfaqe 60 m2, ku ajo zot\u00ebron gjysm\u00ebn e pron\u00ebs. Edhe ky apartament \u00ebsht\u00eb deklaruar se \u00ebsht\u00eb bler\u00eb n\u00eb vitin 2016, p\u00ebr shum\u00ebn e 45 mij\u00eb eurove, me t\u00eb ardhura nga emigracioni. Por edhe n\u00eb k\u00ebt\u00eb rast, n\u00eb dekalrat\u00ebn e vitit 2016 nuk deklarohet as nga Znj. Bufi dhe as nga bashk\u00ebshorti i saj, t\u00eb jet\u00eb bler\u00eb nj\u00eb apartament me sip\u00ebrfaqe 60 m2, dhe me vler\u00eb 45 mij\u00eb euro. Pra n\u00eb total, p\u00ebr pronat e blera nga Majlinda Bufi n\u00eb vitin 2016, por q\u00eb \u00e7udit\u00ebrisht deklarohen kat\u00ebr vite m\u00eb pas, jan\u00eb paguar vet\u00ebm p\u00ebr pjes\u00ebn e saj takuese, rreth 162 mij\u00eb euro.<\/p>\n<p>Bashk\u00ebshorti i Majlind\u00ebs, Arben Bufi deklaron se ka marr\u00eb n\u00eb pron\u00ebsi dy garazhe, me sip\u00ebrfaqe totale 20 m2, t\u00eb cil\u00ebt rezulton se i kishte porositur q\u00eb n\u00eb vitin 2013 dhe pagesat ishin me t\u00eb ardhura nga emigracioni.<\/p>\n<p>Arben bufi deklaron gjithashtu nj\u00eb pasuri me sip\u00ebrfaqe 225 m2, t\u00eb bler\u00eb sipas tij n\u00eb vitin 1996, dhe p\u00ebr t\u00eb cil\u00ebn zot\u00ebron edhe nj\u00eb dokument t\u00eb vitit 2008. Kjo pron\u00eb \u00ebsht\u00eb bler\u00eb p\u00ebr rreth 1900 euro, gjithashtu me t\u00eb ardhura nga emigracioni. Gjithashtu Arben Bufi merr n\u00eb dor\u00ebzim edhe aparamentin me sip\u00ebfaqe 60 m2 edhe ky i porositur n\u00eb vitin 2013. Por ndryshe nga garazhet, p\u00ebr k\u00ebt\u00eb pron\u00eb ai deklaron se ka paguar edhe 102 mij\u00eb euro t\u00eb tjera, nd\u00ebrsa n\u00eb vitin 2013 deklaronte se kishte paguar 100 mij\u00eb euro. P\u00ebr pages\u00ebn e re ai deklaron gjithashtu se t\u00eb ardhurat jan\u00eb nga emigracioni.<\/p>\n<p>Arben Bufi deklaron gjiashtu se ka marr\u00eb n\u00eb zot\u00ebrim nj\u00eb Nj\u00ebsi me sip\u00ebrfaqe 82.3 m2, edhe kjo e porositur n\u00eb vitin 2013. P\u00ebr k\u00ebt\u00eb pron\u00eb, ndon\u00ebse deklaron se ka paguar q\u00eb n\u00eb vitin 2013 nj\u00eb shum\u00eb prej 75 mij\u00eb eurosh, deklaron se ka paguar p\u00ebrs\u00ebri edhe 65800 euro shtes\u00eb. Nj\u00eb tjet\u00ebr pron\u00eb, t\u00eb cil\u00ebn Arditi shpk ia dor\u00ebzon Arben Bufit n\u00eb vitin 2020, \u00ebsht\u00eb dhe apartamenti 164 m2, gjithashtu i porositur dhe paguar n\u00eb vitin 2013 p\u00ebr vler\u00ebn e 55 mij\u00eb eurove. Por n\u00eb vitin 2021 Arben Bufi deklaron se p\u00ebr k\u00ebt\u00eb pron\u00eb ka paguar dhe nj\u00eb shum\u00eb shtes\u00eb prej 65800 eurosh. Edhe p\u00ebr pagesat e reja, Arben Bufi deklaron se t\u00eb ardhurat jan\u00eb nga emigracioni.<\/p>\n<p>Arben Bufi deklaron gjityhashtu se ka bler\u00eb nj\u00eb nj\u00ebsi me sip\u00ebrfaqe 15 m2, n\u00eb vkler\u00ebn e 7 mij\u00eb eurove. Ai deklaron gjithashtu se \u00ebsht\u00eb pronar I nj\u00eb apartamenti t\u00eb bler\u00eb n\u00eb qershor 2021, p\u00ebr vler\u00ebn e 116 800 eurove, pjesa takuese 100%, nd\u00ebrsa sip\u00ebrfaqja e apartamentit \u00ebsht\u00eb 127 m2. Sipas deklarimit, edhe p\u00ebr blerjen e k\u00ebtij apartamenti n\u00eb vitin 2021, Arben Bufi deklaron t\u00eb ardhura nga emigracioni.<\/p>\n<p>Ai deklaron gjithashtu pron\u00ebsin\u00eb me 100 t\u00eb pjes\u00ebs takuese t\u00eb nj\u00eb apoartamenti me sip\u00ebrfaqe 87 m2, I bler\u00eb n\u00eb korrik 2014, nd\u00ebrsa vlera deklarohet p\u00ebr rreth 25 mij\u00ebeuro.<\/p>\n<p>Arben Bufi deklaron gjithashtu pron\u00ebsi mbi nj\u00eb nj\u00ebsi me sip\u00ebrfaqe 30 m2, me vler\u00eb 10 mij\u00eb euro. P\u00ebr dy pronat e fundit t\u00eb p\u00ebrmendura, ai nuk deklaron burimin e t\u00eb ardhurave.<\/p>\n<p>N\u00eb vitin 2021, Arben Bufi deklaron pron\u00ebsin\u00eb e nj\u00eb nj\u00ebsie me sip\u00ebrfaqe 42 m2, bler\u00eb n\u00eb vitin 2012, p\u00ebr vler\u00ebn e 55 mij\u00eb eurove. Edhe p\u00ebr k\u00ebt\u00eb pasuri deklarohen t\u00eb ardhura nga emigracioni.<\/p>\n<p>Nj\u00ebsi 23 m2, me vler\u00eb 20 mij\u00eb euro, e bler\u00eb n\u00eb vitin 2015, pa burim t\u00eb ardhurash. Tok\u00eb Ar\u00eb me sip\u00ebrfaqe 1850 m2, bler\u00eb n\u00eb vitin 2003, p\u00ebr 2000 euro, t\u00eb ardhura nga emigracioni.<\/p>\n<p>Edhe dy pronat e tjera, q\u00eb m\u00eb her\u00ebt I deklaronte Majlinda Bufi n\u00eb nj\u00eb rivler\u00ebsim t\u00eb pasuris\u00eb n\u00eb vitin 2018, I deklaron p\u00ebrs\u00ebri bashk\u00ebshorti I saj Arbeni n\u00eb vitin 2021, si pronar I vet\u00ebm. B\u00ebhet fjal\u00eb p\u00ebr nj\u00eb tok\u00eb ar\u00eb me sip\u00ebrfaqe 1665 m2 dhe nj\u00eb tjet\u00ebr sip\u00ebrfaqe prej 3 mij\u00eb m2, t\u00eb blear p\u00ebr shum\u00ebn totale t\u00eb 42 mij\u00eb eurosh me kursime nga emigracioni.<\/p>\n<p>N\u00eb vitin 2021 Arben Bufi deklaron nj\u00eb pron\u00eb me vler\u00eb 310 mij\u00eb euro, me sip\u00ebrfaqe 2109 m2, bler\u00eb n\u00eb vitin 1996 dhe 1997. Edhe kjo me kursime nga emigracioni nd\u00ebrsa kjo pron\u00eb rezulton t\u00eb jet\u00eb e deklaruar p\u00ebr her\u00eb t\u00eb par\u00eb n\u00eb formular\u00ebt e pasuris\u00eb n\u00eb ILDKPI.<\/p>\n<p>N\u00eb vitin 2023, Majlinda Bufi b\u00ebhet pronare e dy garazheve me sip\u00ebrfaqe totale 30 m2, ku ajo zot\u00ebron rreth 15 m2. P\u00ebr k\u00ebto pasuri ka paguar rreth 10 mij\u00eb euro, nd\u00ebrsa nuk deklaron burimin e t\u00eb ardhurave. Ajo b\u00ebhet gjithashtu pronare e 50% t\u00eb sip\u00ebrfaqes s\u00eb nj\u00eb apartamenti prej 88.27 m2, p\u00ebr t\u00eb cilin deklaron se jan\u00eb paguar 140 mij\u00eb euro. P\u00ebr blerjen e k\u00ebtij apartamenti deklaron nj\u00eb kredi n\u00eb t\u00eb nj\u00ebjt\u00ebn vler\u00eb.<\/p>\n<p>Arben Bufi deklaron se ka marr\u00eb n\u00eb zot\u00ebrim\u00a0 nj\u00eb apartament me sip\u00ebrfaqe 146 m2, ku \u00ebsht\u00eb 100% pronar I pron\u00ebs. vlera e apartamentit t\u00eb porositur n\u00eb vitin 2012 deklarohet p\u00ebr 116 800 euro.<\/p>\n<p>Ai deklaron gjithashtu se \u00ebsht\u00eb b\u00ebr\u00eb pronar edhe n\u00eb disa prona t\u00eb tjera, kryesisht apartamente ku\u00a0 zot\u00ebron gjysm\u00ebn e pronave, n\u00eb sip\u00ebrfaqe shum\u00eb t\u00eb vogla. Nd\u00ebrsa p\u00ebr blerjne\u00a0 ek\u00ebtyre pronave deklaron shpenzime n\u00eb shum\u00ebn totale t\u00eb rreth 25 mij\u00eb eurove. Deklaron edhe blerjen e 3450 m2 tok\u00eb ar\u00eb p\u00ebr 4 mij\u00eb euro,m edhe k\u00ebto t\u00eb ardhura nga emigracioni.<\/p>\n<p>Gjithashtu Arben Bufi deklaron se ka shitur disa pasuri t\u00eb paluajtshme, dy apartamente dhe dy toka.\u00a0 Vajza e tij deklaron rreth 15 mij\u00eb euro t\u00eb ardhura p\u00ebr vitin 2023, pa burim.<\/p>\n<p>Viti 2024 githashtu mund t\u00eb konsiderohet i suksessh\u00ebm p\u00ebr Majlinda Bufin dhe familjen e saj. ajjo deklaron rreth 160 mij\u00eb euro t\u00eb ardhura, ku pjesa kryesore \u00ebsht\u00eb blerja e nj\u00eb apartamenti 96 m2 p\u00ebr vler\u00ebn e 83 mij\u00eb eurove, me t\u00eb ardhrua nga EMIGRACIONI. Blerja e nj\u00eb pasurie t\u00eb paluajtshe 257 m2, p\u00ebr t\u00eb cil\u00ebn nuk deklaron as llojin e pron\u00ebs dhe as vler\u00ebn e saj. nd\u00ebrkoh\u00eb n\u00eb 2024 ka shitur dy apartamente 60 m2 dhe 36.6 m2 me vler\u00eb p\u00ebrkat\u00ebsisht 45 mij\u00eb euro dhe 29 mij\u00eb euro.<\/p>\n<p>Nd\u00ebrsa bashk\u00ebshorti i Majlinda Bufit, Arbeni, deklaron nj\u00eb xhiro prej 900 mij\u00eb eurosh n\u00eb vitin 2024. Ai deklaron se ka bler\u00eb mij\u00ebra metra katror\u00eb ar\u00eb, nj\u00ebsi dhe troje n\u00eb vler\u00eb disa qindra mij\u00ebra euro. gjithashtu deklaron se ka shitur nj\u00eb pron\u00eb me sip\u00ebrfaqe 2109 m2 p\u00ebr vler\u00ebn e 310 mij\u00eb eurove. Ka shitur nj\u00eb nj\u00ebsi p\u00ebr 95 mij\u00eb euro dhe nj\u00eb shtuar nj\u00eb pron\u00eb sip\u00ebrfaqe prej 225 m2, p\u00ebr t\u00eb cil\u00ebn nuk deklaron vler\u00ebn dhe llojin e pron\u00ebs. P\u00ebr blerjen e disa pronave, edhe n\u00eb vitin 2024, Arben Bufi dekalron gjithashtu si burim financimi t\u00eb ardhura nga emigracioni, nd\u00ebrsa \u00ebsht\u00eb e qart\u00eb tashm\u00eb se as ai dhe as bashk\u00ebshortja e tij, Majlinda, s\u00eb paku prej vitit 2000 nuk kan\u00eb qen\u00eb kurr\u00eb n\u00eb emigracion. Arben Bufi deklaron t\u00eb ardhura nga qirat\u00eb nga 18 prona, vlera e t\u00eb cil\u00ebva shkon n\u00eb rreth 44 mij\u00eb euro. Arben Bufi deklaron gjithashtu se ka dh\u00ebn\u00eb hua rreth 36 mij\u00eb euro, nd\u00ebrsa paga nga kompania MARIVA p\u00ebr vitin 2012 \u00ebsht\u00eb n\u00eb vler\u00ebn e 12 mij\u00eb eurove.<\/p>\n<p>K\u00ebto jan\u00eb vet\u00ebm pasurit\u00eb e paluajtshme t\u00eb \u00e7iftit Arben dhe Majlinda Bufi. N\u00eb vitin 2013 deklaronin rreth 1.3 milion\u00eb euro prona t\u00eb bler\u00eb me kursime nga emigracioni, por \u00e7udit\u00ebrisht edhe pas vitit 2013 e madje deri nj\u00eb vit m\u00eb par\u00eb, Majlinda Bufi dhe bashk\u00ebshorti I saj, deklarojn\u00eb blerjen pronash me para q\u00eb jan\u00eb gjeneruar n\u00eb emgirim. Vlera e k\u00ebtyre pronave t\u00eb marra s\u00eb bashku shkojn\u00eb n\u00eb rreth 2.7 milion\u00eb euro, nd\u00ebrsa pas vitit 2013, familja Bufi deklaron t\u00eb ardhura t\u00eb majme nga qirat\u00eb e pronave, t\u00eb cilat shkojn\u00eb deri n\u00eb rreth 211 mij\u00eb euro nga viti 2018 deri n\u00eb vitin 2024, pa llogaritur\u00a0 k\u00ebtu vitin 2022 p\u00ebr t\u00eb cilin nuk gjenden deklaratat e pasuris\u00eb. P\u00ebr dyshimet se k\u00ebto pasuri nuk justifikohen nga t\u00eb ardhura nga emigracioni, Plug I \u00ebsht\u00eb drejtuar ILDKPI me nj\u00eb k\u00ebrkes\u00eb p\u00ebr informacion, nd\u00ebrsa deri n\u00eb transmetimin e k\u00ebtij emisioni nuk \u00ebsht\u00eb kthyer nj\u00eb p\u00ebrgjigje.<\/p>\n","protected":false},"excerpt":{"rendered":"<p>12 Mars 2026 Mjlinda Bufi, ish deputete, Kryetare Bashkie. E b\u00ebm\u00eb jo pa q\u00ebllim k\u00ebt\u00eb jet\u00ebshkrim p\u00ebr kryebashkiaken e Roskovecit Majlinda Bufi dhe familjar\u00ebt e saj. Pasi sot Majlinda Bufi disponon nj\u00eb pasuri miliona euro, ku rreth 2. 7 milion\u00eb deklarohen sit \u00eb ardhura nga emigracioni. Ajo deklaron se nuk ka qen\u00eb asnj\u00ebher\u00eb emigrante, nd\u00ebrsa [&hellip;]<\/p>\n","protected":false},"author":9,"featured_media":98354,"comment_status":"open","ping_status":"open","sticky":false,"template":"","format":"standard","meta":{"jetpack_post_was_ever_published":false,"_jetpack_newsletter_access":"","_jetpack_dont_email_post_to_subs":false,"_jetpack_newsletter_tier_id":0,"_jetpack_memberships_contains_paywalled_content":false,"_jetpack_memberships_contains_paid_content":false,"footnotes":"","jetpack_publicize_message":"","jetpack_publicize_feature_enabled":true,"jetpack_social_post_already_shared":true,"jetpack_social_options":{"image_generator_settings":{"template":"highway","default_image_id":0,"font":"","enabled":false},"version":2}},"categories":[1,2,35],"tags":[],"class_list":["post-98353","post","type-post","status-publish","format-standard","has-post-thumbnail","hentry","category-njoftime-shtypi","category-politika","category-shoqerore"],"jetpack_publicize_connections":[],"jetpack_featured_media_url":"https:\/\/i0.wp.com\/www.shqiperia.com\/blog\/wp-content\/uploads\/2026\/03\/Majlinda-Bufi.jpg?fit=1500%2C1000&ssl=1","jetpack_sharing_enabled":true,"jetpack_shortlink":"https:\/\/wp.me\/p5Z6wp-pAl","jetpack-related-posts":[{"id":89572,"url":"https:\/\/www.shqiperia.com\/blog\/lejuan-ndertimin-e-tec-ne-shkelje-te-ligjit-gazment-bardhi-kallezon-ne-spak-belinda-ballukun-dhe-majlinda-bufin\/","url_meta":{"origin":98353,"position":0},"title":"\u201cLejuan nd\u00ebrtimin e TEC n\u00eb shkelje t\u00eb ligjit\u201d. Gazment Bardhi kall\u00ebzon n\u00eb SPAK Belinda Ballukun dhe Majlinda Bufin","author":"Kurt Farka","date":"February 16, 2025","format":false,"excerpt":"16 Shkurt 2025 Kreu i grupit parlamentar t\u00eb PD Gazment Bardhi n\u00eb nj\u00eb postim n\u00eb rrjetet sociale, njofton se ka depozituar n\u00eb SPAK nj\u00eb kall\u00ebzim ndaj kryetares s\u00eb Bashkis\u00eb s\u00eb Fierit, Majlinda Bufi, dhe zv\/kryeministres, nj\u00ebher\u00ebsh ministre e Energjis\u00eb dhe Infrastruktur\u00ebs, Belinda Balluku. Bardhi shkruan se t\u00eb dyja k\u00ebto lejuan\u2026","rel":"","context":"In &quot;Blogu i Udh\u00ebtarit&quot;","block_context":{"text":"Blogu i Udh\u00ebtarit","link":"https:\/\/www.shqiperia.com\/blog\/category\/blogu-i-udhetarit\/"},"img":{"alt_text":"","src":"https:\/\/i0.wp.com\/www.shqiperia.com\/blog\/wp-content\/uploads\/2025\/02\/Gazment-Bardhi-1.jpg?fit=640%2C355&ssl=1&resize=350%2C200","width":350,"height":200,"srcset":"https:\/\/i0.wp.com\/www.shqiperia.com\/blog\/wp-content\/uploads\/2025\/02\/Gazment-Bardhi-1.jpg?fit=640%2C355&ssl=1&resize=350%2C200 1x, https:\/\/i0.wp.com\/www.shqiperia.com\/blog\/wp-content\/uploads\/2025\/02\/Gazment-Bardhi-1.jpg?fit=640%2C355&ssl=1&resize=525%2C300 1.5x"},"classes":[]},{"id":454,"url":"https:\/\/www.shqiperia.com\/blog\/majlinda-kelmendi-shet-numrin-e-medaljes-se-arte-per-ilace-te-femijeve-kancer\/","url_meta":{"origin":98353,"position":1},"title":"Majlinda Kelmendi shet numrin e Medaljes s\u00eb Art\u00eb p\u00ebr ila\u00e7e t\u00eb f\u00ebmij\u00ebve me kancer.","author":"Kurt Farka","date":"January 4, 2018","format":false,"excerpt":"Majlinda Kelmendi \u00ebsht\u00eb pa dyshim nj\u00ebra nd\u00ebr ambasadoret m\u00eb t\u00eb mira t\u00eb Kosov\u00ebs. Sukseset e saj jan\u00eb t\u00eb panum\u00ebrta, e t\u00eb gjitha k\u00ebto suksese, ajo i ndan me popullin shqiptar, t\u00eb cilin tashm\u00eb ka arritur ta b\u00ebj\u00eb krenar an\u00eb e k\u00ebnd bot\u00ebs. S\u00eb fundmi, Kelmendi ka treguar nj\u00eb pjes\u00eb tjet\u00ebr\u2026","rel":"","context":"In &quot;Shoqerore&quot;","block_context":{"text":"Shoqerore","link":"https:\/\/www.shqiperia.com\/blog\/category\/shoqerore\/"},"img":{"alt_text":"","src":"https:\/\/i0.wp.com\/www.shqiperia.com\/blog\/wp-content\/uploads\/2018\/01\/majlinda-kelmendi-780x439.jpg?fit=780%2C439&ssl=1&resize=350%2C200","width":350,"height":200,"srcset":"https:\/\/i0.wp.com\/www.shqiperia.com\/blog\/wp-content\/uploads\/2018\/01\/majlinda-kelmendi-780x439.jpg?fit=780%2C439&ssl=1&resize=350%2C200 1x, https:\/\/i0.wp.com\/www.shqiperia.com\/blog\/wp-content\/uploads\/2018\/01\/majlinda-kelmendi-780x439.jpg?fit=780%2C439&ssl=1&resize=525%2C300 1.5x, https:\/\/i0.wp.com\/www.shqiperia.com\/blog\/wp-content\/uploads\/2018\/01\/majlinda-kelmendi-780x439.jpg?fit=780%2C439&ssl=1&resize=700%2C400 2x"},"classes":[]},{"id":97167,"url":"https:\/\/www.shqiperia.com\/blog\/varri-1400-vjecar-me-skulpture-gjigante-bufi-zbulohet-ne-meksike\/","url_meta":{"origin":98353,"position":2},"title":"Varri 1,400-vje\u00e7ar me skulptur\u00eb gjigante bufi, zbulohet n\u00eb Meksik\u00eb","author":"Kurt Farka","date":"January 30, 2026","format":false,"excerpt":"31 Janar 2026 Arkeolog\u00ebt kan\u00eb zbuluar nj\u00eb varr 1400-vje\u00e7ar t\u00eb fisit Zapotec n\u00eb jug t\u00eb Meksik\u00ebs, t\u00eb zbukuruar me gdhendje komplekse, i cili \u00ebsht\u00eb quajtur \"zbulimi m\u00eb i r\u00ebnd\u00ebsish\u00ebm arkeologjik i dekad\u00ebs s\u00eb fundit\". I vendosur n\u00eb San Pablo Huitzo, n\u00eb shtetin e Oaxacas, varri u nd\u00ebrtua nga kultura Zapotec\u2026","rel":"","context":"In &quot;Arte&quot;","block_context":{"text":"Arte","link":"https:\/\/www.shqiperia.com\/blog\/category\/arte\/"},"img":{"alt_text":"","src":"https:\/\/i0.wp.com\/www.shqiperia.com\/blog\/wp-content\/uploads\/2026\/01\/auto_51769759245.webp?fit=860%2C574&ssl=1&resize=350%2C200","width":350,"height":200,"srcset":"https:\/\/i0.wp.com\/www.shqiperia.com\/blog\/wp-content\/uploads\/2026\/01\/auto_51769759245.webp?fit=860%2C574&ssl=1&resize=350%2C200 1x, https:\/\/i0.wp.com\/www.shqiperia.com\/blog\/wp-content\/uploads\/2026\/01\/auto_51769759245.webp?fit=860%2C574&ssl=1&resize=525%2C300 1.5x, https:\/\/i0.wp.com\/www.shqiperia.com\/blog\/wp-content\/uploads\/2026\/01\/auto_51769759245.webp?fit=860%2C574&ssl=1&resize=700%2C400 2x"},"classes":[]},{"id":22246,"url":"https:\/\/www.shqiperia.com\/blog\/kandidatja-socialiste-jep-interviste-ne-kishe-mitropolia-e-shenjte-ben-kerkesen-urgjente-dhe-zbulon-prapaskenat-e-renda\/","url_meta":{"origin":98353,"position":3},"title":"Kandidatja socialiste jep intervist\u00eb n\u00eb kish\u00eb, Mitropolia e Shenjt\u00eb b\u00ebn k\u00ebrkes\u00ebn urgjente dhe zbulon prapaskenat e r\u00ebnda","author":"Kurt Farka","date":"June 24, 2019","format":false,"excerpt":"Kandidatja socialiste jep intervist\u00eb n\u00eb kish\u00eb, Mitropolia e Shenjt\u00eb b\u00ebn k\u00ebrkes\u00ebn urgjente dhe zbulon prapaskenat e r\u00ebnda. - 23\/06\/2019 Mitropolia e Shenjt\u00eb e Apollonis\u00eb dhe Fierit ka reaguar pas nj\u00eb interviste t\u00eb dh\u00ebn\u00eb n\u00eb ambientet e nj\u00eb kishe, nga Majlinda Bufi. \u201cDuke marr\u00eb shkas nga nj\u00eb emision i dh\u00ebn\u00eb n\u00eb\u2026","rel":"","context":"In &quot;Blogu i Udh\u00ebtarit&quot;","block_context":{"text":"Blogu i Udh\u00ebtarit","link":"https:\/\/www.shqiperia.com\/blog\/category\/blogu-i-udhetarit\/"},"img":{"alt_text":"","src":"https:\/\/i0.wp.com\/www.shqiperia.com\/blog\/wp-content\/uploads\/2019\/06\/majlinda_bufi_ne_kishe-300x173.jpg?resize=350%2C200","width":350,"height":200,"srcset":"https:\/\/i0.wp.com\/www.shqiperia.com\/blog\/wp-content\/uploads\/2019\/06\/majlinda_bufi_ne_kishe-300x173.jpg?resize=350%2C200 1x, https:\/\/i0.wp.com\/www.shqiperia.com\/blog\/wp-content\/uploads\/2019\/06\/majlinda_bufi_ne_kishe-300x173.jpg?resize=525%2C300 1.5x"},"classes":[]},{"id":50932,"url":"https:\/\/www.shqiperia.com\/blog\/shfaqet-per-here-te-pare-pas-150-vitesh-shkencetaret-zbulojne-krijesen-gjigante-te-quajtur-vdekja-e-zeze-dhe-befasohen\/","url_meta":{"origin":98353,"position":4},"title":"Shfaqet p\u00ebr her\u00eb t\u00eb par\u00eb pas 150 vitesh! Shkenc\u00ebtar\u00ebt zbulojn\u00eb krijes\u00ebn gjigante t\u00eb quajtur \u201cvdekja e zez\u00eb\u201d dhe befasohen","author":"Kurt Farka","date":"October 28, 2021","format":false,"excerpt":"Shfaqet p\u00ebr her\u00eb t\u00eb par\u00eb pas 150 vitesh! Shkenc\u00ebtar\u00ebt zbulojn\u00eb krijes\u00ebn gjigante t\u00eb quajtur \u201cvdekja e zez\u00eb\u201d dhe befasohen 26 TETOR 2021 Bufi gjigant, i cili ka qen\u00eb praktikisht i paduksh\u00ebm n\u00eb pyjet tropikale t\u00eb Afrik\u00ebs p\u00ebr 150 vjet, \u00ebsht\u00eb fotografuar n\u00eb natyr\u00eb p\u00ebr her\u00eb t\u00eb par\u00eb nga shkenc\u00ebtar\u00ebt britanik\u00eb\u2026","rel":"","context":"In &quot;Blogu i Udh\u00ebtarit&quot;","block_context":{"text":"Blogu i Udh\u00ebtarit","link":"https:\/\/www.shqiperia.com\/blog\/category\/blogu-i-udhetarit\/"},"img":{"alt_text":"","src":"https:\/\/i0.wp.com\/www.shqiperia.com\/blog\/wp-content\/uploads\/2021\/10\/Bufi-Gjikand.jpg?fit=703%2C383&ssl=1&resize=350%2C200","width":350,"height":200,"srcset":"https:\/\/i0.wp.com\/www.shqiperia.com\/blog\/wp-content\/uploads\/2021\/10\/Bufi-Gjikand.jpg?fit=703%2C383&ssl=1&resize=350%2C200 1x, https:\/\/i0.wp.com\/www.shqiperia.com\/blog\/wp-content\/uploads\/2021\/10\/Bufi-Gjikand.jpg?fit=703%2C383&ssl=1&resize=525%2C300 1.5x, https:\/\/i0.wp.com\/www.shqiperia.com\/blog\/wp-content\/uploads\/2021\/10\/Bufi-Gjikand.jpg?fit=703%2C383&ssl=1&resize=700%2C400 2x"},"classes":[]},{"id":87894,"url":"https:\/\/www.shqiperia.com\/blog\/nder-speciet-e-rrezikuara-bufi-me-brire-i-magelanit-filmohet-nga-studiuesit-ne-argjentine\/","url_meta":{"origin":98353,"position":5},"title":"Nd\u00ebr speciet e rrezikuara\/ Bufi me brir\u00eb i Magelanit filmohet nga studiuesit n\u00eb Argjentin\u00eb","author":"Kurt Farka","date":"December 29, 2024","format":false,"excerpt":"29 Dhjetor 2024 Yogurtcuoglu, i cili gjurmon speciet e rrezikuara t\u00eb shpend\u00ebve n\u00eb t\u00eb gjith\u00eb globin, dokumentoi nj\u00eb pal\u00eb t\u00eb k\u00ebtyre bufave dalluese n\u00eb luginat e gjera Patagoniane t\u00eb provinc\u00ebs Santa Cruz, nj\u00eb rajon i njohur p\u00ebr jet\u00ebn e tij t\u00eb larmishme dhe ekosistemet unike. Lloji, i njohur nga syt\u00eb\u2026","rel":"","context":"In &quot;Blogu i Udh\u00ebtarit&quot;","block_context":{"text":"Blogu i Udh\u00ebtarit","link":"https:\/\/www.shqiperia.com\/blog\/category\/blogu-i-udhetarit\/"},"img":{"alt_text":"","src":"https:\/\/i0.wp.com\/www.shqiperia.com\/blog\/wp-content\/uploads\/2024\/12\/auto_BBBBB1735312743-1.png?fit=900%2C553&ssl=1&resize=350%2C200","width":350,"height":200,"srcset":"https:\/\/i0.wp.com\/www.shqiperia.com\/blog\/wp-content\/uploads\/2024\/12\/auto_BBBBB1735312743-1.png?fit=900%2C553&ssl=1&resize=350%2C200 1x, https:\/\/i0.wp.com\/www.shqiperia.com\/blog\/wp-content\/uploads\/2024\/12\/auto_BBBBB1735312743-1.png?fit=900%2C553&ssl=1&resize=525%2C300 1.5x, https:\/\/i0.wp.com\/www.shqiperia.com\/blog\/wp-content\/uploads\/2024\/12\/auto_BBBBB1735312743-1.png?fit=900%2C553&ssl=1&resize=700%2C400 2x"},"classes":[]}],"_links":{"self":[{"href":"https:\/\/www.shqiperia.com\/blog\/wp-json\/wp\/v2\/posts\/98353","targetHints":{"allow":["GET"]}}],"collection":[{"href":"https:\/\/www.shqiperia.com\/blog\/wp-json\/wp\/v2\/posts"}],"about":[{"href":"https:\/\/www.shqiperia.com\/blog\/wp-json\/wp\/v2\/types\/post"}],"author":[{"embeddable":true,"href":"https:\/\/www.shqiperia.com\/blog\/wp-json\/wp\/v2\/users\/9"}],"replies":[{"embeddable":true,"href":"https:\/\/www.shqiperia.com\/blog\/wp-json\/wp\/v2\/comments?post=98353"}],"version-history":[{"count":1,"href":"https:\/\/www.shqiperia.com\/blog\/wp-json\/wp\/v2\/posts\/98353\/revisions"}],"predecessor-version":[{"id":98355,"href":"https:\/\/www.shqiperia.com\/blog\/wp-json\/wp\/v2\/posts\/98353\/revisions\/98355"}],"wp:featuredmedia":[{"embeddable":true,"href":"https:\/\/www.shqiperia.com\/blog\/wp-json\/wp\/v2\/media\/98354"}],"wp:attachment":[{"href":"https:\/\/www.shqiperia.com\/blog\/wp-json\/wp\/v2\/media?parent=98353"}],"wp:term":[{"taxonomy":"category","embeddable":true,"href":"https:\/\/www.shqiperia.com\/blog\/wp-json\/wp\/v2\/categories?post=98353"},{"taxonomy":"post_tag","embeddable":true,"href":"https:\/\/www.shqiperia.com\/blog\/wp-json\/wp\/v2\/tags?post=98353"}],"curies":[{"name":"wp","href":"https:\/\/api.w.org\/{rel}","templated":true}]}}