{"id":98350,"date":"2026-03-12T00:20:28","date_gmt":"2026-03-12T00:20:28","guid":{"rendered":"https:\/\/www.shqiperia.com\/blog\/?p=98350"},"modified":"2026-03-12T00:20:28","modified_gmt":"2026-03-12T00:20:28","slug":"identifikohen-60-lloje-te-reja-kermijsh","status":"publish","type":"post","link":"https:\/\/www.shqiperia.com\/blog\/identifikohen-60-lloje-te-reja-kermijsh\/","title":{"rendered":"Identifikohen 60 lloje t\u00eb reja k\u00ebrmijsh"},"content":{"rendered":"<p><img data-recalc-dims=\"1\" loading=\"lazy\" decoding=\"async\" data-attachment-id=\"98351\" data-permalink=\"https:\/\/www.shqiperia.com\/blog\/identifikohen-60-lloje-te-reja-kermijsh\/kermilli-1024x574\/\" data-orig-file=\"https:\/\/i0.wp.com\/www.shqiperia.com\/blog\/wp-content\/uploads\/2026\/03\/kermilli-1024x574-1.jpg?fit=1024%2C574&amp;ssl=1\" data-orig-size=\"1024,574\" data-comments-opened=\"1\" data-image-meta=\"{&quot;aperture&quot;:&quot;0&quot;,&quot;credit&quot;:&quot;&quot;,&quot;camera&quot;:&quot;&quot;,&quot;caption&quot;:&quot;&quot;,&quot;created_timestamp&quot;:&quot;0&quot;,&quot;copyright&quot;:&quot;&quot;,&quot;focal_length&quot;:&quot;0&quot;,&quot;iso&quot;:&quot;0&quot;,&quot;shutter_speed&quot;:&quot;0&quot;,&quot;title&quot;:&quot;&quot;,&quot;orientation&quot;:&quot;0&quot;}\" data-image-title=\"kermilli-1024&#215;574\" data-image-description=\"\" data-image-caption=\"\" data-medium-file=\"https:\/\/i0.wp.com\/www.shqiperia.com\/blog\/wp-content\/uploads\/2026\/03\/kermilli-1024x574-1.jpg?fit=300%2C168&amp;ssl=1\" data-large-file=\"https:\/\/i0.wp.com\/www.shqiperia.com\/blog\/wp-content\/uploads\/2026\/03\/kermilli-1024x574-1.jpg?fit=1024%2C574&amp;ssl=1\" class=\"alignnone  wp-image-98351\" alt=\"\" src=\"https:\/\/i0.wp.com\/www.shqiperia.com\/blog\/wp-content\/uploads\/2026\/03\/kermilli-1024x574-1.jpg?resize=684%2C383&#038;ssl=1\" width=\"684\" height=\"383\" srcset=\"https:\/\/i0.wp.com\/www.shqiperia.com\/blog\/wp-content\/uploads\/2026\/03\/kermilli-1024x574-1.jpg?resize=300%2C168&amp;ssl=1 300w, https:\/\/i0.wp.com\/www.shqiperia.com\/blog\/wp-content\/uploads\/2026\/03\/kermilli-1024x574-1.jpg?resize=768%2C431&amp;ssl=1 768w, https:\/\/i0.wp.com\/www.shqiperia.com\/blog\/wp-content\/uploads\/2026\/03\/kermilli-1024x574-1.jpg?resize=450%2C252&amp;ssl=1 450w, https:\/\/i0.wp.com\/www.shqiperia.com\/blog\/wp-content\/uploads\/2026\/03\/kermilli-1024x574-1.jpg?resize=600%2C336&amp;ssl=1 600w, https:\/\/i0.wp.com\/www.shqiperia.com\/blog\/wp-content\/uploads\/2026\/03\/kermilli-1024x574-1.jpg?resize=400%2C224&amp;ssl=1 400w, https:\/\/i0.wp.com\/www.shqiperia.com\/blog\/wp-content\/uploads\/2026\/03\/kermilli-1024x574-1.jpg?w=1024&amp;ssl=1 1024w\" sizes=\"auto, (max-width: 684px) 100vw, 684px\" \/><\/p>\n<p>12 Mars 2026<\/p>\n<p>Zbulohen 60 lloje k\u00ebrmijsh n\u00eb Si\u00e7ili. Nj\u00eb thesar p\u00ebr biodiversitetin, jan\u00eb identifikuar k\u00ebto specie dhe n\u00ebn-specie t\u00eb reja me guack\u00eb t\u00eb zgjatur, gjithnj\u00eb n\u00eb parametrat e art\u00eb t\u00eb Phi apo Fibonaccit.<\/p>\n<p>Puna k\u00ebrkimore \u00ebsht\u00eb nj\u00eb nd\u00ebr kontributet m\u00eb dometh\u00ebn\u00ebse dedikuar faun\u00ebs tok\u00ebsore dhe nj\u00eb pun\u00eb e till\u00eb shkencore kaq e gjer\u00eb nuk verifikohej me sukses e rezultat q\u00eb prej viteve 1800.<\/p>\n<p>P\u00ebrfaq\u00ebsojn\u00eb linja evolutive t\u00eb pavarura dhe shum\u00eb prej tyre rezultojn\u00eb ekstremisht t\u00eb lokalizuara n\u00eb zona shk\u00ebmbore prej pak qindra m\u00b2, dhe s\u00eb shpejti pritet t\u00eb klasifikohen dhe njihen zyrtarisht nga shkenca.<\/p>\n<p>P\u00ebrve\u00e7 vlerave shkencore, studimi \u00ebsht\u00eb i r\u00ebnd\u00ebsish\u00ebm p\u00ebr fokusin mbi konservimin e natyr\u00ebs e gjallesave q\u00eb vijojn\u00eb t\u00eb ekzistojn\u00eb n\u00eb habitate delikate e t\u00eb brishta. P\u00ebrshkrimi i tyre dhe puna k\u00ebrkimore \u00ebsht\u00eb publikuar n\u00eb Buletinin e Muzeut Komb\u00ebtar t\u00eb Historis\u00eb Natyrore t\u00eb Malt\u00ebs dhe \u00ebsht\u00eb rezultat i nj\u00eb grupi pune nd\u00ebrkomb\u00ebtar.<\/p>\n<p>Klan News<\/p>\n","protected":false},"excerpt":{"rendered":"<p>12 Mars 2026 Zbulohen 60 lloje k\u00ebrmijsh n\u00eb Si\u00e7ili. Nj\u00eb thesar p\u00ebr biodiversitetin, jan\u00eb identifikuar k\u00ebto specie dhe n\u00ebn-specie t\u00eb reja me guack\u00eb t\u00eb zgjatur, gjithnj\u00eb n\u00eb parametrat e art\u00eb t\u00eb Phi apo Fibonaccit. Puna k\u00ebrkimore \u00ebsht\u00eb nj\u00eb nd\u00ebr kontributet m\u00eb dometh\u00ebn\u00ebse dedikuar faun\u00ebs tok\u00ebsore dhe nj\u00eb pun\u00eb e till\u00eb shkencore kaq e gjer\u00eb nuk [&hellip;]<\/p>\n","protected":false},"author":9,"featured_media":98351,"comment_status":"open","ping_status":"open","sticky":false,"template":"","format":"standard","meta":{"jetpack_post_was_ever_published":false,"_jetpack_newsletter_access":"","_jetpack_dont_email_post_to_subs":false,"_jetpack_newsletter_tier_id":0,"_jetpack_memberships_contains_paywalled_content":false,"_jetpack_memberships_contains_paid_content":false,"footnotes":"","jetpack_publicize_message":"","jetpack_publicize_feature_enabled":true,"jetpack_social_post_already_shared":true,"jetpack_social_options":{"image_generator_settings":{"template":"highway","default_image_id":0,"font":"","enabled":false},"version":2}},"categories":[1,14],"tags":[],"class_list":["post-98350","post","type-post","status-publish","format-standard","has-post-thumbnail","hentry","category-njoftime-shtypi","category-press-releases"],"jetpack_publicize_connections":[],"jetpack_featured_media_url":"https:\/\/i0.wp.com\/www.shqiperia.com\/blog\/wp-content\/uploads\/2026\/03\/kermilli-1024x574-1.jpg?fit=1024%2C574&ssl=1","jetpack_sharing_enabled":true,"jetpack_shortlink":"https:\/\/wp.me\/p5Z6wp-pAi","jetpack-related-posts":[{"id":87651,"url":"https:\/\/www.shqiperia.com\/blog\/nje-mi-amfib-nje-peshk-me-koke-dhe-nje-bretkose-shiu-studiuesit-zbulojne-27-lloje-te-reja-speciesh-ne-peru\/","url_meta":{"origin":98350,"position":0},"title":"Nj\u00eb mi amfib, nj\u00eb peshk me kok\u00eb dhe nj\u00eb bretkos\u00eb shiu: &#8211; Studiuesit zbulojn\u00eb 27 lloje t\u00eb reja speciesh n\u00eb Peru","author":"Kurt Farka","date":"December 20, 2024","format":false,"excerpt":"20 Dhjetor 2024 Gjithsej 27 lloje t\u00eb reja jan\u00eb zbuluar n\u00eb pyllin tropikal peruan t\u00eb dominuar nga njeriu. Conservation International udh\u00ebhoqi ekspedit\u00ebn n\u00eb Peizazhin Alto Mayo q\u00eb zbuloi k\u00ebto specie t\u00eb reja. Lista p\u00ebrfshin kat\u00ebr gjitar\u00eb, tet\u00eb peshq, tre amfib\u00eb dhe 10 lloje fluturash. Ekipi u bashkua n\u00eb terren nga\u2026","rel":"","context":"In &quot;Blogu i Udh\u00ebtarit&quot;","block_context":{"text":"Blogu i Udh\u00ebtarit","link":"https:\/\/www.shqiperia.com\/blog\/category\/blogu-i-udhetarit\/"},"img":{"alt_text":"","src":"https:\/\/i0.wp.com\/www.shqiperia.com\/blog\/wp-content\/uploads\/2024\/12\/auto_Screenshot_21734680162.jpg?fit=900%2C517&ssl=1&resize=350%2C200","width":350,"height":200,"srcset":"https:\/\/i0.wp.com\/www.shqiperia.com\/blog\/wp-content\/uploads\/2024\/12\/auto_Screenshot_21734680162.jpg?fit=900%2C517&ssl=1&resize=350%2C200 1x, https:\/\/i0.wp.com\/www.shqiperia.com\/blog\/wp-content\/uploads\/2024\/12\/auto_Screenshot_21734680162.jpg?fit=900%2C517&ssl=1&resize=525%2C300 1.5x, https:\/\/i0.wp.com\/www.shqiperia.com\/blog\/wp-content\/uploads\/2024\/12\/auto_Screenshot_21734680162.jpg?fit=900%2C517&ssl=1&resize=700%2C400 2x"},"classes":[]},{"id":84609,"url":"https:\/\/www.shqiperia.com\/blog\/njezet-specie-te-reja-zbulohen-ne-dy-mije-milje-thellesi-ne-paqesor-9-foto-ilustrime\/","url_meta":{"origin":98350,"position":1},"title":"Nj\u00ebzet specie t\u00eb reja zbulohen n\u00eb dy mij\u00eb milje thell\u00ebsi n\u00eb Paq\u00ebsor. (9 Foto ilustrime)","author":"Kurt Farka","date":"September 17, 2024","format":false,"excerpt":"17 Shtator 2024 Sondat detare t\u00eb d\u00ebrguara n\u00eb nj\u00eb \u2018mal\u2019 n\u00ebnujor dy milje n\u00eb thell\u00ebsi t\u00eb Paq\u00ebsorit, kan\u00eb zbuluar nj\u00eb \u2018ekosistem t\u00eb pacenuar\u2019 t\u00eb panjohur m\u00eb par\u00eb, 900 milje larg brigjeve t\u00eb Kilit, t\u00eb mbushur me specie t\u00eb ngjashme me \u2018alien\u00ebt\u2019. Ekspedita 28-ditore n\u00eb k\u00ebt\u00eb \u2018mal\u2019 t\u00eb zhytur n\u00eb uj\u00eb\u2026","rel":"","context":"In &quot;Blogu i Udh\u00ebtarit&quot;","block_context":{"text":"Blogu i Udh\u00ebtarit","link":"https:\/\/www.shqiperia.com\/blog\/category\/blogu-i-udhetarit\/"},"img":{"alt_text":"","src":"https:\/\/i0.wp.com\/www.shqiperia.com\/blog\/wp-content\/uploads\/2024\/09\/2-7.jpg?fit=1200%2C636&ssl=1&resize=350%2C200","width":350,"height":200,"srcset":"https:\/\/i0.wp.com\/www.shqiperia.com\/blog\/wp-content\/uploads\/2024\/09\/2-7.jpg?fit=1200%2C636&ssl=1&resize=350%2C200 1x, https:\/\/i0.wp.com\/www.shqiperia.com\/blog\/wp-content\/uploads\/2024\/09\/2-7.jpg?fit=1200%2C636&ssl=1&resize=525%2C300 1.5x, https:\/\/i0.wp.com\/www.shqiperia.com\/blog\/wp-content\/uploads\/2024\/09\/2-7.jpg?fit=1200%2C636&ssl=1&resize=700%2C400 2x, https:\/\/i0.wp.com\/www.shqiperia.com\/blog\/wp-content\/uploads\/2024\/09\/2-7.jpg?fit=1200%2C636&ssl=1&resize=1050%2C600 3x"},"classes":[]},{"id":97433,"url":"https:\/\/www.shqiperia.com\/blog\/sa-nje-autobus-shkencetaret-zbulojne-nje-kandil-deti-gjigant-prane-brigjeve-te-argjentines\/","url_meta":{"origin":98350,"position":2},"title":"Sa nj\u00eb autobus, shkenc\u00ebtar\u00ebt zbulojn\u00eb nj\u00eb kandil deti gjigant pran\u00eb brigjeve t\u00eb Argjentin\u00ebs","author":"Kurt Farka","date":"February 6, 2026","format":false,"excerpt":"6 Shkurt 2026 Nj\u00eb video mbres\u00ebl\u00ebn\u00ebse \u00ebsht\u00eb regjistruar nga nj\u00eb ekip studiuesish gjat\u00eb nj\u00eb ekspedite shkencore pran\u00eb brigjeve t\u00eb Argjentin\u00ebs, duke dokumentuar nj\u00eb nga krijesat m\u00eb t\u00eb rralla t\u00eb thell\u00ebsive oqeanike, kandilin gjigant fantazm\u00eb. Pamjet, t\u00eb publikuara nga Instituti i Oqeanit Schmidt, tregojn\u00eb kandilin e detit Stygiomedusa gigantea n\u00eb nj\u00eb\u2026","rel":"","context":"In &quot;Blogu i Udh\u00ebtarit&quot;","block_context":{"text":"Blogu i Udh\u00ebtarit","link":"https:\/\/www.shqiperia.com\/blog\/category\/blogu-i-udhetarit\/"},"img":{"alt_text":"","src":"https:\/\/i0.wp.com\/www.shqiperia.com\/blog\/wp-content\/uploads\/2026\/02\/kandili-1.jpg?fit=1007%2C636&ssl=1&resize=350%2C200","width":350,"height":200,"srcset":"https:\/\/i0.wp.com\/www.shqiperia.com\/blog\/wp-content\/uploads\/2026\/02\/kandili-1.jpg?fit=1007%2C636&ssl=1&resize=350%2C200 1x, https:\/\/i0.wp.com\/www.shqiperia.com\/blog\/wp-content\/uploads\/2026\/02\/kandili-1.jpg?fit=1007%2C636&ssl=1&resize=525%2C300 1.5x, https:\/\/i0.wp.com\/www.shqiperia.com\/blog\/wp-content\/uploads\/2026\/02\/kandili-1.jpg?fit=1007%2C636&ssl=1&resize=700%2C400 2x"},"classes":[]},{"id":59128,"url":"https:\/\/www.shqiperia.com\/blog\/plastike-edhe-ne-boren-e-antarktides-studiuesit-gjejne-13-lloje-te-saj\/","url_meta":{"origin":98350,"position":3},"title":"Plastik\u00eb edhe n\u00eb bor\u00ebn e Antarktid\u00ebs, studiuesit gjejn\u00eb 13 lloje t\u00eb saj","author":"Kurt Farka","date":"June 15, 2022","format":false,"excerpt":"15 Qershor 2022 Shkenc\u00ebtar\u00ebt kan\u00eb gjetur p\u00ebr her\u00eb t\u00eb par\u00eb mikroplastik\u00eb dhe n\u00eb d\u00ebbor\u00ebn e sapo r\u00ebn\u00eb t\u00eb Antarktid\u00ebs. Studiuesit nga Universitetit i Centerbury n\u00eb Zeland\u00ebn e Re mblodh\u00ebn mostra nga 19 vende t\u00eb ndryshme n\u00eb Antarktid\u00eb dhe secili prej tyre p\u00ebrmbante fragmente t\u00eb vogla plastike. Mikroplastik\u00ebt jan\u00eb fragmente m\u00eb\u2026","rel":"","context":"In &quot;Blogu i Udh\u00ebtarit&quot;","block_context":{"text":"Blogu i Udh\u00ebtarit","link":"https:\/\/www.shqiperia.com\/blog\/category\/blogu-i-udhetarit\/"},"img":{"alt_text":"","src":"https:\/\/i0.wp.com\/www.shqiperia.com\/blog\/wp-content\/uploads\/2022\/06\/640-0-antarktidejpg-1655270724.jpg?fit=640%2C357&ssl=1&resize=350%2C200","width":350,"height":200,"srcset":"https:\/\/i0.wp.com\/www.shqiperia.com\/blog\/wp-content\/uploads\/2022\/06\/640-0-antarktidejpg-1655270724.jpg?fit=640%2C357&ssl=1&resize=350%2C200 1x, https:\/\/i0.wp.com\/www.shqiperia.com\/blog\/wp-content\/uploads\/2022\/06\/640-0-antarktidejpg-1655270724.jpg?fit=640%2C357&ssl=1&resize=525%2C300 1.5x"},"classes":[]},{"id":73633,"url":"https:\/\/www.shqiperia.com\/blog\/shkencetaret-gjermane-zbulojne-specie-te-reja-geko-ne-madagaskar\/","url_meta":{"origin":98350,"position":4},"title":"Shkenc\u00ebtar\u00ebt gjerman\u00eb zbulojn\u00eb specie t\u00eb reja geko n\u00eb Madagaskar","author":"Kurt Farka","date":"August 18, 2023","format":false,"excerpt":"Nj\u00eb geko i \u00e7uditsh\u00ebm me bisht gjetheje, i zbuluar m\u00eb shum\u00eb se 20 vjet m\u00eb par\u00eb n\u00eb Madagaskar, tani \u00ebsht\u00eb konfirmuar si nj\u00eb specie e panjohur m\u00eb par\u00eb. Nj\u00eb ekip studiuesish i udh\u00ebhequr nga shkenc\u00ebtari Frank Glaw, i Koleksionit Zoologjik Shtet\u00ebror i Mynihut publikoi zbulimin n\u00eb revist\u00ebn shkencore \u201cSalamandra\u201d. \u201cKur\u2026","rel":"","context":"In &quot;Blogu i Udh\u00ebtarit&quot;","block_context":{"text":"Blogu i Udh\u00ebtarit","link":"https:\/\/www.shqiperia.com\/blog\/category\/blogu-i-udhetarit\/"},"img":{"alt_text":"","src":"https:\/\/i0.wp.com\/www.shqiperia.com\/blog\/wp-content\/uploads\/2023\/08\/640-0-ccbeb67d3222631209834d72fb82a2eb.jpg?fit=640%2C387&ssl=1&resize=350%2C200","width":350,"height":200,"srcset":"https:\/\/i0.wp.com\/www.shqiperia.com\/blog\/wp-content\/uploads\/2023\/08\/640-0-ccbeb67d3222631209834d72fb82a2eb.jpg?fit=640%2C387&ssl=1&resize=350%2C200 1x, https:\/\/i0.wp.com\/www.shqiperia.com\/blog\/wp-content\/uploads\/2023\/08\/640-0-ccbeb67d3222631209834d72fb82a2eb.jpg?fit=640%2C387&ssl=1&resize=525%2C300 1.5x"},"classes":[]},{"id":92696,"url":"https:\/\/www.shqiperia.com\/blog\/pasi-u-zhduk-per-me-shume-se-nje-shekull-nje-krijese-misterioze-e-lashte-eshte-rishfaqur-ne-menyre-te-habitshme-ne-cepat-e-largeta-te-indise\/","url_meta":{"origin":98350,"position":5},"title":"Pasi u zhduk p\u00ebr m\u00eb shum\u00eb se nj\u00eb shekull, nj\u00eb krijes\u00eb misterioze e lasht\u00eb \u00ebsht\u00eb rishfaqur n\u00eb m\u00ebnyr\u00eb t\u00eb habitshme n\u00eb cepat e larg\u00ebta t\u00eb Indis\u00eb","author":"Kurt Farka","date":"May 23, 2025","format":false,"excerpt":"23 Maji 2025 Shkenc\u00ebtar\u00ebt q\u00eb po eksplorojn\u00eb lugin\u00ebn e larg\u00ebt Siang t\u00eb Indis\u00eb kan\u00eb rizbuluar krimbin prej kadifeje Himalaje (Typhloperipatus williamsoni), nj\u00eb specie q\u00eb mendohet t\u00eb jet\u00eb zhdukur prej m\u00eb shum\u00eb se 100 vjet\u00ebsh. Pamja e fundit e regjistruar ishte n\u00eb vitin 1913 gjat\u00eb nj\u00eb ekspedite britanike. Koh\u00ebt e fundit,\u2026","rel":"","context":"In &quot;Blogu i Udh\u00ebtarit&quot;","block_context":{"text":"Blogu i Udh\u00ebtarit","link":"https:\/\/www.shqiperia.com\/blog\/category\/blogu-i-udhetarit\/"},"img":{"alt_text":"","src":"https:\/\/i0.wp.com\/www.shqiperia.com\/blog\/wp-content\/uploads\/2025\/05\/thought-extinct-for-100-years-this-incredible-creature-just-resurfaced-in-india-1536x931-1.jpg?fit=1200%2C727&ssl=1&resize=350%2C200","width":350,"height":200,"srcset":"https:\/\/i0.wp.com\/www.shqiperia.com\/blog\/wp-content\/uploads\/2025\/05\/thought-extinct-for-100-years-this-incredible-creature-just-resurfaced-in-india-1536x931-1.jpg?fit=1200%2C727&ssl=1&resize=350%2C200 1x, https:\/\/i0.wp.com\/www.shqiperia.com\/blog\/wp-content\/uploads\/2025\/05\/thought-extinct-for-100-years-this-incredible-creature-just-resurfaced-in-india-1536x931-1.jpg?fit=1200%2C727&ssl=1&resize=525%2C300 1.5x, https:\/\/i0.wp.com\/www.shqiperia.com\/blog\/wp-content\/uploads\/2025\/05\/thought-extinct-for-100-years-this-incredible-creature-just-resurfaced-in-india-1536x931-1.jpg?fit=1200%2C727&ssl=1&resize=700%2C400 2x, https:\/\/i0.wp.com\/www.shqiperia.com\/blog\/wp-content\/uploads\/2025\/05\/thought-extinct-for-100-years-this-incredible-creature-just-resurfaced-in-india-1536x931-1.jpg?fit=1200%2C727&ssl=1&resize=1050%2C600 3x"},"classes":[]}],"_links":{"self":[{"href":"https:\/\/www.shqiperia.com\/blog\/wp-json\/wp\/v2\/posts\/98350","targetHints":{"allow":["GET"]}}],"collection":[{"href":"https:\/\/www.shqiperia.com\/blog\/wp-json\/wp\/v2\/posts"}],"about":[{"href":"https:\/\/www.shqiperia.com\/blog\/wp-json\/wp\/v2\/types\/post"}],"author":[{"embeddable":true,"href":"https:\/\/www.shqiperia.com\/blog\/wp-json\/wp\/v2\/users\/9"}],"replies":[{"embeddable":true,"href":"https:\/\/www.shqiperia.com\/blog\/wp-json\/wp\/v2\/comments?post=98350"}],"version-history":[{"count":1,"href":"https:\/\/www.shqiperia.com\/blog\/wp-json\/wp\/v2\/posts\/98350\/revisions"}],"predecessor-version":[{"id":98352,"href":"https:\/\/www.shqiperia.com\/blog\/wp-json\/wp\/v2\/posts\/98350\/revisions\/98352"}],"wp:featuredmedia":[{"embeddable":true,"href":"https:\/\/www.shqiperia.com\/blog\/wp-json\/wp\/v2\/media\/98351"}],"wp:attachment":[{"href":"https:\/\/www.shqiperia.com\/blog\/wp-json\/wp\/v2\/media?parent=98350"}],"wp:term":[{"taxonomy":"category","embeddable":true,"href":"https:\/\/www.shqiperia.com\/blog\/wp-json\/wp\/v2\/categories?post=98350"},{"taxonomy":"post_tag","embeddable":true,"href":"https:\/\/www.shqiperia.com\/blog\/wp-json\/wp\/v2\/tags?post=98350"}],"curies":[{"name":"wp","href":"https:\/\/api.w.org\/{rel}","templated":true}]}}