{"id":98342,"date":"2026-03-12T00:05:02","date_gmt":"2026-03-12T00:05:02","guid":{"rendered":"https:\/\/www.shqiperia.com\/blog\/?p=98342"},"modified":"2026-03-12T00:05:02","modified_gmt":"2026-03-12T00:05:02","slug":"kuvendi-i-shqiperise-blindohet-me-gardh-metalik-per-ceshtjen-balluku","status":"publish","type":"post","link":"https:\/\/www.shqiperia.com\/blog\/kuvendi-i-shqiperise-blindohet-me-gardh-metalik-per-ceshtjen-balluku\/","title":{"rendered":"Kuvendi i Shqiperise blindohet me gardh metalik per ceshtjen Balluku"},"content":{"rendered":"<div class=\"firstP\">\n<p><img data-recalc-dims=\"1\" loading=\"lazy\" decoding=\"async\" data-attachment-id=\"98343\" data-permalink=\"https:\/\/www.shqiperia.com\/blog\/kuvendi-i-shqiperise-blindohet-me-gardh-metalik-per-ceshtjen-balluku\/kuvendi-800x450\/\" data-orig-file=\"https:\/\/i0.wp.com\/www.shqiperia.com\/blog\/wp-content\/uploads\/2026\/03\/kuvendi-800x450-1.webp?fit=800%2C450&amp;ssl=1\" data-orig-size=\"800,450\" data-comments-opened=\"1\" data-image-meta=\"{&quot;aperture&quot;:&quot;0&quot;,&quot;credit&quot;:&quot;&quot;,&quot;camera&quot;:&quot;&quot;,&quot;caption&quot;:&quot;&quot;,&quot;created_timestamp&quot;:&quot;0&quot;,&quot;copyright&quot;:&quot;&quot;,&quot;focal_length&quot;:&quot;0&quot;,&quot;iso&quot;:&quot;0&quot;,&quot;shutter_speed&quot;:&quot;0&quot;,&quot;title&quot;:&quot;&quot;,&quot;orientation&quot;:&quot;0&quot;}\" data-image-title=\"kuvendi-800&#215;450\" data-image-description=\"\" data-image-caption=\"\" data-medium-file=\"https:\/\/i0.wp.com\/www.shqiperia.com\/blog\/wp-content\/uploads\/2026\/03\/kuvendi-800x450-1.webp?fit=300%2C169&amp;ssl=1\" data-large-file=\"https:\/\/i0.wp.com\/www.shqiperia.com\/blog\/wp-content\/uploads\/2026\/03\/kuvendi-800x450-1.webp?fit=800%2C450&amp;ssl=1\" class=\"alignnone  wp-image-98343\" alt=\"\" src=\"https:\/\/i0.wp.com\/www.shqiperia.com\/blog\/wp-content\/uploads\/2026\/03\/kuvendi-800x450-1.webp?resize=493%2C278&#038;ssl=1\" width=\"493\" height=\"278\" srcset=\"https:\/\/i0.wp.com\/www.shqiperia.com\/blog\/wp-content\/uploads\/2026\/03\/kuvendi-800x450-1.webp?resize=300%2C169&amp;ssl=1 300w, https:\/\/i0.wp.com\/www.shqiperia.com\/blog\/wp-content\/uploads\/2026\/03\/kuvendi-800x450-1.webp?resize=768%2C432&amp;ssl=1 768w, https:\/\/i0.wp.com\/www.shqiperia.com\/blog\/wp-content\/uploads\/2026\/03\/kuvendi-800x450-1.webp?resize=450%2C253&amp;ssl=1 450w, https:\/\/i0.wp.com\/www.shqiperia.com\/blog\/wp-content\/uploads\/2026\/03\/kuvendi-800x450-1.webp?resize=600%2C338&amp;ssl=1 600w, https:\/\/i0.wp.com\/www.shqiperia.com\/blog\/wp-content\/uploads\/2026\/03\/kuvendi-800x450-1.webp?resize=400%2C225&amp;ssl=1 400w, https:\/\/i0.wp.com\/www.shqiperia.com\/blog\/wp-content\/uploads\/2026\/03\/kuvendi-800x450-1.webp?w=800&amp;ssl=1 800w\" sizes=\"auto, (max-width: 493px) 100vw, 493px\" \/><\/p>\n<p>12 Mars 2026<\/p>\n<p>Pak or\u00eb para seanc\u00ebs plenare, kur demokrat\u00ebt do t\u00eb protestojn\u00eb brenda dhe jasht\u00eb sall\u00ebs s\u00eb seancave plenare, Parlamenti ka kaluar n\u00eb masa t\u00eb p\u00ebrforcuara t\u00eb siguris\u00eb.<\/p>\n<\/div>\n<p data-start=\"167\" data-end=\"311\">Pak or\u00eb para seanc\u00ebs plenare, kur demokrat\u00ebt do t\u00eb protestojn\u00eb brenda dhe jasht\u00eb sall\u00ebs s\u00eb seancave plenare, Parlamenti ka kaluar n\u00eb masa t\u00eb p\u00ebrforcuara t\u00eb siguris\u00eb.<\/p>\n<p data-start=\"167\" data-end=\"311\">Gazetarja e Top Channel, Elda Menga, ka siguruar pamje t\u00eb godin\u00ebs, e cila \u00ebsht\u00eb rrethuar me kordon metalik si mas\u00eb paraprake p\u00ebr protest\u00ebn e PD.<\/p>\n<p data-start=\"313\" data-end=\"577\">Ligjv\u00ebn\u00ebsit socialist\u00eb m\u00ebsohet se do t\u00eb nxitojn\u00eb t\u00eb par\u00ebt p\u00ebr t\u00eb shkuar n\u00eb seanc\u00eb, p\u00ebr t\u00eb shmangur protestuesit e opozit\u00ebs, t\u00eb cil\u00ebt jan\u00eb thirrur p\u00ebr t\u00eb rrethuar Parlamentin n\u00eb or\u00ebn 10:00, n\u00eb t\u00eb nj\u00ebjt\u00ebn koh\u00eb kur brenda sall\u00ebs mazhoranca dhe opozita do t\u00eb p\u00ebrplasen ashp\u00ebr p\u00ebr k\u00ebrkes\u00ebn e SPAK q\u00eb k\u00ebmb\u00ebngul n\u00eb heqjen e liris\u00eb s\u00eb Belinda Ballukut.<\/p>\n<div class=\"adGroupWrapper\">\n<div class=\"adGroupWrapperInner\" data-max-slots=\"2\">\n<div class=\"oneAdBlock\">\n<div class=\"abd\" id=\"div-gpt-ad-1508427039785-4\" data-google-query-id=\"CLDF6sWHmZMDFYVApAQdggQreA\">\n<div id=\"google_ads_iframe_\/52408802\/TOPCHHOME4_0__container__\"><\/div>\n<\/div>\n<\/div>\n<div class=\"oneAdBlock\">\n<div class=\"abd\" id=\"div-gpt-ad-1508427039785-5\" data-google-query-id=\"CLHF6sWHmZMDFYVApAQdggQreA\">\n<div id=\"google_ads_iframe_\/52408802\/TOPCHHOME5_0__container__\"><\/div>\n<\/div>\n<\/div>\n<\/div>\n<\/div>\n<div class=\"clearfix\"><\/div>\n<div class=\"clearfix\"><\/div>\n","protected":false},"excerpt":{"rendered":"<p>12 Mars 2026 Pak or\u00eb para seanc\u00ebs plenare, kur demokrat\u00ebt do t\u00eb protestojn\u00eb brenda dhe jasht\u00eb sall\u00ebs s\u00eb seancave plenare, Parlamenti ka kaluar n\u00eb masa t\u00eb p\u00ebrforcuara t\u00eb siguris\u00eb. Pak or\u00eb para seanc\u00ebs plenare, kur demokrat\u00ebt do t\u00eb protestojn\u00eb brenda dhe jasht\u00eb sall\u00ebs s\u00eb seancave plenare, Parlamenti ka kaluar n\u00eb masa t\u00eb p\u00ebrforcuara t\u00eb siguris\u00eb. [&hellip;]<\/p>\n","protected":false},"author":9,"featured_media":98343,"comment_status":"open","ping_status":"open","sticky":false,"template":"","format":"standard","meta":{"jetpack_post_was_ever_published":false,"_jetpack_newsletter_access":"","_jetpack_dont_email_post_to_subs":false,"_jetpack_newsletter_tier_id":0,"_jetpack_memberships_contains_paywalled_content":false,"_jetpack_memberships_contains_paid_content":false,"footnotes":"","jetpack_publicize_message":"","jetpack_publicize_feature_enabled":true,"jetpack_social_post_already_shared":true,"jetpack_social_options":{"image_generator_settings":{"template":"highway","default_image_id":0,"font":"","enabled":false},"version":2}},"categories":[27,10,14,35],"tags":[],"class_list":["post-98342","post","type-post","status-publish","format-standard","has-post-thumbnail","hentry","category-blogu-i-udhetarit","category-kultura","category-press-releases","category-shoqerore"],"jetpack_publicize_connections":[],"jetpack_featured_media_url":"https:\/\/i0.wp.com\/www.shqiperia.com\/blog\/wp-content\/uploads\/2026\/03\/kuvendi-800x450-1.webp?fit=800%2C450&ssl=1","jetpack_sharing_enabled":true,"jetpack_shortlink":"https:\/\/wp.me\/p5Z6wp-pAa","jetpack-related-posts":[{"id":98323,"url":"https:\/\/www.shqiperia.com\/blog\/deputetet-e-pd-do-ngujohen-ne-parlament-gazetari-tregon-detaje-ja-mesazhi-qe-u-ka-derguar-berisha-demokrateve\/","url_meta":{"origin":98342,"position":0},"title":"Deputet\u00ebt e PD do ngujohen n\u00eb Parlament? Gazetari tregon detaje: &#8211; Ja mesazhi q\u00eb u ka d\u00ebrguar Berisha demokrat\u00ebve","author":"Kurt Farka","date":"March 11, 2026","format":false,"excerpt":"11 Mars 2026 PD i ka l\u00ebn\u00eb t\u00eb hapur t\u00eb gjith\u00eb skenar\u00ebt p\u00ebr protest\u00ebn e nes\u00ebrme, ku nuk p\u00ebrjashtohet as ngujimi i deputet\u00ebve n\u00eb Parlament.\u00a0 N\u00eb telefonat e an\u00ebtar\u00ebve t\u00eb PD ka mb\u00ebrritur edhe nj\u00eb mesazh, ku thuhet se kilometri i fundit i Ballukut mbaroi dhe tashm\u00eb \u00ebsht\u00eb radha e\u2026","rel":"","context":"In &quot;Njoftime Shtypi&quot;","block_context":{"text":"Njoftime Shtypi","link":"https:\/\/www.shqiperia.com\/blog\/category\/njoftime-shtypi\/"},"img":{"alt_text":"","src":"https:\/\/i0.wp.com\/www.shqiperia.com\/blog\/wp-content\/uploads\/2026\/03\/900-0-kuvendi.jpg?fit=900%2C600&ssl=1&resize=350%2C200","width":350,"height":200,"srcset":"https:\/\/i0.wp.com\/www.shqiperia.com\/blog\/wp-content\/uploads\/2026\/03\/900-0-kuvendi.jpg?fit=900%2C600&ssl=1&resize=350%2C200 1x, https:\/\/i0.wp.com\/www.shqiperia.com\/blog\/wp-content\/uploads\/2026\/03\/900-0-kuvendi.jpg?fit=900%2C600&ssl=1&resize=525%2C300 1.5x, https:\/\/i0.wp.com\/www.shqiperia.com\/blog\/wp-content\/uploads\/2026\/03\/900-0-kuvendi.jpg?fit=900%2C600&ssl=1&resize=700%2C400 2x"},"classes":[]},{"id":78023,"url":"https:\/\/www.shqiperia.com\/blog\/lulzim-basha-me-ato-3-deputet-qe-i-bashkohen-ne-rrjesht-ka-mberritur-ne-kuvend-1-ore-perpara-seances\/","url_meta":{"origin":98342,"position":1},"title":"Lulzim Basha me ato 3 deputet q\u00eb i bashkohen ne rrjesht ka mb\u00ebrritur n\u00eb Kuvend 1 or\u00eb p\u00ebrpara seanc\u00ebs.","author":"Kurt Farka","date":"February 8, 2024","format":false,"excerpt":"8 Shkurt 2024 Ai ka mb\u00ebrritur n\u00eb Parlament i shoq\u00ebruar nga deputet\u00ebt e grupit t\u00eb tij. Sipas gazetarit Osman Stafa, kjo ndoshta \u00ebsht\u00eb nj\u00eb taktik\u00eb e Bash\u00ebs p\u00ebr t\u2019iu shmangur tensioneve q\u00eb mund t\u00eb nis\u00eb opozita jasht\u00eb Kuvendit dhe n\u00eb sall\u00eb. Opozita n\u00eb seanc\u00eb pa 23 deputet\u00eb Mazhoranca p\u00ebrjashtoi dje\u2026","rel":"","context":"In &quot;Blogu i Udh\u00ebtarit&quot;","block_context":{"text":"Blogu i Udh\u00ebtarit","link":"https:\/\/www.shqiperia.com\/blog\/category\/blogu-i-udhetarit\/"},"img":{"alt_text":"","src":"https:\/\/i0.wp.com\/www.shqiperia.com\/blog\/wp-content\/uploads\/2024\/02\/basha-4.jpg?fit=749%2C349&ssl=1&resize=350%2C200","width":350,"height":200,"srcset":"https:\/\/i0.wp.com\/www.shqiperia.com\/blog\/wp-content\/uploads\/2024\/02\/basha-4.jpg?fit=749%2C349&ssl=1&resize=350%2C200 1x, https:\/\/i0.wp.com\/www.shqiperia.com\/blog\/wp-content\/uploads\/2024\/02\/basha-4.jpg?fit=749%2C349&ssl=1&resize=525%2C300 1.5x, https:\/\/i0.wp.com\/www.shqiperia.com\/blog\/wp-content\/uploads\/2024\/02\/basha-4.jpg?fit=749%2C349&ssl=1&resize=700%2C400 2x"},"classes":[]},{"id":75177,"url":"https:\/\/www.shqiperia.com\/blog\/militarizimi-dhe-bastardimi-rilindas-i-parlamentit-eshte-puc-mafioz-kunder-pluralizmit\/","url_meta":{"origin":98342,"position":2},"title":"Militarizimi dhe bastardimi rilindas i Parlamentit \u00ebsht\u00eb pu\u00e7 mafioz kund\u00ebr pluralizmit","author":"Kurt Farka","date":"November 2, 2023","format":false,"excerpt":"2 Nentor 2023 N\u00ebnkryetari i Partis\u00eb s\u00eb Liris\u00eb Petrit Vasili ka komentuar kaosin e krijuar sot n\u00eb seanc\u00ebn plenare. P\u00ebrmes nj\u00eb postimi n\u00eb rrjetet sociale Vasili sulmon dhe b\u00ebn p\u00ebrgjegj\u00ebse kryeparlamentaren Lindita Nikolla, e cila sipas tij e ka shnd\u00ebrruar parlamentin n\u00eb nj\u00eb repart militar. Ja postimi i plot\u00eb i\u2026","rel":"","context":"In &quot;Blogu i Udh\u00ebtarit&quot;","block_context":{"text":"Blogu i Udh\u00ebtarit","link":"https:\/\/www.shqiperia.com\/blog\/category\/blogu-i-udhetarit\/"},"img":{"alt_text":"","src":"https:\/\/i0.wp.com\/www.shqiperia.com\/blog\/wp-content\/uploads\/2023\/11\/800-0-6543b8f03026e.jpg?fit=800%2C461&ssl=1&resize=350%2C200","width":350,"height":200,"srcset":"https:\/\/i0.wp.com\/www.shqiperia.com\/blog\/wp-content\/uploads\/2023\/11\/800-0-6543b8f03026e.jpg?fit=800%2C461&ssl=1&resize=350%2C200 1x, https:\/\/i0.wp.com\/www.shqiperia.com\/blog\/wp-content\/uploads\/2023\/11\/800-0-6543b8f03026e.jpg?fit=800%2C461&ssl=1&resize=525%2C300 1.5x, https:\/\/i0.wp.com\/www.shqiperia.com\/blog\/wp-content\/uploads\/2023\/11\/800-0-6543b8f03026e.jpg?fit=800%2C461&ssl=1&resize=700%2C400 2x"},"classes":[]},{"id":16873,"url":"https:\/\/www.shqiperia.com\/blog\/zhargon-rruge-ne-parlament-kokedhima-ironizon-keq-kuvendin-atje-eshte-mbledhur-gjithe-llumi\/","url_meta":{"origin":98342,"position":3},"title":"\u201cZhargon rruge n\u00eb parlament\u201d\/ Kok\u00ebdhima ironizon keq Kuvendin: Atje \u00ebsht\u00eb mbledhur gjith\u00eb llumi. &#8211;","author":"Kurt Farka","date":"February 2, 2019","format":false,"excerpt":"\u201cZhargon rruge n\u00eb parlament\u201d\/ Kok\u00ebdhima ironizon keq Kuvendin: Atje \u00ebsht\u00eb mbledhur gjith\u00eb llumi. - Seanca plenare e dit\u00ebs s\u00eb enjte u zhvillua me debate t\u00eb ashpra, ku mbizot\u00ebroi nj\u00eb gjuh\u00eb denigruese dhe fyese. Reagime t\u00eb shumta erdh\u00ebn nga personazhe politike por jo vet\u00ebm. Sot kryetari i partis\u00eb ZGJIDHJA, Ko\u00e7o Kok\u00ebdhima,\u2026","rel":"","context":"In &quot;Kultura&quot;","block_context":{"text":"Kultura","link":"https:\/\/www.shqiperia.com\/blog\/category\/kultura\/"},"img":{"alt_text":"","src":"https:\/\/i0.wp.com\/www.shqiperia.com\/blog\/wp-content\/uploads\/2019\/02\/778f6acf-4417-40c1-b243-ef60cef3accd-288x240-300x153.jpg?resize=350%2C200","width":350,"height":200,"srcset":"https:\/\/i0.wp.com\/www.shqiperia.com\/blog\/wp-content\/uploads\/2019\/02\/778f6acf-4417-40c1-b243-ef60cef3accd-288x240-300x153.jpg?resize=350%2C200 1x, https:\/\/i0.wp.com\/www.shqiperia.com\/blog\/wp-content\/uploads\/2019\/02\/778f6acf-4417-40c1-b243-ef60cef3accd-288x240-300x153.jpg?resize=525%2C300 1.5x"},"classes":[]},{"id":99071,"url":"https:\/\/www.shqiperia.com\/blog\/mos-e-prekm-di-cfare-te-bej-pd-kerkon-perjashtimin-nga-kuvendi-per-60-dite-te-taulant-balles\/","url_meta":{"origin":98342,"position":4},"title":"\u201cMos e prekm di \u00e7far\u00eb t\u00eb b\u00ebj?!\u201d\/ PD k\u00ebrkon p\u00ebrjashtimin nga Kuvendi p\u00ebr 60 dit\u00eb t\u00eb Taulant Ball\u00ebs","author":"Kurt Farka","date":"April 3, 2026","format":false,"excerpt":"3 Prill 2026 Grupi Parlamentar i Partis\u00eb Demokratike ka k\u00ebrkuar p\u00ebrjashtimin p\u00ebr 60 dit\u00eb t\u00eb Taulant Ball\u00ebs nga Parlamenti dhe pjes\u00ebmarrrjen n\u00eb komisione N\u00eb k\u00ebrkes\u00ebn drejtuar Sekretariatit p\u00ebr Procedurat, Votimet dhe Etik\u00ebn, deputet\u00ebt demokrat\u00eb argumentojn\u00eb se Taulant Balla, n\u00eb m\u00ebnyr\u00eb t\u00eb vazhdueshme, ka fyer dhe k\u00ebrc\u00ebnuar deputetet gra t\u00eb grupit\u2026","rel":"","context":"In &quot;Blogu i Udh\u00ebtarit&quot;","block_context":{"text":"Blogu i Udh\u00ebtarit","link":"https:\/\/www.shqiperia.com\/blog\/category\/blogu-i-udhetarit\/"},"img":{"alt_text":"","src":"https:\/\/i0.wp.com\/www.shqiperia.com\/blog\/wp-content\/uploads\/2026\/04\/1775137941_ballaaaaaa.jpg?fit=780%2C440&ssl=1&resize=350%2C200","width":350,"height":200,"srcset":"https:\/\/i0.wp.com\/www.shqiperia.com\/blog\/wp-content\/uploads\/2026\/04\/1775137941_ballaaaaaa.jpg?fit=780%2C440&ssl=1&resize=350%2C200 1x, https:\/\/i0.wp.com\/www.shqiperia.com\/blog\/wp-content\/uploads\/2026\/04\/1775137941_ballaaaaaa.jpg?fit=780%2C440&ssl=1&resize=525%2C300 1.5x, https:\/\/i0.wp.com\/www.shqiperia.com\/blog\/wp-content\/uploads\/2026\/04\/1775137941_ballaaaaaa.jpg?fit=780%2C440&ssl=1&resize=700%2C400 2x"},"classes":[]},{"id":29452,"url":"https:\/\/www.shqiperia.com\/blog\/paketa-anti-shpifje-debat-brenda-grupit-te-ps-bushati-po-nxitohemi\/","url_meta":{"origin":98342,"position":5},"title":"Paketa Anti-shpifje, debat brenda grupit t\u00eb PS, Bushati: Po nxitohemi. &#8211;","author":"Kurt Farka","date":"December 18, 2019","format":false,"excerpt":"Paketa Anti-shpifje, debat brenda grupit t\u00eb PS, Bushati: Po nxitohemi 18 dhjetor 2019 Nderkohe qe perpara Parlamentit, gazetare, njerez te medias dhe qytetare ne mbeshtetje te fjales se lire protestojne kunder paketes se Qeverise, per Anti-shpifjen, pak para nisjes se sences plenare te Kuvendit, ka pasur debate ne mbledhjen e\u2026","rel":"","context":"In &quot;Blogu i Udh\u00ebtarit&quot;","block_context":{"text":"Blogu i Udh\u00ebtarit","link":"https:\/\/www.shqiperia.com\/blog\/category\/blogu-i-udhetarit\/"},"img":{"alt_text":"","src":"https:\/\/i0.wp.com\/www.shqiperia.com\/blog\/wp-content\/uploads\/2019\/12\/protesta-gazetaret4-1.jpg?fit=1200%2C741&ssl=1&resize=350%2C200","width":350,"height":200,"srcset":"https:\/\/i0.wp.com\/www.shqiperia.com\/blog\/wp-content\/uploads\/2019\/12\/protesta-gazetaret4-1.jpg?fit=1200%2C741&ssl=1&resize=350%2C200 1x, https:\/\/i0.wp.com\/www.shqiperia.com\/blog\/wp-content\/uploads\/2019\/12\/protesta-gazetaret4-1.jpg?fit=1200%2C741&ssl=1&resize=525%2C300 1.5x, https:\/\/i0.wp.com\/www.shqiperia.com\/blog\/wp-content\/uploads\/2019\/12\/protesta-gazetaret4-1.jpg?fit=1200%2C741&ssl=1&resize=700%2C400 2x, https:\/\/i0.wp.com\/www.shqiperia.com\/blog\/wp-content\/uploads\/2019\/12\/protesta-gazetaret4-1.jpg?fit=1200%2C741&ssl=1&resize=1050%2C600 3x"},"classes":[]}],"_links":{"self":[{"href":"https:\/\/www.shqiperia.com\/blog\/wp-json\/wp\/v2\/posts\/98342","targetHints":{"allow":["GET"]}}],"collection":[{"href":"https:\/\/www.shqiperia.com\/blog\/wp-json\/wp\/v2\/posts"}],"about":[{"href":"https:\/\/www.shqiperia.com\/blog\/wp-json\/wp\/v2\/types\/post"}],"author":[{"embeddable":true,"href":"https:\/\/www.shqiperia.com\/blog\/wp-json\/wp\/v2\/users\/9"}],"replies":[{"embeddable":true,"href":"https:\/\/www.shqiperia.com\/blog\/wp-json\/wp\/v2\/comments?post=98342"}],"version-history":[{"count":1,"href":"https:\/\/www.shqiperia.com\/blog\/wp-json\/wp\/v2\/posts\/98342\/revisions"}],"predecessor-version":[{"id":98344,"href":"https:\/\/www.shqiperia.com\/blog\/wp-json\/wp\/v2\/posts\/98342\/revisions\/98344"}],"wp:featuredmedia":[{"embeddable":true,"href":"https:\/\/www.shqiperia.com\/blog\/wp-json\/wp\/v2\/media\/98343"}],"wp:attachment":[{"href":"https:\/\/www.shqiperia.com\/blog\/wp-json\/wp\/v2\/media?parent=98342"}],"wp:term":[{"taxonomy":"category","embeddable":true,"href":"https:\/\/www.shqiperia.com\/blog\/wp-json\/wp\/v2\/categories?post=98342"},{"taxonomy":"post_tag","embeddable":true,"href":"https:\/\/www.shqiperia.com\/blog\/wp-json\/wp\/v2\/tags?post=98342"}],"curies":[{"name":"wp","href":"https:\/\/api.w.org\/{rel}","templated":true}]}}