{"id":98338,"date":"2026-03-11T22:38:59","date_gmt":"2026-03-11T22:38:59","guid":{"rendered":"https:\/\/www.shqiperia.com\/blog\/?p=98338"},"modified":"2026-03-11T22:38:59","modified_gmt":"2026-03-11T22:38:59","slug":"kalaja-e-drishtit-destinacion-i-preferuar-i-turizmit-kulturor","status":"publish","type":"post","link":"https:\/\/www.shqiperia.com\/blog\/kalaja-e-drishtit-destinacion-i-preferuar-i-turizmit-kulturor\/","title":{"rendered":"Kalaja e Drishtit, destinacion i preferuar i turizmit kulturor"},"content":{"rendered":"<p><img data-recalc-dims=\"1\" loading=\"lazy\" decoding=\"async\" data-attachment-id=\"98340\" data-permalink=\"https:\/\/www.shqiperia.com\/blog\/kalaja-e-drishtit-destinacion-i-preferuar-i-turizmit-kulturor\/hq720-13\/\" data-orig-file=\"https:\/\/i0.wp.com\/www.shqiperia.com\/blog\/wp-content\/uploads\/2026\/03\/hq720.jpg?fit=686%2C386&amp;ssl=1\" data-orig-size=\"686,386\" data-comments-opened=\"1\" data-image-meta=\"{&quot;aperture&quot;:&quot;0&quot;,&quot;credit&quot;:&quot;&quot;,&quot;camera&quot;:&quot;&quot;,&quot;caption&quot;:&quot;&quot;,&quot;created_timestamp&quot;:&quot;0&quot;,&quot;copyright&quot;:&quot;&quot;,&quot;focal_length&quot;:&quot;0&quot;,&quot;iso&quot;:&quot;0&quot;,&quot;shutter_speed&quot;:&quot;0&quot;,&quot;title&quot;:&quot;&quot;,&quot;orientation&quot;:&quot;0&quot;}\" data-image-title=\"hq720\" data-image-description=\"\" data-image-caption=\"\" data-medium-file=\"https:\/\/i0.wp.com\/www.shqiperia.com\/blog\/wp-content\/uploads\/2026\/03\/hq720.jpg?fit=300%2C169&amp;ssl=1\" data-large-file=\"https:\/\/i0.wp.com\/www.shqiperia.com\/blog\/wp-content\/uploads\/2026\/03\/hq720.jpg?fit=686%2C386&amp;ssl=1\" class=\"alignnone  wp-image-98340\" alt=\"\" src=\"https:\/\/i0.wp.com\/www.shqiperia.com\/blog\/wp-content\/uploads\/2026\/03\/hq720.jpg?resize=754%2C425&#038;ssl=1\" width=\"754\" height=\"425\" srcset=\"https:\/\/i0.wp.com\/www.shqiperia.com\/blog\/wp-content\/uploads\/2026\/03\/hq720.jpg?resize=300%2C169&amp;ssl=1 300w, https:\/\/i0.wp.com\/www.shqiperia.com\/blog\/wp-content\/uploads\/2026\/03\/hq720.jpg?resize=450%2C253&amp;ssl=1 450w, https:\/\/i0.wp.com\/www.shqiperia.com\/blog\/wp-content\/uploads\/2026\/03\/hq720.jpg?resize=600%2C338&amp;ssl=1 600w, https:\/\/i0.wp.com\/www.shqiperia.com\/blog\/wp-content\/uploads\/2026\/03\/hq720.jpg?resize=400%2C225&amp;ssl=1 400w, https:\/\/i0.wp.com\/www.shqiperia.com\/blog\/wp-content\/uploads\/2026\/03\/hq720.jpg?w=686&amp;ssl=1 686w\" sizes=\"auto, (max-width: 754px) 100vw, 754px\" \/><\/p>\n<p>11 Mars 2026<\/p>\n<p>Kalaja e Drishtit \u00ebsht\u00eb nj\u00eb destinacion i turizmit historiko-kulturor t\u00eb zon\u00ebs s\u00eb Shkodr\u00ebs.<\/p>\n<p>Ajo ngrihet mbi lugin\u00ebn e lumit Kir, n\u00eb pjes\u0113n fundore t\u00eb saj, dhe \u00ebsht\u00eb nj\u00eb nga d\u00ebshmit\u00eb m\u00eb t\u00eb r\u00ebnd\u00ebsishme t\u00eb qytet\u00ebrimit mesjetar n\u00eb arealin e Shkodr\u00ebs.<\/p>\n<p>Dikur pjes\u00eb e qytetit t\u00eb fortifikuar t\u00eb Drishtit, ajo sh\u00ebrbeu si pik\u00eb strategjike mbrojtjeje dhe si qend\u00ebr e r\u00ebnd\u00ebsishme administrative gjat\u00eb Mesjet\u00ebs, ve\u00e7an\u00ebrisht n\u00eb periudh\u00ebn e sundimit venedikas.<\/p>\n<p>Edhe sot, muret dhe rr\u00ebnojat e saj mbajn\u00eb gjall\u00eb kujtes\u00ebn e nj\u00eb qyteti q\u00eb kishte nj\u00eb rol t\u00eb r\u00ebnd\u00ebsish\u00ebm n\u00eb historin\u00eb e mesjet\u00ebs arb\u00ebrore.<\/p>\n<p><img data-recalc-dims=\"1\" loading=\"lazy\" decoding=\"async\" class=\"\" alt=\"Kalaja e Drishtit, destinacion i preferuar i turizmit kulturor\" src=\"https:\/\/i0.wp.com\/media.oranews.tv\/oranews.tv\/media3\/-640-0-dri-1773249437.png?resize=844%2C435&#038;ssl=1\" width=\"844\" height=\"435\" data-size=\"x\" data-id=\"811658\" \/><\/p>\n<p>N\u00eb zon\u00eb ka familje q\u00eb presin e p\u00ebrcjellin turist\u00ebt e huaj, t\u00eb cil\u00ebt kan\u00eb ardhur gjithnj\u00eb duke u shtuar.<\/p>\n<p>E nd\u00ebrtuar fillimisht si vendbanim i lasht\u00eb mbi rrug\u00ebn tregtare Shkod\u00ebr\u2013Kosov\u00eb, Kalaja e Drishtit, mori funksionin e nj\u00eb fortes\u00eb mbrojt\u00ebse n\u00eb antikitetin e vonsh\u00ebm, duke qen\u00eb pjes\u00eb e zinxhirit t\u00eb k\u00ebshtjellave q\u00eb siguronin Shkodr\u00ebn, si qend\u00ebr e madhe politike dhe ekonomike n\u00eb veri t\u00eb Shqip\u00ebris\u00eb.<\/p>\n<p><img data-recalc-dims=\"1\" loading=\"lazy\" decoding=\"async\" data-attachment-id=\"98339\" data-permalink=\"https:\/\/www.shqiperia.com\/blog\/kalaja-e-drishtit-destinacion-i-preferuar-i-turizmit-kulturor\/640-0-drishti2-1773249512\/\" data-orig-file=\"https:\/\/i0.wp.com\/www.shqiperia.com\/blog\/wp-content\/uploads\/2026\/03\/640-0-drishti2-1773249512.png?fit=640%2C387&amp;ssl=1\" data-orig-size=\"640,387\" data-comments-opened=\"1\" data-image-meta=\"{&quot;aperture&quot;:&quot;0&quot;,&quot;credit&quot;:&quot;&quot;,&quot;camera&quot;:&quot;&quot;,&quot;caption&quot;:&quot;&quot;,&quot;created_timestamp&quot;:&quot;0&quot;,&quot;copyright&quot;:&quot;&quot;,&quot;focal_length&quot;:&quot;0&quot;,&quot;iso&quot;:&quot;0&quot;,&quot;shutter_speed&quot;:&quot;0&quot;,&quot;title&quot;:&quot;&quot;,&quot;orientation&quot;:&quot;0&quot;}\" data-image-title=\"-640-0-drishti2-1773249512\" data-image-description=\"\" data-image-caption=\"\" data-medium-file=\"https:\/\/i0.wp.com\/www.shqiperia.com\/blog\/wp-content\/uploads\/2026\/03\/640-0-drishti2-1773249512.png?fit=300%2C181&amp;ssl=1\" data-large-file=\"https:\/\/i0.wp.com\/www.shqiperia.com\/blog\/wp-content\/uploads\/2026\/03\/640-0-drishti2-1773249512.png?fit=640%2C387&amp;ssl=1\" class=\"alignnone  wp-image-98339\" alt=\"\" src=\"https:\/\/i0.wp.com\/www.shqiperia.com\/blog\/wp-content\/uploads\/2026\/03\/640-0-drishti2-1773249512.png?resize=878%2C530&#038;ssl=1\" width=\"878\" height=\"530\" srcset=\"https:\/\/i0.wp.com\/www.shqiperia.com\/blog\/wp-content\/uploads\/2026\/03\/640-0-drishti2-1773249512.png?resize=300%2C181&amp;ssl=1 300w, https:\/\/i0.wp.com\/www.shqiperia.com\/blog\/wp-content\/uploads\/2026\/03\/640-0-drishti2-1773249512.png?resize=450%2C272&amp;ssl=1 450w, https:\/\/i0.wp.com\/www.shqiperia.com\/blog\/wp-content\/uploads\/2026\/03\/640-0-drishti2-1773249512.png?resize=600%2C363&amp;ssl=1 600w, https:\/\/i0.wp.com\/www.shqiperia.com\/blog\/wp-content\/uploads\/2026\/03\/640-0-drishti2-1773249512.png?resize=400%2C242&amp;ssl=1 400w, https:\/\/i0.wp.com\/www.shqiperia.com\/blog\/wp-content\/uploads\/2026\/03\/640-0-drishti2-1773249512.png?w=640&amp;ssl=1 640w\" sizes=\"auto, (max-width: 878px) 100vw, 878px\" \/><\/p>\n<p>N\u00eb shek. XIII, n\u00ebn ndikimin bizantin, Drishti u p\u00ebrforcua si nj\u00eb k\u00ebshtjell\u00eb strategjike, duke u b\u00ebr\u00eb jo vet\u00ebm mbrojt\u00ebse e rrug\u00ebve tregtare, por edhe aren\u00eb p\u00ebrplasjesh mes fuqive q\u00eb synonin kontrollin e Shkodr\u00ebs dhe t\u00eb hap\u00ebsirave veriore iliro-shqiptare. K\u00ebshtjella kaloi her\u00eb n\u00ebn sundimin bizantin, her\u00eb n\u00ebn principatat lokale shqiptare, p\u00ebr t\u00eb qen\u00eb m\u00eb pas n\u00eb qend\u00ebr t\u00eb interesave t\u00eb Venedikut dhe Perandoris\u00eb Osmane.<\/p>\n<p>Kalaja e Drishtit, \u00ebsht\u00eb shpallur \u201cMonument Kulture\u201d q\u00eb prej vitit 1948.<\/p>\n<div id=\"galeria\">\n<div class=\"content-gallery\" id=\"img5\">\n<div class=\"gallery-wrapper\">\n<div class=\"gallery-img\"><img data-recalc-dims=\"1\" decoding=\"async\" alt=\"\" src=\"https:\/\/i0.wp.com\/cdnimpuls.com\/oranews.tv\/media3\/-640-0-drishti1-1773249511.png?ssl=1\" \/><\/div>\n<\/div>\n<\/div>\n<\/div>\n","protected":false},"excerpt":{"rendered":"<p>11 Mars 2026 Kalaja e Drishtit \u00ebsht\u00eb nj\u00eb destinacion i turizmit historiko-kulturor t\u00eb zon\u00ebs s\u00eb Shkodr\u00ebs. Ajo ngrihet mbi lugin\u00ebn e lumit Kir, n\u00eb pjes\u0113n fundore t\u00eb saj, dhe \u00ebsht\u00eb nj\u00eb nga d\u00ebshmit\u00eb m\u00eb t\u00eb r\u00ebnd\u00ebsishme t\u00eb qytet\u00ebrimit mesjetar n\u00eb arealin e Shkodr\u00ebs. Dikur pjes\u00eb e qytetit t\u00eb fortifikuar t\u00eb Drishtit, ajo sh\u00ebrbeu si pik\u00eb [&hellip;]<\/p>\n","protected":false},"author":9,"featured_media":98339,"comment_status":"open","ping_status":"open","sticky":false,"template":"","format":"standard","meta":{"jetpack_post_was_ever_published":false,"_jetpack_newsletter_access":"","_jetpack_dont_email_post_to_subs":false,"_jetpack_newsletter_tier_id":0,"_jetpack_memberships_contains_paywalled_content":false,"_jetpack_memberships_contains_paid_content":false,"footnotes":"","jetpack_publicize_message":"","jetpack_publicize_feature_enabled":true,"jetpack_social_post_already_shared":true,"jetpack_social_options":{"image_generator_settings":{"template":"highway","default_image_id":0,"font":"","enabled":false},"version":2}},"categories":[27,85,10,86],"tags":[],"class_list":["post-98338","post","type-post","status-publish","format-standard","has-post-thumbnail","hentry","category-blogu-i-udhetarit","category-histori","category-kultura","category-trashegimi-kulturore"],"jetpack_publicize_connections":[],"jetpack_featured_media_url":"https:\/\/i0.wp.com\/www.shqiperia.com\/blog\/wp-content\/uploads\/2026\/03\/640-0-drishti2-1773249512.png?fit=640%2C387&ssl=1","jetpack_sharing_enabled":true,"jetpack_shortlink":"https:\/\/wp.me\/p5Z6wp-pA6","jetpack-related-posts":[{"id":79426,"url":"https:\/\/www.shqiperia.com\/blog\/bazilikata-e-ballshit-pjese-e-rendesishme-e-turizmit-historiko-kulturor-arkeologet-nuk-ka-marre-vemendjen-e-duhur\/","url_meta":{"origin":98338,"position":0},"title":"Bazilikata e Ballshit, pjes\u00eb e r\u00ebnd\u00ebsishme e turizmit historiko-kulturor\/ Arkeolog\u00ebt: Nuk ka marr\u00eb v\u00ebmendjen e duhur","author":"Kurt Farka","date":"March 20, 2024","format":false,"excerpt":"20\u00a0 Mars 2024 Edhe pse ende \u00eb pazbuluar plot\u00ebsisht Bazilikata paleokristiane e qytetit t\u00eb Ballshit, \u00ebsht\u00eb nj\u00eb nd\u00ebr sitet m\u00eb t\u00eb r\u00ebnd\u00ebsish\u00ebm t\u00eb turizmit historiko- kulturor n\u00eb zon\u00ebn e Mallakastr\u00ebs dhe jo vet\u00ebm. Sipas specialistit t\u00eb turizmit n\u00eb bashkin\u00eb Mallakastr\u00eb Kreshnik Heqimaj, kjo bazilik\u00eb e cila daton n\u00eb shekullin e\u2026","rel":"","context":"In &quot;Blogu i Udh\u00ebtarit&quot;","block_context":{"text":"Blogu i Udh\u00ebtarit","link":"https:\/\/www.shqiperia.com\/blog\/category\/blogu-i-udhetarit\/"},"img":{"alt_text":"","src":"https:\/\/i0.wp.com\/www.shqiperia.com\/blog\/wp-content\/uploads\/2024\/03\/bylis-696x464-1-1-696x430-1.jpg?fit=696%2C430&ssl=1&resize=350%2C200","width":350,"height":200,"srcset":"https:\/\/i0.wp.com\/www.shqiperia.com\/blog\/wp-content\/uploads\/2024\/03\/bylis-696x464-1-1-696x430-1.jpg?fit=696%2C430&ssl=1&resize=350%2C200 1x, https:\/\/i0.wp.com\/www.shqiperia.com\/blog\/wp-content\/uploads\/2024\/03\/bylis-696x464-1-1-696x430-1.jpg?fit=696%2C430&ssl=1&resize=525%2C300 1.5x"},"classes":[]},{"id":878,"url":"https:\/\/www.shqiperia.com\/blog\/heraldika-shqiptare-monogafi-e-autorit-jaho-brahaj\/","url_meta":{"origin":98338,"position":1},"title":"Heraldika Shqiptare: monogafi e autorit Jaho Brahaj","author":"Kurt Farka","date":"January 9, 2018","format":false,"excerpt":"Nga: Prof. Dr. Ferit Duka - Veper e\u00a0 themelt\u00eb n\u00eb k\u00ebt\u00eb disiplin\u00eb q\u00eb i ka munguar studimeve albanologjike. Studimi monografik shkencor \"Emblemat Shqiptare - gjurmime heraldike\" i autorit Jaho Brahaj, paraqet interes te ve\u00e7ant\u00eb n\u00eb fush\u00ebn e studimeve mbi simbolik\u00ebn historike kornb\u00ebtare t\u00eb shqiptareve. Punimi n\u00eb fjale permban informacion t\u00eb\u2026","rel":"","context":"In &quot;Trashegimi Kulturore&quot;","block_context":{"text":"Trashegimi Kulturore","link":"https:\/\/www.shqiperia.com\/blog\/category\/trashegimi-kulturore\/"},"img":{"alt_text":"","src":"https:\/\/i0.wp.com\/www.shqiperia.com\/blog\/wp-content\/uploads\/2018\/01\/Jaho-Brahaj.jpg?fit=754%2C960&ssl=1&resize=350%2C200","width":350,"height":200,"srcset":"https:\/\/i0.wp.com\/www.shqiperia.com\/blog\/wp-content\/uploads\/2018\/01\/Jaho-Brahaj.jpg?fit=754%2C960&ssl=1&resize=350%2C200 1x, https:\/\/i0.wp.com\/www.shqiperia.com\/blog\/wp-content\/uploads\/2018\/01\/Jaho-Brahaj.jpg?fit=754%2C960&ssl=1&resize=525%2C300 1.5x, https:\/\/i0.wp.com\/www.shqiperia.com\/blog\/wp-content\/uploads\/2018\/01\/Jaho-Brahaj.jpg?fit=754%2C960&ssl=1&resize=700%2C400 2x"},"classes":[]},{"id":96614,"url":"https:\/\/www.shqiperia.com\/blog\/shkodra-ne-qender-te-nje-vizioni-te-ri-kulturor-qe-perfshin-dhe-ngritjen-e-nje-rrjeti-muzesh\/","url_meta":{"origin":98338,"position":2},"title":"Shkodra n\u00eb qend\u00ebr t\u00eb nj\u00eb vizioni t\u00eb ri kulturor, q\u00eb p\u00ebrfshin dhe ngritjen e nj\u00eb rrjeti muzesh","author":"Kurt Farka","date":"January 16, 2026","format":false,"excerpt":"16 Janar 2026 Shkodra po nd\u00ebrton nj\u00eb vizion t\u00eb ri kulturor, q\u00eb e vendos trash\u00ebgimin\u00eb n\u00eb qend\u00ebr t\u00eb zhvillimit t\u00eb q\u00ebndruesh\u00ebm t\u00eb qytetit. Pasuria e kulturore e Shkodr\u00ebs ishte n\u00eb qend\u00ebr t\u00eb takimit q\u00eb zhvilloi ministri Blendi Gonxhja me kryetarin e Bashkis\u00eb Shkod\u00ebr, Benet Beci, dhe stafin teknik t\u00eb Ministris\u00eb\u2026","rel":"","context":"In &quot;Arte&quot;","block_context":{"text":"Arte","link":"https:\/\/www.shqiperia.com\/blog\/category\/arte\/"},"img":{"alt_text":"","src":"https:\/\/i0.wp.com\/www.shqiperia.com\/blog\/wp-content\/uploads\/2026\/01\/Shkodra.jpg?fit=777%2C526&ssl=1&resize=350%2C200","width":350,"height":200,"srcset":"https:\/\/i0.wp.com\/www.shqiperia.com\/blog\/wp-content\/uploads\/2026\/01\/Shkodra.jpg?fit=777%2C526&ssl=1&resize=350%2C200 1x, https:\/\/i0.wp.com\/www.shqiperia.com\/blog\/wp-content\/uploads\/2026\/01\/Shkodra.jpg?fit=777%2C526&ssl=1&resize=525%2C300 1.5x, https:\/\/i0.wp.com\/www.shqiperia.com\/blog\/wp-content\/uploads\/2026\/01\/Shkodra.jpg?fit=777%2C526&ssl=1&resize=700%2C400 2x"},"classes":[]},{"id":99276,"url":"https:\/\/www.shqiperia.com\/blog\/projekt-1-mln-euro-per-transformimin-e-kalase-se-shkodres-sokoli-nderhyrja-me-e-rendesishme-pas-4-dekadash-ruajme-cdo-vlere-historike\/","url_meta":{"origin":98338,"position":3},"title":"Projekt 1 mln euro p\u00ebr transformimin e Kalas\u00eb s\u00eb Shkodr\u00ebs, Sokoli: &#8211; Nd\u00ebrhyrja m\u00eb e r\u00ebnd\u00ebsishme pas 4 dekadash, ruajm\u00eb \u00e7do vler\u00eb historike","author":"Kurt Farka","date":"April 9, 2026","format":false,"excerpt":"9 Prill 2026 Projekti \u201cRijet\u00ebzimi i Kalas\u00eb s\u00eb Shkodr\u00ebs\u201d tashm\u00eb \u00ebsht\u00eb gati, nj\u00eb investim i mb\u00ebshtetur nga\u00a0BERZH\u00a0dhe\u00a0Bashkimi Europian\u00a0me zbatues Fondin Shqiptar t\u00eb Zhvillimit. Ky projekt do ta kthej\u00eb k\u00ebt\u00eb monument n\u00eb nj\u00eb hap\u00ebsir\u00eb t\u00eb gjall\u00eb kulturore, turistike dhe edukative, duke p\u00ebrmir\u00ebsuar infrastruktur\u00ebn dhe p\u00ebrvoj\u00ebn e vizitor\u00ebve, nd\u00ebrsa ruan me kujdes\u2026","rel":"","context":"In &quot;Histori&quot;","block_context":{"text":"Histori","link":"https:\/\/www.shqiperia.com\/blog\/category\/histori\/"},"img":{"alt_text":"","src":"https:\/\/i0.wp.com\/www.shqiperia.com\/blog\/wp-content\/uploads\/2026\/04\/1775727353_kalajashkodres.jpg?fit=780%2C440&ssl=1&resize=350%2C200","width":350,"height":200,"srcset":"https:\/\/i0.wp.com\/www.shqiperia.com\/blog\/wp-content\/uploads\/2026\/04\/1775727353_kalajashkodres.jpg?fit=780%2C440&ssl=1&resize=350%2C200 1x, https:\/\/i0.wp.com\/www.shqiperia.com\/blog\/wp-content\/uploads\/2026\/04\/1775727353_kalajashkodres.jpg?fit=780%2C440&ssl=1&resize=525%2C300 1.5x, https:\/\/i0.wp.com\/www.shqiperia.com\/blog\/wp-content\/uploads\/2026\/04\/1775727353_kalajashkodres.jpg?fit=780%2C440&ssl=1&resize=700%2C400 2x"},"classes":[]},{"id":20866,"url":"https:\/\/www.shqiperia.com\/blog\/kalaja-e-bashtoves-kavaje\/","url_meta":{"origin":98338,"position":4},"title":"Kalaja e Bashtov\u00ebs Kavaje. &#8211;","author":"Kurt Farka","date":"May 8, 2019","format":false,"excerpt":"Kalaja e Bashtov\u00ebs Kavaje. Kalaja e Bashtov\u00ebs (Castle Bashtova) ngrihet pran\u00eb fshatit t\u00ebVile-Bashtov\u00ebs n\u00eb nj\u00eb distanc\u00eb prej 3-4 km, n\u00eb veri t\u00eb gryk\u00ebderdhjes s\u00eb\u00a0lumit t\u00eb Shkumbinit. K\u00ebshtjella \u00ebsht\u00eb nd\u00ebrtuar n\u00eb shekullin XV dhe u ka sh\u00ebrbyer venecian\u00ebve,per shkembime tregtare. Zona e Bashtov\u00ebs \u00ebsht\u00eb p\u00ebrmendur si nj\u00eb port lumor n\u00eb Shkumbin\u2026","rel":"","context":"In &quot;Blogu i Udh\u00ebtarit&quot;","block_context":{"text":"Blogu i Udh\u00ebtarit","link":"https:\/\/www.shqiperia.com\/blog\/category\/blogu-i-udhetarit\/"},"img":{"alt_text":"","src":"https:\/\/i0.wp.com\/www.shqiperia.com\/blog\/wp-content\/uploads\/2019\/05\/Kalaja-e-Bashtoves-Copy.jpg?fit=756%2C293&ssl=1&resize=350%2C200","width":350,"height":200,"srcset":"https:\/\/i0.wp.com\/www.shqiperia.com\/blog\/wp-content\/uploads\/2019\/05\/Kalaja-e-Bashtoves-Copy.jpg?fit=756%2C293&ssl=1&resize=350%2C200 1x, https:\/\/i0.wp.com\/www.shqiperia.com\/blog\/wp-content\/uploads\/2019\/05\/Kalaja-e-Bashtoves-Copy.jpg?fit=756%2C293&ssl=1&resize=525%2C300 1.5x, https:\/\/i0.wp.com\/www.shqiperia.com\/blog\/wp-content\/uploads\/2019\/05\/Kalaja-e-Bashtoves-Copy.jpg?fit=756%2C293&ssl=1&resize=700%2C400 2x"},"classes":[]},{"id":5486,"url":"https:\/\/www.shqiperia.com\/blog\/kalaja-e-bashtoves-castle-bashtova\/","url_meta":{"origin":98338,"position":5},"title":"Kalaja e Bashtov\u00ebs (Castle Bashtova). &#8211;","author":"Kurt Farka","date":"March 23, 2018","format":false,"excerpt":"\u00a0 Kalaja e Bashtov\u00ebs ngrihet pran\u00eb fshatit t\u00ebVile-Bashtov\u00ebs n\u00eb nj\u00eb distanc\u00eb prej 3-4 km, n\u00eb veri t\u00eb gryk\u00ebderdhjes s\u00eb lumit t\u00eb Shkumbinit. K\u00ebshtjella \u00ebsht\u00eb nd\u00ebrtuar n\u00eb shekullin XV dhe u ka sh\u00ebrbyer venecian\u00ebve,per shkembime tregtare. Zona e Bashtov\u00ebs \u00ebsht\u00eb p\u00ebrmendur si nj\u00eb port lumor n\u00eb Shkumbin si dhe nj\u00eb qend\u00ebr\u2026","rel":"","context":"In &quot;Trashegimi Kulturore&quot;","block_context":{"text":"Trashegimi Kulturore","link":"https:\/\/www.shqiperia.com\/blog\/category\/trashegimi-kulturore\/"},"img":{"alt_text":"","src":"https:\/\/i0.wp.com\/www.shqiperia.com\/blog\/wp-content\/uploads\/2018\/03\/Castle_of_Bashtov%C3%AB-Kalaja-e-Bashtov%C3%ABs-2.jpg?resize=350%2C200","width":350,"height":200},"classes":[]}],"_links":{"self":[{"href":"https:\/\/www.shqiperia.com\/blog\/wp-json\/wp\/v2\/posts\/98338","targetHints":{"allow":["GET"]}}],"collection":[{"href":"https:\/\/www.shqiperia.com\/blog\/wp-json\/wp\/v2\/posts"}],"about":[{"href":"https:\/\/www.shqiperia.com\/blog\/wp-json\/wp\/v2\/types\/post"}],"author":[{"embeddable":true,"href":"https:\/\/www.shqiperia.com\/blog\/wp-json\/wp\/v2\/users\/9"}],"replies":[{"embeddable":true,"href":"https:\/\/www.shqiperia.com\/blog\/wp-json\/wp\/v2\/comments?post=98338"}],"version-history":[{"count":1,"href":"https:\/\/www.shqiperia.com\/blog\/wp-json\/wp\/v2\/posts\/98338\/revisions"}],"predecessor-version":[{"id":98341,"href":"https:\/\/www.shqiperia.com\/blog\/wp-json\/wp\/v2\/posts\/98338\/revisions\/98341"}],"wp:featuredmedia":[{"embeddable":true,"href":"https:\/\/www.shqiperia.com\/blog\/wp-json\/wp\/v2\/media\/98339"}],"wp:attachment":[{"href":"https:\/\/www.shqiperia.com\/blog\/wp-json\/wp\/v2\/media?parent=98338"}],"wp:term":[{"taxonomy":"category","embeddable":true,"href":"https:\/\/www.shqiperia.com\/blog\/wp-json\/wp\/v2\/categories?post=98338"},{"taxonomy":"post_tag","embeddable":true,"href":"https:\/\/www.shqiperia.com\/blog\/wp-json\/wp\/v2\/tags?post=98338"}],"curies":[{"name":"wp","href":"https:\/\/api.w.org\/{rel}","templated":true}]}}