{"id":98335,"date":"2026-03-11T22:31:58","date_gmt":"2026-03-11T22:31:58","guid":{"rendered":"https:\/\/www.shqiperia.com\/blog\/?p=98335"},"modified":"2026-03-11T22:31:58","modified_gmt":"2026-03-11T22:31:58","slug":"sokol-sadushi-genjen-per-dokumentet-e-kie-se","status":"publish","type":"post","link":"https:\/\/www.shqiperia.com\/blog\/sokol-sadushi-genjen-per-dokumentet-e-kie-se\/","title":{"rendered":"Sokol Sadushi g\u00ebnjen p\u00ebr dokumentet e KiE-s\u00eb"},"content":{"rendered":"<div id=\"attachment_98336\" style=\"width: 654px\" class=\"wp-caption alignnone\"><img data-recalc-dims=\"1\" loading=\"lazy\" decoding=\"async\" aria-describedby=\"caption-attachment-98336\" data-attachment-id=\"98336\" data-permalink=\"https:\/\/www.shqiperia.com\/blog\/sokol-sadushi-genjen-per-dokumentet-e-kie-se\/1200-630-1715448848xsokol-sadushi-gjykata-e-larte-389\/\" data-orig-file=\"https:\/\/i0.wp.com\/www.shqiperia.com\/blog\/wp-content\/uploads\/2026\/03\/1200-630-1715448848xsokol-sadushi-gjykata-e-larte-389.jpg?fit=1200%2C630&amp;ssl=1\" data-orig-size=\"1200,630\" data-comments-opened=\"1\" data-image-meta=\"{&quot;aperture&quot;:&quot;0&quot;,&quot;credit&quot;:&quot;&quot;,&quot;camera&quot;:&quot;&quot;,&quot;caption&quot;:&quot;&quot;,&quot;created_timestamp&quot;:&quot;0&quot;,&quot;copyright&quot;:&quot;&quot;,&quot;focal_length&quot;:&quot;0&quot;,&quot;iso&quot;:&quot;0&quot;,&quot;shutter_speed&quot;:&quot;0&quot;,&quot;title&quot;:&quot;&quot;,&quot;orientation&quot;:&quot;0&quot;}\" data-image-title=\"Sokol Sadushi\" data-image-description=\"\" data-image-caption=\"&lt;p&gt;Sokol Sadushi&lt;\/p&gt;\n\" data-medium-file=\"https:\/\/i0.wp.com\/www.shqiperia.com\/blog\/wp-content\/uploads\/2026\/03\/1200-630-1715448848xsokol-sadushi-gjykata-e-larte-389.jpg?fit=300%2C158&amp;ssl=1\" data-large-file=\"https:\/\/i0.wp.com\/www.shqiperia.com\/blog\/wp-content\/uploads\/2026\/03\/1200-630-1715448848xsokol-sadushi-gjykata-e-larte-389.jpg?fit=1024%2C538&amp;ssl=1\" class=\" wp-image-98336\" alt=\"\" src=\"https:\/\/i0.wp.com\/www.shqiperia.com\/blog\/wp-content\/uploads\/2026\/03\/1200-630-1715448848xsokol-sadushi-gjykata-e-larte-389.jpg?resize=644%2C339&#038;ssl=1\" width=\"644\" height=\"339\" srcset=\"https:\/\/i0.wp.com\/www.shqiperia.com\/blog\/wp-content\/uploads\/2026\/03\/1200-630-1715448848xsokol-sadushi-gjykata-e-larte-389.jpg?resize=300%2C158&amp;ssl=1 300w, https:\/\/i0.wp.com\/www.shqiperia.com\/blog\/wp-content\/uploads\/2026\/03\/1200-630-1715448848xsokol-sadushi-gjykata-e-larte-389.jpg?resize=1024%2C538&amp;ssl=1 1024w, https:\/\/i0.wp.com\/www.shqiperia.com\/blog\/wp-content\/uploads\/2026\/03\/1200-630-1715448848xsokol-sadushi-gjykata-e-larte-389.jpg?resize=768%2C403&amp;ssl=1 768w, https:\/\/i0.wp.com\/www.shqiperia.com\/blog\/wp-content\/uploads\/2026\/03\/1200-630-1715448848xsokol-sadushi-gjykata-e-larte-389.jpg?resize=450%2C236&amp;ssl=1 450w, https:\/\/i0.wp.com\/www.shqiperia.com\/blog\/wp-content\/uploads\/2026\/03\/1200-630-1715448848xsokol-sadushi-gjykata-e-larte-389.jpg?resize=600%2C315&amp;ssl=1 600w, https:\/\/i0.wp.com\/www.shqiperia.com\/blog\/wp-content\/uploads\/2026\/03\/1200-630-1715448848xsokol-sadushi-gjykata-e-larte-389.jpg?resize=400%2C210&amp;ssl=1 400w, https:\/\/i0.wp.com\/www.shqiperia.com\/blog\/wp-content\/uploads\/2026\/03\/1200-630-1715448848xsokol-sadushi-gjykata-e-larte-389.jpg?w=1200&amp;ssl=1 1200w\" sizes=\"auto, (max-width: 644px) 100vw, 644px\" \/><p id=\"caption-attachment-98336\" class=\"wp-caption-text\">Sokol Sadushi<\/p><\/div>\n<p>11 Mars 2026<\/p>\n<p>N\u00eb nj\u00eb vendim t\u00eb dat\u00ebs 9 mars, t\u00eb publikuar n\u00eb faqen e Gjykat\u00ebs s\u00eb Lart\u00eb, p\u00ebr ndryshimin e pjessh\u00ebm t\u00eb praktik\u00ebs s\u00eb nj\u00ebsuar t\u00eb Kolegjeve t\u00eb Bashkuara t\u00eb Gjykat\u00ebs s\u00eb Lart\u00eb mbi masat e sigurimit personal, thuhet se b\u00ebhet n\u00eb baz\u00eb t\u00eb nj\u00eb dokumenti t\u00eb Konvent\u00ebs Europiane t\u00eb K\u00ebshillit t\u00eb Europ\u00ebs dhe p\u00ebrdoret si nj\u00eb dokument kund\u00ebr paraburgimit.\u201c<em>Vendim i r\u00ebnd\u00ebsish\u00ebm p\u00ebr praktik\u00ebn gjyq\u00ebsore n\u00eb fush\u00ebn penale<\/em><\/p>\n<p><em>Kryetari i Gjykat\u00ebs s\u00eb Lart\u00eb ka nisur procedur\u00ebn p\u00ebr ndryshimin e pjessh\u00ebm t\u00eb praktik\u00ebs s\u00eb nj\u00ebsuar t\u00eb Kolegjeve t\u00eb Bashkuara, lidhur me vendimin unifikues nr. 7, dat\u00eb 14.10.2011, mbi masat e sigurimit personal.<\/em><\/p>\n<p><em>Q\u00ebllimi \u00ebsht\u00eb t\u00eb sigurohet nj\u00eb praktik\u00eb gjyq\u00ebsore m\u00eb e nj\u00ebtrajtshme dhe n\u00eb p\u00ebrputhje me standardet kushtetuese, ligjore dhe ato t\u00eb Konvent\u00ebs Evropiane p\u00ebr kufizimin e liris\u00eb personale. Ky vendim sh\u00ebnon gjithashtu ushtrimin p\u00ebr her\u00eb t\u00eb par\u00eb, t\u00eb kompetenc\u00ebs s\u00eb Kryetarit t\u00eb Gjykat\u00ebs s\u00eb Lart\u00eb, sipas nenit 438 t\u00eb Kodit t\u00eb Procedur\u00ebs Penale p\u00ebr ndryshimin e pjessh\u00ebm t\u00eb nj\u00eb praktike t\u00eb nj\u00ebsuar. Seanca publike do t\u00eb zhvillohet n\u00eb dat\u00ebn 9\/04\/2026, ora 9:30<\/em>\u201d, thuhet n\u00eb njoftimin e Gjykat\u00ebs s\u00eb Lart\u00eb.<\/p>\n<p>N\u00eb fakt, ky nuk \u00ebsht\u00eb nj\u00eb dokument i K\u00ebshillit t\u00eb Europ\u00ebs. Dokumenti q\u00eb pretendon Sadushi dhe marionetat mediatike t\u00eb pushtetit \u00ebsht\u00eb nj\u00eb material i porositur nga qeveria shqiptare dhe i hartuar nga disa ekspert\u00eb.<\/p>\n<p>Vet\u00eb dokumenti e thot\u00eb mjaft qart\u00eb, se \u00ebsht\u00eb hartuar me k\u00ebrkes\u00eb t\u00eb qeveris\u00eb shqiptare.\u201c<em>Ky dokument udh\u00ebzues (Guiding Paper \u2013 GP) \u00ebsht\u00eb hartuar me k\u00ebrkes\u00eb t\u00eb Qeveris\u00eb s\u00eb Republik\u00ebs s\u00eb Shqip\u00ebris\u00eb, me q\u00ebllim informimin e procesit t\u00eb hartimit t\u00eb legjislacionit p\u00ebr ndryshimin e Kodit Penal (KP) dhe Kodit t\u00eb Procedur\u00ebs Penale (KPP), me nj\u00eb fokus t\u00eb ve\u00e7ant\u00eb te dispozitat q\u00eb lidhen me paraburgimin<\/em>\u201d, thuhet n\u00eb dokument.<\/p>\n<p>N\u00eb fund t\u00eb k\u00ebtij dokumenti vet\u00eb ekspert\u00ebt b\u00ebjn\u00eb me dije se opinionet e shprehura jan\u00eb p\u00ebrgjegj\u00ebsi e autor\u00ebve dhe nuk reflektojn\u00eb politik\u00ebn zyrtare t\u00eb KiE-s\u00eb.<\/p>\n<p>Pra, ai q\u00eb p\u00ebrdoret si argument nga Sokol Sadushi dhe Erion Veliaj nuk lidhet me KiE-n\u00eb dhe s\u00ebrish thjesht vijojn\u00eb g\u00ebnjejn\u00eb.\u201c<em>Opinionet e shprehura n\u00eb k\u00ebt\u00eb punim jan\u00eb p\u00ebrgjegj\u00ebsi e autor\u00ebve dhe nuk reflektojn\u00eb politik\u00ebn zyrtare t\u00eb K\u00ebshillit t\u00eb Europ\u00ebs<\/em>\u201d, thuhet n\u00eb dokument.<\/p>\n<p>Dokumentin e ekspert\u00ebve t\u00eb porositur nga qeveria n\u00eb lidhje me situat\u00ebn e paraburgimit, e ka b\u00ebr\u00eb publik nj\u00eb nga &#8220;marionetat mediatike&#8221; t\u00eb Erion Veliajt, Carlo Bollino.<\/p>\n<p>P\u00ebr k\u00ebt\u00eb publikim, n\u00eb fakt, duhet ta fal\u00ebnderojm\u00eb Carlo Bollino-n, pasi na ka v\u00ebn\u00eb n\u00eb dispozicion t\u00eb v\u00ebrtet\u00ebn e atij dokumenti q\u00eb pretendohet nga Sadushi, mediet e pushtetit dhe njer\u00ebzit q\u00eb dalin n\u00eb ekrane dhe e \u201cpompojn\u00eb\u201d si nj\u00eb dokument t\u00eb K\u00ebshillit t\u00eb Europ\u00ebs, se \u00ebsht\u00eb thjesht nj\u00eb porosi e qeveris\u00eb.<\/p>\n<p>Ky dokument q\u00eb Sokol Sadushi thot\u00eb se jan\u00eb standardet e Konvent\u00ebs Europiane t\u00eb K\u00ebshillit t\u00eb Europ\u00ebs, q\u00eb raportohet si nj\u00eb dokument i r\u00ebnd\u00ebsish\u00ebm i KiE-s\u00eb, n\u00eb fakt rezultoi t\u00eb ishte thjesht nj\u00eb dokument i porositur p\u00ebr interesa t\u00eb qeveris\u00eb shqiptare, n\u00eb shkelje t\u00eb hapur t\u00eb ligjit.\/<a href=\"https:\/\/www.cna.al\/aktualitet\/nje-tjeter-fakt-kunder-sokol-sadushi-genjen-per-dokumentet-e-kie-i457772\"><strong>CNA<\/strong><\/a><\/p>\n","protected":false},"excerpt":{"rendered":"<p>11 Mars 2026 N\u00eb nj\u00eb vendim t\u00eb dat\u00ebs 9 mars, t\u00eb publikuar n\u00eb faqen e Gjykat\u00ebs s\u00eb Lart\u00eb, p\u00ebr ndryshimin e pjessh\u00ebm t\u00eb praktik\u00ebs s\u00eb nj\u00ebsuar t\u00eb Kolegjeve t\u00eb Bashkuara t\u00eb Gjykat\u00ebs s\u00eb Lart\u00eb mbi masat e sigurimit personal, thuhet se b\u00ebhet n\u00eb baz\u00eb t\u00eb nj\u00eb dokumenti t\u00eb Konvent\u00ebs Europiane t\u00eb K\u00ebshillit t\u00eb Europ\u00ebs dhe [&hellip;]<\/p>\n","protected":false},"author":9,"featured_media":98336,"comment_status":"open","ping_status":"open","sticky":false,"template":"","format":"standard","meta":{"jetpack_post_was_ever_published":false,"_jetpack_newsletter_access":"","_jetpack_dont_email_post_to_subs":false,"_jetpack_newsletter_tier_id":0,"_jetpack_memberships_contains_paywalled_content":false,"_jetpack_memberships_contains_paid_content":false,"footnotes":"","jetpack_publicize_message":"","jetpack_publicize_feature_enabled":true,"jetpack_social_post_already_shared":true,"jetpack_social_options":{"image_generator_settings":{"template":"highway","default_image_id":0,"font":"","enabled":false},"version":2}},"categories":[27,1],"tags":[],"class_list":["post-98335","post","type-post","status-publish","format-standard","has-post-thumbnail","hentry","category-blogu-i-udhetarit","category-njoftime-shtypi"],"jetpack_publicize_connections":[],"jetpack_featured_media_url":"https:\/\/i0.wp.com\/www.shqiperia.com\/blog\/wp-content\/uploads\/2026\/03\/1200-630-1715448848xsokol-sadushi-gjykata-e-larte-389.jpg?fit=1200%2C630&ssl=1","jetpack_sharing_enabled":true,"jetpack_shortlink":"https:\/\/wp.me\/p5Z6wp-pA3","jetpack-related-posts":[{"id":96218,"url":"https:\/\/www.shqiperia.com\/blog\/sokol-sadushi-kryetar-i-gjykates-se-larte-sistemi-i-drejtesise-nuk-funksionon-sic-duhet\/","url_meta":{"origin":98335,"position":0},"title":"Sokol Sadushi, kryetar i Gjykat\u00ebs s\u00eb Lart\u00eb: &#8211; Sistemi i Drejtesise nuk funksionon si\u00e7 duhet","author":"Kurt Farka","date":"December 30, 2025","format":false,"excerpt":"30 Dhjetor 2025 Sokol\u00a0Sadushi, kryetar i Gjykat\u00ebs s\u00eb Lart\u00eb, shprehet i pak\u00ebnaqur me m\u00ebnyr\u00ebn e zbatimit t\u00eb reform\u00ebs n\u00eb drejt\u00ebsi.\u00a0N\u00eb konferenc\u00ebn e fundvitit,\u00a0Sadushi\u00a0u shpreh se sistemi nuk po funksionon si\u00e7 duhet, duke ngritur si shqet\u00ebsim numrin e ul\u00ebt t\u00eb gjyqtar\u00ebve dhe prokuror\u00ebve n\u00eb Shkoll\u00ebn e Magjistratur\u00ebs.\u00a0Sadushi\u00a0u shpreh kritik ve\u00e7an\u00ebrisht p\u00ebr\u2026","rel":"","context":"In &quot;Blogu i Udh\u00ebtarit&quot;","block_context":{"text":"Blogu i Udh\u00ebtarit","link":"https:\/\/www.shqiperia.com\/blog\/category\/blogu-i-udhetarit\/"},"img":{"alt_text":"","src":"https:\/\/i0.wp.com\/www.shqiperia.com\/blog\/wp-content\/uploads\/2025\/12\/IMG_3897.jpeg?fit=707%2C508&ssl=1&resize=350%2C200","width":350,"height":200,"srcset":"https:\/\/i0.wp.com\/www.shqiperia.com\/blog\/wp-content\/uploads\/2025\/12\/IMG_3897.jpeg?fit=707%2C508&ssl=1&resize=350%2C200 1x, https:\/\/i0.wp.com\/www.shqiperia.com\/blog\/wp-content\/uploads\/2025\/12\/IMG_3897.jpeg?fit=707%2C508&ssl=1&resize=525%2C300 1.5x, https:\/\/i0.wp.com\/www.shqiperia.com\/blog\/wp-content\/uploads\/2025\/12\/IMG_3897.jpeg?fit=707%2C508&ssl=1&resize=700%2C400 2x"},"classes":[]},{"id":10281,"url":"https:\/\/www.shqiperia.com\/blog\/ja-si-u-zbuluan-tre-sokolat-e-edi-rames\/","url_meta":{"origin":98335,"position":1},"title":"Ja si u zbuluan tre Sokolat e Edi Ram\u00ebs. &#8211;","author":"Kurt Farka","date":"July 26, 2018","format":false,"excerpt":"Ja si u zbuluan tre Sokolat e Edi Ram\u00ebs. - \"Asnj\u00ebri prej tre \u201cSokolave\u201d , ende nuk kan\u00eb kaluar n\u00eb\u00a0Vetting, nd\u00ebrkoh\u00eb q\u00eb jan\u00eb rehatuar nga Rama.\" Nga Elvi Fundo Reforma n\u00eb drejt\u00ebsi, ka qen\u00eb dhe mbetet peng i politik\u00ebs. CNA.al, ka paralajm\u00ebruar m\u00eb shum\u00eb se dy vite m\u00eb par\u00eb me\u2026","rel":"","context":"In &quot;Blogu i Udh\u00ebtarit&quot;","block_context":{"text":"Blogu i Udh\u00ebtarit","link":"https:\/\/www.shqiperia.com\/blog\/category\/blogu-i-udhetarit\/"},"img":{"alt_text":"","src":"https:\/\/i0.wp.com\/www.shqiperia.com\/blog\/wp-content\/uploads\/2018\/07\/rama-kruan-koken-compressor-1.jpg?fit=636%2C427&ssl=1&resize=350%2C200","width":350,"height":200,"srcset":"https:\/\/i0.wp.com\/www.shqiperia.com\/blog\/wp-content\/uploads\/2018\/07\/rama-kruan-koken-compressor-1.jpg?fit=636%2C427&ssl=1&resize=350%2C200 1x, https:\/\/i0.wp.com\/www.shqiperia.com\/blog\/wp-content\/uploads\/2018\/07\/rama-kruan-koken-compressor-1.jpg?fit=636%2C427&ssl=1&resize=525%2C300 1.5x"},"classes":[]},{"id":30549,"url":"https:\/\/www.shqiperia.com\/blog\/kambanat-duhet-qe-te-bien-qe-neser-avokati-i-njohur-saimir-vishaj-jep-alarmin\/","url_meta":{"origin":98335,"position":2},"title":"\u201cKambanat duhet q\u00eb t\u00eb bien q\u00eb nes\u00ebr\u201d, avokati i njohur Saimir Vishaj jep alarmin","author":"Kurt Farka","date":"January 21, 2020","format":false,"excerpt":"\u201cKambanat duhet q\u00eb t\u00eb bien q\u00eb nes\u00ebr\u201d, avokati i njohur Saimir Vishaj jep alarmin 20 JANAR 2020 Nj\u00ebsia e dekriminalizimit pran\u00eb Prokuroris\u00eb s\u00eb P\u00ebrgjithshme ka nisur verifikimet mbi t\u00eb shkuar\u00ebn e Agron Malajt, sot kryetar bashkie n\u00eb Burrel, i dal\u00eb nga zgjedhjet e 30 qershorit. Avokatit i njohur Saimir Vishaj,\u2026","rel":"","context":"In &quot;Blogu i Udh\u00ebtarit&quot;","block_context":{"text":"Blogu i Udh\u00ebtarit","link":"https:\/\/www.shqiperia.com\/blog\/category\/blogu-i-udhetarit\/"},"img":{"alt_text":"","src":"https:\/\/i0.wp.com\/www.shqiperia.com\/blog\/wp-content\/uploads\/2020\/01\/800-0-5e2628c09ccc2.jpg?fit=800%2C450&ssl=1&resize=350%2C200","width":350,"height":200,"srcset":"https:\/\/i0.wp.com\/www.shqiperia.com\/blog\/wp-content\/uploads\/2020\/01\/800-0-5e2628c09ccc2.jpg?fit=800%2C450&ssl=1&resize=350%2C200 1x, https:\/\/i0.wp.com\/www.shqiperia.com\/blog\/wp-content\/uploads\/2020\/01\/800-0-5e2628c09ccc2.jpg?fit=800%2C450&ssl=1&resize=525%2C300 1.5x, https:\/\/i0.wp.com\/www.shqiperia.com\/blog\/wp-content\/uploads\/2020\/01\/800-0-5e2628c09ccc2.jpg?fit=800%2C450&ssl=1&resize=700%2C400 2x"},"classes":[]},{"id":78363,"url":"https:\/\/www.shqiperia.com\/blog\/pas-largimit-nga-shqiperia-blinken-zberthen-takimin-me-dumanin-dhe-kreret-e-drejtesise-lufte-korrupsionit-koha-te-veproni-me-guxim\/","url_meta":{"origin":98335,"position":3},"title":"Pas largimit nga Shqip\u00ebria, Blinken \u2018zb\u00ebrthen\u2019 takimin me Dumanin dhe krer\u00ebt e drejt\u00ebsis\u00eb: &#8211; Luft\u00eb korrupsionit, koha t\u00eb veproni me guxim","author":"Kurt Farka","date":"February 17, 2024","format":false,"excerpt":"17 Shkurt 2024 N\u00eb vizit\u00ebn e tij t\u00eb par\u00eb n\u00eb Tiran\u00eb, sekretari amerikan i Shtetit, Antony Blinken nuk ngurroi t\u00eb shpreh\u00eb mb\u00ebshtetjen e SHBA-s\u00eb p\u00ebr reform\u00ebn n\u00eb drejt\u00ebsi. P\u00ebr k\u00ebt\u00eb arsye, sekretari i Shtetit zhvilloi nj\u00eb takim t\u00eb ve\u00e7ant\u00eb me krer\u00ebt e institucioneve t\u00eb drejt\u00ebsis\u00eb n\u00eb vend, p\u00ebr t'i inkurajuar\u2026","rel":"","context":"In &quot;Njoftime Shtypi&quot;","block_context":{"text":"Njoftime Shtypi","link":"https:\/\/www.shqiperia.com\/blog\/category\/njoftime-shtypi\/"},"img":{"alt_text":"","src":"https:\/\/i0.wp.com\/www.shqiperia.com\/blog\/wp-content\/uploads\/2024\/02\/1708074028_c.jpg?fit=1200%2C800&ssl=1&resize=350%2C200","width":350,"height":200,"srcset":"https:\/\/i0.wp.com\/www.shqiperia.com\/blog\/wp-content\/uploads\/2024\/02\/1708074028_c.jpg?fit=1200%2C800&ssl=1&resize=350%2C200 1x, https:\/\/i0.wp.com\/www.shqiperia.com\/blog\/wp-content\/uploads\/2024\/02\/1708074028_c.jpg?fit=1200%2C800&ssl=1&resize=525%2C300 1.5x, https:\/\/i0.wp.com\/www.shqiperia.com\/blog\/wp-content\/uploads\/2024\/02\/1708074028_c.jpg?fit=1200%2C800&ssl=1&resize=700%2C400 2x, https:\/\/i0.wp.com\/www.shqiperia.com\/blog\/wp-content\/uploads\/2024\/02\/1708074028_c.jpg?fit=1200%2C800&ssl=1&resize=1050%2C600 3x"},"classes":[]},{"id":82814,"url":"https:\/\/www.shqiperia.com\/blog\/gjykata-e-posacme-e-apelit-liron-nga-burgu-erzen-brecanin\/","url_meta":{"origin":98335,"position":4},"title":"Gjykata e Posa\u00e7me e Apelit liron nga burgu Erzen Bre\u00e7anin","author":"Kurt Farka","date":"July 16, 2024","format":false,"excerpt":"16 Korrik 2024 Gjykata e Posa\u00e7me e Apelit ka liruar nga qelia ish-n\u00ebndrejtorin e Policis\u00eb s\u00eb Tiran\u00ebs. Erzen Bre\u00e7ani kishte ankimuar vendimin e GJKKO-s\u00eb q\u00eb e la n\u00eb burg duke k\u00ebrkuar mas\u00eb m\u00eb t\u00eb leht\u00eb sigurie. Dhe Apeli i GJKKO-s\u00eb ka vendosur lirimin e tij nga qelia duke caktuar mas\u00ebn\u2026","rel":"","context":"In &quot;Blogu i Udh\u00ebtarit&quot;","block_context":{"text":"Blogu i Udh\u00ebtarit","link":"https:\/\/www.shqiperia.com\/blog\/category\/blogu-i-udhetarit\/"},"img":{"alt_text":"","src":"https:\/\/i0.wp.com\/www.shqiperia.com\/blog\/wp-content\/uploads\/2024\/07\/a-466-jpg-1.jpg?fit=791%2C493&ssl=1&resize=350%2C200","width":350,"height":200,"srcset":"https:\/\/i0.wp.com\/www.shqiperia.com\/blog\/wp-content\/uploads\/2024\/07\/a-466-jpg-1.jpg?fit=791%2C493&ssl=1&resize=350%2C200 1x, https:\/\/i0.wp.com\/www.shqiperia.com\/blog\/wp-content\/uploads\/2024\/07\/a-466-jpg-1.jpg?fit=791%2C493&ssl=1&resize=525%2C300 1.5x, https:\/\/i0.wp.com\/www.shqiperia.com\/blog\/wp-content\/uploads\/2024\/07\/a-466-jpg-1.jpg?fit=791%2C493&ssl=1&resize=700%2C400 2x"},"classes":[]},{"id":34902,"url":"https:\/\/www.shqiperia.com\/blog\/ia-kam-derguar-kryeministrit-edi-rama-presidenti-meta-del-me-ultimatumin-e-prere-per-politiken-shqiptare-cdo-fundjave-do-jem-ketu\/","url_meta":{"origin":98335,"position":5},"title":"\u201cIa kam d\u00ebrguar kryeministrit Edi Rama\u201d, Presidenti Meta del me ultimatumin e prer\u00eb p\u00ebr politik\u00ebn shqiptare: \u00c7do fundjav\u00eb do jem k\u00ebtu!","author":"Kurt Farka","date":"May 22, 2020","format":false,"excerpt":"\u201cIa kam d\u00ebrguar kryeministrit Edi Rama\u201d, Presidenti Meta del me ultimatumin e prer\u00eb p\u00ebr politik\u00ebn shqiptare: \u00c7do fundjav\u00eb do jem k\u00ebtu! 22 MAJ 2020 Presidenti Ilir Meta sikurse e kishte paralajm\u00ebruar doli n\u00eb nj\u00eb konferenc\u00eb p\u00ebr mediat rreth or\u00ebs 12:00. Teksa u shpreh i tronditur nga zhvillimet e fundit politike\u2026","rel":"","context":"In &quot;Blogu i Udh\u00ebtarit&quot;","block_context":{"text":"Blogu i Udh\u00ebtarit","link":"https:\/\/www.shqiperia.com\/blog\/category\/blogu-i-udhetarit\/"},"img":{"alt_text":"","src":"https:\/\/i0.wp.com\/www.shqiperia.com\/blog\/wp-content\/uploads\/2020\/05\/meta-kushtetuta-600x360-1.jpg?fit=600%2C331&ssl=1&resize=350%2C200","width":350,"height":200,"srcset":"https:\/\/i0.wp.com\/www.shqiperia.com\/blog\/wp-content\/uploads\/2020\/05\/meta-kushtetuta-600x360-1.jpg?fit=600%2C331&ssl=1&resize=350%2C200 1x, https:\/\/i0.wp.com\/www.shqiperia.com\/blog\/wp-content\/uploads\/2020\/05\/meta-kushtetuta-600x360-1.jpg?fit=600%2C331&ssl=1&resize=525%2C300 1.5x"},"classes":[]}],"_links":{"self":[{"href":"https:\/\/www.shqiperia.com\/blog\/wp-json\/wp\/v2\/posts\/98335","targetHints":{"allow":["GET"]}}],"collection":[{"href":"https:\/\/www.shqiperia.com\/blog\/wp-json\/wp\/v2\/posts"}],"about":[{"href":"https:\/\/www.shqiperia.com\/blog\/wp-json\/wp\/v2\/types\/post"}],"author":[{"embeddable":true,"href":"https:\/\/www.shqiperia.com\/blog\/wp-json\/wp\/v2\/users\/9"}],"replies":[{"embeddable":true,"href":"https:\/\/www.shqiperia.com\/blog\/wp-json\/wp\/v2\/comments?post=98335"}],"version-history":[{"count":1,"href":"https:\/\/www.shqiperia.com\/blog\/wp-json\/wp\/v2\/posts\/98335\/revisions"}],"predecessor-version":[{"id":98337,"href":"https:\/\/www.shqiperia.com\/blog\/wp-json\/wp\/v2\/posts\/98335\/revisions\/98337"}],"wp:featuredmedia":[{"embeddable":true,"href":"https:\/\/www.shqiperia.com\/blog\/wp-json\/wp\/v2\/media\/98336"}],"wp:attachment":[{"href":"https:\/\/www.shqiperia.com\/blog\/wp-json\/wp\/v2\/media?parent=98335"}],"wp:term":[{"taxonomy":"category","embeddable":true,"href":"https:\/\/www.shqiperia.com\/blog\/wp-json\/wp\/v2\/categories?post=98335"},{"taxonomy":"post_tag","embeddable":true,"href":"https:\/\/www.shqiperia.com\/blog\/wp-json\/wp\/v2\/tags?post=98335"}],"curies":[{"name":"wp","href":"https:\/\/api.w.org\/{rel}","templated":true}]}}