{"id":98332,"date":"2026-03-11T22:27:52","date_gmt":"2026-03-11T22:27:52","guid":{"rendered":"https:\/\/www.shqiperia.com\/blog\/?p=98332"},"modified":"2026-03-11T22:27:52","modified_gmt":"2026-03-11T22:27:52","slug":"rama-del-ne-dosjen-e-re-te-ballukut-spak-gati-te-therrase-kryeministrin-si-te-pandehur-ja-faktet-qe-e-komprometojne","status":"publish","type":"post","link":"https:\/\/www.shqiperia.com\/blog\/rama-del-ne-dosjen-e-re-te-ballukut-spak-gati-te-therrase-kryeministrin-si-te-pandehur-ja-faktet-qe-e-komprometojne\/","title":{"rendered":"Rama del ne dosjen e re te Ballukut, SPAK gati t\u00eb th\u00ebrras\u00eb kryeministrin si t\u00eb pandehur, ja faktet q\u00eb e komprometojn\u00eb"},"content":{"rendered":"<div id=\"attachment_98333\" style=\"width: 708px\" class=\"wp-caption alignnone\"><img data-recalc-dims=\"1\" loading=\"lazy\" decoding=\"async\" aria-describedby=\"caption-attachment-98333\" data-attachment-id=\"98333\" data-permalink=\"https:\/\/www.shqiperia.com\/blog\/rama-del-ne-dosjen-e-re-te-ballukut-spak-gati-te-therrase-kryeministrin-si-te-pandehur-ja-faktet-qe-e-komprometojne\/800-0-bandicam-2021-04-21-03-52-09-903\/\" data-orig-file=\"https:\/\/i0.wp.com\/www.shqiperia.com\/blog\/wp-content\/uploads\/2026\/03\/800-0-bandicam-2021-04-21-03-52-09-903.jpg?fit=800%2C448&amp;ssl=1\" data-orig-size=\"800,448\" data-comments-opened=\"1\" data-image-meta=\"{&quot;aperture&quot;:&quot;0&quot;,&quot;credit&quot;:&quot;&quot;,&quot;camera&quot;:&quot;&quot;,&quot;caption&quot;:&quot;&quot;,&quot;created_timestamp&quot;:&quot;0&quot;,&quot;copyright&quot;:&quot;&quot;,&quot;focal_length&quot;:&quot;0&quot;,&quot;iso&quot;:&quot;0&quot;,&quot;shutter_speed&quot;:&quot;0&quot;,&quot;title&quot;:&quot;&quot;,&quot;orientation&quot;:&quot;0&quot;}\" data-image-title=\"Edi Rama\" data-image-description=\"\" data-image-caption=\"&lt;p&gt;Edi Rama &lt;\/p&gt;\n\" data-medium-file=\"https:\/\/i0.wp.com\/www.shqiperia.com\/blog\/wp-content\/uploads\/2026\/03\/800-0-bandicam-2021-04-21-03-52-09-903.jpg?fit=300%2C168&amp;ssl=1\" data-large-file=\"https:\/\/i0.wp.com\/www.shqiperia.com\/blog\/wp-content\/uploads\/2026\/03\/800-0-bandicam-2021-04-21-03-52-09-903.jpg?fit=800%2C448&amp;ssl=1\" class=\" wp-image-98333\" alt=\"\" src=\"https:\/\/i0.wp.com\/www.shqiperia.com\/blog\/wp-content\/uploads\/2026\/03\/800-0-bandicam-2021-04-21-03-52-09-903.jpg?resize=698%2C391&#038;ssl=1\" width=\"698\" height=\"391\" srcset=\"https:\/\/i0.wp.com\/www.shqiperia.com\/blog\/wp-content\/uploads\/2026\/03\/800-0-bandicam-2021-04-21-03-52-09-903.jpg?resize=300%2C168&amp;ssl=1 300w, https:\/\/i0.wp.com\/www.shqiperia.com\/blog\/wp-content\/uploads\/2026\/03\/800-0-bandicam-2021-04-21-03-52-09-903.jpg?resize=768%2C430&amp;ssl=1 768w, https:\/\/i0.wp.com\/www.shqiperia.com\/blog\/wp-content\/uploads\/2026\/03\/800-0-bandicam-2021-04-21-03-52-09-903.jpg?resize=450%2C252&amp;ssl=1 450w, https:\/\/i0.wp.com\/www.shqiperia.com\/blog\/wp-content\/uploads\/2026\/03\/800-0-bandicam-2021-04-21-03-52-09-903.jpg?resize=600%2C336&amp;ssl=1 600w, https:\/\/i0.wp.com\/www.shqiperia.com\/blog\/wp-content\/uploads\/2026\/03\/800-0-bandicam-2021-04-21-03-52-09-903.jpg?resize=400%2C224&amp;ssl=1 400w, https:\/\/i0.wp.com\/www.shqiperia.com\/blog\/wp-content\/uploads\/2026\/03\/800-0-bandicam-2021-04-21-03-52-09-903.jpg?w=800&amp;ssl=1 800w\" sizes=\"auto, (max-width: 698px) 100vw, 698px\" \/><p id=\"caption-attachment-98333\" class=\"wp-caption-text\">Edi Rama<\/p><\/div>\n<p>12 Mars 2026<\/p>\n<p>Kryeministri Edi Rama duket se do t\u00eb ket\u00eb telashe me drejt\u00ebsin\u00eb, madje nuk p\u00ebrjashtohet mund\u00ebsia q\u00eb ai t\u00eb thirret n\u00eb Prokurorin\u00eb e Posa\u00e7me (SPAK) si i pandehur, p\u00ebr shkak se del n\u00eb dosjen e re t\u00eb Belinda Ballukut. Paralajm\u00ebrimin e ka b\u00ebr\u00eb dit\u00ebn e djeshme gazetari Enton Abilekaj, i cili deklaroi se n\u00eb nj\u00eb nga dosjet e fundit t\u00eb drejt\u00ebsis\u00eb p\u00ebrmendet me em\u00ebr dhe mbiem\u00ebr kryeministri Rama, duke theksuar se hetimi i plot\u00eb i saj mund t\u00eb \u00e7oj\u00eb deri n\u00eb nj\u00eb akuz\u00eb p\u00ebr korrupsion.<\/p>\n<p>Teksa ishte i ftuar dje n\u00eb \u201cSyri Tv\u201d, Abilekaj komentoi q\u00ebndrimet e fundit t\u00eb Ram\u00ebs ndaj drejt\u00ebsis\u00eb sa i takon \u00e7\u00ebshtjes \u201cBalluku\u201d, p\u00ebr t\u00eb cil\u00ebn Partia Socialiste refuzoi t\u2019i heq imunitetin p\u00ebr t\u2019i hapur rrug\u00eb Prokuroris\u00eb s\u00eb Posa\u00e7me (SPAK) q\u00eb t\u00eb arrestoj\u00eb ish-zv\/kryeministren Belinda Balluku, duke th\u00ebn\u00eb se sulmet e tij ndaj institucioneve t\u00eb drejt\u00ebsis\u00eb kan\u00eb ardhur pik\u00ebrisht, pasi emri i tij, \u00ebsht\u00eb p\u00ebrmendur n\u00eb nj\u00eb dosje hetimore.<\/p>\n<p>\u201c\u00cbsht\u00eb hera e par\u00eb q\u00eb drejt\u00ebsia na ka sjell\u00eb nj\u00eb dosje ku jo vet\u00ebm \u00ebsht\u00eb p\u00ebrfshir\u00eb ish-z\u00ebvend\u00ebsja e Edi Ram\u00ebs, por ku p\u00ebrmendet edhe vet\u00eb Edi Rama me em\u00ebr dhe mbiem\u00ebr si nj\u00eb person q\u00eb ka zhvilluar takime krejt t\u00eb dyshimta\u201d, theksoi Abilekaj. Sipas tij, pik\u00ebrisht kjo pjes\u00eb e dosjes mund t\u00eb \u00e7oj\u00eb n\u00eb akuza t\u00eb r\u00ebnda kryeministri Rama n\u00ebse hetohet deri n\u00eb fund. M\u00eb posht\u00eb po pasqyrojm\u00eb deklarat\u00ebn e plot\u00eb t\u00eb gazetari Abilekaj.<\/p>\n<p><strong>Deklarata e Abilekajt<\/strong><\/p>\n<p>\u201cAkuzat kryesore ishin p\u00ebr at\u00eb q\u00eb i tha i ka b\u00ebr\u00eb Edi Rama. Edi Rama at\u00ebher\u00eb e sulmoi drejt\u00ebsin\u00eb p\u00ebr tre dit\u00eb dhe pastaj dha urdh\u00ebr q\u00eb kush sulmon drejt\u00ebsin\u00eb do t\u00eb ket\u00eb pasoja n\u00eb grupin socialist, apo jo? \u00cbh\u00eb. Nd\u00ebrsa tani kemi nga n\u00ebntori deri n\u00eb mars nj\u00eb sulm frontal ndaj drejt\u00ebsis\u00eb. \u00cbh\u00eb. Sepse \u00ebsht\u00eb hera e par\u00eb q\u00eb drejt\u00ebsia na ka sjell\u00eb nj\u00eb dosje jo ku jo vet\u00ebm \u00ebsht\u00eb z\u00ebn\u00eb z\u00ebvend\u00ebsja e Edi Ram\u00ebs, ish-z\u00ebvend\u00ebsja tani, por kur Edi Rama p\u00ebrmendet me em\u00ebr dhe me mbiem\u00ebr si nj\u00eb njeri q\u00eb ka zhvilluar takime krejt t\u00eb dyshimta. Dhe ka sjell\u00eb nj\u00eb dosje ku k\u00ebto takime krejt t\u00eb dyshimta jan\u00eb ajo pjes\u00eb e dosjes e cila po t\u00eb hetohet mund t\u00eb sjell\u00eb nj\u00eb akuz\u00eb p\u00ebr korrupsion, po jo p\u00ebr Beqajn e Ballukun, po p\u00ebr Edi Ram\u00ebn.<\/p>\n<p>Pra, kjo \u00ebsht\u00eb arsyeja q\u00eb Edi Rama ka ndryshuar q\u00ebndrimin e vet ndaj drejt\u00ebsis\u00eb, i cili me sa duket nuk ka qen\u00eb asnj\u00ebher\u00eb parimor.<\/p>\n<p>Ka qen\u00eb vet\u00ebm i \u00ebh, selektiv. Vet\u00ebm i bazuar n\u00eb interesat e veta. N\u00eb koh\u00ebn kur drejt\u00ebsia godiste kryesisht opozit\u00ebn, godiste k\u00ebta lojtar\u00ebt e vegj\u00ebl t\u00eb ushtar\u00ebt e perandoris\u00eb s\u00eb Edi Ram\u00ebs, t\u00eb cil\u00ebt kishin zbatuar urdh\u00ebrat, por nuk shkonte kurr\u00eb tek urdh\u00ebruesit e v\u00ebrtet\u00eb, si\u00e7 b\u00ebri me incenerator\u00ebt p\u00ebr shembull, t\u00eb mos e marr\u00eb deri n\u00eb fund, deri me sterilizimin q\u00eb ai e p\u00ebrmendi prap\u00eb Beqen. Pra deri n\u00eb at\u00eb moment drejt\u00ebsia ishte n\u00eb rregull, sepse merrte, merrej me t\u00eb gjith\u00eb ushtar\u00ebt e vegj\u00ebl.<\/p>\n<p>Nuk hetonte ore kush e dha urdhrin, si guxuan k\u00ebta q\u00eb i shkel\u00ebn ligjin? Kush i mori parat\u00eb, ku shkuan parat\u00eb? Deri at\u00ebher\u00eb drejt\u00ebsia ishte n\u00eb rregull. Sulmonte k\u00eb urdh\u00ebronte Edi Rama nga kongresi i Partis\u00eb Socialiste, apo jo, si\u00e7 ju kujtohet. Kur u arrestua Ilir Meta n\u00eb at\u00eb m\u00ebnyr\u00eb, Edi Rama ndjehej krenar p\u00ebr at\u00eb arrestim. Kur ndodhi shkelja e kushtetut\u00ebs me masat e siguris\u00eb p\u00ebr Sali Berish\u00ebn, Edi Rama votonte n\u00eb kuvend q\u00eb shkelja e kushtetut\u00ebs \u00ebsht\u00eb okej. Mjafton q\u00eb drejt\u00ebsia t\u00eb ec\u00eb p\u00ebrpara. Dhe papritur t\u00eb gjitha k\u00ebto u kthyen bumerang. Vjen tani momenti me disa precedent\u00eb t\u00eb cil\u00ebt i drejtohen, i drejtohen qeveris\u00eb.<\/p>\n<p>At\u00ebher\u00eb qeveria duke mos pasur m\u00eb asnj\u00eb argument, duke mos pasur m\u00eb asnj\u00eb mund\u00ebsi tjet\u00ebr, del kund\u00ebr vetes. Dhe del kund\u00ebr t\u00eb gjith\u00eb atyre q\u00eb ka th\u00ebn\u00eb deri tani. Edi Rama humbet t\u00eb gjith\u00eb at\u00eb q\u00eb ka ngritur, e rr\u00ebzon p\u00ebr nj\u00eb dit\u00eb p\u00ebr arsye, p\u00ebr t\u00eb mbrojtur veten dhe p\u00ebr t\u00eb mbrojtur njer\u00ebzit e vet\u00eb t\u00eb af\u00ebrt kuptohet, sepse duke mbrojtur k\u00ebt\u00eb enturazhin e vet, sigurisht q\u00eb ai garanton se nes\u00ebr do t\u00eb jet\u00eb, do t\u00eb rrethohet nga njer\u00ebz besnik\u00eb q\u00eb do t\u00eb vazhdojn\u00eb t\u00eb zbatojn\u00eb urdhrat e tij t\u00eb paligjsh\u00ebm. Ne jemi sot n\u00eb faz\u00ebn kur Edi Rama, ai q\u00eb deri dje mbronte drejt\u00ebsin\u00eb, doli garant i drejt\u00ebsis\u00eb, zhvilloi zgjedhjet duke th\u00ebn\u00eb q\u00eb SPAK-un vet\u00ebm un\u00eb mund ta mbaj, drejt\u00ebsin\u00eb vet\u00ebm ky mund ta b\u00ebnte, integrimin n\u00eb Bashkimin Europian vet\u00ebm ky mund ta b\u00ebnte dhe fitoi zgjedhjet me k\u00ebt\u00eb.<\/p>\n<p>Tani na del q\u00eb nuk \u00ebsht\u00eb, po b\u00ebn pik\u00ebrisht t\u00eb kund\u00ebrt\u00ebn. Ato vota q\u00eb mori, i mori p\u00ebr t\u00eb sulmuar SPAK-un, p\u00ebr t\u00eb penguar drejt\u00ebsin\u00eb dhe p\u00ebr t\u00eb penguar integrimin e vendit n\u00eb Bashkimin Europian. Pra zgjedhjet e 14 majit, pavar\u00ebsisht cil\u00ebsis\u00eb s\u00eb tyre, pavar\u00ebsisht se duhet t\u00eb zhb\u00ebheshin p\u00ebr nga cil\u00ebsia e tyre, jan\u00eb zhb\u00ebr\u00eb nga vet\u00eb Edi Rama sot kur ai ka rr\u00ebzuar gjith\u00eb fushat\u00ebn e vet elektorale dhe gjith\u00eb arsyet pse e k\u00ebrkoi vot\u00ebn dhe sigurisht pse e mori at\u00eb vot\u00ebn aty ku e mori\u201d, deklaroi dje nd\u00ebr t\u00eb tjera, gazetari Enton Abilekaj n\u00eb \u201cSyri Tv\u201d.<\/p>\n<p>Nga: Gazeta Sot<\/p>\n","protected":false},"excerpt":{"rendered":"<p>12 Mars 2026 Kryeministri Edi Rama duket se do t\u00eb ket\u00eb telashe me drejt\u00ebsin\u00eb, madje nuk p\u00ebrjashtohet mund\u00ebsia q\u00eb ai t\u00eb thirret n\u00eb Prokurorin\u00eb e Posa\u00e7me (SPAK) si i pandehur, p\u00ebr shkak se del n\u00eb dosjen e re t\u00eb Belinda Ballukut. Paralajm\u00ebrimin e ka b\u00ebr\u00eb dit\u00ebn e djeshme gazetari Enton Abilekaj, i cili deklaroi se [&hellip;]<\/p>\n","protected":false},"author":9,"featured_media":98333,"comment_status":"open","ping_status":"open","sticky":false,"template":"","format":"standard","meta":{"jetpack_post_was_ever_published":false,"_jetpack_newsletter_access":"","_jetpack_dont_email_post_to_subs":false,"_jetpack_newsletter_tier_id":0,"_jetpack_memberships_contains_paywalled_content":false,"_jetpack_memberships_contains_paid_content":false,"footnotes":"","jetpack_publicize_message":"","jetpack_publicize_feature_enabled":true,"jetpack_social_post_already_shared":true,"jetpack_social_options":{"image_generator_settings":{"template":"highway","default_image_id":0,"font":"","enabled":false},"version":2}},"categories":[27,1,2],"tags":[],"class_list":["post-98332","post","type-post","status-publish","format-standard","has-post-thumbnail","hentry","category-blogu-i-udhetarit","category-njoftime-shtypi","category-politika"],"jetpack_publicize_connections":[],"jetpack_featured_media_url":"https:\/\/i0.wp.com\/www.shqiperia.com\/blog\/wp-content\/uploads\/2026\/03\/800-0-bandicam-2021-04-21-03-52-09-903.jpg?fit=800%2C448&ssl=1","jetpack_sharing_enabled":true,"jetpack_shortlink":"https:\/\/wp.me\/p5Z6wp-pA0","jetpack-related-posts":[{"id":95625,"url":"https:\/\/www.shqiperia.com\/blog\/agron-shehaj-rama-po-kupton-qe-i-ka-ardhur-radha\/","url_meta":{"origin":98332,"position":0},"title":"Agron Shehaj: Rama po kupton q\u00eb i ka ardhur radha","author":"Kurt Farka","date":"December 16, 2025","format":false,"excerpt":"16 Dhjetor 2025 Kryetari i Partis\u00eb Mund\u00ebsia, Agron Shehaj ka reaguar pas k\u00ebrkes\u00ebs q\u00eb Prokuroria e Posa\u00e7me kund\u00ebr Korrupsionit SPAK b\u00ebri n\u00eb Kuvendin e Shqip\u00ebris\u00eb p\u00ebr heqjen e imunitetit t\u00eb deputetit p\u00ebr zv.kryeministren e Shqip\u00ebris\u00eb Belinda Balluku, gj\u00eb q\u00eb i hap rrug\u00ebn mas\u00ebs s\u00eb arrestit ndaj saj. N\u00eb nj\u00eb reagim\u2026","rel":"","context":"In &quot;Blogu i Udh\u00ebtarit&quot;","block_context":{"text":"Blogu i Udh\u00ebtarit","link":"https:\/\/www.shqiperia.com\/blog\/category\/blogu-i-udhetarit\/"},"img":{"alt_text":"","src":"https:\/\/i0.wp.com\/www.shqiperia.com\/blog\/wp-content\/uploads\/2025\/12\/326d1fbd-5517-4e67-a871-820e43d8669c-603x450-1.jpg?fit=603%2C450&ssl=1&resize=350%2C200","width":350,"height":200,"srcset":"https:\/\/i0.wp.com\/www.shqiperia.com\/blog\/wp-content\/uploads\/2025\/12\/326d1fbd-5517-4e67-a871-820e43d8669c-603x450-1.jpg?fit=603%2C450&ssl=1&resize=350%2C200 1x, https:\/\/i0.wp.com\/www.shqiperia.com\/blog\/wp-content\/uploads\/2025\/12\/326d1fbd-5517-4e67-a871-820e43d8669c-603x450-1.jpg?fit=603%2C450&ssl=1&resize=525%2C300 1.5x"},"classes":[]},{"id":98373,"url":"https:\/\/www.shqiperia.com\/blog\/ish-deputeti-braho-porosi-per-ramen-belinda-ballukut-si-ben-derman-as-perendia\/","url_meta":{"origin":98332,"position":1},"title":"Ish-deputeti Braho porosi per Ramen: &#8211; Belinda Ballukut s\u2019i b\u00ebn derman as per\u00ebndia","author":"Kurt Farka","date":"March 12, 2026","format":false,"excerpt":"12 Mars 2026 Ish-deputeti socialist, Spartak Braho, thot\u00eb se kryeministri Edi Rama duhej t\u00eb kishte shkarkuar Belinda Ballukun nga posti i z\u00ebvend\u00ebskryeministres dhe ministres s\u00eb Infrastruktur\u00ebs dhe Energjis\u00eb, menj\u00ebher\u00eb pasi SPAK i komunikoi akuz\u00ebn p\u00ebr vepr\u00ebn penale \u201cshkelje e barazis\u00eb n\u00eb tender\u00eb\u201d p\u00ebr tunelin e Llogaras\u00eb. \u201cDuhej, duhej ta kishte\u2026","rel":"","context":"In &quot;Njoftime Shtypi&quot;","block_context":{"text":"Njoftime Shtypi","link":"https:\/\/www.shqiperia.com\/blog\/category\/njoftime-shtypi\/"},"img":{"alt_text":"","src":"https:\/\/i0.wp.com\/www.shqiperia.com\/blog\/wp-content\/uploads\/2026\/03\/1773256170_spartakbraho.jpg?fit=780%2C440&ssl=1&resize=350%2C200","width":350,"height":200,"srcset":"https:\/\/i0.wp.com\/www.shqiperia.com\/blog\/wp-content\/uploads\/2026\/03\/1773256170_spartakbraho.jpg?fit=780%2C440&ssl=1&resize=350%2C200 1x, https:\/\/i0.wp.com\/www.shqiperia.com\/blog\/wp-content\/uploads\/2026\/03\/1773256170_spartakbraho.jpg?fit=780%2C440&ssl=1&resize=525%2C300 1.5x, https:\/\/i0.wp.com\/www.shqiperia.com\/blog\/wp-content\/uploads\/2026\/03\/1773256170_spartakbraho.jpg?fit=780%2C440&ssl=1&resize=700%2C400 2x"},"classes":[]},{"id":96202,"url":"https:\/\/www.shqiperia.com\/blog\/ne-te-dyja-dojset-permendet-kryeministri-vete\/","url_meta":{"origin":98332,"position":2},"title":"\u201cN\u00eb t\u00eb dyja dojset p\u00ebrmendet kryeministri vet\u00eb\u201d","author":"Kurt Farka","date":"December 29, 2025","format":false,"excerpt":"29 Dhjetor 2025 Gazetari Erl Murati, i ftuar n\u00eb nj\u00eb studio televizive, u shpreh se q\u00ebndrimi i kryeministrit Edi Rama ndaj zv\/kryeministres Belinda Balluku dhe drejtoresh\u00ebs s\u00eb AKSHI-t, Mirlinda Kar\u00e7anajka ndryshuar n\u00eb raport me rastin e Erion Veliajt dhe Arben Ahmetajt. Murati tha se arsyeja \u00ebsht\u00eb sepse n\u00eb dosjet e\u2026","rel":"","context":"In &quot;Blogu i Udh\u00ebtarit&quot;","block_context":{"text":"Blogu i Udh\u00ebtarit","link":"https:\/\/www.shqiperia.com\/blog\/category\/blogu-i-udhetarit\/"},"img":{"alt_text":"","src":"https:\/\/i0.wp.com\/www.shqiperia.com\/blog\/wp-content\/uploads\/2025\/12\/900-0-1730463866xscreenshot-8-361-2.png?fit=900%2C550&ssl=1&resize=350%2C200","width":350,"height":200,"srcset":"https:\/\/i0.wp.com\/www.shqiperia.com\/blog\/wp-content\/uploads\/2025\/12\/900-0-1730463866xscreenshot-8-361-2.png?fit=900%2C550&ssl=1&resize=350%2C200 1x, https:\/\/i0.wp.com\/www.shqiperia.com\/blog\/wp-content\/uploads\/2025\/12\/900-0-1730463866xscreenshot-8-361-2.png?fit=900%2C550&ssl=1&resize=525%2C300 1.5x, https:\/\/i0.wp.com\/www.shqiperia.com\/blog\/wp-content\/uploads\/2025\/12\/900-0-1730463866xscreenshot-8-361-2.png?fit=900%2C550&ssl=1&resize=700%2C400 2x"},"classes":[]},{"id":96221,"url":"https:\/\/www.shqiperia.com\/blog\/spak-do-trokase-ne-kryeministri-shehaj-rama-i-rrezikuari-kryesor-i-del-emri-ngado\/","url_meta":{"origin":98332,"position":3},"title":"\u201cSPAK do trokas\u00eb n\u00eb Kryeministri\u201d, Shehaj: Rama i rrezikuari kryesor, i del emri ngado","author":"Kurt Farka","date":"December 30, 2025","format":false,"excerpt":"30 Dhjetor 2025 Agron Shehaj, kryetar i partis\u00eb \u201cMund\u00ebsia\u201d, ka bindjen se kryeministri Rama \u00ebsht\u00eb i rrezikuar nga hetimet q\u00eb po b\u00ebn SPAK p\u00ebr dosjet e m\u00ebdha, ku, sipas tij, ai del duke vendosur p\u00ebr tenderat. Sipas Shehajt n\u00ebse nuk shkohet te Rama cenohet besueshm\u00ebria e SPAK-ut. \u201cRama, absolutisht \u00ebsht\u00eb\u2026","rel":"","context":"In &quot;Blogu i Udh\u00ebtarit&quot;","block_context":{"text":"Blogu i Udh\u00ebtarit","link":"https:\/\/www.shqiperia.com\/blog\/category\/blogu-i-udhetarit\/"},"img":{"alt_text":"","src":"https:\/\/i0.wp.com\/www.shqiperia.com\/blog\/wp-content\/uploads\/2025\/12\/IMG_3898-900x570-1.jpeg?fit=900%2C570&ssl=1&resize=350%2C200","width":350,"height":200,"srcset":"https:\/\/i0.wp.com\/www.shqiperia.com\/blog\/wp-content\/uploads\/2025\/12\/IMG_3898-900x570-1.jpeg?fit=900%2C570&ssl=1&resize=350%2C200 1x, https:\/\/i0.wp.com\/www.shqiperia.com\/blog\/wp-content\/uploads\/2025\/12\/IMG_3898-900x570-1.jpeg?fit=900%2C570&ssl=1&resize=525%2C300 1.5x, https:\/\/i0.wp.com\/www.shqiperia.com\/blog\/wp-content\/uploads\/2025\/12\/IMG_3898-900x570-1.jpeg?fit=900%2C570&ssl=1&resize=700%2C400 2x"},"classes":[]},{"id":98264,"url":"https:\/\/www.shqiperia.com\/blog\/keshilltari-i-rames-baton-haxhiu-kryeministeri-nuk-do-ti-tolerojne-me-prokuroret-e-spak\/","url_meta":{"origin":98332,"position":4},"title":"K\u00ebshilltari i Rames, Baton Haxhiu: &#8211; Kryeministeri nuk do ti tolerojn\u00eb m\u00eb prokuror\u00ebt e SPAK!","author":"Kurt Farka","date":"March 10, 2026","format":false,"excerpt":"10 Mars 2026 N\u00eb emisionin \"T\u00eb Paekspozuarit\" n\u00eb MCN TV, \u00ebsht\u00eb diskutuar p\u00ebr refuzimin e mazhoranc\u00ebs p\u00ebr t\u00eb hequr imunitetin e Belinda Ballukut, sipas k\u00ebrkes\u00ebs s\u00eb SPAK. Sipas Baton Haxhiut, (K\u00ebshilltsr mediatik i Edi Ram\u00ebs si\u00e7 e ka pohuar vet\u00eb), mazhoranca nuk do t\u00eb toleroj\u00eb m\u00eb munges\u00ebn e profesionalizmit t\u00eb\u2026","rel":"","context":"In &quot;Blogu i Udh\u00ebtarit&quot;","block_context":{"text":"Blogu i Udh\u00ebtarit","link":"https:\/\/www.shqiperia.com\/blog\/category\/blogu-i-udhetarit\/"},"img":{"alt_text":"","src":"https:\/\/i0.wp.com\/www.shqiperia.com\/blog\/wp-content\/uploads\/2026\/03\/baton-haxhiu.jpg?fit=1200%2C666&ssl=1&resize=350%2C200","width":350,"height":200,"srcset":"https:\/\/i0.wp.com\/www.shqiperia.com\/blog\/wp-content\/uploads\/2026\/03\/baton-haxhiu.jpg?fit=1200%2C666&ssl=1&resize=350%2C200 1x, https:\/\/i0.wp.com\/www.shqiperia.com\/blog\/wp-content\/uploads\/2026\/03\/baton-haxhiu.jpg?fit=1200%2C666&ssl=1&resize=525%2C300 1.5x, https:\/\/i0.wp.com\/www.shqiperia.com\/blog\/wp-content\/uploads\/2026\/03\/baton-haxhiu.jpg?fit=1200%2C666&ssl=1&resize=700%2C400 2x, https:\/\/i0.wp.com\/www.shqiperia.com\/blog\/wp-content\/uploads\/2026\/03\/baton-haxhiu.jpg?fit=1200%2C666&ssl=1&resize=1050%2C600 3x"},"classes":[]},{"id":99430,"url":"https:\/\/www.shqiperia.com\/blog\/taulant-balla-ia-ka-futur-rames-me-kallezimin-per-dosjen-partizanish-prokurori-kryeministri-pritet-te-merret-i\/","url_meta":{"origin":98332,"position":5},"title":"\u201cTaulant Balla \u201cia ka futur\u201d Ram\u00ebs me kall\u00ebzimin p\u00ebr dosjen \u201cPartizan\u201d,ish-prokurori: &#8211; Kryeministri pritet t\u00eb merret i..","author":"Kurt Farka","date":"April 16, 2026","format":false,"excerpt":"17 Prill 2926 Ish-prokurori i Krimeve t\u00eb R\u00ebnda, Eugen Be\u00e7i, deklaroi n\u00eb nje emision televiziv se nga dosja \u201cPartizani\u201d, ka shum\u00eb gjasa q\u00eb Berisha t\u00eb dal\u00eb i pafajsh\u00ebm, duke mohuar nj\u00eb mund\u00ebsi q\u00eb kryeministri Edi Rama t\u00eb merret i pandehur. Be\u00e7i tha se duhet t\u00eb provohet q\u00eb b\u00ebhet fjal\u00eb p\u00ebr\u2026","rel":"","context":"In &quot;Blogu i Udh\u00ebtarit&quot;","block_context":{"text":"Blogu i Udh\u00ebtarit","link":"https:\/\/www.shqiperia.com\/blog\/category\/blogu-i-udhetarit\/"},"img":{"alt_text":"","src":"https:\/\/i0.wp.com\/www.shqiperia.com\/blog\/wp-content\/uploads\/2026\/04\/640-0-eugen-becijpg-770.jpg?fit=640%2C400&ssl=1&resize=350%2C200","width":350,"height":200,"srcset":"https:\/\/i0.wp.com\/www.shqiperia.com\/blog\/wp-content\/uploads\/2026\/04\/640-0-eugen-becijpg-770.jpg?fit=640%2C400&ssl=1&resize=350%2C200 1x, https:\/\/i0.wp.com\/www.shqiperia.com\/blog\/wp-content\/uploads\/2026\/04\/640-0-eugen-becijpg-770.jpg?fit=640%2C400&ssl=1&resize=525%2C300 1.5x"},"classes":[]}],"_links":{"self":[{"href":"https:\/\/www.shqiperia.com\/blog\/wp-json\/wp\/v2\/posts\/98332","targetHints":{"allow":["GET"]}}],"collection":[{"href":"https:\/\/www.shqiperia.com\/blog\/wp-json\/wp\/v2\/posts"}],"about":[{"href":"https:\/\/www.shqiperia.com\/blog\/wp-json\/wp\/v2\/types\/post"}],"author":[{"embeddable":true,"href":"https:\/\/www.shqiperia.com\/blog\/wp-json\/wp\/v2\/users\/9"}],"replies":[{"embeddable":true,"href":"https:\/\/www.shqiperia.com\/blog\/wp-json\/wp\/v2\/comments?post=98332"}],"version-history":[{"count":1,"href":"https:\/\/www.shqiperia.com\/blog\/wp-json\/wp\/v2\/posts\/98332\/revisions"}],"predecessor-version":[{"id":98334,"href":"https:\/\/www.shqiperia.com\/blog\/wp-json\/wp\/v2\/posts\/98332\/revisions\/98334"}],"wp:featuredmedia":[{"embeddable":true,"href":"https:\/\/www.shqiperia.com\/blog\/wp-json\/wp\/v2\/media\/98333"}],"wp:attachment":[{"href":"https:\/\/www.shqiperia.com\/blog\/wp-json\/wp\/v2\/media?parent=98332"}],"wp:term":[{"taxonomy":"category","embeddable":true,"href":"https:\/\/www.shqiperia.com\/blog\/wp-json\/wp\/v2\/categories?post=98332"},{"taxonomy":"post_tag","embeddable":true,"href":"https:\/\/www.shqiperia.com\/blog\/wp-json\/wp\/v2\/tags?post=98332"}],"curies":[{"name":"wp","href":"https:\/\/api.w.org\/{rel}","templated":true}]}}