{"id":98327,"date":"2026-03-11T22:20:42","date_gmt":"2026-03-11T22:20:42","guid":{"rendered":"https:\/\/www.shqiperia.com\/blog\/?p=98327"},"modified":"2026-03-11T22:23:21","modified_gmt":"2026-03-11T22:23:21","slug":"murrizi-ironizon-ramen-24-ore-si-gango-29-dite-si-lango","status":"publish","type":"post","link":"https:\/\/www.shqiperia.com\/blog\/murrizi-ironizon-ramen-24-ore-si-gango-29-dite-si-lango\/","title":{"rendered":"Murrizi ironizon Ram\u00ebn: 24 or\u00eb si gango, 29 dit\u00eb si lango!"},"content":{"rendered":"<div id=\"attachment_98330\" style=\"width: 644px\" class=\"wp-caption alignnone\"><img data-recalc-dims=\"1\" loading=\"lazy\" decoding=\"async\" aria-describedby=\"caption-attachment-98330\" data-attachment-id=\"98330\" data-permalink=\"https:\/\/www.shqiperia.com\/blog\/murrizi-ironizon-ramen-24-ore-si-gango-29-dite-si-lango\/edi-rama-151\/\" data-orig-file=\"https:\/\/i0.wp.com\/www.shqiperia.com\/blog\/wp-content\/uploads\/2026\/03\/edi-rama-4.jpg?fit=1295%2C948&amp;ssl=1\" data-orig-size=\"1295,948\" data-comments-opened=\"1\" data-image-meta=\"{&quot;aperture&quot;:&quot;0&quot;,&quot;credit&quot;:&quot;Panorama Live&quot;,&quot;camera&quot;:&quot;&quot;,&quot;caption&quot;:&quot;&quot;,&quot;created_timestamp&quot;:&quot;1773084630&quot;,&quot;copyright&quot;:&quot;&quot;,&quot;focal_length&quot;:&quot;0&quot;,&quot;iso&quot;:&quot;0&quot;,&quot;shutter_speed&quot;:&quot;0&quot;,&quot;title&quot;:&quot;&quot;,&quot;orientation&quot;:&quot;0&quot;}\" data-image-title=\"edi rama\" data-image-description=\"\" data-image-caption=\"&lt;p&gt;edi rama&lt;\/p&gt;\n\" data-medium-file=\"https:\/\/i0.wp.com\/www.shqiperia.com\/blog\/wp-content\/uploads\/2026\/03\/edi-rama-4.jpg?fit=300%2C220&amp;ssl=1\" data-large-file=\"https:\/\/i0.wp.com\/www.shqiperia.com\/blog\/wp-content\/uploads\/2026\/03\/edi-rama-4.jpg?fit=1024%2C750&amp;ssl=1\" class=\" wp-image-98330\" alt=\"\" src=\"https:\/\/i0.wp.com\/www.shqiperia.com\/blog\/wp-content\/uploads\/2026\/03\/edi-rama-4.jpg?resize=634%2C465&#038;ssl=1\" width=\"634\" height=\"465\" srcset=\"https:\/\/i0.wp.com\/www.shqiperia.com\/blog\/wp-content\/uploads\/2026\/03\/edi-rama-4.jpg?resize=300%2C220&amp;ssl=1 300w, https:\/\/i0.wp.com\/www.shqiperia.com\/blog\/wp-content\/uploads\/2026\/03\/edi-rama-4.jpg?resize=1024%2C750&amp;ssl=1 1024w, https:\/\/i0.wp.com\/www.shqiperia.com\/blog\/wp-content\/uploads\/2026\/03\/edi-rama-4.jpg?resize=768%2C562&amp;ssl=1 768w, https:\/\/i0.wp.com\/www.shqiperia.com\/blog\/wp-content\/uploads\/2026\/03\/edi-rama-4.jpg?resize=450%2C329&amp;ssl=1 450w, https:\/\/i0.wp.com\/www.shqiperia.com\/blog\/wp-content\/uploads\/2026\/03\/edi-rama-4.jpg?resize=600%2C439&amp;ssl=1 600w, https:\/\/i0.wp.com\/www.shqiperia.com\/blog\/wp-content\/uploads\/2026\/03\/edi-rama-4.jpg?resize=400%2C293&amp;ssl=1 400w, https:\/\/i0.wp.com\/www.shqiperia.com\/blog\/wp-content\/uploads\/2026\/03\/edi-rama-4.jpg?w=1295&amp;ssl=1 1295w\" sizes=\"auto, (max-width: 634px) 100vw, 634px\" \/><p id=\"caption-attachment-98330\" class=\"wp-caption-text\">edi rama<\/p><\/div>\n<p>11 Mars 2026<\/p>\n<p>Ish-deputeti Myslym Murrizi ka ironizuar deklaratat e Edi Ram\u00ebs gjat\u00eb mbledhjes me deputet\u00ebt e Partis\u00eb Socialiste t\u00eb h\u00ebn\u00ebn, ku tha se nuk pyet ask\u00ebnd se kujt do t\u2019ia jap\u00eb tenderin p\u00ebr nd\u00ebrtimin e portit. Nd\u00ebrkoh\u00eb q\u00eb sot, ministri i Infrastruktur\u00ebs deklaroi se kompania ruse q\u00eb kishte fituar tenderin \u00ebsht\u00eb t\u00ebrhequr nga gara.<\/p>\n<p>Me an\u00eb t\u00eb nj\u00eb postimi n\u00eb rrjetin social \u201cFacebook\u201d, Murrizi shtoi se pasi Rama b\u00ebri si gango, mori ultimatum nga SHBA-ja dhe m\u00eb pas u detyruar t\u00eb anulonte tenderin. Sipas tij, deklaratat se kompania ruse u t\u00ebrhoq jan\u00eb sajesa, pasi qeveria ka marr\u00eb urdh\u00ebr t\u00eb prer\u00eb nga SHBA-ja q\u00eb tenderi t\u00eb anulohet.<\/p>\n<div class=\"kodiim\" data-mce-contenteditable=\"false\"><\/div>\n<p>\u201cPo ta shikosh krekosjen e Ram\u00ebs para \u201cdeputet\u00ebve\u201d t\u00eb PS t\u00eb h\u00ebn\u00ebn, ku i drejtohej amerikan\u00ebve q\u00eb nuk ju pyes e nuk ju marr dor\u00ebn se kujt do ja jap tenderin e nd\u00ebrtimit t\u00eb portit, dhe \u201clajmin\u201d e sot\u00ebm t\u00eb dh\u00ebn\u00eb n\u00ebp\u00ebrmjet z\u00ebrit me \u201cvibrim\u201d t\u00eb \u201cministrit\u201d t\u00eb infrastruktur\u00ebs sot se gjoja \u00ebsht\u00eb \u201ct\u00ebrhequr\u201d nga gara kompania ruse q\u00eb \u201cfitoi\u201d tenderin me emrin e nj\u00eb kompanie greke, e kupton edhe LOPA q\u00eb Rama b\u00ebn 24 or\u00eb si gango dhe 29 dit\u00eb si LANGO.<\/p>\n<p>Po heeee pra, pse e anulove????? Jepja pra rus\u00ebve, spurdhjak, dhe mos i pyet amerikan\u00ebt, byth\u00eb\u00e7 politikan. L\u00ebri d\u00ebnglat se u \u201ct\u00ebrhoq\u201d kompania, se nuk t\u00ebrhiqet askush n\u00eb bot\u00eb nga 400 milion\u00eb eurot, joooo. Pa le kur d\u00ebgjova Kulufin q\u00eb tha se ka p\u00ebrpjekje p\u00ebr ta sabotuar projektin!!!!!!!! Po nga kush b\u00ebhet kjo p\u00ebrpjekje, z. Kulufi, dhe kur e pat\u00eb e kuptuat ju si mender parimor leshi q\u00eb jeni se po sabotohet ky projekt??\u201d, shkruan Murrizi.<\/p>\n","protected":false},"excerpt":{"rendered":"<p>11 Mars 2026 Ish-deputeti Myslym Murrizi ka ironizuar deklaratat e Edi Ram\u00ebs gjat\u00eb mbledhjes me deputet\u00ebt e Partis\u00eb Socialiste t\u00eb h\u00ebn\u00ebn, ku tha se nuk pyet ask\u00ebnd se kujt do t\u2019ia jap\u00eb tenderin p\u00ebr nd\u00ebrtimin e portit. Nd\u00ebrkoh\u00eb q\u00eb sot, ministri i Infrastruktur\u00ebs deklaroi se kompania ruse q\u00eb kishte fituar tenderin \u00ebsht\u00eb t\u00ebrhequr nga gara. [&hellip;]<\/p>\n","protected":false},"author":9,"featured_media":98330,"comment_status":"open","ping_status":"open","sticky":false,"template":"","format":"standard","meta":{"jetpack_post_was_ever_published":false,"_jetpack_newsletter_access":"","_jetpack_dont_email_post_to_subs":false,"_jetpack_newsletter_tier_id":0,"_jetpack_memberships_contains_paywalled_content":false,"_jetpack_memberships_contains_paid_content":false,"footnotes":"","jetpack_publicize_message":"","jetpack_publicize_feature_enabled":true,"jetpack_social_post_already_shared":true,"jetpack_social_options":{"image_generator_settings":{"template":"highway","default_image_id":0,"font":"","enabled":false},"version":2}},"categories":[27,14,35],"tags":[],"class_list":["post-98327","post","type-post","status-publish","format-standard","has-post-thumbnail","hentry","category-blogu-i-udhetarit","category-press-releases","category-shoqerore"],"jetpack_publicize_connections":[],"jetpack_featured_media_url":"https:\/\/i0.wp.com\/www.shqiperia.com\/blog\/wp-content\/uploads\/2026\/03\/edi-rama-4.jpg?fit=1295%2C948&ssl=1","jetpack_sharing_enabled":true,"jetpack_shortlink":"https:\/\/wp.me\/p5Z6wp-pzV","jetpack-related-posts":[{"id":36370,"url":"https:\/\/www.shqiperia.com\/blog\/plas-sherri-ne-studio-fatos-lubonja-perplaset-me-murrizin-sdihet-se-ke-perfaqeson-nese-je-sherbetor-i-rames-duhet\/","url_meta":{"origin":98327,"position":0},"title":"Plas sherri n\u00eb studio; &#8211; Fatos Lubonja p\u00ebrplaset me Murrizin: S&#8217;dihet se k\u00eb p\u00ebrfaq\u00ebson, n\u00ebse je sh\u00ebrb\u00ebtor i Ram\u00ebs\u00a0duhet&#8230;","author":"Kurt Farka","date":"July 16, 2020","format":false,"excerpt":"Plas sherri n\u00eb studio; - Fatos Lubonja p\u00ebrplaset me Murrizin: S'dihet se k\u00eb p\u00ebrfaq\u00ebson, n\u00ebse je sh\u00ebrb\u00ebtor i Ram\u00ebs\u00a0duhet... 16 KORRIK 2020 Deputeti Myslim Murrizi \u00ebsht\u00eb p\u00ebrplasur ashp\u00ebr me analistin Fatos Lubonja. Ky i fundit tha se opozita parlamentare nuk dihet k\u00eb p\u00ebrfaq\u00ebson, madje i akuzoi ata si \"sh\u00ebrb\u00ebtor\" t\u00eb\u2026","rel":"","context":"In &quot;Blogu i Udh\u00ebtarit&quot;","block_context":{"text":"Blogu i Udh\u00ebtarit","link":"https:\/\/www.shqiperia.com\/blog\/category\/blogu-i-udhetarit\/"},"img":{"alt_text":"","src":"https:\/\/i0.wp.com\/www.shqiperia.com\/blog\/wp-content\/uploads\/2020\/07\/fatos-lubonja.jpg?fit=588%2C302&ssl=1&resize=350%2C200","width":350,"height":200,"srcset":"https:\/\/i0.wp.com\/www.shqiperia.com\/blog\/wp-content\/uploads\/2020\/07\/fatos-lubonja.jpg?fit=588%2C302&ssl=1&resize=350%2C200 1x, https:\/\/i0.wp.com\/www.shqiperia.com\/blog\/wp-content\/uploads\/2020\/07\/fatos-lubonja.jpg?fit=588%2C302&ssl=1&resize=525%2C300 1.5x"},"classes":[]},{"id":32908,"url":"https:\/\/www.shqiperia.com\/blog\/pd-kerkese-urgjente-edi-rames-nderprite-menjehere-tenderin-prej-411-milione-leke-per-rikonstruksion-zyrash\/","url_meta":{"origin":98327,"position":1},"title":"PD k\u00ebrkes\u00eb urgjente Edi Ram\u00ebs: &#8211; Nd\u00ebrprite menj\u00ebher\u00eb tenderin prej 411 milion\u00eb lek\u00eb p\u00ebr rikonstruksion zyrash","author":"Kurt Farka","date":"March 30, 2020","format":false,"excerpt":"PD k\u00ebrkes\u00eb urgjente Edi Ram\u00ebs: - Nd\u00ebrprite menj\u00ebher\u00eb tenderin prej 411 milion\u00eb lek\u00eb p\u00ebr rikonstruksion zyrash 29 MARS 2020 Ish-deputeti i Partis\u00eb Demokratike Enkelejd Alibeaj i k\u00ebrkoi qeveris\u00eb t\u00eb nd\u00ebrpres\u00eb tenderat. N\u00eb nj\u00eb deklarat\u00eb p\u00ebr shtyp, ai tha se n\u00eb kulmin e kriz\u00ebs s\u00eb pandemis\u00eb, qeveria e Edi Ram\u00ebs tenderon\u2026","rel":"","context":"In &quot;Blogu i Udh\u00ebtarit&quot;","block_context":{"text":"Blogu i Udh\u00ebtarit","link":"https:\/\/www.shqiperia.com\/blog\/category\/blogu-i-udhetarit\/"},"img":{"alt_text":"","src":"https:\/\/i0.wp.com\/www.shqiperia.com\/blog\/wp-content\/uploads\/2020\/03\/unnamed-2.jpg?fit=512%2C279&ssl=1&resize=350%2C200","width":350,"height":200},"classes":[]},{"id":67472,"url":"https:\/\/www.shqiperia.com\/blog\/si-i-fituan-ruset-fushat-e-naftes-pas-takimit-rama-mcgonigal-nga-9-firma-ne-gare-tenderi-iu-dha-kompanise-qe-kishte-lidhje-me-agron-nezen-dhe\/","url_meta":{"origin":98327,"position":2},"title":"Si i fituan rus\u00ebt fushat e naft\u00ebs pas takimit Rama-McGonigal. &#8211; \u201cNga 9 firma n\u00eb gar\u00eb, tenderi iu dha kompanis\u00eb q\u00eb kishte lidhje me Agron Nez\u00ebn dhe\u2026\u201d.","author":"Kurt Farka","date":"February 6, 2023","format":false,"excerpt":"6 Shkurt 2023 Dosja e FBI p\u00ebr Ram\u00ebn \u2013 Gazetarja: Si e fitoi McGonigal tenderin e puseve t\u00eb naft\u00ebs, pas takimit me Ram\u00ebn. Gazetarja: Si e fitoi McGonigal tenderin e puseve t\u00eb naft\u00ebs, pas takimit me Ram\u00ebn Gazetarja Ola Xama n\u00eb nj\u00eb analiz\u00eb n\u00eb faqen e saj n\u00eb Facebook, shkruan\u2026","rel":"","context":"In &quot;Blogu i Udh\u00ebtarit&quot;","block_context":{"text":"Blogu i Udh\u00ebtarit","link":"https:\/\/www.shqiperia.com\/blog\/category\/blogu-i-udhetarit\/"},"img":{"alt_text":"","src":"https:\/\/i0.wp.com\/www.shqiperia.com\/blog\/wp-content\/uploads\/2023\/02\/rama-mcgonigal.png?fit=778%2C409&ssl=1&resize=350%2C200","width":350,"height":200,"srcset":"https:\/\/i0.wp.com\/www.shqiperia.com\/blog\/wp-content\/uploads\/2023\/02\/rama-mcgonigal.png?fit=778%2C409&ssl=1&resize=350%2C200 1x, https:\/\/i0.wp.com\/www.shqiperia.com\/blog\/wp-content\/uploads\/2023\/02\/rama-mcgonigal.png?fit=778%2C409&ssl=1&resize=525%2C300 1.5x, https:\/\/i0.wp.com\/www.shqiperia.com\/blog\/wp-content\/uploads\/2023\/02\/rama-mcgonigal.png?fit=778%2C409&ssl=1&resize=700%2C400 2x"},"classes":[]},{"id":67444,"url":"https:\/\/www.shqiperia.com\/blog\/edi-rama-kryeminister-jo-legjitim-dhe-i-vetlarguar\/","url_meta":{"origin":98327,"position":3},"title":"Edi Rama kryeminist\u00ebr jo legjitim dhe i vetlarguar!","author":"Kurt Farka","date":"February 5, 2023","format":false,"excerpt":"5 Shkurt 2023 Skaneri i veprimtarise antishteterore dhe mafioze te Edi Rames!! Edi Rama p\u00ebrfundimisht nuk \u00ebsht\u00eb m\u00eb Kryeminist\u00ebr i Shqip\u00ebris\u00eb, pasi ai ka nd\u00ebrprer\u00eb me ndergjegje dhe ne menyre te qellimshme \u00e7do komunikim m\u00eb Parlamentin e Shqip\u00ebris\u00eb dhe ka refuzuar t\u00eb p\u00ebrgjigjet, dhe t\u00eb jap\u00eb llogari ne Parlament duke\u2026","rel":"","context":"In &quot;Kultura&quot;","block_context":{"text":"Kultura","link":"https:\/\/www.shqiperia.com\/blog\/category\/kultura\/"},"img":{"alt_text":"","src":"https:\/\/i0.wp.com\/www.shqiperia.com\/blog\/wp-content\/uploads\/2023\/02\/800-0-63dcb1ab16de0-1-1.jpg?fit=743%2C409&ssl=1&resize=350%2C200","width":350,"height":200,"srcset":"https:\/\/i0.wp.com\/www.shqiperia.com\/blog\/wp-content\/uploads\/2023\/02\/800-0-63dcb1ab16de0-1-1.jpg?fit=743%2C409&ssl=1&resize=350%2C200 1x, https:\/\/i0.wp.com\/www.shqiperia.com\/blog\/wp-content\/uploads\/2023\/02\/800-0-63dcb1ab16de0-1-1.jpg?fit=743%2C409&ssl=1&resize=525%2C300 1.5x, https:\/\/i0.wp.com\/www.shqiperia.com\/blog\/wp-content\/uploads\/2023\/02\/800-0-63dcb1ab16de0-1-1.jpg?fit=743%2C409&ssl=1&resize=700%2C400 2x"},"classes":[]},{"id":98416,"url":"https:\/\/www.shqiperia.com\/blog\/dhjete-ditet-e-ferrit-te-edi-rames-ja-kater-shuplakat-qe-ju-perplasen-ne-fytyre-nga-shba-dhe-be\/","url_meta":{"origin":98327,"position":4},"title":"Dhjet\u00eb dit\u00ebt e ferrit t\u00eb Edi Ram\u00ebs, ja  kat\u00ebr shuplakat q\u00eb ju p\u00ebrplas\u00ebn n\u00eb fytyr\u00eb nga SHBA dhe BE","author":"Kurt Farka","date":"March 15, 2026","format":false,"excerpt":"15 Mars 2026 Nga: Ilir DAKO D\u00ebshtimet e nj\u00ebpasnj\u00ebshme t\u00eb Edi Ram\u00ebs, t\u00eb cilat u kuror\u00ebzuan me bllokimin e \u00a0negociatave me BE kan\u00eb detyruar Kryeministrin shqiptar t\u00eb shpjegoj\u00eb para shqiptar\u00ebve 4 shuplaka q\u00eb ka ngr\u00ebn\u00eb dhjet\u00eb dit\u00ebt e \u00a0fundit. Kryeministri Edi Rama u pa sy\u2019msy me qytetar\u00ebt shqiptar\u00eb n\u00ebp\u00ebrmjet podcastit\u2026","rel":"","context":"In &quot;Blogu i Udh\u00ebtarit&quot;","block_context":{"text":"Blogu i Udh\u00ebtarit","link":"https:\/\/www.shqiperia.com\/blog\/category\/blogu-i-udhetarit\/"},"img":{"alt_text":"","src":"https:\/\/i0.wp.com\/www.shqiperia.com\/blog\/wp-content\/uploads\/2026\/03\/edi-rama-3.jpg?fit=1200%2C878&ssl=1&resize=350%2C200","width":350,"height":200,"srcset":"https:\/\/i0.wp.com\/www.shqiperia.com\/blog\/wp-content\/uploads\/2026\/03\/edi-rama-3.jpg?fit=1200%2C878&ssl=1&resize=350%2C200 1x, https:\/\/i0.wp.com\/www.shqiperia.com\/blog\/wp-content\/uploads\/2026\/03\/edi-rama-3.jpg?fit=1200%2C878&ssl=1&resize=525%2C300 1.5x, https:\/\/i0.wp.com\/www.shqiperia.com\/blog\/wp-content\/uploads\/2026\/03\/edi-rama-3.jpg?fit=1200%2C878&ssl=1&resize=700%2C400 2x, https:\/\/i0.wp.com\/www.shqiperia.com\/blog\/wp-content\/uploads\/2026\/03\/edi-rama-3.jpg?fit=1200%2C878&ssl=1&resize=1050%2C600 3x"},"classes":[]},{"id":90232,"url":"https:\/\/www.shqiperia.com\/blog\/sfida-e-ardhshme-e-spak-arrestimi-i-edi-rames-si-sanaderi-i-kroacise-ja-abuzimet-e-kryeministrit-me-dardha-dhe\/","url_meta":{"origin":98327,"position":5},"title":"Sfida e ardhshme e SPAK: &#8211; Arrestimi i Edi Ram\u00ebs si Sanaderi i Kroacis\u00eb, ja abuzimet e kryeministrit me dardha dhe\u2026","author":"Kurt Farka","date":"March 8, 2025","format":false,"excerpt":"8 Mars 2025 Nga Gazeta Sot Prokuroria e Posa\u00e7me (SPAK) me ndihm\u00ebn e nd\u00ebrkomb\u00ebtar\u00ebve \u00ebsht\u00eb mund\u00ebsia e fundit p\u00ebr mbylljen e tranzicionit shqiptar dhe shkallmimin e k\u00ebsaj klase keqb\u00ebr\u00ebse dhe mafioze politike, e cila ka tre dekada q\u00eb vjedh, sundon dhe pla\u00e7kit Shqip\u00ebrin\u00eb. N\u00eb k\u00ebto rrethana, krer\u00ebt e korruptuar po\u2026","rel":"","context":"In &quot;Blogu i Udh\u00ebtarit&quot;","block_context":{"text":"Blogu i Udh\u00ebtarit","link":"https:\/\/www.shqiperia.com\/blog\/category\/blogu-i-udhetarit\/"},"img":{"alt_text":"","src":"https:\/\/i0.wp.com\/www.shqiperia.com\/blog\/wp-content\/uploads\/2025\/03\/900-0-1708166843x640-0-edi-rama-mcgonigal-1695539889-476.jpg?fit=900%2C593&ssl=1&resize=350%2C200","width":350,"height":200,"srcset":"https:\/\/i0.wp.com\/www.shqiperia.com\/blog\/wp-content\/uploads\/2025\/03\/900-0-1708166843x640-0-edi-rama-mcgonigal-1695539889-476.jpg?fit=900%2C593&ssl=1&resize=350%2C200 1x, https:\/\/i0.wp.com\/www.shqiperia.com\/blog\/wp-content\/uploads\/2025\/03\/900-0-1708166843x640-0-edi-rama-mcgonigal-1695539889-476.jpg?fit=900%2C593&ssl=1&resize=525%2C300 1.5x, https:\/\/i0.wp.com\/www.shqiperia.com\/blog\/wp-content\/uploads\/2025\/03\/900-0-1708166843x640-0-edi-rama-mcgonigal-1695539889-476.jpg?fit=900%2C593&ssl=1&resize=700%2C400 2x"},"classes":[]}],"_links":{"self":[{"href":"https:\/\/www.shqiperia.com\/blog\/wp-json\/wp\/v2\/posts\/98327","targetHints":{"allow":["GET"]}}],"collection":[{"href":"https:\/\/www.shqiperia.com\/blog\/wp-json\/wp\/v2\/posts"}],"about":[{"href":"https:\/\/www.shqiperia.com\/blog\/wp-json\/wp\/v2\/types\/post"}],"author":[{"embeddable":true,"href":"https:\/\/www.shqiperia.com\/blog\/wp-json\/wp\/v2\/users\/9"}],"replies":[{"embeddable":true,"href":"https:\/\/www.shqiperia.com\/blog\/wp-json\/wp\/v2\/comments?post=98327"}],"version-history":[{"count":2,"href":"https:\/\/www.shqiperia.com\/blog\/wp-json\/wp\/v2\/posts\/98327\/revisions"}],"predecessor-version":[{"id":98331,"href":"https:\/\/www.shqiperia.com\/blog\/wp-json\/wp\/v2\/posts\/98327\/revisions\/98331"}],"wp:featuredmedia":[{"embeddable":true,"href":"https:\/\/www.shqiperia.com\/blog\/wp-json\/wp\/v2\/media\/98330"}],"wp:attachment":[{"href":"https:\/\/www.shqiperia.com\/blog\/wp-json\/wp\/v2\/media?parent=98327"}],"wp:term":[{"taxonomy":"category","embeddable":true,"href":"https:\/\/www.shqiperia.com\/blog\/wp-json\/wp\/v2\/categories?post=98327"},{"taxonomy":"post_tag","embeddable":true,"href":"https:\/\/www.shqiperia.com\/blog\/wp-json\/wp\/v2\/tags?post=98327"}],"curies":[{"name":"wp","href":"https:\/\/api.w.org\/{rel}","templated":true}]}}