{"id":98323,"date":"2026-03-11T22:18:08","date_gmt":"2026-03-11T22:18:08","guid":{"rendered":"https:\/\/www.shqiperia.com\/blog\/?p=98323"},"modified":"2026-03-11T22:18:19","modified_gmt":"2026-03-11T22:18:19","slug":"deputetet-e-pd-do-ngujohen-ne-parlament-gazetari-tregon-detaje-ja-mesazhi-qe-u-ka-derguar-berisha-demokrateve","status":"publish","type":"post","link":"https:\/\/www.shqiperia.com\/blog\/deputetet-e-pd-do-ngujohen-ne-parlament-gazetari-tregon-detaje-ja-mesazhi-qe-u-ka-derguar-berisha-demokrateve\/","title":{"rendered":"Deputet\u00ebt e PD do ngujohen n\u00eb Parlament? Gazetari tregon detaje: &#8211; Ja mesazhi q\u00eb u ka d\u00ebrguar Berisha demokrat\u00ebve"},"content":{"rendered":"<p><img data-recalc-dims=\"1\" loading=\"lazy\" decoding=\"async\" data-attachment-id=\"98324\" data-permalink=\"https:\/\/www.shqiperia.com\/blog\/deputetet-e-pd-do-ngujohen-ne-parlament-gazetari-tregon-detaje-ja-mesazhi-qe-u-ka-derguar-berisha-demokrateve\/900-0-kuvendi\/\" data-orig-file=\"https:\/\/i0.wp.com\/www.shqiperia.com\/blog\/wp-content\/uploads\/2026\/03\/900-0-kuvendi.jpg?fit=900%2C600&amp;ssl=1\" data-orig-size=\"900,600\" data-comments-opened=\"1\" data-image-meta=\"{&quot;aperture&quot;:&quot;0&quot;,&quot;credit&quot;:&quot;&quot;,&quot;camera&quot;:&quot;&quot;,&quot;caption&quot;:&quot;&quot;,&quot;created_timestamp&quot;:&quot;0&quot;,&quot;copyright&quot;:&quot;&quot;,&quot;focal_length&quot;:&quot;0&quot;,&quot;iso&quot;:&quot;0&quot;,&quot;shutter_speed&quot;:&quot;0&quot;,&quot;title&quot;:&quot;&quot;,&quot;orientation&quot;:&quot;0&quot;}\" data-image-title=\"-900-0-kuvendi\" data-image-description=\"\" data-image-caption=\"\" data-medium-file=\"https:\/\/i0.wp.com\/www.shqiperia.com\/blog\/wp-content\/uploads\/2026\/03\/900-0-kuvendi.jpg?fit=300%2C200&amp;ssl=1\" data-large-file=\"https:\/\/i0.wp.com\/www.shqiperia.com\/blog\/wp-content\/uploads\/2026\/03\/900-0-kuvendi.jpg?fit=900%2C600&amp;ssl=1\" class=\"alignnone wp-image-98324\" alt=\"\" src=\"https:\/\/i0.wp.com\/www.shqiperia.com\/blog\/wp-content\/uploads\/2026\/03\/900-0-kuvendi.jpg?resize=579%2C386&#038;ssl=1\" width=\"579\" height=\"386\" srcset=\"https:\/\/i0.wp.com\/www.shqiperia.com\/blog\/wp-content\/uploads\/2026\/03\/900-0-kuvendi.jpg?resize=300%2C200&amp;ssl=1 300w, https:\/\/i0.wp.com\/www.shqiperia.com\/blog\/wp-content\/uploads\/2026\/03\/900-0-kuvendi.jpg?resize=768%2C512&amp;ssl=1 768w, https:\/\/i0.wp.com\/www.shqiperia.com\/blog\/wp-content\/uploads\/2026\/03\/900-0-kuvendi.jpg?resize=600%2C400&amp;ssl=1 600w, https:\/\/i0.wp.com\/www.shqiperia.com\/blog\/wp-content\/uploads\/2026\/03\/900-0-kuvendi.jpg?resize=450%2C300&amp;ssl=1 450w, https:\/\/i0.wp.com\/www.shqiperia.com\/blog\/wp-content\/uploads\/2026\/03\/900-0-kuvendi.jpg?resize=400%2C267&amp;ssl=1 400w, https:\/\/i0.wp.com\/www.shqiperia.com\/blog\/wp-content\/uploads\/2026\/03\/900-0-kuvendi.jpg?w=900&amp;ssl=1 900w\" sizes=\"auto, (max-width: 579px) 100vw, 579px\" \/><\/p>\n<p>11 Mars 2026<\/p>\n<p>PD i ka l\u00ebn\u00eb t\u00eb hapur t\u00eb gjith\u00eb skenar\u00ebt p\u00ebr protest\u00ebn e nes\u00ebrme, ku nuk p\u00ebrjashtohet as ngujimi i deputet\u00ebve n\u00eb Parlament.\u00a0 N\u00eb telefonat e an\u00ebtar\u00ebve t\u00eb PD ka mb\u00ebrritur edhe nj\u00eb mesazh, ku thuhet se kilometri i fundit i Ballukut mbaroi dhe tashm\u00eb \u00ebsht\u00eb radha e Ram\u00ebs.<\/p>\n<p>\u201cNga burime brenda PD b\u00ebhet me dije se do t\u00eb jet\u00eb nj\u00eb protest\u00eb e ngjashme me protestat q\u00eb jan\u00eb zhvilluar para Parlamentit. Pritet t\u00eb ngrihet nj\u00eb podium, ku do ket\u00eb nj\u00eb komunikim me deputet\u00ebt brenda sall\u00ebs plenare, dhe do t\u00eb ket\u00eb nj\u00eb ekran gjigant ku do t\u00eb transmetohet ajo q\u00eb do t\u00eb ndodh\u00eb n\u00eb Kuvend.<\/p>\n<p>N\u00eb krye t\u00eb protest\u00ebs do jen\u00eb Bardhi dhe Balliu, dy deputet\u00ebt e p\u00ebrjashtuar. Demokrat\u00ebt kan\u00eb l\u00ebn\u00eb t\u00eb hapur \u00e7do skenar, sipas tyre do t\u00eb ket\u00eb protest\u00eb jo vet\u00ebm n\u00eb sheshin p\u00ebrpara Paralementit, por edhe n\u00eb sall\u00ebn e seancave plenare. Ata kan\u00eb deklaruar se nuk do ket\u00eb nj\u00eb seanc\u00eb normale n\u00ebse socialist\u00ebt do t\u00eb marrin vendimin p\u00ebr t\u00eb votuar kund\u00ebr heqjes s\u00eb imunitetit t\u00eb deputetes Belinda Balluku\u201d, tha gazetari Anesti Bajramemaj.<\/p>\n<p>\u201cN\u00eb telefonat e an\u00ebtar\u00ebve t\u00eb PD ka mb\u00ebrritur edhe nj\u00eb mesazh ku u b\u00ebhet thirrje p\u00ebr t\u00eb ardhur n\u00eb protest\u00eb dhe thuhet n\u00eb k\u00ebt\u00eb mesazh se kilometri i fundit i Ballukut mbaroi dhe tashm\u00eb \u00ebsht\u00eb radha e Edi Ram\u00ebs, duke i p\u00ebrgatitur demokrat\u00ebt se do t\u00eb ket\u00eb edhe protesta t\u00eb tjera p\u00ebr largimin e Edi Ram\u00ebs, q\u00eb ka qen\u00eb objektivi i demokrat\u00ebve q\u00eb nga protestat e dhjetorit\u201d, vijoi ai.<\/p>\n","protected":false},"excerpt":{"rendered":"<p>11 Mars 2026 PD i ka l\u00ebn\u00eb t\u00eb hapur t\u00eb gjith\u00eb skenar\u00ebt p\u00ebr protest\u00ebn e nes\u00ebrme, ku nuk p\u00ebrjashtohet as ngujimi i deputet\u00ebve n\u00eb Parlament.\u00a0 N\u00eb telefonat e an\u00ebtar\u00ebve t\u00eb PD ka mb\u00ebrritur edhe nj\u00eb mesazh, ku thuhet se kilometri i fundit i Ballukut mbaroi dhe tashm\u00eb \u00ebsht\u00eb radha e Ram\u00ebs. \u201cNga burime brenda PD [&hellip;]<\/p>\n","protected":false},"author":9,"featured_media":98324,"comment_status":"open","ping_status":"open","sticky":false,"template":"","format":"standard","meta":{"jetpack_post_was_ever_published":false,"_jetpack_newsletter_access":"","_jetpack_dont_email_post_to_subs":false,"_jetpack_newsletter_tier_id":0,"_jetpack_memberships_contains_paywalled_content":false,"_jetpack_memberships_contains_paid_content":false,"footnotes":"","jetpack_publicize_message":"","jetpack_publicize_feature_enabled":true,"jetpack_social_post_already_shared":true,"jetpack_social_options":{"image_generator_settings":{"template":"highway","default_image_id":0,"font":"","enabled":false},"version":2}},"categories":[1,2,35],"tags":[],"class_list":["post-98323","post","type-post","status-publish","format-standard","has-post-thumbnail","hentry","category-njoftime-shtypi","category-politika","category-shoqerore"],"jetpack_publicize_connections":[],"jetpack_featured_media_url":"https:\/\/i0.wp.com\/www.shqiperia.com\/blog\/wp-content\/uploads\/2026\/03\/900-0-kuvendi.jpg?fit=900%2C600&ssl=1","jetpack_sharing_enabled":true,"jetpack_shortlink":"https:\/\/wp.me\/p5Z6wp-pzR","jetpack-related-posts":[{"id":94879,"url":"https:\/\/www.shqiperia.com\/blog\/mazhoranca-refuzoi-ngritjen-e-dy-komisioneve-hetimore-pd-e-con-ne-gjykaten-kushtetuese\/","url_meta":{"origin":98323,"position":0},"title":"Mazhoranca refuzoi ngritjen e dy komisioneve hetimore, PD e \u00e7on n\u00eb Gjykat\u00ebn Kushtetuese","author":"Kurt Farka","date":"November 13, 2025","format":false,"excerpt":"13 Nentor 2025 Grupi Parlamentar i Partis\u00eb Demokratike ka depozituar n\u00eb Gjykat\u00ebn Kushtetuese nj\u00eb k\u00ebrkes\u00eb,\u00a0 ku kund\u00ebrshton refuzimin nga mazhoranca t\u00eb ngritjes s\u00eb dy komisioneve hetimore parlamentare. N\u00eb k\u00ebrkes\u00ebn e depozituar zyrtarisht, deputet\u00ebt e opozit\u00ebs k\u00ebrkojn\u00eb nga Gjykata Kushtetuese q\u00eb t\u00eb detyroj\u00eb Kuvendin p\u00ebr ngritjen e dy Komisioneve Hetimore t\u00eb\u2026","rel":"","context":"In &quot;Blogu i Udh\u00ebtarit&quot;","block_context":{"text":"Blogu i Udh\u00ebtarit","link":"https:\/\/www.shqiperia.com\/blog\/category\/blogu-i-udhetarit\/"},"img":{"alt_text":"","src":"https:\/\/i0.wp.com\/www.shqiperia.com\/blog\/wp-content\/uploads\/2025\/11\/640-0-1670431175xgjykata-kushtetuese-739-433x300-1.jpg?fit=433%2C300&ssl=1&resize=350%2C200","width":350,"height":200},"classes":[]},{"id":57652,"url":"https:\/\/www.shqiperia.com\/blog\/blendi-fevziu-leshon-paralajmerimin-e-papritur-zbulon-levizjen-qe-do-te-bejne-se-shpejti-deputetet-e-pd-ja-skenaret\/","url_meta":{"origin":98323,"position":1},"title":"Blendi Fevziu l\u00ebshon paralajm\u00ebrimin e papritur, zbulon l\u00ebvizjen q\u00eb do t\u00eb b\u00ebjn\u00eb s\u00eb shpejti deputet\u00ebt e PD: &#8211; Ja skenar\u00ebt","author":"Kurt Farka","date":"May 7, 2022","format":false,"excerpt":"Blendi Fevziu l\u00ebshon paralajm\u00ebrimin e papritur, zbulon l\u00ebvizjen q\u00eb do t\u00eb b\u00ebjn\u00eb s\u00eb shpejti deputet\u00ebt e PD: - Ja skenar\u00ebt 6 MAJ 2022 Gazetari dhe drejtuesi i emisionit Opinion n\u00eb Tv Klan, Blendi Fevziu, thot\u00eb se grupi parlamentar i Partis\u00eb Demokratike \u00ebsht\u00eb i p\u00ebr\u00e7ar\u00eb. Fevziu tha se baza e partis\u00eb\u2026","rel":"","context":"In &quot;Blogu i Udh\u00ebtarit&quot;","block_context":{"text":"Blogu i Udh\u00ebtarit","link":"https:\/\/www.shqiperia.com\/blog\/category\/blogu-i-udhetarit\/"},"img":{"alt_text":"","src":"https:\/\/i0.wp.com\/www.shqiperia.com\/blog\/wp-content\/uploads\/2022\/05\/Blendi-Fevziu.jpg?fit=1200%2C675&ssl=1&resize=350%2C200","width":350,"height":200,"srcset":"https:\/\/i0.wp.com\/www.shqiperia.com\/blog\/wp-content\/uploads\/2022\/05\/Blendi-Fevziu.jpg?fit=1200%2C675&ssl=1&resize=350%2C200 1x, https:\/\/i0.wp.com\/www.shqiperia.com\/blog\/wp-content\/uploads\/2022\/05\/Blendi-Fevziu.jpg?fit=1200%2C675&ssl=1&resize=525%2C300 1.5x, https:\/\/i0.wp.com\/www.shqiperia.com\/blog\/wp-content\/uploads\/2022\/05\/Blendi-Fevziu.jpg?fit=1200%2C675&ssl=1&resize=700%2C400 2x, https:\/\/i0.wp.com\/www.shqiperia.com\/blog\/wp-content\/uploads\/2022\/05\/Blendi-Fevziu.jpg?fit=1200%2C675&ssl=1&resize=1050%2C600 3x"},"classes":[]},{"id":68617,"url":"https:\/\/www.shqiperia.com\/blog\/tabaku-pd-duhet-te-hyje-me-kandidate-te-perbashket-ne-zgjedhje-opozita-duhet-te-ngrihet-pertej-interesave-personale\/","url_meta":{"origin":98323,"position":2},"title":"Tabaku: &#8211; PD duhet t\u00eb hyj\u00eb me kandidat\u00eb t\u00eb p\u00ebrbashk\u00ebt n\u00eb zgjedhje. &#8211; \u201cOpozita duhet t\u00eb ngrihet p\u00ebrtej interesave personale\u201d","author":"Kurt Farka","date":"February 25, 2023","format":false,"excerpt":"25 Shkurt 2023 Deputetja e Partis\u00eb Demokratike, Jorida Tabaku, \u00ebsht\u00eb shprehur se PD duhet t\u00eb dal\u00eb me kandidat\u00eb t\u00eb p\u00ebrbashk\u00ebt n\u00eb zgjedhjet lokale t\u00eb 14 majit. Komentet Tabaku i b\u00ebri gjat\u00eb nj\u00eb interviste p\u00ebr emisionin \u201cKjo Jav\u00eb\u201d n\u00eb News 24, ku tha se ekzistojn\u00eb mekanizma p\u00ebr t\u00eb b\u00ebr\u00eb t\u00eb mundur\u2026","rel":"","context":"In &quot;Blogu i Udh\u00ebtarit&quot;","block_context":{"text":"Blogu i Udh\u00ebtarit","link":"https:\/\/www.shqiperia.com\/blog\/category\/blogu-i-udhetarit\/"},"img":{"alt_text":"","src":"https:\/\/i0.wp.com\/www.shqiperia.com\/blog\/wp-content\/uploads\/2023\/02\/tabakuu.jpg?fit=1200%2C800&ssl=1&resize=350%2C200","width":350,"height":200,"srcset":"https:\/\/i0.wp.com\/www.shqiperia.com\/blog\/wp-content\/uploads\/2023\/02\/tabakuu.jpg?fit=1200%2C800&ssl=1&resize=350%2C200 1x, https:\/\/i0.wp.com\/www.shqiperia.com\/blog\/wp-content\/uploads\/2023\/02\/tabakuu.jpg?fit=1200%2C800&ssl=1&resize=525%2C300 1.5x, https:\/\/i0.wp.com\/www.shqiperia.com\/blog\/wp-content\/uploads\/2023\/02\/tabakuu.jpg?fit=1200%2C800&ssl=1&resize=700%2C400 2x, https:\/\/i0.wp.com\/www.shqiperia.com\/blog\/wp-content\/uploads\/2023\/02\/tabakuu.jpg?fit=1200%2C800&ssl=1&resize=1050%2C600 3x"},"classes":[]},{"id":70172,"url":"https:\/\/www.shqiperia.com\/blog\/pd-e-vules-me-16-kandidate-alibeaj-nuk-gjen-45-emra-te-tjere-reagime-te-forta-nga-deputetet-kunder-kryetarit-te-komanduar\/","url_meta":{"origin":98323,"position":3},"title":"PD e Vules me 16 kandidat\u00eb, Alibeaj nuk gjen 45 emra t\u00eb tjer\u00eb! Reagime t\u00eb forta nga deputet\u00ebt kund\u00ebr kryetarit t\u00eb komanduar","author":"Kurt Farka","date":"March 28, 2023","format":false,"excerpt":"28 Mars 2023 Nga VALENTINA MADANI Partia Demokratike me kryetar t\u00eb komanduar, Enkelejd Alibeajn, do t\u00eb hyj\u00eb n\u00eb zgjedhjet e 14 majit me kandidat\u00eb p\u00ebr kryetar bashkie vet\u00ebm n\u00eb disa bashki. Alibeaj d\u00ebshtoi t\u00eb garonte me kandidat\u00eb p\u00ebr kryetar n\u00eb t\u00eb 61 bashkit\u00eb e vendit. N\u00eb mbledhjen maraton\u00eb t\u00eb kryesis\u00eb\u2026","rel":"","context":"In &quot;Blogu i Udh\u00ebtarit&quot;","block_context":{"text":"Blogu i Udh\u00ebtarit","link":"https:\/\/www.shqiperia.com\/blog\/category\/blogu-i-udhetarit\/"},"img":{"alt_text":"","src":"https:\/\/i0.wp.com\/www.shqiperia.com\/blog\/wp-content\/uploads\/2023\/03\/alibeaj-berisha.jpg?fit=568%2C390&ssl=1&resize=350%2C200","width":350,"height":200,"srcset":"https:\/\/i0.wp.com\/www.shqiperia.com\/blog\/wp-content\/uploads\/2023\/03\/alibeaj-berisha.jpg?fit=568%2C390&ssl=1&resize=350%2C200 1x, https:\/\/i0.wp.com\/www.shqiperia.com\/blog\/wp-content\/uploads\/2023\/03\/alibeaj-berisha.jpg?fit=568%2C390&ssl=1&resize=525%2C300 1.5x"},"classes":[]},{"id":63108,"url":"https:\/\/www.shqiperia.com\/blog\/deputetet-e-ish-pd-se-bien-ne-nje-mendje-ne-mbledhjen-e-grupit-parlamentar-opozita-te-dale-me\/","url_meta":{"origin":98323,"position":4},"title":"Deputet\u00ebt e ish PD-se \u2018bien n\u00eb nj\u00eb mendje\u2019 n\u00eb mbledhjen e grupit parlamentar: &#8211; Opozita t\u00eb dal\u00eb me&#8230;","author":"Kurt Farka","date":"October 10, 2022","format":false,"excerpt":"10 Tetor 2022 Dit\u00ebn e sotme \u00ebsht\u00eb zhvilluar mbledhja e grupit parlamentar t\u00eb PD. Deputet\u00ebt duket se kan\u00eb r\u00ebn\u00eb dakord q\u00eb n\u00eb zgjedhjet lokale t\u00eb dalin me nj\u00eb kandidat t\u00eb p\u00ebrbashk\u00ebt. N\u00eb nj\u00eb deklarat\u00eb p\u00ebr mediat, para nisjes s\u00eb mbledhjes s\u00eb grupit t\u00eb PD-s\u00eb, Flamur Hoxha, Lefter G\u00ebshtenja, Arbi Agalliu,\u2026","rel":"","context":"In &quot;Blogu i Udh\u00ebtarit&quot;","block_context":{"text":"Blogu i Udh\u00ebtarit","link":"https:\/\/www.shqiperia.com\/blog\/category\/blogu-i-udhetarit\/"},"img":{"alt_text":"","src":"https:\/\/i0.wp.com\/www.shqiperia.com\/blog\/wp-content\/uploads\/2022\/10\/1200-630-bb199e039ef7c20c5f8e8b930c2b8abe.jpg?fit=863%2C508&ssl=1&resize=350%2C200","width":350,"height":200,"srcset":"https:\/\/i0.wp.com\/www.shqiperia.com\/blog\/wp-content\/uploads\/2022\/10\/1200-630-bb199e039ef7c20c5f8e8b930c2b8abe.jpg?fit=863%2C508&ssl=1&resize=350%2C200 1x, https:\/\/i0.wp.com\/www.shqiperia.com\/blog\/wp-content\/uploads\/2022\/10\/1200-630-bb199e039ef7c20c5f8e8b930c2b8abe.jpg?fit=863%2C508&ssl=1&resize=525%2C300 1.5x, https:\/\/i0.wp.com\/www.shqiperia.com\/blog\/wp-content\/uploads\/2022\/10\/1200-630-bb199e039ef7c20c5f8e8b930c2b8abe.jpg?fit=863%2C508&ssl=1&resize=700%2C400 2x"},"classes":[]},{"id":16607,"url":"https:\/\/www.shqiperia.com\/blog\/lsi-ne-panik-per-nje-pakt-te-dyte-rama-basha-nderkombetaret-tentativa-per-te-ulur-palet-ne-tryeze\/","url_meta":{"origin":98323,"position":5},"title":"LSI n\u00eb panik p\u00ebr nj\u00eb pakt t\u00eb dyt\u00eb Rama-Basha, nd\u00ebrkomb\u00ebtar\u00ebt tentativa p\u00ebr t\u00eb ulur pal\u00ebt n\u00eb tryez\u00eb. &#8211;","author":"Kurt Farka","date":"January 26, 2019","format":false,"excerpt":"LSI n\u00eb panik p\u00ebr nj\u00eb pakt t\u00eb dyt\u00eb Rama-Basha, nd\u00ebrkomb\u00ebtar\u00ebt tentativa p\u00ebr t\u00eb ulur pal\u00ebt n\u00eb tryez\u00eb. - 26\/01\/2019 Lideri i opozit\u00ebs Lulzim Basha dhe kryeministri Edi Rama mund t\u00eb shkojn\u00eb drejt nj\u00eb pakti t\u00eb dyt\u00eb mes tyre. M\u00eb 17 maj 2017 t\u00eb dy lider\u00ebt politik\u00eb i dhan\u00eb fund kriz\u00ebs\u2026","rel":"","context":"In &quot;Blogu i Udh\u00ebtarit&quot;","block_context":{"text":"Blogu i Udh\u00ebtarit","link":"https:\/\/www.shqiperia.com\/blog\/category\/blogu-i-udhetarit\/"},"img":{"alt_text":"","src":"https:\/\/i0.wp.com\/www.shqiperia.com\/blog\/wp-content\/uploads\/2019\/01\/rama-basha_1492720833-2978584.jpg?fit=685%2C352&ssl=1&resize=350%2C200","width":350,"height":200,"srcset":"https:\/\/i0.wp.com\/www.shqiperia.com\/blog\/wp-content\/uploads\/2019\/01\/rama-basha_1492720833-2978584.jpg?fit=685%2C352&ssl=1&resize=350%2C200 1x, https:\/\/i0.wp.com\/www.shqiperia.com\/blog\/wp-content\/uploads\/2019\/01\/rama-basha_1492720833-2978584.jpg?fit=685%2C352&ssl=1&resize=525%2C300 1.5x"},"classes":[]}],"_links":{"self":[{"href":"https:\/\/www.shqiperia.com\/blog\/wp-json\/wp\/v2\/posts\/98323","targetHints":{"allow":["GET"]}}],"collection":[{"href":"https:\/\/www.shqiperia.com\/blog\/wp-json\/wp\/v2\/posts"}],"about":[{"href":"https:\/\/www.shqiperia.com\/blog\/wp-json\/wp\/v2\/types\/post"}],"author":[{"embeddable":true,"href":"https:\/\/www.shqiperia.com\/blog\/wp-json\/wp\/v2\/users\/9"}],"replies":[{"embeddable":true,"href":"https:\/\/www.shqiperia.com\/blog\/wp-json\/wp\/v2\/comments?post=98323"}],"version-history":[{"count":2,"href":"https:\/\/www.shqiperia.com\/blog\/wp-json\/wp\/v2\/posts\/98323\/revisions"}],"predecessor-version":[{"id":98326,"href":"https:\/\/www.shqiperia.com\/blog\/wp-json\/wp\/v2\/posts\/98323\/revisions\/98326"}],"wp:featuredmedia":[{"embeddable":true,"href":"https:\/\/www.shqiperia.com\/blog\/wp-json\/wp\/v2\/media\/98324"}],"wp:attachment":[{"href":"https:\/\/www.shqiperia.com\/blog\/wp-json\/wp\/v2\/media?parent=98323"}],"wp:term":[{"taxonomy":"category","embeddable":true,"href":"https:\/\/www.shqiperia.com\/blog\/wp-json\/wp\/v2\/categories?post=98323"},{"taxonomy":"post_tag","embeddable":true,"href":"https:\/\/www.shqiperia.com\/blog\/wp-json\/wp\/v2\/tags?post=98323"}],"curies":[{"name":"wp","href":"https:\/\/api.w.org\/{rel}","templated":true}]}}