{"id":98320,"date":"2026-03-11T22:09:39","date_gmt":"2026-03-11T22:09:39","guid":{"rendered":"https:\/\/www.shqiperia.com\/blog\/?p=98320"},"modified":"2026-03-11T22:09:39","modified_gmt":"2026-03-11T22:09:39","slug":"arben-malaj-ben-thirrje-per-rebelim-brenda-ps-rama-i-etur-per-gjak-do-ua-pije-juve","status":"publish","type":"post","link":"https:\/\/www.shqiperia.com\/blog\/arben-malaj-ben-thirrje-per-rebelim-brenda-ps-rama-i-etur-per-gjak-do-ua-pije-juve\/","title":{"rendered":"Arben Malaj b\u00ebn thirrje p\u00ebr rebelim brenda PS: &#8211; Rama i etur p\u00ebr gjak, do ua pij\u00eb juve"},"content":{"rendered":"<p><img data-recalc-dims=\"1\" loading=\"lazy\" decoding=\"async\" data-attachment-id=\"98321\" data-permalink=\"https:\/\/www.shqiperia.com\/blog\/arben-malaj-ben-thirrje-per-rebelim-brenda-ps-rama-i-etur-per-gjak-do-ua-pije-juve\/arben-malaj-7\/\" data-orig-file=\"https:\/\/i0.wp.com\/www.shqiperia.com\/blog\/wp-content\/uploads\/2026\/03\/Arben-Malaj.jpg?fit=960%2C554&amp;ssl=1\" data-orig-size=\"960,554\" data-comments-opened=\"1\" data-image-meta=\"{&quot;aperture&quot;:&quot;0&quot;,&quot;credit&quot;:&quot;&quot;,&quot;camera&quot;:&quot;&quot;,&quot;caption&quot;:&quot;&quot;,&quot;created_timestamp&quot;:&quot;0&quot;,&quot;copyright&quot;:&quot;&quot;,&quot;focal_length&quot;:&quot;0&quot;,&quot;iso&quot;:&quot;0&quot;,&quot;shutter_speed&quot;:&quot;0&quot;,&quot;title&quot;:&quot;&quot;,&quot;orientation&quot;:&quot;0&quot;}\" data-image-title=\"Arben-Malaj\" data-image-description=\"\" data-image-caption=\"\" data-medium-file=\"https:\/\/i0.wp.com\/www.shqiperia.com\/blog\/wp-content\/uploads\/2026\/03\/Arben-Malaj.jpg?fit=300%2C173&amp;ssl=1\" data-large-file=\"https:\/\/i0.wp.com\/www.shqiperia.com\/blog\/wp-content\/uploads\/2026\/03\/Arben-Malaj.jpg?fit=960%2C554&amp;ssl=1\" class=\"alignnone  wp-image-98321\" alt=\"\" src=\"https:\/\/i0.wp.com\/www.shqiperia.com\/blog\/wp-content\/uploads\/2026\/03\/Arben-Malaj.jpg?resize=571%2C329&#038;ssl=1\" width=\"571\" height=\"329\" srcset=\"https:\/\/i0.wp.com\/www.shqiperia.com\/blog\/wp-content\/uploads\/2026\/03\/Arben-Malaj.jpg?resize=300%2C173&amp;ssl=1 300w, https:\/\/i0.wp.com\/www.shqiperia.com\/blog\/wp-content\/uploads\/2026\/03\/Arben-Malaj.jpg?resize=768%2C443&amp;ssl=1 768w, https:\/\/i0.wp.com\/www.shqiperia.com\/blog\/wp-content\/uploads\/2026\/03\/Arben-Malaj.jpg?resize=450%2C260&amp;ssl=1 450w, https:\/\/i0.wp.com\/www.shqiperia.com\/blog\/wp-content\/uploads\/2026\/03\/Arben-Malaj.jpg?resize=600%2C346&amp;ssl=1 600w, https:\/\/i0.wp.com\/www.shqiperia.com\/blog\/wp-content\/uploads\/2026\/03\/Arben-Malaj.jpg?resize=400%2C231&amp;ssl=1 400w, https:\/\/i0.wp.com\/www.shqiperia.com\/blog\/wp-content\/uploads\/2026\/03\/Arben-Malaj.jpg?w=960&amp;ssl=1 960w\" sizes=\"auto, (max-width: 571px) 100vw, 571px\" \/><\/p>\n<p><em>11 Mars 2026<\/em><\/p>\n<p><em>Ish-ministri socialist i Financave Arben Malaj u b\u00ebri thirrje deputet\u00ebve t\u00eb Partis\u00eb Socialiste q\u00eb t\u00eb rebelohen ndaj kryetarit t\u00eb tyre Edi Rama. Malaj deklaroi se nj\u00eb bllokim i mundsh\u00ebm i k\u00ebrkes\u00ebs s\u00eb SPAK p\u00ebr imunitetin e Ballukut do t\u00eb rrezikoj\u00eb integrimin e vendit n\u00eb Bashkimin Europian. Ish-ministri socialist deklaroi se shteti \u00ebsht\u00eb i kapur nga krimi dhe renditi miliardat e humbura nga buxheti i shtetit p\u00ebr shkak t\u00eb korrupsionit dhe keqqeverisjes.<\/em><\/p>\n<p>Ish-ministri socialist i Financave Arben Malaj u ka b\u00ebr\u00eb thirrje deputet\u00ebve t\u00eb Partis\u00eb Socialiste q\u00eb t\u00eb rebelohen ndaj shefit t\u00eb tyre Edi Rama.\u00a0 Malaj kishte nj\u00eb paralajm\u00ebrim t\u00eb fort\u00eb p\u00ebr ligjv\u00ebn\u00ebsit e mazhoranc\u00ebs.<\/p>\n<p>Nj\u00eb dit\u00eb para seanc\u00ebs ku do t\u00eb vendoset p\u00ebr imunitetin e Belinda Ballukut, Malaj deklaroi qart\u00eb se n\u00eb nj\u00eb bllokim i mundsh\u00ebm i k\u00ebrkes\u00ebs s\u00eb SPAK do t\u00eb rrezikoj\u00eb integrimin e vendit n\u00eb Bashkimin Europian.<\/p>\n<p>Ish-ministri socialist deklaroi se shteti \u00ebsht\u00eb i kapur nga krimi dhe renditi miliardat e humbura nga buxheti i shtetit p\u00ebr shkak t\u00eb korrupsionit dhe keqqeverisjes.<\/p>\n<p>Malaj komentoi edhe t\u00ebrheqjen nga gara t\u00eb kompanis\u00eb s\u00eb vetme ofertuese p\u00ebr nd\u00ebrtimin e portit t\u00eb ri n\u00eb Porto Romano dhe akuzoi drejtuesit m\u00eb t\u00eb lart\u00eb, q\u00eb nga kryeministri i vendit p\u00ebr munges\u00eb transparence p\u00ebr k\u00ebt\u00eb project strategjik.<\/p>\n<p>Malaj theksoi se r\u00ebnia e tenderit p\u00ebr Porto Romanon l\u00eb t\u00eb hapur debatin p\u00ebr t\u00eb ardhmen e nj\u00eb prej aseteve m\u00eb t\u00eb r\u00ebnd\u00ebsishme strategjike t\u00eb vendit.<\/p>\n","protected":false},"excerpt":{"rendered":"<p>11 Mars 2026 Ish-ministri socialist i Financave Arben Malaj u b\u00ebri thirrje deputet\u00ebve t\u00eb Partis\u00eb Socialiste q\u00eb t\u00eb rebelohen ndaj kryetarit t\u00eb tyre Edi Rama. Malaj deklaroi se nj\u00eb bllokim i mundsh\u00ebm i k\u00ebrkes\u00ebs s\u00eb SPAK p\u00ebr imunitetin e Ballukut do t\u00eb rrezikoj\u00eb integrimin e vendit n\u00eb Bashkimin Europian. Ish-ministri socialist deklaroi se shteti \u00ebsht\u00eb [&hellip;]<\/p>\n","protected":false},"author":9,"featured_media":98321,"comment_status":"open","ping_status":"open","sticky":false,"template":"","format":"standard","meta":{"jetpack_post_was_ever_published":false,"_jetpack_newsletter_access":"","_jetpack_dont_email_post_to_subs":false,"_jetpack_newsletter_tier_id":0,"_jetpack_memberships_contains_paywalled_content":false,"_jetpack_memberships_contains_paid_content":false,"footnotes":"","jetpack_publicize_message":"","jetpack_publicize_feature_enabled":true,"jetpack_social_post_already_shared":true,"jetpack_social_options":{"image_generator_settings":{"template":"highway","default_image_id":0,"font":"","enabled":false},"version":2}},"categories":[27,1,2],"tags":[],"class_list":["post-98320","post","type-post","status-publish","format-standard","has-post-thumbnail","hentry","category-blogu-i-udhetarit","category-njoftime-shtypi","category-politika"],"jetpack_publicize_connections":[],"jetpack_featured_media_url":"https:\/\/i0.wp.com\/www.shqiperia.com\/blog\/wp-content\/uploads\/2026\/03\/Arben-Malaj.jpg?fit=960%2C554&ssl=1","jetpack_sharing_enabled":true,"jetpack_shortlink":"https:\/\/wp.me\/p5Z6wp-pzO","jetpack-related-posts":[{"id":97975,"url":"https:\/\/www.shqiperia.com\/blog\/arben-malaj-thirrje-socialisteve-neser-kerkojini-publikisht-rames-te-jape-doreheqjen\/","url_meta":{"origin":98320,"position":0},"title":"Arben Malaj thirrje socialist\u00ebve: &#8211; Nes\u00ebr k\u00ebrkojini publikisht Ram\u00ebs t\u00eb jap\u00eb dor\u00ebheqjen","author":"Kurt Farka","date":"February 26, 2026","format":false,"excerpt":"26 Shkurt 2026 Ish-ministri i Financave, Arben Malaj, u b\u00ebri thirrje publike socialist\u00ebve q\u00eb n\u00eb mbledhjen e s\u00eb enjtes t\u00eb strukturave drejtuese t\u00eb Partis\u00eb Socialiste p\u00ebr \u00e7\u00ebshtjen \u201cBalluku\u201d t\u00eb k\u00ebrkojn\u00eb dor\u00ebheqjen e kryeministrit Edi Rama. I ftuar n\u00eb emisionin \u201cOff the Record\u201d, Malaj deklaroi se kjo \u00ebsht\u00eb nj\u00eb mund\u00ebsi e\u2026","rel":"","context":"In &quot;Blogu i Udh\u00ebtarit&quot;","block_context":{"text":"Blogu i Udh\u00ebtarit","link":"https:\/\/www.shqiperia.com\/blog\/category\/blogu-i-udhetarit\/"},"img":{"alt_text":"","src":"https:\/\/i0.wp.com\/www.shqiperia.com\/blog\/wp-content\/uploads\/2026\/02\/auto_sd6f6sdf1772051371-900x570-1.jpg?fit=900%2C570&ssl=1&resize=350%2C200","width":350,"height":200,"srcset":"https:\/\/i0.wp.com\/www.shqiperia.com\/blog\/wp-content\/uploads\/2026\/02\/auto_sd6f6sdf1772051371-900x570-1.jpg?fit=900%2C570&ssl=1&resize=350%2C200 1x, https:\/\/i0.wp.com\/www.shqiperia.com\/blog\/wp-content\/uploads\/2026\/02\/auto_sd6f6sdf1772051371-900x570-1.jpg?fit=900%2C570&ssl=1&resize=525%2C300 1.5x, https:\/\/i0.wp.com\/www.shqiperia.com\/blog\/wp-content\/uploads\/2026\/02\/auto_sd6f6sdf1772051371-900x570-1.jpg?fit=900%2C570&ssl=1&resize=700%2C400 2x"},"classes":[]},{"id":48480,"url":"https:\/\/www.shqiperia.com\/blog\/arben-malaj-thirrje-publike-kryeministrit-rama-kjo-nuk-eshte-produktive\/","url_meta":{"origin":98320,"position":1},"title":"Arben Malaj thirrje publike kryeministrit Rama: &#8211; Kjo nuk \u00ebsht\u00eb produktive","author":"Kurt Farka","date":"July 15, 2021","format":false,"excerpt":"Arben Malaj thirrje publike kryeministrit Rama: - Kjo nuk \u00ebsht\u00eb produktive 14 KORRIK 2021 Ish-ministri i financave, Arben Malaj ka komentuar zhvillimet e fundit politike. Malaj u shpreh se kryeministri mban nj\u00eb q\u00ebndrim p\u00ebr\u00e7mues n\u00eb t\u00eb gjitha konferencat kundrejt Kosov\u00ebs. Ish-ministri i b\u00ebri thirrje publike Ram\u00ebs q\u00eb mos synoj\u00eb t\u00eb\u2026","rel":"","context":"In &quot;Blogu i Udh\u00ebtarit&quot;","block_context":{"text":"Blogu i Udh\u00ebtarit","link":"https:\/\/www.shqiperia.com\/blog\/category\/blogu-i-udhetarit\/"},"img":{"alt_text":"","src":"https:\/\/i0.wp.com\/www.shqiperia.com\/blog\/wp-content\/uploads\/2021\/07\/800-0-60ef417ec60ed.jpg?fit=800%2C426&ssl=1&resize=350%2C200","width":350,"height":200,"srcset":"https:\/\/i0.wp.com\/www.shqiperia.com\/blog\/wp-content\/uploads\/2021\/07\/800-0-60ef417ec60ed.jpg?fit=800%2C426&ssl=1&resize=350%2C200 1x, https:\/\/i0.wp.com\/www.shqiperia.com\/blog\/wp-content\/uploads\/2021\/07\/800-0-60ef417ec60ed.jpg?fit=800%2C426&ssl=1&resize=525%2C300 1.5x, https:\/\/i0.wp.com\/www.shqiperia.com\/blog\/wp-content\/uploads\/2021\/07\/800-0-60ef417ec60ed.jpg?fit=800%2C426&ssl=1&resize=700%2C400 2x"},"classes":[]},{"id":90983,"url":"https:\/\/www.shqiperia.com\/blog\/lufta-brenda-ps-se-nuk-ndalet-arben-malaj-ministrat-jane-sulur-per-te-spastruar-te-vjetrit\/","url_meta":{"origin":98320,"position":2},"title":"Lufta brenda PS-s\u00eb nuk ndalet.  Arben Malaj: &#8211; Ministrat jan\u00eb sulur p\u00ebr t\u00eb spastruar t\u00eb vjetrit","author":"Kurt Farka","date":"April 2, 2025","format":false,"excerpt":"2 Prill 2025 Ish-ministri i Financave dhe ish-deputeti i PS, Arben Malaj i ftuar n\u00eb \u2018Quo Vadis\u2019 ka komentuar dhe analizuar listat e Partis\u00eb Socialiste. Ai tha se mesazhi i Ram\u00ebs p\u00ebr kandidat\u00ebt tregoi se ka nj\u00eb p\u00ebrplasje t\u00eb fort\u00eb brenda PS, mes t\u00eb vjet\u00ebrve dhe t\u00eb rinjve. Sipas Malajt,\u2026","rel":"","context":"In &quot;Blogu i Udh\u00ebtarit&quot;","block_context":{"text":"Blogu i Udh\u00ebtarit","link":"https:\/\/www.shqiperia.com\/blog\/category\/blogu-i-udhetarit\/"},"img":{"alt_text":"","src":"https:\/\/i0.wp.com\/www.shqiperia.com\/blog\/wp-content\/uploads\/2025\/04\/arben-malaj-1.png?fit=569%2C322&ssl=1&resize=350%2C200","width":350,"height":200,"srcset":"https:\/\/i0.wp.com\/www.shqiperia.com\/blog\/wp-content\/uploads\/2025\/04\/arben-malaj-1.png?fit=569%2C322&ssl=1&resize=350%2C200 1x, https:\/\/i0.wp.com\/www.shqiperia.com\/blog\/wp-content\/uploads\/2025\/04\/arben-malaj-1.png?fit=569%2C322&ssl=1&resize=525%2C300 1.5x"},"classes":[]},{"id":91653,"url":"https:\/\/www.shqiperia.com\/blog\/arben-malaj-per-taulant-ballen-ka-probleme-me-ligjin\/","url_meta":{"origin":98320,"position":3},"title":"Arben Malaj p\u00ebr Taulant Ball\u00ebn: &#8211; Ka probleme me ligjin","author":"Kurt Farka","date":"April 20, 2025","format":false,"excerpt":"20 Prill 2025 Arben Malaj, ish-minist\u00ebr i Financave, n\u00eb nj\u00eb lidhje direkte me studion e \u201cOff the Record\u201d me Andrea Dangllin, n\u00eb A2 CNN, komentoi kritikat e tij ndaj zotit Taulant Balla sa i takon premtimeve elektorale. \u201cMe zotin Taulant Balla problemin e kam n\u00eb profilin publik. Nuk duhet q\u00eb\u2026","rel":"","context":"In &quot;Blogu i Udh\u00ebtarit&quot;","block_context":{"text":"Blogu i Udh\u00ebtarit","link":"https:\/\/www.shqiperia.com\/blog\/category\/blogu-i-udhetarit\/"},"img":{"alt_text":"","src":"https:\/\/i0.wp.com\/www.shqiperia.com\/blog\/wp-content\/uploads\/2025\/04\/arben-malaj-taulant-balla.png?fit=800%2C416&ssl=1&resize=350%2C200","width":350,"height":200,"srcset":"https:\/\/i0.wp.com\/www.shqiperia.com\/blog\/wp-content\/uploads\/2025\/04\/arben-malaj-taulant-balla.png?fit=800%2C416&ssl=1&resize=350%2C200 1x, https:\/\/i0.wp.com\/www.shqiperia.com\/blog\/wp-content\/uploads\/2025\/04\/arben-malaj-taulant-balla.png?fit=800%2C416&ssl=1&resize=525%2C300 1.5x, https:\/\/i0.wp.com\/www.shqiperia.com\/blog\/wp-content\/uploads\/2025\/04\/arben-malaj-taulant-balla.png?fit=800%2C416&ssl=1&resize=700%2C400 2x"},"classes":[]},{"id":23491,"url":"https:\/\/www.shqiperia.com\/blog\/shperthen-arben-malaj-nga-teatri-te-mblidhet-parlamenti-te-ndalohet-shembja\/","url_meta":{"origin":98320,"position":4},"title":"Shp\u00ebrthen Arben Malaj nga Teatri: T\u00eb mblidhet parlamenti, t\u00eb ndalohet shembja. &#8211;","author":"Kurt Farka","date":"July 24, 2019","format":false,"excerpt":"Shp\u00ebrthen Arben Malaj nga Teatri: T\u00eb mblidhet parlamenti, t\u00eb ndalohet shembja. - 24 Korrik, 2019. Protest\u00ebs s\u00eb artist\u00ebve tek Teatri Komb\u00ebtar i \u00ebsht\u00eb bashkaur dhe ish-minsitrii\u00a0 Financave, Arben Malaj. Ai u ka b\u00ebr\u00eb thirrje t\u00eb gjith\u00eb socialist\u00ebve t\u00eb reagojn\u00eb dhe t\u00eb mos lejojn\u00eb shembjen e Teatri Komb\u00ebtar. \u201cN\u00eb radh\u00eb t\u00eb\u2026","rel":"","context":"In &quot;Blogu i Udh\u00ebtarit&quot;","block_context":{"text":"Blogu i Udh\u00ebtarit","link":"https:\/\/www.shqiperia.com\/blog\/category\/blogu-i-udhetarit\/"},"img":{"alt_text":"","src":"https:\/\/i0.wp.com\/www.shqiperia.com\/blog\/wp-content\/uploads\/2019\/07\/malaj-759x405.png?fit=759%2C405&ssl=1&resize=350%2C200","width":350,"height":200,"srcset":"https:\/\/i0.wp.com\/www.shqiperia.com\/blog\/wp-content\/uploads\/2019\/07\/malaj-759x405.png?fit=759%2C405&ssl=1&resize=350%2C200 1x, https:\/\/i0.wp.com\/www.shqiperia.com\/blog\/wp-content\/uploads\/2019\/07\/malaj-759x405.png?fit=759%2C405&ssl=1&resize=525%2C300 1.5x, https:\/\/i0.wp.com\/www.shqiperia.com\/blog\/wp-content\/uploads\/2019\/07\/malaj-759x405.png?fit=759%2C405&ssl=1&resize=700%2C400 2x"},"classes":[]},{"id":23499,"url":"https:\/\/www.shqiperia.com\/blog\/shperthen-arben-malaj-nga-teatri-te-mblidhet-parlamenti-te-ndalohet-shembja-2\/","url_meta":{"origin":98320,"position":5},"title":"Shp\u00ebrthen Arben Malaj nga Teatri: T\u00eb mblidhet parlamenti, t\u00eb ndalohet shembja","author":"Kurt Farka","date":"July 24, 2019","format":false,"excerpt":"Shp\u00ebrthen Arben Malaj nga Teatri: T\u00eb mblidhet parlamenti, t\u00eb ndalohet shembja 24 Korrik, 2019 Protest\u00ebs s\u00eb artist\u00ebve tek Teatri Komb\u00ebtar i \u00ebsht\u00eb bashkaur dhe ish-minsitrii\u00a0 Financave, Arben Malaj. Ai u ka b\u00ebr\u00eb thirrje t\u00eb gjith\u00eb socialist\u00ebve t\u00eb reagojn\u00eb dhe t\u00eb mos lejojn\u00eb shembjen e Teatri Komb\u00ebtar. \u201cN\u00eb radh\u00eb t\u00eb par\u00eb\u2026","rel":"","context":"In &quot;Blogu i Udh\u00ebtarit&quot;","block_context":{"text":"Blogu i Udh\u00ebtarit","link":"https:\/\/www.shqiperia.com\/blog\/category\/blogu-i-udhetarit\/"},"img":{"alt_text":"","src":"https:\/\/i0.wp.com\/www.shqiperia.com\/blog\/wp-content\/uploads\/2019\/07\/malaj-759x405-2.png?fit=759%2C405&ssl=1&resize=350%2C200","width":350,"height":200,"srcset":"https:\/\/i0.wp.com\/www.shqiperia.com\/blog\/wp-content\/uploads\/2019\/07\/malaj-759x405-2.png?fit=759%2C405&ssl=1&resize=350%2C200 1x, https:\/\/i0.wp.com\/www.shqiperia.com\/blog\/wp-content\/uploads\/2019\/07\/malaj-759x405-2.png?fit=759%2C405&ssl=1&resize=525%2C300 1.5x, https:\/\/i0.wp.com\/www.shqiperia.com\/blog\/wp-content\/uploads\/2019\/07\/malaj-759x405-2.png?fit=759%2C405&ssl=1&resize=700%2C400 2x"},"classes":[]}],"_links":{"self":[{"href":"https:\/\/www.shqiperia.com\/blog\/wp-json\/wp\/v2\/posts\/98320","targetHints":{"allow":["GET"]}}],"collection":[{"href":"https:\/\/www.shqiperia.com\/blog\/wp-json\/wp\/v2\/posts"}],"about":[{"href":"https:\/\/www.shqiperia.com\/blog\/wp-json\/wp\/v2\/types\/post"}],"author":[{"embeddable":true,"href":"https:\/\/www.shqiperia.com\/blog\/wp-json\/wp\/v2\/users\/9"}],"replies":[{"embeddable":true,"href":"https:\/\/www.shqiperia.com\/blog\/wp-json\/wp\/v2\/comments?post=98320"}],"version-history":[{"count":1,"href":"https:\/\/www.shqiperia.com\/blog\/wp-json\/wp\/v2\/posts\/98320\/revisions"}],"predecessor-version":[{"id":98322,"href":"https:\/\/www.shqiperia.com\/blog\/wp-json\/wp\/v2\/posts\/98320\/revisions\/98322"}],"wp:featuredmedia":[{"embeddable":true,"href":"https:\/\/www.shqiperia.com\/blog\/wp-json\/wp\/v2\/media\/98321"}],"wp:attachment":[{"href":"https:\/\/www.shqiperia.com\/blog\/wp-json\/wp\/v2\/media?parent=98320"}],"wp:term":[{"taxonomy":"category","embeddable":true,"href":"https:\/\/www.shqiperia.com\/blog\/wp-json\/wp\/v2\/categories?post=98320"},{"taxonomy":"post_tag","embeddable":true,"href":"https:\/\/www.shqiperia.com\/blog\/wp-json\/wp\/v2\/tags?post=98320"}],"curies":[{"name":"wp","href":"https:\/\/api.w.org\/{rel}","templated":true}]}}