{"id":98316,"date":"2026-03-11T12:02:44","date_gmt":"2026-03-11T12:02:44","guid":{"rendered":"https:\/\/www.shqiperia.com\/blog\/?p=98316"},"modified":"2026-03-11T12:02:44","modified_gmt":"2026-03-11T12:02:44","slug":"anulohet-procedura-e-tenderit-per-portin-e-ri-ne-porto-romano","status":"publish","type":"post","link":"https:\/\/www.shqiperia.com\/blog\/anulohet-procedura-e-tenderit-per-portin-e-ri-ne-porto-romano\/","title":{"rendered":"Anulohet procedura e tenderit p\u00ebr Portin e ri n\u00eb \u201cPorto Romano\u201d"},"content":{"rendered":"<p><img data-recalc-dims=\"1\" loading=\"lazy\" decoding=\"async\" data-attachment-id=\"98318\" data-permalink=\"https:\/\/www.shqiperia.com\/blog\/anulohet-procedura-e-tenderit-per-portin-e-ri-ne-porto-romano\/edi-rama-149\/\" data-orig-file=\"https:\/\/i0.wp.com\/www.shqiperia.com\/blog\/wp-content\/uploads\/2026\/03\/edi-rama-2.jpg?fit=1295%2C948&amp;ssl=1\" data-orig-size=\"1295,948\" data-comments-opened=\"1\" data-image-meta=\"{&quot;aperture&quot;:&quot;0&quot;,&quot;credit&quot;:&quot;Panorama Live&quot;,&quot;camera&quot;:&quot;&quot;,&quot;caption&quot;:&quot;&quot;,&quot;created_timestamp&quot;:&quot;1773084630&quot;,&quot;copyright&quot;:&quot;&quot;,&quot;focal_length&quot;:&quot;0&quot;,&quot;iso&quot;:&quot;0&quot;,&quot;shutter_speed&quot;:&quot;0&quot;,&quot;title&quot;:&quot;&quot;,&quot;orientation&quot;:&quot;0&quot;}\" data-image-title=\"edi rama\" data-image-description=\"\" data-image-caption=\"\" data-medium-file=\"https:\/\/i0.wp.com\/www.shqiperia.com\/blog\/wp-content\/uploads\/2026\/03\/edi-rama-2.jpg?fit=300%2C220&amp;ssl=1\" data-large-file=\"https:\/\/i0.wp.com\/www.shqiperia.com\/blog\/wp-content\/uploads\/2026\/03\/edi-rama-2.jpg?fit=1024%2C750&amp;ssl=1\" class=\"alignnone  wp-image-98318\" alt=\"\" src=\"https:\/\/i0.wp.com\/www.shqiperia.com\/blog\/wp-content\/uploads\/2026\/03\/edi-rama-2.jpg?resize=571%2C419&#038;ssl=1\" width=\"571\" height=\"419\" srcset=\"https:\/\/i0.wp.com\/www.shqiperia.com\/blog\/wp-content\/uploads\/2026\/03\/edi-rama-2.jpg?resize=300%2C220&amp;ssl=1 300w, https:\/\/i0.wp.com\/www.shqiperia.com\/blog\/wp-content\/uploads\/2026\/03\/edi-rama-2.jpg?resize=1024%2C750&amp;ssl=1 1024w, https:\/\/i0.wp.com\/www.shqiperia.com\/blog\/wp-content\/uploads\/2026\/03\/edi-rama-2.jpg?resize=768%2C562&amp;ssl=1 768w, https:\/\/i0.wp.com\/www.shqiperia.com\/blog\/wp-content\/uploads\/2026\/03\/edi-rama-2.jpg?resize=450%2C329&amp;ssl=1 450w, https:\/\/i0.wp.com\/www.shqiperia.com\/blog\/wp-content\/uploads\/2026\/03\/edi-rama-2.jpg?resize=600%2C439&amp;ssl=1 600w, https:\/\/i0.wp.com\/www.shqiperia.com\/blog\/wp-content\/uploads\/2026\/03\/edi-rama-2.jpg?resize=400%2C293&amp;ssl=1 400w, https:\/\/i0.wp.com\/www.shqiperia.com\/blog\/wp-content\/uploads\/2026\/03\/edi-rama-2.jpg?w=1295&amp;ssl=1 1295w\" sizes=\"auto, (max-width: 571px) 100vw, 571px\" \/><\/p>\n<p>11 Mars 2026<\/p>\n<p>Pas kritikave nga Dhoma Amerikane e Tregtis\u00eb, procedura e tenderit p\u00ebr nd\u00ebrtimin e portit t\u00eb ri tregtar n\u00eb Porto Romano \u00ebsht\u00eb anuluar, pasi kompania e vetme e mbetur n\u00eb gar\u00eb nuk paraqiti ofert\u00ebn financiare brenda afatit t\u00eb p\u00ebrcaktuar.<\/p>\n<p>M\u00ebsohet se kompania\u00a0Archirodon, e cila ishte e vetmja q\u00eb vijonte n\u00eb gar\u00eb n\u00eb faz\u00ebn p\u00ebrfundimtare t\u00eb tenderit, nuk dor\u00ebzoi ofert\u00ebn e saj financiare m\u00eb 9 mars, raporton News 24.<\/p>\n<p>Tenderi kishte nj\u00eb vler\u00eb t\u00eb p\u00ebrllogaritur prej rreth 400 milion\u00eb eurosh dhe synonte nd\u00ebrtimin e portit t\u00eb ri tregtar n\u00eb zon\u00ebn e Porto Romanos.<\/p>\n<p>Kujtojm\u00eb se ky vendim i pezullimit vjen pas k\u00ebrkes\u00ebs dhe instimit t\u00eb vazhduesh\u00ebm t\u00eb SHBA-ve.<\/p>\n<p>Kreu i Dhom\u00ebs Amerikane t\u00eb Tregtis\u00eb n\u00eb Tiran\u00eb,\u00a0Grant Van Cleeve, pak dit\u00eb m\u00eb par\u00eb adresoi nj\u00eb\u00a0let\u00ebr\u00a0publike p\u00ebr Edi Ram\u00ebn dhe titullar\u00eb t\u00eb lart\u00eb qeveritar\u00eb, n\u00eb lidhje me tenderin e Porto Romanos.<\/p>\n<p>Van Cleeve e konsideron k\u00ebt\u00eb projekt si nj\u00eb vendim q\u00eb merret nj\u00eb her\u00eb n\u00eb 100 vjet dhe k\u00ebrkon shtyrjen e gar\u00ebs pasi sipas tij projekti ekzistues i heq Shqip\u00ebris\u00eb shansin t\u00eb jet\u00eb konkuruese n\u00eb rajon.<\/p>\n<p>Nd\u00ebrkoh\u00eb, SPAK ka nisur hetimet lidhur me procedur\u00ebn e tenderit, p\u00ebr t\u00eb sqaruar \u00e7do pasakt\u00ebsi ose shkelje gjat\u00eb procesit t\u00eb prokurimit.<\/p>\n","protected":false},"excerpt":{"rendered":"<p>11 Mars 2026 Pas kritikave nga Dhoma Amerikane e Tregtis\u00eb, procedura e tenderit p\u00ebr nd\u00ebrtimin e portit t\u00eb ri tregtar n\u00eb Porto Romano \u00ebsht\u00eb anuluar, pasi kompania e vetme e mbetur n\u00eb gar\u00eb nuk paraqiti ofert\u00ebn financiare brenda afatit t\u00eb p\u00ebrcaktuar. M\u00ebsohet se kompania\u00a0Archirodon, e cila ishte e vetmja q\u00eb vijonte n\u00eb gar\u00eb n\u00eb faz\u00ebn [&hellip;]<\/p>\n","protected":false},"author":9,"featured_media":98318,"comment_status":"open","ping_status":"open","sticky":false,"template":"","format":"standard","meta":{"jetpack_post_was_ever_published":false,"_jetpack_newsletter_access":"","_jetpack_dont_email_post_to_subs":false,"_jetpack_newsletter_tier_id":0,"_jetpack_memberships_contains_paywalled_content":false,"_jetpack_memberships_contains_paid_content":false,"footnotes":"","jetpack_publicize_message":"","jetpack_publicize_feature_enabled":true,"jetpack_social_post_already_shared":true,"jetpack_social_options":{"image_generator_settings":{"template":"highway","default_image_id":0,"font":"","enabled":false},"version":2}},"categories":[27,85,1,2],"tags":[],"class_list":["post-98316","post","type-post","status-publish","format-standard","has-post-thumbnail","hentry","category-blogu-i-udhetarit","category-histori","category-njoftime-shtypi","category-politika"],"jetpack_publicize_connections":[],"jetpack_featured_media_url":"https:\/\/i0.wp.com\/www.shqiperia.com\/blog\/wp-content\/uploads\/2026\/03\/edi-rama-2.jpg?fit=1295%2C948&ssl=1","jetpack_sharing_enabled":true,"jetpack_shortlink":"https:\/\/wp.me\/p5Z6wp-pzK","jetpack-related-posts":[{"id":95911,"url":"https:\/\/www.shqiperia.com\/blog\/tenderi-400-mln-euro-i-portit-te-ri-te-durresit-spak-fillon-hetimet\/","url_meta":{"origin":98316,"position":0},"title":"Tenderi 400 mln euro i portit t\u00eb ri t\u00eb Durr\u00ebsit, SPAK fillon hetimet","author":"Kurt Farka","date":"December 23, 2025","format":false,"excerpt":"23 Dhjetor 2025 Dosja tenderuese p\u00ebr nd\u00ebrtimin e Portit t\u00eb Integruar t\u00eb Durr\u00ebsit n\u00eb Porto Romano, me vler\u00eb rreth 400 milion\u00eb euro, \u00ebsht\u00eb referuar p\u00ebr hetim n\u00eb Prokurorin\u00eb e Posa\u00e7me kund\u00ebr Korrupsionit dhe Krimit t\u00eb Organizuar (SPAK). Referimi \u00ebsht\u00eb b\u00ebr\u00eb n\u00eb form\u00ebn e nj\u00eb kall\u00ebzimi penal, ku ngrihen dyshime p\u00ebr\u2026","rel":"","context":"In &quot;Blogu i Udh\u00ebtarit&quot;","block_context":{"text":"Blogu i Udh\u00ebtarit","link":"https:\/\/www.shqiperia.com\/blog\/category\/blogu-i-udhetarit\/"},"img":{"alt_text":"","src":"https:\/\/i0.wp.com\/www.shqiperia.com\/blog\/wp-content\/uploads\/2025\/12\/900-0-1730463866xscreenshot-8-361-1.png?fit=900%2C550&ssl=1&resize=350%2C200","width":350,"height":200,"srcset":"https:\/\/i0.wp.com\/www.shqiperia.com\/blog\/wp-content\/uploads\/2025\/12\/900-0-1730463866xscreenshot-8-361-1.png?fit=900%2C550&ssl=1&resize=350%2C200 1x, https:\/\/i0.wp.com\/www.shqiperia.com\/blog\/wp-content\/uploads\/2025\/12\/900-0-1730463866xscreenshot-8-361-1.png?fit=900%2C550&ssl=1&resize=525%2C300 1.5x, https:\/\/i0.wp.com\/www.shqiperia.com\/blog\/wp-content\/uploads\/2025\/12\/900-0-1730463866xscreenshot-8-361-1.png?fit=900%2C550&ssl=1&resize=700%2C400 2x"},"classes":[]},{"id":98445,"url":"https:\/\/www.shqiperia.com\/blog\/aeben-malaj-porto-romano-projekt-i-gjithi-offshore\/","url_meta":{"origin":98316,"position":1},"title":"Aeben Malaj: &#8211; Porto Romano, projekt i gjithi offshore.","author":"Kurt Farka","date":"March 17, 2026","format":false,"excerpt":"17 Mars 2026 Ish-ministri i Financave, Arben Malaj, ka kritikuar m\u00ebnyr\u00ebn se si po trajtohet projekti i portit n\u00eb Porto Romano, duke theksuar se vendimmarrja p\u00ebr k\u00ebt\u00eb \u00e7\u00ebshtje ka pasur gabime serioze. N\u00eb \u201cStudio24\u201d, Malaj u shpreh se nuk mund t\u00eb nd\u00ebrpritet aktiviteti i Porti i Durr\u00ebsit pa qen\u00eb m\u00eb\u2026","rel":"","context":"In &quot;Blogu i Udh\u00ebtarit&quot;","block_context":{"text":"Blogu i Udh\u00ebtarit","link":"https:\/\/www.shqiperia.com\/blog\/category\/blogu-i-udhetarit\/"},"img":{"alt_text":"","src":"https:\/\/i0.wp.com\/www.shqiperia.com\/blog\/wp-content\/uploads\/2026\/03\/malaj1.jpg?fit=1109%2C697&ssl=1&resize=350%2C200","width":350,"height":200,"srcset":"https:\/\/i0.wp.com\/www.shqiperia.com\/blog\/wp-content\/uploads\/2026\/03\/malaj1.jpg?fit=1109%2C697&ssl=1&resize=350%2C200 1x, https:\/\/i0.wp.com\/www.shqiperia.com\/blog\/wp-content\/uploads\/2026\/03\/malaj1.jpg?fit=1109%2C697&ssl=1&resize=525%2C300 1.5x, https:\/\/i0.wp.com\/www.shqiperia.com\/blog\/wp-content\/uploads\/2026\/03\/malaj1.jpg?fit=1109%2C697&ssl=1&resize=700%2C400 2x, https:\/\/i0.wp.com\/www.shqiperia.com\/blog\/wp-content\/uploads\/2026\/03\/malaj1.jpg?fit=1109%2C697&ssl=1&resize=1050%2C600 3x"},"classes":[]},{"id":98212,"url":"https:\/\/www.shqiperia.com\/blog\/nje-e-mail-amerikan-per-edi-ramen-a-do-ta-pranoje-kryeministri\/","url_meta":{"origin":98316,"position":2},"title":"Nj\u00eb e-mail amerikan p\u00ebr Edi Ram\u00ebn: &#8211; A do ta pranoj\u00eb Kryeministri?","author":"Kurt Farka","date":"March 8, 2026","format":false,"excerpt":"8 Mars 2026 Kur kan\u00eb mbetur vet\u00ebm pak dit\u00eb nga afati p\u00ebrfundimtar p\u00ebr shpalljen e ofert\u00ebs p\u00ebr portin e ri t\u00eb Durr\u00ebsit n\u00eb Porto Romano, n\u00eb adres\u00ebn elektronike t\u00eb kryeministrit Edi Rama ka mb\u00ebrritur nj\u00eb mesazh q\u00eb e k\u00ebshillon t\u00eb b\u00ebj\u00eb nj\u00eb hap pas. Emaili \u00ebsht\u00eb d\u00ebrguar nga Grant Van\u2026","rel":"","context":"In &quot;Blogu i Udh\u00ebtarit&quot;","block_context":{"text":"Blogu i Udh\u00ebtarit","link":"https:\/\/www.shqiperia.com\/blog\/category\/blogu-i-udhetarit\/"},"img":{"alt_text":"","src":"https:\/\/i0.wp.com\/www.shqiperia.com\/blog\/wp-content\/uploads\/2026\/03\/640-0-rfe-1772886181.webp?fit=640%2C470&ssl=1&resize=350%2C200","width":350,"height":200,"srcset":"https:\/\/i0.wp.com\/www.shqiperia.com\/blog\/wp-content\/uploads\/2026\/03\/640-0-rfe-1772886181.webp?fit=640%2C470&ssl=1&resize=350%2C200 1x, https:\/\/i0.wp.com\/www.shqiperia.com\/blog\/wp-content\/uploads\/2026\/03\/640-0-rfe-1772886181.webp?fit=640%2C470&ssl=1&resize=525%2C300 1.5x"},"classes":[]},{"id":98023,"url":"https:\/\/www.shqiperia.com\/blog\/spak-sekuestron-dosjen-e-tenderit-te-porto-romanos\/","url_meta":{"origin":98316,"position":3},"title":"SPAK sekuestron dosjen e tenderit t\u00eb Porto Romanos","author":"Kurt Farka","date":"February 27, 2026","format":false,"excerpt":"27 Shkurt 2026 SPAK ka sekuestruar dosjen e tenderit p\u00ebr projektin e Porto Romanos, n\u00eb kuad\u00ebr t\u00eb nj\u00eb hetimi p\u00ebr dyshime mbi shkelje n\u00eb procedur\u00ebn e prokurimit. Sekuestrimi \u00ebsht\u00eb kryer pran\u00eb Autoritetit Portual Durr\u00ebs, ku ndodhej dokumentacioni i plot\u00eb i procedur\u00ebs. Tenderi p\u00ebr zhvillimin e projektit n\u00eb Porto Romano ka\u2026","rel":"","context":"In &quot;Blogu i Udh\u00ebtarit&quot;","block_context":{"text":"Blogu i Udh\u00ebtarit","link":"https:\/\/www.shqiperia.com\/blog\/category\/blogu-i-udhetarit\/"},"img":{"alt_text":"","src":"https:\/\/i0.wp.com\/www.shqiperia.com\/blog\/wp-content\/uploads\/2026\/02\/Porti-Porto-Romano-Durres.webp?fit=640%2C336&ssl=1&resize=350%2C200","width":350,"height":200,"srcset":"https:\/\/i0.wp.com\/www.shqiperia.com\/blog\/wp-content\/uploads\/2026\/02\/Porti-Porto-Romano-Durres.webp?fit=640%2C336&ssl=1&resize=350%2C200 1x, https:\/\/i0.wp.com\/www.shqiperia.com\/blog\/wp-content\/uploads\/2026\/02\/Porti-Porto-Romano-Durres.webp?fit=640%2C336&ssl=1&resize=525%2C300 1.5x"},"classes":[]},{"id":70698,"url":"https:\/\/www.shqiperia.com\/blog\/kapricot-e-kryeministrit-edi-rama-me-gjyqet-me-kompanite-e-huaja-po-e-cojne-drejt-1-miliarde-euro-faturen-e-kripur\/","url_meta":{"origin":98316,"position":4},"title":"Kapri\u00e7ot e kryeministrit Edi Rama me\u00a0 gjyqet me kompanit\u00eb e huaja \u00a0po e \u00e7ojn\u00eb drejt 1 miliard\u00eb euro fatur\u00ebn e \u201ckripur\u201d","author":"Kurt Farka","date":"April 12, 2023","format":false,"excerpt":"12 Prill 2023 Porti i Durr\u00ebsit mund t\u00eb kthehet n\u00eb \u201cnj\u00eb min\u00eb me sahat\u201d p\u00ebr shtetin shqiptar. Edhe pse qeveria po vazhdon me shpejt\u00ebsi \u201crrufe\u201d planin p\u00ebr nisjen e nd\u00ebrtimit t\u00eb rreth 12 mij\u00eb apartamenteve, nj\u00eb porti jahtesh, etj, n\u00eb 818 mij\u00eb m2 p\u00ebrreth portit m\u00eb t\u00eb madh n\u00eb Shqip\u00ebri\u2026","rel":"","context":"In &quot;Blogu i Udh\u00ebtarit&quot;","block_context":{"text":"Blogu i Udh\u00ebtarit","link":"https:\/\/www.shqiperia.com\/blog\/category\/blogu-i-udhetarit\/"},"img":{"alt_text":"","src":"https:\/\/i0.wp.com\/www.shqiperia.com\/blog\/wp-content\/uploads\/2023\/04\/800-0-64369fb9a282a.png?fit=800%2C467&ssl=1&resize=350%2C200","width":350,"height":200,"srcset":"https:\/\/i0.wp.com\/www.shqiperia.com\/blog\/wp-content\/uploads\/2023\/04\/800-0-64369fb9a282a.png?fit=800%2C467&ssl=1&resize=350%2C200 1x, https:\/\/i0.wp.com\/www.shqiperia.com\/blog\/wp-content\/uploads\/2023\/04\/800-0-64369fb9a282a.png?fit=800%2C467&ssl=1&resize=525%2C300 1.5x, https:\/\/i0.wp.com\/www.shqiperia.com\/blog\/wp-content\/uploads\/2023\/04\/800-0-64369fb9a282a.png?fit=800%2C467&ssl=1&resize=700%2C400 2x"},"classes":[]},{"id":95638,"url":"https:\/\/www.shqiperia.com\/blog\/dosja-e-porto-romanos-qe-fundos-ballukun-dhe-vengun-nje-port-5-here-me-i-vogel-se-i-durresit-mbi-pllaka-tektonike\/","url_meta":{"origin":98316,"position":5},"title":"Dosja e Porto Romanos q\u00eb fundos Ballukun dhe Vengun, nj\u00eb port 5 her\u00eb m\u00eb i vog\u00ebl se i Durr\u00ebsit, mbi pllaka tektonike\u2026","author":"Kurt Farka","date":"December 17, 2025","format":false,"excerpt":"17 Dhjetor 2025 Dosja e Porto Romanos q\u00eb fundos Ballukun dhe Vengun, nj\u00eb port 5 her\u00eb m\u00eb i vog\u00ebl se i Durr\u00ebsit, mbi pllaka tektonike aktive dhe llum q\u00eb favorizon interesat private mbi ato komb\u00ebtare dhe rrezikon marr\u00ebdh\u00ebniet me NATO dhe BE Gazeta \u201cSOT\u201d ka raportuar n\u00eb artikujt e kaluar\u2026","rel":"","context":"In &quot;Blogu i Udh\u00ebtarit&quot;","block_context":{"text":"Blogu i Udh\u00ebtarit","link":"https:\/\/www.shqiperia.com\/blog\/category\/blogu-i-udhetarit\/"},"img":{"alt_text":"","src":"https:\/\/i0.wp.com\/www.shqiperia.com\/blog\/wp-content\/uploads\/2025\/12\/r.jpg?fit=898%2C512&ssl=1&resize=350%2C200","width":350,"height":200,"srcset":"https:\/\/i0.wp.com\/www.shqiperia.com\/blog\/wp-content\/uploads\/2025\/12\/r.jpg?fit=898%2C512&ssl=1&resize=350%2C200 1x, https:\/\/i0.wp.com\/www.shqiperia.com\/blog\/wp-content\/uploads\/2025\/12\/r.jpg?fit=898%2C512&ssl=1&resize=525%2C300 1.5x, https:\/\/i0.wp.com\/www.shqiperia.com\/blog\/wp-content\/uploads\/2025\/12\/r.jpg?fit=898%2C512&ssl=1&resize=700%2C400 2x"},"classes":[]}],"_links":{"self":[{"href":"https:\/\/www.shqiperia.com\/blog\/wp-json\/wp\/v2\/posts\/98316","targetHints":{"allow":["GET"]}}],"collection":[{"href":"https:\/\/www.shqiperia.com\/blog\/wp-json\/wp\/v2\/posts"}],"about":[{"href":"https:\/\/www.shqiperia.com\/blog\/wp-json\/wp\/v2\/types\/post"}],"author":[{"embeddable":true,"href":"https:\/\/www.shqiperia.com\/blog\/wp-json\/wp\/v2\/users\/9"}],"replies":[{"embeddable":true,"href":"https:\/\/www.shqiperia.com\/blog\/wp-json\/wp\/v2\/comments?post=98316"}],"version-history":[{"count":1,"href":"https:\/\/www.shqiperia.com\/blog\/wp-json\/wp\/v2\/posts\/98316\/revisions"}],"predecessor-version":[{"id":98319,"href":"https:\/\/www.shqiperia.com\/blog\/wp-json\/wp\/v2\/posts\/98316\/revisions\/98319"}],"wp:featuredmedia":[{"embeddable":true,"href":"https:\/\/www.shqiperia.com\/blog\/wp-json\/wp\/v2\/media\/98318"}],"wp:attachment":[{"href":"https:\/\/www.shqiperia.com\/blog\/wp-json\/wp\/v2\/media?parent=98316"}],"wp:term":[{"taxonomy":"category","embeddable":true,"href":"https:\/\/www.shqiperia.com\/blog\/wp-json\/wp\/v2\/categories?post=98316"},{"taxonomy":"post_tag","embeddable":true,"href":"https:\/\/www.shqiperia.com\/blog\/wp-json\/wp\/v2\/tags?post=98316"}],"curies":[{"name":"wp","href":"https:\/\/api.w.org\/{rel}","templated":true}]}}