{"id":98313,"date":"2026-03-11T11:57:18","date_gmt":"2026-03-11T11:57:18","guid":{"rendered":"https:\/\/www.shqiperia.com\/blog\/?p=98313"},"modified":"2026-03-11T11:57:18","modified_gmt":"2026-03-11T11:57:18","slug":"atentati-ndaj-ish-prokurorit-arjan-ndoja-nis-seanca-gjyqesore-ne-ngarkim-te-2-te-pandehurve","status":"publish","type":"post","link":"https:\/\/www.shqiperia.com\/blog\/atentati-ndaj-ish-prokurorit-arjan-ndoja-nis-seanca-gjyqesore-ne-ngarkim-te-2-te-pandehurve\/","title":{"rendered":"Atentati ndaj ish-prokurorit Arjan Ndoja, nis seanca gjyq\u00ebsore n\u00eb ngarkim t\u00eb 2 t\u00eb pandehurve"},"content":{"rendered":"<p><img data-recalc-dims=\"1\" loading=\"lazy\" decoding=\"async\" data-attachment-id=\"98314\" data-permalink=\"https:\/\/www.shqiperia.com\/blog\/atentati-ndaj-ish-prokurorit-arjan-ndoja-nis-seanca-gjyqesore-ne-ngarkim-te-2-te-pandehurve\/ndoj-1\/\" data-orig-file=\"https:\/\/i0.wp.com\/www.shqiperia.com\/blog\/wp-content\/uploads\/2026\/03\/ndoj-1.jpg?fit=772%2C469&amp;ssl=1\" data-orig-size=\"772,469\" data-comments-opened=\"1\" data-image-meta=\"{&quot;aperture&quot;:&quot;0&quot;,&quot;credit&quot;:&quot;Webeditor3&quot;,&quot;camera&quot;:&quot;&quot;,&quot;caption&quot;:&quot;&quot;,&quot;created_timestamp&quot;:&quot;1773232298&quot;,&quot;copyright&quot;:&quot;&quot;,&quot;focal_length&quot;:&quot;0&quot;,&quot;iso&quot;:&quot;0&quot;,&quot;shutter_speed&quot;:&quot;0&quot;,&quot;title&quot;:&quot;&quot;,&quot;orientation&quot;:&quot;0&quot;}\" data-image-title=\"ndoj-1\" data-image-description=\"\" data-image-caption=\"\" data-medium-file=\"https:\/\/i0.wp.com\/www.shqiperia.com\/blog\/wp-content\/uploads\/2026\/03\/ndoj-1.jpg?fit=300%2C182&amp;ssl=1\" data-large-file=\"https:\/\/i0.wp.com\/www.shqiperia.com\/blog\/wp-content\/uploads\/2026\/03\/ndoj-1.jpg?fit=772%2C469&amp;ssl=1\" class=\"alignnone  wp-image-98314\" alt=\"\" src=\"https:\/\/i0.wp.com\/www.shqiperia.com\/blog\/wp-content\/uploads\/2026\/03\/ndoj-1.jpg?resize=640%2C388&#038;ssl=1\" width=\"640\" height=\"388\" srcset=\"https:\/\/i0.wp.com\/www.shqiperia.com\/blog\/wp-content\/uploads\/2026\/03\/ndoj-1.jpg?resize=300%2C182&amp;ssl=1 300w, https:\/\/i0.wp.com\/www.shqiperia.com\/blog\/wp-content\/uploads\/2026\/03\/ndoj-1.jpg?resize=768%2C467&amp;ssl=1 768w, https:\/\/i0.wp.com\/www.shqiperia.com\/blog\/wp-content\/uploads\/2026\/03\/ndoj-1.jpg?resize=450%2C273&amp;ssl=1 450w, https:\/\/i0.wp.com\/www.shqiperia.com\/blog\/wp-content\/uploads\/2026\/03\/ndoj-1.jpg?resize=600%2C365&amp;ssl=1 600w, https:\/\/i0.wp.com\/www.shqiperia.com\/blog\/wp-content\/uploads\/2026\/03\/ndoj-1.jpg?resize=400%2C243&amp;ssl=1 400w, https:\/\/i0.wp.com\/www.shqiperia.com\/blog\/wp-content\/uploads\/2026\/03\/ndoj-1.jpg?w=772&amp;ssl=1 772w\" sizes=\"auto, (max-width: 640px) 100vw, 640px\" \/><\/p>\n<p>11 Mars 2026<\/p>\n<p>\u00cbsht\u00eb mbajtur t\u00eb m\u00ebrkur\u00ebn n\u00eb GJKKO seanca gjyq\u00ebsore n\u00eb ngarkim t\u00eb t\u00eb pandehurve Bledar Polovina dhe Amar Shk\u00ebmbi lidhur me atentatin te Mbikalimi i Shkozetit ku u plagos ish-prokurori Arjan Ndoja dhe humbi jet\u00ebn shoferi i tij Andi Maloku.<\/p>\n<p>Avokati i t\u00eb pandehurit Amar Shk\u00ebmbi k\u00ebrkoi nga gjykata t\u00eb merrte n\u00eb konsiderat\u00eb p\u00ebrgjegjshm\u00ebrin\u00eb e klientit t\u00eb tij, q\u00eb si\u00e7 tha vuan nga probleme t\u00eb sh\u00ebndetit mendor.<\/p>\n<p>\u201cKam konstatuar q\u00eb Amar Shk\u00ebmbi nuk ishte n\u00eb gjendje t\u00eb mir\u00eb sh\u00ebndet\u00ebsore. Gjat\u00eb gjykimit paraprak un\u00eb kisha k\u00ebrkuar informacion n\u00eb spitalin e burgut dhe n\u00eb spitalet e Tiran\u00ebs ku ai kishte marr\u00eb trajtime dhe duke qen\u00eb se k\u00ebto informacione kan\u00eb ardhur, jam i detyruar t\u2019jua p\u00ebrcjell. Klienti im vuan nga probleme t\u00eb sh\u00ebndetit mendor q\u00eb shfaqen n\u00eb \u00e7do rast. K\u00ebrkes\u00ebn e kam t\u00eb shoq\u00ebruar me informacionet mjek\u00ebsore, k\u00ebrkoj t\u00eb verifikohet p\u00ebrgjegjshm\u00ebria e Amar Shk\u00ebmbit n\u00eb lidhje me pjes\u00ebmarrjen e ose jo t\u00eb tij n\u00eb k\u00ebt\u00eb procedim, n\u00eb lidhje me s\u00ebmundjet mendore, n\u00ebse kjo s\u00ebmundje e pengon ose jo p\u00ebr t\u00eb vijuar pjes\u00ebmarrjen e tij n\u00eb ket\u00eb \u00e7\u00ebshtje. Jan\u00eb element\u00eb qe pa u verifikuar nuk mund t\u00eb vijoj\u00eb gjykimi. N\u00eb seancat paraprake nuk i kam pasur k\u00ebto pretendime sepse nuk kisha informacionet nga institucionet p\u00ebrkat\u00ebse. Subjekti duhet t\u00eb verifikohet nga ana e p\u00ebrgjegjshm\u00ebris\u00eb\u201d, tha avokati i Amar Shk\u00ebmbit.<\/p>\n<p>\u201cNuk pash\u00eb q\u00eb avokati t\u00eb kishte nj\u00eb k\u00ebrkes\u00eb specifike. Ne duhet t\u00eb vazhdojm\u00eb gjykimin e themelit dhe n\u00ebse ka k\u00ebrkes\u00eb respektive p\u00ebr kryerjen e nj\u00eb ekspertimi, \u00ebsht\u00eb e drejt\u00eb e avokatit. Dokumentacioni q\u00eb ka paraqitur nuk mund t\u00eb vler\u00ebsohet nga ne si jurist\u00eb, por duhet t\u00eb shikohen nga ekspert\u00eb t\u00eb mjek\u00ebsis\u00eb ligjore. Nuk d\u00ebgjova a ka apo jo k\u00ebrkes\u00eb nga avokati p\u00ebr ekspertim t\u00eb sh\u00ebndetit apo p\u00ebr z\u00ebvend\u00ebsim mase. Nuk jemi ne kompetente t\u00eb shprehemi p\u00ebr dokumentet sh\u00ebndet\u00ebsore\u201d, u shprej prokurori Adnan Xholi.<\/p>\n<p>N\u00eb lidhje me Amar Shk\u00ebmbin, gjykata nuk mori n\u00eb konsiderat\u00eb k\u00ebrkes\u00ebn e avokatit duke qen\u00eb se i pandehuri ka qen\u00eb i pranish\u00ebm seanc\u00ebn e kaluar.<\/p>\n<p>N\u00eb k\u00ebrkesat paraprake q\u00eb u paraqit\u00ebn p\u00ebrpara gjykat\u00ebs, avokati i Bledar Polovin\u00ebs k\u00ebrkoi q\u00eb klienti i tij t\u00eb gjykohet me procedur\u00eb t\u00eb shkurtuar, nd\u00ebrsa mbrojt\u00ebsi ligjor i Amar Shk\u00ebmbit k\u00ebrkoi pap\u00ebrdorshm\u00ebri t\u00eb \u00e7do procesverbali.<\/p>\n<p>Avokati i Amar Shk\u00ebmbit k\u00ebrkoi koh\u00eb t\u00eb formalizoj\u00eb k\u00ebrkesat me shkrim, k\u00ebrkes\u00eb q\u00eb u pranua nga gjykata. Seanca e radh\u00ebs do t\u00eb zhvillohet n\u00eb dat\u00eb 2 prill ora 09.00.<\/p>\n<p>\u00c7\u00ebshtja n\u00eb themel do shqyrtohet nga Paulin \u00c7era kryesues me an\u00ebtar\u00eb Atalanta Zeqiraj dhe Besmir Stroka.<\/p>\n","protected":false},"excerpt":{"rendered":"<p>11 Mars 2026 \u00cbsht\u00eb mbajtur t\u00eb m\u00ebrkur\u00ebn n\u00eb GJKKO seanca gjyq\u00ebsore n\u00eb ngarkim t\u00eb t\u00eb pandehurve Bledar Polovina dhe Amar Shk\u00ebmbi lidhur me atentatin te Mbikalimi i Shkozetit ku u plagos ish-prokurori Arjan Ndoja dhe humbi jet\u00ebn shoferi i tij Andi Maloku. Avokati i t\u00eb pandehurit Amar Shk\u00ebmbi k\u00ebrkoi nga gjykata t\u00eb merrte n\u00eb konsiderat\u00eb [&hellip;]<\/p>\n","protected":false},"author":9,"featured_media":98314,"comment_status":"open","ping_status":"open","sticky":false,"template":"","format":"standard","meta":{"jetpack_post_was_ever_published":false,"_jetpack_newsletter_access":"","_jetpack_dont_email_post_to_subs":false,"_jetpack_newsletter_tier_id":0,"_jetpack_memberships_contains_paywalled_content":false,"_jetpack_memberships_contains_paid_content":false,"footnotes":"","jetpack_publicize_message":"","jetpack_publicize_feature_enabled":true,"jetpack_social_post_already_shared":true,"jetpack_social_options":{"image_generator_settings":{"template":"highway","default_image_id":0,"font":"","enabled":false},"version":2}},"categories":[1],"tags":[],"class_list":["post-98313","post","type-post","status-publish","format-standard","has-post-thumbnail","hentry","category-njoftime-shtypi"],"jetpack_publicize_connections":[],"jetpack_featured_media_url":"https:\/\/i0.wp.com\/www.shqiperia.com\/blog\/wp-content\/uploads\/2026\/03\/ndoj-1.jpg?fit=772%2C469&ssl=1","jetpack_sharing_enabled":true,"jetpack_shortlink":"https:\/\/wp.me\/p5Z6wp-pzH","jetpack-related-posts":[{"id":57363,"url":"https:\/\/www.shqiperia.com\/blog\/kpk-zbardh-detajet-arjan-ndoj-kontakte-me-kriminele-u-zbuluan-ne-celularin-e-tij\/","url_meta":{"origin":98313,"position":0},"title":"KPK zbardh detajet: &#8211; Arjan Ndoj kontakte me kriminel\u00eb, u zbuluan n\u00eb celularin e tij\u2026","author":"Kurt Farka","date":"April 29, 2022","format":false,"excerpt":"KPK zbardh detajet: - Arjan Ndoj kontakte me kriminel\u00eb, u zbuluan n\u00eb celularin e tij\u2026 29 PRILL 2022 Del sot para vettingut prokurori i Durr\u00ebsit, Arjan Ndoj, i cili i mbijetoi nj\u00eb atentati n\u00eb 2019-\u00ebn n\u00eb Mbikalimin e Shkozetit. Ngjarja e r\u00ebnd\u00eb q\u00eb pasoi me vrasjen e shoferit t\u00eb tij,\u2026","rel":"","context":"In &quot;Politika&quot;","block_context":{"text":"Politika","link":"https:\/\/www.shqiperia.com\/blog\/category\/politika\/"},"img":{"alt_text":"","src":"https:\/\/i0.wp.com\/www.shqiperia.com\/blog\/wp-content\/uploads\/2022\/04\/arjan-ndoja.jpg?fit=850%2C450&ssl=1&resize=350%2C200","width":350,"height":200,"srcset":"https:\/\/i0.wp.com\/www.shqiperia.com\/blog\/wp-content\/uploads\/2022\/04\/arjan-ndoja.jpg?fit=850%2C450&ssl=1&resize=350%2C200 1x, https:\/\/i0.wp.com\/www.shqiperia.com\/blog\/wp-content\/uploads\/2022\/04\/arjan-ndoja.jpg?fit=850%2C450&ssl=1&resize=525%2C300 1.5x, https:\/\/i0.wp.com\/www.shqiperia.com\/blog\/wp-content\/uploads\/2022\/04\/arjan-ndoja.jpg?fit=850%2C450&ssl=1&resize=700%2C400 2x"},"classes":[]},{"id":73451,"url":"https:\/\/www.shqiperia.com\/blog\/mjekja-psikiatre-ne-korce-jane-mbi-3600-persona-me-probleme-te-shendetit-mendor\/","url_meta":{"origin":98313,"position":1},"title":"Mjekja psikiatre: &#8211; N\u00eb Kor\u00e7\u00eb jan\u00eb mbi 3600 persona me probleme t\u00eb sh\u00ebndetit mendor","author":"Kurt Farka","date":"August 12, 2023","format":false,"excerpt":"12 Gusht 2023 I mbyllur n\u00eb sht\u00ebpin\u00eb e tij, n\u00eb gjendje t\u00eb r\u00ebnduar mendore dhe i armatosur me kallashnikov Ramiz Mu\u00e7ollari 62-vje\u00e7ari nga Qesaraka e Maliqit i rezistoi mbi 8 or\u00eb forcave t\u00eb policis\u00eb, derisa u ekzekutua prej Forcave RENEA m\u00ebngjesin e s\u00eb shtun\u00ebs. Ai plagosi nj\u00eb dit\u00eb m\u00eb par\u00eb\u2026","rel":"","context":"In &quot;Blogu i Udh\u00ebtarit&quot;","block_context":{"text":"Blogu i Udh\u00ebtarit","link":"https:\/\/www.shqiperia.com\/blog\/category\/blogu-i-udhetarit\/"},"img":{"alt_text":"","src":"https:\/\/i0.wp.com\/www.shqiperia.com\/blog\/wp-content\/uploads\/2023\/08\/top-10-things-to-see-and-do-in-korce-albania-davidsbeenhere-1-980x552-1.jpg?fit=980%2C552&ssl=1&resize=350%2C200","width":350,"height":200,"srcset":"https:\/\/i0.wp.com\/www.shqiperia.com\/blog\/wp-content\/uploads\/2023\/08\/top-10-things-to-see-and-do-in-korce-albania-davidsbeenhere-1-980x552-1.jpg?fit=980%2C552&ssl=1&resize=350%2C200 1x, https:\/\/i0.wp.com\/www.shqiperia.com\/blog\/wp-content\/uploads\/2023\/08\/top-10-things-to-see-and-do-in-korce-albania-davidsbeenhere-1-980x552-1.jpg?fit=980%2C552&ssl=1&resize=525%2C300 1.5x, https:\/\/i0.wp.com\/www.shqiperia.com\/blog\/wp-content\/uploads\/2023\/08\/top-10-things-to-see-and-do-in-korce-albania-davidsbeenhere-1-980x552-1.jpg?fit=980%2C552&ssl=1&resize=700%2C400 2x"},"classes":[]},{"id":38482,"url":"https:\/\/www.shqiperia.com\/blog\/halucinacione-trauma-cfare-ka-lene-pas-kovidi-te-pacientet-e-infektuar\/","url_meta":{"origin":98313,"position":2},"title":"Halucinacione, trauma. &#8211; \u00c7far\u00eb ka l\u00ebn\u00eb pas kovidi te pacient\u00ebt e infektuar!","author":"Kurt Farka","date":"September 16, 2020","format":false,"excerpt":"Halucinacione, trauma. - \u00c7far\u00eb ka l\u00ebn\u00eb pas kovidi te pacient\u00ebt e infektuar! 16 SHTATOR 2020 N\u00eb Indi, numri i rasteve me koronavirus, n\u00eb kufijt\u00eb e ekstremit, ka ngritur nj\u00eb tjet\u00ebr alarm: probleme serioze t\u00eb sh\u00ebndetit mendor te pacient\u00ebt me Covid-19, shkruan Vikas Pandey i BBC. Rajesh Tiwari, 42 vje\u00e7, iu\u2026","rel":"","context":"In &quot;Blogu i Udh\u00ebtarit&quot;","block_context":{"text":"Blogu i Udh\u00ebtarit","link":"https:\/\/www.shqiperia.com\/blog\/category\/blogu-i-udhetarit\/"},"img":{"alt_text":"","src":"https:\/\/i0.wp.com\/www.shqiperia.com\/blog\/wp-content\/uploads\/2020\/09\/640-0-5f61cebbc0586.jpg?fit=640%2C360&ssl=1&resize=350%2C200","width":350,"height":200,"srcset":"https:\/\/i0.wp.com\/www.shqiperia.com\/blog\/wp-content\/uploads\/2020\/09\/640-0-5f61cebbc0586.jpg?fit=640%2C360&ssl=1&resize=350%2C200 1x, https:\/\/i0.wp.com\/www.shqiperia.com\/blog\/wp-content\/uploads\/2020\/09\/640-0-5f61cebbc0586.jpg?fit=640%2C360&ssl=1&resize=525%2C300 1.5x"},"classes":[]},{"id":22715,"url":"https:\/\/www.shqiperia.com\/blog\/meta-testi-i-shendetit-mendor-te-futet-ne-kushtetute\/","url_meta":{"origin":98313,"position":3},"title":"Meta: &#8211; Testi i sh\u00ebndetit mendor t\u00eb futet n\u00eb Kushtetut\u00eb.","author":"Kurt Farka","date":"July 2, 2019","format":false,"excerpt":"Meta: - Testi i sh\u00ebndetit mendor t\u00eb futet n\u00eb Kushtetut\u00eb. \u00a02 korrik 2019 Kreu i Shtetit Ilir Meta ka folur me tone t\u00eb forta sot n\u00eb konferenc\u00ebn p\u00ebr shtyp, duke dh\u00ebn\u00eb mesazhe direkte p\u00ebr kryeministrin, madje edhe Sorosin. Duke i kujtuar se tashm\u00eb mesazhi p\u00ebr kryeministrin \u00ebsht\u00eb \u201cEdi thellohu\u201d, ai\u2026","rel":"","context":"In &quot;Kultura&quot;","block_context":{"text":"Kultura","link":"https:\/\/www.shqiperia.com\/blog\/category\/kultura\/"},"img":{"alt_text":"","src":"https:\/\/i0.wp.com\/www.shqiperia.com\/blog\/wp-content\/uploads\/2019\/07\/politikanet.jpg?fit=1195%2C635&ssl=1&resize=350%2C200","width":350,"height":200,"srcset":"https:\/\/i0.wp.com\/www.shqiperia.com\/blog\/wp-content\/uploads\/2019\/07\/politikanet.jpg?fit=1195%2C635&ssl=1&resize=350%2C200 1x, https:\/\/i0.wp.com\/www.shqiperia.com\/blog\/wp-content\/uploads\/2019\/07\/politikanet.jpg?fit=1195%2C635&ssl=1&resize=525%2C300 1.5x, https:\/\/i0.wp.com\/www.shqiperia.com\/blog\/wp-content\/uploads\/2019\/07\/politikanet.jpg?fit=1195%2C635&ssl=1&resize=700%2C400 2x, https:\/\/i0.wp.com\/www.shqiperia.com\/blog\/wp-content\/uploads\/2019\/07\/politikanet.jpg?fit=1195%2C635&ssl=1&resize=1050%2C600 3x"},"classes":[]},{"id":56924,"url":"https:\/\/www.shqiperia.com\/blog\/kerkon-denimin-per-trafik-droge-spak-rekurs-ne-gjk-per-ish-ministrin-saimir-tahiri\/","url_meta":{"origin":98313,"position":4},"title":"K\u00ebrkon d\u00ebnimin p\u00ebr trafik droge. &#8211; SPAK rekurs n\u00eb GJK p\u00ebr ish-ministrin Saimir Tahiri","author":"Kurt Farka","date":"April 19, 2022","format":false,"excerpt":"K\u00ebrkon d\u00ebnimin p\u00ebr trafik droge. - SPAK rekurs n\u00eb GJK p\u00ebr ish-ministrin Saimir Tahiri 19 PRILL 2022 SPAK ka b\u00ebr\u00eb rekurs n\u00eb Gjykat\u00ebn e Lart\u00eb p\u00ebr vendimin me 3 vite e 4 muaj burg p\u00ebr ish-ministrin e Brendsh\u00ebm, Saimir Tahiri. SPAK k\u00ebrkon cil\u00ebsimin e vepr\u00ebs \u201cTrafikim n\u00eb kuad\u00ebr grupit strukturuar\u201d,\u2026","rel":"","context":"In &quot;Blogu i Udh\u00ebtarit&quot;","block_context":{"text":"Blogu i Udh\u00ebtarit","link":"https:\/\/www.shqiperia.com\/blog\/category\/blogu-i-udhetarit\/"},"img":{"alt_text":"","src":"https:\/\/i0.wp.com\/www.shqiperia.com\/blog\/wp-content\/uploads\/2022\/04\/640-0-625e7e9121106.jpg?fit=640%2C360&ssl=1&resize=350%2C200","width":350,"height":200,"srcset":"https:\/\/i0.wp.com\/www.shqiperia.com\/blog\/wp-content\/uploads\/2022\/04\/640-0-625e7e9121106.jpg?fit=640%2C360&ssl=1&resize=350%2C200 1x, https:\/\/i0.wp.com\/www.shqiperia.com\/blog\/wp-content\/uploads\/2022\/04\/640-0-625e7e9121106.jpg?fit=640%2C360&ssl=1&resize=525%2C300 1.5x"},"classes":[]},{"id":12884,"url":"https:\/\/www.shqiperia.com\/blog\/rrjetet-sociale-na-demtojne-shendetin-mendor\/","url_meta":{"origin":98313,"position":5},"title":"Rrjetet sociale na d\u00ebmtojn\u00eb sh\u00ebndetin mendor\u2026","author":"Kurt Farka","date":"October 23, 2018","format":false,"excerpt":"Rrjetet sociale na d\u00ebmtojn\u00eb sh\u00ebndetin mendor\u2026 Nj\u00eb num\u00ebr i madh ekspert\u00ebsh t\u00eb sh\u00ebndetit mendor rakordojn\u00eb n\u00eb tez\u00ebn se Instagrami shkakton n\u00eb p\u00ebrdoruesit e tij ndjesi sikleti dhe parehatie. Instagrami duket nj\u00eb vend miq\u00ebsor, nj\u00eb platform\u00eb fotografish, ku postimet me suksesin m\u00eb t\u00eb madh arrihen fal\u00eb pozitivitetit q\u00eb p\u00ebr\u00e7ojn\u00eb, e ku\u2026","rel":"","context":"In &quot;Njoftime Shtypi&quot;","block_context":{"text":"Njoftime Shtypi","link":"https:\/\/www.shqiperia.com\/blog\/category\/njoftime-shtypi\/"},"img":{"alt_text":"","src":"https:\/\/i0.wp.com\/www.shqiperia.com\/blog\/wp-content\/uploads\/2018\/10\/rrjete-sociale-1024x575.jpg?fit=1024%2C575&ssl=1&resize=350%2C200","width":350,"height":200,"srcset":"https:\/\/i0.wp.com\/www.shqiperia.com\/blog\/wp-content\/uploads\/2018\/10\/rrjete-sociale-1024x575.jpg?fit=1024%2C575&ssl=1&resize=350%2C200 1x, https:\/\/i0.wp.com\/www.shqiperia.com\/blog\/wp-content\/uploads\/2018\/10\/rrjete-sociale-1024x575.jpg?fit=1024%2C575&ssl=1&resize=525%2C300 1.5x, https:\/\/i0.wp.com\/www.shqiperia.com\/blog\/wp-content\/uploads\/2018\/10\/rrjete-sociale-1024x575.jpg?fit=1024%2C575&ssl=1&resize=700%2C400 2x"},"classes":[]}],"_links":{"self":[{"href":"https:\/\/www.shqiperia.com\/blog\/wp-json\/wp\/v2\/posts\/98313","targetHints":{"allow":["GET"]}}],"collection":[{"href":"https:\/\/www.shqiperia.com\/blog\/wp-json\/wp\/v2\/posts"}],"about":[{"href":"https:\/\/www.shqiperia.com\/blog\/wp-json\/wp\/v2\/types\/post"}],"author":[{"embeddable":true,"href":"https:\/\/www.shqiperia.com\/blog\/wp-json\/wp\/v2\/users\/9"}],"replies":[{"embeddable":true,"href":"https:\/\/www.shqiperia.com\/blog\/wp-json\/wp\/v2\/comments?post=98313"}],"version-history":[{"count":1,"href":"https:\/\/www.shqiperia.com\/blog\/wp-json\/wp\/v2\/posts\/98313\/revisions"}],"predecessor-version":[{"id":98315,"href":"https:\/\/www.shqiperia.com\/blog\/wp-json\/wp\/v2\/posts\/98313\/revisions\/98315"}],"wp:featuredmedia":[{"embeddable":true,"href":"https:\/\/www.shqiperia.com\/blog\/wp-json\/wp\/v2\/media\/98314"}],"wp:attachment":[{"href":"https:\/\/www.shqiperia.com\/blog\/wp-json\/wp\/v2\/media?parent=98313"}],"wp:term":[{"taxonomy":"category","embeddable":true,"href":"https:\/\/www.shqiperia.com\/blog\/wp-json\/wp\/v2\/categories?post=98313"},{"taxonomy":"post_tag","embeddable":true,"href":"https:\/\/www.shqiperia.com\/blog\/wp-json\/wp\/v2\/tags?post=98313"}],"curies":[{"name":"wp","href":"https:\/\/api.w.org\/{rel}","templated":true}]}}