{"id":98307,"date":"2026-03-11T11:48:12","date_gmt":"2026-03-11T11:48:12","guid":{"rendered":"https:\/\/www.shqiperia.com\/blog\/?p=98307"},"modified":"2026-03-11T11:48:12","modified_gmt":"2026-03-11T11:48:12","slug":"pd-kerkon-seance-degjimore-me-ramen-per-editorialin-me-vucic-mbi-integrimin-e-ballkanit-ne-be","status":"publish","type":"post","link":"https:\/\/www.shqiperia.com\/blog\/pd-kerkon-seance-degjimore-me-ramen-per-editorialin-me-vucic-mbi-integrimin-e-ballkanit-ne-be\/","title":{"rendered":"PD k\u00ebrkon seanc\u00eb d\u00ebgjimore me Ram\u00ebn p\u00ebr editorialin me Vu\u00e7i\u00e7 mbi integrimin e Ballkanit n\u00eb BE"},"content":{"rendered":"<p><img data-recalc-dims=\"1\" loading=\"lazy\" decoding=\"async\" data-attachment-id=\"98308\" data-permalink=\"https:\/\/www.shqiperia.com\/blog\/pd-kerkon-seance-degjimore-me-ramen-per-editorialin-me-vucic-mbi-integrimin-e-ballkanit-ne-be\/640-0-0957f5edea1f2ecaaeec6224bd0452d2\/\" data-orig-file=\"https:\/\/i0.wp.com\/www.shqiperia.com\/blog\/wp-content\/uploads\/2026\/03\/640-0-0957f5edea1f2ecaaeec6224bd0452d2.jpg?fit=640%2C360&amp;ssl=1\" data-orig-size=\"640,360\" data-comments-opened=\"1\" data-image-meta=\"{&quot;aperture&quot;:&quot;0&quot;,&quot;credit&quot;:&quot;&quot;,&quot;camera&quot;:&quot;&quot;,&quot;caption&quot;:&quot;&quot;,&quot;created_timestamp&quot;:&quot;0&quot;,&quot;copyright&quot;:&quot;&quot;,&quot;focal_length&quot;:&quot;0&quot;,&quot;iso&quot;:&quot;0&quot;,&quot;shutter_speed&quot;:&quot;0&quot;,&quot;title&quot;:&quot;&quot;,&quot;orientation&quot;:&quot;0&quot;}\" data-image-title=\"-640-0-0957f5edea1f2ecaaeec6224bd0452d2\" data-image-description=\"\" data-image-caption=\"\" data-medium-file=\"https:\/\/i0.wp.com\/www.shqiperia.com\/blog\/wp-content\/uploads\/2026\/03\/640-0-0957f5edea1f2ecaaeec6224bd0452d2.jpg?fit=300%2C169&amp;ssl=1\" data-large-file=\"https:\/\/i0.wp.com\/www.shqiperia.com\/blog\/wp-content\/uploads\/2026\/03\/640-0-0957f5edea1f2ecaaeec6224bd0452d2.jpg?fit=640%2C360&amp;ssl=1\" class=\"alignnone  wp-image-98308\" alt=\"\" src=\"https:\/\/i0.wp.com\/www.shqiperia.com\/blog\/wp-content\/uploads\/2026\/03\/640-0-0957f5edea1f2ecaaeec6224bd0452d2.jpg?resize=497%2C280&#038;ssl=1\" width=\"497\" height=\"280\" srcset=\"https:\/\/i0.wp.com\/www.shqiperia.com\/blog\/wp-content\/uploads\/2026\/03\/640-0-0957f5edea1f2ecaaeec6224bd0452d2.jpg?resize=300%2C169&amp;ssl=1 300w, https:\/\/i0.wp.com\/www.shqiperia.com\/blog\/wp-content\/uploads\/2026\/03\/640-0-0957f5edea1f2ecaaeec6224bd0452d2.jpg?resize=450%2C253&amp;ssl=1 450w, https:\/\/i0.wp.com\/www.shqiperia.com\/blog\/wp-content\/uploads\/2026\/03\/640-0-0957f5edea1f2ecaaeec6224bd0452d2.jpg?resize=600%2C338&amp;ssl=1 600w, https:\/\/i0.wp.com\/www.shqiperia.com\/blog\/wp-content\/uploads\/2026\/03\/640-0-0957f5edea1f2ecaaeec6224bd0452d2.jpg?resize=400%2C225&amp;ssl=1 400w, https:\/\/i0.wp.com\/www.shqiperia.com\/blog\/wp-content\/uploads\/2026\/03\/640-0-0957f5edea1f2ecaaeec6224bd0452d2.jpg?w=640&amp;ssl=1 640w\" sizes=\"auto, (max-width: 497px) 100vw, 497px\" \/><\/p>\n<p>11 Mars 2026<\/p>\n<p>An\u00ebtar\u00ebt e Partis\u00eb Demokratike ne Kimisionin e Jasht\u00ebm, kan\u00eb thirrur Kryeministrin Edi Rama, lidhur me nj\u00eb editorial t\u00eb p\u00ebrbashk\u00ebt me presidentin serb Aleksand\u00ebr Vu\u00e7i\u00e7, mbi \u00e7eshtjet e integrimit.<\/p>\n<p>Editoriali i publikuar n\u00eb median gjermane propozon q\u00eb vendet e Ballkanit Per\u00ebndimor t\u00eb integrohen gradualisht n\u00eb tregun e brendsh\u00ebm t\u00eb BE-s\u00eb dhe n\u00eb zon\u00ebn Schengen pa qen\u00eb ende an\u00ebtare t\u00eb plota t\u00eb unionit.<\/p>\n<p>Por sipas demokrateve kjo kerkese bie ndesh me rezolutat e miratuara m\u00eb par\u00eb nga Kuvendi i Shqip\u00ebris\u00eb p\u00ebr an\u00ebtar\u00ebsim t\u00eb plot\u00eb n\u00eb Bashkimin Europian dhe k\u00ebrkojn\u00eb sqarime nga kryeministri p\u00ebr k\u00ebt\u00eb iniciativ\u00eb.<\/p>\n<p>N\u00eb kerkese theksohet gjithashtu shqet\u00ebsimi p\u00ebr ndikimin q\u00eb mund t\u00eb ket\u00eb kjo qasje n\u00eb procesin e integrimit dhe n\u00eb interesat strategjike t\u00eb Shqip\u00ebris\u00eb dhe Kosov\u00ebs.<\/p>\n","protected":false},"excerpt":{"rendered":"<p>11 Mars 2026 An\u00ebtar\u00ebt e Partis\u00eb Demokratike ne Kimisionin e Jasht\u00ebm, kan\u00eb thirrur Kryeministrin Edi Rama, lidhur me nj\u00eb editorial t\u00eb p\u00ebrbashk\u00ebt me presidentin serb Aleksand\u00ebr Vu\u00e7i\u00e7, mbi \u00e7eshtjet e integrimit. Editoriali i publikuar n\u00eb median gjermane propozon q\u00eb vendet e Ballkanit Per\u00ebndimor t\u00eb integrohen gradualisht n\u00eb tregun e brendsh\u00ebm t\u00eb BE-s\u00eb dhe n\u00eb zon\u00ebn [&hellip;]<\/p>\n","protected":false},"author":9,"featured_media":98308,"comment_status":"open","ping_status":"open","sticky":false,"template":"","format":"standard","meta":{"jetpack_post_was_ever_published":false,"_jetpack_newsletter_access":"","_jetpack_dont_email_post_to_subs":false,"_jetpack_newsletter_tier_id":0,"_jetpack_memberships_contains_paywalled_content":false,"_jetpack_memberships_contains_paid_content":false,"footnotes":"","jetpack_publicize_message":"","jetpack_publicize_feature_enabled":true,"jetpack_social_post_already_shared":true,"jetpack_social_options":{"image_generator_settings":{"template":"highway","default_image_id":0,"font":"","enabled":false},"version":2}},"categories":[27,1,2],"tags":[],"class_list":["post-98307","post","type-post","status-publish","format-standard","has-post-thumbnail","hentry","category-blogu-i-udhetarit","category-njoftime-shtypi","category-politika"],"jetpack_publicize_connections":[],"jetpack_featured_media_url":"https:\/\/i0.wp.com\/www.shqiperia.com\/blog\/wp-content\/uploads\/2026\/03\/640-0-0957f5edea1f2ecaaeec6224bd0452d2.jpg?fit=640%2C360&ssl=1","jetpack_sharing_enabled":true,"jetpack_shortlink":"https:\/\/wp.me\/p5Z6wp-pzB","jetpack-related-posts":[{"id":26816,"url":"https:\/\/www.shqiperia.com\/blog\/rama-darke-me-vucic-dhe-zaev\/","url_meta":{"origin":98307,"position":0},"title":"Rama dark\u00eb me Vu\u00e7i\u00e7 dhe Zaev. &#8211;","author":"Kurt Farka","date":"October 9, 2019","format":false,"excerpt":"Rama dark\u00eb me Vu\u00e7i\u00e7 dhe Zaev. - 09\/10\/19 mapo.al Kryeministri Edi Rama ka mb\u00ebrritur n\u00eb Novi Sad t\u00eb Serbis\u00eb, ku ka takuar presidentin serb Aleksandar Vu\u00e7i\u00e7 dhe kryeministrin e Maqedonis\u00eb s\u00eb Veriut, Zoran Zaev. Pas takimeve, Rama ka darkuar me Vu\u00e7i\u00e7 dhe Zaev, t\u00eb cil\u00ebve iu \u00ebsht\u00eb bashkuar dhe kryeministrja\u2026","rel":"","context":"In &quot;Blogu i Udh\u00ebtarit&quot;","block_context":{"text":"Blogu i Udh\u00ebtarit","link":"https:\/\/www.shqiperia.com\/blog\/category\/blogu-i-udhetarit\/"},"img":{"alt_text":"","src":"https:\/\/i0.wp.com\/www.shqiperia.com\/blog\/wp-content\/uploads\/2019\/10\/rama-vucic-zaev.jpg?fit=921%2C485&ssl=1&resize=350%2C200","width":350,"height":200,"srcset":"https:\/\/i0.wp.com\/www.shqiperia.com\/blog\/wp-content\/uploads\/2019\/10\/rama-vucic-zaev.jpg?fit=921%2C485&ssl=1&resize=350%2C200 1x, https:\/\/i0.wp.com\/www.shqiperia.com\/blog\/wp-content\/uploads\/2019\/10\/rama-vucic-zaev.jpg?fit=921%2C485&ssl=1&resize=525%2C300 1.5x, https:\/\/i0.wp.com\/www.shqiperia.com\/blog\/wp-content\/uploads\/2019\/10\/rama-vucic-zaev.jpg?fit=921%2C485&ssl=1&resize=700%2C400 2x"},"classes":[]},{"id":58692,"url":"https:\/\/www.shqiperia.com\/blog\/deshtimi-i-suksesshem-i-lavrov-qe-demaskoi-agjentet-ruse-te-ballkanit-te-hapur\/","url_meta":{"origin":98307,"position":1},"title":"D\u00ebshtimi i suksessh\u00ebm i Lavrov q\u00eb demaskoi agjent\u00ebt rus\u00eb t\u00eb Ballkanit t\u00eb Hapur","author":"Kurt Farka","date":"June 7, 2022","format":false,"excerpt":"6 Qershor 2022 D\u00ebshtimi i vizit\u00ebs s\u00eb Lavrov n\u00eb Serbi ishte nj\u00eb goditje e r\u00ebnd\u00eb p\u00ebr elitat politike t\u00eb Ballkanit, t\u00eb cilat prej koh\u00ebsh jan\u00eb duke gatuar nj\u00eb \u00e7orb\u00eb t\u00eb shpifur dhe pa kurfarr\u00eb shije me termin Ballkani i Hapur. I trumbetuar me tamtame histerike nga dyshja Vu\u00e7ic-Rama, dhe i\u2026","rel":"","context":"In &quot;Blogu i Udh\u00ebtarit&quot;","block_context":{"text":"Blogu i Udh\u00ebtarit","link":"https:\/\/www.shqiperia.com\/blog\/category\/blogu-i-udhetarit\/"},"img":{"alt_text":"","src":"https:\/\/i0.wp.com\/www.shqiperia.com\/blog\/wp-content\/uploads\/2022\/06\/800-0-629460e4acb9b.jpg?fit=800%2C448&ssl=1&resize=350%2C200","width":350,"height":200,"srcset":"https:\/\/i0.wp.com\/www.shqiperia.com\/blog\/wp-content\/uploads\/2022\/06\/800-0-629460e4acb9b.jpg?fit=800%2C448&ssl=1&resize=350%2C200 1x, https:\/\/i0.wp.com\/www.shqiperia.com\/blog\/wp-content\/uploads\/2022\/06\/800-0-629460e4acb9b.jpg?fit=800%2C448&ssl=1&resize=525%2C300 1.5x, https:\/\/i0.wp.com\/www.shqiperia.com\/blog\/wp-content\/uploads\/2022\/06\/800-0-629460e4acb9b.jpg?fit=800%2C448&ssl=1&resize=700%2C400 2x"},"classes":[]},{"id":26810,"url":"https:\/\/www.shqiperia.com\/blog\/cfare-po-ndodh-kryministri-rama-mberrin-ne-serbi-takim-koke-me-koke-me-presidentin-vucic-dhe-kryeministrin-e-maqedonise\/","url_meta":{"origin":98307,"position":2},"title":"\u00c7far\u00eb po ndodh? Kryministri Rama mb\u00ebrrin n\u00eb Serbi, takim kok\u00eb m\u00eb kok\u00eb me presidentin Vu\u00e7i\u00e7 dhe kryeministrin e Maqedonis\u00eb. &#8211;","author":"Kurt Farka","date":"October 9, 2019","format":false,"excerpt":"\u00c7far\u00eb po ndodh? Kryministri Rama mb\u00ebrrin n\u00eb Serbi, takim kok\u00eb m\u00eb kok\u00eb me presidentin Vu\u00e7i\u00e7 dhe kryeministrin e Maqedonis\u00eb. - \u00a009\/10\/2019 - 20:22 Kryeministri Edi Rama ka mb\u00ebrritur n\u00eb Novi Sad t\u00eb Serbis\u00eb, ku do t\u00eb zhvilloj\u00eb nj\u00eb takim me presidentin serb Alexandar Vu\u00e7i\u00e7 dhe kryeministrin e Maqedonis\u00eb s\u00eb Veriut,\u2026","rel":"","context":"In &quot;Blogu i Udh\u00ebtarit&quot;","block_context":{"text":"Blogu i Udh\u00ebtarit","link":"https:\/\/www.shqiperia.com\/blog\/category\/blogu-i-udhetarit\/"},"img":{"alt_text":"","src":"https:\/\/i0.wp.com\/www.shqiperia.com\/blog\/wp-content\/uploads\/2019\/10\/rama-novi-sad-600x338-300x162.png?resize=350%2C200&ssl=1","width":350,"height":200},"classes":[]},{"id":61636,"url":"https:\/\/www.shqiperia.com\/blog\/ballkani-i-hapur-merr-fund-ne-vjeshte-hyn-ne-loje-projekti-i-madh-gjerman-mesazhi-i-koduar-i-kancelarit-scholz-per-treshen-rama-vucic-kovacevski\/","url_meta":{"origin":98307,"position":3},"title":"\u201cBallkani i Hapur\u201d merr fund n\u00eb vjesht\u00eb. &#8211; Hyn n\u00eb loj\u00eb projekti i madh gjerman.- Mesazhi i koduar i kancelarit Scholz p\u00ebr treshen Rama-Vu\u00e7i\u00e7-Kova\u00e7evski","author":"Kurt Farka","date":"August 31, 2022","format":false,"excerpt":"31 Gusht 2022 K\u00ebt\u00eb vjesht\u00eb, Gjermania pritet t\u00eb nxjerr\u00eb jasht\u00eb loje nism\u00ebn e p\u00ebrbashk\u00ebt midis Shqip\u00ebris\u00eb, Serbis\u00eb dhe Maqedonis\u00eb s\u00eb Veriut e quajtur \u201cBallkani i Hapur\u201d duke i dh\u00ebn\u00eb nj\u00eb goditje direkte kryeministrit shqiptar Edi Rama, president serb Aleksand\u00ebr Vu\u00e7i\u00e7 dhe kryeministrit maqedonas Dimitar Kova\u00e7evski. Sinjalet i dha l\u00ebvizja e\u2026","rel":"","context":"In &quot;Blogu i Udh\u00ebtarit&quot;","block_context":{"text":"Blogu i Udh\u00ebtarit","link":"https:\/\/www.shqiperia.com\/blog\/category\/blogu-i-udhetarit\/"},"img":{"alt_text":"","src":"https:\/\/i0.wp.com\/www.shqiperia.com\/blog\/wp-content\/uploads\/2022\/08\/800-0-630f199b0161c.png?fit=800%2C496&ssl=1&resize=350%2C200","width":350,"height":200,"srcset":"https:\/\/i0.wp.com\/www.shqiperia.com\/blog\/wp-content\/uploads\/2022\/08\/800-0-630f199b0161c.png?fit=800%2C496&ssl=1&resize=350%2C200 1x, https:\/\/i0.wp.com\/www.shqiperia.com\/blog\/wp-content\/uploads\/2022\/08\/800-0-630f199b0161c.png?fit=800%2C496&ssl=1&resize=525%2C300 1.5x, https:\/\/i0.wp.com\/www.shqiperia.com\/blog\/wp-content\/uploads\/2022\/08\/800-0-630f199b0161c.png?fit=800%2C496&ssl=1&resize=700%2C400 2x"},"classes":[]},{"id":26289,"url":"https:\/\/www.shqiperia.com\/blog\/ky-skenar-rama-vucic-si-ai-enver-tito-dikur-duhet-ndalur-thirrja-e-ish-deputetit-shengeni-ballkanik-na-largon-nga-europa\/","url_meta":{"origin":98307,"position":4},"title":"\u201cKy skenar Rama-Vu\u00e7i\u00e7, si ai Enver-Tito dikur, duhet ndalur\u201d, thirrja e ish deputetit: \u201cShengeni Ballkanik\u201d na largon nga Europa. &#8211;","author":"Kurt Farka","date":"September 26, 2019","format":false,"excerpt":"\u201cKy skenar Rama-Vu\u00e7i\u00e7, si ai Enver-Tito dikur, duhet ndalur\u201d, thirrja e ish deputetit: \u201cShengeni Ballkanik\u201d na largon nga Europa. - \u00a026 shtator 2019 N\u00eb Nju Jork ku po merr pjes\u00eb n\u00eb punimet e Asambles\u00eb s\u00eb P\u00ebrgjithshme t\u00eb OKB-s\u00eb, Aleksandar Vu\u00e7i\u00e7 ka deklaruar p\u00ebr mediat serbe se \u00ebsht\u00eb takuar me kryeministrin\u2026","rel":"","context":"In &quot;Blogu i Udh\u00ebtarit&quot;","block_context":{"text":"Blogu i Udh\u00ebtarit","link":"https:\/\/www.shqiperia.com\/blog\/category\/blogu-i-udhetarit\/"},"img":{"alt_text":"","src":"https:\/\/i0.wp.com\/www.shqiperia.com\/blog\/wp-content\/uploads\/2019\/09\/Enver-Tito.jpg?fit=1174%2C692&ssl=1&resize=350%2C200","width":350,"height":200,"srcset":"https:\/\/i0.wp.com\/www.shqiperia.com\/blog\/wp-content\/uploads\/2019\/09\/Enver-Tito.jpg?fit=1174%2C692&ssl=1&resize=350%2C200 1x, https:\/\/i0.wp.com\/www.shqiperia.com\/blog\/wp-content\/uploads\/2019\/09\/Enver-Tito.jpg?fit=1174%2C692&ssl=1&resize=525%2C300 1.5x, https:\/\/i0.wp.com\/www.shqiperia.com\/blog\/wp-content\/uploads\/2019\/09\/Enver-Tito.jpg?fit=1174%2C692&ssl=1&resize=700%2C400 2x, https:\/\/i0.wp.com\/www.shqiperia.com\/blog\/wp-content\/uploads\/2019\/09\/Enver-Tito.jpg?fit=1174%2C692&ssl=1&resize=1050%2C600 3x"},"classes":[]},{"id":63414,"url":"https:\/\/www.shqiperia.com\/blog\/rama-dhe-vucic-nga-koketat-e-merkelit-ne-djem-plangprishes-te-perendimit\/","url_meta":{"origin":98307,"position":5},"title":"Rama dhe Vu\u00e7i\u00e7, nga \u201ckoketat\u201d e Merkelit, n\u00eb djem plangprish\u00ebs t\u00eb Per\u00ebndimit","author":"Kurt Farka","date":"October 19, 2022","format":false,"excerpt":"19 Tetor 2022 Kryeministri Edi Rama po humb terren dhe duket se po braktiset nga t\u00eb gjith\u00eb aktor\u00ebt e r\u00ebnd\u00ebsish\u00ebm n\u00eb aren\u00ebn nd\u00ebrkomb\u00ebtare, madje s\u00eb fundmi edhe nga Gjermania. V\u00ebmendja e madhe e kancelarit gjerman Olaf Sholc p\u00ebr Ballkanin Per\u00ebndimor po sinjalizon qart\u00eb fundin e koh\u00ebs s\u00eb Merkelit, duke sjell\u00eb\u2026","rel":"","context":"In &quot;Blogu i Udh\u00ebtarit&quot;","block_context":{"text":"Blogu i Udh\u00ebtarit","link":"https:\/\/www.shqiperia.com\/blog\/category\/blogu-i-udhetarit\/"},"img":{"alt_text":"","src":"https:\/\/i0.wp.com\/www.shqiperia.com\/blog\/wp-content\/uploads\/2022\/10\/800-0-634fd1d1e1527.jpeg?fit=729%2C364&ssl=1&resize=350%2C200","width":350,"height":200,"srcset":"https:\/\/i0.wp.com\/www.shqiperia.com\/blog\/wp-content\/uploads\/2022\/10\/800-0-634fd1d1e1527.jpeg?fit=729%2C364&ssl=1&resize=350%2C200 1x, https:\/\/i0.wp.com\/www.shqiperia.com\/blog\/wp-content\/uploads\/2022\/10\/800-0-634fd1d1e1527.jpeg?fit=729%2C364&ssl=1&resize=525%2C300 1.5x, https:\/\/i0.wp.com\/www.shqiperia.com\/blog\/wp-content\/uploads\/2022\/10\/800-0-634fd1d1e1527.jpeg?fit=729%2C364&ssl=1&resize=700%2C400 2x"},"classes":[]}],"_links":{"self":[{"href":"https:\/\/www.shqiperia.com\/blog\/wp-json\/wp\/v2\/posts\/98307","targetHints":{"allow":["GET"]}}],"collection":[{"href":"https:\/\/www.shqiperia.com\/blog\/wp-json\/wp\/v2\/posts"}],"about":[{"href":"https:\/\/www.shqiperia.com\/blog\/wp-json\/wp\/v2\/types\/post"}],"author":[{"embeddable":true,"href":"https:\/\/www.shqiperia.com\/blog\/wp-json\/wp\/v2\/users\/9"}],"replies":[{"embeddable":true,"href":"https:\/\/www.shqiperia.com\/blog\/wp-json\/wp\/v2\/comments?post=98307"}],"version-history":[{"count":1,"href":"https:\/\/www.shqiperia.com\/blog\/wp-json\/wp\/v2\/posts\/98307\/revisions"}],"predecessor-version":[{"id":98309,"href":"https:\/\/www.shqiperia.com\/blog\/wp-json\/wp\/v2\/posts\/98307\/revisions\/98309"}],"wp:featuredmedia":[{"embeddable":true,"href":"https:\/\/www.shqiperia.com\/blog\/wp-json\/wp\/v2\/media\/98308"}],"wp:attachment":[{"href":"https:\/\/www.shqiperia.com\/blog\/wp-json\/wp\/v2\/media?parent=98307"}],"wp:term":[{"taxonomy":"category","embeddable":true,"href":"https:\/\/www.shqiperia.com\/blog\/wp-json\/wp\/v2\/categories?post=98307"},{"taxonomy":"post_tag","embeddable":true,"href":"https:\/\/www.shqiperia.com\/blog\/wp-json\/wp\/v2\/tags?post=98307"}],"curies":[{"name":"wp","href":"https:\/\/api.w.org\/{rel}","templated":true}]}}