{"id":98303,"date":"2026-03-11T03:14:33","date_gmt":"2026-03-11T03:14:33","guid":{"rendered":"https:\/\/www.shqiperia.com\/blog\/?p=98303"},"modified":"2026-03-11T03:14:33","modified_gmt":"2026-03-11T03:14:33","slug":"kulti-i-mithras-arkeologet-gjejne-shenja-te-nje-feje-te-lashte-misterioze-vetem-per-burra-ne-gjermani","status":"publish","type":"post","link":"https:\/\/www.shqiperia.com\/blog\/kulti-i-mithras-arkeologet-gjejne-shenja-te-nje-feje-te-lashte-misterioze-vetem-per-burra-ne-gjermani\/","title":{"rendered":"Kulti i Mithras: Arkeolog\u00ebt gjejn\u00eb shenja t\u00eb nj\u00eb feje t\u00eb lasht\u00eb misterioze vet\u00ebm p\u00ebr burra n\u00eb Gjermani"},"content":{"rendered":"<p><img data-recalc-dims=\"1\" loading=\"lazy\" decoding=\"async\" data-attachment-id=\"98305\" data-permalink=\"https:\/\/www.shqiperia.com\/blog\/kulti-i-mithras-arkeologet-gjejne-shenja-te-nje-feje-te-lashte-misterioze-vetem-per-burra-ne-gjermani\/auto_screenshot_311772627288\/\" data-orig-file=\"https:\/\/i0.wp.com\/www.shqiperia.com\/blog\/wp-content\/uploads\/2026\/03\/auto_Screenshot_311772627288.jpg?fit=900%2C533&amp;ssl=1\" data-orig-size=\"900,533\" data-comments-opened=\"1\" data-image-meta=\"{&quot;aperture&quot;:&quot;0&quot;,&quot;credit&quot;:&quot;&quot;,&quot;camera&quot;:&quot;&quot;,&quot;caption&quot;:&quot;&quot;,&quot;created_timestamp&quot;:&quot;0&quot;,&quot;copyright&quot;:&quot;&quot;,&quot;focal_length&quot;:&quot;0&quot;,&quot;iso&quot;:&quot;0&quot;,&quot;shutter_speed&quot;:&quot;0&quot;,&quot;title&quot;:&quot;&quot;,&quot;orientation&quot;:&quot;0&quot;}\" data-image-title=\"auto_Screenshot_311772627288\" data-image-description=\"\" data-image-caption=\"\" data-medium-file=\"https:\/\/i0.wp.com\/www.shqiperia.com\/blog\/wp-content\/uploads\/2026\/03\/auto_Screenshot_311772627288.jpg?fit=300%2C178&amp;ssl=1\" data-large-file=\"https:\/\/i0.wp.com\/www.shqiperia.com\/blog\/wp-content\/uploads\/2026\/03\/auto_Screenshot_311772627288.jpg?fit=900%2C533&amp;ssl=1\" class=\"alignnone  wp-image-98305\" alt=\"\" src=\"https:\/\/i0.wp.com\/www.shqiperia.com\/blog\/wp-content\/uploads\/2026\/03\/auto_Screenshot_311772627288.jpg?resize=598%2C355&#038;ssl=1\" width=\"598\" height=\"355\" srcset=\"https:\/\/i0.wp.com\/www.shqiperia.com\/blog\/wp-content\/uploads\/2026\/03\/auto_Screenshot_311772627288.jpg?resize=300%2C178&amp;ssl=1 300w, https:\/\/i0.wp.com\/www.shqiperia.com\/blog\/wp-content\/uploads\/2026\/03\/auto_Screenshot_311772627288.jpg?resize=768%2C455&amp;ssl=1 768w, https:\/\/i0.wp.com\/www.shqiperia.com\/blog\/wp-content\/uploads\/2026\/03\/auto_Screenshot_311772627288.jpg?resize=450%2C267&amp;ssl=1 450w, https:\/\/i0.wp.com\/www.shqiperia.com\/blog\/wp-content\/uploads\/2026\/03\/auto_Screenshot_311772627288.jpg?resize=600%2C355&amp;ssl=1 600w, https:\/\/i0.wp.com\/www.shqiperia.com\/blog\/wp-content\/uploads\/2026\/03\/auto_Screenshot_311772627288.jpg?resize=400%2C237&amp;ssl=1 400w, https:\/\/i0.wp.com\/www.shqiperia.com\/blog\/wp-content\/uploads\/2026\/03\/auto_Screenshot_311772627288.jpg?w=900&amp;ssl=1 900w\" sizes=\"auto, (max-width: 598px) 100vw, 598px\" \/><\/p>\n<p><strong>11 Mars 2026<\/strong><\/p>\n<p><strong>Gjat\u00eb g\u00ebrmimeve t\u00eb fundit n\u00eb qytetin e vjet\u00ebr t\u00eb Regensburgut, arkeolog\u00ebt gjerman\u00eb zbuluan nj\u00eb tempull kushtuar per\u00ebndis\u00eb Mithras.<\/strong><\/p>\n<p>Meqen\u00ebse nd\u00ebrtesa fillimisht ishte nd\u00ebrtuar prej druri, vet\u00ebm disa mbetje strukturore kan\u00eb mbijetuar. Megjithat\u00eb, gjetje t\u00eb tilla si nj\u00eb gur kushtimi i mbishkruar dhe fragmente pllakash kushtimi metalike tregojn\u00eb qart\u00eb p\u00ebrdorimin e saj si vend adhurimi.<\/p>\n<p>D\u00ebshmi t\u00eb m\u00ebtejshme t\u00eb kultit ende enigmatik t\u00eb Mithras p\u00ebrfshijn\u00eb copa t\u00eb nj\u00eb ene qeramike t\u00eb zbukuruar me gjarp\u00ebrinj, kupa temjani dhe broka me dorez\u00eb. Ekspert\u00ebt supozojn\u00eb se banketet rituale ishin nj\u00eb pjes\u00eb integrale e kultit t\u00eb Mithras.<\/p>\n<p>Monedhat, duke p\u00ebrfshir\u00eb ekzemplar\u00eb nga mbret\u00ebrimi i Perandorit Hadrian (117\u2013138 pas Krishtit), b\u00ebjn\u00eb t\u00eb mundur datimin e tempullit midis viteve 80 dhe 171 pas Krishtit. Kjo e b\u00ebn at\u00eb m\u00eb t\u00eb vjetrin nga n\u00ebnt\u00eb Mithraea-t e njohura deri m\u00eb tani n\u00eb provinc\u00ebn romake t\u00eb Raetia-s, n\u00eb at\u00eb q\u00eb tani \u00ebsht\u00eb Bavaria.<\/p>\n<p>Raetia, nj\u00eb provinc\u00eb romake n\u00eb Evrop\u00ebn qendrore q\u00eb ekzistonte af\u00ebrsisht nga shekulli i 1-r\u00eb para Krishtit deri n\u00eb shekullin e 5-t\u00eb pas Krishtit, p\u00ebrfshinte pjes\u00eb t\u00eb asaj q\u00eb tani \u00ebsht\u00eb Gjermania jugore, Zvicra, Austria dhe Italia veriore.<\/p>\n<p>Kulti i Mithras, ose Mithraism, ishte nj\u00eb fe misterioze. Ishte ve\u00e7an\u00ebrisht i p\u00ebrhapur n\u00eb qendrat ushtarake dhe tregtare, dhe legjionar\u00ebt romak\u00eb ishin shpesh midis ithtar\u00ebve t\u00eb tij. Vet\u00ebm burrat pranoheshin. Nj\u00eb komunitet lokal zakonisht p\u00ebrb\u00ebhej nga rreth 15 deri n\u00eb 40 an\u00ebtar\u00eb.<\/p>\n<p>N\u00eb Persin\u00eb e lasht\u00eb, Mitra quhej &#8220;Mitra&#8221; dhe ishte nj\u00eb per\u00ebndi e bes\u00eblidhjeve, besnik\u00ebris\u00eb dhe drejt\u00ebsis\u00eb. Romak\u00ebt e shnd\u00ebrruan at\u00eb n\u00eb nj\u00eb per\u00ebndi dielli. Kulti romak i Mithras p\u00ebrvet\u00ebsoi shum\u00eb element\u00eb nga mitologjia persiane, por zhvilloi edhe ritualet dhe simbolet e veta themelore. Motivi i &#8220;tauroktonis\u00eb&#8221; (nga latinishtja taurus, dem) u b\u00eb qendror: Mitra vret demin si nj\u00eb akt i rip\u00ebrt\u00ebritjes kozmike.<\/p>\n<p>Romak\u00ebt kishin nj\u00eb sistem t\u00eb graduar inicimi, me shtat\u00eb nivele t\u00eb njohura p\u00ebr ne: Corax (korb), Nymphus (dh\u00ebnd\u00ebr), Miles (ushtar), Leo (luan), Perses (pers), Heliodromus (vrapues dielli) dhe Pater (baba), secili me simbolet, ritualet dhe me sa duket sprovat ose sprovat e veta.<\/p>\n<p><strong>Me p\u00ebrhapjen e krishterimit, kulti sekret u zhduk.<\/strong><\/p>\n<p>Vet\u00ebm tani \u00ebsht\u00eb b\u00ebr\u00eb e qart\u00eb r\u00ebnd\u00ebsia e zbulimit<\/p>\n<p>Zbulimet u b\u00ebn\u00eb n\u00eb prag t\u00eb nj\u00eb projekti nd\u00ebrtimi. N\u00eb qytete me nj\u00eb histori t\u00eb gjat\u00eb si Regensburgu, arkeolog\u00ebt duhet t\u00eb sillen s\u00eb pari p\u00ebrpara se t\u00eb nd\u00ebrtohen nd\u00ebrtesa t\u00eb reja. Specialist\u00ebt e b\u00ebn\u00eb zbulimin n\u00eb fakt n\u00eb vitin 2023, por vet\u00ebm tani, pas hetimeve intensive, \u00ebsht\u00eb b\u00ebr\u00eb e qart\u00eb r\u00ebnd\u00ebsia e tij e plot\u00eb.<\/p>\n<p>Ashtu si tempujt e tjer\u00eb t\u00eb Mithras, kjo struktur\u00eb prej druri af\u00ebrsisht shtat\u00eb metra e gjat\u00eb ishte projektuar si nj\u00eb nd\u00ebrtes\u00eb e zgjatur dhe pjes\u00ebrisht e zhytur n\u00eb tok\u00eb. Ndjek\u00ebsit e kultit misterioz ndoshta zbrit\u00ebn n\u00ebp\u00ebrmjet nj\u00eb rampe n\u00eb shenjt\u00ebrore.<\/p>\n<p><img data-recalc-dims=\"1\" loading=\"lazy\" decoding=\"async\" class=\"\" alt=\"Image\" src=\"https:\/\/i0.wp.com\/www.syri.net\/uploads\/syri.net\/images\/2026\/March\/04\/auto_Screenshot_321772627288.jpg?resize=753%2C583&#038;ssl=1\" width=\"753\" height=\"583\" \/><\/p>\n<p>N\u00eb mes kishte nj\u00eb grop\u00eb t\u00eb ngjashme me llogore, nd\u00ebrsa platforma t\u00eb ngritura ishin nd\u00ebrtuar p\u00ebrgjat\u00eb an\u00ebve n\u00eb t\u00eb cilat besimtar\u00ebt mund t\u00eb uleshin ose t\u00eb mb\u00ebshteteshin. Tempujt e Mitr\u00ebs u modeluan sipas shpellave n\u00eb dizajnin e tyre, sepse nj\u00eb nga motivet qendrore t\u00eb mitologjis\u00eb \u00ebsht\u00eb vrasja e nj\u00eb dem nga Mitr\u00ebs n\u00eb nj\u00eb shpell\u00eb, shpjegoi Stefan Reuter p\u00ebr transmetuesin publik bavarez B pasi analizoi gjetjet.<\/p>\n<p>Tempulli dikur ndri\u00e7ohej nga qirinj dhe llamba vaji. En\u00ebt prej qeramike dhe brokat me dorez\u00eb q\u00eb jan\u00eb gjetur sugjerojn\u00eb se aty zhvilloheshin gosti t\u00eb shumta rituale. Analiza e en\u00ebve t\u00eb ushqimit \u00ebsht\u00eb ende duke u kryer. Duket se \u00ebsht\u00eb e sigurt q\u00eb konsumohej ushqim me cil\u00ebsi t\u00eb lart\u00eb.<\/p>\n<p>Gjetjet nga tempulli do t\u00eb ekspozohen n\u00eb Muzeun Historik t\u00eb Regensburgut, i cili aktualisht po ridizajnon galerit\u00eb e tij romake. N\u00eb ekspozit\u00ebn e re, shenjt\u00ebrorja e Mithras do t\u00eb luaj\u00eb nj\u00eb rol t\u00eb spikatur.\/ Euronews &#8211; Syri.Net<\/p>\n","protected":false},"excerpt":{"rendered":"<p>11 Mars 2026 Gjat\u00eb g\u00ebrmimeve t\u00eb fundit n\u00eb qytetin e vjet\u00ebr t\u00eb Regensburgut, arkeolog\u00ebt gjerman\u00eb zbuluan nj\u00eb tempull kushtuar per\u00ebndis\u00eb Mithras. Meqen\u00ebse nd\u00ebrtesa fillimisht ishte nd\u00ebrtuar prej druri, vet\u00ebm disa mbetje strukturore kan\u00eb mbijetuar. Megjithat\u00eb, gjetje t\u00eb tilla si nj\u00eb gur kushtimi i mbishkruar dhe fragmente pllakash kushtimi metalike tregojn\u00eb qart\u00eb p\u00ebrdorimin e saj si [&hellip;]<\/p>\n","protected":false},"author":9,"featured_media":98305,"comment_status":"open","ping_status":"open","sticky":false,"template":"","format":"standard","meta":{"jetpack_post_was_ever_published":false,"_jetpack_newsletter_access":"","_jetpack_dont_email_post_to_subs":false,"_jetpack_newsletter_tier_id":0,"_jetpack_memberships_contains_paywalled_content":false,"_jetpack_memberships_contains_paid_content":false,"footnotes":"","jetpack_publicize_message":"","jetpack_publicize_feature_enabled":true,"jetpack_social_post_already_shared":true,"jetpack_social_options":{"image_generator_settings":{"template":"highway","default_image_id":0,"font":"","enabled":false},"version":2}},"categories":[85,10,86],"tags":[],"class_list":["post-98303","post","type-post","status-publish","format-standard","has-post-thumbnail","hentry","category-histori","category-kultura","category-trashegimi-kulturore"],"jetpack_publicize_connections":[],"jetpack_featured_media_url":"https:\/\/i0.wp.com\/www.shqiperia.com\/blog\/wp-content\/uploads\/2026\/03\/auto_Screenshot_311772627288.jpg?fit=900%2C533&ssl=1","jetpack_sharing_enabled":true,"jetpack_shortlink":"https:\/\/wp.me\/p5Z6wp-pzx","jetpack-related-posts":[{"id":73909,"url":"https:\/\/www.shqiperia.com\/blog\/geshtenja-sulmon-bashen-te-besh-lufte-kunder-kultit-te-individit-e-me-pas-te-veteshpallesh-kryetar-i-perjetshem-smund-te-jete\/","url_meta":{"origin":98303,"position":0},"title":"G\u00ebshtenja sulmon Bash\u00ebn: &#8211; T\u00eb b\u00ebsh luft\u00eb kund\u00ebr kultit t\u00eb individit e m\u00eb pas t\u00eb vet\u00ebshpallesh kryetar i p\u00ebrjetsh\u00ebm, s\u2019mund t\u00eb jet\u00eb &#8230;","author":"Kurt Farka","date":"September 2, 2023","format":false,"excerpt":"2 Shtator 2023 Deputeti Lefter G\u00ebshtenja ka reaguar p\u00ebrmes nj\u00eb postimi n\u00eb rrjetet sociale, p\u00ebr Kuvendin Komb\u00ebtar t\u00eb PD. Ai shprehet se t\u00eb b\u00ebsh luft\u00eb kund\u00ebr \u201ckultit t\u00eb individit e m\u00eb pas t\u00eb mbledh\u00ebsh Kuvende p\u00ebr t\u00eb p\u00ebrjashtuar ata q\u00eb b\u00ebre betej\u00ebn dhe t\u00eb vet\u00ebshpallesh kryetar i p\u00ebrjetsh\u00ebm, vet\u00ebm kjo\u2026","rel":"","context":"In &quot;Blogu i Udh\u00ebtarit&quot;","block_context":{"text":"Blogu i Udh\u00ebtarit","link":"https:\/\/www.shqiperia.com\/blog\/category\/blogu-i-udhetarit\/"},"img":{"alt_text":"","src":"https:\/\/i0.wp.com\/www.shqiperia.com\/blog\/wp-content\/uploads\/2023\/09\/640-0-Lulzim-Basha-komik-590x354-1-1-400x240-1.jpg?fit=640%2C384&ssl=1&resize=350%2C200","width":350,"height":200,"srcset":"https:\/\/i0.wp.com\/www.shqiperia.com\/blog\/wp-content\/uploads\/2023\/09\/640-0-Lulzim-Basha-komik-590x354-1-1-400x240-1.jpg?fit=640%2C384&ssl=1&resize=350%2C200 1x, https:\/\/i0.wp.com\/www.shqiperia.com\/blog\/wp-content\/uploads\/2023\/09\/640-0-Lulzim-Basha-komik-590x354-1-1-400x240-1.jpg?fit=640%2C384&ssl=1&resize=525%2C300 1.5x"},"classes":[]},{"id":89498,"url":"https:\/\/www.shqiperia.com\/blog\/gjenden-parate-e-djallit-ne-nje-varr-te-lashte-ne-holande\/","url_meta":{"origin":98303,"position":1},"title":"Gjenden &#8216;parat\u00eb e djallit&#8217; n\u00eb nj\u00eb varr t\u00eb lasht\u00eb n\u00eb Holand\u00eb","author":"Kurt Farka","date":"February 14, 2025","format":false,"excerpt":"14 Shkurt 2025 Nj\u00eb k\u00ebrkues me detektor metali ka zbuluar s\u00eb fundmi nj\u00eb thesar me m\u00eb shum\u00eb se 100 monedha ari dhe argjendi t\u00eb varrosura n\u00ebn tok\u00eb n\u00eb Holand\u00eb, \u00e7ka ka shtyr\u00eb arkeolog\u00ebt t\u00eb hetojn\u00eb m\u00eb tej vendin e zbulimit. Megjithat\u00eb, duke ditur tani arsyen e fshehjes s\u00eb k\u00ebtyre monedhave,\u2026","rel":"","context":"In &quot;Blogu i Udh\u00ebtarit&quot;","block_context":{"text":"Blogu i Udh\u00ebtarit","link":"https:\/\/www.shqiperia.com\/blog\/category\/blogu-i-udhetarit\/"},"img":{"alt_text":"","src":"https:\/\/i0.wp.com\/www.shqiperia.com\/blog\/wp-content\/uploads\/2025\/02\/1920-1080_1598343197.jpg?fit=1200%2C675&ssl=1&resize=350%2C200","width":350,"height":200,"srcset":"https:\/\/i0.wp.com\/www.shqiperia.com\/blog\/wp-content\/uploads\/2025\/02\/1920-1080_1598343197.jpg?fit=1200%2C675&ssl=1&resize=350%2C200 1x, https:\/\/i0.wp.com\/www.shqiperia.com\/blog\/wp-content\/uploads\/2025\/02\/1920-1080_1598343197.jpg?fit=1200%2C675&ssl=1&resize=525%2C300 1.5x, https:\/\/i0.wp.com\/www.shqiperia.com\/blog\/wp-content\/uploads\/2025\/02\/1920-1080_1598343197.jpg?fit=1200%2C675&ssl=1&resize=700%2C400 2x, https:\/\/i0.wp.com\/www.shqiperia.com\/blog\/wp-content\/uploads\/2025\/02\/1920-1080_1598343197.jpg?fit=1200%2C675&ssl=1&resize=1050%2C600 3x"},"classes":[]},{"id":95482,"url":"https:\/\/www.shqiperia.com\/blog\/zbulohet-anija-e-lashte-luksoze-egjiptiane\/","url_meta":{"origin":98303,"position":2},"title":"Zbulohet anija e lasht\u00eb luksoze egjiptiane","author":"Kurt Farka","date":"December 9, 2025","format":false,"excerpt":"9 Dhjetor 2025 Arkeolog\u00ebt kan\u00eb zbuluar n\u00eb uj\u00ebrat pran\u00eb Aleksandris\u00eb nj\u00eb anije t\u00eb rrall\u00eb arg\u00ebtimi t\u00eb Egjiptit t\u00eb lasht\u00eb, e cila p\u00ebrputhet me p\u00ebrshkrimet e historianit grek t\u00eb shekullit t\u00eb par\u00eb, Strabo, duke e cil\u00ebsuar zbulimin si nj\u00eb nga m\u00eb emocionuesit e viteve t\u00eb fundit. Anija, e datuar n\u00eb gjysm\u00ebn\u2026","rel":"","context":"In &quot;Histori&quot;","block_context":{"text":"Histori","link":"https:\/\/www.shqiperia.com\/blog\/category\/histori\/"},"img":{"alt_text":"","src":"https:\/\/i0.wp.com\/www.shqiperia.com\/blog\/wp-content\/uploads\/2025\/12\/Anija-e-lashte-luksoze-egjiptiane.jpg?fit=1024%2C566&ssl=1&resize=350%2C200","width":350,"height":200,"srcset":"https:\/\/i0.wp.com\/www.shqiperia.com\/blog\/wp-content\/uploads\/2025\/12\/Anija-e-lashte-luksoze-egjiptiane.jpg?fit=1024%2C566&ssl=1&resize=350%2C200 1x, https:\/\/i0.wp.com\/www.shqiperia.com\/blog\/wp-content\/uploads\/2025\/12\/Anija-e-lashte-luksoze-egjiptiane.jpg?fit=1024%2C566&ssl=1&resize=525%2C300 1.5x, https:\/\/i0.wp.com\/www.shqiperia.com\/blog\/wp-content\/uploads\/2025\/12\/Anija-e-lashte-luksoze-egjiptiane.jpg?fit=1024%2C566&ssl=1&resize=700%2C400 2x"},"classes":[]},{"id":99436,"url":"https:\/\/www.shqiperia.com\/blog\/mitra-nje-kult-sekret-ne-skajet-e-perandorise-romake\/","url_meta":{"origin":98303,"position":3},"title":"Mitra: Nj\u00eb kult sekret n\u00eb skajet e Perandoris\u00eb Romake","author":"Kurt Farka","date":"April 16, 2026","format":false,"excerpt":"17 Prill 2026 N\u00eb veriun e larg\u00ebt t\u00eb Perandoris\u00eb Romake, ku klima ishte e ashp\u00ebr dhe mbijetesa e pasigurt, nj\u00eb grup ushtar\u00ebsh ndiznin llamba n\u00eb err\u00ebsir\u00ebn e nj\u00eb tempulli n\u00ebntok\u00ebsor. P\u00ebrball\u00eb tyre, fytyra e nj\u00eb per\u00ebndie e gdhendur n\u00eb gur i shikonte. Gati 2000 vjet m\u00eb von\u00eb, ai altar u\u2026","rel":"","context":"In &quot;Blogu i Udh\u00ebtarit&quot;","block_context":{"text":"Blogu i Udh\u00ebtarit","link":"https:\/\/www.shqiperia.com\/blog\/category\/blogu-i-udhetarit\/"},"img":{"alt_text":"","src":"https:\/\/i0.wp.com\/www.shqiperia.com\/blog\/wp-content\/uploads\/2026\/04\/01KH3X3VW9Z72WM5V1MNS55BMN.jpg?fit=1200%2C800&ssl=1&resize=350%2C200","width":350,"height":200,"srcset":"https:\/\/i0.wp.com\/www.shqiperia.com\/blog\/wp-content\/uploads\/2026\/04\/01KH3X3VW9Z72WM5V1MNS55BMN.jpg?fit=1200%2C800&ssl=1&resize=350%2C200 1x, https:\/\/i0.wp.com\/www.shqiperia.com\/blog\/wp-content\/uploads\/2026\/04\/01KH3X3VW9Z72WM5V1MNS55BMN.jpg?fit=1200%2C800&ssl=1&resize=525%2C300 1.5x, https:\/\/i0.wp.com\/www.shqiperia.com\/blog\/wp-content\/uploads\/2026\/04\/01KH3X3VW9Z72WM5V1MNS55BMN.jpg?fit=1200%2C800&ssl=1&resize=700%2C400 2x, https:\/\/i0.wp.com\/www.shqiperia.com\/blog\/wp-content\/uploads\/2026\/04\/01KH3X3VW9Z72WM5V1MNS55BMN.jpg?fit=1200%2C800&ssl=1&resize=1050%2C600 3x"},"classes":[]},{"id":71175,"url":"https:\/\/www.shqiperia.com\/blog\/arkeologet-zbulojne-ne-fund-te-detit-nje-varreze-dhe-spital-te-shekullit-te-19-te\/","url_meta":{"origin":98303,"position":4},"title":"Arkeolog\u00ebt zbulojn\u00eb n\u00eb fund t\u00eb detit nj\u00eb varrez\u00eb dhe spital t\u00eb shekullit t\u00eb 19-t\u00eb","author":"Kurt Farka","date":"May 6, 2023","format":false,"excerpt":"6 Maji 2023 Nj\u00eb zbulim mbres\u00ebl\u00ebn\u00ebs \u00ebsht\u00eb b\u00ebr\u00eb nga arkeolog\u00ebt n\u00eb Florida, n\u00eb nj\u00eb ishull t\u00eb fundosur pran\u00eb Parkut Komb\u00ebtar Dry Tortugas. Studiuesit gjet\u00ebn nj\u00eb varrez\u00eb dhe nj\u00eb spital t\u00eb shekullit t\u00eb 19-t\u00eb n\u00eb fund t\u00eb detit. Kjo \u00ebsht\u00eb varreza e Fort Jefferson Post, sipas arkeolog\u00ebve, nd\u00ebrsa spitali \u00ebsht\u00eb p\u00ebrdorur\u2026","rel":"","context":"In &quot;Blogu i Udh\u00ebtarit&quot;","block_context":{"text":"Blogu i Udh\u00ebtarit","link":"https:\/\/www.shqiperia.com\/blog\/category\/blogu-i-udhetarit\/"},"img":{"alt_text":"","src":"https:\/\/i0.wp.com\/www.shqiperia.com\/blog\/wp-content\/uploads\/2023\/05\/Screenshot-2023-05-05-181035.png?fit=1200%2C602&ssl=1&resize=350%2C200","width":350,"height":200,"srcset":"https:\/\/i0.wp.com\/www.shqiperia.com\/blog\/wp-content\/uploads\/2023\/05\/Screenshot-2023-05-05-181035.png?fit=1200%2C602&ssl=1&resize=350%2C200 1x, https:\/\/i0.wp.com\/www.shqiperia.com\/blog\/wp-content\/uploads\/2023\/05\/Screenshot-2023-05-05-181035.png?fit=1200%2C602&ssl=1&resize=525%2C300 1.5x, https:\/\/i0.wp.com\/www.shqiperia.com\/blog\/wp-content\/uploads\/2023\/05\/Screenshot-2023-05-05-181035.png?fit=1200%2C602&ssl=1&resize=700%2C400 2x, https:\/\/i0.wp.com\/www.shqiperia.com\/blog\/wp-content\/uploads\/2023\/05\/Screenshot-2023-05-05-181035.png?fit=1200%2C602&ssl=1&resize=1050%2C600 3x"},"classes":[]},{"id":66641,"url":"https:\/\/www.shqiperia.com\/blog\/eshte-zbuluar-nje-papirus-52-metra-i-gjate-qe-permban-librin-e-lashte-egjiptian-te-te-vdekurve\/","url_meta":{"origin":98303,"position":5},"title":"\u00cbsht\u00eb zbuluar nj\u00eb papirus 52 metra i gjat\u00eb q\u00eb p\u00ebrmban Librin e lasht\u00eb Egjiptian t\u00eb t\u00eb Vdekurve","author":"Kurt Farka","date":"January 23, 2023","format":false,"excerpt":"23 Janar 2023 Arkeolog\u00ebt egjiptian\u00eb kan\u00eb zbuluar nj\u00eb papirus t\u00eb lasht\u00eb t\u00eb paprekur, n\u00eb at\u00eb q\u00eb ekspert\u00ebt n\u00eb vend po e quajn\u00eb zbulimi i par\u00eb i k\u00ebtij lloji n\u00eb nj\u00eb shekull. Nj\u00eb papirus 52 metra i gjat\u00eb u gjet n\u00eb zon\u00ebn arkeologjike t\u00eb Saqqara. Artifakti i lasht\u00eb p\u00ebrmban pjes\u00eb t\u00eb\u2026","rel":"","context":"In &quot;Histori&quot;","block_context":{"text":"Histori","link":"https:\/\/www.shqiperia.com\/blog\/category\/histori\/"},"img":{"alt_text":"","src":"https:\/\/i0.wp.com\/www.shqiperia.com\/blog\/wp-content\/uploads\/2023\/01\/2anubi10-300x200.jpg?resize=350%2C200&ssl=1","width":350,"height":200},"classes":[]}],"_links":{"self":[{"href":"https:\/\/www.shqiperia.com\/blog\/wp-json\/wp\/v2\/posts\/98303","targetHints":{"allow":["GET"]}}],"collection":[{"href":"https:\/\/www.shqiperia.com\/blog\/wp-json\/wp\/v2\/posts"}],"about":[{"href":"https:\/\/www.shqiperia.com\/blog\/wp-json\/wp\/v2\/types\/post"}],"author":[{"embeddable":true,"href":"https:\/\/www.shqiperia.com\/blog\/wp-json\/wp\/v2\/users\/9"}],"replies":[{"embeddable":true,"href":"https:\/\/www.shqiperia.com\/blog\/wp-json\/wp\/v2\/comments?post=98303"}],"version-history":[{"count":1,"href":"https:\/\/www.shqiperia.com\/blog\/wp-json\/wp\/v2\/posts\/98303\/revisions"}],"predecessor-version":[{"id":98306,"href":"https:\/\/www.shqiperia.com\/blog\/wp-json\/wp\/v2\/posts\/98303\/revisions\/98306"}],"wp:featuredmedia":[{"embeddable":true,"href":"https:\/\/www.shqiperia.com\/blog\/wp-json\/wp\/v2\/media\/98305"}],"wp:attachment":[{"href":"https:\/\/www.shqiperia.com\/blog\/wp-json\/wp\/v2\/media?parent=98303"}],"wp:term":[{"taxonomy":"category","embeddable":true,"href":"https:\/\/www.shqiperia.com\/blog\/wp-json\/wp\/v2\/categories?post=98303"},{"taxonomy":"post_tag","embeddable":true,"href":"https:\/\/www.shqiperia.com\/blog\/wp-json\/wp\/v2\/tags?post=98303"}],"curies":[{"name":"wp","href":"https:\/\/api.w.org\/{rel}","templated":true}]}}