{"id":98300,"date":"2026-03-11T03:09:39","date_gmt":"2026-03-11T03:09:39","guid":{"rendered":"https:\/\/www.shqiperia.com\/blog\/?p=98300"},"modified":"2026-03-11T03:09:39","modified_gmt":"2026-03-11T03:09:39","slug":"peter-beyer-demokracia-ne-shqiperi-varet-nga-nje-pd-e-forte-dhe-drejtesi-e-hapur","status":"publish","type":"post","link":"https:\/\/www.shqiperia.com\/blog\/peter-beyer-demokracia-ne-shqiperi-varet-nga-nje-pd-e-forte-dhe-drejtesi-e-hapur\/","title":{"rendered":"Peter Beyer: &#8211; Demokracia n\u00eb Shqip\u00ebri varet nga nj\u00eb PD e fort\u00eb dhe drejt\u00ebsi e hapur"},"content":{"rendered":"<p><img data-recalc-dims=\"1\" loading=\"lazy\" decoding=\"async\" data-attachment-id=\"98301\" data-permalink=\"https:\/\/www.shqiperia.com\/blog\/peter-beyer-demokracia-ne-shqiperi-varet-nga-nje-pd-e-forte-dhe-drejtesi-e-hapur\/648081813_1777543720316578_3944981757979505817_n\/\" data-orig-file=\"https:\/\/i0.wp.com\/www.shqiperia.com\/blog\/wp-content\/uploads\/2026\/03\/648081813_1777543720316578_3944981757979505817_n.jpg?fit=793%2C540&amp;ssl=1\" data-orig-size=\"793,540\" data-comments-opened=\"1\" data-image-meta=\"{&quot;aperture&quot;:&quot;0&quot;,&quot;credit&quot;:&quot;Panorama Live&quot;,&quot;camera&quot;:&quot;&quot;,&quot;caption&quot;:&quot;&quot;,&quot;created_timestamp&quot;:&quot;0&quot;,&quot;copyright&quot;:&quot;&quot;,&quot;focal_length&quot;:&quot;0&quot;,&quot;iso&quot;:&quot;0&quot;,&quot;shutter_speed&quot;:&quot;0&quot;,&quot;title&quot;:&quot;&quot;,&quot;orientation&quot;:&quot;0&quot;}\" data-image-title=\"648081813_1777543720316578_3944981757979505817_n\" data-image-description=\"\" data-image-caption=\"\" data-medium-file=\"https:\/\/i0.wp.com\/www.shqiperia.com\/blog\/wp-content\/uploads\/2026\/03\/648081813_1777543720316578_3944981757979505817_n.jpg?fit=300%2C204&amp;ssl=1\" data-large-file=\"https:\/\/i0.wp.com\/www.shqiperia.com\/blog\/wp-content\/uploads\/2026\/03\/648081813_1777543720316578_3944981757979505817_n.jpg?fit=793%2C540&amp;ssl=1\" class=\"alignnone  wp-image-98301\" alt=\"\" src=\"https:\/\/i0.wp.com\/www.shqiperia.com\/blog\/wp-content\/uploads\/2026\/03\/648081813_1777543720316578_3944981757979505817_n.jpg?resize=643%2C437&#038;ssl=1\" width=\"643\" height=\"437\" srcset=\"https:\/\/i0.wp.com\/www.shqiperia.com\/blog\/wp-content\/uploads\/2026\/03\/648081813_1777543720316578_3944981757979505817_n.jpg?resize=300%2C204&amp;ssl=1 300w, https:\/\/i0.wp.com\/www.shqiperia.com\/blog\/wp-content\/uploads\/2026\/03\/648081813_1777543720316578_3944981757979505817_n.jpg?resize=768%2C523&amp;ssl=1 768w, https:\/\/i0.wp.com\/www.shqiperia.com\/blog\/wp-content\/uploads\/2026\/03\/648081813_1777543720316578_3944981757979505817_n.jpg?resize=450%2C306&amp;ssl=1 450w, https:\/\/i0.wp.com\/www.shqiperia.com\/blog\/wp-content\/uploads\/2026\/03\/648081813_1777543720316578_3944981757979505817_n.jpg?resize=600%2C409&amp;ssl=1 600w, https:\/\/i0.wp.com\/www.shqiperia.com\/blog\/wp-content\/uploads\/2026\/03\/648081813_1777543720316578_3944981757979505817_n.jpg?resize=235%2C160&amp;ssl=1 235w, https:\/\/i0.wp.com\/www.shqiperia.com\/blog\/wp-content\/uploads\/2026\/03\/648081813_1777543720316578_3944981757979505817_n.jpg?resize=400%2C272&amp;ssl=1 400w, https:\/\/i0.wp.com\/www.shqiperia.com\/blog\/wp-content\/uploads\/2026\/03\/648081813_1777543720316578_3944981757979505817_n.jpg?w=793&amp;ssl=1 793w\" sizes=\"auto, (max-width: 643px) 100vw, 643px\" \/><\/p>\n<p><strong>11 Mars 2026<\/strong><\/p>\n<p><strong>Pas p\u00ebrfundimit t\u00eb takimit me kreun e PD, Sali Berisha, n\u00eb nj\u00eb deklarat\u00eb p\u00ebr mediat, raportuesi p\u00ebr Ballkanin n\u00eb Bundestagun gjerman, Peter Beyer, u shpreh se biseda ishte shum\u00eb frytdh\u00ebn\u00ebse dhe konstruktive.<\/strong><\/p>\n<p>Ai theksoi r\u00ebnd\u00ebsin\u00eb e procesit t\u00eb integrimit europian t\u00eb Shqip\u00ebris\u00eb, duke vler\u00ebsuar pun\u00ebn e Partis\u00eb Demokratike n\u00eb ruajtjen e vlerave demokratike dhe respektimin e kritereve t\u00eb Kopenhag\u00ebs.\u00a0Beyer n\u00ebnvizoi gjithashtu nevoj\u00ebn p\u00ebr nj\u00eb qasje t\u00eb qart\u00eb, transparente dhe t\u00eb hapur n\u00eb sistemin e drejt\u00ebsis\u00eb dhe ofroi mb\u00ebshtetjen e tij p\u00ebr forcimin e institucioneve dhe t\u00eb ardhmes demokratike t\u00eb vendit.<\/p>\n<p>Ai gjithashtu b\u00ebri me dije se jav\u00ebn e ardhshme do t\u00eb mir\u00ebpres\u00eb n\u00eb Berlin disa deputet\u00eb shqiptar\u00eb, duke vijuar k\u00ebshtu bashk\u00ebpunimin mes Gjermanis\u00eb dhe Shqip\u00ebris\u00eb drejt integrimit europian.<\/p>\n<p><strong>Fjala e plot\u00eb:<\/strong><\/p>\n<div id=\"rekl-57\">\u201cFaleminderit shum\u00eb p\u00ebr mikpritjen mesdhetare, zoti kryetar, doktor Berisha.<\/div>\n<p>Sapo pat\u00ebm nj\u00eb bised\u00eb shum\u00eb frytdh\u00ebn\u00ebse dhe konstruktive. Diskutuam p\u00ebr procesin e integrimit europian t\u00eb Shqip\u00ebris\u00eb, nj\u00eb vend q\u00eb shpeshher\u00eb p\u00ebrmendet si nj\u00eb nga vendet kryesuese n\u00eb rrug\u00ebn drejt integrimit n\u00eb Bashkimin Europian. Megjithat\u00eb, nga k\u00ebndv\u00ebshtrimi i Berlinit, ne shohim gjithashtu disa sfida dhe zhvillime t\u00eb fundit n\u00eb k\u00ebt\u00eb vend, ve\u00e7an\u00ebrisht sa i p\u00ebrket \u00e7\u00ebshtjeve q\u00eb lidhen me sistemin e drejt\u00ebsis\u00eb.<\/p>\n<p>Un\u00eb personalisht e kam shoq\u00ebruar ministrin e Jasht\u00ebm t\u00eb Gjermanis\u00eb gjat\u00eb vizit\u00ebs s\u00eb tij n\u00eb Shqip\u00ebri n\u00eb muajin n\u00ebntor. Gjat\u00eb asaj vizite ne vizituam edhe SPAK-un dhe zhvilluam biseda me disa p\u00ebrfaq\u00ebsues t\u00eb tij, si edhe me an\u00ebtar\u00eb t\u00eb qeveris\u00eb.<\/p>\n<p>Kjo vizit\u00eb q\u00eb po zhvillojm\u00eb k\u00ebto dit\u00eb un\u00eb kam mb\u00ebrritur k\u00ebtu t\u00eb diel\u00ebn n\u00eb mbr\u00ebmje dhe do t\u00eb largohem nga ky vend i bukur, Shqip\u00ebria, nes\u00ebr \u00ebsht\u00eb n\u00eb fakt nj\u00eb mision zyrtar vijues pas vizit\u00ebs s\u00eb ministrit t\u00eb Jasht\u00ebm gjerman n\u00eb k\u00ebt\u00eb vend.<\/p>\n<p>N\u00eb diskutimet tona kemi trajtuar disa nga sfidat q\u00eb ekzistojn\u00eb. Si qeveri gjermane\u00a0edhe pse un\u00eb personalisht nuk jam pjes\u00eb e qeveris\u00eb, por i p\u00ebrkas partis\u00eb s\u00eb kancelarit \u2014 ne gjithashtu i p\u00ebrkasim familjes politike t\u00eb Partis\u00eb Popullore Europiane (EPP). Kjo do t\u00eb thot\u00eb se kemi nj\u00eb marr\u00ebdh\u00ebnie t\u00eb gjat\u00eb bashk\u00ebpunimi.<\/p>\n<p>Un\u00eb p\u00ebrg\u00ebzoj Partin\u00eb Demokratike t\u00eb Shqip\u00ebris\u00eb q\u00eb q\u00ebndron fort p\u00ebr vlerat dhe parimet themelore, si dhe p\u00ebr kriteret e Kopenhag\u00ebs. K\u00ebto kritere nuk jan\u00eb shpikur p\u00ebr t\u00eb detyruar apo p\u00ebr t\u00eb ushtruar presion mbi ask\u00ebnd, por p\u00ebr t\u00eb qen\u00eb shum\u00eb produktive dhe shum\u00eb t\u00eb dobishme p\u00ebr shoq\u00ebrin\u00eb dhe p\u00ebr qytetar\u00ebt e Shqip\u00ebris\u00eb.<\/p>\n<p>K\u00ebto ishin disa nga pikat kryesore t\u00eb diskutimit q\u00eb pat\u00ebm. Nj\u00eb Parti Demokratike e fort\u00eb dhe nj\u00eb opozit\u00eb e fort\u00eb jan\u00eb thelb\u00ebsore p\u00ebr t\u00eb ardhmen e demokracis\u00eb n\u00eb k\u00ebt\u00eb vend.<\/p>\n<p>Prandaj ne shtrijm\u00eb nj\u00eb dor\u00eb bashk\u00ebpunimi dhe ofrojm\u00eb mb\u00ebshtetjen ton\u00eb. Diskutuam gjithashtu se \u00e7far\u00eb mund t\u00eb b\u00ebjm\u00eb m\u00eb shum\u00eb p\u00ebr t\u00eb siguruar nj\u00eb perspektiv\u00eb shum\u00eb t\u00eb mir\u00eb dhe nj\u00eb t\u00eb ardhme t\u00eb mir\u00eb p\u00ebr Shqip\u00ebrin\u00eb, p\u00ebr popullin shqiptar dhe p\u00ebr sistemin politik t\u00eb k\u00ebtij vendi.<\/p>\n<p>Kjo, sigurisht, lidhet edhe me nevoj\u00ebn p\u00ebr nj\u00eb qasje shum\u00eb t\u00eb qart\u00eb, transparente dhe t\u00eb hapur sa i p\u00ebrket sistemit t\u00eb drejt\u00ebsis\u00eb n\u00eb k\u00ebt\u00eb vend. P\u00ebr k\u00ebt\u00eb kemi folur dhe kemi shqyrtuar se \u00e7far\u00eb mund t\u00eb b\u00ebjm\u00eb m\u00eb shum\u00eb s\u00eb bashku p\u00ebr p\u00ebrmir\u00ebsimin dhe p\u00ebr t\u00eb mir\u00ebn e qytetar\u00ebve shqiptar\u00eb.<\/p>\n<p>Un\u00eb jam gjithmon\u00eb i lumtur t\u00eb jem n\u00eb k\u00ebt\u00eb vend dhe do t\u00eb rikthehem p\u00ebrs\u00ebri.<\/p>\n<p>Jam gjithashtu shum\u00eb i lumtur q\u00eb jav\u00ebn e ardhshme do t\u00eb mir\u00ebpres dhe do t\u00eb pres n\u00eb Berlin disa nga deputet\u00ebt e Parlamentit t\u00eb Shqip\u00ebris\u00eb, mes tyre edhe zonj\u00ebn Jorida Tabaku. Ku jeni, Jorida? Miq t\u00eb mir\u00eb. Ju jeni k\u00ebtu.<\/p>\n<p>Kemi nj\u00eb marr\u00ebdh\u00ebnie t\u00eb gjat\u00eb bashk\u00ebpunimi dhe miq\u00ebsie dhe punojm\u00eb s\u00eb bashku drejt integrimit europian.<\/p>\n<p>Dhe kjo \u00ebsht\u00eb baza, themeli mbi t\u00eb cilin mb\u00ebshtetet miq\u00ebsia jon\u00eb.<\/p>\n<p>Faleminderit shum\u00eb.\u201d<\/p>\n","protected":false},"excerpt":{"rendered":"<p>11 Mars 2026 Pas p\u00ebrfundimit t\u00eb takimit me kreun e PD, Sali Berisha, n\u00eb nj\u00eb deklarat\u00eb p\u00ebr mediat, raportuesi p\u00ebr Ballkanin n\u00eb Bundestagun gjerman, Peter Beyer, u shpreh se biseda ishte shum\u00eb frytdh\u00ebn\u00ebse dhe konstruktive. Ai theksoi r\u00ebnd\u00ebsin\u00eb e procesit t\u00eb integrimit europian t\u00eb Shqip\u00ebris\u00eb, duke vler\u00ebsuar pun\u00ebn e Partis\u00eb Demokratike n\u00eb ruajtjen e vlerave [&hellip;]<\/p>\n","protected":false},"author":9,"featured_media":98301,"comment_status":"open","ping_status":"open","sticky":false,"template":"","format":"standard","meta":{"jetpack_post_was_ever_published":false,"_jetpack_newsletter_access":"","_jetpack_dont_email_post_to_subs":false,"_jetpack_newsletter_tier_id":0,"_jetpack_memberships_contains_paywalled_content":false,"_jetpack_memberships_contains_paid_content":false,"footnotes":"","jetpack_publicize_message":"","jetpack_publicize_feature_enabled":true,"jetpack_social_post_already_shared":true,"jetpack_social_options":{"image_generator_settings":{"template":"highway","default_image_id":0,"font":"","enabled":false},"version":2}},"categories":[27,1,2],"tags":[],"class_list":["post-98300","post","type-post","status-publish","format-standard","has-post-thumbnail","hentry","category-blogu-i-udhetarit","category-njoftime-shtypi","category-politika"],"jetpack_publicize_connections":[],"jetpack_featured_media_url":"https:\/\/i0.wp.com\/www.shqiperia.com\/blog\/wp-content\/uploads\/2026\/03\/648081813_1777543720316578_3944981757979505817_n.jpg?fit=793%2C540&ssl=1","jetpack_sharing_enabled":true,"jetpack_shortlink":"https:\/\/wp.me\/p5Z6wp-pzu","jetpack-related-posts":[{"id":98276,"url":"https:\/\/www.shqiperia.com\/blog\/deputeti-i-bundestagut-pas-takimit-me-berishen-sistemi-gjyqesor-te-jete-transparent-do-te-punojme-se-bashku-per-integrimin-ne-be\/","url_meta":{"origin":98300,"position":0},"title":"Deputeti i Bundestagut pas takimit me Berish\u00ebn: &#8211; Sistemi gjyq\u00ebsor t\u00eb jet\u00eb transparent! Do t\u00eb punojm\u00eb s\u00eb bashku p\u00ebr integrimin n\u00eb BE","author":"Kurt Farka","date":"March 10, 2026","format":false,"excerpt":"10 Mars 2026 Deputeti i Bundestagut gjerman Peter Beyer, pas takimit me kreun e Partis\u00eb Demokratike Sali Berisha, deklaroi se vizita e tij n\u00eb Shqip\u00ebri \u00ebsht\u00eb pjes\u00eb e nj\u00eb misioni paraprak n\u00eb kuad\u00ebr t\u00eb nj\u00eb vizite t\u00eb ardhshme t\u00eb nj\u00eb ministri gjerman n\u00eb vend Ai theksoi se nj\u00eb opozit\u00eb e\u2026","rel":"","context":"In &quot;Blogu i Udh\u00ebtarit&quot;","block_context":{"text":"Blogu i Udh\u00ebtarit","link":"https:\/\/www.shqiperia.com\/blog\/category\/blogu-i-udhetarit\/"},"img":{"alt_text":"","src":"https:\/\/i0.wp.com\/www.shqiperia.com\/blog\/wp-content\/uploads\/2026\/03\/Peter-Beyer11.jpg?fit=851%2C549&ssl=1&resize=350%2C200","width":350,"height":200,"srcset":"https:\/\/i0.wp.com\/www.shqiperia.com\/blog\/wp-content\/uploads\/2026\/03\/Peter-Beyer11.jpg?fit=851%2C549&ssl=1&resize=350%2C200 1x, https:\/\/i0.wp.com\/www.shqiperia.com\/blog\/wp-content\/uploads\/2026\/03\/Peter-Beyer11.jpg?fit=851%2C549&ssl=1&resize=525%2C300 1.5x, https:\/\/i0.wp.com\/www.shqiperia.com\/blog\/wp-content\/uploads\/2026\/03\/Peter-Beyer11.jpg?fit=851%2C549&ssl=1&resize=700%2C400 2x"},"classes":[]},{"id":98471,"url":"https:\/\/www.shqiperia.com\/blog\/gara-per-kreun-e-pd-ndizet-nje-tjeter-emer-sfidon-sali-berishen\/","url_meta":{"origin":98300,"position":1},"title":"Gara p\u00ebr kreun e PD ndizet\/ Nj\u00eb tjet\u00ebr em\u00ebr sfidon Sali Berish\u00ebn","author":"Kurt Farka","date":"March 18, 2026","format":false,"excerpt":"18 Mars 2026 Nj\u00eb tjet\u00ebr em\u00ebr ka shfaqur ambicie p\u00ebr kreun e Partis\u00eb Demokratike. Gara p\u00ebr drejtimin e PD-s\u00eb po zgjerohet, nd\u00ebrsa nj\u00eb tjet\u00ebr kandidate i shtohet list\u00ebs s\u00eb sfidant\u00ebve t\u00eb Sali Berish\u00ebs p\u00ebr zgjedhjet e 23 majit. Deri m\u00eb tani, jan\u00eb t\u00eb pakt\u00ebn tre emra q\u00eb pritet t\u00eb garojn\u00eb\u2026","rel":"","context":"In &quot;Politika&quot;","block_context":{"text":"Politika","link":"https:\/\/www.shqiperia.com\/blog\/category\/politika\/"},"img":{"alt_text":"","src":"https:\/\/i0.wp.com\/www.shqiperia.com\/blog\/wp-content\/uploads\/2026\/03\/Alesia-Balliu.jpg?fit=742%2C487&ssl=1&resize=350%2C200","width":350,"height":200,"srcset":"https:\/\/i0.wp.com\/www.shqiperia.com\/blog\/wp-content\/uploads\/2026\/03\/Alesia-Balliu.jpg?fit=742%2C487&ssl=1&resize=350%2C200 1x, https:\/\/i0.wp.com\/www.shqiperia.com\/blog\/wp-content\/uploads\/2026\/03\/Alesia-Balliu.jpg?fit=742%2C487&ssl=1&resize=525%2C300 1.5x, https:\/\/i0.wp.com\/www.shqiperia.com\/blog\/wp-content\/uploads\/2026\/03\/Alesia-Balliu.jpg?fit=742%2C487&ssl=1&resize=700%2C400 2x"},"classes":[]},{"id":63828,"url":"https:\/\/www.shqiperia.com\/blog\/grupi-i-deputeteve-te-alibeajt-ish-pd-se-pretendojne-qe-te-mblidhet-kryesia-e-dikurshme-ne-kohen-kur-pd-e-drejtonte-lulzim-basha\/","url_meta":{"origin":98300,"position":2},"title":"Grupi i deputet\u00ebve t\u00eb Alibeajt (ish PD-se) pretendojn\u00eb q\u00eb t\u00eb mblidhet kryesia e dikurshme, n\u00eb koh\u00ebn kur PD e drejtonte Lulzim Basha","author":"Kurt Farka","date":"November 1, 2022","format":false,"excerpt":"1 Nentor 2022 Me an\u00eb t\u00eb nj\u00eb q\u00ebndrimi zyrtar, grupi i deputet\u00ebve t\u00eb mb\u00ebshtetur nga Enkelejd Alibeajt shpreh keqardhje p\u00ebr mos arritjen e nj\u00eb dakord\u00ebsie, duke theksuar se \u201cn\u00eb kund\u00ebrshtim me zotimin publik p\u00ebr \u201cbisedime pa kushte\u201d, prevaloi interesi dhe kushti p\u00ebr t\u00eb njohur \u201cStatutin\u201d e 11 Dhjetorit, duke minuar\u2026","rel":"","context":"In &quot;Blogu i Udh\u00ebtarit&quot;","block_context":{"text":"Blogu i Udh\u00ebtarit","link":"https:\/\/www.shqiperia.com\/blog\/category\/blogu-i-udhetarit\/"},"img":{"alt_text":"","src":"https:\/\/i0.wp.com\/www.shqiperia.com\/blog\/wp-content\/uploads\/2022\/11\/enkelejd-alibeaj.jpg?fit=1200%2C800&ssl=1&resize=350%2C200","width":350,"height":200,"srcset":"https:\/\/i0.wp.com\/www.shqiperia.com\/blog\/wp-content\/uploads\/2022\/11\/enkelejd-alibeaj.jpg?fit=1200%2C800&ssl=1&resize=350%2C200 1x, https:\/\/i0.wp.com\/www.shqiperia.com\/blog\/wp-content\/uploads\/2022\/11\/enkelejd-alibeaj.jpg?fit=1200%2C800&ssl=1&resize=525%2C300 1.5x, https:\/\/i0.wp.com\/www.shqiperia.com\/blog\/wp-content\/uploads\/2022\/11\/enkelejd-alibeaj.jpg?fit=1200%2C800&ssl=1&resize=700%2C400 2x, https:\/\/i0.wp.com\/www.shqiperia.com\/blog\/wp-content\/uploads\/2022\/11\/enkelejd-alibeaj.jpg?fit=1200%2C800&ssl=1&resize=1050%2C600 3x"},"classes":[]},{"id":87906,"url":"https:\/\/www.shqiperia.com\/blog\/berisha-takohet-me-deputeten-e-forza-italia\/","url_meta":{"origin":98300,"position":3},"title":"Berisha takohet me deputeten e Forza Italia","author":"Kurt Farka","date":"December 30, 2024","format":false,"excerpt":"30 Dhjetor 2024 Kreu i Partis\u00eb Demokratike, Sali Berisha, zhvilloi nj\u00eb takim me deputeten italiane Erica Mazzetti, p\u00ebrfaq\u00ebsuese e Forza Italia dhe Drejtuese e Departamentit t\u00eb Pun\u00ebve Publike, s\u00eb bashku me Bardhok Dod\u00ebn, koordinatori i PD-s\u00eb n\u00eb Itali. Gjat\u00eb takimit, Berisha dhe Mazzetti diskutuan mbi r\u00ebnd\u00ebsin\u00eb e bashk\u00ebpunimit mes Shqip\u00ebris\u00eb\u2026","rel":"","context":"In &quot;Blogu i Udh\u00ebtarit&quot;","block_context":{"text":"Blogu i Udh\u00ebtarit","link":"https:\/\/www.shqiperia.com\/blog\/category\/blogu-i-udhetarit\/"},"img":{"alt_text":"","src":"https:\/\/i0.wp.com\/www.shqiperia.com\/blog\/wp-content\/uploads\/2024\/12\/berisha-8.jpg?fit=675%2C450&ssl=1&resize=350%2C200","width":350,"height":200,"srcset":"https:\/\/i0.wp.com\/www.shqiperia.com\/blog\/wp-content\/uploads\/2024\/12\/berisha-8.jpg?fit=675%2C450&ssl=1&resize=350%2C200 1x, https:\/\/i0.wp.com\/www.shqiperia.com\/blog\/wp-content\/uploads\/2024\/12\/berisha-8.jpg?fit=675%2C450&ssl=1&resize=525%2C300 1.5x"},"classes":[]},{"id":87171,"url":"https:\/\/www.shqiperia.com\/blog\/idu-mbeshtet-rezoluten-e-paraqitur-nga-pd-qeveri-teknike-per-zgjedhjet-te-ndalet-persekutimi-politik\/","url_meta":{"origin":98300,"position":4},"title":"IDU mb\u00ebshtet rezolut\u00ebn e paraqitur nga PD: &#8211; Qeveri Teknike p\u00ebr zgjedhjet, t\u00eb ndalet persekutimi politik\u2026","author":"Kurt Farka","date":"December 7, 2024","format":false,"excerpt":"7 Dhjetor 2024 Aleanca Globale e Qendr\u00ebs s\u00eb Djatht\u00eb, (IDU) ka miratuar me vot\u00eb unanime Rezolut\u00ebn p\u00ebr Shqip\u00ebrin\u00eb t\u00eb paraqitur nga Partia Demokratike e Shqip\u00ebris\u00eb, p\u00ebrmes t\u00eb cil\u00ebs k\u00ebrkohet t\u00eb ndalet persekutimi politik kund\u00ebr udh\u00ebheq\u00ebsve t\u00eb opozit\u00ebs, duke siguruar nj\u00eb mjedis t\u00eb drejt\u00eb dhe t\u00eb hapur p\u00ebr t\u00eb gjith\u00eb aktor\u00ebt\u2026","rel":"","context":"In &quot;Blogu i Udh\u00ebtarit&quot;","block_context":{"text":"Blogu i Udh\u00ebtarit","link":"https:\/\/www.shqiperia.com\/blog\/category\/blogu-i-udhetarit\/"},"img":{"alt_text":"","src":"https:\/\/i0.wp.com\/www.shqiperia.com\/blog\/wp-content\/uploads\/2024\/12\/Gb83keLW8AAQx6i.jpg?fit=1080%2C766&ssl=1&resize=350%2C200","width":350,"height":200,"srcset":"https:\/\/i0.wp.com\/www.shqiperia.com\/blog\/wp-content\/uploads\/2024\/12\/Gb83keLW8AAQx6i.jpg?fit=1080%2C766&ssl=1&resize=350%2C200 1x, https:\/\/i0.wp.com\/www.shqiperia.com\/blog\/wp-content\/uploads\/2024\/12\/Gb83keLW8AAQx6i.jpg?fit=1080%2C766&ssl=1&resize=525%2C300 1.5x, https:\/\/i0.wp.com\/www.shqiperia.com\/blog\/wp-content\/uploads\/2024\/12\/Gb83keLW8AAQx6i.jpg?fit=1080%2C766&ssl=1&resize=700%2C400 2x, https:\/\/i0.wp.com\/www.shqiperia.com\/blog\/wp-content\/uploads\/2024\/12\/Gb83keLW8AAQx6i.jpg?fit=1080%2C766&ssl=1&resize=1050%2C600 3x"},"classes":[]},{"id":92461,"url":"https:\/\/www.shqiperia.com\/blog\/kryetari-i-komisionit-te-jashtem-te-pe-david-mcallister-mbeshtetje-e-forte-per-pd-dhe-jorida-tabakun\/","url_meta":{"origin":98300,"position":5},"title":"Kryetari i Komisionit t\u00eb Jasht\u00ebm t\u00eb PE, David McAllister: &#8211; Mb\u00ebshtetje e fort\u00eb p\u00ebr PD dhe Jorida Tabakun","author":"Kurt Farka","date":"May 9, 2025","format":false,"excerpt":"9 Maji 2025 Dy dit\u00eb nga zgjedhjet parlamentare, Zv. Presidenti i Partis\u00eb Popullore Evropiane (EPP) dhe kryetar i Komisionit p\u00ebr Pun\u00ebt e Jashtme n\u00eb Parlamentin Evropian, David McAllister, ka shprehur mb\u00ebshtetjen e tij p\u00ebr Partin\u00eb Demokratike dhe kandidat\u00ebt e saj n\u00eb k\u00ebto zgjedhje vendimtare. \u201cZgjedhjet parlamentare t\u00eb k\u00ebsaj s\u00eb diele\u2026","rel":"","context":"In &quot;Blogu i Udh\u00ebtarit&quot;","block_context":{"text":"Blogu i Udh\u00ebtarit","link":"https:\/\/www.shqiperia.com\/blog\/category\/blogu-i-udhetarit\/"},"img":{"alt_text":"","src":"https:\/\/i0.wp.com\/www.shqiperia.com\/blog\/wp-content\/uploads\/2025\/05\/ergregregreg.jpg?fit=1090%2C654&ssl=1&resize=350%2C200","width":350,"height":200,"srcset":"https:\/\/i0.wp.com\/www.shqiperia.com\/blog\/wp-content\/uploads\/2025\/05\/ergregregreg.jpg?fit=1090%2C654&ssl=1&resize=350%2C200 1x, https:\/\/i0.wp.com\/www.shqiperia.com\/blog\/wp-content\/uploads\/2025\/05\/ergregregreg.jpg?fit=1090%2C654&ssl=1&resize=525%2C300 1.5x, https:\/\/i0.wp.com\/www.shqiperia.com\/blog\/wp-content\/uploads\/2025\/05\/ergregregreg.jpg?fit=1090%2C654&ssl=1&resize=700%2C400 2x, https:\/\/i0.wp.com\/www.shqiperia.com\/blog\/wp-content\/uploads\/2025\/05\/ergregregreg.jpg?fit=1090%2C654&ssl=1&resize=1050%2C600 3x"},"classes":[]}],"_links":{"self":[{"href":"https:\/\/www.shqiperia.com\/blog\/wp-json\/wp\/v2\/posts\/98300","targetHints":{"allow":["GET"]}}],"collection":[{"href":"https:\/\/www.shqiperia.com\/blog\/wp-json\/wp\/v2\/posts"}],"about":[{"href":"https:\/\/www.shqiperia.com\/blog\/wp-json\/wp\/v2\/types\/post"}],"author":[{"embeddable":true,"href":"https:\/\/www.shqiperia.com\/blog\/wp-json\/wp\/v2\/users\/9"}],"replies":[{"embeddable":true,"href":"https:\/\/www.shqiperia.com\/blog\/wp-json\/wp\/v2\/comments?post=98300"}],"version-history":[{"count":1,"href":"https:\/\/www.shqiperia.com\/blog\/wp-json\/wp\/v2\/posts\/98300\/revisions"}],"predecessor-version":[{"id":98302,"href":"https:\/\/www.shqiperia.com\/blog\/wp-json\/wp\/v2\/posts\/98300\/revisions\/98302"}],"wp:featuredmedia":[{"embeddable":true,"href":"https:\/\/www.shqiperia.com\/blog\/wp-json\/wp\/v2\/media\/98301"}],"wp:attachment":[{"href":"https:\/\/www.shqiperia.com\/blog\/wp-json\/wp\/v2\/media?parent=98300"}],"wp:term":[{"taxonomy":"category","embeddable":true,"href":"https:\/\/www.shqiperia.com\/blog\/wp-json\/wp\/v2\/categories?post=98300"},{"taxonomy":"post_tag","embeddable":true,"href":"https:\/\/www.shqiperia.com\/blog\/wp-json\/wp\/v2\/tags?post=98300"}],"curies":[{"name":"wp","href":"https:\/\/api.w.org\/{rel}","templated":true}]}}