{"id":98297,"date":"2026-03-11T03:02:46","date_gmt":"2026-03-11T03:02:46","guid":{"rendered":"https:\/\/www.shqiperia.com\/blog\/?p=98297"},"modified":"2026-03-11T03:02:46","modified_gmt":"2026-03-11T03:02:46","slug":"integrimi-ne-pikepyetje-marta-kos-terhiqet-nga-afatet-per-shqiperia-ne-bashkimi-europian","status":"publish","type":"post","link":"https:\/\/www.shqiperia.com\/blog\/integrimi-ne-pikepyetje-marta-kos-terhiqet-nga-afatet-per-shqiperia-ne-bashkimi-europian\/","title":{"rendered":"Integrimi n\u00eb pik\u00ebpyetje? Marta Kos t\u00ebrhiqet nga afatet p\u00ebr Shqip\u00ebria n\u00eb Bashkimi Europian"},"content":{"rendered":"<p><img data-recalc-dims=\"1\" loading=\"lazy\" decoding=\"async\" data-attachment-id=\"98298\" data-permalink=\"https:\/\/www.shqiperia.com\/blog\/integrimi-ne-pikepyetje-marta-kos-terhiqet-nga-afatet-per-shqiperia-ne-bashkimi-europian\/capture-188\/\" data-orig-file=\"https:\/\/i0.wp.com\/www.shqiperia.com\/blog\/wp-content\/uploads\/2026\/03\/Capture-188.jpg?fit=626%2C409&amp;ssl=1\" data-orig-size=\"626,409\" data-comments-opened=\"1\" data-image-meta=\"{&quot;aperture&quot;:&quot;0&quot;,&quot;credit&quot;:&quot;Redaksia 09&quot;,&quot;camera&quot;:&quot;&quot;,&quot;caption&quot;:&quot;&quot;,&quot;created_timestamp&quot;:&quot;1773133309&quot;,&quot;copyright&quot;:&quot;&quot;,&quot;focal_length&quot;:&quot;0&quot;,&quot;iso&quot;:&quot;0&quot;,&quot;shutter_speed&quot;:&quot;0&quot;,&quot;title&quot;:&quot;&quot;,&quot;orientation&quot;:&quot;0&quot;}\" data-image-title=\"Capture-188\" data-image-description=\"\" data-image-caption=\"\" data-medium-file=\"https:\/\/i0.wp.com\/www.shqiperia.com\/blog\/wp-content\/uploads\/2026\/03\/Capture-188.jpg?fit=300%2C196&amp;ssl=1\" data-large-file=\"https:\/\/i0.wp.com\/www.shqiperia.com\/blog\/wp-content\/uploads\/2026\/03\/Capture-188.jpg?fit=626%2C409&amp;ssl=1\" class=\"alignnone  wp-image-98298\" alt=\"\" src=\"https:\/\/i0.wp.com\/www.shqiperia.com\/blog\/wp-content\/uploads\/2026\/03\/Capture-188.jpg?resize=615%2C402&#038;ssl=1\" width=\"615\" height=\"402\" srcset=\"https:\/\/i0.wp.com\/www.shqiperia.com\/blog\/wp-content\/uploads\/2026\/03\/Capture-188.jpg?resize=300%2C196&amp;ssl=1 300w, https:\/\/i0.wp.com\/www.shqiperia.com\/blog\/wp-content\/uploads\/2026\/03\/Capture-188.jpg?resize=450%2C294&amp;ssl=1 450w, https:\/\/i0.wp.com\/www.shqiperia.com\/blog\/wp-content\/uploads\/2026\/03\/Capture-188.jpg?resize=600%2C392&amp;ssl=1 600w, https:\/\/i0.wp.com\/www.shqiperia.com\/blog\/wp-content\/uploads\/2026\/03\/Capture-188.jpg?resize=400%2C261&amp;ssl=1 400w, https:\/\/i0.wp.com\/www.shqiperia.com\/blog\/wp-content\/uploads\/2026\/03\/Capture-188.jpg?w=626&amp;ssl=1 626w\" sizes=\"auto, (max-width: 615px) 100vw, 615px\" \/><\/p>\n<p>11 Mars 2026<\/p>\n<p>Komisionerja p\u00ebr Zgjerimin n\u00eb Komisioni Evropian, Marta Kos, ka dh\u00ebn\u00eb nj\u00eb mesazh t\u00eb qart\u00eb p\u00ebr vendet kandidate gjat\u00eb nj\u00eb seance n\u00eb Parlamenti Evropian, duke theksuar se procesi i an\u00ebtar\u00ebsimit n\u00eb Bashkimi Evropian do t\u00eb mbetet i bazuar te reformat dhe standardet demokratike.<\/p>\n<p>N\u00eb fjal\u00ebn e saj, Kos deklaroi se vendet q\u00eb synojn\u00eb t\u00eb b\u00ebhen pjes\u00eb e BE-s\u00eb duhet t\u00eb jen\u00eb demokraci t\u00eb forta dhe t\u00eb q\u00ebndrueshme, t\u00eb afta t\u00eb p\u00ebrballojn\u00eb ndikime t\u00eb jashtme, ve\u00e7an\u00ebrisht ato q\u00eb vijn\u00eb nga Rusia.<\/p>\n<p>\u2018Vendet q\u00eb do t\u00eb na minonin nga brenda nuk mund t\u00eb b\u00ebhen shtete an\u00ebtare t\u00eb BE-s\u00eb. Ne duhet t\u00eb sigurohemi absolutisht p\u00ebr k\u00ebt\u00eb. Vendet q\u00eb i bashkohen BE-s\u00eb duhet t\u00eb jen\u00eb demokraci t\u00eb forta dhe elastike, t\u00eb afta t\u2019i rezistojn\u00eb ndikimit toksik t\u00eb Rusis\u00eb dhe t\u00eb t\u00eb tjer\u00ebve,\u2019 u shpreh ajo.<\/p>\n<p>Komisionerja theksoi gjithashtu se n\u00eb procesin e zgjerimit nuk mund t\u00eb ket\u00eb rrug\u00eb t\u00eb shkurtra p\u00ebr reformat dhe se qytetar\u00ebt evropian\u00eb presin nga institucionet e BE-s\u00eb nj\u00eb proces t\u00eb rrept\u00eb dhe t\u00eb besuesh\u00ebm.<\/p>\n<p>Kos iu referua edhe vendeve q\u00eb aktualisht konsiderohen n\u00eb pararoj\u00eb t\u00eb procesit t\u00eb integrimit, si Shqip\u00ebria, Mali i Zi, Ukraina dhe Republika e Moldavis\u00eb. Sipas saj, fakti q\u00eb k\u00ebto vende jan\u00eb vler\u00ebsuar deri tani me performanc\u00eb m\u00eb t\u00eb mir\u00eb nuk u garanton nj\u00eb status t\u00eb ve\u00e7ant\u00eb n\u00eb proces.<\/p>\n<p>\u2018Duke qen\u00eb se jeni konsideruar deri tani si nj\u00eb shtet favorit n\u00eb procesin e pranimit n\u00eb BE, kjo nuk ju garanton nj\u00eb status t\u00eb ve\u00e7ant\u00eb. Progresi duhet t\u00eb ruhet n\u00eb vijim\u00ebsi p\u00ebrmes zbatimit t\u00eb reformave,\u2019 theksoi Kos.<\/p>\n<p>Deklarata e saj n\u00ebnvizon se edhe p\u00ebr kat\u00ebr vendet pararoj\u00eb t\u00eb zgjerimit nuk ka m\u00eb garanci p\u00ebr afate t\u00eb caktuara p\u00ebr an\u00ebtar\u00ebsimin, n\u00ebse procesi i reformave ngec ose devijon nga standardet e k\u00ebrkuara nga Bashkimi Evropian.<\/p>\n","protected":false},"excerpt":{"rendered":"<p>11 Mars 2026 Komisionerja p\u00ebr Zgjerimin n\u00eb Komisioni Evropian, Marta Kos, ka dh\u00ebn\u00eb nj\u00eb mesazh t\u00eb qart\u00eb p\u00ebr vendet kandidate gjat\u00eb nj\u00eb seance n\u00eb Parlamenti Evropian, duke theksuar se procesi i an\u00ebtar\u00ebsimit n\u00eb Bashkimi Evropian do t\u00eb mbetet i bazuar te reformat dhe standardet demokratike. N\u00eb fjal\u00ebn e saj, Kos deklaroi se vendet q\u00eb synojn\u00eb [&hellip;]<\/p>\n","protected":false},"author":9,"featured_media":98298,"comment_status":"open","ping_status":"open","sticky":false,"template":"","format":"standard","meta":{"jetpack_post_was_ever_published":false,"_jetpack_newsletter_access":"","_jetpack_dont_email_post_to_subs":false,"_jetpack_newsletter_tier_id":0,"_jetpack_memberships_contains_paywalled_content":false,"_jetpack_memberships_contains_paid_content":false,"footnotes":"","jetpack_publicize_message":"","jetpack_publicize_feature_enabled":true,"jetpack_social_post_already_shared":true,"jetpack_social_options":{"image_generator_settings":{"template":"highway","default_image_id":0,"font":"","enabled":false},"version":2}},"categories":[27,1,2,35],"tags":[],"class_list":["post-98297","post","type-post","status-publish","format-standard","has-post-thumbnail","hentry","category-blogu-i-udhetarit","category-njoftime-shtypi","category-politika","category-shoqerore"],"jetpack_publicize_connections":[],"jetpack_featured_media_url":"https:\/\/i0.wp.com\/www.shqiperia.com\/blog\/wp-content\/uploads\/2026\/03\/Capture-188.jpg?fit=626%2C409&ssl=1","jetpack_sharing_enabled":true,"jetpack_shortlink":"https:\/\/wp.me\/p5Z6wp-pzr","jetpack-related-posts":[{"id":99542,"url":"https:\/\/www.shqiperia.com\/blog\/marta-kos-flet-dhe-per-letren-rama-vucic-ose-je-anetar-ose-nuk-je-nuk-ka-light\/","url_meta":{"origin":98297,"position":0},"title":"Marta Kos flet dhe p\u00ebr letr\u00ebn Rama-Vu\u00e7i\u00e7: &#8211; Ose je an\u00ebtar, ose nuk je, nuk ka \u201clight\u201d","author":"Kurt Farka","date":"April 19, 2026","format":false,"excerpt":"19 Prill 2026 Komisionerja Europiane p\u00ebr Zgjerimin e BE, Marta Kos, ka dh\u00ebn\u00eb nj\u00eb interviste n\u00eb Atlantic Council, Pergjigja e saj kur \u00ebsht\u00eb pyetur edhe p\u00ebr letr\u00ebn e b\u00ebr\u00eb nga Vu\u00e7i\u00e7 dhe Rama\u00a0 Pyetje:\u00a0 M\u00eb lejoni t\u2019ju pyes si pyetjen e fundit, ndoshta n\u00eb lidhje me k\u00ebt\u00eb, q\u00eb \u00ebsht\u00eb pjes\u00eb\u2026","rel":"","context":"In &quot;Blogu i Udh\u00ebtarit&quot;","block_context":{"text":"Blogu i Udh\u00ebtarit","link":"https:\/\/www.shqiperia.com\/blog\/category\/blogu-i-udhetarit\/"},"img":{"alt_text":"","src":"https:\/\/i0.wp.com\/www.shqiperia.com\/blog\/wp-content\/uploads\/2026\/04\/640-0-900-0-1774555740xcover-be-web-207-1776579971-1.webp?fit=640%2C431&ssl=1&resize=350%2C200","width":350,"height":200,"srcset":"https:\/\/i0.wp.com\/www.shqiperia.com\/blog\/wp-content\/uploads\/2026\/04\/640-0-900-0-1774555740xcover-be-web-207-1776579971-1.webp?fit=640%2C431&ssl=1&resize=350%2C200 1x, https:\/\/i0.wp.com\/www.shqiperia.com\/blog\/wp-content\/uploads\/2026\/04\/640-0-900-0-1774555740xcover-be-web-207-1776579971-1.webp?fit=640%2C431&ssl=1&resize=525%2C300 1.5x"},"classes":[]},{"id":98062,"url":"https:\/\/www.shqiperia.com\/blog\/rama-dhe-vucic-i-shkruajne-bashke-be-se-nga-media-gjermane-pjese-nga-shkrimi\/","url_meta":{"origin":98297,"position":1},"title":"Rama dhe Vu\u00e7i\u00e7 i shkruajn\u00eb bashk\u00eb BE-s\u00eb nga media gjermane (pjes\u00eb nga shkrimi)","author":"Kurt Farka","date":"February 28, 2026","format":false,"excerpt":"28 Shkurt 2026 Edi Rama dhe Aleksand\u00ebr Vu\u00e7i\u00e7 jan\u00eb b\u00ebr\u00eb s\u00ebrish bashk\u00eb. K\u00ebt\u00eb her\u00eb jo p\u00ebr \u201cBallkanin e hapur\u201d t\u00eb l\u00ebn\u00eb n\u00eb harres\u00eb, por duke hedhur firmat n\u00eb nj\u00eb k\u00ebrkes\u00eb drejtuar Bashkimit Europian. Serbia dhe Shqip\u00ebria jan\u00eb v\u00ebn\u00eb s\u00eb fundmi n\u00eb qend\u00ebr t\u00eb kritikave t\u00eb Brukselit p\u00ebr hartimin e ligjeve\u2026","rel":"","context":"In &quot;Blogu i Udh\u00ebtarit&quot;","block_context":{"text":"Blogu i Udh\u00ebtarit","link":"https:\/\/www.shqiperia.com\/blog\/category\/blogu-i-udhetarit\/"},"img":{"alt_text":"","src":"https:\/\/i0.wp.com\/www.shqiperia.com\/blog\/wp-content\/uploads\/2026\/02\/IMG_6808.jpg?fit=1200%2C668&ssl=1&resize=350%2C200","width":350,"height":200,"srcset":"https:\/\/i0.wp.com\/www.shqiperia.com\/blog\/wp-content\/uploads\/2026\/02\/IMG_6808.jpg?fit=1200%2C668&ssl=1&resize=350%2C200 1x, https:\/\/i0.wp.com\/www.shqiperia.com\/blog\/wp-content\/uploads\/2026\/02\/IMG_6808.jpg?fit=1200%2C668&ssl=1&resize=525%2C300 1.5x, https:\/\/i0.wp.com\/www.shqiperia.com\/blog\/wp-content\/uploads\/2026\/02\/IMG_6808.jpg?fit=1200%2C668&ssl=1&resize=700%2C400 2x, https:\/\/i0.wp.com\/www.shqiperia.com\/blog\/wp-content\/uploads\/2026\/02\/IMG_6808.jpg?fit=1200%2C668&ssl=1&resize=1050%2C600 3x"},"classes":[]},{"id":53048,"url":"https:\/\/www.shqiperia.com\/blog\/escobar-nuk-e-mbeshtesim-open-balkan-pa-hyre-te-gjithe-vendet\/","url_meta":{"origin":98297,"position":2},"title":"Escobar: &#8211; Nuk e mb\u00ebshtesim Open Balkan pa hyr\u00eb t\u00eb gjith\u00eb vendet.","author":"Kurt Farka","date":"January 13, 2022","format":false,"excerpt":"Escobar: - Nuk e mb\u00ebshtesim Open Balkan pa hyr\u00eb t\u00eb gjith\u00eb vendet. 12 Janar 2022 Escobar: Nuk e mb\u00ebshtesim Open Balkan pa hyr\u00eb t\u00eb gjith\u00eb vendet, Shqip\u00ebria e ka vendin n\u00eb BE, sinjale t\u00eb mira nga Sofia dhe Shkupi Zv\/Ndihm\u00ebs Sekretari i Shtetit p\u00ebr Evrop\u00ebn Jugore dhe Qendrore, Gabriel Escobar\u2026","rel":"","context":"In &quot;Blogu i Udh\u00ebtarit&quot;","block_context":{"text":"Blogu i Udh\u00ebtarit","link":"https:\/\/www.shqiperia.com\/blog\/category\/blogu-i-udhetarit\/"},"img":{"alt_text":"","src":"https:\/\/i0.wp.com\/www.shqiperia.com\/blog\/wp-content\/uploads\/2022\/01\/Mini-schengen-vucic-rama-zaev-751x436-1-905x450-1.jpeg?fit=801%2C450&ssl=1&resize=350%2C200","width":350,"height":200,"srcset":"https:\/\/i0.wp.com\/www.shqiperia.com\/blog\/wp-content\/uploads\/2022\/01\/Mini-schengen-vucic-rama-zaev-751x436-1-905x450-1.jpeg?fit=801%2C450&ssl=1&resize=350%2C200 1x, https:\/\/i0.wp.com\/www.shqiperia.com\/blog\/wp-content\/uploads\/2022\/01\/Mini-schengen-vucic-rama-zaev-751x436-1-905x450-1.jpeg?fit=801%2C450&ssl=1&resize=525%2C300 1.5x, https:\/\/i0.wp.com\/www.shqiperia.com\/blog\/wp-content\/uploads\/2022\/01\/Mini-schengen-vucic-rama-zaev-751x436-1-905x450-1.jpeg?fit=801%2C450&ssl=1&resize=700%2C400 2x"},"classes":[]},{"id":58765,"url":"https:\/\/www.shqiperia.com\/blog\/be-mbetet-skeptike-per-ballkanin-e-hapur-kujton-procesin-e-berlinit\/","url_meta":{"origin":98297,"position":3},"title":"BE mbetet skeptike p\u00ebr \u2018Ballkanin e Hapur\u2019, kujton \u2018Procesin e Berlinit","author":"Kurt Farka","date":"June 8, 2022","format":false,"excerpt":"- 08.06.22 Nga Gazeta Shqiptare Parlamenti Europian dhe vet\u00eb BE-ja jan\u00eb shprehur disa her\u00eb skeptike p\u00ebr projektin e \u2018Ballkanit t\u00eb Hapur\u2019. Kjo \u00ebsht\u00eb v\u00ebn\u00eb re edhe n\u00eb dokumentet e p\u00ebrgatitur nga vet\u00eb Parlamenti Europian p\u00ebr vendet e Ballkanit Per\u00ebndimor. K\u00ebshtu thuhet n\u00eb tekstin e harmonizuar t\u00eb raportit p\u00ebr Bosnje-Hercegovin\u00ebn, i\u2026","rel":"","context":"In &quot;Blogu i Udh\u00ebtarit&quot;","block_context":{"text":"Blogu i Udh\u00ebtarit","link":"https:\/\/www.shqiperia.com\/blog\/category\/blogu-i-udhetarit\/"},"img":{"alt_text":"","src":"https:\/\/i0.wp.com\/www.shqiperia.com\/blog\/wp-content\/uploads\/2022\/06\/PARLAMENTI-EUROPIAN-PER-SHQIPERINE.jpg?fit=770%2C433&ssl=1&resize=350%2C200","width":350,"height":200,"srcset":"https:\/\/i0.wp.com\/www.shqiperia.com\/blog\/wp-content\/uploads\/2022\/06\/PARLAMENTI-EUROPIAN-PER-SHQIPERINE.jpg?fit=770%2C433&ssl=1&resize=350%2C200 1x, https:\/\/i0.wp.com\/www.shqiperia.com\/blog\/wp-content\/uploads\/2022\/06\/PARLAMENTI-EUROPIAN-PER-SHQIPERINE.jpg?fit=770%2C433&ssl=1&resize=525%2C300 1.5x, https:\/\/i0.wp.com\/www.shqiperia.com\/blog\/wp-content\/uploads\/2022\/06\/PARLAMENTI-EUROPIAN-PER-SHQIPERINE.jpg?fit=770%2C433&ssl=1&resize=700%2C400 2x"},"classes":[]},{"id":58236,"url":"https:\/\/www.shqiperia.com\/blog\/ballkani-gati-te-shpertheje-be-duhet-te-marre-urgjentisht-masa\/","url_meta":{"origin":98297,"position":4},"title":"Ballkani gati t\u00eb shp\u00ebrthej\u00eb?! &#8211; BE duhet t\u00eb marr\u00eb urgjentisht masa","author":"Kurt Farka","date":"May 28, 2022","format":false,"excerpt":"\u00a028 MAJ 2022 Pas kriz\u00ebs ekonomike e financiare, asaj t\u00eb emigrant\u00ebve, Brexit, luft\u00ebs n\u00eb Ukrain\u00eb dhe problemeve t\u00eb tjera t\u00eb pazgjidhura me t\u00eb cilat p\u00ebrballet Bashkimi Evropian, zgjerimi duket se po shihet aktualisht si nj\u00eb problem dhe sfid\u00eb p\u00ebr unionin, dhe jo si pjes\u00eb e nj\u00eb zgjidhje t\u00eb mundshme. Nga\u2026","rel":"","context":"In &quot;Blogu i Udh\u00ebtarit&quot;","block_context":{"text":"Blogu i Udh\u00ebtarit","link":"https:\/\/www.shqiperia.com\/blog\/category\/blogu-i-udhetarit\/"},"img":{"alt_text":"","src":"https:\/\/i0.wp.com\/www.shqiperia.com\/blog\/wp-content\/uploads\/2022\/05\/Ballkani-gati-te-shpertheje-BE-duhet-te-marre-urgjentisht-masa.jpg?fit=640%2C333&ssl=1&resize=350%2C200","width":350,"height":200,"srcset":"https:\/\/i0.wp.com\/www.shqiperia.com\/blog\/wp-content\/uploads\/2022\/05\/Ballkani-gati-te-shpertheje-BE-duhet-te-marre-urgjentisht-masa.jpg?fit=640%2C333&ssl=1&resize=350%2C200 1x, https:\/\/i0.wp.com\/www.shqiperia.com\/blog\/wp-content\/uploads\/2022\/05\/Ballkani-gati-te-shpertheje-BE-duhet-te-marre-urgjentisht-masa.jpg?fit=640%2C333&ssl=1&resize=525%2C300 1.5x"},"classes":[]},{"id":5016,"url":"https:\/\/www.shqiperia.com\/blog\/vlahutin-nga-kukesi-punesoni-te-rinjte-jo-emigrim-ne-vendet-e\/","url_meta":{"origin":98297,"position":5},"title":"Vlahutin nga Kuk\u00ebsi: Pun\u00ebsoni t\u00eb rinjt\u00eb, jo emigrim n\u00eb vendet e BE. &#8211;","author":"Kurt Farka","date":"March 16, 2018","format":false,"excerpt":"Ambasadorja e BE n\u00eb Tiran\u00eb, Romana Vlahutin, ka qen\u00eb sot n\u00eb Kuk\u00ebs, ku ka inspektuar investimet e Bashkimit Evropian n\u00eb Kuk\u00ebs. Ambasadorja Vlahutin ka deklaruar se t\u00eb gjitha nd\u00ebrhyrjet q\u00eb do t\u00eb b\u00ebhen n\u00eb t\u00eb ardhmen duhet t\u00eb b\u00ebhen t\u00eb mir\u00ebplanifikuara. N\u00eb nj\u00eb takim me kryetarin e bashkis\u00eb, kryediplomatja e\u2026","rel":"","context":"In &quot;Shoqerore&quot;","block_context":{"text":"Shoqerore","link":"https:\/\/www.shqiperia.com\/blog\/category\/shoqerore\/"},"img":{"alt_text":"","src":"https:\/\/i0.wp.com\/www.shqiperia.com\/blog\/wp-content\/uploads\/2018\/03\/Romano-Vllahutin-300x250.jpg?resize=350%2C200","width":350,"height":200},"classes":[]}],"_links":{"self":[{"href":"https:\/\/www.shqiperia.com\/blog\/wp-json\/wp\/v2\/posts\/98297","targetHints":{"allow":["GET"]}}],"collection":[{"href":"https:\/\/www.shqiperia.com\/blog\/wp-json\/wp\/v2\/posts"}],"about":[{"href":"https:\/\/www.shqiperia.com\/blog\/wp-json\/wp\/v2\/types\/post"}],"author":[{"embeddable":true,"href":"https:\/\/www.shqiperia.com\/blog\/wp-json\/wp\/v2\/users\/9"}],"replies":[{"embeddable":true,"href":"https:\/\/www.shqiperia.com\/blog\/wp-json\/wp\/v2\/comments?post=98297"}],"version-history":[{"count":1,"href":"https:\/\/www.shqiperia.com\/blog\/wp-json\/wp\/v2\/posts\/98297\/revisions"}],"predecessor-version":[{"id":98299,"href":"https:\/\/www.shqiperia.com\/blog\/wp-json\/wp\/v2\/posts\/98297\/revisions\/98299"}],"wp:featuredmedia":[{"embeddable":true,"href":"https:\/\/www.shqiperia.com\/blog\/wp-json\/wp\/v2\/media\/98298"}],"wp:attachment":[{"href":"https:\/\/www.shqiperia.com\/blog\/wp-json\/wp\/v2\/media?parent=98297"}],"wp:term":[{"taxonomy":"category","embeddable":true,"href":"https:\/\/www.shqiperia.com\/blog\/wp-json\/wp\/v2\/categories?post=98297"},{"taxonomy":"post_tag","embeddable":true,"href":"https:\/\/www.shqiperia.com\/blog\/wp-json\/wp\/v2\/tags?post=98297"}],"curies":[{"name":"wp","href":"https:\/\/api.w.org\/{rel}","templated":true}]}}