{"id":98294,"date":"2026-03-11T02:58:16","date_gmt":"2026-03-11T02:58:16","guid":{"rendered":"https:\/\/www.shqiperia.com\/blog\/?p=98294"},"modified":"2026-03-11T02:58:16","modified_gmt":"2026-03-11T02:58:16","slug":"politika-mbron-veten","status":"publish","type":"post","link":"https:\/\/www.shqiperia.com\/blog\/politika-mbron-veten\/","title":{"rendered":"Politika mbron veten"},"content":{"rendered":"<p><img data-recalc-dims=\"1\" loading=\"lazy\" decoding=\"async\" data-attachment-id=\"98295\" data-permalink=\"https:\/\/www.shqiperia.com\/blog\/politika-mbron-veten\/grupi-parlamentar-socialist-1140x760-1\/\" data-orig-file=\"https:\/\/i0.wp.com\/www.shqiperia.com\/blog\/wp-content\/uploads\/2026\/03\/grupi-parlamentar-socialist-1140x760-1.webp?fit=1140%2C760&amp;ssl=1\" data-orig-size=\"1140,760\" data-comments-opened=\"1\" data-image-meta=\"{&quot;aperture&quot;:&quot;0&quot;,&quot;credit&quot;:&quot;&quot;,&quot;camera&quot;:&quot;&quot;,&quot;caption&quot;:&quot;&quot;,&quot;created_timestamp&quot;:&quot;0&quot;,&quot;copyright&quot;:&quot;&quot;,&quot;focal_length&quot;:&quot;0&quot;,&quot;iso&quot;:&quot;0&quot;,&quot;shutter_speed&quot;:&quot;0&quot;,&quot;title&quot;:&quot;&quot;,&quot;orientation&quot;:&quot;0&quot;}\" data-image-title=\"grupi-parlamentar-socialist-1140&#215;760-1\" data-image-description=\"\" data-image-caption=\"\" data-medium-file=\"https:\/\/i0.wp.com\/www.shqiperia.com\/blog\/wp-content\/uploads\/2026\/03\/grupi-parlamentar-socialist-1140x760-1.webp?fit=300%2C200&amp;ssl=1\" data-large-file=\"https:\/\/i0.wp.com\/www.shqiperia.com\/blog\/wp-content\/uploads\/2026\/03\/grupi-parlamentar-socialist-1140x760-1.webp?fit=1024%2C683&amp;ssl=1\" class=\"alignnone  wp-image-98295\" alt=\"\" src=\"https:\/\/i0.wp.com\/www.shqiperia.com\/blog\/wp-content\/uploads\/2026\/03\/grupi-parlamentar-socialist-1140x760-1.webp?resize=506%2C337&#038;ssl=1\" width=\"506\" height=\"337\" srcset=\"https:\/\/i0.wp.com\/www.shqiperia.com\/blog\/wp-content\/uploads\/2026\/03\/grupi-parlamentar-socialist-1140x760-1.webp?resize=300%2C200&amp;ssl=1 300w, https:\/\/i0.wp.com\/www.shqiperia.com\/blog\/wp-content\/uploads\/2026\/03\/grupi-parlamentar-socialist-1140x760-1.webp?resize=1024%2C683&amp;ssl=1 1024w, https:\/\/i0.wp.com\/www.shqiperia.com\/blog\/wp-content\/uploads\/2026\/03\/grupi-parlamentar-socialist-1140x760-1.webp?resize=768%2C512&amp;ssl=1 768w, https:\/\/i0.wp.com\/www.shqiperia.com\/blog\/wp-content\/uploads\/2026\/03\/grupi-parlamentar-socialist-1140x760-1.webp?resize=600%2C400&amp;ssl=1 600w, https:\/\/i0.wp.com\/www.shqiperia.com\/blog\/wp-content\/uploads\/2026\/03\/grupi-parlamentar-socialist-1140x760-1.webp?resize=450%2C300&amp;ssl=1 450w, https:\/\/i0.wp.com\/www.shqiperia.com\/blog\/wp-content\/uploads\/2026\/03\/grupi-parlamentar-socialist-1140x760-1.webp?resize=400%2C267&amp;ssl=1 400w, https:\/\/i0.wp.com\/www.shqiperia.com\/blog\/wp-content\/uploads\/2026\/03\/grupi-parlamentar-socialist-1140x760-1.webp?w=1140&amp;ssl=1 1140w\" sizes=\"auto, (max-width: 506px) 100vw, 506px\" \/><\/p>\n<p><strong>11 Mars 2026<\/strong><\/p>\n<p><strong>Nga Migena Aleksi<\/strong><\/p>\n<p>Shumica socialiste vendosi t\u00eb votoj\u00eb kund\u00ebr k\u00ebrkes\u00ebs s\u00eb SPAK p\u00ebr arrestimin e ish-zv.kryeministres Belinda Balluku, duke mos autorizuar heqjen e imunitetit t\u00eb saj n\u00eb Kuvend.<\/p>\n<p>Argumenti i PS-s\u00eb s\u00eb Ram\u00ebs \u00ebsht\u00eb se nuk \u00ebsht\u00eb provuar rreziku i prishjes s\u00eb provave, Balluku nuk mban m\u00eb funksion ekzekutiv dhe masa e ndalimit t\u00eb daljes jasht\u00eb shtetit \u00ebsht\u00eb e mjaftueshme q\u00eb hetimi t\u00eb vazhdoj\u00eb.<\/p>\n<p>Ajo q\u00eb po ndodh duhet par\u00eb n\u00eb dy plane, ligjor dhe politik. N\u00eb Shqip\u00ebri k\u00ebto dy dimensione shpesh p\u00ebrzihen.<\/p>\n<p>N\u00eb teori, reforma n\u00eb drejt\u00ebsi u krijua pik\u00ebrisht p\u00ebr k\u00ebt\u00eb moment, kur drejt\u00ebsia prek nj\u00eb figur\u00eb t\u00eb fuqishme politike.<br \/>\nN\u00ebse shumica parlamentare p\u00ebrdor votat p\u00ebr t\u00eb bllokuar k\u00ebrkes\u00ebn e SPAK, na b\u00ebhet e qart\u00eb se politika ende mund t\u00eb vendos\u00eb kufi mbi drejt\u00ebsin\u00eb.<\/p>\n<p>Problemi nuk \u00ebsht\u00eb n\u00ebse Balluku \u00ebsht\u00eb fajtore apo jo. Problemi \u00ebsht\u00eb kush e vendos k\u00ebt\u00eb, Gjykata apo Parlamenti. Por ky \u00ebsht\u00eb nj\u00eb refleks klasik i politik\u00ebs shqiptare. Nuk \u00ebsht\u00eb di\u00e7ka e re. Edhe n\u00eb t\u00eb kaluar\u00ebn politika ka mbrojtur njer\u00ebzit e vet, opozita ka k\u00ebrkuar arrestime dhe rolet thjesht kan\u00eb ndryshuar.<\/p>\n<p>Madje edhe n\u00eb k\u00ebt\u00eb rast \u00ebsht\u00eb b\u00ebr\u00eb krahasimi me precedent\u00eb t\u00eb m\u00ebparsh\u00ebm kur mazhoranca mbrojti figura t\u00eb saj nga hetimet. Pra, kemi nj\u00eb model t\u00eb p\u00ebrs\u00ebritur. Kur drejt\u00ebsia prek pushtetin, parlamenti b\u00ebhet mburoj\u00eb politike.<\/p>\n<p>Mesazhi publik \u00ebsht\u00eb problemi m\u00eb i madh. Edhe n\u00ebse argumenti juridik i PS do t\u00eb ishte korrekt, efekti publik \u00ebsht\u00eb shum\u00eb negativ.<\/p>\n<p>Sepse qytetari jopartiak sheh k\u00ebt\u00eb sken\u00eb, q\u00eb SPAK k\u00ebrkon arrest, Parlamenti thot\u00eb jo, personi \u00ebsht\u00eb nj\u00eb nga figurat m\u00eb t\u00eb fuqishme t\u00eb qeveris\u00eb. N\u00eb at\u00eb opinion publik q\u00eb k\u00ebrkon ecjen e Shqip\u00ebris\u00eb p\u00ebrpara n\u00eb kuprimin shtetformues kjo q\u00eb ndodhi p\u00ebrkthehet n\u00eb nj\u00eb fjali t\u00eb vetme. Politika mbron veten!<\/p>\n<p>Ka edhe nj\u00eb dimension tjet\u00ebr. Arrestimi i Ballukut do t\u00eb krijonte nj\u00eb kriz\u00eb t\u00eb madhe politike brenda qeveris\u00eb. Prandaj reagimi i shumic\u00ebs nuk \u00ebsht\u00eb vet\u00ebm juridik, por edhe instinkt p\u00ebr mbijetes\u00eb politike. P\u00ebr t\u00eb th\u00ebn\u00eb m\u00eb t\u00eb pakt\u00ebn. Sepse z\u00ebrat jan\u00eb q\u00eb n\u00ebse lejohej arrestimi i saj, hetimi do t\u00eb shkonte patjet\u00ebr te Kryeministri.<\/p>\n<p>Gjithsesi, n\u00eb nj\u00eb demokraci t\u00eb konsoliduar, p\u00ebrgjigjja do t\u00eb ishte shum\u00eb e thjesht\u00eb. Parlamenti nuk duhet t\u00eb b\u00ebhet gjykat\u00eb. N\u00ebse prokuroria k\u00ebrkon arrest paraprak hetimor dhe gjykata duhet ta vler\u00ebsoj\u00eb (b\u00ebn vaki e lironte dhe gjykata), deputet\u00ebt zakonisht e japin autorizimin dhe l\u00ebn\u00eb gjykat\u00ebn t\u00eb vendos\u00eb.<\/p>\n<p>Edhe nj\u00ebher\u00eb tjet\u00ebr parlamenti u b\u00eb mburoj\u00eb politike e njer\u00ebzve t\u00eb pushtetit. Pyetja e madhe u rikthye: A \u00ebsht\u00eb drejt\u00ebsia e pavarur nga politika? A b\u00ebml reform\u00eb? Apo edhe ky investim ra si rrug\u00ebt?<\/p>\n","protected":false},"excerpt":{"rendered":"<p>11 Mars 2026 Nga Migena Aleksi Shumica socialiste vendosi t\u00eb votoj\u00eb kund\u00ebr k\u00ebrkes\u00ebs s\u00eb SPAK p\u00ebr arrestimin e ish-zv.kryeministres Belinda Balluku, duke mos autorizuar heqjen e imunitetit t\u00eb saj n\u00eb Kuvend. Argumenti i PS-s\u00eb s\u00eb Ram\u00ebs \u00ebsht\u00eb se nuk \u00ebsht\u00eb provuar rreziku i prishjes s\u00eb provave, Balluku nuk mban m\u00eb funksion ekzekutiv dhe masa e [&hellip;]<\/p>\n","protected":false},"author":9,"featured_media":98295,"comment_status":"open","ping_status":"open","sticky":false,"template":"","format":"standard","meta":{"jetpack_post_was_ever_published":false,"_jetpack_newsletter_access":"","_jetpack_dont_email_post_to_subs":false,"_jetpack_newsletter_tier_id":0,"_jetpack_memberships_contains_paywalled_content":false,"_jetpack_memberships_contains_paid_content":false,"footnotes":"","jetpack_publicize_message":"","jetpack_publicize_feature_enabled":true,"jetpack_social_post_already_shared":true,"jetpack_social_options":{"image_generator_settings":{"template":"highway","default_image_id":0,"font":"","enabled":false},"version":2}},"categories":[27],"tags":[],"class_list":["post-98294","post","type-post","status-publish","format-standard","has-post-thumbnail","hentry","category-blogu-i-udhetarit"],"jetpack_publicize_connections":[],"jetpack_featured_media_url":"https:\/\/i0.wp.com\/www.shqiperia.com\/blog\/wp-content\/uploads\/2026\/03\/grupi-parlamentar-socialist-1140x760-1.webp?fit=1140%2C760&ssl=1","jetpack_sharing_enabled":true,"jetpack_shortlink":"https:\/\/wp.me\/p5Z6wp-pzo","jetpack-related-posts":[{"id":98612,"url":"https:\/\/www.shqiperia.com\/blog\/nese-ka-prova-rama-i-ka-me-shume-se-te-gjithe-lubonja-akuza-te-forta-po-zvarritet-ceshtja-balluku-per-te\/","url_meta":{"origin":98294,"position":0},"title":"\u201cN\u00ebse ka prova, Rama i ka m\u00eb shum\u00eb se t\u00eb gjith\u00eb\u201d\/ Lubonja akuza t\u00eb forta: Po zvarritet \u00e7\u00ebshtja Balluku p\u00ebr t\u00eb..","author":"Kurt Farka","date":"March 23, 2026","format":false,"excerpt":"24 Mars 2026 Analisti Fatos Lubonja foli mbr\u00ebmjen e sotme n\u00eb nje studio lidhur me \u00e7\u00ebshtjen Balluku, teksa SPAK ka marr\u00eb drit\u00ebn jeshile nga GJKKO p\u00ebr t\u00eb b\u00ebr\u00eb kontrollin e pajisjeve elektronike t\u00eb sekuestruara tek bizneset dhe bashk\u00ebpun\u00ebtor\u00ebt e ish-zv.kryeministres. Lubonja thekson se n\u00ebse ka prova n\u00eb k\u00ebt\u00eb vend, ka\u2026","rel":"","context":"In &quot;Blogu i Udh\u00ebtarit&quot;","block_context":{"text":"Blogu i Udh\u00ebtarit","link":"https:\/\/www.shqiperia.com\/blog\/category\/blogu-i-udhetarit\/"},"img":{"alt_text":"","src":"https:\/\/i0.wp.com\/www.shqiperia.com\/blog\/wp-content\/uploads\/2026\/03\/lubonja-balluku.jpg?fit=433%2C300&ssl=1&resize=350%2C200","width":350,"height":200},"classes":[]},{"id":98099,"url":"https:\/\/www.shqiperia.com\/blog\/dalin-te-dhenat-tronditese-si-i-kercenonte-balluku-deshmitaret-me-kriminele-cfare-foli-me-bandat-per-11-minuta\/","url_meta":{"origin":98294,"position":1},"title":"Dalin t\u00eb dh\u00ebnat trondit\u00ebse, si i k\u00ebrc\u00ebnonte Balluku d\u00ebshmitar\u00ebt me kriminel\u00eb, \u00e7far\u00eb foli me bandat p\u00ebr 11 minuta\u2026","author":"Kurt Farka","date":"March 3, 2026","format":false,"excerpt":"3 Mars 2026 M\u00eb 20 n\u00ebntor 2025, \u201c3 furgon\u00eb\u201d p\u00ebrgjime n\u00eb dosje dhe dy vila pushimi n\u00eb Drimadhes, ja kush \u00ebsht\u00eb besniku i ish-ministres q\u00eb hapi \u201cKutin\u00eb e Pandor\u00ebs\u201d n\u00eb SPAK Kat\u00ebr muaj pasi Balluku u mor e pandehur p\u00ebr shkelje t\u00eb barazis\u00eb\u00a0p\u00ebr tenderin e Tunelit t\u00eb Llogaras\u00eb, pozita e\u2026","rel":"","context":"In &quot;Njoftime Shtypi&quot;","block_context":{"text":"Njoftime Shtypi","link":"https:\/\/www.shqiperia.com\/blog\/category\/njoftime-shtypi\/"},"img":{"alt_text":"","src":"https:\/\/i0.wp.com\/www.shqiperia.com\/blog\/wp-content\/uploads\/2026\/03\/politika-5-1.jpg?fit=500%2C327&ssl=1&resize=350%2C200","width":350,"height":200},"classes":[]},{"id":95025,"url":"https:\/\/www.shqiperia.com\/blog\/balluku-ngujohet-ne-kryeministri-fatos-lubonja-50-mln-eurot-e-pervetesuara-ku-kane-shkuar-a-ka-zgjedhur-zv-kryeministrja-metode-tjeter-nga-veliaj-dhe-ahmetaj\/","url_meta":{"origin":98294,"position":2},"title":"Balluku \u201cngujohet\u201d n\u00eb Kryeministri\/ Fatos Lubonja: 50 mln eurot e p\u00ebrvet\u00ebsuara ku kan\u00eb shkuar? A ka zgjedhur zv\/kryeministrja metod\u00eb tjet\u00ebr nga Veliaj dhe Ahmetaj?","author":"Kurt Farka","date":"November 21, 2025","format":false,"excerpt":"21 Nentor 2025 P\u00ebr analistin Fatos Lubonja, vendimi i GJKKO-s\u00eb p\u00ebr shkarkimin e zv\/kryeministres Belinda Balluku nuk mjafton sa koh\u00eb nuk ka nd\u00ebshkim p\u00ebr t\u00eb gjith\u00eb rrethin e krimit t\u00eb paprekur nga SPAK. Duke iu referuar nj\u00eb takimi t\u00eb pazakont\u00eb n\u00eb kryeministri sa i takon koh\u00ebs s\u00eb gjat\u00eb t\u00eb q\u00ebndrimit\u2026","rel":"","context":"In &quot;Blogu i Udh\u00ebtarit&quot;","block_context":{"text":"Blogu i Udh\u00ebtarit","link":"https:\/\/www.shqiperia.com\/blog\/category\/blogu-i-udhetarit\/"},"img":{"alt_text":"","src":"https:\/\/i0.wp.com\/www.shqiperia.com\/blog\/wp-content\/uploads\/2025\/11\/fatos-lubonja-ne-fakt-1.jpg?fit=685%2C433&ssl=1&resize=350%2C200","width":350,"height":200,"srcset":"https:\/\/i0.wp.com\/www.shqiperia.com\/blog\/wp-content\/uploads\/2025\/11\/fatos-lubonja-ne-fakt-1.jpg?fit=685%2C433&ssl=1&resize=350%2C200 1x, https:\/\/i0.wp.com\/www.shqiperia.com\/blog\/wp-content\/uploads\/2025\/11\/fatos-lubonja-ne-fakt-1.jpg?fit=685%2C433&ssl=1&resize=525%2C300 1.5x"},"classes":[]},{"id":97104,"url":"https:\/\/www.shqiperia.com\/blog\/spak-ka-prova-qe-balluku-po-intimidon-deshmitaret\/","url_meta":{"origin":98294,"position":3},"title":"\u201cSPAK ka prova q\u00eb Balluku po intimidon d\u00ebshmitar\u00ebt\u201d","author":"Kurt Farka","date":"January 29, 2026","format":false,"excerpt":"29 Janar 2026 Drejtuesi i Departamentit \u201cBrainGrain\u201d n\u00eb PD, Tedi Kopliku, n\u00eb nj\u00eb lidhje me studion e News24, e ka quajtur t\u00eb pakuptimt\u00eb arsyen q\u00eb mazhoranca ka paraqitur p\u00ebr shtyrjen e mbledhjes s\u00eb K\u00ebshillit t\u00eb Mandateve p\u00ebr heqjen e imunitetit t\u00eb zv\/kryeministres Belinda Balluku. Kopliku tha se SPAK ka prova\u2026","rel":"","context":"In &quot;Blogu i Udh\u00ebtarit&quot;","block_context":{"text":"Blogu i Udh\u00ebtarit","link":"https:\/\/www.shqiperia.com\/blog\/category\/blogu-i-udhetarit\/"},"img":{"alt_text":"","src":"https:\/\/i0.wp.com\/www.shqiperia.com\/blog\/wp-content\/uploads\/2026\/01\/belinda-balluku-1.jpg?fit=800%2C482&ssl=1&resize=350%2C200","width":350,"height":200,"srcset":"https:\/\/i0.wp.com\/www.shqiperia.com\/blog\/wp-content\/uploads\/2026\/01\/belinda-balluku-1.jpg?fit=800%2C482&ssl=1&resize=350%2C200 1x, https:\/\/i0.wp.com\/www.shqiperia.com\/blog\/wp-content\/uploads\/2026\/01\/belinda-balluku-1.jpg?fit=800%2C482&ssl=1&resize=525%2C300 1.5x, https:\/\/i0.wp.com\/www.shqiperia.com\/blog\/wp-content\/uploads\/2026\/01\/belinda-balluku-1.jpg?fit=800%2C482&ssl=1&resize=700%2C400 2x"},"classes":[]},{"id":97295,"url":"https:\/\/www.shqiperia.com\/blog\/rama-ka-humbur-mbeshtetjen-e-nderkombetareve-lubonja-balluku-para-drejtesise-mund-te\/","url_meta":{"origin":98294,"position":4},"title":"\u201cRama ka humbur mb\u00ebshtetjen e nd\u00ebrkomb\u00ebtar\u00ebve\u201d, Lubonja: &#8211; Balluku para drejt\u00ebsis\u00eb, mund t\u00eb\u2026","author":"Kurt Farka","date":"February 3, 2026","format":false,"excerpt":"3 Shkurt 2026 ... N\u00ebse SPAK nuk shkon te Rama q\u00eb \u00ebsht\u00eb autori\u2026\u00e7far\u00eb mund t\u00eb them. Por k\u00ebta po luajn\u00eb volejboll p\u00ebr \u00e7\u00ebshtjen Balluku\u201d. Analisti Fatos Lubonja komentoi vizit\u00ebn e kryeministrit Edi Rama n\u00eb Izrael. Gjat\u00eb nj\u00eb interviste televizive, analisti Fatos Lubonja u shpreh se kryeministri Rama e ka humbur\u2026","rel":"","context":"In &quot;Blogu i Udh\u00ebtarit&quot;","block_context":{"text":"Blogu i Udh\u00ebtarit","link":"https:\/\/www.shqiperia.com\/blog\/category\/blogu-i-udhetarit\/"},"img":{"alt_text":"","src":"https:\/\/i0.wp.com\/www.shqiperia.com\/blog\/wp-content\/uploads\/2026\/02\/hq720.jpg?fit=686%2C386&ssl=1&resize=350%2C200","width":350,"height":200,"srcset":"https:\/\/i0.wp.com\/www.shqiperia.com\/blog\/wp-content\/uploads\/2026\/02\/hq720.jpg?fit=686%2C386&ssl=1&resize=350%2C200 1x, https:\/\/i0.wp.com\/www.shqiperia.com\/blog\/wp-content\/uploads\/2026\/02\/hq720.jpg?fit=686%2C386&ssl=1&resize=525%2C300 1.5x"},"classes":[]},{"id":95203,"url":"https:\/\/www.shqiperia.com\/blog\/ceshtja-balluku-ne-kushtetuese-lubonja-skandali-i-rrembimit-te-parave-i-dukshem-ka-nje-presion-te-shtuar-ndaj-gjk-flagrante-nese-i-japin-te-drejte-qeverise\/","url_meta":{"origin":98294,"position":5},"title":"\u00c7\u00ebshtja \u201cBalluku\u201d n\u00eb Kushtetuese, Lubonja: Skandali i rr\u00ebmbimit t\u00eb parave, i duksh\u00ebm! &#8211; Ka nj\u00eb presion t\u00eb shtuar ndaj GJK, flagrante n\u00ebse i japin t\u00eb drejt\u00eb qeveris\u00eb","author":"Kurt Farka","date":"November 27, 2025","format":false,"excerpt":"27 Nentor 2025 Analisti Fatos Lubonja ishte pasditen e sotme n\u00eb News24, teksa foli p\u00ebr \u00e7\u00ebshtjen Balluku. Qeveria d\u00ebrgoi n\u00eb Kushtetuese pezullimin nga detyra t\u00eb z.kryeministres, e cila do t\u00eb shqyrtohet m\u00eb dat\u00eb 2 dhjetor. Lubonja thekson se rr\u00ebmbimi i parave \u00ebsht\u00eb i duksh\u00ebm nga Belinda Balluku dhe vart\u00ebsit e\u2026","rel":"","context":"In &quot;Blogu i Udh\u00ebtarit&quot;","block_context":{"text":"Blogu i Udh\u00ebtarit","link":"https:\/\/www.shqiperia.com\/blog\/category\/blogu-i-udhetarit\/"},"img":{"alt_text":"","src":"https:\/\/i0.wp.com\/www.shqiperia.com\/blog\/wp-content\/uploads\/2025\/11\/lubonja1.jpg?fit=881%2C575&ssl=1&resize=350%2C200","width":350,"height":200,"srcset":"https:\/\/i0.wp.com\/www.shqiperia.com\/blog\/wp-content\/uploads\/2025\/11\/lubonja1.jpg?fit=881%2C575&ssl=1&resize=350%2C200 1x, https:\/\/i0.wp.com\/www.shqiperia.com\/blog\/wp-content\/uploads\/2025\/11\/lubonja1.jpg?fit=881%2C575&ssl=1&resize=525%2C300 1.5x, https:\/\/i0.wp.com\/www.shqiperia.com\/blog\/wp-content\/uploads\/2025\/11\/lubonja1.jpg?fit=881%2C575&ssl=1&resize=700%2C400 2x"},"classes":[]}],"_links":{"self":[{"href":"https:\/\/www.shqiperia.com\/blog\/wp-json\/wp\/v2\/posts\/98294","targetHints":{"allow":["GET"]}}],"collection":[{"href":"https:\/\/www.shqiperia.com\/blog\/wp-json\/wp\/v2\/posts"}],"about":[{"href":"https:\/\/www.shqiperia.com\/blog\/wp-json\/wp\/v2\/types\/post"}],"author":[{"embeddable":true,"href":"https:\/\/www.shqiperia.com\/blog\/wp-json\/wp\/v2\/users\/9"}],"replies":[{"embeddable":true,"href":"https:\/\/www.shqiperia.com\/blog\/wp-json\/wp\/v2\/comments?post=98294"}],"version-history":[{"count":1,"href":"https:\/\/www.shqiperia.com\/blog\/wp-json\/wp\/v2\/posts\/98294\/revisions"}],"predecessor-version":[{"id":98296,"href":"https:\/\/www.shqiperia.com\/blog\/wp-json\/wp\/v2\/posts\/98294\/revisions\/98296"}],"wp:featuredmedia":[{"embeddable":true,"href":"https:\/\/www.shqiperia.com\/blog\/wp-json\/wp\/v2\/media\/98295"}],"wp:attachment":[{"href":"https:\/\/www.shqiperia.com\/blog\/wp-json\/wp\/v2\/media?parent=98294"}],"wp:term":[{"taxonomy":"category","embeddable":true,"href":"https:\/\/www.shqiperia.com\/blog\/wp-json\/wp\/v2\/categories?post=98294"},{"taxonomy":"post_tag","embeddable":true,"href":"https:\/\/www.shqiperia.com\/blog\/wp-json\/wp\/v2\/tags?post=98294"}],"curies":[{"name":"wp","href":"https:\/\/api.w.org\/{rel}","templated":true}]}}