{"id":98291,"date":"2026-03-11T02:54:27","date_gmt":"2026-03-11T02:54:27","guid":{"rendered":"https:\/\/www.shqiperia.com\/blog\/?p=98291"},"modified":"2026-03-11T02:54:27","modified_gmt":"2026-03-11T02:54:27","slug":"ambasadori-britanik-ne-prishtine-takon-osmanin-bisedimet-konstruktive-thelbesore-per-te-gjetur-zgjidhje","status":"publish","type":"post","link":"https:\/\/www.shqiperia.com\/blog\/ambasadori-britanik-ne-prishtine-takon-osmanin-bisedimet-konstruktive-thelbesore-per-te-gjetur-zgjidhje\/","title":{"rendered":"Ambasadori britanik n\u00eb Prishtin\u00eb takon Osmanin: Bisedimet konstruktive, thelb\u00ebsore p\u00ebr t\u00eb gjetur zgjidhje"},"content":{"rendered":"<p><img data-recalc-dims=\"1\" loading=\"lazy\" decoding=\"async\" data-attachment-id=\"98292\" data-permalink=\"https:\/\/www.shqiperia.com\/blog\/ambasadori-britanik-ne-prishtine-takon-osmanin-bisedimet-konstruktive-thelbesore-per-te-gjetur-zgjidhje\/osmani2\/\" data-orig-file=\"https:\/\/i0.wp.com\/www.shqiperia.com\/blog\/wp-content\/uploads\/2026\/03\/osmani2.jpg?fit=1283%2C675&amp;ssl=1\" data-orig-size=\"1283,675\" data-comments-opened=\"1\" data-image-meta=\"{&quot;aperture&quot;:&quot;0&quot;,&quot;credit&quot;:&quot;Pano-online&quot;,&quot;camera&quot;:&quot;&quot;,&quot;caption&quot;:&quot;&quot;,&quot;created_timestamp&quot;:&quot;1773163597&quot;,&quot;copyright&quot;:&quot;&quot;,&quot;focal_length&quot;:&quot;0&quot;,&quot;iso&quot;:&quot;0&quot;,&quot;shutter_speed&quot;:&quot;0&quot;,&quot;title&quot;:&quot;&quot;,&quot;orientation&quot;:&quot;0&quot;}\" data-image-title=\"osmani2\" data-image-description=\"\" data-image-caption=\"\" data-medium-file=\"https:\/\/i0.wp.com\/www.shqiperia.com\/blog\/wp-content\/uploads\/2026\/03\/osmani2.jpg?fit=300%2C158&amp;ssl=1\" data-large-file=\"https:\/\/i0.wp.com\/www.shqiperia.com\/blog\/wp-content\/uploads\/2026\/03\/osmani2.jpg?fit=1024%2C539&amp;ssl=1\" class=\"alignnone  wp-image-98292\" alt=\"\" src=\"https:\/\/i0.wp.com\/www.shqiperia.com\/blog\/wp-content\/uploads\/2026\/03\/osmani2.jpg?resize=670%2C353&#038;ssl=1\" width=\"670\" height=\"353\" srcset=\"https:\/\/i0.wp.com\/www.shqiperia.com\/blog\/wp-content\/uploads\/2026\/03\/osmani2.jpg?resize=300%2C158&amp;ssl=1 300w, https:\/\/i0.wp.com\/www.shqiperia.com\/blog\/wp-content\/uploads\/2026\/03\/osmani2.jpg?resize=1024%2C539&amp;ssl=1 1024w, https:\/\/i0.wp.com\/www.shqiperia.com\/blog\/wp-content\/uploads\/2026\/03\/osmani2.jpg?resize=768%2C404&amp;ssl=1 768w, https:\/\/i0.wp.com\/www.shqiperia.com\/blog\/wp-content\/uploads\/2026\/03\/osmani2.jpg?resize=450%2C237&amp;ssl=1 450w, https:\/\/i0.wp.com\/www.shqiperia.com\/blog\/wp-content\/uploads\/2026\/03\/osmani2.jpg?resize=600%2C316&amp;ssl=1 600w, https:\/\/i0.wp.com\/www.shqiperia.com\/blog\/wp-content\/uploads\/2026\/03\/osmani2.jpg?resize=400%2C210&amp;ssl=1 400w, https:\/\/i0.wp.com\/www.shqiperia.com\/blog\/wp-content\/uploads\/2026\/03\/osmani2.jpg?w=1283&amp;ssl=1 1283w\" sizes=\"auto, (max-width: 670px) 100vw, 670px\" \/><\/p>\n<p><strong>11 Mars 2026<\/strong><\/p>\n<p><strong>Ambasadori britanik n\u00eb Prishtin\u00eb, Jonathan Hargreaves, u ka b\u00ebr\u00eb thirrje politikan\u00ebve n\u00eb Kosov\u00eb t\u00eb mbajn\u00eb bisedime konstruktive dhe t\u00eb respektueshme p\u00ebr t\u00eb gjetur zgjidhje pasi vendi ka hasur n\u00eb nj\u00eb penges\u00eb tjet\u00ebr, zgjedhjen e presidentit t\u00eb ri t\u00eb vendit.<\/strong><\/p>\n<p>Hargreaves i b\u00ebri k\u00ebto komente pas nj\u00eb takimi t\u00eb mart\u00ebn me presidenten e Kosov\u00ebs, Vjosa Osmani, t\u00eb cil\u00ebs i mbaron mandati m\u00eb 4 prill.<\/p>\n<p>\u201cSot bisedova me presidenten Osmani p\u00ebr nevoj\u00ebn urgjente q\u00eb Kosova t\u00eb rikthehet n\u00eb stabilitet politik, n\u00eb m\u00ebnyr\u00eb q\u00eb t\u00eb mund\u00ebsohet p\u00ebrparimi n\u00eb agjendat e brendshme dhe nd\u00ebrkomb\u00ebtare. N\u00eb k\u00ebt\u00eb koh\u00eb t\u00eb pasiguris\u00eb s\u00eb shtuar politike, diskutimi politik i respektuesh\u00ebm dhe konstruktiv \u00ebsht\u00eb thelb\u00ebsor p\u00ebr t\u00eb gjetur nj\u00eb rrug\u00eb p\u00ebrpara\u201d, shkroi ai n\u00eb Facebook.<\/p>\n<p>Kosova nuk ka arritur ta zgjedh\u00eb pasuesin e Osmanit, e cila edhe vet\u00eb ka shprehur synimet p\u00ebr nj\u00eb mandat t\u00eb dyt\u00eb, dhe \u00e7\u00ebshtja \u00ebsht\u00eb d\u00ebrguar n\u00eb gjykat\u00ebn m\u00eb t\u00eb lart\u00eb t\u00eb vendit p\u00ebr shkak t\u00eb kriz\u00ebs procedurale dhe interpretimeve t\u00eb ndryshme kushtetuese.<\/p>\n<p>T\u00eb h\u00ebn\u00ebn, Gjykata Kushtetuese e pezulloi p\u00ebrkoh\u00ebsisht, deri m\u00eb 31 mars, nj\u00eb dekret t\u00eb presidentes Osmani, p\u00ebrmes t\u00eb cilit ajo e kishte shp\u00ebrndar\u00eb Kuvendin e Kosov\u00ebs m\u00eb 6 mars.<\/p>\n<p>Kushtetuesja tha se vendimi ia ndalon \u00e7do veprim Osmanit n\u00eb lidhje me dekretin e 6 marsit, si dhe ia ndalon \u00e7do veprim Kuvendit t\u00eb Kosov\u00ebs derisa masa e p\u00ebrkohshme \u00ebsht\u00eb n\u00eb fuqi.<\/p>\n<p>Kjo n\u00ebnkupton se Osmani nuk mund t\u00eb shpall\u00eb zgjedhje t\u00eb reja dhe Kuvendi nuk mund ta vazhdoj\u00eb seanc\u00ebn p\u00ebr zgjedhjen e presidentit gjat\u00eb k\u00ebsaj kohe.<\/p>\n<p>K\u00ebrkesa p\u00ebr vler\u00ebsimin e kushtetutshm\u00ebris\u00eb s\u00eb dekretit p\u00ebr shp\u00ebrndarjen e Kuvendit u dor\u00ebzua nga kryeministri i Albin Kurti n\u00eb em\u00ebr t\u00eb Qeveris\u00eb.<\/p>\n<p>Kuvendi u p\u00ebrpoq m\u00eb 5 mars ta zgjedh\u00eb presidentin e ri, pasi partia n\u00eb pushtet i paraqiti dy kandidat\u00eb p\u00ebr president, Glauk Konjufc\u00ebn dhe Fatmire Koll\u00e7aku-Mullhaxh\u00ebn, por vet\u00ebm pasi kishin d\u00ebshtuar bisedimet paraprake me partit\u00eb opozitare p\u00ebr nj\u00eb em\u00ebr q\u00eb do ta g\u00ebzonte mb\u00ebshtetjen e nevojshme.<\/p>\n<p>Presidenti i Kosov\u00ebs zgjidhet me dy t\u00eb tretat e votave n\u00eb dy rundet e para apo me 61 vota n\u00eb rundin e tret\u00eb, por nevojiten 80 deputet\u00eb n\u00eb sall\u00eb q\u00eb seanca t\u00eb mund\u00eb t\u00eb mbahet.<\/p>\n<p>Seanca u nd\u00ebrprer\u00eb n\u00eb munges\u00eb kuorumi, pasi u braktis nga partit\u00eb opozitare.<\/p>\n<p>P\u00ebr partit\u00eb opozitare, dy figurat e prezantuara nga partia n\u00eb pushtet kan\u00eb qen\u00eb t\u00eb papranueshme dhe ato kan\u00eb ngulur k\u00ebmb\u00eb n\u00eb marr\u00ebveshje politike ose nj\u00eb em\u00ebr t\u00eb pajtuesh\u00ebm.<\/p>\n<p>Osmani nuk u paraqit si kandidate nga asnj\u00eb parti, edhe pse L\u00ebvizja Vet\u00ebvendosje pretendoi se ia kishte ofruar mund\u00ebsin\u00eb.<\/p>\n<p>P\u00ebr partin\u00eb n\u00eb pushtet, ajo nuk i ka pasur votat e nevojshme, nd\u00ebrsa p\u00ebr partit\u00eb e tjera ajo nuk e ka personifikuar unitetin e nevojsh\u00ebm q\u00eb i duhet figur\u00ebs s\u00eb presidentit.\/rel<\/p>\n","protected":false},"excerpt":{"rendered":"<p>11 Mars 2026 Ambasadori britanik n\u00eb Prishtin\u00eb, Jonathan Hargreaves, u ka b\u00ebr\u00eb thirrje politikan\u00ebve n\u00eb Kosov\u00eb t\u00eb mbajn\u00eb bisedime konstruktive dhe t\u00eb respektueshme p\u00ebr t\u00eb gjetur zgjidhje pasi vendi ka hasur n\u00eb nj\u00eb penges\u00eb tjet\u00ebr, zgjedhjen e presidentit t\u00eb ri t\u00eb vendit. Hargreaves i b\u00ebri k\u00ebto komente pas nj\u00eb takimi t\u00eb mart\u00ebn me presidenten e [&hellip;]<\/p>\n","protected":false},"author":9,"featured_media":98292,"comment_status":"open","ping_status":"open","sticky":false,"template":"","format":"standard","meta":{"jetpack_post_was_ever_published":false,"_jetpack_newsletter_access":"","_jetpack_dont_email_post_to_subs":false,"_jetpack_newsletter_tier_id":0,"_jetpack_memberships_contains_paywalled_content":false,"_jetpack_memberships_contains_paid_content":false,"footnotes":"","jetpack_publicize_message":"","jetpack_publicize_feature_enabled":true,"jetpack_social_post_already_shared":true,"jetpack_social_options":{"image_generator_settings":{"template":"highway","default_image_id":0,"font":"","enabled":false},"version":2}},"categories":[27,1],"tags":[],"class_list":["post-98291","post","type-post","status-publish","format-standard","has-post-thumbnail","hentry","category-blogu-i-udhetarit","category-njoftime-shtypi"],"jetpack_publicize_connections":[],"jetpack_featured_media_url":"https:\/\/i0.wp.com\/www.shqiperia.com\/blog\/wp-content\/uploads\/2026\/03\/osmani2.jpg?fit=1283%2C675&ssl=1","jetpack_sharing_enabled":true,"jetpack_shortlink":"https:\/\/wp.me\/p5Z6wp-pzl","jetpack-related-posts":[{"id":38786,"url":"https:\/\/www.shqiperia.com\/blog\/marreveshja-e-5-qershorit-te-mos-preket-ambasadori-britanik-te-gjendet-konsensus-ne-keshillin-politik-nese-jo-palet-ti-drejtohen\/","url_meta":{"origin":98291,"position":0},"title":"\u201cMarr\u00ebveshja e 5 qershorit t\u00eb mos preket\u201d. Ambasadori britanik: &#8211; T\u00eb gjendet konsensus n\u00eb K\u00ebshillin Politik, n\u00ebse jo, pal\u00ebt t\u2019i drejtohen\u2026","author":"Kurt Farka","date":"September 22, 2020","format":false,"excerpt":"\u201cMarr\u00ebveshja e 5 qershorit t\u00eb mos preket\u201d.\u00a0 Ambasadori britanik: - T\u00eb gjendet konsensus n\u00eb K\u00ebshillin Politik, n\u00ebse jo, pal\u00ebt t\u2019i drejtohen\u2026 22 shtator 2020 Nga Shkodra, ambasadori i Britanis\u00eb s\u00eb Madhe n\u00eb Tiran\u00eb, Duncan Norman u shpreh se reforma zgjedhore \u00ebsht\u00eb shum\u00eb e r\u00ebnd\u00ebsishme dhe n\u00ebse \u00ebsht\u00eb e nevojshme, pal\u00ebt\u2026","rel":"","context":"In &quot;Blogu i Udh\u00ebtarit&quot;","block_context":{"text":"Blogu i Udh\u00ebtarit","link":"https:\/\/www.shqiperia.com\/blog\/category\/blogu-i-udhetarit\/"},"img":{"alt_text":"","src":"https:\/\/i0.wp.com\/www.shqiperia.com\/blog\/wp-content\/uploads\/2020\/09\/norman.jpg?fit=800%2C450&ssl=1&resize=350%2C200","width":350,"height":200,"srcset":"https:\/\/i0.wp.com\/www.shqiperia.com\/blog\/wp-content\/uploads\/2020\/09\/norman.jpg?fit=800%2C450&ssl=1&resize=350%2C200 1x, https:\/\/i0.wp.com\/www.shqiperia.com\/blog\/wp-content\/uploads\/2020\/09\/norman.jpg?fit=800%2C450&ssl=1&resize=525%2C300 1.5x, https:\/\/i0.wp.com\/www.shqiperia.com\/blog\/wp-content\/uploads\/2020\/09\/norman.jpg?fit=800%2C450&ssl=1&resize=700%2C400 2x"},"classes":[]},{"id":20104,"url":"https:\/\/www.shqiperia.com\/blog\/ambasadori-borchardt-sigurisht-qe-shtyrja-e-zgjedhjeve-ndodhi-ne-2007-n-por-a-eshte-kjo-nje-zgjidhje-e-mire-kjo-eshte-dicka-qe-duhet-ta-vendosin-aktoret-politike-ne-vend-pastaj-vetem-shtyrje\/","url_meta":{"origin":98291,"position":1},"title":"Ambasadori Borchardt:\u00a0Sigurisht q\u00eb shtyrja e zgjedhjeve ndodhi n\u00eb 2007-n, por a \u00ebsht\u00eb kjo nj\u00eb zgjidhje e mir\u00eb? Kjo \u00ebsht\u00eb di\u00e7ka q\u00eb duhet ta vendosin aktor\u00ebt politik\u00eb n\u00eb vend. Pastaj, vet\u00ebm shtyrje? \u00c7far\u00eb do t\u00eb ndryshonte kjo?","author":"Kurt Farka","date":"April 23, 2019","format":false,"excerpt":"Ambasadori Borchardt:\u00a0Sigurisht q\u00eb shtyrja e zgjedhjeve ndodhi n\u00eb 2007-n, por a \u00ebsht\u00eb kjo nj\u00eb zgjidhje e mir\u00eb? Kjo \u00ebsht\u00eb di\u00e7ka q\u00eb duhet ta vendosin aktor\u00ebt politik\u00eb n\u00eb vend. Pastaj, vet\u00ebm shtyrje? \u00c7far\u00eb do t\u00eb ndryshonte kjo? Deklarata eshte bere gjate takimit qe\u00a0Borchardt zhvilloi me kreret e partive, pas kerkeses se\u2026","rel":"","context":"In &quot;Blogu i Udh\u00ebtarit&quot;","block_context":{"text":"Blogu i Udh\u00ebtarit","link":"https:\/\/www.shqiperia.com\/blog\/category\/blogu-i-udhetarit\/"},"img":{"alt_text":"","src":"https:\/\/i0.wp.com\/www.shqiperia.com\/blog\/wp-content\/uploads\/2019\/04\/Ambasadori-Borchardt-2.jpg?fit=900%2C486&ssl=1&resize=350%2C200","width":350,"height":200,"srcset":"https:\/\/i0.wp.com\/www.shqiperia.com\/blog\/wp-content\/uploads\/2019\/04\/Ambasadori-Borchardt-2.jpg?fit=900%2C486&ssl=1&resize=350%2C200 1x, https:\/\/i0.wp.com\/www.shqiperia.com\/blog\/wp-content\/uploads\/2019\/04\/Ambasadori-Borchardt-2.jpg?fit=900%2C486&ssl=1&resize=525%2C300 1.5x, https:\/\/i0.wp.com\/www.shqiperia.com\/blog\/wp-content\/uploads\/2019\/04\/Ambasadori-Borchardt-2.jpg?fit=900%2C486&ssl=1&resize=700%2C400 2x"},"classes":[]},{"id":60381,"url":"https:\/\/www.shqiperia.com\/blog\/lajmi-i-fundit-qeveria-e-kosoves-shtyn-reciprocitetin-deri-me-1-shtator\/","url_meta":{"origin":98291,"position":2},"title":"Lajmi i fundit: &#8211; Qeveria e Kosov\u00ebs shtyn reciprocitetin deri m\u00eb 1 shtator","author":"Kurt Farka","date":"July 31, 2022","format":false,"excerpt":"31 Korrik 2022, ora 23.58. Gazeta Bota Sot, Prishtine. P\u00ebrmes nj\u00eb komunikate p\u00ebr media qeveria u shpreh se n\u00eb konsultim me Presidenten Osmani dhe z\u00ebvend\u00ebs kryeministrat Bislimi e G\u00ebrvalla t\u00eb cilat kan\u00eb zhvilluar kontakte e takime me faktor\u00ebt nd\u00ebrkomb\u00ebtar\u00eb amerikan\u00eb dhe evropian\u00eb, kan\u00eb r\u00ebn\u00eb n\u00eb p\u00ebrfundim p\u00ebr shtyrjen e reciprocitetit.\u2026","rel":"","context":"In &quot;Blogu i Udh\u00ebtarit&quot;","block_context":{"text":"Blogu i Udh\u00ebtarit","link":"https:\/\/www.shqiperia.com\/blog\/category\/blogu-i-udhetarit\/"},"img":{"alt_text":"","src":"https:\/\/i0.wp.com\/www.shqiperia.com\/blog\/wp-content\/uploads\/2022\/07\/31-Korrik-2022-Qeveria-e-Kosoves-shtyn-reciprocitetin-deri-me-1-shtator.jpg?fit=771%2C417&ssl=1&resize=350%2C200","width":350,"height":200,"srcset":"https:\/\/i0.wp.com\/www.shqiperia.com\/blog\/wp-content\/uploads\/2022\/07\/31-Korrik-2022-Qeveria-e-Kosoves-shtyn-reciprocitetin-deri-me-1-shtator.jpg?fit=771%2C417&ssl=1&resize=350%2C200 1x, https:\/\/i0.wp.com\/www.shqiperia.com\/blog\/wp-content\/uploads\/2022\/07\/31-Korrik-2022-Qeveria-e-Kosoves-shtyn-reciprocitetin-deri-me-1-shtator.jpg?fit=771%2C417&ssl=1&resize=525%2C300 1.5x, https:\/\/i0.wp.com\/www.shqiperia.com\/blog\/wp-content\/uploads\/2022\/07\/31-Korrik-2022-Qeveria-e-Kosoves-shtyn-reciprocitetin-deri-me-1-shtator.jpg?fit=771%2C417&ssl=1&resize=700%2C400 2x"},"classes":[]},{"id":60192,"url":"https:\/\/www.shqiperia.com\/blog\/pa-njohur-kosoven-nuk-ka-serbi-blinken-i-shuan-cdo-shprese-beogradit-pritet-nderhyrja-e-fuqishme-nga-shba-qe-do-te-trondite-pozitat-e-vucicit\/","url_meta":{"origin":98291,"position":3},"title":"\u201cPa njohur Kosov\u00ebn nuk ka Serbi\u201d, Blinken i shuan \u00e7do shpres\u00eb Beogradit, pritet nd\u00ebrhyrja e fuqishme nga SHBA q\u00eb do t\u00eb trondit\u00eb pozitat e Vu\u00e7i\u00e7it","author":"Kurt Farka","date":"July 28, 2022","format":false,"excerpt":"28 KORRIK 2022 Nj\u00eb takim i presidentes Vjosa Osmani dhe kryeministrit Albin Kurti n\u00eb Serbi me sekretarin amerikan t\u00eb Shtetit, AntonyBlinken, ka b\u00ebr\u00eb t\u00eb qart\u00eb se n\u00ebse nuk do t\u00eb ket\u00eb njohje t\u00eb Kosov\u00ebs nga ana e presidentit Aleksand\u00ebr Vu\u00e7i\u00e7it, nuk do t\u00eb ket\u00eb as Serbi n\u00ebEurop\u00eb. Kryeministri Albin Kurti\u2026","rel":"","context":"In &quot;Blogu i Udh\u00ebtarit&quot;","block_context":{"text":"Blogu i Udh\u00ebtarit","link":"https:\/\/www.shqiperia.com\/blog\/category\/blogu-i-udhetarit\/"},"img":{"alt_text":"","src":"https:\/\/i0.wp.com\/www.shqiperia.com\/blog\/wp-content\/uploads\/2022\/07\/800-0-62e24fdb586e6.jpg?fit=800%2C462&ssl=1&resize=350%2C200","width":350,"height":200,"srcset":"https:\/\/i0.wp.com\/www.shqiperia.com\/blog\/wp-content\/uploads\/2022\/07\/800-0-62e24fdb586e6.jpg?fit=800%2C462&ssl=1&resize=350%2C200 1x, https:\/\/i0.wp.com\/www.shqiperia.com\/blog\/wp-content\/uploads\/2022\/07\/800-0-62e24fdb586e6.jpg?fit=800%2C462&ssl=1&resize=525%2C300 1.5x, https:\/\/i0.wp.com\/www.shqiperia.com\/blog\/wp-content\/uploads\/2022\/07\/800-0-62e24fdb586e6.jpg?fit=800%2C462&ssl=1&resize=700%2C400 2x"},"classes":[]},{"id":23594,"url":"https:\/\/www.shqiperia.com\/blog\/ambasadori-spanjoll-shqiptare-mos-lejoni-te-qeveriseni-nga-ambasadore\/","url_meta":{"origin":98291,"position":4},"title":"Ambasadori Spanjoll: Shqiptar\u00eb, mos lejoni t\u00eb qeveriseni nga ambasador\u00eb&#8230;","author":"Kurt Farka","date":"July 26, 2019","format":false,"excerpt":"Ambasadori Spanjoll: Shqiptar\u00eb, mos lejoni t\u00eb qeveriseni nga ambasador\u00eb... 26\/07\/2019 Ambasadori spanjoll n\u00eb vendin ton\u00eb,Vicente Canelles Montero ka komentuar nga Kor\u00e7a kriz\u00ebn politike n\u00eb vend. Ai ka deklaruar se duhet t\u00eb dialogojn\u00eb pal\u00ebt politike n\u00eb vend. \u201cShqip\u00ebria duhet t\u00eb vendos\u00eb vet\u00eb sesi t\u00eb dal\u00eb nga kjo kriz\u00eb. N\u00eb Spanj\u00eb situata\u2026","rel":"","context":"In &quot;Blogu i Udh\u00ebtarit&quot;","block_context":{"text":"Blogu i Udh\u00ebtarit","link":"https:\/\/www.shqiperia.com\/blog\/category\/blogu-i-udhetarit\/"},"img":{"alt_text":"","src":"https:\/\/i0.wp.com\/www.shqiperia.com\/blog\/wp-content\/uploads\/2019\/07\/auto_auto_Vicente_Canelles_Montero15641258631564131121.jpg?fit=832%2C459&ssl=1&resize=350%2C200","width":350,"height":200,"srcset":"https:\/\/i0.wp.com\/www.shqiperia.com\/blog\/wp-content\/uploads\/2019\/07\/auto_auto_Vicente_Canelles_Montero15641258631564131121.jpg?fit=832%2C459&ssl=1&resize=350%2C200 1x, https:\/\/i0.wp.com\/www.shqiperia.com\/blog\/wp-content\/uploads\/2019\/07\/auto_auto_Vicente_Canelles_Montero15641258631564131121.jpg?fit=832%2C459&ssl=1&resize=525%2C300 1.5x, https:\/\/i0.wp.com\/www.shqiperia.com\/blog\/wp-content\/uploads\/2019\/07\/auto_auto_Vicente_Canelles_Montero15641258631564131121.jpg?fit=832%2C459&ssl=1&resize=700%2C400 2x"},"classes":[]},{"id":71294,"url":"https:\/\/www.shqiperia.com\/blog\/ambasadori-britanik-koha-qe-kosova-ta-prezantoje-draft-statutin-per-asociacionin\/","url_meta":{"origin":98291,"position":5},"title":"Ambasadori britanik: &#8211; Koha q\u00eb Kosova ta prezantoj\u00eb draft-statutin p\u00ebr Asociacionin","author":"Kurt Farka","date":"May 9, 2023","format":false,"excerpt":"9 Maji 2023 Ambasadori britanik n\u00eb Kosov\u00eb, Nicholas Abbott, ka th\u00ebn\u00eb t\u00eb mart\u00ebn se ka ardhur koha q\u00eb Kosova t\u00eb propozoj\u00eb zyrtarisht nj\u00eb draft-statut p\u00ebr Asociacionin e komunave me shumic\u00eb serbe. Sipas tij, nj\u00eb dokument i till\u00eb le t\u00eb prezantohet duke u bazuar n\u00eb draft-vizionin e paraqitur nga kryeministri i\u2026","rel":"","context":"In &quot;Blogu i Udh\u00ebtarit&quot;","block_context":{"text":"Blogu i Udh\u00ebtarit","link":"https:\/\/www.shqiperia.com\/blog\/category\/blogu-i-udhetarit\/"},"img":{"alt_text":"","src":"https:\/\/i0.wp.com\/www.shqiperia.com\/blog\/wp-content\/uploads\/2023\/05\/kosove-serbi.jpg?fit=963%2C547&ssl=1&resize=350%2C200","width":350,"height":200,"srcset":"https:\/\/i0.wp.com\/www.shqiperia.com\/blog\/wp-content\/uploads\/2023\/05\/kosove-serbi.jpg?fit=963%2C547&ssl=1&resize=350%2C200 1x, https:\/\/i0.wp.com\/www.shqiperia.com\/blog\/wp-content\/uploads\/2023\/05\/kosove-serbi.jpg?fit=963%2C547&ssl=1&resize=525%2C300 1.5x, https:\/\/i0.wp.com\/www.shqiperia.com\/blog\/wp-content\/uploads\/2023\/05\/kosove-serbi.jpg?fit=963%2C547&ssl=1&resize=700%2C400 2x"},"classes":[]}],"_links":{"self":[{"href":"https:\/\/www.shqiperia.com\/blog\/wp-json\/wp\/v2\/posts\/98291","targetHints":{"allow":["GET"]}}],"collection":[{"href":"https:\/\/www.shqiperia.com\/blog\/wp-json\/wp\/v2\/posts"}],"about":[{"href":"https:\/\/www.shqiperia.com\/blog\/wp-json\/wp\/v2\/types\/post"}],"author":[{"embeddable":true,"href":"https:\/\/www.shqiperia.com\/blog\/wp-json\/wp\/v2\/users\/9"}],"replies":[{"embeddable":true,"href":"https:\/\/www.shqiperia.com\/blog\/wp-json\/wp\/v2\/comments?post=98291"}],"version-history":[{"count":1,"href":"https:\/\/www.shqiperia.com\/blog\/wp-json\/wp\/v2\/posts\/98291\/revisions"}],"predecessor-version":[{"id":98293,"href":"https:\/\/www.shqiperia.com\/blog\/wp-json\/wp\/v2\/posts\/98291\/revisions\/98293"}],"wp:featuredmedia":[{"embeddable":true,"href":"https:\/\/www.shqiperia.com\/blog\/wp-json\/wp\/v2\/media\/98292"}],"wp:attachment":[{"href":"https:\/\/www.shqiperia.com\/blog\/wp-json\/wp\/v2\/media?parent=98291"}],"wp:term":[{"taxonomy":"category","embeddable":true,"href":"https:\/\/www.shqiperia.com\/blog\/wp-json\/wp\/v2\/categories?post=98291"},{"taxonomy":"post_tag","embeddable":true,"href":"https:\/\/www.shqiperia.com\/blog\/wp-json\/wp\/v2\/tags?post=98291"}],"curies":[{"name":"wp","href":"https:\/\/api.w.org\/{rel}","templated":true}]}}