{"id":98288,"date":"2026-03-11T02:50:25","date_gmt":"2026-03-11T02:50:25","guid":{"rendered":"https:\/\/www.shqiperia.com\/blog\/?p=98288"},"modified":"2026-03-11T02:50:25","modified_gmt":"2026-03-11T02:50:25","slug":"helidon-haliti-vepra-ime-nuk-eshte-nje-pikture-e-vetme-por-nje-mozaik-qe-ndertohet-me-kohen","status":"publish","type":"post","link":"https:\/\/www.shqiperia.com\/blog\/helidon-haliti-vepra-ime-nuk-eshte-nje-pikture-e-vetme-por-nje-mozaik-qe-ndertohet-me-kohen\/","title":{"rendered":"Helidon Haliti: &#8211; Vepra ime nuk \u00ebsht\u00eb nj\u00eb piktur\u00eb e vetme, por nj\u00eb mozaik, q\u00eb nd\u00ebrtohet me koh\u00ebn"},"content":{"rendered":"<p><img data-recalc-dims=\"1\" loading=\"lazy\" decoding=\"async\" data-attachment-id=\"98289\" data-permalink=\"https:\/\/www.shqiperia.com\/blog\/helidon-haliti-vepra-ime-nuk-eshte-nje-pikture-e-vetme-por-nje-mozaik-qe-ndertohet-me-kohen\/helidon-faqe-18-foto-e-pare-intervista-copy-750x570\/\" data-orig-file=\"https:\/\/i0.wp.com\/www.shqiperia.com\/blog\/wp-content\/uploads\/2026\/03\/helidon-faqe-18-foto-e-pare-intervista-Copy-750x570-1.jpg?fit=750%2C570&amp;ssl=1\" data-orig-size=\"750,570\" data-comments-opened=\"1\" data-image-meta=\"{&quot;aperture&quot;:&quot;0&quot;,&quot;credit&quot;:&quot;&quot;,&quot;camera&quot;:&quot;&quot;,&quot;caption&quot;:&quot;&quot;,&quot;created_timestamp&quot;:&quot;0&quot;,&quot;copyright&quot;:&quot;&quot;,&quot;focal_length&quot;:&quot;0&quot;,&quot;iso&quot;:&quot;0&quot;,&quot;shutter_speed&quot;:&quot;0&quot;,&quot;title&quot;:&quot;&quot;,&quot;orientation&quot;:&quot;0&quot;}\" data-image-title=\"helidon-faqe-18-foto-e-pare-intervista-Copy-750&#215;570\" data-image-description=\"\" data-image-caption=\"\" data-medium-file=\"https:\/\/i0.wp.com\/www.shqiperia.com\/blog\/wp-content\/uploads\/2026\/03\/helidon-faqe-18-foto-e-pare-intervista-Copy-750x570-1.jpg?fit=300%2C228&amp;ssl=1\" data-large-file=\"https:\/\/i0.wp.com\/www.shqiperia.com\/blog\/wp-content\/uploads\/2026\/03\/helidon-faqe-18-foto-e-pare-intervista-Copy-750x570-1.jpg?fit=750%2C570&amp;ssl=1\" class=\"alignnone  wp-image-98289\" alt=\"\" src=\"https:\/\/i0.wp.com\/www.shqiperia.com\/blog\/wp-content\/uploads\/2026\/03\/helidon-faqe-18-foto-e-pare-intervista-Copy-750x570-1.jpg?resize=522%2C397&#038;ssl=1\" width=\"522\" height=\"397\" srcset=\"https:\/\/i0.wp.com\/www.shqiperia.com\/blog\/wp-content\/uploads\/2026\/03\/helidon-faqe-18-foto-e-pare-intervista-Copy-750x570-1.jpg?resize=300%2C228&amp;ssl=1 300w, https:\/\/i0.wp.com\/www.shqiperia.com\/blog\/wp-content\/uploads\/2026\/03\/helidon-faqe-18-foto-e-pare-intervista-Copy-750x570-1.jpg?resize=450%2C342&amp;ssl=1 450w, https:\/\/i0.wp.com\/www.shqiperia.com\/blog\/wp-content\/uploads\/2026\/03\/helidon-faqe-18-foto-e-pare-intervista-Copy-750x570-1.jpg?resize=600%2C456&amp;ssl=1 600w, https:\/\/i0.wp.com\/www.shqiperia.com\/blog\/wp-content\/uploads\/2026\/03\/helidon-faqe-18-foto-e-pare-intervista-Copy-750x570-1.jpg?resize=400%2C304&amp;ssl=1 400w, https:\/\/i0.wp.com\/www.shqiperia.com\/blog\/wp-content\/uploads\/2026\/03\/helidon-faqe-18-foto-e-pare-intervista-Copy-750x570-1.jpg?w=750&amp;ssl=1 750w\" sizes=\"auto, (max-width: 522px) 100vw, 522px\" \/><\/p>\n<p>11 Mars 2026<\/p>\n<p>Me nj\u00eb aktivitet t\u00eb pasur q\u00eb p\u00ebrfshin ekspozita komb\u00ebtare dhe nd\u00ebrkomb\u00ebtare, piktori Helidon Haliti \u00ebsht\u00eb nj\u00eb nga emrat m\u00eb t\u00eb spikatur t\u00eb artit bashk\u00ebkohor shqiptar, i njohur p\u00ebr veprat e tij q\u00eb p\u00ebrzien emocione, p\u00ebrvoja personale dhe reflektime mbi realitetin social. N\u00eb intervist\u00ebn dh\u00ebn\u00eb p\u00ebr gazet\u00ebn \u201cSOT\u201d, piktori Helidon Haliti \u201cMjesht\u00ebr i Madh\u201d ndan rrug\u00ebtimin e tij artistik, frym\u00ebzimin q\u00eb vjen nga kujtimet dhe jeta e p\u00ebrditshme, si dhe vizionin e tij p\u00ebr t\u00ebr\u00ebsin\u00eb e vepr\u00ebs, q\u00eb e sheh si nj\u00eb mozaik q\u00eb nd\u00ebrtohet me kalimin e koh\u00ebs.<\/p>\n<p>Ai flet p\u00ebr influencat e hershme q\u00eb formuan stilin e tij, si dhe eksperiencat e tij jasht\u00eb Shqip\u00ebris\u00eb, q\u00eb i dhan\u00eb nj\u00eb dimension t\u00eb ri artit t\u00eb tij. Gjithashtu n\u00eb k\u00ebt\u00eb intervist\u00eb, ai ndan mendimet mbi marr\u00ebdh\u00ebnien me publikun, sfidat e tregut artistik dhe r\u00ebnd\u00ebsin\u00eb e ekspozimeve p\u00ebr zhvillimin e artit pamor n\u00eb vend. \u00a0Helidon Haliti \u00ebsht\u00eb i nderuar me \u00e7mime komb\u00ebtare dhe nd\u00ebrkomb\u00ebtare, p\u00ebrfshir\u00eb shp\u00ebrblime n\u00eb vende t\u00eb ndryshme si Shqip\u00ebri, Norvegji, Tailand\u00eb, Hong Kong, Republik\u00eb \u00c7eke, Bullgari, Malajzi, Kin\u00eb dhe Kore. Ka fituar \u00e7mime nd\u00ebrkomb\u00ebtare dhe vler\u00ebsime n\u00eb bienale t\u00eb piktur\u00ebs, p\u00ebrfshir\u00eb emrin e tij n\u00eb list\u00ebn e artist\u00ebve t\u00eb nderuar n\u00eb Bienalen e akuareleve n\u00eb Tajland\u00eb. N\u00eb vitin 2013 ai u shp\u00ebrblye me \u00e7mimin \u201cKult\u201d si \u201cArtisti m\u00eb i mir\u00eb i vitit\u201d, si dhe ka fituar \u00e7mime t\u00eb tjera si \u201cMjeshtri m\u00eb i mir\u00eb\u201d n\u00eb Hong Kong dhe \u201c\u00c7mimi i Artistit m\u00eb t\u00eb Mir\u00eb\u201d n\u00eb Kin\u00eb. Nga kritik\u00eb dhe studiues ai cil\u00ebsohet si nj\u00eb figur\u00eb e r\u00ebnd\u00ebsishme e artit bashk\u00ebkohor. Veprat e piktorit Helidon Haliti gjenden n\u00eb galeri private, koleksione muzeale dhe tek koleksionist\u00eb n\u00eb Shqip\u00ebri dhe jasht\u00eb saj.<\/p>\n<div class=\"jeg_ad jeg_ad_article jnews_content_inline_ads  \">\n<div class=\"ads-wrapper align-center \">\n<div class=\"ads_code\"><\/div>\n<\/div>\n<\/div>\n<p><img data-recalc-dims=\"1\" loading=\"lazy\" decoding=\"async\" class=\"alignnone  wp-image-3088611\" alt=\"\" src=\"https:\/\/i0.wp.com\/sot.com.al\/wp-content\/uploads\/2026\/03\/helidon-faqe-18.-Copy.jpg?resize=839%2C494&#038;ssl=1\" width=\"839\" height=\"494\" data-pin-no-hover=\"true\" \/><\/p>\n","protected":false},"excerpt":{"rendered":"<p>11 Mars 2026 Me nj\u00eb aktivitet t\u00eb pasur q\u00eb p\u00ebrfshin ekspozita komb\u00ebtare dhe nd\u00ebrkomb\u00ebtare, piktori Helidon Haliti \u00ebsht\u00eb nj\u00eb nga emrat m\u00eb t\u00eb spikatur t\u00eb artit bashk\u00ebkohor shqiptar, i njohur p\u00ebr veprat e tij q\u00eb p\u00ebrzien emocione, p\u00ebrvoja personale dhe reflektime mbi realitetin social. N\u00eb intervist\u00ebn dh\u00ebn\u00eb p\u00ebr gazet\u00ebn \u201cSOT\u201d, piktori Helidon Haliti \u201cMjesht\u00ebr i [&hellip;]<\/p>\n","protected":false},"author":9,"featured_media":98289,"comment_status":"open","ping_status":"open","sticky":false,"template":"","format":"standard","meta":{"jetpack_post_was_ever_published":false,"_jetpack_newsletter_access":"","_jetpack_dont_email_post_to_subs":false,"_jetpack_newsletter_tier_id":0,"_jetpack_memberships_contains_paywalled_content":false,"_jetpack_memberships_contains_paid_content":false,"footnotes":"","jetpack_publicize_message":"","jetpack_publicize_feature_enabled":true,"jetpack_social_post_already_shared":true,"jetpack_social_options":{"image_generator_settings":{"template":"highway","default_image_id":0,"font":"","enabled":false},"version":2}},"categories":[87,27,10,35],"tags":[],"class_list":["post-98288","post","type-post","status-publish","format-standard","has-post-thumbnail","hentry","category-arte","category-blogu-i-udhetarit","category-kultura","category-shoqerore"],"jetpack_publicize_connections":[],"jetpack_featured_media_url":"https:\/\/i0.wp.com\/www.shqiperia.com\/blog\/wp-content\/uploads\/2026\/03\/helidon-faqe-18-foto-e-pare-intervista-Copy-750x570-1.jpg?fit=750%2C570&ssl=1","jetpack_sharing_enabled":true,"jetpack_shortlink":"https:\/\/wp.me\/p5Z6wp-pzi","jetpack-related-posts":[{"id":26195,"url":"https:\/\/www.shqiperia.com\/blog\/bienalja-ne-muzeun-historik-kombetar-prezanton-veprat-e-400-artisteve\/","url_meta":{"origin":98288,"position":0},"title":"Bienalja n\u00eb Muzeun Historik Komb\u00ebtar, prezanton veprat e 400 artist\u00ebve. &#8211;","author":"Kurt Farka","date":"September 23, 2019","format":false,"excerpt":"Bienalja n\u00eb Muzeun Historik Komb\u00ebtar, prezanton veprat e 400 artist\u00ebve. - 22\/09\/2019 N\u00eb edicionin e tret\u00eb t\u00eb Bienales Nd\u00ebrkomb\u00ebtare t\u00eb Akuarelit \u201cSelf-Portrait\u201d n\u00eb Muzeun Historik Komb\u00ebtar jan\u00eb prezantuar me pun\u00ebt e tyre 400 artist\u00eb. Me kurator piktorin e njohur Helidon Halitin, kjo ekspozit\u00eb \u00ebsht\u00eb nj\u00eb event unik q\u00eb prezanton veprat\u2026","rel":"","context":"In &quot;Arte&quot;","block_context":{"text":"Arte","link":"https:\/\/www.shqiperia.com\/blog\/category\/arte\/"},"img":{"alt_text":"","src":"https:\/\/i0.wp.com\/www.shqiperia.com\/blog\/wp-content\/uploads\/2019\/09\/biienalja_te_muzue_piktura_faqe_19-2-300x169.jpg?resize=350%2C200&ssl=1","width":350,"height":200},"classes":[]},{"id":80708,"url":"https:\/\/www.shqiperia.com\/blog\/ish-depot-e-ushtrise-ne-belsh-transformohen-ne-galerine-dy-botet\/","url_meta":{"origin":98288,"position":1},"title":"Ish-depot e ushtris\u00eb n\u00eb Belsh transformohen n\u00eb galerin\u00eb \u201cDy Bot\u00ebt\u201d","author":"Kurt Farka","date":"May 6, 2024","format":false,"excerpt":"6 Maji 2024 Ish-depot e ushtris\u00eb n\u00eb Seferan jan\u00eb transformuar n\u00eb nj\u00eb galeri arti ku do t\u00eb jen\u00eb t\u00eb hapura p\u00ebr publikun, si nj\u00eb destinacion kulturor p\u00ebr k\u00ebdo q\u00eb viziton Belshin. N\u00eb pranin\u00eb e dhjet\u00ebrave piktor\u00ebve me fam\u00eb nd\u00ebrkomb\u00ebtare nga Kanadaja, Kina, Peruja, Turqia, \u00c7ekia dhe shum\u00eb vende t\u00eb tjera,\u2026","rel":"","context":"In &quot;Arte&quot;","block_context":{"text":"Arte","link":"https:\/\/www.shqiperia.com\/blog\/category\/arte\/"},"img":{"alt_text":"","src":"https:\/\/i0.wp.com\/www.shqiperia.com\/blog\/wp-content\/uploads\/2024\/05\/Ish-depot-e-ushtrise-galeri-arti.jpg?fit=960%2C540&ssl=1&resize=350%2C200","width":350,"height":200,"srcset":"https:\/\/i0.wp.com\/www.shqiperia.com\/blog\/wp-content\/uploads\/2024\/05\/Ish-depot-e-ushtrise-galeri-arti.jpg?fit=960%2C540&ssl=1&resize=350%2C200 1x, https:\/\/i0.wp.com\/www.shqiperia.com\/blog\/wp-content\/uploads\/2024\/05\/Ish-depot-e-ushtrise-galeri-arti.jpg?fit=960%2C540&ssl=1&resize=525%2C300 1.5x, https:\/\/i0.wp.com\/www.shqiperia.com\/blog\/wp-content\/uploads\/2024\/05\/Ish-depot-e-ushtrise-galeri-arti.jpg?fit=960%2C540&ssl=1&resize=700%2C400 2x"},"classes":[]},{"id":35784,"url":"https:\/\/www.shqiperia.com\/blog\/ekspozohen-vizatimet-e-rralla-te-50-artisteve-shqiptare-nga-portreti-ne-burg-i-faslli-halitit\/","url_meta":{"origin":98288,"position":2},"title":"Ekspozohen vizatimet e rralla t\u00eb 50 artist\u00ebve shqiptar\u00eb, nga portreti n\u00eb burg i Faslli Halitit \u2026.","author":"Kurt Farka","date":"June 17, 2020","format":false,"excerpt":"Ekspozohen vizatimet e rralla t\u00eb 50 artist\u00ebve shqiptar\u00eb, nga portreti n\u00eb burg i Faslli Halitit \u2026. Dy ekspozita me vizatime dhe akuarele jan\u00eb \u00e7elur n\u00eb sallat e Muzeut Historik Komb\u00ebtar. Kuratori i ekspozit\u00ebs Helidon Haliti rr\u00ebfen risit\u00eb e pun\u00ebs q\u00eb ka b\u00ebr\u00eb mbi 100 artist\u00eb shqiptar\u00eb edhe t\u00eb huaj. Valeria\u2026","rel":"","context":"In &quot;Arte&quot;","block_context":{"text":"Arte","link":"https:\/\/www.shqiperia.com\/blog\/category\/arte\/"},"img":{"alt_text":"","src":"https:\/\/i0.wp.com\/www.shqiperia.com\/blog\/wp-content\/uploads\/2020\/06\/download-3.jpg?resize=350%2C200&ssl=1","width":350,"height":200},"classes":[]},{"id":8001,"url":"https:\/\/www.shqiperia.com\/blog\/skenderbeu-i-pikturuar-nga-nje-turk\/","url_meta":{"origin":98288,"position":3},"title":"\u201cSk\u00ebnderbeu\u201d i pikturuar nga nj\u00eb turk.-","author":"Kurt Farka","date":"May 28, 2018","format":false,"excerpt":"\u201cSk\u00ebnderbeu\u201d i pikturuar nga nj\u00eb turk Atanur Dogan \u00ebsht\u00eb turku i par\u00eb q\u00eb pikturon portretin e Heroit ton\u00eb Komb\u00ebtar Gjergj Kastriot Sk\u00ebnderbeu. K\u00ebt\u00eb e b\u00ebri n\u00eb ngjarjen m\u00eb t\u00eb madhe t\u00eb akuarelit n\u00eb rajonin e Ballkanit, me pjes\u00ebmarrjen e dhjet\u00ebra artist\u00ebve nga e gjith\u00eb bota q\u00eb prej disa vitesh zhvillohet\u2026","rel":"","context":"In &quot;Blogu i Udh\u00ebtarit&quot;","block_context":{"text":"Blogu i Udh\u00ebtarit","link":"https:\/\/www.shqiperia.com\/blog\/category\/blogu-i-udhetarit\/"},"img":{"alt_text":"","src":"https:\/\/i0.wp.com\/www.shqiperia.com\/blog\/wp-content\/uploads\/2018\/05\/33096347_10214232954011308_7564605824044105728_n-905x395.jpg?fit=905%2C395&ssl=1&resize=350%2C200","width":350,"height":200,"srcset":"https:\/\/i0.wp.com\/www.shqiperia.com\/blog\/wp-content\/uploads\/2018\/05\/33096347_10214232954011308_7564605824044105728_n-905x395.jpg?fit=905%2C395&ssl=1&resize=350%2C200 1x, https:\/\/i0.wp.com\/www.shqiperia.com\/blog\/wp-content\/uploads\/2018\/05\/33096347_10214232954011308_7564605824044105728_n-905x395.jpg?fit=905%2C395&ssl=1&resize=525%2C300 1.5x, https:\/\/i0.wp.com\/www.shqiperia.com\/blog\/wp-content\/uploads\/2018\/05\/33096347_10214232954011308_7564605824044105728_n-905x395.jpg?fit=905%2C395&ssl=1&resize=700%2C400 2x"},"classes":[]},{"id":49954,"url":"https:\/\/www.shqiperia.com\/blog\/se-shpejti-me-nje-ekspozite-ismail-lulani\/","url_meta":{"origin":98288,"position":4},"title":"&#8220;S\u00eb shpejti me nj\u00eb ekspozit\u00eb: Ismail Lulani.","author":"Kurt Farka","date":"September 17, 2021","format":false,"excerpt":"\"S\u00eb shpejti me nj\u00eb ekspozit\u00eb: Ismail Lulani. Lajmin e jep e bija Ormira Lulani. Ky njoftim eshte pritur me entusiazem nga artedashesit shqiptar. Njoftimi sakteson qe ekspozita do kurohet nga Helidon Haliti, artist dhe organizator me pervoje per ekspozita te arteve figurative kombetare dhe nderkombetare. Ismail Lulani (Tuz, 26 mars\u2026","rel":"","context":"In &quot;Arte&quot;","block_context":{"text":"Arte","link":"https:\/\/www.shqiperia.com\/blog\/category\/arte\/"},"img":{"alt_text":"","src":"https:\/\/i0.wp.com\/www.shqiperia.com\/blog\/wp-content\/uploads\/2021\/09\/Se-shpejti-me-nje-ekspozite-Ismail-Lulani..jpg?fit=526%2C356&ssl=1&resize=350%2C200","width":350,"height":200,"srcset":"https:\/\/i0.wp.com\/www.shqiperia.com\/blog\/wp-content\/uploads\/2021\/09\/Se-shpejti-me-nje-ekspozite-Ismail-Lulani..jpg?fit=526%2C356&ssl=1&resize=350%2C200 1x, https:\/\/i0.wp.com\/www.shqiperia.com\/blog\/wp-content\/uploads\/2021\/09\/Se-shpejti-me-nje-ekspozite-Ismail-Lulani..jpg?fit=526%2C356&ssl=1&resize=525%2C300 1.5x"},"classes":[]},{"id":8048,"url":"https:\/\/www.shqiperia.com\/blog\/8048-2\/","url_meta":{"origin":98288,"position":5},"title":"Ekspozite Akuareli ne Berat. &#8211;","author":"Kurt Farka","date":"May 29, 2018","format":false,"excerpt":"Ekspozite Akuareli ne Berat. - Nga: Dhurata Hamzai Dhjet\u00ebra sy q\u00eb t\u00eb v\u00ebzhgojn\u00eb, nd\u00ebrsa demonstrohet live n\u00eb telajo, krijojn\u00eb nj\u00eb situat\u00eb t\u00eb pazakont\u00eb gjat\u00eb aktit t\u00eb krijimit. Nj\u00eb ide q\u00eb v\u00eb n\u00eb sprov\u00eb dhe rrit adrenalin\u00ebn e piktor\u00ebve, nj\u00ebjt\u00eb si alpinist\u00ebt q\u00eb duan t\u00eb prekin maj\u00ebn. Kjo ka qen\u00eb ideja\u2026","rel":"","context":"In &quot;Arte&quot;","block_context":{"text":"Arte","link":"https:\/\/www.shqiperia.com\/blog\/category\/arte\/"},"img":{"alt_text":"","src":"https:\/\/i0.wp.com\/www.shqiperia.com\/blog\/wp-content\/uploads\/2018\/05\/1527063732_beratimisteriozgazeta23maji.jpg?fit=780%2C440&ssl=1&resize=350%2C200","width":350,"height":200,"srcset":"https:\/\/i0.wp.com\/www.shqiperia.com\/blog\/wp-content\/uploads\/2018\/05\/1527063732_beratimisteriozgazeta23maji.jpg?fit=780%2C440&ssl=1&resize=350%2C200 1x, https:\/\/i0.wp.com\/www.shqiperia.com\/blog\/wp-content\/uploads\/2018\/05\/1527063732_beratimisteriozgazeta23maji.jpg?fit=780%2C440&ssl=1&resize=525%2C300 1.5x, https:\/\/i0.wp.com\/www.shqiperia.com\/blog\/wp-content\/uploads\/2018\/05\/1527063732_beratimisteriozgazeta23maji.jpg?fit=780%2C440&ssl=1&resize=700%2C400 2x"},"classes":[]}],"_links":{"self":[{"href":"https:\/\/www.shqiperia.com\/blog\/wp-json\/wp\/v2\/posts\/98288","targetHints":{"allow":["GET"]}}],"collection":[{"href":"https:\/\/www.shqiperia.com\/blog\/wp-json\/wp\/v2\/posts"}],"about":[{"href":"https:\/\/www.shqiperia.com\/blog\/wp-json\/wp\/v2\/types\/post"}],"author":[{"embeddable":true,"href":"https:\/\/www.shqiperia.com\/blog\/wp-json\/wp\/v2\/users\/9"}],"replies":[{"embeddable":true,"href":"https:\/\/www.shqiperia.com\/blog\/wp-json\/wp\/v2\/comments?post=98288"}],"version-history":[{"count":1,"href":"https:\/\/www.shqiperia.com\/blog\/wp-json\/wp\/v2\/posts\/98288\/revisions"}],"predecessor-version":[{"id":98290,"href":"https:\/\/www.shqiperia.com\/blog\/wp-json\/wp\/v2\/posts\/98288\/revisions\/98290"}],"wp:featuredmedia":[{"embeddable":true,"href":"https:\/\/www.shqiperia.com\/blog\/wp-json\/wp\/v2\/media\/98289"}],"wp:attachment":[{"href":"https:\/\/www.shqiperia.com\/blog\/wp-json\/wp\/v2\/media?parent=98288"}],"wp:term":[{"taxonomy":"category","embeddable":true,"href":"https:\/\/www.shqiperia.com\/blog\/wp-json\/wp\/v2\/categories?post=98288"},{"taxonomy":"post_tag","embeddable":true,"href":"https:\/\/www.shqiperia.com\/blog\/wp-json\/wp\/v2\/tags?post=98288"}],"curies":[{"name":"wp","href":"https:\/\/api.w.org\/{rel}","templated":true}]}}