{"id":98204,"date":"2026-03-08T21:37:48","date_gmt":"2026-03-08T21:37:48","guid":{"rendered":"https:\/\/www.shqiperia.com\/blog\/?p=98204"},"modified":"2026-03-08T21:37:48","modified_gmt":"2026-03-08T21:37:48","slug":"foto-lidh-kryeqytetin-me-veriun-e-vendit-demtohet-ura-e-matit","status":"publish","type":"post","link":"https:\/\/www.shqiperia.com\/blog\/foto-lidh-kryeqytetin-me-veriun-e-vendit-demtohet-ura-e-matit\/","title":{"rendered":"FOTO: Lidh kryeqytetin me veriun e vendit, d\u00ebmtohet ura e Matit"},"content":{"rendered":"<p><img data-recalc-dims=\"1\" loading=\"lazy\" decoding=\"async\" data-attachment-id=\"98205\" data-permalink=\"https:\/\/www.shqiperia.com\/blog\/foto-lidh-kryeqytetin-me-veriun-e-vendit-demtohet-ura-e-matit\/screenshot_20260308_011241_chrome\/\" data-orig-file=\"https:\/\/i0.wp.com\/www.shqiperia.com\/blog\/wp-content\/uploads\/2026\/03\/Screenshot_20260308_011241_Chrome.webp?fit=612%2C346&amp;ssl=1\" data-orig-size=\"612,346\" data-comments-opened=\"1\" data-image-meta=\"{&quot;aperture&quot;:&quot;0&quot;,&quot;credit&quot;:&quot;&quot;,&quot;camera&quot;:&quot;&quot;,&quot;caption&quot;:&quot;&quot;,&quot;created_timestamp&quot;:&quot;0&quot;,&quot;copyright&quot;:&quot;&quot;,&quot;focal_length&quot;:&quot;0&quot;,&quot;iso&quot;:&quot;0&quot;,&quot;shutter_speed&quot;:&quot;0&quot;,&quot;title&quot;:&quot;&quot;,&quot;orientation&quot;:&quot;0&quot;}\" data-image-title=\"Screenshot_20260308_011241_Chrome\" data-image-description=\"\" data-image-caption=\"\" data-medium-file=\"https:\/\/i0.wp.com\/www.shqiperia.com\/blog\/wp-content\/uploads\/2026\/03\/Screenshot_20260308_011241_Chrome.webp?fit=300%2C170&amp;ssl=1\" data-large-file=\"https:\/\/i0.wp.com\/www.shqiperia.com\/blog\/wp-content\/uploads\/2026\/03\/Screenshot_20260308_011241_Chrome.webp?fit=612%2C346&amp;ssl=1\" class=\"alignnone  wp-image-98205\" alt=\"\" src=\"https:\/\/i0.wp.com\/www.shqiperia.com\/blog\/wp-content\/uploads\/2026\/03\/Screenshot_20260308_011241_Chrome.webp?resize=651%2C369&#038;ssl=1\" width=\"651\" height=\"369\" srcset=\"https:\/\/i0.wp.com\/www.shqiperia.com\/blog\/wp-content\/uploads\/2026\/03\/Screenshot_20260308_011241_Chrome.webp?resize=300%2C170&amp;ssl=1 300w, https:\/\/i0.wp.com\/www.shqiperia.com\/blog\/wp-content\/uploads\/2026\/03\/Screenshot_20260308_011241_Chrome.webp?resize=450%2C254&amp;ssl=1 450w, https:\/\/i0.wp.com\/www.shqiperia.com\/blog\/wp-content\/uploads\/2026\/03\/Screenshot_20260308_011241_Chrome.webp?resize=600%2C339&amp;ssl=1 600w, https:\/\/i0.wp.com\/www.shqiperia.com\/blog\/wp-content\/uploads\/2026\/03\/Screenshot_20260308_011241_Chrome.webp?resize=400%2C226&amp;ssl=1 400w, https:\/\/i0.wp.com\/www.shqiperia.com\/blog\/wp-content\/uploads\/2026\/03\/Screenshot_20260308_011241_Chrome.webp?w=612&amp;ssl=1 612w\" sizes=\"auto, (max-width: 651px) 100vw, 651px\" \/><\/p>\n<p>8 Mars 2026<\/p>\n<p>Edhe ura e tret\u00eb mbi lumin Mat ka p\u00ebsuar d\u00ebmtime. M\u00eb her\u00ebt jan\u00eb d\u00ebmtuar r\u00ebnd\u00eb edhe Ura e Zogut, monument kulture i kategoris\u00eb s\u00eb par\u00eb, si dhe ura n\u00eb aksin e vjet\u00ebr Lezh\u00eb\u2013Milot, e cila vijon t\u00eb jet\u00eb e bllokuar q\u00eb prej korrikut t\u00eb vitit t\u00eb kaluar.<\/p>\n<p>R\u00ebnd\u00ebsia e ures automobilistike te Matit, \u00ebsht\u00eb edhe m\u00eb e madhe pasi ajo \u00ebsht\u00eb aktualisht e vetmja lidhje funksionale q\u00eb bashkon Milotin me Lezh\u00ebn, Shkodr\u00ebn. Po keshtu sh\u00ebrben edhe si korridor drejt kufirit me Malin e Zi.<\/p>\n<p>Aktivistja Elsa Sula, e cila e ka ndjekur n\u00eb vazhdim\u00ebsi k\u00ebt\u00eb \u00e7\u00ebshtje, thot\u00eb se shfryt\u00ebzimi pa kriter i lumit Mat p\u00ebr nxjerrjen e inerteve ka prishur balancat natyrore t\u00eb shtratit t\u00eb lumit, duke shkaktuar erozion t\u00eb fort\u00eb pran\u00eb k\u00ebmb\u00ebve t\u00eb ures.<\/p>\n<p>\u201cKa kompani t\u00eb licensuara dhe t\u00eb palicensuara q\u00eb marrin inerte. Kjo ka sjell\u00eb d\u00ebmtim t\u00eb k\u00ebmb\u00ebve t\u00eb ur\u00ebs. N\u00ebse s\u2019merren masa do ket\u00eb fatin e dy urave t\u00eb tjera q\u00eb aktualisht jan\u00eb t\u00eb mbyllura p\u00ebr qarkullimin\u201d, tha Sula.<\/p>\n<p><img data-recalc-dims=\"1\" loading=\"lazy\" decoding=\"async\" class=\"aligncenter size-full wp-image-302627\" alt=\"\" src=\"https:\/\/i0.wp.com\/gazetadita.al\/wp-content\/uploads\/2026\/03\/Screenshot_20260308_011241_Chrome.webp?resize=612%2C346&#038;ssl=1\" width=\"612\" height=\"346\" \/><img data-recalc-dims=\"1\" loading=\"lazy\" decoding=\"async\" class=\"aligncenter size-full wp-image-302628\" alt=\"\" src=\"https:\/\/i0.wp.com\/gazetadita.al\/wp-content\/uploads\/2026\/03\/Screenshot_20260308_011420_Chrome.webp?resize=600%2C358&#038;ssl=1\" width=\"600\" height=\"358\" \/><img data-recalc-dims=\"1\" loading=\"lazy\" decoding=\"async\" class=\"aligncenter size-full wp-image-302629\" alt=\"\" src=\"https:\/\/i0.wp.com\/gazetadita.al\/wp-content\/uploads\/2026\/03\/Screenshot_20260308_011409_Chrome.webp?resize=614%2C346&#038;ssl=1\" width=\"614\" height=\"346\" \/><\/p>\n<p>Edhe eksperti i mjedisit Jak Gjini thekson se nd\u00ebrhyrjet e pakontrolluara n\u00eb shtratin e lumit kan\u00eb sjell\u00eb pasoja t\u00eb r\u00ebnda ndaj k\u00ebrkohet nd\u00ebrhyrje e menj\u00ebhershme nga Autoriteti Rrugor Shqiptar.<\/p>\n<p>\u201cS\u00eb pari duhet t\u00eb merren masa p\u00ebr shkaktar\u00ebt. Pra t\u00eb kontrollohet sasia e inerteve q\u00eb merren n\u00eb lum\u00eb dhe m\u00eb pas hapi i dyt\u00eb \u00ebsht\u00eb vendosja e pritave lumore\u201d, tha Gjini.<\/p>\n<p>Ura mbi lumin Mat n\u00eb aksin Lezh\u00eb\u2013Milot ka nj\u00eb gjat\u00ebsi rreth 300 metra dhe \u00ebsht\u00eb nd\u00ebrtuar n\u00eb vitin 2002 me mb\u00ebshtetjen e qeveris\u00eb italiane. Q\u00eb prej nd\u00ebrtimit t\u00eb saj nuk jan\u00eb kryer nd\u00ebrhyrje t\u00eb r\u00ebnd\u00ebsishme p\u00ebr mbrojtjen nga erozioni apo p\u00ebr forcimin e k\u00ebmb\u00ebve mbajt\u00ebse, nd\u00ebrsa shfryt\u00ebzimi i lumit p\u00ebr inerte ka vijuar p\u00ebr vite me radh\u00eb.<\/p>\n<p>N\u00eb shtratin e lumit Mat operojn\u00eb 40 firma q\u00eb nxjerrin inerte, shum\u00eb prej tyre pa leje t\u00eb rregullta shfryt\u00ebzimi.<\/p>\n","protected":false},"excerpt":{"rendered":"<p>8 Mars 2026 Edhe ura e tret\u00eb mbi lumin Mat ka p\u00ebsuar d\u00ebmtime. M\u00eb her\u00ebt jan\u00eb d\u00ebmtuar r\u00ebnd\u00eb edhe Ura e Zogut, monument kulture i kategoris\u00eb s\u00eb par\u00eb, si dhe ura n\u00eb aksin e vjet\u00ebr Lezh\u00eb\u2013Milot, e cila vijon t\u00eb jet\u00eb e bllokuar q\u00eb prej korrikut t\u00eb vitit t\u00eb kaluar. R\u00ebnd\u00ebsia e ures automobilistike te [&hellip;]<\/p>\n","protected":false},"author":9,"featured_media":98205,"comment_status":"open","ping_status":"open","sticky":false,"template":"","format":"standard","meta":{"jetpack_post_was_ever_published":false,"_jetpack_newsletter_access":"","_jetpack_dont_email_post_to_subs":false,"_jetpack_newsletter_tier_id":0,"_jetpack_memberships_contains_paywalled_content":false,"_jetpack_memberships_contains_paid_content":false,"footnotes":"","jetpack_publicize_message":"","jetpack_publicize_feature_enabled":true,"jetpack_social_post_already_shared":true,"jetpack_social_options":{"image_generator_settings":{"template":"highway","default_image_id":0,"font":"","enabled":false},"version":2}},"categories":[85,1,2,35],"tags":[],"class_list":["post-98204","post","type-post","status-publish","format-standard","has-post-thumbnail","hentry","category-histori","category-njoftime-shtypi","category-politika","category-shoqerore"],"jetpack_publicize_connections":[],"jetpack_featured_media_url":"https:\/\/i0.wp.com\/www.shqiperia.com\/blog\/wp-content\/uploads\/2026\/03\/Screenshot_20260308_011241_Chrome.webp?fit=612%2C346&ssl=1","jetpack_sharing_enabled":true,"jetpack_shortlink":"https:\/\/wp.me\/p5Z6wp-pxW","jetpack-related-posts":[{"id":42889,"url":"https:\/\/www.shqiperia.com\/blog\/ministria-e-kultures-e-zene-me-shkaterrimin-e-vilave-monument-kulture-demtohet-ura-e-zogut\/","url_meta":{"origin":98204,"position":0},"title":"Ministria e Kultures e z\u00ebn\u00eb me shkat\u00ebrrimin e vilave monument Kulture. Demtohet Ura e Zogut.","author":"Kurt Farka","date":"January 13, 2021","format":false,"excerpt":"Ministria e Kultures e z\u00ebn\u00eb me shkat\u00ebrrimin e vilave monument Kulture. Demtohet Ura e Zogut. 13 JANAR 2021 Ura me harqe ose si\u00e7 t\u00eb gjith\u00eb e njohin si Ura e Zogut, si pasoj\u00eb e reshjeve intensive dhe prurjeve t\u00eb shumta q\u00eb ka pasur lumi Mat \u00ebsht\u00eb d\u00ebmtuar. Forumi p\u00ebr Mbrojtjen\u2026","rel":"","context":"In &quot;Blogu i Udh\u00ebtarit&quot;","block_context":{"text":"Blogu i Udh\u00ebtarit","link":"https:\/\/www.shqiperia.com\/blog\/category\/blogu-i-udhetarit\/"},"img":{"alt_text":"","src":"https:\/\/i0.wp.com\/www.shqiperia.com\/blog\/wp-content\/uploads\/2021\/01\/640-0-5ffe9063af7cc-1.jpg?fit=640%2C360&ssl=1&resize=350%2C200","width":350,"height":200,"srcset":"https:\/\/i0.wp.com\/www.shqiperia.com\/blog\/wp-content\/uploads\/2021\/01\/640-0-5ffe9063af7cc-1.jpg?fit=640%2C360&ssl=1&resize=350%2C200 1x, https:\/\/i0.wp.com\/www.shqiperia.com\/blog\/wp-content\/uploads\/2021\/01\/640-0-5ffe9063af7cc-1.jpg?fit=640%2C360&ssl=1&resize=525%2C300 1.5x"},"classes":[]},{"id":9760,"url":"https:\/\/www.shqiperia.com\/blog\/monumente-ura-e-bratit\/","url_meta":{"origin":98204,"position":1},"title":"Monumente &#8211; Ura e Bratit. &#8211;","author":"Kurt Farka","date":"July 16, 2018","format":false,"excerpt":"Monumente - Ura e Bratit. - Nga: Ilir Bala. Ura e Bratit \u00ebsht\u00eb nj\u00eb objekt monument kulture dhe n\u00eb mbrojte nga shteti .Ura e Bratit gjendet edhe sot e k\u00ebsaj dite n\u00eb funksionim t\u00eb plot\u00eb n\u00eb komun\u00ebn Brataj, n\u00eb fshatin me k\u00ebt\u00eb em\u00ebr buz\u00eb lumit Shushic\u00eb rreth 48 km nga\u2026","rel":"","context":"In &quot;Histori&quot;","block_context":{"text":"Histori","link":"https:\/\/www.shqiperia.com\/blog\/category\/histori\/"},"img":{"alt_text":"","src":"https:\/\/i0.wp.com\/www.shqiperia.com\/blog\/wp-content\/uploads\/2018\/07\/Ura-e-Bratit-Vlore-Copy.jpg?fit=960%2C720&ssl=1&resize=350%2C200","width":350,"height":200,"srcset":"https:\/\/i0.wp.com\/www.shqiperia.com\/blog\/wp-content\/uploads\/2018\/07\/Ura-e-Bratit-Vlore-Copy.jpg?fit=960%2C720&ssl=1&resize=350%2C200 1x, https:\/\/i0.wp.com\/www.shqiperia.com\/blog\/wp-content\/uploads\/2018\/07\/Ura-e-Bratit-Vlore-Copy.jpg?fit=960%2C720&ssl=1&resize=525%2C300 1.5x, https:\/\/i0.wp.com\/www.shqiperia.com\/blog\/wp-content\/uploads\/2018\/07\/Ura-e-Bratit-Vlore-Copy.jpg?fit=960%2C720&ssl=1&resize=700%2C400 2x"},"classes":[]},{"id":94788,"url":"https:\/\/www.shqiperia.com\/blog\/nje-vit-pas-nderhyrjes-ura-e-zogut-ne-lumin-mat-serish-rrezikon-shembjen\/","url_meta":{"origin":98204,"position":2},"title":"Nj\u00eb vit pas nd\u00ebrhyrjes, Ura e Zogut n\u00eb lumin Mat s\u00ebrish rrezikon shembjen","author":"Kurt Farka","date":"November 9, 2025","format":false,"excerpt":"9 Nentor 2025 Nd\u00ebrhyrja emergjente e realizuar n\u00eb vitin 2024 n\u00eb Ur\u00ebn e Zogut mbi lumin Mat nuk e ka shp\u00ebtuar monumentin e kultures. Prurjet e shumta t\u00eb lumit Mat pas reshjeve t\u00eb fundit t\u00eb shiut kan\u00eb shkaktuar s\u00ebrish d\u00ebmtime. Struktura dhe k\u00ebmba e ur\u00ebs n\u00eb pjes\u00ebn veriore kan\u00eb l\u00ebvizur,\u2026","rel":"","context":"In &quot;Blogu i Udh\u00ebtarit&quot;","block_context":{"text":"Blogu i Udh\u00ebtarit","link":"https:\/\/www.shqiperia.com\/blog\/category\/blogu-i-udhetarit\/"},"img":{"alt_text":"","src":"https:\/\/i0.wp.com\/www.shqiperia.com\/blog\/wp-content\/uploads\/2025\/11\/1762525218_uraezogut.jpg?fit=780%2C440&ssl=1&resize=350%2C200","width":350,"height":200,"srcset":"https:\/\/i0.wp.com\/www.shqiperia.com\/blog\/wp-content\/uploads\/2025\/11\/1762525218_uraezogut.jpg?fit=780%2C440&ssl=1&resize=350%2C200 1x, https:\/\/i0.wp.com\/www.shqiperia.com\/blog\/wp-content\/uploads\/2025\/11\/1762525218_uraezogut.jpg?fit=780%2C440&ssl=1&resize=525%2C300 1.5x, https:\/\/i0.wp.com\/www.shqiperia.com\/blog\/wp-content\/uploads\/2025\/11\/1762525218_uraezogut.jpg?fit=780%2C440&ssl=1&resize=700%2C400 2x"},"classes":[]},{"id":10729,"url":"https:\/\/www.shqiperia.com\/blog\/miratohet-projekti-i-restaurimit-te-ures-se-golikut-ne-pogradec\/","url_meta":{"origin":98204,"position":3},"title":"Miratohet projekti i restaurimit t\u00eb Ur\u00ebs s\u00eb Golikut n\u00eb Pogradec. &#8211;","author":"Kurt Farka","date":"August 9, 2018","format":false,"excerpt":"Miratohet projekti i restaurimit t\u00eb Ur\u00ebs s\u00eb Golikut n\u00eb Pogradec. - K\u00ebshilli Komb\u00ebtar i Restaurimeve ka miratuar projektin p\u00ebr restaurimin e Ur\u00ebs s\u00eb Golikut, Pogradec. Instituti i Monumenteve t\u00eb Kultur\u00ebs shkruan se projekti i hartuar nga Drejtoria Rajonale e Kultur\u00ebs Komb\u00ebtare Kor\u00e7\u00eb parashikon nd\u00ebrhyrje konsoliduese dhe restauruese n\u00eb monument. \u201cInstituti\u2026","rel":"","context":"In &quot;Kultura&quot;","block_context":{"text":"Kultura","link":"https:\/\/www.shqiperia.com\/blog\/category\/kultura\/"},"img":{"alt_text":"","src":"https:\/\/i0.wp.com\/www.shqiperia.com\/blog\/wp-content\/uploads\/2018\/08\/ura_e_golikut_pogradec_faqe_19-2-Copy.jpg?resize=350%2C200","width":350,"height":200},"classes":[]},{"id":78678,"url":"https:\/\/www.shqiperia.com\/blog\/kendi-i-fotografise-ura-e-kasabashit-monument-kulture-realizuar-nga-mjeshter-vendas\/","url_meta":{"origin":98204,"position":4},"title":"Kendi i Fotografis\u00eb. &#8211; Ura e Kasabashit, Monument Kulture realizuar nga mjesht\u00ebr vendas","author":"Kurt Farka","date":"February 27, 2024","format":false,"excerpt":"27 Shkurt 2024 Ura e Kasabashit \u00ebsht\u00eb nj\u00eb vep\u00ebr inxhinierike q\u00eb mban statusin \u201cMonument Kulture\u201d, Kategoria I. Ura gjendet n\u00eb af\u00ebrsi t\u00eb qytetit t\u00eb \u00c7orovod\u00ebs n\u00eb rrethin e Skraparit. Ajo futet n\u00eb tipologjin\u00eb e urave simetrike me tre qemer\u00eb me kurriz dhe me dritare shkarkuese. DRTK Berat kujton se, dikur\u2026","rel":"","context":"In &quot;Blogu i Udh\u00ebtarit&quot;","block_context":{"text":"Blogu i Udh\u00ebtarit","link":"https:\/\/www.shqiperia.com\/blog\/category\/blogu-i-udhetarit\/"},"img":{"alt_text":"","src":"https:\/\/i0.wp.com\/www.shqiperia.com\/blog\/wp-content\/uploads\/2024\/02\/640-0-ura-e-kasabashit1-1709020061-1.jpg?fit=640%2C361&ssl=1&resize=350%2C200","width":350,"height":200,"srcset":"https:\/\/i0.wp.com\/www.shqiperia.com\/blog\/wp-content\/uploads\/2024\/02\/640-0-ura-e-kasabashit1-1709020061-1.jpg?fit=640%2C361&ssl=1&resize=350%2C200 1x, https:\/\/i0.wp.com\/www.shqiperia.com\/blog\/wp-content\/uploads\/2024\/02\/640-0-ura-e-kasabashit1-1709020061-1.jpg?fit=640%2C361&ssl=1&resize=525%2C300 1.5x"},"classes":[]},{"id":65504,"url":"https:\/\/www.shqiperia.com\/blog\/propozim-uren-e-zogut-ta-shpallim-monumentin-e-maskarallekut-kategoria-i\/","url_meta":{"origin":98204,"position":5},"title":"Propozim: &#8211; Ur\u00ebn e Zogut ta shpallim monumentin e maskarall\u00ebkut! Kategoria I","author":"Kurt Farka","date":"December 15, 2022","format":false,"excerpt":"Nga Mentor Kikia \"...do t\u00eb botohet nga Ministria e Kultur\u00ebs nj\u00eb gudit\u00eb \u201cSi e shkat\u00ebrruam Ur\u00ebn e Zogut\u201d. 15 Dhjetor 2022 Propozim: Ur\u00ebn e Zogut ta shpallim monumentin e maskarall\u00ebkut! Kategoria I. Ura e Zogut, si\u00e7 njihet ura monument-kulture mbi Lumin Mat, duket se ka marr\u00eb goditjen fatale. V\u00ebrshimi i\u2026","rel":"","context":"In &quot;Histori&quot;","block_context":{"text":"Histori","link":"https:\/\/www.shqiperia.com\/blog\/category\/histori\/"},"img":{"alt_text":"","src":"https:\/\/i0.wp.com\/www.shqiperia.com\/blog\/wp-content\/uploads\/2022\/12\/319002683_911248433572262_8485602581314121403_n-4.jpg?fit=960%2C535&ssl=1&resize=350%2C200","width":350,"height":200,"srcset":"https:\/\/i0.wp.com\/www.shqiperia.com\/blog\/wp-content\/uploads\/2022\/12\/319002683_911248433572262_8485602581314121403_n-4.jpg?fit=960%2C535&ssl=1&resize=350%2C200 1x, https:\/\/i0.wp.com\/www.shqiperia.com\/blog\/wp-content\/uploads\/2022\/12\/319002683_911248433572262_8485602581314121403_n-4.jpg?fit=960%2C535&ssl=1&resize=525%2C300 1.5x, https:\/\/i0.wp.com\/www.shqiperia.com\/blog\/wp-content\/uploads\/2022\/12\/319002683_911248433572262_8485602581314121403_n-4.jpg?fit=960%2C535&ssl=1&resize=700%2C400 2x"},"classes":[]}],"_links":{"self":[{"href":"https:\/\/www.shqiperia.com\/blog\/wp-json\/wp\/v2\/posts\/98204","targetHints":{"allow":["GET"]}}],"collection":[{"href":"https:\/\/www.shqiperia.com\/blog\/wp-json\/wp\/v2\/posts"}],"about":[{"href":"https:\/\/www.shqiperia.com\/blog\/wp-json\/wp\/v2\/types\/post"}],"author":[{"embeddable":true,"href":"https:\/\/www.shqiperia.com\/blog\/wp-json\/wp\/v2\/users\/9"}],"replies":[{"embeddable":true,"href":"https:\/\/www.shqiperia.com\/blog\/wp-json\/wp\/v2\/comments?post=98204"}],"version-history":[{"count":1,"href":"https:\/\/www.shqiperia.com\/blog\/wp-json\/wp\/v2\/posts\/98204\/revisions"}],"predecessor-version":[{"id":98206,"href":"https:\/\/www.shqiperia.com\/blog\/wp-json\/wp\/v2\/posts\/98204\/revisions\/98206"}],"wp:featuredmedia":[{"embeddable":true,"href":"https:\/\/www.shqiperia.com\/blog\/wp-json\/wp\/v2\/media\/98205"}],"wp:attachment":[{"href":"https:\/\/www.shqiperia.com\/blog\/wp-json\/wp\/v2\/media?parent=98204"}],"wp:term":[{"taxonomy":"category","embeddable":true,"href":"https:\/\/www.shqiperia.com\/blog\/wp-json\/wp\/v2\/categories?post=98204"},{"taxonomy":"post_tag","embeddable":true,"href":"https:\/\/www.shqiperia.com\/blog\/wp-json\/wp\/v2\/tags?post=98204"}],"curies":[{"name":"wp","href":"https:\/\/api.w.org\/{rel}","templated":true}]}}