{"id":98196,"date":"2026-03-08T16:12:23","date_gmt":"2026-03-08T16:12:23","guid":{"rendered":"https:\/\/www.shqiperia.com\/blog\/?p=98196"},"modified":"2026-03-08T21:56:39","modified_gmt":"2026-03-08T21:56:39","slug":"gjirokaster-shembet-banesa-fico-monument-kulture","status":"publish","type":"post","link":"https:\/\/www.shqiperia.com\/blog\/gjirokaster-shembet-banesa-fico-monument-kulture\/","title":{"rendered":"Gjirokaster &#8211; Shembet Banesa Fico monument kulture"},"content":{"rendered":"<div class=\"l-inner-grid\">\n<div class=\"content-full\">\n<article class=\"first-child\">\n<div class=\"slider-content\">\n<div class=\"article_header\">\n<div class=\"author_and_related permbledhja\">\n<p><img data-recalc-dims=\"1\" loading=\"lazy\" decoding=\"async\" data-attachment-id=\"98210\" data-permalink=\"https:\/\/www.shqiperia.com\/blog\/gjirokaster-shembet-banesa-fico-monument-kulture\/shtepia-e-ficove-monument-kulture-gjorokaster-2\/\" data-orig-file=\"https:\/\/i0.wp.com\/www.shqiperia.com\/blog\/wp-content\/uploads\/2026\/03\/Shtepia-e-Ficove-Monument-Kulture-Gjorokaster-1.jpg?fit=800%2C531&amp;ssl=1\" data-orig-size=\"800,531\" data-comments-opened=\"1\" data-image-meta=\"{&quot;aperture&quot;:&quot;0&quot;,&quot;credit&quot;:&quot;&quot;,&quot;camera&quot;:&quot;&quot;,&quot;caption&quot;:&quot;&quot;,&quot;created_timestamp&quot;:&quot;0&quot;,&quot;copyright&quot;:&quot;&quot;,&quot;focal_length&quot;:&quot;0&quot;,&quot;iso&quot;:&quot;0&quot;,&quot;shutter_speed&quot;:&quot;0&quot;,&quot;title&quot;:&quot;&quot;,&quot;orientation&quot;:&quot;0&quot;}\" data-image-title=\"Shtepia e Ficove Monument Kulture Gjorokaster\" data-image-description=\"\" data-image-caption=\"\" data-medium-file=\"https:\/\/i0.wp.com\/www.shqiperia.com\/blog\/wp-content\/uploads\/2026\/03\/Shtepia-e-Ficove-Monument-Kulture-Gjorokaster-1.jpg?fit=300%2C199&amp;ssl=1\" data-large-file=\"https:\/\/i0.wp.com\/www.shqiperia.com\/blog\/wp-content\/uploads\/2026\/03\/Shtepia-e-Ficove-Monument-Kulture-Gjorokaster-1.jpg?fit=800%2C531&amp;ssl=1\" class=\"alignnone wp-image-98210\" alt=\"\" src=\"https:\/\/i0.wp.com\/www.shqiperia.com\/blog\/wp-content\/uploads\/2026\/03\/Shtepia-e-Ficove-Monument-Kulture-Gjorokaster-1.jpg?resize=645%2C428&#038;ssl=1\" width=\"645\" height=\"428\" srcset=\"https:\/\/i0.wp.com\/www.shqiperia.com\/blog\/wp-content\/uploads\/2026\/03\/Shtepia-e-Ficove-Monument-Kulture-Gjorokaster-1.jpg?resize=300%2C199&amp;ssl=1 300w, https:\/\/i0.wp.com\/www.shqiperia.com\/blog\/wp-content\/uploads\/2026\/03\/Shtepia-e-Ficove-Monument-Kulture-Gjorokaster-1.jpg?resize=768%2C510&amp;ssl=1 768w, https:\/\/i0.wp.com\/www.shqiperia.com\/blog\/wp-content\/uploads\/2026\/03\/Shtepia-e-Ficove-Monument-Kulture-Gjorokaster-1.jpg?resize=450%2C299&amp;ssl=1 450w, https:\/\/i0.wp.com\/www.shqiperia.com\/blog\/wp-content\/uploads\/2026\/03\/Shtepia-e-Ficove-Monument-Kulture-Gjorokaster-1.jpg?resize=600%2C398&amp;ssl=1 600w, https:\/\/i0.wp.com\/www.shqiperia.com\/blog\/wp-content\/uploads\/2026\/03\/Shtepia-e-Ficove-Monument-Kulture-Gjorokaster-1.jpg?resize=400%2C266&amp;ssl=1 400w, https:\/\/i0.wp.com\/www.shqiperia.com\/blog\/wp-content\/uploads\/2026\/03\/Shtepia-e-Ficove-Monument-Kulture-Gjorokaster-1.jpg?w=800&amp;ssl=1 800w\" sizes=\"auto, (max-width: 645px) 100vw, 645px\" \/><\/p>\n<p><span>8 Mars 2026<\/span><\/p>\n<p><span>Banesa Fico, q\u00eb ndodhet n\u00eb lagjen Palorto, \u00ebsht\u00eb nj\u00eb prej banesave m\u00eb piktoreske t\u00eb qytetit dhe e vetmja e k\u00ebtij lloji n\u00eb Shqip\u00ebri. Dhjet\u00eb vite m\u00eb par\u00eb, ajo kishte p\u00ebsuar d\u00ebmtime n\u00eb \u00e7ati, nd\u00ebrsa sot \u00ebsht\u00eb shembur pjesa m\u00eb e madhe e konstruktit vertikal. DRTK kishte investuar vet\u00ebm n\u00eb pamjen e jashtme, jo n\u00eb struktur\u00eb.<\/span><\/p>\n<p><span class=\"news_author_name\"><a href=\"https:\/\/report-tv.al\/autori\/31\">Nga Piro Nase\u00a0<\/a><\/span><\/p>\n<p>\u00cbsht\u00eb shembur pjes\u00ebrisht sht\u00ebpia muze e familjes Fico n\u00eb Gjirokast\u00ebr p\u00ebr shkak t\u00eb amortizimit dhe mos nd\u00ebrhyrjen nga shteti edhe pse \u00ebsht\u00eb monument kultur\u00eb i kategoris\u00eb s\u00eb par\u00eb. Nj\u00eb pjes\u00eb e murit an\u00ebsor \u00ebsht\u00eb shembur dhe nuk dihet se kur do nd\u00ebrhyhet p\u00ebr riparimin e saj. Fatmir\u00ebsisht ka shp\u00ebtuar 90-vje\u00e7arja Lule Fico q\u00eb jeton e vetme n\u00eb banes\u00ebn karakteristike, nd\u00ebrtuar 124 vite m\u00eb par\u00eb.<\/p>\n<\/div>\n<\/div>\n<\/div>\n<\/article>\n<\/div>\n<\/div>\n<div class=\"l-inner-grid lajme-single\">\n<div class=\"single_article_body\">\n<div class=\"first-paragraph\">\n<p>Nj\u00eb pjes\u00eb e banes\u00ebs trekat\u00ebshe e familjes Fico n\u00eb lagjen Palorto t\u00eb Gjirokastr\u00ebs u shemb n\u00eb or\u00ebt e para t\u00eb m\u00ebngjesit, pa shkaktuar d\u00ebme ne njer\u00ebz.<\/p>\n<\/div>\n<p>Zonja e sht\u00ebpis\u00eb, Lule Fico e cila jeton e vetme, rr\u00ebfen p\u00ebr Report TV se u zgjua pak minuta para se t\u00eb rr\u00ebzohej muri i dy dhomave t\u00eb gjumit n\u00eb katin e tret\u00eb.<\/p>\n<div class=\"show_last_article\">\n<div>\u201cIsha n\u00eb krevat po flija, ora 7 e gjysm\u00eb. Un\u00eb ngrihem shpejt, por sot mir\u00eb q\u00eb s\u2019u ngrita, se do isha n\u00eb p\u00ebrrua. As nuk e d\u00ebgjova fare. Kur vijn\u00eb komshinjt\u00eb, brenda. \u00c7\u2019\u00ebsht\u00eb kjo \u00ebnd\u00ebrr jam k\u00ebtu thash\u00eb\u201d, rr\u00ebfen ajo.<\/div>\n<\/div>\n<p>Nj\u00eb komshie q\u00eb ndodhej aty pran\u00eb tha se gjith\u00e7ka ndodhi shum\u00eb shpejt, \u201csa hap e mbyll syt\u00eb\u201d.\u201cM\u00eb lajm\u00ebroi djali i hall\u00ebs, erdha k\u00ebtu gjeta policin\u00eb, t\u00eb t\u00ebr\u00eb lagjja kishin ardhur k\u00ebtu. Ka r\u00ebn\u00eb muri n\u00eb dy dhomat. T\u00eb t\u00ebra ndikojn\u00eb, shiu 3 muaj, them un\u00eb. Specialist\u00ebt t\u00eb b\u00ebjn\u00eb pun\u00ebt e tyre\u201d, tha fqinja.<\/p>\n<p>P\u00ebrkoh\u00ebsisht, e moshuara \u00ebsht\u00eb strehuar n\u00eb nj\u00eb hotel pran\u00eb sht\u00ebpis\u00eb deri sa f\u00ebmij\u00ebt e saj ta marrin drejt Tiran\u00ebs.<\/p>\n<p>Dhjet\u00eb vite m\u00eb par\u00eb, banesa kishte p\u00ebsuar d\u00ebme n\u00eb \u00e7ati, nd\u00ebrsa sot muret kryesore dhe pjesa e sip\u00ebrme e nd\u00ebrtes\u00ebs jan\u00eb shembur. Investimet e DRKK ishin fokusuar vet\u00ebm n\u00eb fasade, nd\u00ebrsa muret u lan\u00eb n\u00eb degradim derisa ran\u00eb.\u201cKishte \u00e7arje, kisha th\u00ebn\u00eb un\u00eb. S\u2019ka gj\u00eb thonte inxhinieri i monumenteve t\u00eb kultur\u00ebs. Un\u00eb ika nga ajo dhom\u00eb, flija tek dhoma tjet\u00ebr nga rruga\u201d, tregon e moshuara.<\/p>\n<p>Banesa Fico \u00ebsht\u00eb e klasifikuar si Monument Kulture, Kategoria I. Edhe pse mbrohet nga shteti, p\u00ebr vite me radh\u00eb mbeti pa investime, duke rrezikuar seriozisht struktur\u00ebn e saj. P\u00ebrve\u00e7 r\u00ebnd\u00ebsis\u00eb historike, kjo banese ka qene pik\u00eb referimi p\u00ebr turistet.<\/p>\n<p>E nd\u00ebrtuar n\u00eb vitin 1902, banesa p\u00ebrfaq\u00ebson arkitektur\u00ebn tradicionale gjirokastrite t\u00eb fundshekullit XIX dhe fillim t\u00eb shekullit XX. Nd\u00ebrsa Fico, \u00ebsht\u00eb nj\u00eb nga familjet m\u00eb t\u00eb njohura t\u00eb qytetit, ku p\u00ebrmendim Rauf Fico, diplomat karriere dhe minist\u00ebr i jasht\u00ebm n\u00eb 1929-\u00ebn.<\/p>\n<\/div>\n<\/div>\n","protected":false},"excerpt":{"rendered":"<p>8 Mars 2026 Banesa Fico, q\u00eb ndodhet n\u00eb lagjen Palorto, \u00ebsht\u00eb nj\u00eb prej banesave m\u00eb piktoreske t\u00eb qytetit dhe e vetmja e k\u00ebtij lloji n\u00eb Shqip\u00ebri. Dhjet\u00eb vite m\u00eb par\u00eb, ajo kishte p\u00ebsuar d\u00ebmtime n\u00eb \u00e7ati, nd\u00ebrsa sot \u00ebsht\u00eb shembur pjesa m\u00eb e madhe e konstruktit vertikal. DRTK kishte investuar vet\u00ebm n\u00eb pamjen e jashtme, [&hellip;]<\/p>\n","protected":false},"author":9,"featured_media":98210,"comment_status":"open","ping_status":"open","sticky":false,"template":"","format":"standard","meta":{"jetpack_post_was_ever_published":false,"_jetpack_newsletter_access":"","_jetpack_dont_email_post_to_subs":false,"_jetpack_newsletter_tier_id":0,"_jetpack_memberships_contains_paywalled_content":false,"_jetpack_memberships_contains_paid_content":false,"footnotes":"","jetpack_publicize_message":"","jetpack_publicize_feature_enabled":true,"jetpack_social_post_already_shared":true,"jetpack_social_options":{"image_generator_settings":{"template":"highway","default_image_id":0,"font":"","enabled":false},"version":2}},"categories":[85,10,1,35,86],"tags":[],"class_list":["post-98196","post","type-post","status-publish","format-standard","has-post-thumbnail","hentry","category-histori","category-kultura","category-njoftime-shtypi","category-shoqerore","category-trashegimi-kulturore"],"jetpack_publicize_connections":[],"jetpack_featured_media_url":"https:\/\/i0.wp.com\/www.shqiperia.com\/blog\/wp-content\/uploads\/2026\/03\/Shtepia-e-Ficove-Monument-Kulture-Gjorokaster-1.jpg?fit=800%2C531&ssl=1","jetpack_sharing_enabled":true,"jetpack_shortlink":"https:\/\/wp.me\/p5Z6wp-pxO","jetpack-related-posts":[{"id":10959,"url":"https:\/\/www.shqiperia.com\/blog\/gjirokaster-banesa-e-ficove-monument-kulture-i-rrenuar-pronarja-i-shmang-turistet-nga-rreziku-i-shembjes\/","url_meta":{"origin":98196,"position":0},"title":"Gjirokast\u00ebr\/ Banesa e Ficove, monument kulture i rr\u00ebnuar, pronarja: I shmang turist\u00ebt nga rreziku i shembjes. &#8211;","author":"Kurt Farka","date":"August 24, 2018","format":false,"excerpt":"Gjirokast\u00ebr\/ Banesa e Ficove, monument kulture i rr\u00ebnuar, pronarja: I shmang turist\u00ebt nga rreziku i shembjes. - 70 milion lek\u00eb jan\u00eb investuar p\u00ebr sht\u00ebpin\u00eb e Ficove n\u00eb Gjirokast\u00ebr, por kan\u00eb kaluar vet\u00ebm 4 vite e kjo sht\u00ebpi \u00ebsht\u00eb drejt\u00eb rr\u00ebnimit total. Investimi \u00ebsht\u00eb b\u00ebr\u00eb nga ministria e Kultur\u00ebs, pasi kjo\u2026","rel":"","context":"In &quot;Histori&quot;","block_context":{"text":"Histori","link":"https:\/\/www.shqiperia.com\/blog\/category\/histori\/"},"img":{"alt_text":"","src":"https:\/\/i0.wp.com\/www.shqiperia.com\/blog\/wp-content\/uploads\/2018\/08\/Banesa-e-Ficove-Copy.jpg?fit=592%2C312&ssl=1&resize=350%2C200","width":350,"height":200,"srcset":"https:\/\/i0.wp.com\/www.shqiperia.com\/blog\/wp-content\/uploads\/2018\/08\/Banesa-e-Ficove-Copy.jpg?fit=592%2C312&ssl=1&resize=350%2C200 1x, https:\/\/i0.wp.com\/www.shqiperia.com\/blog\/wp-content\/uploads\/2018\/08\/Banesa-e-Ficove-Copy.jpg?fit=592%2C312&ssl=1&resize=525%2C300 1.5x"},"classes":[]},{"id":98223,"url":"https:\/\/www.shqiperia.com\/blog\/lajm-arkiv-dje-sot-u-restaurua-ne-vitin-2025-shembet-shtepia-e-ficove-gjirokaster-2026\/","url_meta":{"origin":98196,"position":1},"title":"Lajm ARKIV: &#8211; Dje &#8211; Sot.  U restaurua ne vitin 2025 &#8211; Shembet Shtepia e Ficove Gjirokaster 2026.","author":"Kurt Farka","date":"March 8, 2026","format":false,"excerpt":"22 Nentor 2025 N\u00eb banes\u00ebn Fico, nj\u00eb prej objekteve m\u00eb piktoreske t\u00eb Gjirokastr\u00ebs, ka p\u00ebrfunduar faz\u00ebn e nd\u00ebrhyrjeve emergjente t\u00eb restaurimit, duke respektuar plot\u00ebsisht vlerat historike t\u00eb objektit dhe duke ruajtur origjinalitetin e tij, pa cenuar integritetin arkitektonik. Ministri i Turizmit, Kultur\u00ebs dhe Sportit, Blendi Gonxhja, shp\u00ebrndau n\u00eb rrjetet sociale,\u2026","rel":"","context":"In &quot;Blogu i Udh\u00ebtarit&quot;","block_context":{"text":"Blogu i Udh\u00ebtarit","link":"https:\/\/www.shqiperia.com\/blog\/category\/blogu-i-udhetarit\/"},"img":{"alt_text":"","src":"https:\/\/i0.wp.com\/www.shqiperia.com\/blog\/wp-content\/uploads\/2026\/03\/1772286963_vvv.webp?fit=780%2C440&ssl=1&resize=350%2C200","width":350,"height":200,"srcset":"https:\/\/i0.wp.com\/www.shqiperia.com\/blog\/wp-content\/uploads\/2026\/03\/1772286963_vvv.webp?fit=780%2C440&ssl=1&resize=350%2C200 1x, https:\/\/i0.wp.com\/www.shqiperia.com\/blog\/wp-content\/uploads\/2026\/03\/1772286963_vvv.webp?fit=780%2C440&ssl=1&resize=525%2C300 1.5x, https:\/\/i0.wp.com\/www.shqiperia.com\/blog\/wp-content\/uploads\/2026\/03\/1772286963_vvv.webp?fit=780%2C440&ssl=1&resize=700%2C400 2x"},"classes":[]},{"id":28256,"url":"https:\/\/www.shqiperia.com\/blog\/moti-i-keq-shemb-nje-pjese-te-baneses-monument-kulture-ne-gjirokaster\/","url_meta":{"origin":98196,"position":2},"title":"Moti i keq shemb nj\u00eb pjes\u00eb t\u00eb banes\u00ebs monument kulture n\u00eb Gjirokast\u00ebr. &#8211;","author":"Kurt Farka","date":"November 18, 2019","format":false,"excerpt":"Moti i keq shemb nj\u00eb pjes\u00eb t\u00eb banes\u00ebs monument kulture n\u00eb Gjirokast\u00ebr. Drejtori: - \u00cbsht\u00eb nj\u00eb godin\u00eb e kategoris\u00eb s\u00eb par\u00eb, por \u00ebsht\u00eb e braktisur prej vitesh nga pronar\u00ebt e saj. \u00cbsht\u00eb shembur n\u00eb Gjirokast\u00ebr muri an\u00ebsor i nj\u00eb banese tre kat\u00ebshe e cila \u00ebsht\u00eb monument kulture. Shembja e murit\u2026","rel":"","context":"In &quot;Histori&quot;","block_context":{"text":"Histori","link":"https:\/\/www.shqiperia.com\/blog\/category\/histori\/"},"img":{"alt_text":"","src":"https:\/\/i0.wp.com\/www.shqiperia.com\/blog\/wp-content\/uploads\/2019\/11\/Moti-i-keq-shemb-nj%C3%AB-pjes%C3%AB-t%C3%AB-banes%C3%ABs-monument-kulture-n%C3%AB-Gjirokast%C3%ABr.jpg?fit=780%2C440&ssl=1&resize=350%2C200","width":350,"height":200,"srcset":"https:\/\/i0.wp.com\/www.shqiperia.com\/blog\/wp-content\/uploads\/2019\/11\/Moti-i-keq-shemb-nj%C3%AB-pjes%C3%AB-t%C3%AB-banes%C3%ABs-monument-kulture-n%C3%AB-Gjirokast%C3%ABr.jpg?fit=780%2C440&ssl=1&resize=350%2C200 1x, https:\/\/i0.wp.com\/www.shqiperia.com\/blog\/wp-content\/uploads\/2019\/11\/Moti-i-keq-shemb-nj%C3%AB-pjes%C3%AB-t%C3%AB-banes%C3%ABs-monument-kulture-n%C3%AB-Gjirokast%C3%ABr.jpg?fit=780%2C440&ssl=1&resize=525%2C300 1.5x, https:\/\/i0.wp.com\/www.shqiperia.com\/blog\/wp-content\/uploads\/2019\/11\/Moti-i-keq-shemb-nj%C3%AB-pjes%C3%AB-t%C3%AB-banes%C3%ABs-monument-kulture-n%C3%AB-Gjirokast%C3%ABr.jpg?fit=780%2C440&ssl=1&resize=700%2C400 2x"},"classes":[]},{"id":31282,"url":"https:\/\/www.shqiperia.com\/blog\/banesa-kale-monument-kulture-gjirokaster\/","url_meta":{"origin":98196,"position":3},"title":"Banesa &#8220;Kale&#8221;, \u00a0Monument Kulture. Gjirokaster.","author":"Kurt Farka","date":"February 8, 2020","format":false,"excerpt":"Banesa \"Kale\", \u00a0Monument Kulture. Gjirokaster. Shkurt 2020 Ne hyrjen e lagjes Pllak\u00eb ne Gjirokaster. Eshte monument i kategorise se dyte dhe objekti i pare qe has kur viziton Gjirokastren. Banesa mbante nje datim (1884) si dhe nje mbishkrim ne osmanisht e stilizuar me nje motiv floreal e nje pellumb. Sot,\u2026","rel":"","context":"In &quot;Histori&quot;","block_context":{"text":"Histori","link":"https:\/\/www.shqiperia.com\/blog\/category\/histori\/"},"img":{"alt_text":"","src":"https:\/\/i0.wp.com\/www.shqiperia.com\/blog\/wp-content\/uploads\/2020\/02\/Banesa-Kale-Gjirokaster-Copy.jpg?fit=960%2C484&ssl=1&resize=350%2C200","width":350,"height":200,"srcset":"https:\/\/i0.wp.com\/www.shqiperia.com\/blog\/wp-content\/uploads\/2020\/02\/Banesa-Kale-Gjirokaster-Copy.jpg?fit=960%2C484&ssl=1&resize=350%2C200 1x, https:\/\/i0.wp.com\/www.shqiperia.com\/blog\/wp-content\/uploads\/2020\/02\/Banesa-Kale-Gjirokaster-Copy.jpg?fit=960%2C484&ssl=1&resize=525%2C300 1.5x, https:\/\/i0.wp.com\/www.shqiperia.com\/blog\/wp-content\/uploads\/2020\/02\/Banesa-Kale-Gjirokaster-Copy.jpg?fit=960%2C484&ssl=1&resize=700%2C400 2x"},"classes":[]},{"id":95086,"url":"https:\/\/www.shqiperia.com\/blog\/restaurohet-nje-nder-shtepite-me-te-bukura-gjirokastrite\/","url_meta":{"origin":98196,"position":4},"title":"Restaurohet nj\u00eb nd\u00ebr sht\u00ebpit\u00eb m\u00eb t\u00eb bukura gjirokastrite","author":"Kurt Farka","date":"November 22, 2025","format":false,"excerpt":"22 Nentor 2025 N\u00eb banes\u00ebn Fico, nj\u00eb prej objekteve m\u00eb piktoreske t\u00eb Gjirokastr\u00ebs, ka p\u00ebrfunduar faz\u00ebn e nd\u00ebrhyrjeve emergjente t\u00eb restaurimit, duke respektuar plot\u00ebsisht vlerat historike t\u00eb objektit dhe duke ruajtur origjinalitetin e tij, pa cenuar integritetin arkitektonik. Ministri i Turizmit, Kultur\u00ebs dhe Sportit, Blendi Gonxhja, shp\u00ebrndau n\u00eb rrjetet sociale,\u2026","rel":"","context":"In &quot;Blogu i Udh\u00ebtarit&quot;","block_context":{"text":"Blogu i Udh\u00ebtarit","link":"https:\/\/www.shqiperia.com\/blog\/category\/blogu-i-udhetarit\/"},"img":{"alt_text":"","src":"https:\/\/i0.wp.com\/www.shqiperia.com\/blog\/wp-content\/uploads\/2025\/11\/Banesa-e-familjes-Fico-Gjirokaster-2.jpg?fit=640%2C481&ssl=1&resize=350%2C200","width":350,"height":200,"srcset":"https:\/\/i0.wp.com\/www.shqiperia.com\/blog\/wp-content\/uploads\/2025\/11\/Banesa-e-familjes-Fico-Gjirokaster-2.jpg?fit=640%2C481&ssl=1&resize=350%2C200 1x, https:\/\/i0.wp.com\/www.shqiperia.com\/blog\/wp-content\/uploads\/2025\/11\/Banesa-e-familjes-Fico-Gjirokaster-2.jpg?fit=640%2C481&ssl=1&resize=525%2C300 1.5x"},"classes":[]},{"id":2535,"url":"https:\/\/www.shqiperia.com\/blog\/arkitekti-latif-lazimi-kumbaro-te-nderhyje-urgjentisht-ne-gjirokaster-qendra-historike-drejt-degradimit-banesat-po-shemben\/","url_meta":{"origin":98196,"position":5},"title":"Arkitekti Latif Lazimi: Kumbaro t\u00eb nd\u00ebrhyj\u00eb urgjentisht n\u00eb Gjirokast\u00ebr, qendra historike drejt degradimit, banesat po shemben.","author":"Kurt Farka","date":"February 5, 2018","format":false,"excerpt":"Banesa Lolomani n\u00eb lagjen Pazari i Vjet\u00ebr, monument i kategoris\u00eb s\u00eb dyt\u00eb n\u00eb Gjirokast\u00ebr \u00ebsht\u00eb rr\u00ebzuar nga shirat e dit\u00ebve t\u00eb fundit. Sipas specialist\u00ebve t\u00eb trash\u00ebgimis\u00eb n\u00eb janar t\u00eb nj\u00eb viti m\u00eb par\u00eb u rr\u00ebzua dhe banesa Lolomani monument kulture e kategoris\u00eb s\u00eb par\u00eb n\u00eb lagjen Varrosh. T\u00eb dyja k\u00ebto\u2026","rel":"","context":"In &quot;Blogu i Udh\u00ebtarit&quot;","block_context":{"text":"Blogu i Udh\u00ebtarit","link":"https:\/\/www.shqiperia.com\/blog\/category\/blogu-i-udhetarit\/"},"img":{"alt_text":"","src":"https:\/\/i0.wp.com\/www.shqiperia.com\/blog\/wp-content\/uploads\/2018\/02\/Banese-ne-Gjirokaster-2-1-300x250.jpg?resize=350%2C200","width":350,"height":200},"classes":[]}],"_links":{"self":[{"href":"https:\/\/www.shqiperia.com\/blog\/wp-json\/wp\/v2\/posts\/98196","targetHints":{"allow":["GET"]}}],"collection":[{"href":"https:\/\/www.shqiperia.com\/blog\/wp-json\/wp\/v2\/posts"}],"about":[{"href":"https:\/\/www.shqiperia.com\/blog\/wp-json\/wp\/v2\/types\/post"}],"author":[{"embeddable":true,"href":"https:\/\/www.shqiperia.com\/blog\/wp-json\/wp\/v2\/users\/9"}],"replies":[{"embeddable":true,"href":"https:\/\/www.shqiperia.com\/blog\/wp-json\/wp\/v2\/comments?post=98196"}],"version-history":[{"count":7,"href":"https:\/\/www.shqiperia.com\/blog\/wp-json\/wp\/v2\/posts\/98196\/revisions"}],"predecessor-version":[{"id":98217,"href":"https:\/\/www.shqiperia.com\/blog\/wp-json\/wp\/v2\/posts\/98196\/revisions\/98217"}],"wp:featuredmedia":[{"embeddable":true,"href":"https:\/\/www.shqiperia.com\/blog\/wp-json\/wp\/v2\/media\/98210"}],"wp:attachment":[{"href":"https:\/\/www.shqiperia.com\/blog\/wp-json\/wp\/v2\/media?parent=98196"}],"wp:term":[{"taxonomy":"category","embeddable":true,"href":"https:\/\/www.shqiperia.com\/blog\/wp-json\/wp\/v2\/categories?post=98196"},{"taxonomy":"post_tag","embeddable":true,"href":"https:\/\/www.shqiperia.com\/blog\/wp-json\/wp\/v2\/tags?post=98196"}],"curies":[{"name":"wp","href":"https:\/\/api.w.org\/{rel}","templated":true}]}}