{"id":98191,"date":"2026-03-08T16:02:14","date_gmt":"2026-03-08T16:02:14","guid":{"rendered":"https:\/\/www.shqiperia.com\/blog\/?p=98191"},"modified":"2026-03-08T16:02:14","modified_gmt":"2026-03-08T16:02:14","slug":"dy-valle-myzeqare-shpallen-vlere-kombetare-e-trashegimise-hapet-rruga-per-unesco","status":"publish","type":"post","link":"https:\/\/www.shqiperia.com\/blog\/dy-valle-myzeqare-shpallen-vlere-kombetare-e-trashegimise-hapet-rruga-per-unesco\/","title":{"rendered":"Dy valle myzeqare shpallen vler\u00eb Komb\u00ebtare e trash\u00ebgimis\u00eb, hapet rruga p\u00ebr UNESCO"},"content":{"rendered":"<p><img data-recalc-dims=\"1\" loading=\"lazy\" decoding=\"async\" data-attachment-id=\"98193\" data-permalink=\"https:\/\/www.shqiperia.com\/blog\/dy-valle-myzeqare-shpallen-vlere-kombetare-e-trashegimise-hapet-rruga-per-unesco\/valle-myseqare\/\" data-orig-file=\"https:\/\/i0.wp.com\/www.shqiperia.com\/blog\/wp-content\/uploads\/2026\/03\/Valle-Myseqare.jpg?fit=780%2C440&amp;ssl=1\" data-orig-size=\"780,440\" data-comments-opened=\"1\" data-image-meta=\"{&quot;aperture&quot;:&quot;0&quot;,&quot;credit&quot;:&quot;&quot;,&quot;camera&quot;:&quot;&quot;,&quot;caption&quot;:&quot;&quot;,&quot;created_timestamp&quot;:&quot;0&quot;,&quot;copyright&quot;:&quot;&quot;,&quot;focal_length&quot;:&quot;0&quot;,&quot;iso&quot;:&quot;0&quot;,&quot;shutter_speed&quot;:&quot;0&quot;,&quot;title&quot;:&quot;&quot;,&quot;orientation&quot;:&quot;0&quot;}\" data-image-title=\"Valle Myseqare\" data-image-description=\"\" data-image-caption=\"\" data-medium-file=\"https:\/\/i0.wp.com\/www.shqiperia.com\/blog\/wp-content\/uploads\/2026\/03\/Valle-Myseqare.jpg?fit=300%2C169&amp;ssl=1\" data-large-file=\"https:\/\/i0.wp.com\/www.shqiperia.com\/blog\/wp-content\/uploads\/2026\/03\/Valle-Myseqare.jpg?fit=780%2C440&amp;ssl=1\" class=\"alignnone  wp-image-98193\" alt=\"\" src=\"https:\/\/i0.wp.com\/www.shqiperia.com\/blog\/wp-content\/uploads\/2026\/03\/Valle-Myseqare.jpg?resize=589%2C332&#038;ssl=1\" width=\"589\" height=\"332\" srcset=\"https:\/\/i0.wp.com\/www.shqiperia.com\/blog\/wp-content\/uploads\/2026\/03\/Valle-Myseqare.jpg?resize=300%2C169&amp;ssl=1 300w, https:\/\/i0.wp.com\/www.shqiperia.com\/blog\/wp-content\/uploads\/2026\/03\/Valle-Myseqare.jpg?resize=768%2C433&amp;ssl=1 768w, https:\/\/i0.wp.com\/www.shqiperia.com\/blog\/wp-content\/uploads\/2026\/03\/Valle-Myseqare.jpg?resize=450%2C254&amp;ssl=1 450w, https:\/\/i0.wp.com\/www.shqiperia.com\/blog\/wp-content\/uploads\/2026\/03\/Valle-Myseqare.jpg?resize=600%2C338&amp;ssl=1 600w, https:\/\/i0.wp.com\/www.shqiperia.com\/blog\/wp-content\/uploads\/2026\/03\/Valle-Myseqare.jpg?resize=400%2C226&amp;ssl=1 400w, https:\/\/i0.wp.com\/www.shqiperia.com\/blog\/wp-content\/uploads\/2026\/03\/Valle-Myseqare.jpg?w=780&amp;ssl=1 780w\" sizes=\"auto, (max-width: 589px) 100vw, 589px\" \/><\/p>\n<p>8 Mars 2026<\/p>\n<p>Dy valle t\u00eb tradit\u00ebs myzeqare, Vallja e Ngjal\u00ebs dhe Vallja Dyshe Myzeqare, jan\u00eb shpallur vler\u00eb komb\u00ebtare e trash\u00ebgimis\u00eb kulturore jomateriale.<\/p>\n<p>Kjo u arrit pas aplikimit t\u00eb b\u00ebr\u00eb nga Bashkia e Lushnj\u00ebs n\u00eb Ministrin\u00eb e Kultur\u00ebs dhe nj\u00eb pune gjasht\u00ebmujore p\u00ebr p\u00ebrgatitjen e dokumentacionit. Ky vendim i ekspert\u00ebve n\u00eb Ministri i hap rrug\u00ebn edhe aplikimit p\u00ebr n\u00eb UNESCO.<\/p>\n<p>Vallja Dyshe Myzeqare \u00ebsht\u00eb nd\u00ebr m\u00eb t\u00eb nd\u00ebrlikuarat e zon\u00ebs, me mbi 200 elemente l\u00ebvizjeje, nd\u00ebrsa Vallja e Ngjal\u00ebs \u00ebsht\u00eb rituale, shum\u00eb e vjet\u00ebr me formacione karakteristike.<br \/>\nTashm\u00eb synohet ruajtja e tyre dhe p\u00ebrcjellja te brezat e rinj, nd\u00ebrsa k\u00ebto valle interpretohen kryesisht n\u00eb Lushnj\u00eb, Divjak\u00eb dhe Fier.<\/p>\n<div class=\"jeg_ad jeg_ad_article jnews_content_inline_2_ads  \">\n<div class=\"ads-wrapper align-center \">\n<div class=\"ads_code\">\n<div data-type=\"_mgwidget\" data-widget-id=\"1724616\" data-uid=\"11e95\">\n<div id=\"mgw1724616_11e95\">\n<div>\n<div class=\"mgbox\"><\/div>\n<\/div>\n<\/div>\n<\/div>\n<\/div>\n<\/div>\n<\/div>\n","protected":false},"excerpt":{"rendered":"<p>8 Mars 2026 Dy valle t\u00eb tradit\u00ebs myzeqare, Vallja e Ngjal\u00ebs dhe Vallja Dyshe Myzeqare, jan\u00eb shpallur vler\u00eb komb\u00ebtare e trash\u00ebgimis\u00eb kulturore jomateriale. Kjo u arrit pas aplikimit t\u00eb b\u00ebr\u00eb nga Bashkia e Lushnj\u00ebs n\u00eb Ministrin\u00eb e Kultur\u00ebs dhe nj\u00eb pune gjasht\u00ebmujore p\u00ebr p\u00ebrgatitjen e dokumentacionit. Ky vendim i ekspert\u00ebve n\u00eb Ministri i hap rrug\u00ebn [&hellip;]<\/p>\n","protected":false},"author":9,"featured_media":98193,"comment_status":"open","ping_status":"open","sticky":false,"template":"","format":"standard","meta":{"jetpack_post_was_ever_published":false,"_jetpack_newsletter_access":"","_jetpack_dont_email_post_to_subs":false,"_jetpack_newsletter_tier_id":0,"_jetpack_memberships_contains_paywalled_content":false,"_jetpack_memberships_contains_paid_content":false,"footnotes":"","jetpack_publicize_message":"","jetpack_publicize_feature_enabled":true,"jetpack_social_post_already_shared":true,"jetpack_social_options":{"image_generator_settings":{"template":"highway","default_image_id":0,"font":"","enabled":false},"version":2}},"categories":[85,10,35,86],"tags":[],"class_list":["post-98191","post","type-post","status-publish","format-standard","has-post-thumbnail","hentry","category-histori","category-kultura","category-shoqerore","category-trashegimi-kulturore"],"jetpack_publicize_connections":[],"jetpack_featured_media_url":"https:\/\/i0.wp.com\/www.shqiperia.com\/blog\/wp-content\/uploads\/2026\/03\/Valle-Myseqare.jpg?fit=780%2C440&ssl=1","jetpack_sharing_enabled":true,"jetpack_shortlink":"https:\/\/wp.me\/p5Z6wp-pxJ","jetpack-related-posts":[{"id":1754,"url":"https:\/\/www.shqiperia.com\/blog\/kush-jane-kryeveprat-e-trashegimise-kulturore-shpirterore-te-shpallura-zyrtarisht-ne-r-e-shqiperise\/","url_meta":{"origin":98191,"position":0},"title":"Kush jane  Kryeveprat e Trashegimise Kulturore Shpirterore,  te shpallura zyrtarisht ne R. e Shqiperise. &#8211;","author":"Kurt Farka","date":"January 22, 2018","format":false,"excerpt":"Tani m\u00eb ato jan\u00eb t\u00eb tilla ligj\u00ebrisht, ashtu si edhe kalat\u00eb, kishat, xhamit\u00eb, urat, t\u00eb shpallura monumente kulture.\u00a0 Deri m\u00eb tani boshe ligj\u00ebrisht, kjo list\u00eb u mbush me kryeveprat e para, q\u00eb n\u00eb t\u00eb v\u00ebrtet\u00eb jan\u00eb edhe elementet m\u00eb p\u00ebrfaq\u00ebsuese n\u00eb llojin e vet, por edhe m\u00eb t\u00eb ekspozuara ndaj\u2026","rel":"","context":"In &quot;Trashegimi Kulturore&quot;","block_context":{"text":"Trashegimi Kulturore","link":"https:\/\/www.shqiperia.com\/blog\/category\/trashegimi-kulturore\/"},"img":{"alt_text":"","src":"https:\/\/i0.wp.com\/www.shqiperia.com\/blog\/wp-content\/uploads\/2018\/01\/image013.jpg?fit=656%2C248&ssl=1&resize=350%2C200","width":350,"height":200,"srcset":"https:\/\/i0.wp.com\/www.shqiperia.com\/blog\/wp-content\/uploads\/2018\/01\/image013.jpg?fit=656%2C248&ssl=1&resize=350%2C200 1x, https:\/\/i0.wp.com\/www.shqiperia.com\/blog\/wp-content\/uploads\/2018\/01\/image013.jpg?fit=656%2C248&ssl=1&resize=525%2C300 1.5x"},"classes":[]},{"id":35937,"url":"https:\/\/www.shqiperia.com\/blog\/arti-shqiprtar-ne-zi-ndahet-nga-jeta-besim-zekthi-nje-emer-i-madh-i-skenes-dhe-artit-shqiptar\/","url_meta":{"origin":98191,"position":1},"title":"Arti Shqiprtar ne Zi: &#8211; Ndahet nga jeta Besim Zekthi, nj\u00eb em\u00ebr i madh i sken\u00ebs dhe artit shqiptar","author":"Kurt Farka","date":"June 28, 2020","format":false,"excerpt":"Ndahet nga jeta Besim Zekthi, nj\u00eb em\u00ebr i madh i sken\u00ebs dhe artit shqiptar 28, qershor 2020 Shperndaje Ndahet nga jeta n\u00eb mosh\u00ebn 84 vje\u00e7are mjeshtri i valles popullore shqiptare, Besim Zekthi. Njoftimi eshte dhene nga Teatri Komb\u00ebtar i Oper\u00ebs, Baletit dhe Ansamblit Popullor. Artisti humbi betej\u00ebn me nj\u00eb s\u00ebmundje\u2026","rel":"","context":"In &quot;Arte&quot;","block_context":{"text":"Arte","link":"https:\/\/www.shqiperia.com\/blog\/category\/arte\/"},"img":{"alt_text":"","src":"https:\/\/i0.wp.com\/www.shqiperia.com\/blog\/wp-content\/uploads\/2020\/06\/zekthi-fitim-697x430-1.jpg?fit=684%2C356&ssl=1&resize=350%2C200","width":350,"height":200,"srcset":"https:\/\/i0.wp.com\/www.shqiperia.com\/blog\/wp-content\/uploads\/2020\/06\/zekthi-fitim-697x430-1.jpg?fit=684%2C356&ssl=1&resize=350%2C200 1x, https:\/\/i0.wp.com\/www.shqiperia.com\/blog\/wp-content\/uploads\/2020\/06\/zekthi-fitim-697x430-1.jpg?fit=684%2C356&ssl=1&resize=525%2C300 1.5x"},"classes":[]},{"id":84271,"url":"https:\/\/www.shqiperia.com\/blog\/cmimet-e-ansamblit-shota-ne-spanje-fitore-historike-per-kosoven\/","url_meta":{"origin":98191,"position":2},"title":"\u00c7mimet e Ansamblit  \u201cShota\u201d n\u00eb Spanj\u00eb \u2013 fitore historike p\u00ebr Kosov\u00ebn","author":"Kurt Farka","date":"September 10, 2024","format":false,"excerpt":"10 Shtator 2024 Dy cmimet q\u00eb ansambli komb\u00ebtar i k\u00ebng\u00ebve dhe valleve \u201cShota\u201d ka marr\u00eb n\u00eb Festivalin Nd\u00ebrkomb\u00ebtar t\u00eb Folklorit n\u00eb Zamora jan\u00eb konsideruar fitore historike jo vet\u00ebm p\u00ebr institucionin, por edhe p\u00ebr diplomacin\u00eb e vlerat e trash\u00ebgimis\u00eb kulturore t\u00eb Kosov\u00ebs. \u201c\u00cbsht\u00eb \u00e7mim i merituar, \u00ebsht\u00eb hera e par\u00eb q\u00eb\u2026","rel":"","context":"In &quot;Blogu i Udh\u00ebtarit&quot;","block_context":{"text":"Blogu i Udh\u00ebtarit","link":"https:\/\/www.shqiperia.com\/blog\/category\/blogu-i-udhetarit\/"},"img":{"alt_text":"","src":"https:\/\/i0.wp.com\/www.shqiperia.com\/blog\/wp-content\/uploads\/2024\/09\/4e6347d4-dcbb-483e-8591-b5b1a6ae9b1a.jpg?fit=580%2C353&ssl=1&resize=350%2C200","width":350,"height":200,"srcset":"https:\/\/i0.wp.com\/www.shqiperia.com\/blog\/wp-content\/uploads\/2024\/09\/4e6347d4-dcbb-483e-8591-b5b1a6ae9b1a.jpg?fit=580%2C353&ssl=1&resize=350%2C200 1x, https:\/\/i0.wp.com\/www.shqiperia.com\/blog\/wp-content\/uploads\/2024\/09\/4e6347d4-dcbb-483e-8591-b5b1a6ae9b1a.jpg?fit=580%2C353&ssl=1&resize=525%2C300 1.5x"},"classes":[]},{"id":38314,"url":"https:\/\/www.shqiperia.com\/blog\/kcimi-i-tropojes-garon-drejt-unesco-s-per-lahuten-e-eposin-e-kreshnikeve-as-kesaj-here-nuk-ka-asgje-konkrete\/","url_meta":{"origin":98191,"position":3},"title":"\u201cKcimi i Tropoj\u00ebs\u201d garon drejt \u00a0UNESCO-s. P\u00ebr Lahut\u00ebn \u00a0e Eposin e Kreshnik\u00ebve as k\u00ebsaj her\u00eb nuk ka asgj\u00eb konkrete.  \u00a0","author":"Kurt Farka","date":"September 11, 2020","format":false,"excerpt":"\u201cKcimi i Tropoj\u00ebs\u201d garon drejt \u00a0UNESCO-s. P\u00ebr Lahut\u00ebn \u00a0e Eposin e Kreshnik\u00ebve as k\u00ebsaj her\u00eb nuk ka asgj\u00eb konkrete. Muzikologu Vasil Tole rr\u00ebfen arsyet se p\u00ebrse \u00a0nga kat\u00ebr dosje t\u00eb p\u00ebrzgjedhura p\u00ebr t\u00eb qen\u00eb pjes\u00eb e trash\u00ebgimis\u00eb jomat\u00ebriale Bot\u00ebrore, n\u00eb UNESCO, \u00ebsht\u00eb zgjedhur \u201cKcimi i Tropoj\u00ebs\u201d. Valeria Dedaj 10 Shtator,\u2026","rel":"","context":"In &quot;Histori&quot;","block_context":{"text":"Histori","link":"https:\/\/www.shqiperia.com\/blog\/category\/histori\/"},"img":{"alt_text":"","src":"https:\/\/i0.wp.com\/www.shqiperia.com\/blog\/wp-content\/uploads\/2020\/09\/maxresdefault.jpg?fit=1200%2C675&ssl=1&resize=350%2C200","width":350,"height":200,"srcset":"https:\/\/i0.wp.com\/www.shqiperia.com\/blog\/wp-content\/uploads\/2020\/09\/maxresdefault.jpg?fit=1200%2C675&ssl=1&resize=350%2C200 1x, https:\/\/i0.wp.com\/www.shqiperia.com\/blog\/wp-content\/uploads\/2020\/09\/maxresdefault.jpg?fit=1200%2C675&ssl=1&resize=525%2C300 1.5x, https:\/\/i0.wp.com\/www.shqiperia.com\/blog\/wp-content\/uploads\/2020\/09\/maxresdefault.jpg?fit=1200%2C675&ssl=1&resize=700%2C400 2x, https:\/\/i0.wp.com\/www.shqiperia.com\/blog\/wp-content\/uploads\/2020\/09\/maxresdefault.jpg?fit=1200%2C675&ssl=1&resize=1050%2C600 3x"},"classes":[]},{"id":47986,"url":"https:\/\/www.shqiperia.com\/blog\/lajm-arkiv-nga-kater-dukuri-te-rralla-ministria-dorezon-vetem-dy-dosje-kete-vit-ne-unesco-dijeberjen-e-xhubletesdhe-kcimin-e-tropojes\/","url_meta":{"origin":98191,"position":4},"title":"Lajm-Arkiv: &#8211; Nga kat\u00ebr dukuri t\u00eb rralla, Ministria dor\u00ebzon vet\u00ebm dy dosje k\u00ebt\u00eb vit n\u00eb UNESCO, \u201cDijeb\u00ebrjen e xhublet\u00ebs\u201ddhe \u201cKcimin e Tropoj\u00ebs\u201d","author":"Kurt Farka","date":"June 19, 2021","format":false,"excerpt":"Lajm-Arkiv: - Nga kat\u00ebr dukuri t\u00eb rralla, Ministria dor\u00ebzon vet\u00ebm dy dosje k\u00ebt\u00eb vit n\u00eb UNESCO, \u201cDijeb\u00ebrjen e xhublet\u00ebs\u201ddhe \u201cKcimin e Tropoj\u00ebs\u201d 5 Mars 2021 Zv.ministrja e Kultur\u00ebs, Meri Kumbe, flet p\u00ebr dor\u00ebzimin e dosjeve p\u00ebr dukurit e rralla shqiptare n\u00eb UNESCO. Ndon\u00ebse, po punohej p\u00ebr kat\u00ebr dukuri, Kumbe thekson\u2026","rel":"","context":"In &quot;Histori&quot;","block_context":{"text":"Histori","link":"https:\/\/www.shqiperia.com\/blog\/category\/histori\/"},"img":{"alt_text":"","src":"https:\/\/i0.wp.com\/www.shqiperia.com\/blog\/wp-content\/uploads\/2021\/06\/604259e8b9388pjimage17.jpg?fit=600%2C400&ssl=1&resize=350%2C200","width":350,"height":200,"srcset":"https:\/\/i0.wp.com\/www.shqiperia.com\/blog\/wp-content\/uploads\/2021\/06\/604259e8b9388pjimage17.jpg?fit=600%2C400&ssl=1&resize=350%2C200 1x, https:\/\/i0.wp.com\/www.shqiperia.com\/blog\/wp-content\/uploads\/2021\/06\/604259e8b9388pjimage17.jpg?fit=600%2C400&ssl=1&resize=525%2C300 1.5x"},"classes":[]},{"id":7283,"url":"https:\/\/www.shqiperia.com\/blog\/eno-koco-nxjerr-nga-harresa-vepren-e-gjon-kujxhise\/","url_meta":{"origin":98191,"position":5},"title":"Eno Ko\u00e7o nxjerr nga harresa vepr\u00ebn e Gjon Kujxhis\u00eb. &#8211;","author":"Kurt Farka","date":"May 12, 2018","format":false,"excerpt":"Eno Ko\u00e7o nxjerr nga harresa vepr\u00ebn e Gjon Kujxhis\u00eb Nga Dhurat Hamzai. - Libri me vlera studimore \u201cValle Komb\u00ebtare dhe Hengu Shkodran\u201d promovohet sot n\u00eb Akademin\u00eb e Shkencave. Gjon Kol\u00eb Kujxhia nj\u00eb em\u00ebr i l\u00ebn\u00eb n\u00eb harres\u00eb, rrojti pak, por p\u00ebr 23 vitet e jet\u00ebs q\u00eb pati la pas veprat\u2026","rel":"","context":"In &quot;Arte&quot;","block_context":{"text":"Arte","link":"https:\/\/www.shqiperia.com\/blog\/category\/arte\/"},"img":{"alt_text":"","src":"https:\/\/i0.wp.com\/www.shqiperia.com\/blog\/wp-content\/uploads\/2018\/05\/Ahengu-shkodranran.jpg?fit=780%2C440&ssl=1&resize=350%2C200","width":350,"height":200,"srcset":"https:\/\/i0.wp.com\/www.shqiperia.com\/blog\/wp-content\/uploads\/2018\/05\/Ahengu-shkodranran.jpg?fit=780%2C440&ssl=1&resize=350%2C200 1x, https:\/\/i0.wp.com\/www.shqiperia.com\/blog\/wp-content\/uploads\/2018\/05\/Ahengu-shkodranran.jpg?fit=780%2C440&ssl=1&resize=525%2C300 1.5x, https:\/\/i0.wp.com\/www.shqiperia.com\/blog\/wp-content\/uploads\/2018\/05\/Ahengu-shkodranran.jpg?fit=780%2C440&ssl=1&resize=700%2C400 2x"},"classes":[]}],"_links":{"self":[{"href":"https:\/\/www.shqiperia.com\/blog\/wp-json\/wp\/v2\/posts\/98191","targetHints":{"allow":["GET"]}}],"collection":[{"href":"https:\/\/www.shqiperia.com\/blog\/wp-json\/wp\/v2\/posts"}],"about":[{"href":"https:\/\/www.shqiperia.com\/blog\/wp-json\/wp\/v2\/types\/post"}],"author":[{"embeddable":true,"href":"https:\/\/www.shqiperia.com\/blog\/wp-json\/wp\/v2\/users\/9"}],"replies":[{"embeddable":true,"href":"https:\/\/www.shqiperia.com\/blog\/wp-json\/wp\/v2\/comments?post=98191"}],"version-history":[{"count":1,"href":"https:\/\/www.shqiperia.com\/blog\/wp-json\/wp\/v2\/posts\/98191\/revisions"}],"predecessor-version":[{"id":98194,"href":"https:\/\/www.shqiperia.com\/blog\/wp-json\/wp\/v2\/posts\/98191\/revisions\/98194"}],"wp:featuredmedia":[{"embeddable":true,"href":"https:\/\/www.shqiperia.com\/blog\/wp-json\/wp\/v2\/media\/98193"}],"wp:attachment":[{"href":"https:\/\/www.shqiperia.com\/blog\/wp-json\/wp\/v2\/media?parent=98191"}],"wp:term":[{"taxonomy":"category","embeddable":true,"href":"https:\/\/www.shqiperia.com\/blog\/wp-json\/wp\/v2\/categories?post=98191"},{"taxonomy":"post_tag","embeddable":true,"href":"https:\/\/www.shqiperia.com\/blog\/wp-json\/wp\/v2\/tags?post=98191"}],"curies":[{"name":"wp","href":"https:\/\/api.w.org\/{rel}","templated":true}]}}