{"id":98188,"date":"2026-03-06T02:19:08","date_gmt":"2026-03-06T02:19:08","guid":{"rendered":"https:\/\/www.shqiperia.com\/blog\/?p=98188"},"modified":"2026-03-06T02:19:08","modified_gmt":"2026-03-06T02:19:08","slug":"deshton-zgjedhja-e-presidentit-te-ri-ne-kosove","status":"publish","type":"post","link":"https:\/\/www.shqiperia.com\/blog\/deshton-zgjedhja-e-presidentit-te-ri-ne-kosove\/","title":{"rendered":"D\u00ebshton zgjedhja e presidentit t\u00eb ri n\u00eb Kosov\u00eb"},"content":{"rendered":"<div id=\"attachment_98189\" style=\"width: 543px\" class=\"wp-caption alignnone\"><img data-recalc-dims=\"1\" loading=\"lazy\" decoding=\"async\" aria-describedby=\"caption-attachment-98189\" data-attachment-id=\"98189\" data-permalink=\"https:\/\/www.shqiperia.com\/blog\/deshton-zgjedhja-e-presidentit-te-ri-ne-kosove\/flamuri-i-kosoves\/\" data-orig-file=\"https:\/\/i0.wp.com\/www.shqiperia.com\/blog\/wp-content\/uploads\/2026\/03\/flamuri-i-kosoves.jpg?fit=852%2C480&amp;ssl=1\" data-orig-size=\"852,480\" data-comments-opened=\"1\" data-image-meta=\"{&quot;aperture&quot;:&quot;0&quot;,&quot;credit&quot;:&quot;&quot;,&quot;camera&quot;:&quot;&quot;,&quot;caption&quot;:&quot;&quot;,&quot;created_timestamp&quot;:&quot;0&quot;,&quot;copyright&quot;:&quot;&quot;,&quot;focal_length&quot;:&quot;0&quot;,&quot;iso&quot;:&quot;0&quot;,&quot;shutter_speed&quot;:&quot;0&quot;,&quot;title&quot;:&quot;&quot;,&quot;orientation&quot;:&quot;0&quot;}\" data-image-title=\"flamuri i kosoves\" data-image-description=\"\" data-image-caption=\"&lt;p&gt;flamuri i kosoves&lt;\/p&gt;\n\" data-medium-file=\"https:\/\/i0.wp.com\/www.shqiperia.com\/blog\/wp-content\/uploads\/2026\/03\/flamuri-i-kosoves.jpg?fit=300%2C169&amp;ssl=1\" data-large-file=\"https:\/\/i0.wp.com\/www.shqiperia.com\/blog\/wp-content\/uploads\/2026\/03\/flamuri-i-kosoves.jpg?fit=852%2C480&amp;ssl=1\" class=\" wp-image-98189\" alt=\"\" src=\"https:\/\/i0.wp.com\/www.shqiperia.com\/blog\/wp-content\/uploads\/2026\/03\/flamuri-i-kosoves.jpg?resize=533%2C300&#038;ssl=1\" width=\"533\" height=\"300\" srcset=\"https:\/\/i0.wp.com\/www.shqiperia.com\/blog\/wp-content\/uploads\/2026\/03\/flamuri-i-kosoves.jpg?resize=300%2C169&amp;ssl=1 300w, https:\/\/i0.wp.com\/www.shqiperia.com\/blog\/wp-content\/uploads\/2026\/03\/flamuri-i-kosoves.jpg?resize=768%2C433&amp;ssl=1 768w, https:\/\/i0.wp.com\/www.shqiperia.com\/blog\/wp-content\/uploads\/2026\/03\/flamuri-i-kosoves.jpg?resize=450%2C254&amp;ssl=1 450w, https:\/\/i0.wp.com\/www.shqiperia.com\/blog\/wp-content\/uploads\/2026\/03\/flamuri-i-kosoves.jpg?resize=600%2C338&amp;ssl=1 600w, https:\/\/i0.wp.com\/www.shqiperia.com\/blog\/wp-content\/uploads\/2026\/03\/flamuri-i-kosoves.jpg?resize=400%2C225&amp;ssl=1 400w, https:\/\/i0.wp.com\/www.shqiperia.com\/blog\/wp-content\/uploads\/2026\/03\/flamuri-i-kosoves.jpg?w=852&amp;ssl=1 852w\" sizes=\"auto, (max-width: 533px) 100vw, 533px\" \/><p id=\"caption-attachment-98189\" class=\"wp-caption-text\">flamuri i kosoves<\/p><\/div>\n<p>6 Mars 2026<\/p>\n<p>Ka d\u00ebshtuar p\u00ebr t\u00eb dyt\u00ebn her\u00eb seanca plenare n\u00eb Kuvendin e Kosov\u00ebs, ku do t\u00eb votohej p\u00ebr amendamentet e Vjosa Osmanit, me q\u00ebllim q\u00eb Presidenti i Republik\u00ebs t\u00eb zgjidhej drejtp\u00ebrdrejt\u00eb nga populli.<\/p>\n<p>Shkak edhe k\u00ebt\u00eb her\u00eb \u00ebsht\u00eb b\u00ebr\u00eb mungesa e kuorumit, pasi n\u00eb sall\u00eb ndodheshin vet\u00ebm 66 deputet\u00eb, nga 80 q\u00eb duhet t\u00eb ishin sipas ligjit.<\/p>\n","protected":false},"excerpt":{"rendered":"<p>6 Mars 2026 Ka d\u00ebshtuar p\u00ebr t\u00eb dyt\u00ebn her\u00eb seanca plenare n\u00eb Kuvendin e Kosov\u00ebs, ku do t\u00eb votohej p\u00ebr amendamentet e Vjosa Osmanit, me q\u00ebllim q\u00eb Presidenti i Republik\u00ebs t\u00eb zgjidhej drejtp\u00ebrdrejt\u00eb nga populli. Shkak edhe k\u00ebt\u00eb her\u00eb \u00ebsht\u00eb b\u00ebr\u00eb mungesa e kuorumit, pasi n\u00eb sall\u00eb ndodheshin vet\u00ebm 66 deputet\u00eb, nga 80 q\u00eb duhet [&hellip;]<\/p>\n","protected":false},"author":9,"featured_media":98189,"comment_status":"open","ping_status":"open","sticky":false,"template":"","format":"standard","meta":{"jetpack_post_was_ever_published":false,"_jetpack_newsletter_access":"","_jetpack_dont_email_post_to_subs":false,"_jetpack_newsletter_tier_id":0,"_jetpack_memberships_contains_paywalled_content":false,"_jetpack_memberships_contains_paid_content":false,"footnotes":"","jetpack_publicize_message":"","jetpack_publicize_feature_enabled":true,"jetpack_social_post_already_shared":true,"jetpack_social_options":{"image_generator_settings":{"template":"highway","default_image_id":0,"font":"","enabled":false},"version":2}},"categories":[1],"tags":[],"class_list":["post-98188","post","type-post","status-publish","format-standard","has-post-thumbnail","hentry","category-njoftime-shtypi"],"jetpack_publicize_connections":[],"jetpack_featured_media_url":"https:\/\/i0.wp.com\/www.shqiperia.com\/blog\/wp-content\/uploads\/2026\/03\/flamuri-i-kosoves.jpg?fit=852%2C480&ssl=1","jetpack_sharing_enabled":true,"jetpack_shortlink":"https:\/\/wp.me\/p5Z6wp-pxG","jetpack-related-posts":[{"id":70978,"url":"https:\/\/www.shqiperia.com\/blog\/zgjedhjet-ne-veri-te-kosoves-be-te-zhgenjyer-nga-bojkoti-i-partive-serbe\/","url_meta":{"origin":98188,"position":0},"title":"Zgjedhjet n\u00eb veri t\u00eb Kosov\u00ebs. &#8211; BE: &#8211; T\u00eb zhg\u00ebnjyer nga bojkoti i partive serbe","author":"Kurt Farka","date":"April 22, 2023","format":false,"excerpt":"22 Prill 2023 Bashkimi Evropian ka b\u00ebr\u00eb thirrje q\u00eb zgjedhjet e jasht\u00ebzakonshme lokale n\u00eb veri t\u00eb Kosov\u00ebs t\u00eb kalojn\u00eb n\u00eb m\u00ebnyr\u00eb paq\u00ebsore dhe t\u00eb gjitha pal\u00ebt t\u00eb p\u00ebrmbahen. M\u00eb 23 prill, qytetar\u00ebt me t\u00eb drejt\u00eb vote n\u00eb kat\u00ebr komunat n\u00eb veri t\u00eb Kosov\u00ebs, t\u00eb banuara me shumic\u00eb serbe \u2013 Mitrovic\u00eb\u2026","rel":"","context":"In &quot;Blogu i Udh\u00ebtarit&quot;","block_context":{"text":"Blogu i Udh\u00ebtarit","link":"https:\/\/www.shqiperia.com\/blog\/category\/blogu-i-udhetarit\/"},"img":{"alt_text":"","src":"https:\/\/i0.wp.com\/www.shqiperia.com\/blog\/wp-content\/uploads\/2023\/04\/800-0-b0893112e796bd27320998e40bc8954e.jpg?fit=800%2C450&ssl=1&resize=350%2C200","width":350,"height":200,"srcset":"https:\/\/i0.wp.com\/www.shqiperia.com\/blog\/wp-content\/uploads\/2023\/04\/800-0-b0893112e796bd27320998e40bc8954e.jpg?fit=800%2C450&ssl=1&resize=350%2C200 1x, https:\/\/i0.wp.com\/www.shqiperia.com\/blog\/wp-content\/uploads\/2023\/04\/800-0-b0893112e796bd27320998e40bc8954e.jpg?fit=800%2C450&ssl=1&resize=525%2C300 1.5x, https:\/\/i0.wp.com\/www.shqiperia.com\/blog\/wp-content\/uploads\/2023\/04\/800-0-b0893112e796bd27320998e40bc8954e.jpg?fit=800%2C450&ssl=1&resize=700%2C400 2x"},"classes":[]},{"id":60352,"url":"https:\/\/www.shqiperia.com\/blog\/cfare-po-ndodh-ne-kosove-serbet-bllokojne-rruget-ne-veri-te-kosoves\/","url_meta":{"origin":98188,"position":1},"title":"\u00c7far\u00eb po ndodh n\u00eb Kosov\u00eb? &#8211; Serb\u00ebt bllokojn\u00eb rrug\u00ebt n\u00eb veri t\u00eb Kosov\u00ebs","author":"Kurt Farka","date":"July 31, 2022","format":false,"excerpt":"\u00a031 Korrik 2022 Serb\u00ebt lokal\u00eb n\u00eb veri t\u00eb Kosov\u00ebs kan\u00eb bllokuar me kamion\u00eb rrug\u00ebn magjistrale n\u00eb af\u00ebrsi t\u00eb pik\u00ebkalimit kufitar t\u00eb Jarinj\u00ebs, q\u00eb gjendet n\u00eb Komun\u00ebn e Leposaviqit. Besim Hoti nga Policia e Kosov\u00ebs ka konfirmuar p\u00ebr Radion Evropa e Lir\u00eb se \u00ebsht\u00eb vendosur nj\u00eb bllokad\u00eb edhe n\u00eb Rudar\u00eb t\u00eb\u2026","rel":"","context":"In &quot;Blogu i Udh\u00ebtarit&quot;","block_context":{"text":"Blogu i Udh\u00ebtarit","link":"https:\/\/www.shqiperia.com\/blog\/category\/blogu-i-udhetarit\/"},"img":{"alt_text":"","src":"https:\/\/i0.wp.com\/www.shqiperia.com\/blog\/wp-content\/uploads\/2022\/07\/Serbet-bllokojne-rruget-ne-veri-te-Kosoves.jpg?fit=640%2C360&ssl=1&resize=350%2C200","width":350,"height":200,"srcset":"https:\/\/i0.wp.com\/www.shqiperia.com\/blog\/wp-content\/uploads\/2022\/07\/Serbet-bllokojne-rruget-ne-veri-te-Kosoves.jpg?fit=640%2C360&ssl=1&resize=350%2C200 1x, https:\/\/i0.wp.com\/www.shqiperia.com\/blog\/wp-content\/uploads\/2022\/07\/Serbet-bllokojne-rruget-ne-veri-te-Kosoves.jpg?fit=640%2C360&ssl=1&resize=525%2C300 1.5x"},"classes":[]},{"id":28690,"url":"https:\/\/www.shqiperia.com\/blog\/fsk-ushtria-e-kosoves-eshte-nisur-drejt-zonave-te-demtuara-nga-termeti\/","url_meta":{"origin":98188,"position":2},"title":"FSK (Ushtria e Kosoves) \u00ebsht\u00eb nisur drejt zonave t\u00eb d\u00ebmtuara nga t\u00ebrmeti","author":"Kurt Farka","date":"November 26, 2019","format":false,"excerpt":"FSK (Ushtria e Kosoves) \u00ebsht\u00eb nisur drejt zonave t\u00eb d\u00ebmtuara nga t\u00ebrmeti 2019-11-26 Presidenti i Kosov\u00ebs, Hashim Tha\u00e7i ka b\u00ebr\u00eb t\u00eb ditur se ka zhvilluar nj\u00eb bised\u00eb telefonike me kryeministrin Edi Rama, pas t\u00ebrmetit t\u00eb fuqish\u00ebm q\u00eb goditi Shqip\u00ebrin\u00eb. Tha\u00e7i p\u00ebrmes nj\u00eb postimi n\u00eb Facebook, ka b\u00ebr\u00eb t\u00eb ditur se\u2026","rel":"","context":"In &quot;Blogu i Udh\u00ebtarit&quot;","block_context":{"text":"Blogu i Udh\u00ebtarit","link":"https:\/\/www.shqiperia.com\/blog\/category\/blogu-i-udhetarit\/"},"img":{"alt_text":"","src":"https:\/\/i0.wp.com\/www.shqiperia.com\/blog\/wp-content\/uploads\/2019\/11\/fsk_shqiperi-1200x630.jpg?fit=1200%2C630&ssl=1&resize=350%2C200","width":350,"height":200,"srcset":"https:\/\/i0.wp.com\/www.shqiperia.com\/blog\/wp-content\/uploads\/2019\/11\/fsk_shqiperi-1200x630.jpg?fit=1200%2C630&ssl=1&resize=350%2C200 1x, https:\/\/i0.wp.com\/www.shqiperia.com\/blog\/wp-content\/uploads\/2019\/11\/fsk_shqiperi-1200x630.jpg?fit=1200%2C630&ssl=1&resize=525%2C300 1.5x, https:\/\/i0.wp.com\/www.shqiperia.com\/blog\/wp-content\/uploads\/2019\/11\/fsk_shqiperi-1200x630.jpg?fit=1200%2C630&ssl=1&resize=700%2C400 2x, https:\/\/i0.wp.com\/www.shqiperia.com\/blog\/wp-content\/uploads\/2019\/11\/fsk_shqiperi-1200x630.jpg?fit=1200%2C630&ssl=1&resize=1050%2C600 3x"},"classes":[]},{"id":56764,"url":"https:\/\/www.shqiperia.com\/blog\/tensionet-ne-veri-te-kosoves-reagon-me-urgjence-kfor\/","url_meta":{"origin":98188,"position":3},"title":"Tensionet n\u00eb veri t\u00eb Kosov\u00ebs, reagon me urgjenc\u00eb KFOR","author":"Kurt Farka","date":"April 15, 2022","format":false,"excerpt":"Tensionet n\u00eb veri t\u00eb Kosov\u00ebs, reagon me urgjenc\u00eb KFOR 15 PRILL 2022 Zyrtari p\u00ebr media i KFOR-it ka d\u00ebnuar sulmet e fundit kund\u00ebr pjes\u00ebtar\u00ebve t\u00eb Policis\u00eb s\u00eb Kosov\u00ebs. Reagimi i KFOR-it vjen pasi q\u00eb autoritetet e Kosov\u00ebs, t\u00eb premten, m\u00eb 15 prill, kan\u00eb b\u00ebr\u00eb t\u00eb ditur se \u00ebsht\u00eb sulmuar Policia\u2026","rel":"","context":"In &quot;Blogu i Udh\u00ebtarit&quot;","block_context":{"text":"Blogu i Udh\u00ebtarit","link":"https:\/\/www.shqiperia.com\/blog\/category\/blogu-i-udhetarit\/"},"img":{"alt_text":"","src":"https:\/\/i0.wp.com\/www.shqiperia.com\/blog\/wp-content\/uploads\/2022\/04\/KFORI.png?fit=800%2C455&ssl=1&resize=350%2C200","width":350,"height":200,"srcset":"https:\/\/i0.wp.com\/www.shqiperia.com\/blog\/wp-content\/uploads\/2022\/04\/KFORI.png?fit=800%2C455&ssl=1&resize=350%2C200 1x, https:\/\/i0.wp.com\/www.shqiperia.com\/blog\/wp-content\/uploads\/2022\/04\/KFORI.png?fit=800%2C455&ssl=1&resize=525%2C300 1.5x, https:\/\/i0.wp.com\/www.shqiperia.com\/blog\/wp-content\/uploads\/2022\/04\/KFORI.png?fit=800%2C455&ssl=1&resize=700%2C400 2x"},"classes":[]},{"id":83997,"url":"https:\/\/www.shqiperia.com\/blog\/te-premten-nis-bllokada-serbet-e-veriut-hapni-institucionet-e-bllokuara-do-te-na-ndihmojne-nga-beogradi-mali-i-zi-dhe\/","url_meta":{"origin":98188,"position":4},"title":"\u201cT\u00eb premten nis bllokada!\u201d\/ Serb\u00ebt e Veriut: Hapni institucionet e bllokuara! Do t\u00eb na ndihmojn\u00eb nga Beogradi, Mali i Zi dhe\u2026","author":"Kurt Farka","date":"September 3, 2024","format":false,"excerpt":"3 Shtator 2024 I ashtuquajturi kryetar i Asociacionit t\u00eb qytetar\u00ebve t\u00eb Qarkut t\u00eb Mitrovic\u00ebs, Rasha Rojeviq, ka njoftuar se t\u00eb premten, m\u00eb 6 shtator, do t\u00eb filloj\u00eb bllokada e t\u00eb gjitha vendkalimeve kufitare n\u00eb Kosov\u00eb. Rojeviq paralajm\u00ebroi se bllokada do t\u00eb vazhdoj\u00eb derisa forcat policore t\u00eb Kosov\u00ebs t\u00eb t\u00ebrhiqen nga\u2026","rel":"","context":"In &quot;Blogu i Udh\u00ebtarit&quot;","block_context":{"text":"Blogu i Udh\u00ebtarit","link":"https:\/\/www.shqiperia.com\/blog\/category\/blogu-i-udhetarit\/"},"img":{"alt_text":"","src":"https:\/\/i0.wp.com\/www.shqiperia.com\/blog\/wp-content\/uploads\/2024\/09\/veri.jpg?fit=600%2C360&ssl=1&resize=350%2C200","width":350,"height":200,"srcset":"https:\/\/i0.wp.com\/www.shqiperia.com\/blog\/wp-content\/uploads\/2024\/09\/veri.jpg?fit=600%2C360&ssl=1&resize=350%2C200 1x, https:\/\/i0.wp.com\/www.shqiperia.com\/blog\/wp-content\/uploads\/2024\/09\/veri.jpg?fit=600%2C360&ssl=1&resize=525%2C300 1.5x"},"classes":[]},{"id":65929,"url":"https:\/\/www.shqiperia.com\/blog\/papunesi-e-krize-financiare-mijera-shqiptare-te-kosoves-iken-dhe-hoqen-dore-nga-vendi-i-tyre\/","url_meta":{"origin":98188,"position":5},"title":"Papun\u00ebsi e kriz\u00eb financiare, mij\u00ebra shqiptar\u00eb te Kosoves ik\u00ebn dhe hoq\u00ebn dor\u00eb nga vendi i tyre","author":"Kurt Farka","date":"January 3, 2023","format":false,"excerpt":"3 Janar 2023 Nga Prishtina, Fatos Shala Problemet financiare, mungesa e vendeve t\u00eb pun\u00ebs e ekonomia e ul\u00ebt e vendit shpesh her\u00eb kan\u00eb qen\u00eb arsyet ky\u00e7e q\u00eb qytetar\u00ebt e Kosov\u00ebs t\u00eb largohen nga vendi. \u00a0Largimi i tyre jo q\u00eb nuk pati r\u00ebnie nd\u00ebr vite, por p\u00ebrkundrazi t\u00eb nj\u00ebjtit gjet\u00ebn forma\u2026","rel":"","context":"In &quot;Blogu i Udh\u00ebtarit&quot;","block_context":{"text":"Blogu i Udh\u00ebtarit","link":"https:\/\/www.shqiperia.com\/blog\/category\/blogu-i-udhetarit\/"},"img":{"alt_text":"","src":"https:\/\/i0.wp.com\/www.shqiperia.com\/blog\/wp-content\/uploads\/2023\/01\/kosova-ikje.jpg?fit=780%2C439&ssl=1&resize=350%2C200","width":350,"height":200,"srcset":"https:\/\/i0.wp.com\/www.shqiperia.com\/blog\/wp-content\/uploads\/2023\/01\/kosova-ikje.jpg?fit=780%2C439&ssl=1&resize=350%2C200 1x, https:\/\/i0.wp.com\/www.shqiperia.com\/blog\/wp-content\/uploads\/2023\/01\/kosova-ikje.jpg?fit=780%2C439&ssl=1&resize=525%2C300 1.5x, https:\/\/i0.wp.com\/www.shqiperia.com\/blog\/wp-content\/uploads\/2023\/01\/kosova-ikje.jpg?fit=780%2C439&ssl=1&resize=700%2C400 2x"},"classes":[]}],"_links":{"self":[{"href":"https:\/\/www.shqiperia.com\/blog\/wp-json\/wp\/v2\/posts\/98188","targetHints":{"allow":["GET"]}}],"collection":[{"href":"https:\/\/www.shqiperia.com\/blog\/wp-json\/wp\/v2\/posts"}],"about":[{"href":"https:\/\/www.shqiperia.com\/blog\/wp-json\/wp\/v2\/types\/post"}],"author":[{"embeddable":true,"href":"https:\/\/www.shqiperia.com\/blog\/wp-json\/wp\/v2\/users\/9"}],"replies":[{"embeddable":true,"href":"https:\/\/www.shqiperia.com\/blog\/wp-json\/wp\/v2\/comments?post=98188"}],"version-history":[{"count":1,"href":"https:\/\/www.shqiperia.com\/blog\/wp-json\/wp\/v2\/posts\/98188\/revisions"}],"predecessor-version":[{"id":98190,"href":"https:\/\/www.shqiperia.com\/blog\/wp-json\/wp\/v2\/posts\/98188\/revisions\/98190"}],"wp:featuredmedia":[{"embeddable":true,"href":"https:\/\/www.shqiperia.com\/blog\/wp-json\/wp\/v2\/media\/98189"}],"wp:attachment":[{"href":"https:\/\/www.shqiperia.com\/blog\/wp-json\/wp\/v2\/media?parent=98188"}],"wp:term":[{"taxonomy":"category","embeddable":true,"href":"https:\/\/www.shqiperia.com\/blog\/wp-json\/wp\/v2\/categories?post=98188"},{"taxonomy":"post_tag","embeddable":true,"href":"https:\/\/www.shqiperia.com\/blog\/wp-json\/wp\/v2\/tags?post=98188"}],"curies":[{"name":"wp","href":"https:\/\/api.w.org\/{rel}","templated":true}]}}