{"id":98184,"date":"2026-03-06T02:14:31","date_gmt":"2026-03-06T02:14:31","guid":{"rendered":"https:\/\/www.shqiperia.com\/blog\/?p=98184"},"modified":"2026-03-06T02:14:31","modified_gmt":"2026-03-06T02:14:31","slug":"kikia-analizon-prapaskenat-e-shkarkimit-te-ballukut-brenda-ps-ka-thyerje-pritet-te","status":"publish","type":"post","link":"https:\/\/www.shqiperia.com\/blog\/kikia-analizon-prapaskenat-e-shkarkimit-te-ballukut-brenda-ps-ka-thyerje-pritet-te\/","title":{"rendered":"Kikia analizon prapaskenat e shkarkimit t\u00eb Ballukut: &#8211; Brenda PS ka thyerje, pritet t\u00eb\u2026"},"content":{"rendered":"<div id=\"attachment_98186\" style=\"width: 656px\" class=\"wp-caption alignnone\"><img data-recalc-dims=\"1\" loading=\"lazy\" decoding=\"async\" aria-describedby=\"caption-attachment-98186\" data-attachment-id=\"98186\" data-permalink=\"https:\/\/www.shqiperia.com\/blog\/kikia-analizon-prapaskenat-e-shkarkimit-te-ballukut-brenda-ps-ka-thyerje-pritet-te\/belinda-balluku1\/\" data-orig-file=\"https:\/\/i0.wp.com\/www.shqiperia.com\/blog\/wp-content\/uploads\/2026\/03\/Belinda-Balluku1.jpg?fit=800%2C451&amp;ssl=1\" data-orig-size=\"800,451\" data-comments-opened=\"1\" data-image-meta=\"{&quot;aperture&quot;:&quot;0&quot;,&quot;credit&quot;:&quot;&quot;,&quot;camera&quot;:&quot;&quot;,&quot;caption&quot;:&quot;&quot;,&quot;created_timestamp&quot;:&quot;0&quot;,&quot;copyright&quot;:&quot;&quot;,&quot;focal_length&quot;:&quot;0&quot;,&quot;iso&quot;:&quot;0&quot;,&quot;shutter_speed&quot;:&quot;0&quot;,&quot;title&quot;:&quot;&quot;,&quot;orientation&quot;:&quot;0&quot;}\" data-image-title=\"Belinda Balluku\" data-image-description=\"\" data-image-caption=\"&lt;p&gt;Belinda Balluku&lt;\/p&gt;\n\" data-medium-file=\"https:\/\/i0.wp.com\/www.shqiperia.com\/blog\/wp-content\/uploads\/2026\/03\/Belinda-Balluku1.jpg?fit=300%2C169&amp;ssl=1\" data-large-file=\"https:\/\/i0.wp.com\/www.shqiperia.com\/blog\/wp-content\/uploads\/2026\/03\/Belinda-Balluku1.jpg?fit=800%2C451&amp;ssl=1\" class=\" wp-image-98186\" alt=\"\" src=\"https:\/\/i0.wp.com\/www.shqiperia.com\/blog\/wp-content\/uploads\/2026\/03\/Belinda-Balluku1.jpg?resize=646%2C364&#038;ssl=1\" width=\"646\" height=\"364\" srcset=\"https:\/\/i0.wp.com\/www.shqiperia.com\/blog\/wp-content\/uploads\/2026\/03\/Belinda-Balluku1.jpg?resize=300%2C169&amp;ssl=1 300w, https:\/\/i0.wp.com\/www.shqiperia.com\/blog\/wp-content\/uploads\/2026\/03\/Belinda-Balluku1.jpg?resize=768%2C433&amp;ssl=1 768w, https:\/\/i0.wp.com\/www.shqiperia.com\/blog\/wp-content\/uploads\/2026\/03\/Belinda-Balluku1.jpg?resize=450%2C254&amp;ssl=1 450w, https:\/\/i0.wp.com\/www.shqiperia.com\/blog\/wp-content\/uploads\/2026\/03\/Belinda-Balluku1.jpg?resize=600%2C338&amp;ssl=1 600w, https:\/\/i0.wp.com\/www.shqiperia.com\/blog\/wp-content\/uploads\/2026\/03\/Belinda-Balluku1.jpg?resize=400%2C226&amp;ssl=1 400w, https:\/\/i0.wp.com\/www.shqiperia.com\/blog\/wp-content\/uploads\/2026\/03\/Belinda-Balluku1.jpg?w=800&amp;ssl=1 800w\" sizes=\"auto, (max-width: 646px) 100vw, 646px\" \/><p id=\"caption-attachment-98186\" class=\"wp-caption-text\">Belinda Balluku<\/p><\/div>\n<p>6 Mars 2026<\/p>\n<p>Analisti Mentor Kikia foli n\u00eb nje emision televiziv, ka zb\u00ebrthyer mesazhet e Elisa Spiropalit, dhe p\u00ebrplasjet sipas tij q\u00eb kan\u00eb p\u00ebrfshir\u00eb PS. Pretendimet se Spiropali u shkarkua pas \u2018p\u00ebrplasjeve me Ballukun\u201d sipas analistit Kikia jo domosdoshm\u00ebrisht q\u00ebndrojn\u00eb, duke shtuar se \u00e7\u00ebshtja prek interesa t\u00eb tjera.<\/p>\n<p>\u201cSpiropali \u00ebsht\u00eb seriali i ri i telenovel\u00ebs politike n\u00eb Shqip\u00ebri. \u00cbsht\u00eb nj\u00eb shk\u00ebndij\u00eb q\u00eb tregon se brenda PS ka zona sizmike q\u00eb prodhuan edhe thyerjen e aleanc\u00ebn m\u00eb t\u00eb fort\u00eb brenda PS. Elisa Spiropali \u00ebsht\u00eb foshnja politike e rritur posa\u00e7\u00ebrisht nga Rama. Puna e par\u00eb q\u00eb ka b\u00ebr\u00eb Spiropali, ishte drejtor Doganash dhe pun\u00eb e dyt\u00eb minist\u00ebr, puna e tret\u00eb Kryetar Parlamenti, puna e kat\u00ebrt s\u00ebrish ministre. Thyerja e Spiropalit me Ram\u00ebn ka t\u00eb b\u00ebj\u00eb me ndikimin e Spiropalit n\u00eb \u00e7uarjen p\u00ebrpara t\u00eb nj\u00eb \u00e7\u00ebshtje q\u00eb ka ndikuar n\u00eb SPAK nga ambasada gjermane. Spiropali sot u v\u00ebt\u00ebofrua p\u00ebr ta shuar t\u00eb gjith\u00eb hamend\u00ebsimin q\u00eb Rama la n\u00eb mbledhjen e fundit t\u00eb grupit Parlamentar q\u00eb tha socialist\u00eb anglisht fol\u00ebs, jan\u00eb fusin nj\u00ebri tjetrin dhe shkojn\u00eb spiunojn\u00eb n\u00ebp\u00ebr ambasada por Spiropali e zbuloi q\u00eb anglisht-fol\u00ebsi ishte kjo por tha q\u00eb di dhe gjuh\u00eb t\u00eb tjera, mund t\u00eb di edhe gjermanisht, por m\u00eb mir\u00eb di shqip.<\/p>\n<p>Dhe marr\u00ebdh\u00ebnia e Spiropalit me Ram\u00ebn \u00ebsht\u00eb p\u00ebrtej xhelozis\u00eb Ballukut. Pra nuk mendoj se e sakrifikoi vet\u00ebm pse tentoi t\u00eb d\u00ebmtoi Ballukun. Por \u00e7\u00ebshtja q\u00eb mund t\u00eb ket\u00eb shtyr\u00eb Spiropali p\u00ebrpara mund t\u00eb kaloj\u00eb p\u00ebrtej Ballukut dhe mund t\u00eb prek\u00eb t\u00eb tjera interesa.<\/p>\n","protected":false},"excerpt":{"rendered":"<p>6 Mars 2026 Analisti Mentor Kikia foli n\u00eb nje emision televiziv, ka zb\u00ebrthyer mesazhet e Elisa Spiropalit, dhe p\u00ebrplasjet sipas tij q\u00eb kan\u00eb p\u00ebrfshir\u00eb PS. Pretendimet se Spiropali u shkarkua pas \u2018p\u00ebrplasjeve me Ballukun\u201d sipas analistit Kikia jo domosdoshm\u00ebrisht q\u00ebndrojn\u00eb, duke shtuar se \u00e7\u00ebshtja prek interesa t\u00eb tjera. \u201cSpiropali \u00ebsht\u00eb seriali i ri i telenovel\u00ebs [&hellip;]<\/p>\n","protected":false},"author":9,"featured_media":98186,"comment_status":"open","ping_status":"open","sticky":false,"template":"","format":"standard","meta":{"jetpack_post_was_ever_published":false,"_jetpack_newsletter_access":"","_jetpack_dont_email_post_to_subs":false,"_jetpack_newsletter_tier_id":0,"_jetpack_memberships_contains_paywalled_content":false,"_jetpack_memberships_contains_paid_content":false,"footnotes":"","jetpack_publicize_message":"","jetpack_publicize_feature_enabled":true,"jetpack_social_post_already_shared":true,"jetpack_social_options":{"image_generator_settings":{"template":"highway","default_image_id":0,"font":"","enabled":false},"version":2}},"categories":[27,35],"tags":[],"class_list":["post-98184","post","type-post","status-publish","format-standard","has-post-thumbnail","hentry","category-blogu-i-udhetarit","category-shoqerore"],"jetpack_publicize_connections":[],"jetpack_featured_media_url":"https:\/\/i0.wp.com\/www.shqiperia.com\/blog\/wp-content\/uploads\/2026\/03\/Belinda-Balluku1.jpg?fit=800%2C451&ssl=1","jetpack_sharing_enabled":true,"jetpack_shortlink":"https:\/\/wp.me\/p5Z6wp-pxC","jetpack-related-posts":[{"id":99074,"url":"https:\/\/www.shqiperia.com\/blog\/konflikti-banal-po-zevendeson-funksionin-e-kuvendit-kritikon-spiropali-kriza-e-parlamentit-eshte-krize-e-republikes-europa-skerkon-vetem-institucione-qe-ekzistojne-por\/","url_meta":{"origin":98184,"position":0},"title":"\u201cKonflikti banal po z\u00ebvend\u00ebson funksionin e Kuvendit\u201d- Kritikon Spiropali: Kriza e Parlamentit, \u00ebsht\u00eb kriz\u00eb e Republik\u00ebs! Europa s\u2019k\u00ebrkon vet\u00ebm institucione q\u00eb ekzistojn\u00eb, por q\u00eb ato t\u00eb funksionojn\u00eb","author":"Kurt Farka","date":"April 3, 2026","format":false,"excerpt":"3 Prill 2026 Nj\u00eb dit\u00eb pas p\u00ebrplasjeve t\u00eb ashpra n\u00eb Kuvend mes mazhoranc\u00ebs dhe opozit\u00ebs, ka reaguar deputetja e PS, ish Kryetarja e Kuvendit, Elisa Spiropali, e cila konsideron at\u00eb si nj\u00eb kriz\u00eb q\u00eb tejkalon tensionet politike dhe prek vet\u00eb funksionimin e Republik\u00ebs Parlamentare. Sipas saj, zhvillimet e fundit n\u00eb\u2026","rel":"","context":"In &quot;Blogu i Udh\u00ebtarit&quot;","block_context":{"text":"Blogu i Udh\u00ebtarit","link":"https:\/\/www.shqiperia.com\/blog\/category\/blogu-i-udhetarit\/"},"img":{"alt_text":"","src":"https:\/\/i0.wp.com\/www.shqiperia.com\/blog\/wp-content\/uploads\/2026\/04\/spiropali.jpg?fit=1024%2C579&ssl=1&resize=350%2C200","width":350,"height":200,"srcset":"https:\/\/i0.wp.com\/www.shqiperia.com\/blog\/wp-content\/uploads\/2026\/04\/spiropali.jpg?fit=1024%2C579&ssl=1&resize=350%2C200 1x, https:\/\/i0.wp.com\/www.shqiperia.com\/blog\/wp-content\/uploads\/2026\/04\/spiropali.jpg?fit=1024%2C579&ssl=1&resize=525%2C300 1.5x, https:\/\/i0.wp.com\/www.shqiperia.com\/blog\/wp-content\/uploads\/2026\/04\/spiropali.jpg?fit=1024%2C579&ssl=1&resize=700%2C400 2x"},"classes":[]},{"id":98179,"url":"https:\/\/www.shqiperia.com\/blog\/foli-nen-ze-se-belinda-po-krijon-kalaja-spiropali-kerkoi-distancimin-e-ps-nga-belinda\/","url_meta":{"origin":98184,"position":1},"title":"\u201cFoli n\u00ebn z\u00eb se Belinda po krijon\u2026\u201d\/ Kalaja: Spiropali k\u00ebrkoi distancimin e PS nga Belinda","author":"Kurt Farka","date":"March 6, 2026","format":false,"excerpt":"6 Mars 2026 Ish-kandidati i PD n\u00eb qarkun e Durr\u00ebsit, n\u00eb zgjedhjet e p\u00ebrgjithshme t\u00eb 11 majit, Aulon Kalaja, i ftuar n\u00eb nje studio televizive, deklaroi se arsyeja pse Elisa Spiropali u largua nga qeveria, \u00ebsht\u00eb nd\u00ebr t\u00eb tjera dhe q\u00ebndrimi i saj ndaj ish-zv\/kryeministres Belinda Balluku. Kalaja tha se\u2026","rel":"","context":"In &quot;Blogu i Udh\u00ebtarit&quot;","block_context":{"text":"Blogu i Udh\u00ebtarit","link":"https:\/\/www.shqiperia.com\/blog\/category\/blogu-i-udhetarit\/"},"img":{"alt_text":"","src":"https:\/\/i0.wp.com\/www.shqiperia.com\/blog\/wp-content\/uploads\/2026\/03\/aulon-kalaja.jpg?fit=900%2C506&ssl=1&resize=350%2C200","width":350,"height":200,"srcset":"https:\/\/i0.wp.com\/www.shqiperia.com\/blog\/wp-content\/uploads\/2026\/03\/aulon-kalaja.jpg?fit=900%2C506&ssl=1&resize=350%2C200 1x, https:\/\/i0.wp.com\/www.shqiperia.com\/blog\/wp-content\/uploads\/2026\/03\/aulon-kalaja.jpg?fit=900%2C506&ssl=1&resize=525%2C300 1.5x, https:\/\/i0.wp.com\/www.shqiperia.com\/blog\/wp-content\/uploads\/2026\/03\/aulon-kalaja.jpg?fit=900%2C506&ssl=1&resize=700%2C400 2x"},"classes":[]},{"id":98911,"url":"https:\/\/www.shqiperia.com\/blog\/edi-rama-paralajmeron-shkermoqjen-e-ps-ne-fraksione-situata-e-degraduar-e-mazhorances-detyron-kryeministrin\/","url_meta":{"origin":98184,"position":2},"title":"Edi Rama paralajm\u00ebron shk\u00ebrmoqjen e PS n\u00eb fraksione, situata e degraduar e mazhoranc\u00ebs detyron kryeministrin\u2026","author":"Kurt Farka","date":"March 31, 2026","format":false,"excerpt":"31 Mars 2026 Nj\u00eb alarm i fort\u00eb ka tronditur korridoret e pushtetit, teksa kryeministri Edi Rama ka paralajm\u00ebruar p\u00ebr nj\u00eb skenar t\u00eb err\u00ebt brenda Partia Socialiste. Burime nga mbledhja e fundit e zgjeruar e grupit parlamentar socialiste dhe qeveris\u00eb e mbajtur k\u00ebt\u00eb fundjav\u00eb (t\u00eb shtun\u00eb 28 mars 2026) flasin p\u00ebr\u2026","rel":"","context":"In &quot;Blogu i Udh\u00ebtarit&quot;","block_context":{"text":"Blogu i Udh\u00ebtarit","link":"https:\/\/www.shqiperia.com\/blog\/category\/blogu-i-udhetarit\/"},"img":{"alt_text":"","src":"https:\/\/i0.wp.com\/www.shqiperia.com\/blog\/wp-content\/uploads\/2026\/02\/Rruga-eshte-hapur--300x245.jpg?resize=350%2C200&ssl=1","width":350,"height":200,"srcset":"https:\/\/i0.wp.com\/www.shqiperia.com\/blog\/wp-content\/uploads\/2026\/02\/Rruga-eshte-hapur--300x245.jpg?resize=350%2C200&ssl=1 1x, https:\/\/i0.wp.com\/www.shqiperia.com\/blog\/wp-content\/uploads\/2026\/02\/Rruga-eshte-hapur--300x245.jpg?resize=525%2C300&ssl=1 1.5x"},"classes":[]},{"id":99661,"url":"https:\/\/www.shqiperia.com\/blog\/rama-paralajmeron-spiropalin-po-ndodhi-edhe-nje-here-do-te\/","url_meta":{"origin":98184,"position":3},"title":"Rama paralajm\u00ebron Spiropalin: &#8211; Po ndodhi edhe nj\u00eb her\u00eb do t\u00eb&#8230;","author":"Kurt Farka","date":"April 27, 2026","format":false,"excerpt":"27\u00a0 Prill 2026 Kryeministri Edi Rama ka paralajm\u00ebruar p\u00ebrjashtimin e deputetes Elisa Spiropali nga Grupi Parlamentar, pas q\u00ebndrimeve dhe postimeve t\u00eb saj n\u00eb rrjetet sociale. Burime p\u00ebr \"Ora News\" b\u00ebjn\u00eb me dije se Rama, gjat\u00eb fjal\u00ebs s\u00eb tij n\u00eb fund t\u00eb mbledhjes s\u00eb k\u00ebsaj t\u00eb h\u00ebne, \u00ebsht\u00eb ndalur disa minuta\u2026","rel":"","context":"In &quot;Blogu i Udh\u00ebtarit&quot;","block_context":{"text":"Blogu i Udh\u00ebtarit","link":"https:\/\/www.shqiperia.com\/blog\/category\/blogu-i-udhetarit\/"},"img":{"alt_text":"","src":"https:\/\/i0.wp.com\/www.shqiperia.com\/blog\/wp-content\/uploads\/2026\/04\/edi-rama-300x220.jpg?resize=350%2C200&ssl=1","width":350,"height":200,"srcset":"https:\/\/i0.wp.com\/www.shqiperia.com\/blog\/wp-content\/uploads\/2026\/04\/edi-rama-300x220.jpg?resize=350%2C200&ssl=1 1x, https:\/\/i0.wp.com\/www.shqiperia.com\/blog\/wp-content\/uploads\/2026\/04\/edi-rama-300x220.jpg?resize=525%2C300&ssl=1 1.5x"},"classes":[]},{"id":98011,"url":"https:\/\/www.shqiperia.com\/blog\/spiropali-kurban-i-ballukut-gazetarja-komenton-ministrat-e-rinj\/","url_meta":{"origin":98184,"position":4},"title":"&#8216;Spiropali, kurban i Ballukut&#8217;\/ Gazetarja komenton ministrat e rinj!","author":"Kurt Farka","date":"February 26, 2026","format":false,"excerpt":"26 Shkurt 2026 Gazetarja Klodiana Lala, ka folur p\u00ebr ndryshimet n\u00eb qeveri, ku m\u00eb t\u00eb bujshme duken largimet e Belinda Ballukut dhe Elisa Spiropalit. E ftuar n\u00eb MCN TV, Lala b\u00ebri nj\u00eb profil t\u00eb shkurt\u00ebr t\u00eb ministrave t\u00eb rinj t\u00eb kabinetit. \"S\u00eb pari mendoj se zoti Rama ishte i detyruar\u2026","rel":"","context":"In &quot;Blogu i Udh\u00ebtarit&quot;","block_context":{"text":"Blogu i Udh\u00ebtarit","link":"https:\/\/www.shqiperia.com\/blog\/category\/blogu-i-udhetarit\/"},"img":{"alt_text":"","src":"https:\/\/i0.wp.com\/www.shqiperia.com\/blog\/wp-content\/uploads\/2026\/02\/foto-7-6.jpg?fit=640%2C373&ssl=1&resize=350%2C200","width":350,"height":200,"srcset":"https:\/\/i0.wp.com\/www.shqiperia.com\/blog\/wp-content\/uploads\/2026\/02\/foto-7-6.jpg?fit=640%2C373&ssl=1&resize=350%2C200 1x, https:\/\/i0.wp.com\/www.shqiperia.com\/blog\/wp-content\/uploads\/2026\/02\/foto-7-6.jpg?fit=640%2C373&ssl=1&resize=525%2C300 1.5x"},"classes":[]},{"id":98657,"url":"https:\/\/www.shqiperia.com\/blog\/nuk-votoi-per-ballukun-e-lexova-me-vonese-nje-deklarate-tenden-spiropali-i-pergjigjet-balles-thirre-grupin-tani\/","url_meta":{"origin":98184,"position":5},"title":"Nuk votoi p\u00ebr Ballukun\/ \u201cE lexova me vones\u00eb nj\u00eb deklarat\u00eb t\u00ebnden\u201d, Spiropali i p\u00ebrgjigjet Ball\u00ebs: Thirre grupin, tani","author":"Kurt Farka","date":"March 24, 2026","format":false,"excerpt":"24 Mars 2026 Kreu i Grupit Parlamentar t\u00eb Partis\u00eb Socialiste, Taulant Balla, tha sot se do t\u00eb mbledh\u00eb grupin socialist p\u00ebr t\u00eb marr\u00eb nj\u00eb vendim, lidhur me munges\u00ebn e Elisa Spiropalit n\u00eb seanc\u00ebn p\u00ebr votimin e imunitetit t\u00eb Belinda Ballukut. Vet\u00eb Spiropali iu p\u00ebrgjigj Ball\u00ebs: Taulant, e lexova me vones\u00eb\u2026","rel":"","context":"In &quot;Blogu i Udh\u00ebtarit&quot;","block_context":{"text":"Blogu i Udh\u00ebtarit","link":"https:\/\/www.shqiperia.com\/blog\/category\/blogu-i-udhetarit\/"},"img":{"alt_text":"","src":"https:\/\/i0.wp.com\/www.shqiperia.com\/blog\/wp-content\/uploads\/2026\/03\/Fiq-e-rrush.jpg?fit=556%2C418&ssl=1&resize=350%2C200","width":350,"height":200,"srcset":"https:\/\/i0.wp.com\/www.shqiperia.com\/blog\/wp-content\/uploads\/2026\/03\/Fiq-e-rrush.jpg?fit=556%2C418&ssl=1&resize=350%2C200 1x, https:\/\/i0.wp.com\/www.shqiperia.com\/blog\/wp-content\/uploads\/2026\/03\/Fiq-e-rrush.jpg?fit=556%2C418&ssl=1&resize=525%2C300 1.5x"},"classes":[]}],"_links":{"self":[{"href":"https:\/\/www.shqiperia.com\/blog\/wp-json\/wp\/v2\/posts\/98184","targetHints":{"allow":["GET"]}}],"collection":[{"href":"https:\/\/www.shqiperia.com\/blog\/wp-json\/wp\/v2\/posts"}],"about":[{"href":"https:\/\/www.shqiperia.com\/blog\/wp-json\/wp\/v2\/types\/post"}],"author":[{"embeddable":true,"href":"https:\/\/www.shqiperia.com\/blog\/wp-json\/wp\/v2\/users\/9"}],"replies":[{"embeddable":true,"href":"https:\/\/www.shqiperia.com\/blog\/wp-json\/wp\/v2\/comments?post=98184"}],"version-history":[{"count":1,"href":"https:\/\/www.shqiperia.com\/blog\/wp-json\/wp\/v2\/posts\/98184\/revisions"}],"predecessor-version":[{"id":98187,"href":"https:\/\/www.shqiperia.com\/blog\/wp-json\/wp\/v2\/posts\/98184\/revisions\/98187"}],"wp:featuredmedia":[{"embeddable":true,"href":"https:\/\/www.shqiperia.com\/blog\/wp-json\/wp\/v2\/media\/98186"}],"wp:attachment":[{"href":"https:\/\/www.shqiperia.com\/blog\/wp-json\/wp\/v2\/media?parent=98184"}],"wp:term":[{"taxonomy":"category","embeddable":true,"href":"https:\/\/www.shqiperia.com\/blog\/wp-json\/wp\/v2\/categories?post=98184"},{"taxonomy":"post_tag","embeddable":true,"href":"https:\/\/www.shqiperia.com\/blog\/wp-json\/wp\/v2\/tags?post=98184"}],"curies":[{"name":"wp","href":"https:\/\/api.w.org\/{rel}","templated":true}]}}