{"id":98179,"date":"2026-03-06T02:11:01","date_gmt":"2026-03-06T02:11:01","guid":{"rendered":"https:\/\/www.shqiperia.com\/blog\/?p=98179"},"modified":"2026-03-06T02:11:01","modified_gmt":"2026-03-06T02:11:01","slug":"foli-nen-ze-se-belinda-po-krijon-kalaja-spiropali-kerkoi-distancimin-e-ps-nga-belinda","status":"publish","type":"post","link":"https:\/\/www.shqiperia.com\/blog\/foli-nen-ze-se-belinda-po-krijon-kalaja-spiropali-kerkoi-distancimin-e-ps-nga-belinda\/","title":{"rendered":"\u201cFoli n\u00ebn z\u00eb se Belinda po krijon\u2026\u201d\/ Kalaja: Spiropali k\u00ebrkoi distancimin e PS nga Belinda"},"content":{"rendered":"<p><img data-recalc-dims=\"1\" loading=\"lazy\" decoding=\"async\" data-attachment-id=\"98180\" data-permalink=\"https:\/\/www.shqiperia.com\/blog\/foli-nen-ze-se-belinda-po-krijon-kalaja-spiropali-kerkoi-distancimin-e-ps-nga-belinda\/aulon-kalaja\/\" data-orig-file=\"https:\/\/i0.wp.com\/www.shqiperia.com\/blog\/wp-content\/uploads\/2026\/03\/aulon-kalaja.jpg?fit=900%2C506&amp;ssl=1\" data-orig-size=\"900,506\" data-comments-opened=\"1\" data-image-meta=\"{&quot;aperture&quot;:&quot;0&quot;,&quot;credit&quot;:&quot;&quot;,&quot;camera&quot;:&quot;&quot;,&quot;caption&quot;:&quot;&quot;,&quot;created_timestamp&quot;:&quot;0&quot;,&quot;copyright&quot;:&quot;&quot;,&quot;focal_length&quot;:&quot;0&quot;,&quot;iso&quot;:&quot;0&quot;,&quot;shutter_speed&quot;:&quot;0&quot;,&quot;title&quot;:&quot;&quot;,&quot;orientation&quot;:&quot;0&quot;}\" data-image-title=\"aulon-kalaja\" data-image-description=\"\" data-image-caption=\"\" data-medium-file=\"https:\/\/i0.wp.com\/www.shqiperia.com\/blog\/wp-content\/uploads\/2026\/03\/aulon-kalaja.jpg?fit=300%2C169&amp;ssl=1\" data-large-file=\"https:\/\/i0.wp.com\/www.shqiperia.com\/blog\/wp-content\/uploads\/2026\/03\/aulon-kalaja.jpg?fit=900%2C506&amp;ssl=1\" class=\"alignnone  wp-image-98180\" alt=\"\" src=\"https:\/\/i0.wp.com\/www.shqiperia.com\/blog\/wp-content\/uploads\/2026\/03\/aulon-kalaja.jpg?resize=559%2C315&#038;ssl=1\" width=\"559\" height=\"315\" srcset=\"https:\/\/i0.wp.com\/www.shqiperia.com\/blog\/wp-content\/uploads\/2026\/03\/aulon-kalaja.jpg?resize=300%2C169&amp;ssl=1 300w, https:\/\/i0.wp.com\/www.shqiperia.com\/blog\/wp-content\/uploads\/2026\/03\/aulon-kalaja.jpg?resize=768%2C432&amp;ssl=1 768w, https:\/\/i0.wp.com\/www.shqiperia.com\/blog\/wp-content\/uploads\/2026\/03\/aulon-kalaja.jpg?resize=450%2C253&amp;ssl=1 450w, https:\/\/i0.wp.com\/www.shqiperia.com\/blog\/wp-content\/uploads\/2026\/03\/aulon-kalaja.jpg?resize=600%2C337&amp;ssl=1 600w, https:\/\/i0.wp.com\/www.shqiperia.com\/blog\/wp-content\/uploads\/2026\/03\/aulon-kalaja.jpg?resize=400%2C225&amp;ssl=1 400w, https:\/\/i0.wp.com\/www.shqiperia.com\/blog\/wp-content\/uploads\/2026\/03\/aulon-kalaja.jpg?w=900&amp;ssl=1 900w\" sizes=\"auto, (max-width: 559px) 100vw, 559px\" \/><\/p>\n<p>6 Mars 2026<\/p>\n<p>Ish-kandidati i PD n\u00eb qarkun e Durr\u00ebsit, n\u00eb zgjedhjet e p\u00ebrgjithshme t\u00eb 11 majit, Aulon Kalaja, i ftuar n\u00eb nje studio televizive, deklaroi se arsyeja pse Elisa Spiropali u largua nga qeveria, \u00ebsht\u00eb nd\u00ebr t\u00eb tjera dhe q\u00ebndrimi i saj ndaj ish-zv\/kryeministres Belinda Balluku.<\/p>\n<p>Kalaja tha se Spiropali \u00ebsht\u00eb shprehur se Belinda Balluku po krijon kosto n\u00eb PS ndaj duhet q\u00eb Partia Socialiste t\u00eb shk\u00ebputej nga kjo zonj\u00eb.<\/p>\n<p>\u201cElisa Spiropali dogji etapat, krijoi shum\u00eb xhelozi me vizit\u00ebn e saj n\u00eb SHBA dhe u prit n\u00eb Departamentin Amerikan t\u00eb Shtetit duke l\u00ebn\u00eb n\u00eb hije vizit\u00ebn e zotit Rama, pasi Rama nuk shkon atje dhe asnj\u00eb zyrtar posht\u00eb Ram\u00ebs nuk e b\u00ebn at\u00eb.<\/p>\n<p>E dyta \u00ebsht\u00eb vizita e saj n\u00eb lidhjet e PS me Bundestagun gjerman, sic \u00ebsht\u00eb grupi i lobimit q\u00eb \u00ebsht\u00eb CHINA CLUB dhe kjo u an\u00ebtar\u00ebsua me t\u00eb drejta t\u00eb plota dhe p\u00ebrpara ekskluzivitetin e kishte Rama.<\/p>\n<p>Arsyeja e dyt\u00eb ka t\u00eb b\u00ebj\u00eb me ngritjen e z\u00ebrit, n\u00ebn z\u00eb, q\u00eb ka patur Spiropali se Belinda Balluku po krijon kosto n\u00eb PS ndaj duhet q\u00eb Partia Socialiste t\u00eb shk\u00ebputej nga kjo zonj\u00eb\u201d, tha Kalaja.<\/p>\n<p>Aulon Kalaja:<\/p>\n<p>Elisa Spiropali dogji etapat, krijoi shum\u00eb xhelozi me vizit\u00ebn e saj n\u00eb SHBA dhe u prit n\u00eb Departamentin Amerikan t\u00eb Shtetit duke l\u00ebn\u00eb n\u00eb hije vizit\u00ebn e zotit Rama, pasi Rama nuk shkon atje dhe asnj\u00eb zyrtar posht\u00eb Ram\u00ebs nuk e b\u00ebn at\u00eb.<\/p>\n<p>E dyta \u00ebsht\u00eb vizita e saj n\u00eb lidhjet e PS me Bundestagun gjerman, sic \u00ebsht\u00eb grupi i lobimit q\u00eb \u00ebsht\u00eb CHINA CLUB dhe kjo u an\u00ebtar\u00ebsua me t\u00eb drejta t\u00eb plota dhe p\u00ebrpara ekskluzivitetin e kishte Rama.<\/p>\n<p>Arsyeja e dyt\u00eb ka t\u00eb b\u00ebj\u00eb me ngritjen e z\u00ebrit, n\u00ebn z\u00eb, q\u00eb ka patur Spiropali se Belinda Balluku po krijon kosto n\u00eb PS ndaj duhet q\u00eb Partia Socialiste t\u00eb shk\u00ebputej nga kjo zonj\u00eb.<\/p>\n<p>S\u00eb treti, vizita e Spiropalit n\u00eb Kosov\u00eb ku u prit n\u00eb t\u00eb gjitha nivelet me formimin e qeveris\u00eb Kurti.<\/p>\n","protected":false},"excerpt":{"rendered":"<p>6 Mars 2026 Ish-kandidati i PD n\u00eb qarkun e Durr\u00ebsit, n\u00eb zgjedhjet e p\u00ebrgjithshme t\u00eb 11 majit, Aulon Kalaja, i ftuar n\u00eb nje studio televizive, deklaroi se arsyeja pse Elisa Spiropali u largua nga qeveria, \u00ebsht\u00eb nd\u00ebr t\u00eb tjera dhe q\u00ebndrimi i saj ndaj ish-zv\/kryeministres Belinda Balluku. Kalaja tha se Spiropali \u00ebsht\u00eb shprehur se Belinda [&hellip;]<\/p>\n","protected":false},"author":9,"featured_media":98180,"comment_status":"open","ping_status":"open","sticky":false,"template":"","format":"standard","meta":{"jetpack_post_was_ever_published":false,"_jetpack_newsletter_access":"","_jetpack_dont_email_post_to_subs":false,"_jetpack_newsletter_tier_id":0,"_jetpack_memberships_contains_paywalled_content":false,"_jetpack_memberships_contains_paid_content":false,"footnotes":"","jetpack_publicize_message":"","jetpack_publicize_feature_enabled":true,"jetpack_social_post_already_shared":true,"jetpack_social_options":{"image_generator_settings":{"template":"highway","default_image_id":0,"font":"","enabled":false},"version":2}},"categories":[27,2],"tags":[],"class_list":["post-98179","post","type-post","status-publish","format-standard","has-post-thumbnail","hentry","category-blogu-i-udhetarit","category-politika"],"jetpack_publicize_connections":[],"jetpack_featured_media_url":"https:\/\/i0.wp.com\/www.shqiperia.com\/blog\/wp-content\/uploads\/2026\/03\/aulon-kalaja.jpg?fit=900%2C506&ssl=1","jetpack_sharing_enabled":true,"jetpack_shortlink":"https:\/\/wp.me\/p5Z6wp-pxx","jetpack-related-posts":[{"id":98184,"url":"https:\/\/www.shqiperia.com\/blog\/kikia-analizon-prapaskenat-e-shkarkimit-te-ballukut-brenda-ps-ka-thyerje-pritet-te\/","url_meta":{"origin":98179,"position":0},"title":"Kikia analizon prapaskenat e shkarkimit t\u00eb Ballukut: &#8211; Brenda PS ka thyerje, pritet t\u00eb\u2026","author":"Kurt Farka","date":"March 6, 2026","format":false,"excerpt":"6 Mars 2026 Analisti Mentor Kikia foli n\u00eb nje emision televiziv, ka zb\u00ebrthyer mesazhet e Elisa Spiropalit, dhe p\u00ebrplasjet sipas tij q\u00eb kan\u00eb p\u00ebrfshir\u00eb PS. Pretendimet se Spiropali u shkarkua pas \u2018p\u00ebrplasjeve me Ballukun\u201d sipas analistit Kikia jo domosdoshm\u00ebrisht q\u00ebndrojn\u00eb, duke shtuar se \u00e7\u00ebshtja prek interesa t\u00eb tjera. \u201cSpiropali \u00ebsht\u00eb\u2026","rel":"","context":"In &quot;Blogu i Udh\u00ebtarit&quot;","block_context":{"text":"Blogu i Udh\u00ebtarit","link":"https:\/\/www.shqiperia.com\/blog\/category\/blogu-i-udhetarit\/"},"img":{"alt_text":"","src":"https:\/\/i0.wp.com\/www.shqiperia.com\/blog\/wp-content\/uploads\/2026\/03\/Belinda-Balluku1.jpg?fit=800%2C451&ssl=1&resize=350%2C200","width":350,"height":200,"srcset":"https:\/\/i0.wp.com\/www.shqiperia.com\/blog\/wp-content\/uploads\/2026\/03\/Belinda-Balluku1.jpg?fit=800%2C451&ssl=1&resize=350%2C200 1x, https:\/\/i0.wp.com\/www.shqiperia.com\/blog\/wp-content\/uploads\/2026\/03\/Belinda-Balluku1.jpg?fit=800%2C451&ssl=1&resize=525%2C300 1.5x, https:\/\/i0.wp.com\/www.shqiperia.com\/blog\/wp-content\/uploads\/2026\/03\/Belinda-Balluku1.jpg?fit=800%2C451&ssl=1&resize=700%2C400 2x"},"classes":[]},{"id":98911,"url":"https:\/\/www.shqiperia.com\/blog\/edi-rama-paralajmeron-shkermoqjen-e-ps-ne-fraksione-situata-e-degraduar-e-mazhorances-detyron-kryeministrin\/","url_meta":{"origin":98179,"position":1},"title":"Edi Rama paralajm\u00ebron shk\u00ebrmoqjen e PS n\u00eb fraksione, situata e degraduar e mazhoranc\u00ebs detyron kryeministrin\u2026","author":"Kurt Farka","date":"March 31, 2026","format":false,"excerpt":"31 Mars 2026 Nj\u00eb alarm i fort\u00eb ka tronditur korridoret e pushtetit, teksa kryeministri Edi Rama ka paralajm\u00ebruar p\u00ebr nj\u00eb skenar t\u00eb err\u00ebt brenda Partia Socialiste. Burime nga mbledhja e fundit e zgjeruar e grupit parlamentar socialiste dhe qeveris\u00eb e mbajtur k\u00ebt\u00eb fundjav\u00eb (t\u00eb shtun\u00eb 28 mars 2026) flasin p\u00ebr\u2026","rel":"","context":"In &quot;Blogu i Udh\u00ebtarit&quot;","block_context":{"text":"Blogu i Udh\u00ebtarit","link":"https:\/\/www.shqiperia.com\/blog\/category\/blogu-i-udhetarit\/"},"img":{"alt_text":"","src":"https:\/\/i0.wp.com\/www.shqiperia.com\/blog\/wp-content\/uploads\/2026\/02\/Rruga-eshte-hapur--300x245.jpg?resize=350%2C200&ssl=1","width":350,"height":200,"srcset":"https:\/\/i0.wp.com\/www.shqiperia.com\/blog\/wp-content\/uploads\/2026\/02\/Rruga-eshte-hapur--300x245.jpg?resize=350%2C200&ssl=1 1x, https:\/\/i0.wp.com\/www.shqiperia.com\/blog\/wp-content\/uploads\/2026\/02\/Rruga-eshte-hapur--300x245.jpg?resize=525%2C300&ssl=1 1.5x"},"classes":[]},{"id":89220,"url":"https:\/\/www.shqiperia.com\/blog\/belinda-balluku-i-merr-pushtetin-rames-shume-vendime-te-qeverise-mbajne-firmen-e-ballukut\/","url_meta":{"origin":98179,"position":2},"title":"Belinda Balluku \u201ci merr\u201d pushtetin Ram\u00ebs. &#8211; Shum\u00eb vendime t\u00eb qeveris\u00eb mbajn\u00eb firm\u00ebn e Ballukut.","author":"Kurt Farka","date":"February 8, 2025","format":false,"excerpt":"8 Shkurt 2025 N\u00eb sken\u00ebn politike shqiptare po vihen re l\u00ebvizje t\u00eb r\u00ebnd\u00ebsishme q\u00eb sinjalizojn\u00eb nj\u00eb zhvendosje t\u00eb pushtetit brenda qeveris\u00eb s\u00eb drejtuar nga Edi Rama. Zv\/kryeministrja Belinda Balluku duket se ka marr\u00eb tashm\u00eb kontroll t\u00eb plot\u00eb mbi vendimet ky\u00e7e qeveritare, duke eklipsuar edhe vet\u00eb kryeministrin. Shum\u00eb vendime t\u00eb qeveris\u00eb\u2026","rel":"","context":"In &quot;Blogu i Udh\u00ebtarit&quot;","block_context":{"text":"Blogu i Udh\u00ebtarit","link":"https:\/\/www.shqiperia.com\/blog\/category\/blogu-i-udhetarit\/"},"img":{"alt_text":"","src":"https:\/\/i0.wp.com\/www.shqiperia.com\/blog\/wp-content\/uploads\/2025\/02\/foto-faqe-3.png?fit=751%2C473&ssl=1&resize=350%2C200","width":350,"height":200,"srcset":"https:\/\/i0.wp.com\/www.shqiperia.com\/blog\/wp-content\/uploads\/2025\/02\/foto-faqe-3.png?fit=751%2C473&ssl=1&resize=350%2C200 1x, https:\/\/i0.wp.com\/www.shqiperia.com\/blog\/wp-content\/uploads\/2025\/02\/foto-faqe-3.png?fit=751%2C473&ssl=1&resize=525%2C300 1.5x, https:\/\/i0.wp.com\/www.shqiperia.com\/blog\/wp-content\/uploads\/2025\/02\/foto-faqe-3.png?fit=751%2C473&ssl=1&resize=700%2C400 2x"},"classes":[]},{"id":98011,"url":"https:\/\/www.shqiperia.com\/blog\/spiropali-kurban-i-ballukut-gazetarja-komenton-ministrat-e-rinj\/","url_meta":{"origin":98179,"position":3},"title":"&#8216;Spiropali, kurban i Ballukut&#8217;\/ Gazetarja komenton ministrat e rinj!","author":"Kurt Farka","date":"February 26, 2026","format":false,"excerpt":"26 Shkurt 2026 Gazetarja Klodiana Lala, ka folur p\u00ebr ndryshimet n\u00eb qeveri, ku m\u00eb t\u00eb bujshme duken largimet e Belinda Ballukut dhe Elisa Spiropalit. E ftuar n\u00eb MCN TV, Lala b\u00ebri nj\u00eb profil t\u00eb shkurt\u00ebr t\u00eb ministrave t\u00eb rinj t\u00eb kabinetit. \"S\u00eb pari mendoj se zoti Rama ishte i detyruar\u2026","rel":"","context":"In &quot;Blogu i Udh\u00ebtarit&quot;","block_context":{"text":"Blogu i Udh\u00ebtarit","link":"https:\/\/www.shqiperia.com\/blog\/category\/blogu-i-udhetarit\/"},"img":{"alt_text":"","src":"https:\/\/i0.wp.com\/www.shqiperia.com\/blog\/wp-content\/uploads\/2026\/02\/foto-7-6.jpg?fit=640%2C373&ssl=1&resize=350%2C200","width":350,"height":200,"srcset":"https:\/\/i0.wp.com\/www.shqiperia.com\/blog\/wp-content\/uploads\/2026\/02\/foto-7-6.jpg?fit=640%2C373&ssl=1&resize=350%2C200 1x, https:\/\/i0.wp.com\/www.shqiperia.com\/blog\/wp-content\/uploads\/2026\/02\/foto-7-6.jpg?fit=640%2C373&ssl=1&resize=525%2C300 1.5x"},"classes":[]},{"id":95146,"url":"https:\/\/www.shqiperia.com\/blog\/spak-regjistron-tjeter-procedim-penal-ndaj-belinda-ballukut-dhe-deputetit-te-ps\/","url_meta":{"origin":98179,"position":4},"title":"SPAK regjistron tjeter procedim penal ndaj Belinda Ballukut dhe deputetit t\u00eb PS","author":"Kurt Farka","date":"November 24, 2025","format":false,"excerpt":"23 Nentor 2025 Prokuroria e Posa\u00e7me ka njoftuar se \u00ebsht\u00eb regjistruar procedimi penal ndaj Belinda Ballukut, tashm\u00eb t\u00eb pezulluar nga detyra dhe ish kreut t\u00eb Tatimeve, aktualisht deputet i PS, Ceno Klosi. Procedimi penal \u00ebsht\u00eb regjistruar mbi baz\u00ebn e kall\u00ebzimit penal t\u00eb depozituar nga Adriana Kalaja. Po ashtu SPAK sqaron\u2026","rel":"","context":"In &quot;Blogu i Udh\u00ebtarit&quot;","block_context":{"text":"Blogu i Udh\u00ebtarit","link":"https:\/\/www.shqiperia.com\/blog\/category\/blogu-i-udhetarit\/"},"img":{"alt_text":"","src":"https:\/\/i0.wp.com\/www.shqiperia.com\/blog\/wp-content\/uploads\/2025\/11\/IMG_9626.webp?fit=1040%2C694&ssl=1&resize=350%2C200","width":350,"height":200,"srcset":"https:\/\/i0.wp.com\/www.shqiperia.com\/blog\/wp-content\/uploads\/2025\/11\/IMG_9626.webp?fit=1040%2C694&ssl=1&resize=350%2C200 1x, https:\/\/i0.wp.com\/www.shqiperia.com\/blog\/wp-content\/uploads\/2025\/11\/IMG_9626.webp?fit=1040%2C694&ssl=1&resize=525%2C300 1.5x, https:\/\/i0.wp.com\/www.shqiperia.com\/blog\/wp-content\/uploads\/2025\/11\/IMG_9626.webp?fit=1040%2C694&ssl=1&resize=700%2C400 2x"},"classes":[]},{"id":98884,"url":"https:\/\/www.shqiperia.com\/blog\/spiropali-flet-per-perplasjen-me-ramen-ajo-qe-ndodhi-nuk-eshte-thjesht-ceshtje-personale-por-model-qe-po-zgjerohet-frika\/","url_meta":{"origin":98179,"position":5},"title":"Spiropali flet p\u00ebr p\u00ebrplasjen me Ram\u00ebn: &#8211; Ajo q\u00eb ndodhi nuk \u00ebsht\u00eb thjesht \u00e7\u00ebshtje personale, por model q\u00eb po zgjerohet! Frika?","author":"Kurt Farka","date":"March 31, 2026","format":false,"excerpt":"31 Mars 2026 Ish-ministrja e Jashtme,\u00a0nj\u00ebher\u00ebsh deputetja e PS, Elisa Spiropali\u00a0ka reaguar p\u00ebr her\u00eb t\u00eb par\u00eb pas p\u00ebrplasjes q\u00eb ndodhi me kryeministrin Edi Rama gjat\u00eb mbledhjes s\u00eb me dyer t\u00eb mbyllura t\u00eb Grupit Parlamentar t\u00eb PS. Gjat\u00eb k\u00ebsaj mbledhje me tone t\u00eb larta, Rama i \u00ebsht\u00eb drejtuar Spiropalit q\u00eb t\u00eb\u2026","rel":"","context":"In &quot;Blogu i Udh\u00ebtarit&quot;","block_context":{"text":"Blogu i Udh\u00ebtarit","link":"https:\/\/www.shqiperia.com\/blog\/category\/blogu-i-udhetarit\/"},"img":{"alt_text":"","src":"https:\/\/i0.wp.com\/www.shqiperia.com\/blog\/wp-content\/uploads\/2026\/03\/rama-spiropali.jpg?fit=634%2C364&ssl=1&resize=350%2C200","width":350,"height":200,"srcset":"https:\/\/i0.wp.com\/www.shqiperia.com\/blog\/wp-content\/uploads\/2026\/03\/rama-spiropali.jpg?fit=634%2C364&ssl=1&resize=350%2C200 1x, https:\/\/i0.wp.com\/www.shqiperia.com\/blog\/wp-content\/uploads\/2026\/03\/rama-spiropali.jpg?fit=634%2C364&ssl=1&resize=525%2C300 1.5x"},"classes":[]}],"_links":{"self":[{"href":"https:\/\/www.shqiperia.com\/blog\/wp-json\/wp\/v2\/posts\/98179","targetHints":{"allow":["GET"]}}],"collection":[{"href":"https:\/\/www.shqiperia.com\/blog\/wp-json\/wp\/v2\/posts"}],"about":[{"href":"https:\/\/www.shqiperia.com\/blog\/wp-json\/wp\/v2\/types\/post"}],"author":[{"embeddable":true,"href":"https:\/\/www.shqiperia.com\/blog\/wp-json\/wp\/v2\/users\/9"}],"replies":[{"embeddable":true,"href":"https:\/\/www.shqiperia.com\/blog\/wp-json\/wp\/v2\/comments?post=98179"}],"version-history":[{"count":1,"href":"https:\/\/www.shqiperia.com\/blog\/wp-json\/wp\/v2\/posts\/98179\/revisions"}],"predecessor-version":[{"id":98181,"href":"https:\/\/www.shqiperia.com\/blog\/wp-json\/wp\/v2\/posts\/98179\/revisions\/98181"}],"wp:featuredmedia":[{"embeddable":true,"href":"https:\/\/www.shqiperia.com\/blog\/wp-json\/wp\/v2\/media\/98180"}],"wp:attachment":[{"href":"https:\/\/www.shqiperia.com\/blog\/wp-json\/wp\/v2\/media?parent=98179"}],"wp:term":[{"taxonomy":"category","embeddable":true,"href":"https:\/\/www.shqiperia.com\/blog\/wp-json\/wp\/v2\/categories?post=98179"},{"taxonomy":"post_tag","embeddable":true,"href":"https:\/\/www.shqiperia.com\/blog\/wp-json\/wp\/v2\/tags?post=98179"}],"curies":[{"name":"wp","href":"https:\/\/api.w.org\/{rel}","templated":true}]}}