{"id":98174,"date":"2026-03-05T19:56:30","date_gmt":"2026-03-05T19:56:30","guid":{"rendered":"https:\/\/www.shqiperia.com\/blog\/?p=98174"},"modified":"2026-03-05T20:01:50","modified_gmt":"2026-03-05T20:01:50","slug":"violeta-manushi-aktorja-qe-shkelqeu-ne-teater-dhe-film-perkujtim-ne-korce","status":"publish","type":"post","link":"https:\/\/www.shqiperia.com\/blog\/violeta-manushi-aktorja-qe-shkelqeu-ne-teater-dhe-film-perkujtim-ne-korce\/","title":{"rendered":"Violeta Manushi aktorja q\u00eb shk\u00eblqeu n\u00eb teat\u00ebr dhe film, p\u00ebrkujtim n\u00eb Kor\u00e7\u00eb"},"content":{"rendered":"<p><img data-recalc-dims=\"1\" loading=\"lazy\" decoding=\"async\" data-attachment-id=\"98177\" data-permalink=\"https:\/\/www.shqiperia.com\/blog\/violeta-manushi-aktorja-qe-shkelqeu-ne-teater-dhe-film-perkujtim-ne-korce\/800-0-1722076521ximg-2719-728x430-158\/\" data-orig-file=\"https:\/\/i0.wp.com\/www.shqiperia.com\/blog\/wp-content\/uploads\/2026\/03\/800-0-1722076521ximg-2719-728x430-158.jpeg?fit=800%2C473&amp;ssl=1\" data-orig-size=\"800,473\" data-comments-opened=\"1\" data-image-meta=\"{&quot;aperture&quot;:&quot;0&quot;,&quot;credit&quot;:&quot;&quot;,&quot;camera&quot;:&quot;&quot;,&quot;caption&quot;:&quot;&quot;,&quot;created_timestamp&quot;:&quot;0&quot;,&quot;copyright&quot;:&quot;&quot;,&quot;focal_length&quot;:&quot;0&quot;,&quot;iso&quot;:&quot;0&quot;,&quot;shutter_speed&quot;:&quot;0&quot;,&quot;title&quot;:&quot;&quot;,&quot;orientation&quot;:&quot;0&quot;}\" data-image-title=\"-800-0-1722076521ximg-2719-728&#215;430-158\" data-image-description=\"\" data-image-caption=\"\" data-medium-file=\"https:\/\/i0.wp.com\/www.shqiperia.com\/blog\/wp-content\/uploads\/2026\/03\/800-0-1722076521ximg-2719-728x430-158.jpeg?fit=300%2C177&amp;ssl=1\" data-large-file=\"https:\/\/i0.wp.com\/www.shqiperia.com\/blog\/wp-content\/uploads\/2026\/03\/800-0-1722076521ximg-2719-728x430-158.jpeg?fit=800%2C473&amp;ssl=1\" class=\"alignnone  wp-image-98177\" alt=\"\" src=\"https:\/\/i0.wp.com\/www.shqiperia.com\/blog\/wp-content\/uploads\/2026\/03\/800-0-1722076521ximg-2719-728x430-158.jpeg?resize=627%2C370&#038;ssl=1\" width=\"627\" height=\"370\" srcset=\"https:\/\/i0.wp.com\/www.shqiperia.com\/blog\/wp-content\/uploads\/2026\/03\/800-0-1722076521ximg-2719-728x430-158.jpeg?resize=300%2C177&amp;ssl=1 300w, https:\/\/i0.wp.com\/www.shqiperia.com\/blog\/wp-content\/uploads\/2026\/03\/800-0-1722076521ximg-2719-728x430-158.jpeg?resize=768%2C454&amp;ssl=1 768w, https:\/\/i0.wp.com\/www.shqiperia.com\/blog\/wp-content\/uploads\/2026\/03\/800-0-1722076521ximg-2719-728x430-158.jpeg?resize=450%2C266&amp;ssl=1 450w, https:\/\/i0.wp.com\/www.shqiperia.com\/blog\/wp-content\/uploads\/2026\/03\/800-0-1722076521ximg-2719-728x430-158.jpeg?resize=600%2C355&amp;ssl=1 600w, https:\/\/i0.wp.com\/www.shqiperia.com\/blog\/wp-content\/uploads\/2026\/03\/800-0-1722076521ximg-2719-728x430-158.jpeg?resize=400%2C237&amp;ssl=1 400w, https:\/\/i0.wp.com\/www.shqiperia.com\/blog\/wp-content\/uploads\/2026\/03\/800-0-1722076521ximg-2719-728x430-158.jpeg?w=800&amp;ssl=1 800w\" sizes=\"auto, (max-width: 627px) 100vw, 627px\" \/><\/p>\n<p>5 Mars 2026<\/p>\n<p>Aktorja Violeta Manushit nj\u00eb nga figurat e shquara t\u00eb sken\u00ebs dhe filmit shqiptar, ku n\u00eb qytetin e Kor\u00e7\u00ebs nj\u00eb aktivitet u zhvillua n\u00eb nder t\u00eb saj. Aktorja e njohur p\u00ebr interpretimet e saj t\u00eb paharrueshme u p\u00ebrkujtua n\u00eb 100-vjetorin e lindjes nga Bashkia e Kor\u00e7\u00ebs, q\u00eb zhvilloi nj\u00eb aktivitet, ku n\u00eb teatrin \u201cAndon Zako \u00c7ajupi\u201d u shfaq dhe dokumentari \u201cBrezi i art\u00eb\u201d-Violeta Manushi.<\/p>\n<p>P\u00ebrmes materialeve arkivore, d\u00ebshmive dhe rr\u00ebfimeve, filmi sjell portretin njer\u00ebzor dhe artistik t\u00eb Manushit, duke e rikthyer at\u00eb n\u00eb v\u00ebmendjen e brezave t\u00eb rinj. Nd\u00ebr t\u00eb tjera, kryetari i Bashkis\u00eb s\u00eb Kor\u00e7\u00ebs Sotiraq Filo u shpreh n\u00eb rrjete sociale, se filmi solli n\u00eb v\u00ebmendje kontributin e saj t\u00eb q\u00ebndruesh\u00ebm n\u00eb artin shqiptar dhe rolin, q\u00eb ajo pati n\u00eb p\u00ebrfaq\u00ebsimin me dinjitet t\u00eb Kor\u00e7\u00ebs n\u00eb sken\u00eb dhe ekran. Violeta Manushi lindi n\u00eb Kor\u00e7\u00eb n\u00eb vitin 1926 dhe filloi karrier\u00ebn e saj artistike n\u00eb sken\u00ebn e teatrit, duke u shnd\u00ebrruar n\u00eb nj\u00eb prej ikonave t\u00eb artit dramatik shqiptar. Ajo interpretoi role t\u00eb shumta n\u00eb teat\u00ebr dhe filma, duke u vler\u00ebsuar p\u00ebr talentin e jasht\u00ebzakonsh\u00ebm, profesionalizmin dhe aft\u00ebsin\u00eb p\u00ebr t\u00eb sjell\u00eb emocione t\u00eb thella n\u00eb publik.<\/p>\n<p>Karriera e saj p\u00ebrfshinte bashk\u00ebpunime me regjisor\u00eb t\u00eb shquar dhe interpretime n\u00eb shfaqje, q\u00eb jan\u00eb pjes\u00eb e repertorit klasik t\u00eb teatrit shqiptar. Ajo ishte nj\u00eb nga ikonat e Teatrit Komb\u00ebtar t\u00eb Tiran\u00ebs. Aktore e madhe, q\u00eb ka shk\u00eblqyer nj\u00ebsoj si n\u00eb komedi (Ollga tek \u201cZonja nga qyteti\u201d) ashtu edhe n\u00eb dram\u00eb (Nica tek \u201cGjenerali i ushtris\u00eb s\u00eb vdekur\u201d). Num\u00ebron mbi 100 role n\u00eb teat\u00ebr. Ka luajtur edhe n\u00eb 16 filma, ku p\u00ebr rolin e teto Ollg\u00ebs tek \u201cZonja nga qyteti\u201d fitoi Medaljonin e Festivalit t\u00eb Filmit m\u00eb 1977. Aktorja Violeta Manushi u nda nga jeta m\u00eb 27 korrik 2007.<\/p>\n","protected":false},"excerpt":{"rendered":"<p>5 Mars 2026 Aktorja Violeta Manushit nj\u00eb nga figurat e shquara t\u00eb sken\u00ebs dhe filmit shqiptar, ku n\u00eb qytetin e Kor\u00e7\u00ebs nj\u00eb aktivitet u zhvillua n\u00eb nder t\u00eb saj. Aktorja e njohur p\u00ebr interpretimet e saj t\u00eb paharrueshme u p\u00ebrkujtua n\u00eb 100-vjetorin e lindjes nga Bashkia e Kor\u00e7\u00ebs, q\u00eb zhvilloi nj\u00eb aktivitet, ku n\u00eb teatrin [&hellip;]<\/p>\n","protected":false},"author":9,"featured_media":98177,"comment_status":"open","ping_status":"open","sticky":false,"template":"","format":"standard","meta":{"jetpack_post_was_ever_published":false,"_jetpack_newsletter_access":"","_jetpack_dont_email_post_to_subs":false,"_jetpack_newsletter_tier_id":0,"_jetpack_memberships_contains_paywalled_content":false,"_jetpack_memberships_contains_paid_content":false,"footnotes":"","jetpack_publicize_message":"","jetpack_publicize_feature_enabled":true,"jetpack_social_post_already_shared":true,"jetpack_social_options":{"image_generator_settings":{"template":"highway","default_image_id":0,"font":"","enabled":false},"version":2}},"categories":[10],"tags":[],"class_list":["post-98174","post","type-post","status-publish","format-standard","has-post-thumbnail","hentry","category-kultura"],"jetpack_publicize_connections":[],"jetpack_featured_media_url":"https:\/\/i0.wp.com\/www.shqiperia.com\/blog\/wp-content\/uploads\/2026\/03\/800-0-1722076521ximg-2719-728x430-158.jpeg?fit=800%2C473&ssl=1","jetpack_sharing_enabled":true,"jetpack_shortlink":"https:\/\/wp.me\/p5Z6wp-pxs","jetpack-related-posts":[{"id":23108,"url":"https:\/\/www.shqiperia.com\/blog\/me-role-te-panumerta-ndahet-nga-jeta-aktorja-e-mirenjohur-shqiptare-valentina-caci\/","url_meta":{"origin":98174,"position":0},"title":"Me role t\u00eb panum\u00ebrta, ndahet nga jeta aktorja e mir\u00ebnjohur shqiptare Valentina Caci","author":"Kurt Farka","date":"July 15, 2019","format":false,"excerpt":"Me role t\u00eb panum\u00ebrta, ndahet nga jeta aktorja e mir\u00ebnjohur shqiptare Valentina Caci \u00cbsht\u00eb ndar\u00eb nga jeta n\u00eb mosh\u00ebn 83-vje\u00e7are aktorja e mir\u00ebnjohur shqiptare, Valentina Caci. Lajmin p\u00ebr vdekjen e saj e ka konfirmuar aktorja Zamira Kita, e cila shpreh ngush\u00ebllimet p\u00ebr ndarjen nga jeta t\u00eb 83-vje\u00e7ares. \u201cLamtumir\u00eb, e mira,\u2026","rel":"","context":"In &quot;Arte&quot;","block_context":{"text":"Arte","link":"https:\/\/www.shqiperia.com\/blog\/category\/arte\/"},"img":{"alt_text":"","src":"https:\/\/i0.wp.com\/www.shqiperia.com\/blog\/wp-content\/uploads\/2019\/07\/Aktorja-Valentina-Caci-3.jpg?fit=640%2C360&ssl=1&resize=350%2C200","width":350,"height":200,"srcset":"https:\/\/i0.wp.com\/www.shqiperia.com\/blog\/wp-content\/uploads\/2019\/07\/Aktorja-Valentina-Caci-3.jpg?fit=640%2C360&ssl=1&resize=350%2C200 1x, https:\/\/i0.wp.com\/www.shqiperia.com\/blog\/wp-content\/uploads\/2019\/07\/Aktorja-Valentina-Caci-3.jpg?fit=640%2C360&ssl=1&resize=525%2C300 1.5x"},"classes":[]},{"id":27387,"url":"https:\/\/www.shqiperia.com\/blog\/ndahet-nga-jeta-aktorja-e-kinomatografise-dhe-teatrit-shqiptar-shpresa-berdellima\/","url_meta":{"origin":98174,"position":1},"title":"Ndahet nga jeta aktorja e Kinomatografise dhe Teatrit Shqiptar SHPRESA BERDELLIMA. &#8211;","author":"Kurt Farka","date":"October 27, 2019","format":false,"excerpt":"Ndahet nga jeta aktorja e Kinomatografise dhe Teatrit Shqiptar SHPRESA BERDELLIMA. Lajm tjet\u00ebr i zi p\u00ebr artin shqiptar. \u00cbsht\u00eb ndar\u00eb nga jeta aktorja Shpresa B\u00ebrdellima. Aktorja q\u00eb u b\u00eb e famshme p\u00ebr publikun shqiptar n\u00eb filmin \u201cVajza me kordele t\u00eb kuqe\u201d me rolin e zonjush\u00ebs Gaitani, mbylli syt\u00eb p\u00ebrgjithmon\u00eb n\u00eb\u2026","rel":"","context":"In &quot;Arte&quot;","block_context":{"text":"Arte","link":"https:\/\/www.shqiperia.com\/blog\/category\/arte\/"},"img":{"alt_text":"","src":"https:\/\/i0.wp.com\/www.shqiperia.com\/blog\/wp-content\/uploads\/2019\/10\/Aktorja-Shpresa-Berdellima-300x168.jpg?resize=350%2C200&ssl=1","width":350,"height":200,"srcset":"https:\/\/i0.wp.com\/www.shqiperia.com\/blog\/wp-content\/uploads\/2019\/10\/Aktorja-Shpresa-Berdellima-300x168.jpg?resize=350%2C200&ssl=1 1x, https:\/\/i0.wp.com\/www.shqiperia.com\/blog\/wp-content\/uploads\/2019\/10\/Aktorja-Shpresa-Berdellima-300x168.jpg?resize=525%2C300&ssl=1 1.5x"},"classes":[]},{"id":96130,"url":"https:\/\/www.shqiperia.com\/blog\/legjenda-e-ekranit-francez-aktorja-dhe-kengetarja-brigitte-bardot-nderron-jete-ne-moshen-91-vjecare\/","url_meta":{"origin":98174,"position":2},"title":"Legjenda e ekranit francez, aktorja dhe k\u00ebng\u00ebtarja Brigitte Bardot nd\u00ebrron jet\u00eb n\u00eb mosh\u00ebn 91-vje\u00e7are","author":"Kurt Farka","date":"December 28, 2025","format":false,"excerpt":"28 Dhjetor 2025 Brigitte Bardot, aktorja dhe k\u00ebng\u00ebtarja franceze q\u00eb u b\u00eb nj\u00eb seks-simbol nd\u00ebrkomb\u00ebtar p\u00ebrpara se t\u2019i kthente shpin\u00ebn industris\u00eb s\u00eb filmit p\u00ebr t\u2019u b\u00ebr\u00eb aktiviste p\u00ebr t\u00eb drejtat e kafsh\u00ebve, ka nd\u00ebrruar jet\u00eb n\u00eb mosh\u00ebn 91 vje\u00e7. Bardot fitoi fam\u00eb nd\u00ebrkomb\u00ebtare me filmin e vitit 1956 \u201cDhe Zoti\u2026","rel":"","context":"In &quot;Arte&quot;","block_context":{"text":"Arte","link":"https:\/\/www.shqiperia.com\/blog\/category\/arte\/"},"img":{"alt_text":"","src":"https:\/\/i0.wp.com\/www.shqiperia.com\/blog\/wp-content\/uploads\/2025\/12\/5151_sd-1.webp?fit=1200%2C675&ssl=1&resize=350%2C200","width":350,"height":200,"srcset":"https:\/\/i0.wp.com\/www.shqiperia.com\/blog\/wp-content\/uploads\/2025\/12\/5151_sd-1.webp?fit=1200%2C675&ssl=1&resize=350%2C200 1x, https:\/\/i0.wp.com\/www.shqiperia.com\/blog\/wp-content\/uploads\/2025\/12\/5151_sd-1.webp?fit=1200%2C675&ssl=1&resize=525%2C300 1.5x, https:\/\/i0.wp.com\/www.shqiperia.com\/blog\/wp-content\/uploads\/2025\/12\/5151_sd-1.webp?fit=1200%2C675&ssl=1&resize=700%2C400 2x, https:\/\/i0.wp.com\/www.shqiperia.com\/blog\/wp-content\/uploads\/2025\/12\/5151_sd-1.webp?fit=1200%2C675&ssl=1&resize=1050%2C600 3x"},"classes":[]},{"id":32305,"url":"https:\/\/www.shqiperia.com\/blog\/filmi-dere-e-hapur-shfaqet-ne-perrenjas-puke-dhe-elbasan\/","url_meta":{"origin":98174,"position":3},"title":"Filmi \u201cDer\u00eb e hapur\u201d shfaqet n\u00eb P\u00ebrrenjas, Puk\u00eb dhe Elbasan. (!)","author":"Kurt Farka","date":"March 12, 2020","format":false,"excerpt":"Filmi \u201cDer\u00eb e hapur\u201d shfaqet n\u00eb P\u00ebrrenjas, Puk\u00eb dhe Elbasan. (!) 12 mars 2020 Filmi \u201cOpen door\u201d u shfaq gjat\u00eb k\u00ebtyre dit\u00ebve (!) n\u00eb disa qytete t\u00eb vendit. Filmi me regji nga Florenc Papas, u shfaq n\u00eb qytetet si P\u00ebrrenjas, Puk\u00eb dhe Elbasan. Shfaqja e filmit u organizua nga organizata\u2026","rel":"","context":"In &quot;Arte&quot;","block_context":{"text":"Arte","link":"https:\/\/www.shqiperia.com\/blog\/category\/arte\/"},"img":{"alt_text":"","src":"https:\/\/i0.wp.com\/www.shqiperia.com\/blog\/wp-content\/uploads\/2020\/03\/800-0-5e69dd4145c06.jpg?fit=800%2C451&ssl=1&resize=350%2C200","width":350,"height":200,"srcset":"https:\/\/i0.wp.com\/www.shqiperia.com\/blog\/wp-content\/uploads\/2020\/03\/800-0-5e69dd4145c06.jpg?fit=800%2C451&ssl=1&resize=350%2C200 1x, https:\/\/i0.wp.com\/www.shqiperia.com\/blog\/wp-content\/uploads\/2020\/03\/800-0-5e69dd4145c06.jpg?fit=800%2C451&ssl=1&resize=525%2C300 1.5x, https:\/\/i0.wp.com\/www.shqiperia.com\/blog\/wp-content\/uploads\/2020\/03\/800-0-5e69dd4145c06.jpg?fit=800%2C451&ssl=1&resize=700%2C400 2x"},"classes":[]},{"id":8439,"url":"https:\/\/www.shqiperia.com\/blog\/ju-kujtohet-pavlina-mani-aktorja-e-teatrit-dhe-kinemase-shqiptare\/","url_meta":{"origin":98174,"position":4},"title":"Ju kujtohet Pavlina Mani, aktorja e teatrit dhe kinemase shqiptare. &#8211;","author":"Kurt Farka","date":"June 5, 2018","format":false,"excerpt":"Ju kujtohet Pavlina Mani, aktorja e teatrit dhe kinemase shqiptare. - Ajo eshte padyshim nje nga aktoret me fantastike qe ka prodhuar kinematografia dhe teatri shqiptar. Po flasim per Pavlina Manin, aktorja qe per brezin pas \u201990-\u00ebs mbahet mend per serialin e famsh\u00ebm te filmit \u201cNjer\u00ebz dhe fate\u201d, ndersa per\u2026","rel":"","context":"In &quot;Arte&quot;","block_context":{"text":"Arte","link":"https:\/\/www.shqiperia.com\/blog\/category\/arte\/"},"img":{"alt_text":"","src":"https:\/\/i0.wp.com\/www.shqiperia.com\/blog\/wp-content\/uploads\/2018\/06\/Pvlina-dhe-Piro-Mani.jpg?fit=696%2C348&ssl=1&resize=350%2C200","width":350,"height":200,"srcset":"https:\/\/i0.wp.com\/www.shqiperia.com\/blog\/wp-content\/uploads\/2018\/06\/Pvlina-dhe-Piro-Mani.jpg?fit=696%2C348&ssl=1&resize=350%2C200 1x, https:\/\/i0.wp.com\/www.shqiperia.com\/blog\/wp-content\/uploads\/2018\/06\/Pvlina-dhe-Piro-Mani.jpg?fit=696%2C348&ssl=1&resize=525%2C300 1.5x"},"classes":[]},{"id":43514,"url":"https:\/\/www.shqiperia.com\/blog\/fshatrat-e-shqiperise-tushemishti-foto-album\/","url_meta":{"origin":98174,"position":5},"title":"Fshatrat e Shqiperise &#8211; Tushemishti. Foto album","author":"Kurt Farka","date":"January 29, 2021","format":false,"excerpt":"Fshatrat e Shqiperise - Tushemishti \u2013 Tushemishti, fshati turistik q\u00eb ndodhet 5 km larg qytetit t\u00eb Pogradecit, ofron nj\u00eb pamje mahnit\u00ebse p\u00ebr t\u00eb gjith\u00eb vizitor\u00ebt. Shum\u00eb af\u00ebr liqenit, Tushemishti ofron pamje t\u00eb bukur n\u00eb \u00e7do stin\u00eb dhe plazh mahnit\u00ebs n\u00eb stin\u00ebn e ver\u00ebs. N\u00eb brend\u00ebsi t\u00eb fshatit gjenden sht\u00ebpi t\u00eb\u2026","rel":"","context":"In &quot;Blogu i Udh\u00ebtarit&quot;","block_context":{"text":"Blogu i Udh\u00ebtarit","link":"https:\/\/www.shqiperia.com\/blog\/category\/blogu-i-udhetarit\/"},"img":{"alt_text":"","src":"https:\/\/i0.wp.com\/www.shqiperia.com\/blog\/wp-content\/uploads\/2021\/01\/tushemishti.jpg?fit=1024%2C601&ssl=1&resize=350%2C200","width":350,"height":200,"srcset":"https:\/\/i0.wp.com\/www.shqiperia.com\/blog\/wp-content\/uploads\/2021\/01\/tushemishti.jpg?fit=1024%2C601&ssl=1&resize=350%2C200 1x, https:\/\/i0.wp.com\/www.shqiperia.com\/blog\/wp-content\/uploads\/2021\/01\/tushemishti.jpg?fit=1024%2C601&ssl=1&resize=525%2C300 1.5x, https:\/\/i0.wp.com\/www.shqiperia.com\/blog\/wp-content\/uploads\/2021\/01\/tushemishti.jpg?fit=1024%2C601&ssl=1&resize=700%2C400 2x"},"classes":[]}],"_links":{"self":[{"href":"https:\/\/www.shqiperia.com\/blog\/wp-json\/wp\/v2\/posts\/98174","targetHints":{"allow":["GET"]}}],"collection":[{"href":"https:\/\/www.shqiperia.com\/blog\/wp-json\/wp\/v2\/posts"}],"about":[{"href":"https:\/\/www.shqiperia.com\/blog\/wp-json\/wp\/v2\/types\/post"}],"author":[{"embeddable":true,"href":"https:\/\/www.shqiperia.com\/blog\/wp-json\/wp\/v2\/users\/9"}],"replies":[{"embeddable":true,"href":"https:\/\/www.shqiperia.com\/blog\/wp-json\/wp\/v2\/comments?post=98174"}],"version-history":[{"count":3,"href":"https:\/\/www.shqiperia.com\/blog\/wp-json\/wp\/v2\/posts\/98174\/revisions"}],"predecessor-version":[{"id":98178,"href":"https:\/\/www.shqiperia.com\/blog\/wp-json\/wp\/v2\/posts\/98174\/revisions\/98178"}],"wp:featuredmedia":[{"embeddable":true,"href":"https:\/\/www.shqiperia.com\/blog\/wp-json\/wp\/v2\/media\/98177"}],"wp:attachment":[{"href":"https:\/\/www.shqiperia.com\/blog\/wp-json\/wp\/v2\/media?parent=98174"}],"wp:term":[{"taxonomy":"category","embeddable":true,"href":"https:\/\/www.shqiperia.com\/blog\/wp-json\/wp\/v2\/categories?post=98174"},{"taxonomy":"post_tag","embeddable":true,"href":"https:\/\/www.shqiperia.com\/blog\/wp-json\/wp\/v2\/tags?post=98174"}],"curies":[{"name":"wp","href":"https:\/\/api.w.org\/{rel}","templated":true}]}}