{"id":98171,"date":"2026-03-05T19:46:55","date_gmt":"2026-03-05T19:46:55","guid":{"rendered":"https:\/\/www.shqiperia.com\/blog\/?p=98171"},"modified":"2026-03-05T19:46:55","modified_gmt":"2026-03-05T19:46:55","slug":"nje-murale-per-beselidhjen-e-lezhes","status":"publish","type":"post","link":"https:\/\/www.shqiperia.com\/blog\/nje-murale-per-beselidhjen-e-lezhes\/","title":{"rendered":"Nj\u00eb murale p\u00ebr Bes\u00eblidhjen e Lezh\u00ebs"},"content":{"rendered":"<p><img data-recalc-dims=\"1\" loading=\"lazy\" decoding=\"async\" data-attachment-id=\"98172\" data-permalink=\"https:\/\/www.shqiperia.com\/blog\/nje-murale-per-beselidhjen-e-lezhes\/muralja-1024x538\/\" data-orig-file=\"https:\/\/i0.wp.com\/www.shqiperia.com\/blog\/wp-content\/uploads\/2026\/03\/Muralja-1024x538-1.webp?fit=1024%2C538&amp;ssl=1\" data-orig-size=\"1024,538\" data-comments-opened=\"1\" data-image-meta=\"{&quot;aperture&quot;:&quot;0&quot;,&quot;credit&quot;:&quot;&quot;,&quot;camera&quot;:&quot;&quot;,&quot;caption&quot;:&quot;&quot;,&quot;created_timestamp&quot;:&quot;0&quot;,&quot;copyright&quot;:&quot;&quot;,&quot;focal_length&quot;:&quot;0&quot;,&quot;iso&quot;:&quot;0&quot;,&quot;shutter_speed&quot;:&quot;0&quot;,&quot;title&quot;:&quot;&quot;,&quot;orientation&quot;:&quot;0&quot;}\" data-image-title=\"Muralja-1024&#215;538\" data-image-description=\"\" data-image-caption=\"\" data-medium-file=\"https:\/\/i0.wp.com\/www.shqiperia.com\/blog\/wp-content\/uploads\/2026\/03\/Muralja-1024x538-1.webp?fit=300%2C158&amp;ssl=1\" data-large-file=\"https:\/\/i0.wp.com\/www.shqiperia.com\/blog\/wp-content\/uploads\/2026\/03\/Muralja-1024x538-1.webp?fit=1024%2C538&amp;ssl=1\" class=\"alignnone  wp-image-98172\" alt=\"\" src=\"https:\/\/i0.wp.com\/www.shqiperia.com\/blog\/wp-content\/uploads\/2026\/03\/Muralja-1024x538-1.webp?resize=406%2C214&#038;ssl=1\" width=\"406\" height=\"214\" srcset=\"https:\/\/i0.wp.com\/www.shqiperia.com\/blog\/wp-content\/uploads\/2026\/03\/Muralja-1024x538-1.webp?resize=300%2C158&amp;ssl=1 300w, https:\/\/i0.wp.com\/www.shqiperia.com\/blog\/wp-content\/uploads\/2026\/03\/Muralja-1024x538-1.webp?resize=768%2C404&amp;ssl=1 768w, https:\/\/i0.wp.com\/www.shqiperia.com\/blog\/wp-content\/uploads\/2026\/03\/Muralja-1024x538-1.webp?resize=450%2C236&amp;ssl=1 450w, https:\/\/i0.wp.com\/www.shqiperia.com\/blog\/wp-content\/uploads\/2026\/03\/Muralja-1024x538-1.webp?resize=600%2C315&amp;ssl=1 600w, https:\/\/i0.wp.com\/www.shqiperia.com\/blog\/wp-content\/uploads\/2026\/03\/Muralja-1024x538-1.webp?resize=400%2C210&amp;ssl=1 400w, https:\/\/i0.wp.com\/www.shqiperia.com\/blog\/wp-content\/uploads\/2026\/03\/Muralja-1024x538-1.webp?w=1024&amp;ssl=1 1024w\" sizes=\"auto, (max-width: 406px) 100vw, 406px\" \/><\/p>\n<p>5 Mars 2026<\/p>\n<p>Kjo murale \u00ebsht\u00eb vendosur n\u00eb hyrje t\u00eb qytetit t\u00eb Lezh\u00ebs. Ajo i dedikohet Bes\u00eblidhjes s\u00eb Lezh\u00ebs n\u00eb 582 vjetorin e saj.<\/p>\n<p>Vepra \u00ebsht\u00eb realizuar nga piktori Bledar \u00c7akalli, i cili synon q\u00eb t\u00eb mbaj\u00eb gjall\u00eb kujtimin e k\u00ebsaj ngjarjeje t\u00eb r\u00ebnd\u00ebsishme historike.<\/p>\n<p>\u201cShqip\u00ebtar\u00ebt edhe sot e k\u00ebsaj dite edhe pse kan\u00eb kaluar vite e shekuj, kan\u00eb nevoj\u00eb t\u00eb b\u00ebhen bashk\u00eb, si\u00e7 i b\u00ebri Gjergj Kastrioti m\u00eb 2 Mars 1444\u201d, u shpreh piktori.<\/p>\n<p><img data-recalc-dims=\"1\" loading=\"lazy\" decoding=\"async\" data-attachment-id=\"98172\" data-permalink=\"https:\/\/www.shqiperia.com\/blog\/nje-murale-per-beselidhjen-e-lezhes\/muralja-1024x538\/\" data-orig-file=\"https:\/\/i0.wp.com\/www.shqiperia.com\/blog\/wp-content\/uploads\/2026\/03\/Muralja-1024x538-1.webp?fit=1024%2C538&amp;ssl=1\" data-orig-size=\"1024,538\" data-comments-opened=\"1\" data-image-meta=\"{&quot;aperture&quot;:&quot;0&quot;,&quot;credit&quot;:&quot;&quot;,&quot;camera&quot;:&quot;&quot;,&quot;caption&quot;:&quot;&quot;,&quot;created_timestamp&quot;:&quot;0&quot;,&quot;copyright&quot;:&quot;&quot;,&quot;focal_length&quot;:&quot;0&quot;,&quot;iso&quot;:&quot;0&quot;,&quot;shutter_speed&quot;:&quot;0&quot;,&quot;title&quot;:&quot;&quot;,&quot;orientation&quot;:&quot;0&quot;}\" data-image-title=\"Muralja-1024&#215;538\" data-image-description=\"\" data-image-caption=\"\" data-medium-file=\"https:\/\/i0.wp.com\/www.shqiperia.com\/blog\/wp-content\/uploads\/2026\/03\/Muralja-1024x538-1.webp?fit=300%2C158&amp;ssl=1\" data-large-file=\"https:\/\/i0.wp.com\/www.shqiperia.com\/blog\/wp-content\/uploads\/2026\/03\/Muralja-1024x538-1.webp?fit=1024%2C538&amp;ssl=1\" class=\"alignnone  wp-image-98172\" alt=\"\" src=\"https:\/\/i0.wp.com\/www.shqiperia.com\/blog\/wp-content\/uploads\/2026\/03\/Muralja-1024x538-1.webp?resize=942%2C496&#038;ssl=1\" width=\"942\" height=\"496\" srcset=\"https:\/\/i0.wp.com\/www.shqiperia.com\/blog\/wp-content\/uploads\/2026\/03\/Muralja-1024x538-1.webp?resize=300%2C158&amp;ssl=1 300w, https:\/\/i0.wp.com\/www.shqiperia.com\/blog\/wp-content\/uploads\/2026\/03\/Muralja-1024x538-1.webp?resize=768%2C404&amp;ssl=1 768w, https:\/\/i0.wp.com\/www.shqiperia.com\/blog\/wp-content\/uploads\/2026\/03\/Muralja-1024x538-1.webp?resize=450%2C236&amp;ssl=1 450w, https:\/\/i0.wp.com\/www.shqiperia.com\/blog\/wp-content\/uploads\/2026\/03\/Muralja-1024x538-1.webp?resize=600%2C315&amp;ssl=1 600w, https:\/\/i0.wp.com\/www.shqiperia.com\/blog\/wp-content\/uploads\/2026\/03\/Muralja-1024x538-1.webp?resize=400%2C210&amp;ssl=1 400w, https:\/\/i0.wp.com\/www.shqiperia.com\/blog\/wp-content\/uploads\/2026\/03\/Muralja-1024x538-1.webp?w=1024&amp;ssl=1 1024w\" sizes=\"auto, (max-width: 942px) 100vw, 942px\" \/><\/p>\n<p>Kjo murale jep edhe mesazhin e bashkimit.<\/p>\n<p>\u201cP\u00ebr fat t\u00eb mir\u00eb, historia e kombit shqiptar \u00ebsht\u00eb e ndritur, ka shum\u00eb histori dhe tregon shum\u00eb ngjarje, pavar\u00ebsisht gjendjes q\u00eb jemi, ata kan\u00eb treguar q\u00eb mund t\u00eb b\u00ebhen bashk\u00eb\u201d, pohoi Bledar \u00c7akalli.<\/p>\n<p>Piktori thot\u00eb se do t\u00eb realizoj\u00eb edhe murale t\u00eb tjera, q\u00eb do t\u00eb vendosen n\u00eb qytete t\u00eb ndryshme t\u00eb trevave shqiptare.<\/p>\n","protected":false},"excerpt":{"rendered":"<p>5 Mars 2026 Kjo murale \u00ebsht\u00eb vendosur n\u00eb hyrje t\u00eb qytetit t\u00eb Lezh\u00ebs. Ajo i dedikohet Bes\u00eblidhjes s\u00eb Lezh\u00ebs n\u00eb 582 vjetorin e saj. Vepra \u00ebsht\u00eb realizuar nga piktori Bledar \u00c7akalli, i cili synon q\u00eb t\u00eb mbaj\u00eb gjall\u00eb kujtimin e k\u00ebsaj ngjarjeje t\u00eb r\u00ebnd\u00ebsishme historike. \u201cShqip\u00ebtar\u00ebt edhe sot e k\u00ebsaj dite edhe pse kan\u00eb kaluar [&hellip;]<\/p>\n","protected":false},"author":9,"featured_media":98172,"comment_status":"open","ping_status":"open","sticky":false,"template":"","format":"standard","meta":{"jetpack_post_was_ever_published":false,"_jetpack_newsletter_access":"","_jetpack_dont_email_post_to_subs":false,"_jetpack_newsletter_tier_id":0,"_jetpack_memberships_contains_paywalled_content":false,"_jetpack_memberships_contains_paid_content":false,"footnotes":"","jetpack_publicize_message":"","jetpack_publicize_feature_enabled":true,"jetpack_social_post_already_shared":true,"jetpack_social_options":{"image_generator_settings":{"template":"highway","default_image_id":0,"font":"","enabled":false},"version":2}},"categories":[87,85,10,35],"tags":[],"class_list":["post-98171","post","type-post","status-publish","format-standard","has-post-thumbnail","hentry","category-arte","category-histori","category-kultura","category-shoqerore"],"jetpack_publicize_connections":[],"jetpack_featured_media_url":"https:\/\/i0.wp.com\/www.shqiperia.com\/blog\/wp-content\/uploads\/2026\/03\/Muralja-1024x538-1.webp?fit=1024%2C538&ssl=1","jetpack_sharing_enabled":true,"jetpack_shortlink":"https:\/\/wp.me\/p5Z6wp-pxp","jetpack-related-posts":[{"id":26572,"url":"https:\/\/www.shqiperia.com\/blog\/tjeter-zbulim-ne-kishen-e-balldrenit-del-ne-drite-struktura-murale\/","url_meta":{"origin":98171,"position":0},"title":"Tjet\u00ebr zbulim n\u00eb kish\u00ebn e Balldrenit, del n\u00eb drit\u00eb struktura murale. &#8211;","author":"Kurt Farka","date":"October 3, 2019","format":false,"excerpt":"Tjet\u00ebr zbulim n\u00eb kish\u00ebn e Balldrenit, del n\u00eb drit\u00eb struktura murale. - Nga:\u00a0Elvis Hila 01\/10\/2019 - K\u00ebto struktura murale ende t\u00eb padatuara se kujt periudhe historike i p\u00ebrkasin dhe nj\u00eb varr ka dal\u00eb n\u00eb drit\u00eb gjat\u00eb punimeve p\u00ebr restaurimin e kish\u00ebs s\u00eb \"Sh\u00ebn Premtes\" n\u00eb Balldre t\u00eb Lezh\u00ebs. Muret e\u2026","rel":"","context":"In &quot;Blogu i Udh\u00ebtarit&quot;","block_context":{"text":"Blogu i Udh\u00ebtarit","link":"https:\/\/www.shqiperia.com\/blog\/category\/blogu-i-udhetarit\/"},"img":{"alt_text":"","src":"https:\/\/i0.wp.com\/www.shqiperia.com\/blog\/wp-content\/uploads\/2019\/10\/kishe0mure.jpg?fit=1200%2C661&ssl=1&resize=350%2C200","width":350,"height":200,"srcset":"https:\/\/i0.wp.com\/www.shqiperia.com\/blog\/wp-content\/uploads\/2019\/10\/kishe0mure.jpg?fit=1200%2C661&ssl=1&resize=350%2C200 1x, https:\/\/i0.wp.com\/www.shqiperia.com\/blog\/wp-content\/uploads\/2019\/10\/kishe0mure.jpg?fit=1200%2C661&ssl=1&resize=525%2C300 1.5x, https:\/\/i0.wp.com\/www.shqiperia.com\/blog\/wp-content\/uploads\/2019\/10\/kishe0mure.jpg?fit=1200%2C661&ssl=1&resize=700%2C400 2x, https:\/\/i0.wp.com\/www.shqiperia.com\/blog\/wp-content\/uploads\/2019\/10\/kishe0mure.jpg?fit=1200%2C661&ssl=1&resize=1050%2C600 3x"},"classes":[]},{"id":38420,"url":"https:\/\/www.shqiperia.com\/blog\/vajza-qe-zbukuron-muret-e-shkodres\/","url_meta":{"origin":98171,"position":1},"title":"Vajza q\u00eb zbukuron muret e Shkodr\u00ebs","author":"Kurt Farka","date":"September 14, 2020","format":false,"excerpt":"Vajza q\u00eb zbukuron muret e Shkodr\u00ebs - 13\/09\/20 mapo.al Nermin Shurdha \u00ebsht\u00eb me profesion ekonomiste, por pasioni i saj \u00ebsht\u00eb piktura murale. Prej disa vitesh ajo pikturon n\u00eb muret e vjetra t\u00eb qytetit t\u00eb saj, Shkodr\u00ebs, duke i shnd\u00ebrruar ato, por edhe duke p\u00ebrcjell\u00eb mesazhe. Nermini banonon n\u00eb nj\u00eb nga\u2026","rel":"","context":"In &quot;Arte&quot;","block_context":{"text":"Arte","link":"https:\/\/www.shqiperia.com\/blog\/category\/arte\/"},"img":{"alt_text":"","src":"https:\/\/i0.wp.com\/www.shqiperia.com\/blog\/wp-content\/uploads\/2020\/09\/voa-pic.jpg?fit=1023%2C575&ssl=1&resize=350%2C200","width":350,"height":200,"srcset":"https:\/\/i0.wp.com\/www.shqiperia.com\/blog\/wp-content\/uploads\/2020\/09\/voa-pic.jpg?fit=1023%2C575&ssl=1&resize=350%2C200 1x, https:\/\/i0.wp.com\/www.shqiperia.com\/blog\/wp-content\/uploads\/2020\/09\/voa-pic.jpg?fit=1023%2C575&ssl=1&resize=525%2C300 1.5x, https:\/\/i0.wp.com\/www.shqiperia.com\/blog\/wp-content\/uploads\/2020\/09\/voa-pic.jpg?fit=1023%2C575&ssl=1&resize=700%2C400 2x"},"classes":[]},{"id":37381,"url":"https:\/\/www.shqiperia.com\/blog\/vepra-arti-ne-kryezi-puke\/","url_meta":{"origin":98171,"position":2},"title":"Vepra Arti ne Kryezi Puke","author":"Kurt Farka","date":"August 19, 2020","format":false,"excerpt":"Vepra Arti ne Kryezi Puke Ne Kyezi Puke ka filluar te marre rruge turizmi. Kjo fale punes dhe perkushtimit te banorit Nikolin Prenga. Ajo qe bie ne sy eshte qe krahas ambjentit te paster dhe sherbimit model, ketu te shfaqet edhe nje veper arti ne gjinine e puktures murale. Kjo\u2026","rel":"","context":"In &quot;Arte&quot;","block_context":{"text":"Arte","link":"https:\/\/www.shqiperia.com\/blog\/category\/arte\/"},"img":{"alt_text":"","src":"https:\/\/i0.wp.com\/www.shqiperia.com\/blog\/wp-content\/uploads\/2020\/08\/Kryezi-Puke.jpg?fit=557%2C257&ssl=1&resize=350%2C200","width":350,"height":200,"srcset":"https:\/\/i0.wp.com\/www.shqiperia.com\/blog\/wp-content\/uploads\/2020\/08\/Kryezi-Puke.jpg?fit=557%2C257&ssl=1&resize=350%2C200 1x, https:\/\/i0.wp.com\/www.shqiperia.com\/blog\/wp-content\/uploads\/2020\/08\/Kryezi-Puke.jpg?fit=557%2C257&ssl=1&resize=525%2C300 1.5x"},"classes":[]},{"id":46771,"url":"https:\/\/www.shqiperia.com\/blog\/dionisi-piktori-i-muzakajve-qe-la-gjurme-te-forta-ne-shek-xiv\/","url_meta":{"origin":98171,"position":3},"title":"Dionisi, Piktori i Muzakajve q\u00eb la gjurm\u00eb t\u00eb forta n\u00eb Shek XIV","author":"Kurt Farka","date":"April 21, 2021","format":false,"excerpt":"Dionisi, Piktori i Muzakajve q\u00eb la gjurm\u00eb t\u00eb forta n\u00eb Shek XIV - 20.02.21 N\u00eb kishat e zon\u00ebs s\u00eb Kor\u00e7\u00ebs ndodhen veprat m\u00eb t\u00eb r\u00ebnd\u00ebsishme t\u00eb piktur\u00ebs s\u00eb sh\u00ebk. XIV, t\u00eb cilat n\u00eb shumic\u00ebn e rasteve njihen nga studiuesit e artit si vepra t\u00eb piktor\u00ebve anonim\u00eb, duke i konsideruar si\u2026","rel":"","context":"In &quot;Arte&quot;","block_context":{"text":"Arte","link":"https:\/\/www.shqiperia.com\/blog\/category\/arte\/"},"img":{"alt_text":"","src":"https:\/\/i0.wp.com\/www.shqiperia.com\/blog\/wp-content\/uploads\/2021\/04\/Untitled-1-5.jpg?fit=481%2C289&ssl=1&resize=350%2C200","width":350,"height":200},"classes":[]},{"id":50421,"url":"https:\/\/www.shqiperia.com\/blog\/rrenohet-kisha-700-vjecare-ne-blinisht-dom-nik-ukgjini-thirrje-ministrise-dhe-dioqezes-se-lezhes-shpetoni-monumentin-e-kultures\/","url_meta":{"origin":98171,"position":4},"title":"Rr\u00ebnohet kisha 700-vje\u00e7are n\u00eb Blinisht, Dom Nik Ukgjini thirrje Ministris\u00eb dhe Dioqez\u00ebs s\u00eb Lezh\u00ebs: Shp\u00ebtoni monumentin e kultur\u00ebs.","author":"Kurt Farka","date":"October 11, 2021","format":false,"excerpt":"Rr\u00ebnohet kisha 700-vje\u00e7are n\u00eb Blinisht, Dom Nik Ukgjini thirrje Ministris\u00eb dhe Dioqez\u00ebs s\u00eb Lezh\u00ebs: Shp\u00ebtoni monumentin e kultur\u00ebs. 9 Tetor 2021 Nga: Elvis Hila Pak gj\u00eb, ka mbetur nga lavdia e dikurshme e kish\u00ebs s\u00eb Sh\u00ebn Shtjefnit n\u00eb Blinisht t\u00eb Lezh\u00ebs. Objekti i kultit i cili g\u00ebzon dhe statusin monument\u2026","rel":"","context":"In &quot;Histori&quot;","block_context":{"text":"Histori","link":"https:\/\/www.shqiperia.com\/blog\/category\/histori\/"},"img":{"alt_text":"","src":"https:\/\/i0.wp.com\/www.shqiperia.com\/blog\/wp-content\/uploads\/2021\/10\/1633789012_1633788698KISHA.jpg?fit=780%2C440&ssl=1&resize=350%2C200","width":350,"height":200,"srcset":"https:\/\/i0.wp.com\/www.shqiperia.com\/blog\/wp-content\/uploads\/2021\/10\/1633789012_1633788698KISHA.jpg?fit=780%2C440&ssl=1&resize=350%2C200 1x, https:\/\/i0.wp.com\/www.shqiperia.com\/blog\/wp-content\/uploads\/2021\/10\/1633789012_1633788698KISHA.jpg?fit=780%2C440&ssl=1&resize=525%2C300 1.5x, https:\/\/i0.wp.com\/www.shqiperia.com\/blog\/wp-content\/uploads\/2021\/10\/1633789012_1633788698KISHA.jpg?fit=780%2C440&ssl=1&resize=700%2C400 2x"},"classes":[]},{"id":8842,"url":"https:\/\/www.shqiperia.com\/blog\/ekspozite-pikture-nje-dite-para-ditelindjes-me-piktorin-mirditas-pjeter-marku\/","url_meta":{"origin":98171,"position":5},"title":"Ekspozit\u00eb pikture nj\u00eb dit\u00eb para dit\u00eblindjes\u2026.-Me piktorin mirditas Pjet\u00ebr Marku-","author":"Kurt Farka","date":"June 19, 2018","format":false,"excerpt":"Ekspozit\u00eb pikture nj\u00eb dit\u00eb para dit\u00eblindjes\u2026.-Me piktorin mirditas Pjet\u00ebr Marku- -Nga Martin DEDAJ- Piktori mirditas 71-vje\u00e7ari Pjet\u00ebr Marku i \u00ebsht\u00eb rikthyer p\u00ebrs\u00ebri Lezh\u00ebs, teksa dit\u00eb m\u00eb par\u00eb (23 Mars 2018) n\u00eb Galerin\u00eb e Arteve t\u00eb k\u00ebtij qyteti, n\u00eb pranin\u00eb e shum\u00eb njer\u00ebzve t\u00eb artit dhe kultur\u00ebs, intelektual\u00eb e p\u00ebrfaq\u00ebsues t\u00eb\u2026","rel":"","context":"In &quot;Arte&quot;","block_context":{"text":"Arte","link":"https:\/\/www.shqiperia.com\/blog\/category\/arte\/"},"img":{"alt_text":"","src":"https:\/\/i0.wp.com\/www.shqiperia.com\/blog\/wp-content\/uploads\/2018\/06\/piktori-Pjeter-Marku.jpg?fit=1006%2C516&ssl=1&resize=350%2C200","width":350,"height":200,"srcset":"https:\/\/i0.wp.com\/www.shqiperia.com\/blog\/wp-content\/uploads\/2018\/06\/piktori-Pjeter-Marku.jpg?fit=1006%2C516&ssl=1&resize=350%2C200 1x, https:\/\/i0.wp.com\/www.shqiperia.com\/blog\/wp-content\/uploads\/2018\/06\/piktori-Pjeter-Marku.jpg?fit=1006%2C516&ssl=1&resize=525%2C300 1.5x, https:\/\/i0.wp.com\/www.shqiperia.com\/blog\/wp-content\/uploads\/2018\/06\/piktori-Pjeter-Marku.jpg?fit=1006%2C516&ssl=1&resize=700%2C400 2x"},"classes":[]}],"_links":{"self":[{"href":"https:\/\/www.shqiperia.com\/blog\/wp-json\/wp\/v2\/posts\/98171","targetHints":{"allow":["GET"]}}],"collection":[{"href":"https:\/\/www.shqiperia.com\/blog\/wp-json\/wp\/v2\/posts"}],"about":[{"href":"https:\/\/www.shqiperia.com\/blog\/wp-json\/wp\/v2\/types\/post"}],"author":[{"embeddable":true,"href":"https:\/\/www.shqiperia.com\/blog\/wp-json\/wp\/v2\/users\/9"}],"replies":[{"embeddable":true,"href":"https:\/\/www.shqiperia.com\/blog\/wp-json\/wp\/v2\/comments?post=98171"}],"version-history":[{"count":1,"href":"https:\/\/www.shqiperia.com\/blog\/wp-json\/wp\/v2\/posts\/98171\/revisions"}],"predecessor-version":[{"id":98173,"href":"https:\/\/www.shqiperia.com\/blog\/wp-json\/wp\/v2\/posts\/98171\/revisions\/98173"}],"wp:featuredmedia":[{"embeddable":true,"href":"https:\/\/www.shqiperia.com\/blog\/wp-json\/wp\/v2\/media\/98172"}],"wp:attachment":[{"href":"https:\/\/www.shqiperia.com\/blog\/wp-json\/wp\/v2\/media?parent=98171"}],"wp:term":[{"taxonomy":"category","embeddable":true,"href":"https:\/\/www.shqiperia.com\/blog\/wp-json\/wp\/v2\/categories?post=98171"},{"taxonomy":"post_tag","embeddable":true,"href":"https:\/\/www.shqiperia.com\/blog\/wp-json\/wp\/v2\/tags?post=98171"}],"curies":[{"name":"wp","href":"https:\/\/api.w.org\/{rel}","templated":true}]}}