{"id":98168,"date":"2026-03-05T19:37:31","date_gmt":"2026-03-05T19:37:31","guid":{"rendered":"https:\/\/www.shqiperia.com\/blog\/?p=98168"},"modified":"2026-03-05T19:37:31","modified_gmt":"2026-03-05T19:37:31","slug":"kerkesa-e-osmanit-per-president-nga-populli-komisioni-parlamentar-per-legjislacion-miraton-amendamentet-kushtetuese","status":"publish","type":"post","link":"https:\/\/www.shqiperia.com\/blog\/kerkesa-e-osmanit-per-president-nga-populli-komisioni-parlamentar-per-legjislacion-miraton-amendamentet-kushtetuese\/","title":{"rendered":"K\u00ebrkesa e Osmanit p\u00ebr President nga populli, Komisioni Parlamentar p\u00ebr Legjislacion miraton amendamentet kushtetuese"},"content":{"rendered":"<div class=\"firstP\">\n<p><img data-recalc-dims=\"1\" loading=\"lazy\" decoding=\"async\" data-attachment-id=\"98169\" data-permalink=\"https:\/\/www.shqiperia.com\/blog\/kerkesa-e-osmanit-per-president-nga-populli-komisioni-parlamentar-per-legjislacion-miraton-amendamentet-kushtetuese\/vjosa-osmani-1_sd\/\" data-orig-file=\"https:\/\/i0.wp.com\/www.shqiperia.com\/blog\/wp-content\/uploads\/2026\/03\/Vjosa-Osmani-1_sd.webp?fit=1280%2C720&amp;ssl=1\" data-orig-size=\"1280,720\" data-comments-opened=\"1\" data-image-meta=\"{&quot;aperture&quot;:&quot;0&quot;,&quot;credit&quot;:&quot;&quot;,&quot;camera&quot;:&quot;&quot;,&quot;caption&quot;:&quot;&quot;,&quot;created_timestamp&quot;:&quot;0&quot;,&quot;copyright&quot;:&quot;&quot;,&quot;focal_length&quot;:&quot;0&quot;,&quot;iso&quot;:&quot;0&quot;,&quot;shutter_speed&quot;:&quot;0&quot;,&quot;title&quot;:&quot;&quot;,&quot;orientation&quot;:&quot;0&quot;}\" data-image-title=\"Vjosa-Osmani-1_sd\" data-image-description=\"\" data-image-caption=\"\" data-medium-file=\"https:\/\/i0.wp.com\/www.shqiperia.com\/blog\/wp-content\/uploads\/2026\/03\/Vjosa-Osmani-1_sd.webp?fit=300%2C169&amp;ssl=1\" data-large-file=\"https:\/\/i0.wp.com\/www.shqiperia.com\/blog\/wp-content\/uploads\/2026\/03\/Vjosa-Osmani-1_sd.webp?fit=1024%2C576&amp;ssl=1\" class=\"alignnone  wp-image-98169\" alt=\"\" src=\"https:\/\/i0.wp.com\/www.shqiperia.com\/blog\/wp-content\/uploads\/2026\/03\/Vjosa-Osmani-1_sd.webp?resize=724%2C408&#038;ssl=1\" width=\"724\" height=\"408\" srcset=\"https:\/\/i0.wp.com\/www.shqiperia.com\/blog\/wp-content\/uploads\/2026\/03\/Vjosa-Osmani-1_sd.webp?resize=300%2C169&amp;ssl=1 300w, https:\/\/i0.wp.com\/www.shqiperia.com\/blog\/wp-content\/uploads\/2026\/03\/Vjosa-Osmani-1_sd.webp?resize=1024%2C576&amp;ssl=1 1024w, https:\/\/i0.wp.com\/www.shqiperia.com\/blog\/wp-content\/uploads\/2026\/03\/Vjosa-Osmani-1_sd.webp?resize=768%2C432&amp;ssl=1 768w, https:\/\/i0.wp.com\/www.shqiperia.com\/blog\/wp-content\/uploads\/2026\/03\/Vjosa-Osmani-1_sd.webp?resize=450%2C253&amp;ssl=1 450w, https:\/\/i0.wp.com\/www.shqiperia.com\/blog\/wp-content\/uploads\/2026\/03\/Vjosa-Osmani-1_sd.webp?resize=600%2C338&amp;ssl=1 600w, https:\/\/i0.wp.com\/www.shqiperia.com\/blog\/wp-content\/uploads\/2026\/03\/Vjosa-Osmani-1_sd.webp?resize=400%2C225&amp;ssl=1 400w, https:\/\/i0.wp.com\/www.shqiperia.com\/blog\/wp-content\/uploads\/2026\/03\/Vjosa-Osmani-1_sd.webp?w=1280&amp;ssl=1 1280w\" sizes=\"auto, (max-width: 724px) 100vw, 724px\" \/><\/p>\n<p>5 Mars 2026<\/p>\n<p>Komisioni Parlamentar p\u00ebr Legjislacion ka miratuar amendamentet kushtetuese t\u00eb proceduara dit\u00ebn e sotme nga Vjosa Osmani.<\/p>\n<\/div>\n<p>Vjosa Osmani procedoi n\u00eb Kuvend amendamentet kushtetuese duke k\u00ebrkuar zgjedhje t\u00eb drejtp\u00ebrdrejta p\u00ebr Presidentin e Kosov\u00ebs.<\/p>\n<p>Pas mbledhjes s\u00eb Komisionit p\u00ebr Legjislacion q\u00eb nisi q\u00eb n\u00eb or\u00ebn 18:00, gazetarja e Top Channel Leonita Bajrami raporton se k\u00ebto amendamente u miratuan.<\/p>\n<p>Nd\u00ebrkoh\u00eb pritet t\u00eb thirret seanc\u00eb e jasht\u00ebzakonshme p\u00ebr votimin e amendamenteve p\u00ebr ndryshime kushtetuese p\u00ebr zgjedhjen e presidentit nga populli.<\/p>\n<p class=\"last\"><strong>Top Channel<\/strong><\/p>\n","protected":false},"excerpt":{"rendered":"<p>5 Mars 2026 Komisioni Parlamentar p\u00ebr Legjislacion ka miratuar amendamentet kushtetuese t\u00eb proceduara dit\u00ebn e sotme nga Vjosa Osmani. Vjosa Osmani procedoi n\u00eb Kuvend amendamentet kushtetuese duke k\u00ebrkuar zgjedhje t\u00eb drejtp\u00ebrdrejta p\u00ebr Presidentin e Kosov\u00ebs. Pas mbledhjes s\u00eb Komisionit p\u00ebr Legjislacion q\u00eb nisi q\u00eb n\u00eb or\u00ebn 18:00, gazetarja e Top Channel Leonita Bajrami raporton se [&hellip;]<\/p>\n","protected":false},"author":9,"featured_media":98169,"comment_status":"open","ping_status":"open","sticky":false,"template":"","format":"standard","meta":{"jetpack_post_was_ever_published":false,"_jetpack_newsletter_access":"","_jetpack_dont_email_post_to_subs":false,"_jetpack_newsletter_tier_id":0,"_jetpack_memberships_contains_paywalled_content":false,"_jetpack_memberships_contains_paid_content":false,"footnotes":"","jetpack_publicize_message":"","jetpack_publicize_feature_enabled":true,"jetpack_social_post_already_shared":true,"jetpack_social_options":{"image_generator_settings":{"template":"highway","default_image_id":0,"font":"","enabled":false},"version":2}},"categories":[1],"tags":[],"class_list":["post-98168","post","type-post","status-publish","format-standard","has-post-thumbnail","hentry","category-njoftime-shtypi"],"jetpack_publicize_connections":[],"jetpack_featured_media_url":"https:\/\/i0.wp.com\/www.shqiperia.com\/blog\/wp-content\/uploads\/2026\/03\/Vjosa-Osmani-1_sd.webp?fit=1280%2C720&ssl=1","jetpack_sharing_enabled":true,"jetpack_shortlink":"https:\/\/wp.me\/p5Z6wp-pxm","jetpack-related-posts":[{"id":87040,"url":"https:\/\/www.shqiperia.com\/blog\/afrim-osmani-percaktimi-i-minimumit-jetik-amendamenti-me-pozitiv-i-opozites-mazhoranca-arrogante-me\/","url_meta":{"origin":98168,"position":0},"title":"Afrim Osmani:  &#8211; P\u00ebrcaktimi i minimumit jetik, amendamenti m\u00eb pozitiv i opozit\u00ebs. Mazhoranca arrogante me\u2026","author":"Kurt Farka","date":"December 4, 2024","format":false,"excerpt":"4 Dhjetor 2024 N\u00eb emisionin \u201cOpen\u201d n\u00eb News24 \u00ebsht\u00eb diskutuar lidhur me buxhetin e shtetit p\u00ebr vitin 2025, q\u00eb u miratua nga Kuvendi me 75 vota pro dhe 24 kund\u00ebr. Gjat\u00eb seanc\u00ebs u rr\u00ebzuan t\u00eb gjitha amendamentet e propozuara nga opozita, q\u00eb u konsideruan si populiste nga mazhoranca socialiste. Ministri\u2026","rel":"","context":"In &quot;Blogu i Udh\u00ebtarit&quot;","block_context":{"text":"Blogu i Udh\u00ebtarit","link":"https:\/\/www.shqiperia.com\/blog\/category\/blogu-i-udhetarit\/"},"img":{"alt_text":"","src":"https:\/\/i0.wp.com\/www.shqiperia.com\/blog\/wp-content\/uploads\/2024\/12\/WhatsApp-Image-2024-12-03-at-21.14.36.jpeg?fit=816%2C456&ssl=1&resize=350%2C200","width":350,"height":200,"srcset":"https:\/\/i0.wp.com\/www.shqiperia.com\/blog\/wp-content\/uploads\/2024\/12\/WhatsApp-Image-2024-12-03-at-21.14.36.jpeg?fit=816%2C456&ssl=1&resize=350%2C200 1x, https:\/\/i0.wp.com\/www.shqiperia.com\/blog\/wp-content\/uploads\/2024\/12\/WhatsApp-Image-2024-12-03-at-21.14.36.jpeg?fit=816%2C456&ssl=1&resize=525%2C300 1.5x, https:\/\/i0.wp.com\/www.shqiperia.com\/blog\/wp-content\/uploads\/2024\/12\/WhatsApp-Image-2024-12-03-at-21.14.36.jpeg?fit=816%2C456&ssl=1&resize=700%2C400 2x"},"classes":[]},{"id":98188,"url":"https:\/\/www.shqiperia.com\/blog\/deshton-zgjedhja-e-presidentit-te-ri-ne-kosove\/","url_meta":{"origin":98168,"position":1},"title":"D\u00ebshton zgjedhja e presidentit t\u00eb ri n\u00eb Kosov\u00eb","author":"Kurt Farka","date":"March 6, 2026","format":false,"excerpt":"6 Mars 2026 Ka d\u00ebshtuar p\u00ebr t\u00eb dyt\u00ebn her\u00eb seanca plenare n\u00eb Kuvendin e Kosov\u00ebs, ku do t\u00eb votohej p\u00ebr amendamentet e Vjosa Osmanit, me q\u00ebllim q\u00eb Presidenti i Republik\u00ebs t\u00eb zgjidhej drejtp\u00ebrdrejt\u00eb nga populli. Shkak edhe k\u00ebt\u00eb her\u00eb \u00ebsht\u00eb b\u00ebr\u00eb mungesa e kuorumit, pasi n\u00eb sall\u00eb ndodheshin vet\u00ebm 66\u2026","rel":"","context":"In &quot;Njoftime Shtypi&quot;","block_context":{"text":"Njoftime Shtypi","link":"https:\/\/www.shqiperia.com\/blog\/category\/njoftime-shtypi\/"},"img":{"alt_text":"","src":"https:\/\/i0.wp.com\/www.shqiperia.com\/blog\/wp-content\/uploads\/2026\/03\/flamuri-i-kosoves.jpg?fit=852%2C480&ssl=1&resize=350%2C200","width":350,"height":200,"srcset":"https:\/\/i0.wp.com\/www.shqiperia.com\/blog\/wp-content\/uploads\/2026\/03\/flamuri-i-kosoves.jpg?fit=852%2C480&ssl=1&resize=350%2C200 1x, https:\/\/i0.wp.com\/www.shqiperia.com\/blog\/wp-content\/uploads\/2026\/03\/flamuri-i-kosoves.jpg?fit=852%2C480&ssl=1&resize=525%2C300 1.5x, https:\/\/i0.wp.com\/www.shqiperia.com\/blog\/wp-content\/uploads\/2026\/03\/flamuri-i-kosoves.jpg?fit=852%2C480&ssl=1&resize=700%2C400 2x"},"classes":[]},{"id":36986,"url":"https:\/\/www.shqiperia.com\/blog\/a-do-te-paditet-kushtetuta-e-re-ne-gjykaten-gjysmake-kushtetuese\/","url_meta":{"origin":98168,"position":2},"title":"A do t\u00eb \u201cpaditet\u201d Kushtetuta e re n\u00eb Gjykat\u00ebn gjysmake Kushtetuese?","author":"Kurt Farka","date":"August 8, 2020","format":false,"excerpt":"A do t\u00eb \u201cpaditet\u201d Kushtetuta e re n\u00eb Gjykat\u00ebn gjysmake Kushtetuese? 7 GUSHT 2020 Ndryshimet Kushtetuese soll\u00ebn nj\u00eb zhurm\u00eb t\u00eb madhe, por q\u00eb n\u00eb fund ata u miratuan me votat e PS-s\u00eb dhe t\u00eb opozit\u00ebs Parlamentare. Amendamentet q\u00eb parashikojn\u00eb hapjen e listave dhe heqjen e koalicionit-tren, tashm\u00eb jan\u00eb fakt, madje\u2026","rel":"","context":"In &quot;Blogu i Udh\u00ebtarit&quot;","block_context":{"text":"Blogu i Udh\u00ebtarit","link":"https:\/\/www.shqiperia.com\/blog\/category\/blogu-i-udhetarit\/"},"img":{"alt_text":"","src":"https:\/\/i0.wp.com\/www.shqiperia.com\/blog\/wp-content\/uploads\/2020\/08\/640-0-5f2d205e6067c.jpg?fit=601%2C326&ssl=1&resize=350%2C200","width":350,"height":200,"srcset":"https:\/\/i0.wp.com\/www.shqiperia.com\/blog\/wp-content\/uploads\/2020\/08\/640-0-5f2d205e6067c.jpg?fit=601%2C326&ssl=1&resize=350%2C200 1x, https:\/\/i0.wp.com\/www.shqiperia.com\/blog\/wp-content\/uploads\/2020\/08\/640-0-5f2d205e6067c.jpg?fit=601%2C326&ssl=1&resize=525%2C300 1.5x"},"classes":[]},{"id":28535,"url":"https:\/\/www.shqiperia.com\/blog\/komisioni-i-venecias-rrezon-ramen-per-kushtetuesen-ja-si-zgjidhen-anetaret-ne-kushte-normale\/","url_meta":{"origin":98168,"position":3},"title":"Komisioni i Venecias rr\u00ebzon Ram\u00ebn p\u00ebr Kushtetuesen. &#8211; Ja si zgjidhen an\u00ebtar\u00ebt n\u00eb kushte normale. &#8211;","author":"Kurt Farka","date":"November 24, 2019","format":false,"excerpt":"Komisioni i Venecias rr\u00ebzon Ram\u00ebn p\u00ebr Kushtetuesen\/ Ja si zgjidhen an\u00ebtar\u00ebt n\u00eb kushte normale Komisioni i Venecias rr\u00ebzon Ram\u00ebn dhe mazhoranc\u00ebn n\u00eb lidhje me pretendimet e tyre mbi t\u00eb drejt\u00ebn e em\u00ebrimeve t\u00eb 9 an\u00ebtar\u00ebve t\u00eb Gjykat\u00ebs Kushtetuese. Ish-ministri i Drejt\u00ebsis\u00eb, Eduart Halimi ka b\u00ebr\u00eb publik q\u00ebndrimin e Komisionit t\u00eb\u2026","rel":"","context":"In &quot;Blogu i Udh\u00ebtarit&quot;","block_context":{"text":"Blogu i Udh\u00ebtarit","link":"https:\/\/www.shqiperia.com\/blog\/category\/blogu-i-udhetarit\/"},"img":{"alt_text":"","src":"https:\/\/i0.wp.com\/www.shqiperia.com\/blog\/wp-content\/uploads\/2019\/11\/gjykata-kushtetuese-Copy.jpg?fit=596%2C346&ssl=1&resize=350%2C200","width":350,"height":200,"srcset":"https:\/\/i0.wp.com\/www.shqiperia.com\/blog\/wp-content\/uploads\/2019\/11\/gjykata-kushtetuese-Copy.jpg?fit=596%2C346&ssl=1&resize=350%2C200 1x, https:\/\/i0.wp.com\/www.shqiperia.com\/blog\/wp-content\/uploads\/2019\/11\/gjykata-kushtetuese-Copy.jpg?fit=596%2C346&ssl=1&resize=525%2C300 1.5x"},"classes":[]},{"id":97774,"url":"https:\/\/www.shqiperia.com\/blog\/nisma-e-ps-per-ndryshimet-ligjore-shkelje-e-kushtetutes-perpjekje-per-te-shpetuar-ballukun-nga-pezullimi\/","url_meta":{"origin":98168,"position":4},"title":"Nisma e PS p\u00ebr ndryshimet ligjore: &#8211; Shkelje e Kushtetut\u00ebs, p\u00ebrpjekje p\u00ebr t\u00eb shp\u00ebtuar Ballukun nga pezullimi","author":"Kurt Farka","date":"February 17, 2026","format":false,"excerpt":"17 Shkurt 2026 Kryetari i Partis\u00eb Demokratike, Sali Berisha tha se kryeministri Edi Rama duhet t\u00eb jap\u00eb dor\u00ebheqjen p\u00ebr shkak t\u00eb ndryshimeve ligjore q\u00eb propozoi dit\u00ebn e djeshme, konkretisht nenin 242 t\u00eb Kodit t\u00eb Procedur\u00ebs Penale. N\u00eb konferenc\u00ebn e sotme p\u00ebr mediat, kryedemokrati theksoi se at\u00eb nuk ka dashur t\u00eb\u2026","rel":"","context":"In &quot;Blogu i Udh\u00ebtarit&quot;","block_context":{"text":"Blogu i Udh\u00ebtarit","link":"https:\/\/www.shqiperia.com\/blog\/category\/blogu-i-udhetarit\/"},"img":{"alt_text":"","src":"https:\/\/i0.wp.com\/www.shqiperia.com\/blog\/wp-content\/uploads\/2026\/02\/rama-balluku-760x433-1-460x300-1.jpg?fit=460%2C300&ssl=1&resize=350%2C200","width":350,"height":200},"classes":[]},{"id":97589,"url":"https:\/\/www.shqiperia.com\/blog\/top-channel-zbulon-ndryshimet-e-nenit-per-pezullimin-e-nje-ministri-e-paralajmeroi-edi-rama\/","url_meta":{"origin":98168,"position":5},"title":"Top Channel zbulon ndryshimet e nenit p\u00ebr pezullimin e nj\u00eb ministri, e paralajm\u00ebroi Edi Rama","author":"Kurt Farka","date":"February 11, 2026","format":false,"excerpt":"11 Shkurt 2026 N\u00eb kushtet kur Gjykata Kushtetuese u nda 4 me 4 duke mos e dh\u00ebn\u00eb nj\u00eb vendim p\u00ebr k\u00ebrkes\u00ebn e qeveris\u00eb n\u00ebse k\u00ebrkesa e SPAK p\u00ebr pezullimin e Belinda Ballukut ishte nd\u00ebrhyrje n\u00eb pun\u00ebt e ekzekutivit, kryeministri Edi Rama t\u00eb H\u00ebn\u00ebn paralajm\u00ebroi se \u201cgrupi parlamentar socialist do t\u00eb\u2026","rel":"","context":"In &quot;Kultura&quot;","block_context":{"text":"Kultura","link":"https:\/\/www.shqiperia.com\/blog\/category\/kultura\/"},"img":{"alt_text":"","src":"https:\/\/i0.wp.com\/www.shqiperia.com\/blog\/wp-content\/uploads\/2026\/02\/Besfort-Lamallari.jpg?fit=450%2C372&ssl=1&resize=350%2C200","width":350,"height":200},"classes":[]}],"_links":{"self":[{"href":"https:\/\/www.shqiperia.com\/blog\/wp-json\/wp\/v2\/posts\/98168","targetHints":{"allow":["GET"]}}],"collection":[{"href":"https:\/\/www.shqiperia.com\/blog\/wp-json\/wp\/v2\/posts"}],"about":[{"href":"https:\/\/www.shqiperia.com\/blog\/wp-json\/wp\/v2\/types\/post"}],"author":[{"embeddable":true,"href":"https:\/\/www.shqiperia.com\/blog\/wp-json\/wp\/v2\/users\/9"}],"replies":[{"embeddable":true,"href":"https:\/\/www.shqiperia.com\/blog\/wp-json\/wp\/v2\/comments?post=98168"}],"version-history":[{"count":1,"href":"https:\/\/www.shqiperia.com\/blog\/wp-json\/wp\/v2\/posts\/98168\/revisions"}],"predecessor-version":[{"id":98170,"href":"https:\/\/www.shqiperia.com\/blog\/wp-json\/wp\/v2\/posts\/98168\/revisions\/98170"}],"wp:featuredmedia":[{"embeddable":true,"href":"https:\/\/www.shqiperia.com\/blog\/wp-json\/wp\/v2\/media\/98169"}],"wp:attachment":[{"href":"https:\/\/www.shqiperia.com\/blog\/wp-json\/wp\/v2\/media?parent=98168"}],"wp:term":[{"taxonomy":"category","embeddable":true,"href":"https:\/\/www.shqiperia.com\/blog\/wp-json\/wp\/v2\/categories?post=98168"},{"taxonomy":"post_tag","embeddable":true,"href":"https:\/\/www.shqiperia.com\/blog\/wp-json\/wp\/v2\/tags?post=98168"}],"curies":[{"name":"wp","href":"https:\/\/api.w.org\/{rel}","templated":true}]}}