{"id":98161,"date":"2026-03-05T19:21:14","date_gmt":"2026-03-05T19:21:14","guid":{"rendered":"https:\/\/www.shqiperia.com\/blog\/?p=98161"},"modified":"2026-03-05T19:21:24","modified_gmt":"2026-03-05T19:21:24","slug":"rama-denon-sulmin-iranian-ndaj-azerbajxhanit-agresioni-duhet-te-izolohet-cdo-perpjekje-e-regjimit-te-keq-te-teheranit-per-te-provokuar-duhet-denuar-qarte","status":"publish","type":"post","link":"https:\/\/www.shqiperia.com\/blog\/rama-denon-sulmin-iranian-ndaj-azerbajxhanit-agresioni-duhet-te-izolohet-cdo-perpjekje-e-regjimit-te-keq-te-teheranit-per-te-provokuar-duhet-denuar-qarte\/","title":{"rendered":"Rama d\u00ebnon sulmin iranian ndaj Azerbajxhanit: &#8211; Agresioni duhet t\u00eb izolohet! &#8211; \u00c7do p\u00ebrpjekje e regjimit t\u00eb keq t\u00eb Teheranit p\u00ebr t\u00eb provokuar, duhet d\u00ebnuar qart\u00eb"},"content":{"rendered":"<p><img data-recalc-dims=\"1\" loading=\"lazy\" decoding=\"async\" data-attachment-id=\"98162\" data-permalink=\"https:\/\/www.shqiperia.com\/blog\/rama-denon-sulmin-iranian-ndaj-azerbajxhanit-agresioni-duhet-te-izolohet-cdo-perpjekje-e-regjimit-te-keq-te-teheranit-per-te-provokuar-duhet-denuar-qarte\/640-0-b7357aceaec36cf581fdcc6f500200e8\/\" data-orig-file=\"https:\/\/i0.wp.com\/www.shqiperia.com\/blog\/wp-content\/uploads\/2026\/03\/640-0-b7357aceaec36cf581fdcc6f500200e8.png?fit=640%2C351&amp;ssl=1\" data-orig-size=\"640,351\" data-comments-opened=\"1\" data-image-meta=\"{&quot;aperture&quot;:&quot;0&quot;,&quot;credit&quot;:&quot;&quot;,&quot;camera&quot;:&quot;&quot;,&quot;caption&quot;:&quot;&quot;,&quot;created_timestamp&quot;:&quot;0&quot;,&quot;copyright&quot;:&quot;&quot;,&quot;focal_length&quot;:&quot;0&quot;,&quot;iso&quot;:&quot;0&quot;,&quot;shutter_speed&quot;:&quot;0&quot;,&quot;title&quot;:&quot;&quot;,&quot;orientation&quot;:&quot;0&quot;}\" data-image-title=\"-640-0-b7357aceaec36cf581fdcc6f500200e8\" data-image-description=\"\" data-image-caption=\"\" data-medium-file=\"https:\/\/i0.wp.com\/www.shqiperia.com\/blog\/wp-content\/uploads\/2026\/03\/640-0-b7357aceaec36cf581fdcc6f500200e8.png?fit=300%2C165&amp;ssl=1\" data-large-file=\"https:\/\/i0.wp.com\/www.shqiperia.com\/blog\/wp-content\/uploads\/2026\/03\/640-0-b7357aceaec36cf581fdcc6f500200e8.png?fit=640%2C351&amp;ssl=1\" class=\"alignnone wp-image-98162\" alt=\"\" src=\"https:\/\/i0.wp.com\/www.shqiperia.com\/blog\/wp-content\/uploads\/2026\/03\/640-0-b7357aceaec36cf581fdcc6f500200e8.png?resize=553%2C304&#038;ssl=1\" width=\"553\" height=\"304\" srcset=\"https:\/\/i0.wp.com\/www.shqiperia.com\/blog\/wp-content\/uploads\/2026\/03\/640-0-b7357aceaec36cf581fdcc6f500200e8.png?resize=300%2C165&amp;ssl=1 300w, https:\/\/i0.wp.com\/www.shqiperia.com\/blog\/wp-content\/uploads\/2026\/03\/640-0-b7357aceaec36cf581fdcc6f500200e8.png?resize=450%2C247&amp;ssl=1 450w, https:\/\/i0.wp.com\/www.shqiperia.com\/blog\/wp-content\/uploads\/2026\/03\/640-0-b7357aceaec36cf581fdcc6f500200e8.png?resize=600%2C329&amp;ssl=1 600w, https:\/\/i0.wp.com\/www.shqiperia.com\/blog\/wp-content\/uploads\/2026\/03\/640-0-b7357aceaec36cf581fdcc6f500200e8.png?resize=400%2C219&amp;ssl=1 400w, https:\/\/i0.wp.com\/www.shqiperia.com\/blog\/wp-content\/uploads\/2026\/03\/640-0-b7357aceaec36cf581fdcc6f500200e8.png?w=640&amp;ssl=1 640w\" sizes=\"auto, (max-width: 553px) 100vw, 553px\" \/><\/p>\n<p><strong>5 Mars 2026<\/strong><\/p>\n<p><strong>Kryeministri Edi Rama ka reaguar ashp\u00ebr ndaj sulmit t\u00eb fundit t\u00eb Iranit ndaj territorit t\u00eb Azerbaixjan, ku u godit infrastruktura civile n\u00eb rajonin e Naxh\u00e7ivanit dhe u plagos\u00ebn qytetar\u00eb.<\/strong><\/p>\n<p>N\u00eb nj\u00eb postim n\u00eb X, Rama e cil\u00ebsoi k\u00ebt\u00eb sulm si nj\u00eb akt tjet\u00ebr t\u00eb r\u00ebnd\u00eb dhe t\u00eb papranuesh\u00ebm agresioni nga Republika Khomeiniste e Iranit ndaj vendeve fqinje, t\u00eb cilat, sipas tij, nuk kan\u00eb asgj\u00eb tjet\u00ebr \u201ct\u00eb gabuar\u201d p\u00ebrve\u00e7 se drit\u00ebrojn\u00eb n\u00eb sken\u00ebn nd\u00ebrkomb\u00ebtare p\u00ebrmes zhvillimit, prosperitetit dhe hapjes, duke p\u00ebrmir\u00ebsuar jet\u00ebn e popujve t\u00eb tyre \u00e7do dit\u00eb, nd\u00ebrsa Iranin e paraqesin m\u00eb t\u00eb err\u00ebt dhe m\u00eb t\u00eb verb\u00ebr n\u00ebn regjimin e tij satanik.<\/p>\n<p>Rama thekson se Azerbajxhani \u00ebsht\u00eb nj\u00eb mik dhe aleat i \u00e7muar i Shqip\u00ebris\u00eb, nj\u00eb vend q\u00eb ka arritur shum\u00eb q\u00eb nga rikthimi i pavar\u00ebsis\u00eb pas shp\u00ebrb\u00ebrjes s\u00eb Bashkimit Sovjetik. Pavar\u00ebsia, q\u00ebndrueshm\u00ebria dhe angazhimi i Azerbajxhanit p\u00ebr zhvillim, s\u00eb bashku me gatishm\u00ebrin\u00eb p\u00ebr bashk\u00ebpunim dhe krahun e hapur ndaj t\u00eb gjith\u00ebve, i kan\u00eb fituar respektin e shum\u00eb vendeve n\u00eb mbar\u00eb bot\u00ebn.<\/p>\n<p>Rama thekson se kur goditet infrastruktura civile e vendeve t\u00eb tjera dhe shkelet sovraniteti i tyre, vija mes agresionit dhe terrorizmit zhduket. P\u00ebr k\u00ebt\u00eb arsye, sipas tij, ka ardhur koha q\u00eb t\u00eb gjitha shtetet dhe institucionet q\u00eb besojn\u00eb n\u00eb stabilitet, rend nd\u00ebrkomb\u00ebtar t\u00eb bazuar n\u00eb rregulla dhe bashk\u00ebjetes\u00eb paq\u00ebsore, jo vet\u00ebm t\u00eb distancohen nga nj\u00eb regjim q\u00eb shp\u00ebrndan dhun\u00eb dhe intimidim jasht\u00eb kufijve t\u00eb tij, por t\u00eb bien dakord p\u00ebr at\u00eb q\u00eb ai \u00ebsht\u00eb me t\u00eb v\u00ebrtet\u00eb: nj\u00eb Shtet Terrorist.<\/p>\n<p><strong>Postimi i Ram\u00ebs n\u00eb X:\u00a0<\/strong><\/p>\n<p><em>Sulmi i nisur ndaj territorit t\u00eb Azerbaijan, duke goditur infrastruktur\u00ebn civile n\u00eb rajonin e Naxh\u00e7ivanit dhe duke l\u00ebnduar qytetar\u00eb, \u00ebsht\u00eb nj\u00eb akt tjet\u00ebr i r\u00ebnd\u00eb dhe i papranuesh\u00ebm agresioni nga Republika Khomeiniste e Iranit ndaj vendeve fqinje, t\u00eb cilat kan\u00eb vet\u00ebm \u201cgabimin\u201d se shk\u00eblqejn\u00eb n\u00eb sken\u00ebn bot\u00ebrore p\u00ebrmes zhvillimit, prosperitetit dhe hapjes, duke p\u00ebrmir\u00ebsuar jet\u00ebn e popujve t\u00eb tyre \u00e7do dit\u00eb dhe duke e b\u00ebr\u00eb Iranin t\u00eb duket edhe m\u00eb i err\u00ebt dhe m\u00eb i verb\u00ebr n\u00ebn regjimin e tij satanik.<\/em><img loading=\"lazy\" decoding=\"async\" alt=\"\" src=\"https:\/\/ads2.panorama.com.al\/www\/delivery\/lg.php?bannerid=0&amp;campaignid=0&amp;zoneid=1015&amp;loc=https%3A%2F%2Fwww.panorama.com.al%2Frama-denon-sulmin-iranian-ndaj-azerbajxhanit-agresioni-duhet-te-izolohen-cdo-perpjekje-e-regjimit-te-keq-te-teheranit-per-te-provokuar-duhet-denuar-qarte%2F&amp;referer=https%3A%2F%2Fwww.panorama.com.al%2F&amp;cb=1a1dd53c9b\" width=\"0\" height=\"0\" \/><\/p>\n<p><em>Azerbajxhani \u00ebsht\u00eb nj\u00eb mik dhe aleat i \u00e7muar i Shqip\u00ebris\u00eb, nj\u00eb vend q\u00eb ka ngrih\u00eb lart q\u00eb nga rikthimi i pavar\u00ebsis\u00eb pas Bashkimit Sovjetik. Pavar\u00ebsia e tij komb\u00ebtare, q\u00ebndrueshm\u00ebria dhe angazhimi p\u00ebr zhvillim, s\u00eb bashku me gatishm\u00ebrin\u00eb p\u00ebr moderim dhe krahun e hapur p\u00ebr bashk\u00ebpunim me t\u00eb gjith\u00eb, i kan\u00eb fituar respektin e shum\u00eb vendeve n\u00eb bot\u00eb.<\/em><\/p>\n<p><em>Populli azerbajxhanas, si edhe popujt e vendeve t\u00eb tjera q\u00eb jan\u00eb sulmuar pa kuptim n\u00eb dit\u00ebt e fundit, meritojn\u00eb vet\u00ebm respekt, siguri dhe liri nga intimidimi. \u00c7do p\u00ebrpjekje e regjimit t\u00eb keq t\u00eb Teheranit p\u00ebr t\u00eb terrorizuar popullsin\u00eb civile ose p\u00ebr t\u00eb destabilizuar vendet fqinje t\u00eb paqes p\u00ebr t\u2019i provokuar kund\u00ebr SHBA-s\u00eb dhe p\u00ebrgjigjes s\u00eb drejt\u00eb t\u00eb Izraelit ndaj Republik\u00ebs Khomeiniste, jo vet\u00ebm duhet t\u00eb d\u00ebnohet qart\u00eb, por duhet t\u00eb sh\u00ebrbej\u00eb edhe si nj\u00eb arsye tjet\u00ebr p\u00ebr t\u00eb izoluar plot\u00ebsisht at\u00eb regjim nga \u00e7do pjes\u00eb e bot\u00ebs.<\/em><\/p>\n<p><em>Kur goditet infrastruktura civile e vendeve t\u00eb tjera dhe shkelet sovraniteti i tyre, vija mes agresionit dhe terrorizmit zhduket. Kjo \u00ebsht\u00eb arsyeja pse ka ardhur koha q\u00eb t\u00eb gjitha shtetet dhe institucionet q\u00eb besojn\u00eb n\u00eb stabilitet, n\u00eb rendin nd\u00ebrkomb\u00ebtar t\u00eb bazuar n\u00eb rregulla dhe n\u00eb bashk\u00ebjetes\u00eb paq\u00ebsore, jo vet\u00ebm t\u00eb distancohen nga nj\u00eb regjim q\u00eb shp\u00ebrndan dhun\u00eb dhe intimidim jasht\u00eb kufijve t\u00eb tij, por edhe t\u00eb bien dakord se \u00e7far\u00eb \u00ebsht\u00eb me t\u00eb v\u00ebrtet\u00eb: nj\u00eb Shtet Terrorist.<\/em><\/p>\n<p><em>Ne q\u00ebndrojm\u00eb fuqimisht pran\u00eb Azerbajxhanit, pran\u00eb udh\u00ebheqjes s\u00eb tij t\u00eb fort\u00eb dhe popullit t\u00eb tij krenar. Rruga p\u00ebrpara duhet t\u00eb jet\u00eb e qart\u00eb: agresori duhet t\u00eb izolohen dhe agresor\u00ebt t\u00eb d\u00ebnohen pa ekuivok. Ata q\u00eb zgjedhin rrug\u00ebn e dhun\u00ebs, duhet t\u00eb p\u00ebrballen me unitetin n\u00eb rritje t\u00eb atyre q\u00eb zgjedhin paqen.<\/em><\/p>\n","protected":false},"excerpt":{"rendered":"<p>5 Mars 2026 Kryeministri Edi Rama ka reaguar ashp\u00ebr ndaj sulmit t\u00eb fundit t\u00eb Iranit ndaj territorit t\u00eb Azerbaixjan, ku u godit infrastruktura civile n\u00eb rajonin e Naxh\u00e7ivanit dhe u plagos\u00ebn qytetar\u00eb. N\u00eb nj\u00eb postim n\u00eb X, Rama e cil\u00ebsoi k\u00ebt\u00eb sulm si nj\u00eb akt tjet\u00ebr t\u00eb r\u00ebnd\u00eb dhe t\u00eb papranuesh\u00ebm agresioni nga Republika Khomeiniste [&hellip;]<\/p>\n","protected":false},"author":9,"featured_media":98162,"comment_status":"open","ping_status":"open","sticky":false,"template":"","format":"standard","meta":{"jetpack_post_was_ever_published":false,"_jetpack_newsletter_access":"","_jetpack_dont_email_post_to_subs":false,"_jetpack_newsletter_tier_id":0,"_jetpack_memberships_contains_paywalled_content":false,"_jetpack_memberships_contains_paid_content":false,"footnotes":"","jetpack_publicize_message":"","jetpack_publicize_feature_enabled":true,"jetpack_social_post_already_shared":true,"jetpack_social_options":{"image_generator_settings":{"template":"highway","default_image_id":0,"font":"","enabled":false},"version":2}},"categories":[1],"tags":[],"class_list":["post-98161","post","type-post","status-publish","format-standard","has-post-thumbnail","hentry","category-njoftime-shtypi"],"jetpack_publicize_connections":[],"jetpack_featured_media_url":"https:\/\/i0.wp.com\/www.shqiperia.com\/blog\/wp-content\/uploads\/2026\/03\/640-0-b7357aceaec36cf581fdcc6f500200e8.png?fit=640%2C351&ssl=1","jetpack_sharing_enabled":true,"jetpack_shortlink":"https:\/\/wp.me\/p5Z6wp-pxf","jetpack-related-posts":[{"id":79358,"url":"https:\/\/www.shqiperia.com\/blog\/genjeshter-e-neveritshme-kryeministri-rama-reagon-per-incidentin-me-gazetaren-nuk-kam-asnje-falje-per-te-kerkuar\/","url_meta":{"origin":98161,"position":0},"title":"&#8220;G\u00ebnjesht\u00ebr e neveritshme&#8221;, kryeministri Rama reagon p\u00ebr incidentin me gazetaren: &#8211; Nuk kam asnj\u00eb falje p\u00ebr t\u00eb k\u00ebrkuar","author":"Kurt Farka","date":"March 19, 2024","format":false,"excerpt":"19 Mars 2024 Kryeministri Edi Rama ka reaguar pasi Qendra Europiane p\u00ebr Lirin\u00eb e Shtypit dhe Medias, i ka k\u00ebrkuar q\u00eb t'i k\u00ebrkoj\u00eb falje gazetares Ambrozia Meta, p\u00ebr incidentin e ndodhur dit\u00ebn e sotme. Me an\u00eb t\u00eb nj\u00eb postimi n\u00eb X, Rama e ka quajtur incidentin si nj\u00eb g\u00ebnjesht\u00ebr t\u00eb\u2026","rel":"","context":"In &quot;Blogu i Udh\u00ebtarit&quot;","block_context":{"text":"Blogu i Udh\u00ebtarit","link":"https:\/\/www.shqiperia.com\/blog\/category\/blogu-i-udhetarit\/"},"img":{"alt_text":"","src":"https:\/\/i0.wp.com\/www.shqiperia.com\/blog\/wp-content\/uploads\/2024\/03\/800-0-65f9a056bc6a9.jpg?fit=800%2C420&ssl=1&resize=350%2C200","width":350,"height":200,"srcset":"https:\/\/i0.wp.com\/www.shqiperia.com\/blog\/wp-content\/uploads\/2024\/03\/800-0-65f9a056bc6a9.jpg?fit=800%2C420&ssl=1&resize=350%2C200 1x, https:\/\/i0.wp.com\/www.shqiperia.com\/blog\/wp-content\/uploads\/2024\/03\/800-0-65f9a056bc6a9.jpg?fit=800%2C420&ssl=1&resize=525%2C300 1.5x, https:\/\/i0.wp.com\/www.shqiperia.com\/blog\/wp-content\/uploads\/2024\/03\/800-0-65f9a056bc6a9.jpg?fit=800%2C420&ssl=1&resize=700%2C400 2x"},"classes":[]},{"id":83170,"url":"https:\/\/www.shqiperia.com\/blog\/vrasja-e-liderit-te-hamasit-khamenei-jep-urdher-qe-irani-te-godase-izraelin\/","url_meta":{"origin":98161,"position":1},"title":"Vrasja e liderit t\u00eb Hamasit, Khamenei jep urdh\u00ebr q\u00eb Irani t\u00eb godas\u00eb Izraelin","author":"Kurt Farka","date":"August 1, 2024","format":false,"excerpt":"1 Gusht 2024 Lideri suprem i Iranit, Ali Khamenei ka dh\u00ebn\u00eb urdh\u00ebr q\u00eb t\u00eb goditet menj\u00ebher\u00eb Izraeli si kund\u00ebrp\u00ebrgjigje p\u00ebr vrasjen n\u00eb Teheran t\u00eb liderit t\u00eb Hamasit, Ismail Haniyeh. Lajmin e raporton New York Times duke cituar tre zyrtar\u00eb iranian\u00eb q\u00eb jan\u00eb informuar urdhrat. Khamenei e dha urdhrin gjat\u00eb nj\u00eb\u2026","rel":"","context":"In &quot;Blogu i Udh\u00ebtarit&quot;","block_context":{"text":"Blogu i Udh\u00ebtarit","link":"https:\/\/www.shqiperia.com\/blog\/category\/blogu-i-udhetarit\/"},"img":{"alt_text":"","src":"https:\/\/i0.wp.com\/www.shqiperia.com\/blog\/wp-content\/uploads\/2024\/08\/640-0-ggg-1722461304-jpg.jpg?fit=640%2C400&ssl=1&resize=350%2C200","width":350,"height":200,"srcset":"https:\/\/i0.wp.com\/www.shqiperia.com\/blog\/wp-content\/uploads\/2024\/08\/640-0-ggg-1722461304-jpg.jpg?fit=640%2C400&ssl=1&resize=350%2C200 1x, https:\/\/i0.wp.com\/www.shqiperia.com\/blog\/wp-content\/uploads\/2024\/08\/640-0-ggg-1722461304-jpg.jpg?fit=640%2C400&ssl=1&resize=525%2C300 1.5x"},"classes":[]},{"id":79369,"url":"https:\/\/www.shqiperia.com\/blog\/rama-incident-me-gazetaren-e-prek-ne-fytyre-shoqatat-e-medias-sjellje-e-pafalshme\/","url_meta":{"origin":98161,"position":2},"title":"Rama incident me gazetaren, e prek n\u00eb fytyr\u00eb! Shoqatat e medias: &#8211; Sjellje e pafalshme!","author":"Kurt Farka","date":"March 19, 2024","format":false,"excerpt":"19 Mars 2024 Nj\u00eb incident u sh\u00ebnua paraditen e sotme kur kryeministri Edi Rama gjat\u00eb p\u00ebrgjigjes s\u00eb pyetjeve t\u00eb gazetar\u00ebve t\u00eb mbledhur para selis\u00eb s\u00eb PS zgjat dor\u00ebn dhe prek n\u00eb fytyr\u00eb gazetaren Ambrozia Meta. \u2018Jo ju lutem mos m\u00eb prekni m\u00eb\u2019 d\u00ebgjohet t\u00eb thot\u00eb gazetarja, nd\u00ebrsa kamerat e televizionit\u2026","rel":"","context":"In &quot;Blogu i Udh\u00ebtarit&quot;","block_context":{"text":"Blogu i Udh\u00ebtarit","link":"https:\/\/www.shqiperia.com\/blog\/category\/blogu-i-udhetarit\/"},"img":{"alt_text":"","src":"https:\/\/i0.wp.com\/www.shqiperia.com\/blog\/wp-content\/uploads\/2024\/03\/1710862899_edirama-1.jpg?fit=780%2C440&ssl=1&resize=350%2C200","width":350,"height":200,"srcset":"https:\/\/i0.wp.com\/www.shqiperia.com\/blog\/wp-content\/uploads\/2024\/03\/1710862899_edirama-1.jpg?fit=780%2C440&ssl=1&resize=350%2C200 1x, https:\/\/i0.wp.com\/www.shqiperia.com\/blog\/wp-content\/uploads\/2024\/03\/1710862899_edirama-1.jpg?fit=780%2C440&ssl=1&resize=525%2C300 1.5x, https:\/\/i0.wp.com\/www.shqiperia.com\/blog\/wp-content\/uploads\/2024\/03\/1710862899_edirama-1.jpg?fit=780%2C440&ssl=1&resize=700%2C400 2x"},"classes":[]},{"id":77322,"url":"https:\/\/www.shqiperia.com\/blog\/rama-kurth-presidentit-sot-ne-kuvend-asnje-njoftim-zyrtar-per-fjalen-e-tij-dhe-se-fjala-qe-duhet-te-mbahej-nuk-ishte-as-ne-rendin-e-dites\/","url_meta":{"origin":98161,"position":3},"title":"\u201cRama kurth Presidentit sot n\u00eb Kuvend\u201d. &#8211; Asnj\u00eb njoftim zyrtar p\u00ebr fjal\u00ebn e tij dhe se fjala q\u00eb duhet t\u00eb mbahej nuk ishte as n\u00eb rendin e dit\u00ebs.","author":"Kurt Farka","date":"January 16, 2024","format":false,"excerpt":"16 Janar 2024 Deputeti i Partis\u00eb Demokratike Tritan Shehu \u00ebsht\u00eb shprehur p\u00ebrmes nj\u00eb postimi n\u00eb rrjetet sociale se kryeministri i ngriti \u201ckurth\u201d Presidentit Bajram Begaj sot n\u00eb Kuvend. Shehu u shpreh se Kreut t\u00eb Shtetit iu ngrit kurth pasi nuk kishte asnj\u00eb njoftim zyrtar p\u00ebr fjal\u00ebn e tij dhe se\u2026","rel":"","context":"In &quot;Blogu i Udh\u00ebtarit&quot;","block_context":{"text":"Blogu i Udh\u00ebtarit","link":"https:\/\/www.shqiperia.com\/blog\/category\/blogu-i-udhetarit\/"},"img":{"alt_text":"","src":"https:\/\/i0.wp.com\/www.shqiperia.com\/blog\/wp-content\/uploads\/2024\/01\/800-0-65a59fb5cbf62.jpg?fit=800%2C460&ssl=1&resize=350%2C200","width":350,"height":200,"srcset":"https:\/\/i0.wp.com\/www.shqiperia.com\/blog\/wp-content\/uploads\/2024\/01\/800-0-65a59fb5cbf62.jpg?fit=800%2C460&ssl=1&resize=350%2C200 1x, https:\/\/i0.wp.com\/www.shqiperia.com\/blog\/wp-content\/uploads\/2024\/01\/800-0-65a59fb5cbf62.jpg?fit=800%2C460&ssl=1&resize=525%2C300 1.5x, https:\/\/i0.wp.com\/www.shqiperia.com\/blog\/wp-content\/uploads\/2024\/01\/800-0-65a59fb5cbf62.jpg?fit=800%2C460&ssl=1&resize=700%2C400 2x"},"classes":[]},{"id":55770,"url":"https:\/\/www.shqiperia.com\/blog\/pas-bashes-dorzohet-dhe-edi-rama-kur-propaganda-spi-me-uje-pse-e-leshuan-nervat-edi-ramen-derisa-arriti-te-heqe-dore-nga-pika-e-tij-me-e-forte\/","url_meta":{"origin":98161,"position":4},"title":"Pas Bashes &#8211; dorzohet dhe Edi Rama. Kur propaganda s\u2019pi m\u00eb uj\u00eb: &#8211; Pse e l\u00ebshuan nervat Edi Ram\u00ebn derisa arriti t\u00eb heq\u00eb dor\u00eb nga pika e tij m\u00eb e fort\u00eb?\u00a0","author":"Kurt Farka","date":"March 21, 2022","format":false,"excerpt":"Pas Bashes - dorzohet dhe Edi Rama. Kur propaganda s\u2019pi m\u00eb uj\u00eb: - Pse e l\u00ebshuan nervat Edi Ram\u00ebn derisa arriti t\u00eb heq\u00eb dor\u00eb nga pika e tij m\u00eb e fort\u00eb? - 21.03.22 N\u00eb nj\u00eb akt t\u00eb befasish\u00ebm, pra t\u00eb papritur prej tij, Edi Rama deklaroi sot solemnisht se nuk\u2026","rel":"","context":"In &quot;Blogu i Udh\u00ebtarit&quot;","block_context":{"text":"Blogu i Udh\u00ebtarit","link":"https:\/\/www.shqiperia.com\/blog\/category\/blogu-i-udhetarit\/"},"img":{"alt_text":"","src":"https:\/\/i0.wp.com\/www.shqiperia.com\/blog\/wp-content\/uploads\/2022\/03\/edi-rama-13.jpg?fit=742%2C424&ssl=1&resize=350%2C200","width":350,"height":200,"srcset":"https:\/\/i0.wp.com\/www.shqiperia.com\/blog\/wp-content\/uploads\/2022\/03\/edi-rama-13.jpg?fit=742%2C424&ssl=1&resize=350%2C200 1x, https:\/\/i0.wp.com\/www.shqiperia.com\/blog\/wp-content\/uploads\/2022\/03\/edi-rama-13.jpg?fit=742%2C424&ssl=1&resize=525%2C300 1.5x, https:\/\/i0.wp.com\/www.shqiperia.com\/blog\/wp-content\/uploads\/2022\/03\/edi-rama-13.jpg?fit=742%2C424&ssl=1&resize=700%2C400 2x"},"classes":[]},{"id":90605,"url":"https:\/\/www.shqiperia.com\/blog\/misioni-antishqiptar-i-kryeministrit-rama-per-te-degjeneruar-lanc-si-po-investohet\/","url_meta":{"origin":98161,"position":5},"title":"Misioni antishqiptar i kryeministrit Rama p\u00ebr t\u00eb degjeneruar LAN\u00c7, si po investohet\u2026","author":"Kurt Farka","date":"March 20, 2025","format":false,"excerpt":"20 Mars 2025 Edi Rama, Kryeballisti i koh\u00ebve moderne. Si po investohet p\u00ebr ta quajtur luft\u00eb civile rezistenc\u00ebn kund\u00ebr okupatorit n\u00ebp\u00ebrmjet instituteve t\u00eb mbushura me sharlatan\u00eb, strategjia e njeriut q\u00eb ka z\u00ebvend\u00ebsuar pulat me biftek\u00ebt 10 mij\u00eb euro dhe ver\u00eb 33 mij\u00eb dollar\u00eb shishja N\u00eb nj\u00eb moment t\u00eb trishtuar p\u00ebr\u2026","rel":"","context":"In &quot;Njoftime Shtypi&quot;","block_context":{"text":"Njoftime Shtypi","link":"https:\/\/www.shqiperia.com\/blog\/category\/njoftime-shtypi\/"},"img":{"alt_text":"","src":"https:\/\/i0.wp.com\/www.shqiperia.com\/blog\/wp-content\/uploads\/2025\/03\/Edi-Rama.png?fit=900%2C546&ssl=1&resize=350%2C200","width":350,"height":200,"srcset":"https:\/\/i0.wp.com\/www.shqiperia.com\/blog\/wp-content\/uploads\/2025\/03\/Edi-Rama.png?fit=900%2C546&ssl=1&resize=350%2C200 1x, https:\/\/i0.wp.com\/www.shqiperia.com\/blog\/wp-content\/uploads\/2025\/03\/Edi-Rama.png?fit=900%2C546&ssl=1&resize=525%2C300 1.5x, https:\/\/i0.wp.com\/www.shqiperia.com\/blog\/wp-content\/uploads\/2025\/03\/Edi-Rama.png?fit=900%2C546&ssl=1&resize=700%2C400 2x"},"classes":[]}],"_links":{"self":[{"href":"https:\/\/www.shqiperia.com\/blog\/wp-json\/wp\/v2\/posts\/98161","targetHints":{"allow":["GET"]}}],"collection":[{"href":"https:\/\/www.shqiperia.com\/blog\/wp-json\/wp\/v2\/posts"}],"about":[{"href":"https:\/\/www.shqiperia.com\/blog\/wp-json\/wp\/v2\/types\/post"}],"author":[{"embeddable":true,"href":"https:\/\/www.shqiperia.com\/blog\/wp-json\/wp\/v2\/users\/9"}],"replies":[{"embeddable":true,"href":"https:\/\/www.shqiperia.com\/blog\/wp-json\/wp\/v2\/comments?post=98161"}],"version-history":[{"count":2,"href":"https:\/\/www.shqiperia.com\/blog\/wp-json\/wp\/v2\/posts\/98161\/revisions"}],"predecessor-version":[{"id":98164,"href":"https:\/\/www.shqiperia.com\/blog\/wp-json\/wp\/v2\/posts\/98161\/revisions\/98164"}],"wp:featuredmedia":[{"embeddable":true,"href":"https:\/\/www.shqiperia.com\/blog\/wp-json\/wp\/v2\/media\/98162"}],"wp:attachment":[{"href":"https:\/\/www.shqiperia.com\/blog\/wp-json\/wp\/v2\/media?parent=98161"}],"wp:term":[{"taxonomy":"category","embeddable":true,"href":"https:\/\/www.shqiperia.com\/blog\/wp-json\/wp\/v2\/categories?post=98161"},{"taxonomy":"post_tag","embeddable":true,"href":"https:\/\/www.shqiperia.com\/blog\/wp-json\/wp\/v2\/tags?post=98161"}],"curies":[{"name":"wp","href":"https:\/\/api.w.org\/{rel}","templated":true}]}}