{"id":98158,"date":"2026-03-05T19:15:23","date_gmt":"2026-03-05T19:15:23","guid":{"rendered":"https:\/\/www.shqiperia.com\/blog\/?p=98158"},"modified":"2026-03-05T19:15:23","modified_gmt":"2026-03-05T19:15:23","slug":"ministria-e-jashtme-e-izraelit-publikon-harten-raketat-balistike-te-iranit-arrijne-ne-te-gjithe-ballkanin","status":"publish","type":"post","link":"https:\/\/www.shqiperia.com\/blog\/ministria-e-jashtme-e-izraelit-publikon-harten-raketat-balistike-te-iranit-arrijne-ne-te-gjithe-ballkanin\/","title":{"rendered":"Ministria e Jashtme e Izraelit publikon hart\u00ebn: Raketat balistike t\u00eb Iranit arrijn\u00eb n\u00eb t\u00eb gjith\u00eb Ballkanin"},"content":{"rendered":"<p><img data-recalc-dims=\"1\" loading=\"lazy\" decoding=\"async\" data-attachment-id=\"98159\" data-permalink=\"https:\/\/www.shqiperia.com\/blog\/ministria-e-jashtme-e-izraelit-publikon-harten-raketat-balistike-te-iranit-arrijne-ne-te-gjithe-ballkanin\/screenshot-2026-03-05-113553\/\" data-orig-file=\"https:\/\/i0.wp.com\/www.shqiperia.com\/blog\/wp-content\/uploads\/2026\/03\/Screenshot-2026-03-05-113553.webp?fit=667%2C477&amp;ssl=1\" data-orig-size=\"667,477\" data-comments-opened=\"1\" data-image-meta=\"{&quot;aperture&quot;:&quot;0&quot;,&quot;credit&quot;:&quot;&quot;,&quot;camera&quot;:&quot;&quot;,&quot;caption&quot;:&quot;&quot;,&quot;created_timestamp&quot;:&quot;0&quot;,&quot;copyright&quot;:&quot;&quot;,&quot;focal_length&quot;:&quot;0&quot;,&quot;iso&quot;:&quot;0&quot;,&quot;shutter_speed&quot;:&quot;0&quot;,&quot;title&quot;:&quot;&quot;,&quot;orientation&quot;:&quot;0&quot;}\" data-image-title=\"Screenshot-2026-03-05-113553\" data-image-description=\"\" data-image-caption=\"\" data-medium-file=\"https:\/\/i0.wp.com\/www.shqiperia.com\/blog\/wp-content\/uploads\/2026\/03\/Screenshot-2026-03-05-113553.webp?fit=300%2C215&amp;ssl=1\" data-large-file=\"https:\/\/i0.wp.com\/www.shqiperia.com\/blog\/wp-content\/uploads\/2026\/03\/Screenshot-2026-03-05-113553.webp?fit=667%2C477&amp;ssl=1\" class=\"alignnone  wp-image-98159\" alt=\"\" src=\"https:\/\/i0.wp.com\/www.shqiperia.com\/blog\/wp-content\/uploads\/2026\/03\/Screenshot-2026-03-05-113553.webp?resize=653%2C468&#038;ssl=1\" width=\"653\" height=\"468\" srcset=\"https:\/\/i0.wp.com\/www.shqiperia.com\/blog\/wp-content\/uploads\/2026\/03\/Screenshot-2026-03-05-113553.webp?resize=300%2C215&amp;ssl=1 300w, https:\/\/i0.wp.com\/www.shqiperia.com\/blog\/wp-content\/uploads\/2026\/03\/Screenshot-2026-03-05-113553.webp?resize=450%2C322&amp;ssl=1 450w, https:\/\/i0.wp.com\/www.shqiperia.com\/blog\/wp-content\/uploads\/2026\/03\/Screenshot-2026-03-05-113553.webp?resize=600%2C429&amp;ssl=1 600w, https:\/\/i0.wp.com\/www.shqiperia.com\/blog\/wp-content\/uploads\/2026\/03\/Screenshot-2026-03-05-113553.webp?resize=400%2C286&amp;ssl=1 400w, https:\/\/i0.wp.com\/www.shqiperia.com\/blog\/wp-content\/uploads\/2026\/03\/Screenshot-2026-03-05-113553.webp?w=667&amp;ssl=1 667w\" sizes=\"auto, (max-width: 653px) 100vw, 653px\" \/><\/p>\n<p>5 Mars 2026<\/p>\n<p>Z\u00ebdh\u00ebn\u00ebsi i Ministris\u00eb s\u00eb Jashtme t\u00eb Iranit, Esmail Baghaei, tha se bashk\u00ebsia nd\u00ebrkomb\u00ebtare \u00ebsht\u00eb plot\u00ebsisht n\u00eb dijeni t\u00eb konfliktit t\u00eb vazhduesh\u00ebm n\u00eb Iran dhe se kriza nuk do t\u00eb mbetet e kufizuar n\u00eb rajon. Me an\u00eb t\u00eb nj\u00eb postimi n\u00eb X, Ministria e Jashtme e Izraelit ka publikuar hart\u00ebn se deri n\u00eb \u00e7far\u00eb vendesh arrijn\u00eb raketat balistike t\u00eb Iranit.<\/p>\n<p><em>\u201cBota nuk \u00ebsht\u00eb e verb\u00ebr; t\u00eb gjith\u00eb e shohin k\u00ebt\u00eb, dhe n\u00ebse zgjedh t\u00eb mbyll\u00eb syt\u00eb ose t\u00eb b\u00ebj\u00eb sikur \u00ebsht\u00eb injorante, do t\u00eb p\u00ebrballet me pasoja<\/em>\u201d, tha Baghaei, duke paralajm\u00ebruar se lufta n\u00eb Iran mund t\u00eb ndikoj\u00eb s\u00eb shpejti n\u00eb Evrop\u00eb dhe n\u00eb bot\u00ebn e gjer\u00eb.<\/p>\n<p>Nj\u00eb grafik i publikuar nga Qendra p\u00ebr Studime Strategjike dhe Mbrojtje tregon nj\u00eb hart\u00eb me rreze goditjeje q\u00eb variojn\u00eb nga 300 deri n\u00eb 2,500 kilometra, duke p\u00ebrfshir\u00eb pjes\u00eb t\u00eb konsiderueshme t\u00eb Europ\u00ebs Juglindore brenda zon\u00ebs s\u00eb mundshme t\u00eb k\u00ebrc\u00ebnimit. Raketat balistike me rreze t\u00eb mesme dhe t\u00eb gjata, si Shahab-3 dhe Ghadr-110, konsiderohen m\u00eb t\u00eb rrezikshmet, pasi mund t\u00eb arrijn\u00eb deri n\u00eb 2,000 kilometra.<\/p>\n<p>Sipas hart\u00ebs, rreziku p\u00ebrfshin kryeqytete si Athina, Sofja dhe Bukureshti, si dhe qytete t\u00eb tjera t\u00eb Ballkanit Per\u00ebndimor. N\u00eb rrezen m\u00eb t\u00eb madhe teorike, mund t\u00eb p\u00ebrfshihen edhe kryeqytete si Budapesti, Vjena, Varshava dhe Bratislava, duke marr\u00eb parasysh distanc\u00ebn maksimale t\u00eb raketave.<\/p>\n","protected":false},"excerpt":{"rendered":"<p>5 Mars 2026 Z\u00ebdh\u00ebn\u00ebsi i Ministris\u00eb s\u00eb Jashtme t\u00eb Iranit, Esmail Baghaei, tha se bashk\u00ebsia nd\u00ebrkomb\u00ebtare \u00ebsht\u00eb plot\u00ebsisht n\u00eb dijeni t\u00eb konfliktit t\u00eb vazhduesh\u00ebm n\u00eb Iran dhe se kriza nuk do t\u00eb mbetet e kufizuar n\u00eb rajon. Me an\u00eb t\u00eb nj\u00eb postimi n\u00eb X, Ministria e Jashtme e Izraelit ka publikuar hart\u00ebn se deri n\u00eb [&hellip;]<\/p>\n","protected":false},"author":9,"featured_media":98159,"comment_status":"open","ping_status":"open","sticky":false,"template":"","format":"standard","meta":{"jetpack_post_was_ever_published":false,"_jetpack_newsletter_access":"","_jetpack_dont_email_post_to_subs":false,"_jetpack_newsletter_tier_id":0,"_jetpack_memberships_contains_paywalled_content":false,"_jetpack_memberships_contains_paid_content":false,"footnotes":"","jetpack_publicize_message":"","jetpack_publicize_feature_enabled":true,"jetpack_social_post_already_shared":true,"jetpack_social_options":{"image_generator_settings":{"template":"highway","default_image_id":0,"font":"","enabled":false},"version":2}},"categories":[27,1],"tags":[],"class_list":["post-98158","post","type-post","status-publish","format-standard","has-post-thumbnail","hentry","category-blogu-i-udhetarit","category-njoftime-shtypi"],"jetpack_publicize_connections":[],"jetpack_featured_media_url":"https:\/\/i0.wp.com\/www.shqiperia.com\/blog\/wp-content\/uploads\/2026\/03\/Screenshot-2026-03-05-113553.webp?fit=667%2C477&ssl=1","jetpack_sharing_enabled":true,"jetpack_shortlink":"https:\/\/wp.me\/p5Z6wp-pxc","jetpack-related-posts":[{"id":80920,"url":"https:\/\/www.shqiperia.com\/blog\/irani-paralajmeron-mundesine-e-nisjes-se-prodhimit-te-bombave-berthamore\/","url_meta":{"origin":98158,"position":0},"title":"Irani paralajm\u00ebron mund\u00ebsin\u00eb e nisjes s\u00eb prodhimit t\u00eb bombave b\u00ebrthamore","author":"Kurt Farka","date":"May 10, 2024","format":false,"excerpt":"10 Maji 2024 Nj\u00eb zyrtar i lart\u00eb iranian paralajm\u00ebroi se Teherani mund t\u00eb ndryshoj\u00eb doktrin\u00ebn e tij b\u00ebrthamore dhe t\u00eb nis\u00eb nd\u00ebrtimin e bombave b\u00ebrthamore, n\u00ebse k\u00ebrc\u00ebnohet ekzistenca e shtetit. Kamal Kharrazi, kreu i K\u00ebshillit Strategjik iranian p\u00ebr Marr\u00ebdh\u00ebnie t\u00eb Jashtme dhe k\u00ebshilltar i lart\u00eb i liderit suprem, Ajatollah Ali\u2026","rel":"","context":"In &quot;Blogu i Udh\u00ebtarit&quot;","block_context":{"text":"Blogu i Udh\u00ebtarit","link":"https:\/\/www.shqiperia.com\/blog\/category\/blogu-i-udhetarit\/"},"img":{"alt_text":"","src":"https:\/\/i0.wp.com\/www.shqiperia.com\/blog\/wp-content\/uploads\/2024\/05\/Capture-122-754x450-1.jpg?fit=754%2C450&ssl=1&resize=350%2C200","width":350,"height":200,"srcset":"https:\/\/i0.wp.com\/www.shqiperia.com\/blog\/wp-content\/uploads\/2024\/05\/Capture-122-754x450-1.jpg?fit=754%2C450&ssl=1&resize=350%2C200 1x, https:\/\/i0.wp.com\/www.shqiperia.com\/blog\/wp-content\/uploads\/2024\/05\/Capture-122-754x450-1.jpg?fit=754%2C450&ssl=1&resize=525%2C300 1.5x, https:\/\/i0.wp.com\/www.shqiperia.com\/blog\/wp-content\/uploads\/2024\/05\/Capture-122-754x450-1.jpg?fit=754%2C450&ssl=1&resize=700%2C400 2x"},"classes":[]},{"id":99320,"url":"https:\/\/www.shqiperia.com\/blog\/deshtojne-negociatat-shba-iran-reagon-trump-do-bllokojme-hormuzin-ushtria-izraelite-urdher-mobilizimi-per-tu-rikthyer-ne-lufte\/","url_meta":{"origin":98158,"position":1},"title":"D\u00ebshtojn\u00eb negociatat SHBA- Iran, reagon Trump: &#8211; Do bllokojm\u00eb Hormuzin. &#8211; Ushtria izraelite urdh\u00ebr mobilizimi p\u00ebr t\u2019u rikthyer n\u00eb luft\u00eb","author":"Kurt Farka","date":"April 12, 2026","format":false,"excerpt":"13 Prill 2026 N\u00eb nj\u00eb postim t\u00eb gjat\u00eb t\u00eb ri n\u00eb Truth Social, Donald Trump thot\u00eb se \u201ctakimi shkoi mir\u00eb, u ra dakord p\u00ebr shumic\u00ebn e pikave, por e vetmja pik\u00eb q\u00eb kishte v\u00ebrtet r\u00ebnd\u00ebsi, \u00c7\u00ebshtja B\u00cbRTHAMORE, nuk ishte\u201d. Ai thot\u00eb se \u201cn\u00eb nj\u00eb moment\u201d do t\u00eb arrihet nj\u00eb marr\u00ebveshje\u2026","rel":"","context":"In &quot;Njoftime Shtypi&quot;","block_context":{"text":"Njoftime Shtypi","link":"https:\/\/www.shqiperia.com\/blog\/category\/njoftime-shtypi\/"},"img":{"alt_text":"","src":"https:\/\/i0.wp.com\/www.shqiperia.com\/blog\/wp-content\/uploads\/2026\/04\/shba-iran-1.jpg?fit=900%2C551&ssl=1&resize=350%2C200","width":350,"height":200,"srcset":"https:\/\/i0.wp.com\/www.shqiperia.com\/blog\/wp-content\/uploads\/2026\/04\/shba-iran-1.jpg?fit=900%2C551&ssl=1&resize=350%2C200 1x, https:\/\/i0.wp.com\/www.shqiperia.com\/blog\/wp-content\/uploads\/2026\/04\/shba-iran-1.jpg?fit=900%2C551&ssl=1&resize=525%2C300 1.5x, https:\/\/i0.wp.com\/www.shqiperia.com\/blog\/wp-content\/uploads\/2026\/04\/shba-iran-1.jpg?fit=900%2C551&ssl=1&resize=700%2C400 2x"},"classes":[]},{"id":77192,"url":"https:\/\/www.shqiperia.com\/blog\/shba-dhe-britania-ndermarrin-goditje-masive-kunder-rebeleve-houthi-ne-jemen\/","url_meta":{"origin":98158,"position":2},"title":"SHBA dhe Britania nd\u00ebrmarrin goditje masive kund\u00ebr rebel\u00ebve Houthi n\u00eb Jemen","author":"Kurt Farka","date":"January 12, 2024","format":false,"excerpt":"12 Janar 2024 Ushtria amerikane dhe ajo britanike, me mb\u00ebshtetjen e Australis\u00eb, Bahreinit, Kanadas\u00eb dhe Holand\u00ebs sulmuan objektivat e grupit rebel Houthi t\u00eb mb\u00ebshtetur nga Irani n\u00eb Jemen. Forcat amerikane dhe aleat\u00ebt e saj godit\u00ebn m\u00eb shum\u00eb se 60 objektiva n\u00eb 16 lokacione t\u00eb p\u00ebrdorura nga rebel\u00ebt Houthi n\u00eb Jemen.\u2026","rel":"","context":"In &quot;Blogu i Udh\u00ebtarit&quot;","block_context":{"text":"Blogu i Udh\u00ebtarit","link":"https:\/\/www.shqiperia.com\/blog\/category\/blogu-i-udhetarit\/"},"img":{"alt_text":"","src":"https:\/\/i0.wp.com\/www.shqiperia.com\/blog\/wp-content\/uploads\/2024\/01\/det.jpg?fit=1200%2C653&ssl=1&resize=350%2C200","width":350,"height":200,"srcset":"https:\/\/i0.wp.com\/www.shqiperia.com\/blog\/wp-content\/uploads\/2024\/01\/det.jpg?fit=1200%2C653&ssl=1&resize=350%2C200 1x, https:\/\/i0.wp.com\/www.shqiperia.com\/blog\/wp-content\/uploads\/2024\/01\/det.jpg?fit=1200%2C653&ssl=1&resize=525%2C300 1.5x, https:\/\/i0.wp.com\/www.shqiperia.com\/blog\/wp-content\/uploads\/2024\/01\/det.jpg?fit=1200%2C653&ssl=1&resize=700%2C400 2x, https:\/\/i0.wp.com\/www.shqiperia.com\/blog\/wp-content\/uploads\/2024\/01\/det.jpg?fit=1200%2C653&ssl=1&resize=1050%2C600 3x"},"classes":[]},{"id":95379,"url":"https:\/\/www.shqiperia.com\/blog\/tensionet-e-larta-me-rusine-gjermania-ve-ne-funksion-mburojen-kunder-raketave-balistike\/","url_meta":{"origin":98158,"position":3},"title":"Tensionet e larta me Rusin\u00eb, Gjermania v\u00eb n\u00eb funksion mburoj\u00ebn kund\u00ebr raketave balistike","author":"Kurt Farka","date":"December 3, 2025","format":false,"excerpt":"3 Dhjetor 2025 Ushtria e Gjermanis\u00eb ka v\u00ebn\u00eb n\u00eb funksion pjes\u00ebn e par\u00eb t\u00eb nj\u00eb sistemi t\u00eb mbrojtjes kund\u00ebr raketave balistike n\u00eb vler\u00eb prej rreth 4 miliard\u00eb dollar\u00ebsh, me q\u00ebllim q\u00eb t\u00eb mbrohet m\u00eb mir\u00eb Evropa n\u00eb nj\u00eb koh\u00eb kur tensionet jan\u00eb t\u00eb larta me Rusin\u00eb. Sistemi Arrow (Shigjeta), i\u2026","rel":"","context":"In &quot;Blogu i Udh\u00ebtarit&quot;","block_context":{"text":"Blogu i Udh\u00ebtarit","link":"https:\/\/www.shqiperia.com\/blog\/category\/blogu-i-udhetarit\/"},"img":{"alt_text":"","src":"https:\/\/i0.wp.com\/www.shqiperia.com\/blog\/wp-content\/uploads\/2025\/12\/Capture_sd-2-1.webp?fit=1200%2C675&ssl=1&resize=350%2C200","width":350,"height":200,"srcset":"https:\/\/i0.wp.com\/www.shqiperia.com\/blog\/wp-content\/uploads\/2025\/12\/Capture_sd-2-1.webp?fit=1200%2C675&ssl=1&resize=350%2C200 1x, https:\/\/i0.wp.com\/www.shqiperia.com\/blog\/wp-content\/uploads\/2025\/12\/Capture_sd-2-1.webp?fit=1200%2C675&ssl=1&resize=525%2C300 1.5x, https:\/\/i0.wp.com\/www.shqiperia.com\/blog\/wp-content\/uploads\/2025\/12\/Capture_sd-2-1.webp?fit=1200%2C675&ssl=1&resize=700%2C400 2x, https:\/\/i0.wp.com\/www.shqiperia.com\/blog\/wp-content\/uploads\/2025\/12\/Capture_sd-2-1.webp?fit=1200%2C675&ssl=1&resize=1050%2C600 3x"},"classes":[]},{"id":84200,"url":"https:\/\/www.shqiperia.com\/blog\/shba-mundesia-qe-irani-ta-furnizoje-rusine-me-raketa-alarmuese\/","url_meta":{"origin":98158,"position":4},"title":"SHBA: &#8211; Mund\u00ebsia q\u00eb Irani ta furnizoj\u00eb Rusin\u00eb me raketa, alarmuese","author":"Kurt Farka","date":"September 7, 2024","format":false,"excerpt":"7 Shtator 2024 Furnizimi i Rusis\u00eb me raketa balistike iraniane do t\u00eb shkaktonte p\u00ebrshkall\u00ebzim t\u00eb fort\u00eb t\u00eb luft\u00ebs n\u00eb Ukrain\u00eb, than\u00eb Shtetet e Bashkuara t\u00eb premten, pas raportimeve se Irani dhe Rusia e kan\u00eb thelluar bashk\u00ebpunimin p\u00ebr transferimin e arm\u00ebve t\u00eb tilla. Z\u00ebdh\u00ebn\u00ebsi i K\u00ebshillit p\u00ebr Siguri Komb\u00ebtare i Sht\u00ebpis\u00eb\u2026","rel":"","context":"In &quot;Blogu i Udh\u00ebtarit&quot;","block_context":{"text":"Blogu i Udh\u00ebtarit","link":"https:\/\/www.shqiperia.com\/blog\/category\/blogu-i-udhetarit\/"},"img":{"alt_text":"","src":"https:\/\/i0.wp.com\/www.shqiperia.com\/blog\/wp-content\/uploads\/2024\/09\/640-0-03566b3d3126afe6f1a27a7ff45a4e94.png?fit=640%2C360&ssl=1&resize=350%2C200","width":350,"height":200,"srcset":"https:\/\/i0.wp.com\/www.shqiperia.com\/blog\/wp-content\/uploads\/2024\/09\/640-0-03566b3d3126afe6f1a27a7ff45a4e94.png?fit=640%2C360&ssl=1&resize=350%2C200 1x, https:\/\/i0.wp.com\/www.shqiperia.com\/blog\/wp-content\/uploads\/2024\/09\/640-0-03566b3d3126afe6f1a27a7ff45a4e94.png?fit=640%2C360&ssl=1&resize=525%2C300 1.5x"},"classes":[]},{"id":80070,"url":"https:\/\/www.shqiperia.com\/blog\/hezbollahu-nis-raketa-drone-drejt-izraelit-ndersa-shba-paralajmeron-iranin\/","url_meta":{"origin":98158,"position":5},"title":"Hezbollahu nis raketa, dron\u00eb drejt Izraelit.  &#8211; Nd\u00ebrsa SHBA paralajm\u00ebron Iranin","author":"Kurt Farka","date":"April 13, 2024","format":false,"excerpt":"13 Prill 2024 Presidenti amerikan Joe Biden b\u00ebri nj\u00eb paralajm\u00ebrim t\u00eb prer\u00eb ndaj Iranit t\u00eb premten, nd\u00ebrsa bota po p\u00ebrgatitej q\u00eb Irani t\u00eb kund\u00ebrp\u00ebrgjigjej p\u00ebr sulmin vdekjeprur\u00ebs ajror izraelit ndaj kompleksit t\u00eb ambasad\u00ebs iraniane n\u00eb Damask. Gjat\u00eb nj\u00eb bisede me gazetar\u00ebt pas nj\u00eb fjalimi virtual t\u00eb mbajtur p\u00ebr nj\u00eb aktivitet\u2026","rel":"","context":"In &quot;Blogu i Udh\u00ebtarit&quot;","block_context":{"text":"Blogu i Udh\u00ebtarit","link":"https:\/\/www.shqiperia.com\/blog\/category\/blogu-i-udhetarit\/"},"img":{"alt_text":"","src":"https:\/\/i0.wp.com\/www.shqiperia.com\/blog\/wp-content\/uploads\/2024\/04\/IMG_1249-jpeg.jpg?fit=1024%2C663&ssl=1&resize=350%2C200","width":350,"height":200,"srcset":"https:\/\/i0.wp.com\/www.shqiperia.com\/blog\/wp-content\/uploads\/2024\/04\/IMG_1249-jpeg.jpg?fit=1024%2C663&ssl=1&resize=350%2C200 1x, https:\/\/i0.wp.com\/www.shqiperia.com\/blog\/wp-content\/uploads\/2024\/04\/IMG_1249-jpeg.jpg?fit=1024%2C663&ssl=1&resize=525%2C300 1.5x, https:\/\/i0.wp.com\/www.shqiperia.com\/blog\/wp-content\/uploads\/2024\/04\/IMG_1249-jpeg.jpg?fit=1024%2C663&ssl=1&resize=700%2C400 2x"},"classes":[]}],"_links":{"self":[{"href":"https:\/\/www.shqiperia.com\/blog\/wp-json\/wp\/v2\/posts\/98158","targetHints":{"allow":["GET"]}}],"collection":[{"href":"https:\/\/www.shqiperia.com\/blog\/wp-json\/wp\/v2\/posts"}],"about":[{"href":"https:\/\/www.shqiperia.com\/blog\/wp-json\/wp\/v2\/types\/post"}],"author":[{"embeddable":true,"href":"https:\/\/www.shqiperia.com\/blog\/wp-json\/wp\/v2\/users\/9"}],"replies":[{"embeddable":true,"href":"https:\/\/www.shqiperia.com\/blog\/wp-json\/wp\/v2\/comments?post=98158"}],"version-history":[{"count":1,"href":"https:\/\/www.shqiperia.com\/blog\/wp-json\/wp\/v2\/posts\/98158\/revisions"}],"predecessor-version":[{"id":98160,"href":"https:\/\/www.shqiperia.com\/blog\/wp-json\/wp\/v2\/posts\/98158\/revisions\/98160"}],"wp:featuredmedia":[{"embeddable":true,"href":"https:\/\/www.shqiperia.com\/blog\/wp-json\/wp\/v2\/media\/98159"}],"wp:attachment":[{"href":"https:\/\/www.shqiperia.com\/blog\/wp-json\/wp\/v2\/media?parent=98158"}],"wp:term":[{"taxonomy":"category","embeddable":true,"href":"https:\/\/www.shqiperia.com\/blog\/wp-json\/wp\/v2\/categories?post=98158"},{"taxonomy":"post_tag","embeddable":true,"href":"https:\/\/www.shqiperia.com\/blog\/wp-json\/wp\/v2\/tags?post=98158"}],"curies":[{"name":"wp","href":"https:\/\/api.w.org\/{rel}","templated":true}]}}