{"id":98155,"date":"2026-03-05T19:09:51","date_gmt":"2026-03-05T19:09:51","guid":{"rendered":"https:\/\/www.shqiperia.com\/blog\/?p=98155"},"modified":"2026-03-05T19:09:51","modified_gmt":"2026-03-05T19:09:51","slug":"rama-e-perzuri-spiropalin-pas-takimeve-ne-shtepine-e-bardhe-kellici-zbardh-prapaskenat-kryeministri-u-frikesua","status":"publish","type":"post","link":"https:\/\/www.shqiperia.com\/blog\/rama-e-perzuri-spiropalin-pas-takimeve-ne-shtepine-e-bardhe-kellici-zbardh-prapaskenat-kryeministri-u-frikesua\/","title":{"rendered":"\u201cRama e p\u00ebrzuri Spiropalin pas takimeve n\u00eb Sht\u00ebpin\u00eb e Bardh\u00eb\u201d, K\u00eblli\u00e7i zbardh prapaskenat: Kryeministri u frik\u00ebsua.."},"content":{"rendered":"<div class=\"readmore-text-here\">\n<p><img data-recalc-dims=\"1\" loading=\"lazy\" decoding=\"async\" data-attachment-id=\"98156\" data-permalink=\"https:\/\/www.shqiperia.com\/blog\/rama-e-perzuri-spiropalin-pas-takimeve-ne-shtepine-e-bardhe-kellici-zbardh-prapaskenat-kryeministri-u-frikesua\/640-0-2d503d149071e6139289845c1d0fdf60\/\" data-orig-file=\"https:\/\/i0.wp.com\/www.shqiperia.com\/blog\/wp-content\/uploads\/2026\/03\/640-0-2d503d149071e6139289845c1d0fdf60.jpg?fit=640%2C336&amp;ssl=1\" data-orig-size=\"640,336\" data-comments-opened=\"1\" data-image-meta=\"{&quot;aperture&quot;:&quot;0&quot;,&quot;credit&quot;:&quot;&quot;,&quot;camera&quot;:&quot;&quot;,&quot;caption&quot;:&quot;&quot;,&quot;created_timestamp&quot;:&quot;0&quot;,&quot;copyright&quot;:&quot;&quot;,&quot;focal_length&quot;:&quot;0&quot;,&quot;iso&quot;:&quot;0&quot;,&quot;shutter_speed&quot;:&quot;0&quot;,&quot;title&quot;:&quot;&quot;,&quot;orientation&quot;:&quot;0&quot;}\" data-image-title=\"640-0-2d503d149071e6139289845c1d0fdf60\" data-image-description=\"\" data-image-caption=\"\" data-medium-file=\"https:\/\/i0.wp.com\/www.shqiperia.com\/blog\/wp-content\/uploads\/2026\/03\/640-0-2d503d149071e6139289845c1d0fdf60.jpg?fit=300%2C158&amp;ssl=1\" data-large-file=\"https:\/\/i0.wp.com\/www.shqiperia.com\/blog\/wp-content\/uploads\/2026\/03\/640-0-2d503d149071e6139289845c1d0fdf60.jpg?fit=640%2C336&amp;ssl=1\" class=\"alignnone  wp-image-98156\" alt=\"\" src=\"https:\/\/i0.wp.com\/www.shqiperia.com\/blog\/wp-content\/uploads\/2026\/03\/640-0-2d503d149071e6139289845c1d0fdf60.jpg?resize=714%2C376&#038;ssl=1\" width=\"714\" height=\"376\" srcset=\"https:\/\/i0.wp.com\/www.shqiperia.com\/blog\/wp-content\/uploads\/2026\/03\/640-0-2d503d149071e6139289845c1d0fdf60.jpg?resize=300%2C158&amp;ssl=1 300w, https:\/\/i0.wp.com\/www.shqiperia.com\/blog\/wp-content\/uploads\/2026\/03\/640-0-2d503d149071e6139289845c1d0fdf60.jpg?resize=450%2C236&amp;ssl=1 450w, https:\/\/i0.wp.com\/www.shqiperia.com\/blog\/wp-content\/uploads\/2026\/03\/640-0-2d503d149071e6139289845c1d0fdf60.jpg?resize=600%2C315&amp;ssl=1 600w, https:\/\/i0.wp.com\/www.shqiperia.com\/blog\/wp-content\/uploads\/2026\/03\/640-0-2d503d149071e6139289845c1d0fdf60.jpg?resize=400%2C210&amp;ssl=1 400w, https:\/\/i0.wp.com\/www.shqiperia.com\/blog\/wp-content\/uploads\/2026\/03\/640-0-2d503d149071e6139289845c1d0fdf60.jpg?w=640&amp;ssl=1 640w\" sizes=\"auto, (max-width: 714px) 100vw, 714px\" \/><\/p>\n<p>5 Mars 2026<\/p>\n<p>Deputeti demokrat Belind K\u00eblli\u00e7i zbardhi sot n\u00eb nj\u00eb emision televiziv tregon prapaskenat e shkarkimit t\u00eb Elisa Spiropalit nga kryeministri Edi Rama.<\/p>\n<p>I kthyer n\u00eb Kuvend pas pezullimit p\u00ebr mbi 2 muaj, vendim i marr\u00eb nga maxhoranca, K\u00eblli\u00e7i tha se gjeti nj\u00eb situat\u00eb t\u00eb tensionuar brenda maxhoran c\u00ebs. P\u00ebr K\u00eblli\u00e7in shkarkimi i Spiropalit nuk ishte nj\u00eb rikonfigurim rutin\u00eb, por nj\u00eb eliminim politik i nxitur nga l\u00ebvizjet e Spiropalit n\u00eb aren\u00ebn nd\u00ebrkomb\u00ebtare. K\u00eblli\u00e7i flet p\u00ebr an\u00ebtar\u00ebsimin e Spiropalit n\u00eb \u201cChina Club\u201d n\u00eb Berlin, nj\u00eb forum i fuqish\u00ebm lobimi politik me akses n\u00eb Bundestagun gjerman.<\/p>\n<\/div>\n<div class=\"readmore-text-here\">\n<div id=\"rekl-28\">N\u00eb k\u00ebt\u00eb\u00a0 klub, nj\u00eb pik\u00eb nevralgjike p\u00ebr marr\u00ebdh\u00ebniet nd\u00ebrkomb\u00ebtare, K\u00eblli\u00e7i thot\u00eb se m\u00eb par\u00eb kishte akses edhe vet\u00eb Kryeministri Rama, por q\u00eb tashm\u00eb nuk e ka m\u00eb.<\/div>\n<p>Nj\u00eb tjet\u00ebr element ky\u00e7 \u00ebsht\u00eb vizita e Spiropalit n\u00eb SHBA muajin e kaluar, ku u prit n\u00eb Departamentin e Shtetit dhe n\u00eb Sht\u00ebpin\u00eb e Bardh\u00eb ku Edi Rama nuk shkon dot dhe kjo\u00a0ka alarmuar kryeministrin.<br \/>\nBelind K\u00eblli\u00e7i:\u00a0Gjeta kreun e parlamentit n\u00eb nj\u00eb gjendje m\u00eb agresive, edhe m\u00eb t\u00eb radikalizuar. \u00a0E lidha k\u00ebt\u00eb n\u00eb fakt me largimin e Elisa Spiropalit, se duhet t\u00eb kuptoni di\u00e7ka. Muajin e shkuar kan\u00eb qen\u00eb dy politikan\u00eb t\u00eb Partis\u00eb Socialiste, t\u00eb vetmit q\u00eb u prit\u00ebn dhe jan\u00eb pritur edhe n\u00eb Departamentin Amerikan t\u00eb Shtetit, por n\u00eb rastin e Spiropalit edhe n\u00eb Sht\u00ebpi t\u00eb Bardh\u00eb, dhe i pari na la sh\u00ebnden\u00eb. Pra Elisa Spiropali zyrtarisht tashm\u00eb \u00ebsht\u00eb e papun\u00eb dhe e larguar, e p\u00ebrz\u00ebn\u00eb nga kabineti qeveritar nga Edi Rama. Jo se kjo nuk dihej apo nuk pritej sepse kishte koh\u00eb q\u00eb flitej q\u00eb Klubi i Anglishtfol\u00ebsve, mes tyre edhe Elisa, po ka nj\u00eb, qasje normale dhe logjike n\u00eb raport me t\u00eb huajt. Shtuar k\u00ebtu faktin q\u00eb Elisa prej dy vitesh kaloi nga Klubi i an\u00ebtar\u00ebve t\u00eb lubis\u00eb te Klubi i an\u00ebtar\u00ebve t\u00eb China Club n\u00eb Berlin dhe e kupton fare mir\u00eb Elisa p\u00ebr \u00e7far\u00eb e kam fjal\u00ebn un\u00eb.<\/p>\n<p><strong>Sonila Me\u00e7o:\u00a0<\/strong>\u00c7far\u00eb \u00ebsht\u00eb?<\/p>\n<p><strong>Belind K\u00eblli\u00e7i:<\/strong>\u00a0Nj\u00eb klub n\u00eb t\u00eb cilin m\u00eb par\u00eb e ka patur aksesin vet\u00eb Rama por q\u00eb nuk e ka m\u00eb n\u00eb Berlin dhe duke qen\u00eb se u an\u00ebtar\u00ebsua n\u00eb k\u00ebt\u00eb klub, duke u larguar nga Klubi i lubist\u00ebve, me sa duket kjo i kushtoi dhe karrier\u00ebn politike edhe Elisa Spiropalit. Kjo mendoj un\u00eb \u00ebsht\u00eb arsyeja pse un\u00eb kam gjetur sot nj\u00eb kryetar Kuvendi agresiv p\u00ebr asnj\u00eb arsye.<\/p>\n<p>\u00cbsht\u00eb klubi ku b\u00ebhen t\u00eb gjitha lobimet politike t\u00eb Partis\u00eb Socialiste n\u00eb raport me Bundestagun gjerman, n\u00eb Berlin. China Club.<\/p>\n<p><strong>Sonila Me\u00e7o:<\/strong>\u00a0Ky klub ka pasur ndonj\u00eb problem k\u00ebto koh\u00ebt e fundit se p\u00ebr shembull nga Gjermania pothuajse kan\u00eb mb\u00ebrritur silure, do t\u00eb thoshte Fitja Koka, m\u00eb t\u00eb forta gjat\u00eb ca periudhe p\u00ebr Edi Ram\u00ebn.<\/p>\n<p><strong>Belind K\u00eblli\u00e7i:\u00a0<\/strong>Me sa duket do vijn\u00eb silura edhe m\u00eb t\u00eb forta p\u00ebr Edi Ram\u00ebn dhe p\u00ebr t\u00eb gjith\u00eb an\u00ebtar\u00ebt e mazhoranc\u00ebs t\u00eb k\u00ebtij klubi. Por, po them dhe nj\u00ebher\u00eb, fakti q\u00eb Rama nuk shkon m\u00eb\u2026<\/p>\n<p><strong>Sonila Me\u00e7o<\/strong>: Pra ti Belind nuk je me teorin\u00eb, ti nuk je me teorin\u00eb q\u00eb Elisa Spiropalin e hoqi Belinda Balluku?<\/p>\n<p><strong>Belind K\u00eblli\u00e7i<\/strong>: Jo jo, ka qen\u00eb Edi Rama. S\u2019ka lidhje Balluku. Aty vendimmarrjen Edi Rama e ka. Balluku t\u00eb b\u00ebj\u00eb \u00e7far\u00eb t\u00eb doj\u00eb, Edi Rama \u00ebsht\u00eb aty, n\u00eb fund t\u00eb dit\u00ebs. Kjo mund t\u00eb ket\u00eb qen\u00eb nj\u00eb \u00e7ok\u00eb tangjenciale p\u00ebr \u00a0Ballukun. Por, po e them dhe nj\u00ebher\u00eb, ajo kaloi nga an\u00ebtare e Klubit t\u00eb lobist\u00ebve, pra \u00ebsht\u00eb nj\u00eb klub i ri q\u00eb \u00ebsht\u00eb formuar n\u00eb Partin\u00eb Socialiste, k\u00ebshtu quhet, kaloi n\u00eb an\u00ebtar\u00ebt e Klubit t\u00eb Kin\u00ebs apo China Club n\u00eb, n\u00eb Berlin, q\u00eb \u00ebsht\u00eb nj\u00eb vend shum\u00eb i famsh\u00ebm p\u00ebr t\u00eb gjith\u00eb ata q\u00eb merren me politik\u00eb t\u00eb jashtme, p\u00ebr t\u00eb gjith\u00eb ata q\u00eb kan\u00eb shk\u00ebmbime me deputet\u00eb gjerman\u00eb apo me an\u00ebtar\u00eb t\u00eb Bundestagut, me funksionar\u00eb shtet\u00ebror\u00eb n\u00eb Berlin dhe e din\u00eb shum\u00eb mir\u00eb p\u00ebr \u00e7far\u00eb po flas. Dhe duke shtuar k\u00ebt\u00eb, dua t\u00eb dal te konkluzioni q\u00eb ka qen\u00eb nj\u00eb seanc\u00eb absurde, ku gjat\u00eb gjith\u00eb koh\u00ebs provokoheshin\u2026<\/p>\n<p>Nj\u00eb detaj tjet\u00ebr. Provokoheshin deputet\u00ebt e PD-s\u00eb dhe nd\u00ebrkoh\u00eb sot u diskutua dhe propozimi i ri p\u00ebr t\u00eb amenduar s\u00ebrish rregulloren e parlamentit, q\u00eb t\u2019ia heqim edhe minutazhin q\u00eb kan\u00eb deputet\u00ebt e opozit\u00ebs, ta b\u00ebjm\u00eb nga 10 minuta n\u00eb 5 minuta. T\u00eb gjith\u00eb iniciativat e nj\u00ebanshme t\u00eb mazhoranc\u00ebs jan\u00eb ku t\u2019i heqim minutazhin, ku t\u2019i ngushtojm\u00eb hap\u00ebsirat, ku t\u00eb mos i lejojm\u00eb komisionet hetimore, t\u2019i heqim t\u00eb drejt\u00ebn e fjal\u00ebs edhe t\u2019i heqim edhe opozit\u00ebn n\u00eb fund.<\/p>\n<p>K\u00eblli\u00e7i komenton dhe deklarat\u00ebn e Spiropalit e cila tha se shkarkimi i saj u paralajm\u00ebrua publikisht nga ish-kryeministri Sali Berisha<\/p>\n<p><em>\u201cE vetmja gj\u00eb p\u00ebr t\u00eb cil\u00ebn m\u00eb vjen keq \u00ebsht\u00eb q\u00eb largimin e paralajm\u00ebroi Sali Berisha n\u00eb sall\u00ebn e kuvendit dhe jo ndonj\u00eb tjet\u00ebr. Vet\u00ebm p\u00ebr k\u00ebt\u00eb jam e habitur q\u00eb i doli fjala, p\u00ebr asgj\u00eb tjet\u00ebr\u2019 tha Spiropali sot paradite n\u00eb Kuvend.<\/em><\/p>\n<p>Belind K\u00eblli\u00e7i: Berisha k\u00ebt\u00eb e ka paralajm\u00ebruar q\u00eb n\u00eb momentin e par\u00eb q\u00eb Spiropali pati nj\u00eb takim n\u00eb Sht\u00ebpi t\u00eb Bardh\u00eb, aty ku Edi Rama nuk shkon dot, aty ku nuk shkel dot, aty ku dhe n\u00eb parlament, po ta mbani mend tha un\u00eb do shkoj n\u00eb Bordin e Paqes, do futem n\u00eb Sht\u00ebpin\u00eb e Bardh\u00eb, do jem me Trumpin n\u00eb Sht\u00ebpin\u00eb e Bardh\u00eb. N\u00eb fakt shkoi Elisa aty para nj\u00eb muaji dhe pik\u00ebrisht n\u00eb at\u00eb moment Berisha ka paralajm\u00ebruar shkarkimin, largimin shum\u00eb t\u00eb shpejt\u00eb t\u00eb Spiropalit nga kabineti qeveritar.<\/p>\n<p>Sonila Me\u00e7o:\u00a0Kishit informacione p\u00ebr k\u00ebt\u00eb gj\u00eb Belind apo \u00ebsht\u00eb nj\u00eb deduksion i nj\u00eb nuhatjeje politike..<\/p>\n<p>Belind K\u00eblli\u00e7i:\u00a0Jo jo, \u00ebsht\u00eb nj\u00eb informacion logjik, logjik fare i thjesht\u00eb, plus mos harroni eksperienc\u00ebn e zotit Berisha dhe mos harroni se k\u00eb kemi p\u00ebrball\u00eb. E dim\u00eb se kush \u00ebsht\u00eb njeriu m\u00eb i izoluar n\u00eb ShBA-ja sot, n\u00eb Shqip\u00ebri dhe n\u00eb mazhoranc\u00eb, q\u00eb \u00ebsht\u00eb vet\u00eb Edi Rama. Dhe kjo \u00ebsht\u00eb e b\u00ebr\u00eb publike.<\/p>\n<p>Dhe Elisa ishte tek klubi i politikan\u00ebve shum\u00eb t\u00eb rrall\u00eb tashm\u00eb n\u00eb mazhoranc\u00eb q\u00eb filloi t\u2019i fliste nd\u00ebrgjegjja dhe deri diku logjika racionale. Pra filloi t\u00eb fliste gj\u00ebra normale deri diku dhe t\u00eb pranonte q\u00eb n\u00eb Shqip\u00ebri ka dhe korrupsion, q\u00eb k\u00ebshtu nuk vazhdohet, q\u00eb krimi i organizuar \u00ebsht\u00eb kthyer n\u00eb problem, q\u00eb ekzistojn\u00eb kartelet. Pra me sa duket kjo ishte arsyeja q\u00eb ne e kemi paralajm\u00ebruar prej m\u00eb shum\u00eb se nj\u00eb muaji dhe n\u00eb fakt brenda nj\u00eb kohe rekord, Edi Rama b\u00ebri realitet at\u00eb q\u00eb deklaroi vet\u00eb Berisha nj\u00eb muaj m\u00eb par\u00eb, q\u00eb ajo do ishte kok\u00eb turku shum\u00eb shpejt.<\/p>\n<\/div>\n","protected":false},"excerpt":{"rendered":"<p>5 Mars 2026 Deputeti demokrat Belind K\u00eblli\u00e7i zbardhi sot n\u00eb nj\u00eb emision televiziv tregon prapaskenat e shkarkimit t\u00eb Elisa Spiropalit nga kryeministri Edi Rama. I kthyer n\u00eb Kuvend pas pezullimit p\u00ebr mbi 2 muaj, vendim i marr\u00eb nga maxhoranca, K\u00eblli\u00e7i tha se gjeti nj\u00eb situat\u00eb t\u00eb tensionuar brenda maxhoran c\u00ebs. P\u00ebr K\u00eblli\u00e7in shkarkimi i Spiropalit [&hellip;]<\/p>\n","protected":false},"author":9,"featured_media":98156,"comment_status":"open","ping_status":"open","sticky":false,"template":"","format":"standard","meta":{"jetpack_post_was_ever_published":false,"_jetpack_newsletter_access":"","_jetpack_dont_email_post_to_subs":false,"_jetpack_newsletter_tier_id":0,"_jetpack_memberships_contains_paywalled_content":false,"_jetpack_memberships_contains_paid_content":false,"footnotes":"","jetpack_publicize_message":"","jetpack_publicize_feature_enabled":true,"jetpack_social_post_already_shared":true,"jetpack_social_options":{"image_generator_settings":{"template":"highway","default_image_id":0,"font":"","enabled":false},"version":2}},"categories":[27,1,2],"tags":[],"class_list":["post-98155","post","type-post","status-publish","format-standard","has-post-thumbnail","hentry","category-blogu-i-udhetarit","category-njoftime-shtypi","category-politika"],"jetpack_publicize_connections":[],"jetpack_featured_media_url":"https:\/\/i0.wp.com\/www.shqiperia.com\/blog\/wp-content\/uploads\/2026\/03\/640-0-2d503d149071e6139289845c1d0fdf60.jpg?fit=640%2C336&ssl=1","jetpack_sharing_enabled":true,"jetpack_shortlink":"https:\/\/wp.me\/p5Z6wp-px9","jetpack-related-posts":[{"id":57689,"url":"https:\/\/www.shqiperia.com\/blog\/deklaratat-e-rames-kellici-mesazh-i-koduar-si-presion-ndaj-spak\/","url_meta":{"origin":98155,"position":0},"title":"Deklaratat e Ram\u00ebs, K\u00eblli\u00e7i: &#8211; Mesazh i koduar si presion ndaj SPAK","author":"Kurt Farka","date":"May 8, 2022","format":false,"excerpt":"Deklaratat e Ram\u00ebs, K\u00eblli\u00e7i: - Mesazh i koduar si presion ndaj SPAK 7 Maji 2022 Deputeti i PD, Belind K\u00eblli\u00e7i ka reaguar nga selia blu pas kritikave t\u00eb kryeministri Edi Rama ndaj SPAK, duke th\u00ebn\u00eb se ky ishte nj\u00eb mesazh i koduar q\u00eb t\u00eb nd\u00ebrpriten t\u00eb jgitha hetimet ndaj tij\u2026","rel":"","context":"In &quot;Blogu i Udh\u00ebtarit&quot;","block_context":{"text":"Blogu i Udh\u00ebtarit","link":"https:\/\/www.shqiperia.com\/blog\/category\/blogu-i-udhetarit\/"},"img":{"alt_text":"","src":"https:\/\/i0.wp.com\/www.shqiperia.com\/blog\/wp-content\/uploads\/2022\/05\/Belind-Kellici.jpg?fit=800%2C431&ssl=1&resize=350%2C200","width":350,"height":200,"srcset":"https:\/\/i0.wp.com\/www.shqiperia.com\/blog\/wp-content\/uploads\/2022\/05\/Belind-Kellici.jpg?fit=800%2C431&ssl=1&resize=350%2C200 1x, https:\/\/i0.wp.com\/www.shqiperia.com\/blog\/wp-content\/uploads\/2022\/05\/Belind-Kellici.jpg?fit=800%2C431&ssl=1&resize=525%2C300 1.5x, https:\/\/i0.wp.com\/www.shqiperia.com\/blog\/wp-content\/uploads\/2022\/05\/Belind-Kellici.jpg?fit=800%2C431&ssl=1&resize=700%2C400 2x"},"classes":[]},{"id":88252,"url":"https:\/\/www.shqiperia.com\/blog\/ish-deputeti-ngre-alarmin-kryebashkiaku-i-tiranes-po-kerkon-azil-politik-rama-do-e\/","url_meta":{"origin":98155,"position":1},"title":"Ish-deputeti ngre alarmin: &#8211; Kryebashkiaku i Tiran\u00ebs po k\u00ebrkon azil politik, Rama do e\u2026","author":"Kurt Farka","date":"January 11, 2025","format":false,"excerpt":"11 Janar 2025 Drejtuesi politik i Tiran\u00ebs, Belind K\u00eblli\u00e7i, ka shprehur kritika t\u00eb forta ndaj Prokuroris\u00eb s\u00eb Posa\u00e7me p\u00ebr vones\u00ebn n\u00eb marrjen e masave ligjore ndaj kryebashkiakut Erion Veliaj, duke theksuar se faktet dhe provat jan\u00eb t\u00eb qarta dhe t\u00eb njohura p\u00ebr publikun. K\u00eblli\u00e7i ka shtuar se Veliaj po p\u00ebrfiton\u2026","rel":"","context":"In &quot;Blogu i Udh\u00ebtarit&quot;","block_context":{"text":"Blogu i Udh\u00ebtarit","link":"https:\/\/www.shqiperia.com\/blog\/category\/blogu-i-udhetarit\/"},"img":{"alt_text":"","src":"https:\/\/i0.wp.com\/www.shqiperia.com\/blog\/wp-content\/uploads\/2025\/01\/Rama-Veliaj.jpg?fit=840%2C460&ssl=1&resize=350%2C200","width":350,"height":200,"srcset":"https:\/\/i0.wp.com\/www.shqiperia.com\/blog\/wp-content\/uploads\/2025\/01\/Rama-Veliaj.jpg?fit=840%2C460&ssl=1&resize=350%2C200 1x, https:\/\/i0.wp.com\/www.shqiperia.com\/blog\/wp-content\/uploads\/2025\/01\/Rama-Veliaj.jpg?fit=840%2C460&ssl=1&resize=525%2C300 1.5x, https:\/\/i0.wp.com\/www.shqiperia.com\/blog\/wp-content\/uploads\/2025\/01\/Rama-Veliaj.jpg?fit=840%2C460&ssl=1&resize=700%2C400 2x"},"classes":[]},{"id":89665,"url":"https:\/\/www.shqiperia.com\/blog\/miting-i-rames-kunder-drejtesise-kellici-nepunesit-te-distancohen-nga-kjo-lajthitje-e-kreut-te-narkoshtetit-te-pare-te-europes\/","url_meta":{"origin":98155,"position":2},"title":"&#8220;Miting i Ram\u00ebs kund\u00ebr drejt\u00ebsis\u00eb&#8221;, K\u00eblli\u00e7i: N\u00ebpun\u00ebsit t\u00eb distancohen nga kjo lajthitje e kreut t\u00eb narkoshtetit t\u00eb par\u00eb t\u00eb Europ\u00ebs","author":"Kurt Farka","date":"February 20, 2025","format":false,"excerpt":"20 Shkurt 2025 Drejtuesi politik i Partis\u00eb Demokratike p\u00ebr Tiran\u00ebn, Belind K\u00eblli\u00e7i, ka reaguar pas thirrje nga kreu i qeveris\u00eb t\u00eb nj\u00eb mitingu t\u00eb administrat\u00ebs jo vet\u00ebm t\u00eb bashkis\u00eb n\u00eb qend\u00ebr t\u00eb Tiran\u00ebs. \u201cFtojm\u00eb \u00e7do n\u00ebpun\u00ebs t\u00eb Administrat\u00ebs Publike, t\u00eb distancohet nga kjo lajthitje e kreut t\u00eb narkoshtetit t\u00eb par\u00eb\u2026","rel":"","context":"In &quot;Blogu i Udh\u00ebtarit&quot;","block_context":{"text":"Blogu i Udh\u00ebtarit","link":"https:\/\/www.shqiperia.com\/blog\/category\/blogu-i-udhetarit\/"},"img":{"alt_text":"","src":"https:\/\/i0.wp.com\/www.shqiperia.com\/blog\/wp-content\/uploads\/2025\/02\/478725332_122139457856506940_6123017173474961943_n-1.jpg?fit=1080%2C607&ssl=1&resize=350%2C200","width":350,"height":200,"srcset":"https:\/\/i0.wp.com\/www.shqiperia.com\/blog\/wp-content\/uploads\/2025\/02\/478725332_122139457856506940_6123017173474961943_n-1.jpg?fit=1080%2C607&ssl=1&resize=350%2C200 1x, https:\/\/i0.wp.com\/www.shqiperia.com\/blog\/wp-content\/uploads\/2025\/02\/478725332_122139457856506940_6123017173474961943_n-1.jpg?fit=1080%2C607&ssl=1&resize=525%2C300 1.5x, https:\/\/i0.wp.com\/www.shqiperia.com\/blog\/wp-content\/uploads\/2025\/02\/478725332_122139457856506940_6123017173474961943_n-1.jpg?fit=1080%2C607&ssl=1&resize=700%2C400 2x, https:\/\/i0.wp.com\/www.shqiperia.com\/blog\/wp-content\/uploads\/2025\/02\/478725332_122139457856506940_6123017173474961943_n-1.jpg?fit=1080%2C607&ssl=1&resize=1050%2C600 3x"},"classes":[]},{"id":90519,"url":"https:\/\/www.shqiperia.com\/blog\/prova-te-reja-per-taulant-ballen-kellici-ndikim-ne-gjyqesor-ne-favor-te-nje-bande-kriminale-ne-elbasan\/","url_meta":{"origin":98155,"position":3},"title":"&#8220;Prova&#8221; t\u00eb reja p\u00ebr Taulant Ball\u00ebn. K\u00eblli\u00e7i: &#8211; Ndikim n\u00eb gjyq\u00ebsor n\u00eb favor t\u00eb nj\u00eb bande kriminale n\u00eb Elbasan","author":"Kurt Farka","date":"March 17, 2025","format":false,"excerpt":"17 Mars 2025 Drejtuesi politik n\u00eb Qarkun e Tiran\u00ebs, Belind K\u00eblli\u00e7i paralajm\u00ebron publikimin e p\u00ebrgjimeve t\u00eb reja p\u00ebr Taulant Ball\u00ebn dhe lidhjet e tij me bandat kriminale n\u00eb Elbasan dhe dosjen Toyota Auris. Nga SPAK, s\u00eb bashku em mb\u00ebshtet\u00ebs t\u00eb tjer\u00eb demokrat\u00eb ku po paraqitet kryedemokrati Sali Berisha n\u00eb Prokurorin\u00eb\u2026","rel":"","context":"In &quot;Njoftime Shtypi&quot;","block_context":{"text":"Njoftime Shtypi","link":"https:\/\/www.shqiperia.com\/blog\/category\/njoftime-shtypi\/"},"img":{"alt_text":"","src":"https:\/\/i0.wp.com\/www.shqiperia.com\/blog\/wp-content\/uploads\/2025\/03\/taulant-balla.jpeg?fit=1200%2C800&ssl=1&resize=350%2C200","width":350,"height":200,"srcset":"https:\/\/i0.wp.com\/www.shqiperia.com\/blog\/wp-content\/uploads\/2025\/03\/taulant-balla.jpeg?fit=1200%2C800&ssl=1&resize=350%2C200 1x, https:\/\/i0.wp.com\/www.shqiperia.com\/blog\/wp-content\/uploads\/2025\/03\/taulant-balla.jpeg?fit=1200%2C800&ssl=1&resize=525%2C300 1.5x, https:\/\/i0.wp.com\/www.shqiperia.com\/blog\/wp-content\/uploads\/2025\/03\/taulant-balla.jpeg?fit=1200%2C800&ssl=1&resize=700%2C400 2x, https:\/\/i0.wp.com\/www.shqiperia.com\/blog\/wp-content\/uploads\/2025\/03\/taulant-balla.jpeg?fit=1200%2C800&ssl=1&resize=1050%2C600 3x"},"classes":[]},{"id":99205,"url":"https:\/\/www.shqiperia.com\/blog\/kryeministri-dje-ne-lezhe-kellici-denoncon-ngjarje-qe-ka-ndodhur-ne\/","url_meta":{"origin":98155,"position":4},"title":"Kryeministri dje n\u00eb Lezh\u00eb, K\u00eblli\u00e7i denoncon: Ngjarje q\u00eb ka ndodhur n\u00eb\u2026","author":"Kurt Farka","date":"April 8, 2026","format":false,"excerpt":"8 Prill 2026 Deputeti i Partis\u00eb Demokratike, Belind K\u00eblli\u00e7i ka denoncuar nj\u00eb rast t\u00eb ndodhur sipas tij n\u00eb Lezh\u00eb dit\u00ebn e djeshme. N\u00eb nj\u00eb postim n\u00eb rrjetet sociale, K\u00eblli\u00e7i shkruan se dy qytetar\u00eb, t\u00eb cil\u00ebt njihen p\u00ebr q\u00ebndrimet e tyre kund\u00ebr qeveris\u00eb, jan\u00eb provuar nga liria dhe jan\u00eb liruar m\u00eb\u2026","rel":"","context":"In &quot;Blogu i Udh\u00ebtarit&quot;","block_context":{"text":"Blogu i Udh\u00ebtarit","link":"https:\/\/www.shqiperia.com\/blog\/category\/blogu-i-udhetarit\/"},"img":{"alt_text":"","src":"https:\/\/i0.wp.com\/www.shqiperia.com\/blog\/wp-content\/uploads\/2026\/04\/649276472_2166612417493606_342874270928890806_n.jpg?fit=720%2C528&ssl=1&resize=350%2C200","width":350,"height":200,"srcset":"https:\/\/i0.wp.com\/www.shqiperia.com\/blog\/wp-content\/uploads\/2026\/04\/649276472_2166612417493606_342874270928890806_n.jpg?fit=720%2C528&ssl=1&resize=350%2C200 1x, https:\/\/i0.wp.com\/www.shqiperia.com\/blog\/wp-content\/uploads\/2026\/04\/649276472_2166612417493606_342874270928890806_n.jpg?fit=720%2C528&ssl=1&resize=525%2C300 1.5x, https:\/\/i0.wp.com\/www.shqiperia.com\/blog\/wp-content\/uploads\/2026\/04\/649276472_2166612417493606_342874270928890806_n.jpg?fit=720%2C528&ssl=1&resize=700%2C400 2x"},"classes":[]},{"id":98184,"url":"https:\/\/www.shqiperia.com\/blog\/kikia-analizon-prapaskenat-e-shkarkimit-te-ballukut-brenda-ps-ka-thyerje-pritet-te\/","url_meta":{"origin":98155,"position":5},"title":"Kikia analizon prapaskenat e shkarkimit t\u00eb Ballukut: &#8211; Brenda PS ka thyerje, pritet t\u00eb\u2026","author":"Kurt Farka","date":"March 6, 2026","format":false,"excerpt":"6 Mars 2026 Analisti Mentor Kikia foli n\u00eb nje emision televiziv, ka zb\u00ebrthyer mesazhet e Elisa Spiropalit, dhe p\u00ebrplasjet sipas tij q\u00eb kan\u00eb p\u00ebrfshir\u00eb PS. Pretendimet se Spiropali u shkarkua pas \u2018p\u00ebrplasjeve me Ballukun\u201d sipas analistit Kikia jo domosdoshm\u00ebrisht q\u00ebndrojn\u00eb, duke shtuar se \u00e7\u00ebshtja prek interesa t\u00eb tjera. \u201cSpiropali \u00ebsht\u00eb\u2026","rel":"","context":"In &quot;Blogu i Udh\u00ebtarit&quot;","block_context":{"text":"Blogu i Udh\u00ebtarit","link":"https:\/\/www.shqiperia.com\/blog\/category\/blogu-i-udhetarit\/"},"img":{"alt_text":"","src":"https:\/\/i0.wp.com\/www.shqiperia.com\/blog\/wp-content\/uploads\/2026\/03\/Belinda-Balluku1.jpg?fit=800%2C451&ssl=1&resize=350%2C200","width":350,"height":200,"srcset":"https:\/\/i0.wp.com\/www.shqiperia.com\/blog\/wp-content\/uploads\/2026\/03\/Belinda-Balluku1.jpg?fit=800%2C451&ssl=1&resize=350%2C200 1x, https:\/\/i0.wp.com\/www.shqiperia.com\/blog\/wp-content\/uploads\/2026\/03\/Belinda-Balluku1.jpg?fit=800%2C451&ssl=1&resize=525%2C300 1.5x, https:\/\/i0.wp.com\/www.shqiperia.com\/blog\/wp-content\/uploads\/2026\/03\/Belinda-Balluku1.jpg?fit=800%2C451&ssl=1&resize=700%2C400 2x"},"classes":[]}],"_links":{"self":[{"href":"https:\/\/www.shqiperia.com\/blog\/wp-json\/wp\/v2\/posts\/98155","targetHints":{"allow":["GET"]}}],"collection":[{"href":"https:\/\/www.shqiperia.com\/blog\/wp-json\/wp\/v2\/posts"}],"about":[{"href":"https:\/\/www.shqiperia.com\/blog\/wp-json\/wp\/v2\/types\/post"}],"author":[{"embeddable":true,"href":"https:\/\/www.shqiperia.com\/blog\/wp-json\/wp\/v2\/users\/9"}],"replies":[{"embeddable":true,"href":"https:\/\/www.shqiperia.com\/blog\/wp-json\/wp\/v2\/comments?post=98155"}],"version-history":[{"count":1,"href":"https:\/\/www.shqiperia.com\/blog\/wp-json\/wp\/v2\/posts\/98155\/revisions"}],"predecessor-version":[{"id":98157,"href":"https:\/\/www.shqiperia.com\/blog\/wp-json\/wp\/v2\/posts\/98155\/revisions\/98157"}],"wp:featuredmedia":[{"embeddable":true,"href":"https:\/\/www.shqiperia.com\/blog\/wp-json\/wp\/v2\/media\/98156"}],"wp:attachment":[{"href":"https:\/\/www.shqiperia.com\/blog\/wp-json\/wp\/v2\/media?parent=98155"}],"wp:term":[{"taxonomy":"category","embeddable":true,"href":"https:\/\/www.shqiperia.com\/blog\/wp-json\/wp\/v2\/categories?post=98155"},{"taxonomy":"post_tag","embeddable":true,"href":"https:\/\/www.shqiperia.com\/blog\/wp-json\/wp\/v2\/tags?post=98155"}],"curies":[{"name":"wp","href":"https:\/\/api.w.org\/{rel}","templated":true}]}}