{"id":98152,"date":"2026-03-05T01:05:04","date_gmt":"2026-03-05T01:05:04","guid":{"rendered":"https:\/\/www.shqiperia.com\/blog\/?p=98152"},"modified":"2026-03-05T01:05:04","modified_gmt":"2026-03-05T01:05:04","slug":"rreth-100-mije-njerez-largohen-nga-teherani","status":"publish","type":"post","link":"https:\/\/www.shqiperia.com\/blog\/rreth-100-mije-njerez-largohen-nga-teherani\/","title":{"rendered":"Rreth 100 mij\u00eb njer\u00ebz largohen nga Teherani"},"content":{"rendered":"<p><img data-recalc-dims=\"1\" loading=\"lazy\" decoding=\"async\" data-attachment-id=\"98153\" data-permalink=\"https:\/\/www.shqiperia.com\/blog\/rreth-100-mije-njerez-largohen-nga-teherani\/izraeli-iran-433x300-2\/\" data-orig-file=\"https:\/\/i0.wp.com\/www.shqiperia.com\/blog\/wp-content\/uploads\/2026\/03\/izraeli-iran-433x300-2.jpg?fit=433%2C300&amp;ssl=1\" data-orig-size=\"433,300\" data-comments-opened=\"1\" data-image-meta=\"{&quot;aperture&quot;:&quot;0&quot;,&quot;credit&quot;:&quot;&quot;,&quot;camera&quot;:&quot;&quot;,&quot;caption&quot;:&quot;&quot;,&quot;created_timestamp&quot;:&quot;0&quot;,&quot;copyright&quot;:&quot;&quot;,&quot;focal_length&quot;:&quot;0&quot;,&quot;iso&quot;:&quot;0&quot;,&quot;shutter_speed&quot;:&quot;0&quot;,&quot;title&quot;:&quot;&quot;,&quot;orientation&quot;:&quot;0&quot;}\" data-image-title=\"izraeli-iran-433&#215;300\" data-image-description=\"\" data-image-caption=\"\" data-medium-file=\"https:\/\/i0.wp.com\/www.shqiperia.com\/blog\/wp-content\/uploads\/2026\/03\/izraeli-iran-433x300-2.jpg?fit=300%2C208&amp;ssl=1\" data-large-file=\"https:\/\/i0.wp.com\/www.shqiperia.com\/blog\/wp-content\/uploads\/2026\/03\/izraeli-iran-433x300-2.jpg?fit=433%2C300&amp;ssl=1\" class=\"alignnone  wp-image-98153\" alt=\"\" src=\"https:\/\/i0.wp.com\/www.shqiperia.com\/blog\/wp-content\/uploads\/2026\/03\/izraeli-iran-433x300-2.jpg?resize=612%2C424&#038;ssl=1\" width=\"612\" height=\"424\" srcset=\"https:\/\/i0.wp.com\/www.shqiperia.com\/blog\/wp-content\/uploads\/2026\/03\/izraeli-iran-433x300-2.jpg?resize=300%2C208&amp;ssl=1 300w, https:\/\/i0.wp.com\/www.shqiperia.com\/blog\/wp-content\/uploads\/2026\/03\/izraeli-iran-433x300-2.jpg?resize=400%2C277&amp;ssl=1 400w, https:\/\/i0.wp.com\/www.shqiperia.com\/blog\/wp-content\/uploads\/2026\/03\/izraeli-iran-433x300-2.jpg?w=433&amp;ssl=1 433w\" sizes=\"auto, (max-width: 612px) 100vw, 612px\" \/><\/p>\n<p>5 Mars 2025<\/p>\n<p>Kombet e Bashkuara p\u00ebr Refugjat\u00ebt deklaruan sot n\u00eb 4 mars se rreth 100 mij\u00eb persona jan\u00eb larguar nga kryeqyteti iranian, Teherani, gjat\u00eb dy dit\u00ebve t\u00eb para, pas fillimit t\u00eb sulmeve ajrore nga Shtetet e Bashkuara t\u00eb Amerik\u00ebs dhe Izraeli ndaj Iranit. K\u00ebto t\u00eb dh\u00ebna u publikuan nga UNHCR, e cila theksoi se l\u00ebvizjet masive t\u00eb popullsis\u00eb jan\u00eb v\u00ebrejtur kryesisht brenda territorit t\u00eb Iranit dhe se deri m\u00eb tani nuk ka shenja t\u00eb nj\u00eb rritjeje t\u00eb madhe t\u00eb kalimeve nd\u00ebrkufitare drejt vendeve fqinje.<\/p>\n<p>Sipas raportimeve t\u00eb OKB-s\u00eb, situata n\u00eb pikat kufitare mbetet relativisht e q\u00ebndrueshme. N\u00eb ve\u00e7anti, n\u00eb pik\u00ebn kufitare Islam Qala, q\u00eb lidh Iranin me Afganistanin, nuk jan\u00eb regjistruar ndryshime t\u00eb m\u00ebdha n\u00eb numrin e personave q\u00eb kalojn\u00eb kufirin. Autoritetet nd\u00ebrkomb\u00ebtare po e monitorojn\u00eb nga af\u00ebr situat\u00ebn, duke theksuar se zhvillimet n\u00eb terren mund t\u00eb ndryshojn\u00eb shpejt, n\u00ebse konfliktet vazhdojn\u00eb t\u00eb p\u00ebrshkall\u00ebzohen.<\/p>\n<p>Nd\u00ebrkoh\u00eb, Sekretari amerikan i Mbrojtjes, Pete Hegseth, konfirmoi se nj\u00eb n\u00ebndet\u00ebse amerikane ka fundosur nj\u00eb anije luftarake iraniane pran\u00eb brigjeve t\u00eb Sri Lank\u00ebs. Ai e p\u00ebrshkroi operacionin si nj\u00eb \u201cvdekje t\u00eb heshtur\u201d, duke n\u00ebnvizuar se sulmi ishte kryer me sakt\u00ebsi dhe pa paralajm\u00ebrim. Si pasoj\u00eb e k\u00ebtij sulmi, t\u00eb pakt\u00ebn 87 marinar\u00eb iranian\u00eb kan\u00eb humbur jet\u00ebn, nd\u00ebrsa dhjet\u00ebra t\u00eb tjer\u00eb jan\u00eb plagosur ose rezultojn\u00eb ende t\u00eb zhdukur. Autoritetet e Sri Lank\u00ebs b\u00ebn\u00eb t\u00eb ditur se 32 marinar\u00eb iranian\u00eb jan\u00eb shp\u00ebtuar nga uji pas incidentit.<\/p>\n<p>Zyrtar\u00eb ushtarak\u00eb amerikan\u00eb gjithashtu kan\u00eb deklaruar se Irani ka filluar t\u00eb l\u00ebshoj\u00eb m\u00eb pak raketa drejt objektivave n\u00eb rajonin e Gjirit, gj\u00eb q\u00eb sipas tyre lidhet me dob\u00ebsimin e ndjesh\u00ebm t\u00eb kapaciteteve ushtarake iraniane p\u00ebr t\u00eb vazhduar operacionet luftarake me t\u00eb nj\u00ebjtin intensitet.<\/p>\n<p>Sekretari i Mbrojtjes theksoi se Shtetet e Bashkuara kan\u00eb burime t\u00eb mjaftueshme ushtarake p\u00ebr ta vazhduar fushat\u00ebn ushtarake, p\u00ebr aq koh\u00eb sa t\u00eb jet\u00eb e nevojshme. Ai deklaroi se operacionet, t\u00eb cilat nis\u00ebn m\u00eb 28 shkurt paralelisht me sulmet e Izraelit ndaj objektivave iraniane, do t\u00eb vazhdojn\u00eb derisa Uashingtoni t\u00eb arrij\u00eb objektivat e tij strategjik\u00eb.<\/p>\n<p>Nd\u00ebrkoh\u00eb, tensionet n\u00eb rajon vazhdojn\u00eb t\u00eb mbeten t\u00eb larta, nd\u00ebrsa komuniteti nd\u00ebrkomb\u00ebtar po ndjek me shqet\u00ebsim zhvillimet e fundit dhe pasojat humanitare q\u00eb mund t\u00eb shkaktoj\u00eb p\u00ebrshkall\u00ebzimi i konfliktit. Organizatat nd\u00ebrkomb\u00ebtare paralajm\u00ebrojn\u00eb se n\u00ebse luftimet vazhdojn\u00eb, numri i personave t\u00eb zhvendosur mund t\u00eb rritet ndjesh\u00ebm n\u00eb dit\u00ebt dhe jav\u00ebt n\u00eb vijim.<\/p>\n","protected":false},"excerpt":{"rendered":"<p>5 Mars 2025 Kombet e Bashkuara p\u00ebr Refugjat\u00ebt deklaruan sot n\u00eb 4 mars se rreth 100 mij\u00eb persona jan\u00eb larguar nga kryeqyteti iranian, Teherani, gjat\u00eb dy dit\u00ebve t\u00eb para, pas fillimit t\u00eb sulmeve ajrore nga Shtetet e Bashkuara t\u00eb Amerik\u00ebs dhe Izraeli ndaj Iranit. K\u00ebto t\u00eb dh\u00ebna u publikuan nga UNHCR, e cila theksoi se [&hellip;]<\/p>\n","protected":false},"author":9,"featured_media":98153,"comment_status":"open","ping_status":"open","sticky":false,"template":"","format":"standard","meta":{"jetpack_post_was_ever_published":false,"_jetpack_newsletter_access":"","_jetpack_dont_email_post_to_subs":false,"_jetpack_newsletter_tier_id":0,"_jetpack_memberships_contains_paywalled_content":false,"_jetpack_memberships_contains_paid_content":false,"footnotes":"","jetpack_publicize_message":"","jetpack_publicize_feature_enabled":true,"jetpack_social_post_already_shared":true,"jetpack_social_options":{"image_generator_settings":{"template":"highway","default_image_id":0,"font":"","enabled":false},"version":2}},"categories":[1,35],"tags":[],"class_list":["post-98152","post","type-post","status-publish","format-standard","has-post-thumbnail","hentry","category-njoftime-shtypi","category-shoqerore"],"jetpack_publicize_connections":[],"jetpack_featured_media_url":"https:\/\/i0.wp.com\/www.shqiperia.com\/blog\/wp-content\/uploads\/2026\/03\/izraeli-iran-433x300-2.jpg?fit=433%2C300&ssl=1","jetpack_sharing_enabled":true,"jetpack_shortlink":"https:\/\/wp.me\/p5Z6wp-px6","jetpack-related-posts":[{"id":56877,"url":"https:\/\/www.shqiperia.com\/blog\/zgjerohet-harta-sinjale-lufte-dhe-nga-irani-presidenti-i-vendit-paralajmerim-te-frikshem-ketij-shteti-nese-ndodh-levizja-me-e-vogel-nga-ana-juaj\/","url_meta":{"origin":98152,"position":0},"title":"Zgjerohet harta. Sinjale lufte dhe nga Irani? Presidenti i vendit paralajm\u00ebrim t\u00eb friksh\u00ebm k\u00ebtij shteti: &#8211; N\u00ebse ndodh l\u00ebvizja m\u00eb e vog\u00ebl nga ana juaj\u2026","author":"Kurt Farka","date":"April 18, 2022","format":false,"excerpt":"Zgjerohet harta. Sinjale lufte dhe nga Irani? Presidenti i vendit paralajm\u00ebrim t\u00eb friksh\u00ebm k\u00ebtij shteti: - N\u00ebse ndodh l\u00ebvizja m\u00eb e vog\u00ebl nga ana juaj\u2026 18 PRILL 2022 Presidenti i Iranit, Ebrahim Raisi, ka paralajm\u00ebruar se forcat e armatosura t\u00eb shtetit t\u00eb tij do ta sh\u00ebnjestrojn\u00eb Izraelin, n\u00ebse ky i\u2026","rel":"","context":"In &quot;Blogu i Udh\u00ebtarit&quot;","block_context":{"text":"Blogu i Udh\u00ebtarit","link":"https:\/\/www.shqiperia.com\/blog\/category\/blogu-i-udhetarit\/"},"img":{"alt_text":"","src":"https:\/\/i0.wp.com\/www.shqiperia.com\/blog\/wp-content\/uploads\/2022\/04\/800-0-8ff795d400cc27f30f4f67aaa8a1040a.jpg?fit=800%2C437&ssl=1&resize=350%2C200","width":350,"height":200,"srcset":"https:\/\/i0.wp.com\/www.shqiperia.com\/blog\/wp-content\/uploads\/2022\/04\/800-0-8ff795d400cc27f30f4f67aaa8a1040a.jpg?fit=800%2C437&ssl=1&resize=350%2C200 1x, https:\/\/i0.wp.com\/www.shqiperia.com\/blog\/wp-content\/uploads\/2022\/04\/800-0-8ff795d400cc27f30f4f67aaa8a1040a.jpg?fit=800%2C437&ssl=1&resize=525%2C300 1.5x, https:\/\/i0.wp.com\/www.shqiperia.com\/blog\/wp-content\/uploads\/2022\/04\/800-0-8ff795d400cc27f30f4f67aaa8a1040a.jpg?fit=800%2C437&ssl=1&resize=700%2C400 2x"},"classes":[]},{"id":80920,"url":"https:\/\/www.shqiperia.com\/blog\/irani-paralajmeron-mundesine-e-nisjes-se-prodhimit-te-bombave-berthamore\/","url_meta":{"origin":98152,"position":1},"title":"Irani paralajm\u00ebron mund\u00ebsin\u00eb e nisjes s\u00eb prodhimit t\u00eb bombave b\u00ebrthamore","author":"Kurt Farka","date":"May 10, 2024","format":false,"excerpt":"10 Maji 2024 Nj\u00eb zyrtar i lart\u00eb iranian paralajm\u00ebroi se Teherani mund t\u00eb ndryshoj\u00eb doktrin\u00ebn e tij b\u00ebrthamore dhe t\u00eb nis\u00eb nd\u00ebrtimin e bombave b\u00ebrthamore, n\u00ebse k\u00ebrc\u00ebnohet ekzistenca e shtetit. Kamal Kharrazi, kreu i K\u00ebshillit Strategjik iranian p\u00ebr Marr\u00ebdh\u00ebnie t\u00eb Jashtme dhe k\u00ebshilltar i lart\u00eb i liderit suprem, Ajatollah Ali\u2026","rel":"","context":"In &quot;Blogu i Udh\u00ebtarit&quot;","block_context":{"text":"Blogu i Udh\u00ebtarit","link":"https:\/\/www.shqiperia.com\/blog\/category\/blogu-i-udhetarit\/"},"img":{"alt_text":"","src":"https:\/\/i0.wp.com\/www.shqiperia.com\/blog\/wp-content\/uploads\/2024\/05\/Capture-122-754x450-1.jpg?fit=754%2C450&ssl=1&resize=350%2C200","width":350,"height":200,"srcset":"https:\/\/i0.wp.com\/www.shqiperia.com\/blog\/wp-content\/uploads\/2024\/05\/Capture-122-754x450-1.jpg?fit=754%2C450&ssl=1&resize=350%2C200 1x, https:\/\/i0.wp.com\/www.shqiperia.com\/blog\/wp-content\/uploads\/2024\/05\/Capture-122-754x450-1.jpg?fit=754%2C450&ssl=1&resize=525%2C300 1.5x, https:\/\/i0.wp.com\/www.shqiperia.com\/blog\/wp-content\/uploads\/2024\/05\/Capture-122-754x450-1.jpg?fit=754%2C450&ssl=1&resize=700%2C400 2x"},"classes":[]},{"id":84200,"url":"https:\/\/www.shqiperia.com\/blog\/shba-mundesia-qe-irani-ta-furnizoje-rusine-me-raketa-alarmuese\/","url_meta":{"origin":98152,"position":2},"title":"SHBA: &#8211; Mund\u00ebsia q\u00eb Irani ta furnizoj\u00eb Rusin\u00eb me raketa, alarmuese","author":"Kurt Farka","date":"September 7, 2024","format":false,"excerpt":"7 Shtator 2024 Furnizimi i Rusis\u00eb me raketa balistike iraniane do t\u00eb shkaktonte p\u00ebrshkall\u00ebzim t\u00eb fort\u00eb t\u00eb luft\u00ebs n\u00eb Ukrain\u00eb, than\u00eb Shtetet e Bashkuara t\u00eb premten, pas raportimeve se Irani dhe Rusia e kan\u00eb thelluar bashk\u00ebpunimin p\u00ebr transferimin e arm\u00ebve t\u00eb tilla. Z\u00ebdh\u00ebn\u00ebsi i K\u00ebshillit p\u00ebr Siguri Komb\u00ebtare i Sht\u00ebpis\u00eb\u2026","rel":"","context":"In &quot;Blogu i Udh\u00ebtarit&quot;","block_context":{"text":"Blogu i Udh\u00ebtarit","link":"https:\/\/www.shqiperia.com\/blog\/category\/blogu-i-udhetarit\/"},"img":{"alt_text":"","src":"https:\/\/i0.wp.com\/www.shqiperia.com\/blog\/wp-content\/uploads\/2024\/09\/640-0-03566b3d3126afe6f1a27a7ff45a4e94.png?fit=640%2C360&ssl=1&resize=350%2C200","width":350,"height":200,"srcset":"https:\/\/i0.wp.com\/www.shqiperia.com\/blog\/wp-content\/uploads\/2024\/09\/640-0-03566b3d3126afe6f1a27a7ff45a4e94.png?fit=640%2C360&ssl=1&resize=350%2C200 1x, https:\/\/i0.wp.com\/www.shqiperia.com\/blog\/wp-content\/uploads\/2024\/09\/640-0-03566b3d3126afe6f1a27a7ff45a4e94.png?fit=640%2C360&ssl=1&resize=525%2C300 1.5x"},"classes":[]},{"id":99026,"url":"https:\/\/www.shqiperia.com\/blog\/7-milione-qytetare-iranian-te-gatshem-per-cdo-nderhyrje-ushtarake\/","url_meta":{"origin":98152,"position":3},"title":"7 milion\u00eb qytetar\u00eb iranian t\u00eb gatsh\u00ebm p\u00ebr \u00e7do nd\u00ebrhyrje ushtarake","author":"Kurt Farka","date":"April 2, 2026","format":false,"excerpt":"2 Prill 2026 Tensionet mes Iranit dhe Shteteve t\u00eb Bashkuara t\u00eb Amerik\u00ebs vijojn\u00eb t\u00eb rriten, nd\u00ebrsa nga Teherani kan\u00eb ardhur deklarata t\u00eb forta paralajm\u00ebruese n\u00eb rast t\u00eb nj\u00eb nd\u00ebrhyrjeje ushtarake tok\u00ebsore. Kryetari i parlamentit iranian deklaroi k\u00ebt\u00eb t\u00eb enjte se vendi \u00ebsht\u00eb i p\u00ebrgatitur p\u00ebr t\u2019iu p\u00ebrgjigjur \u00e7do skenari t\u00eb\u2026","rel":"","context":"In &quot;Blogu i Udh\u00ebtarit&quot;","block_context":{"text":"Blogu i Udh\u00ebtarit","link":"https:\/\/www.shqiperia.com\/blog\/category\/blogu-i-udhetarit\/"},"img":{"alt_text":"","src":"https:\/\/i0.wp.com\/www.shqiperia.com\/blog\/wp-content\/uploads\/2026\/04\/640-0-screenshot-2026-04-02-171940-1775143189.png?fit=640%2C360&ssl=1&resize=350%2C200","width":350,"height":200,"srcset":"https:\/\/i0.wp.com\/www.shqiperia.com\/blog\/wp-content\/uploads\/2026\/04\/640-0-screenshot-2026-04-02-171940-1775143189.png?fit=640%2C360&ssl=1&resize=350%2C200 1x, https:\/\/i0.wp.com\/www.shqiperia.com\/blog\/wp-content\/uploads\/2026\/04\/640-0-screenshot-2026-04-02-171940-1775143189.png?fit=640%2C360&ssl=1&resize=525%2C300 1.5x"},"classes":[]},{"id":60408,"url":"https:\/\/www.shqiperia.com\/blog\/irani-paralajmeron-serish-trazira-ne-manez-te-durresit-ja-kercenim-nga-teherani-per-qeverine-shqiptare-me-operacionin-e-tmerrshem-shenjestra\/","url_meta":{"origin":98152,"position":4},"title":"Irani paralajm\u00ebron s\u00ebrish trazira n\u00eb Man\u00ebz t\u00eb Durr\u00ebsit. &#8211; Ja k\u00ebrc\u00ebnim nga Teherani p\u00ebr qeverin\u00eb shqiptare me operacionin e tmerrsh\u00ebm \u201csh\u00ebnjestra\u201d","author":"Kurt Farka","date":"August 1, 2022","format":false,"excerpt":"Nga Elmaz Bogdani. 1 Gusht 2022. N\u00eb Shqip\u00ebri priten trazira. Paralajm\u00ebrimi i bujsh\u00ebm ka ardhur nga Irani p\u00ebr qeverin\u00eb shqiptare. Nj\u00eb p\u00ebrfaq\u00ebsues i Parlamentit Islamik t\u00eb Iranit tha: Dh\u00ebnia e streh\u00ebs s\u00eb grupit terrorist t\u00eb hipokrit\u00ebve MEK nga qeveria shqiptare \u00ebsht\u00eb n\u00eb kund\u00ebrshtim me t\u00eb drejt\u00ebn nd\u00ebrkomb\u00ebtare.\u00a0 Sipas raportit t\u00eb\u2026","rel":"","context":"In &quot;Blogu i Udh\u00ebtarit&quot;","block_context":{"text":"Blogu i Udh\u00ebtarit","link":"https:\/\/www.shqiperia.com\/blog\/category\/blogu-i-udhetarit\/"},"img":{"alt_text":"","src":"https:\/\/i0.wp.com\/www.shqiperia.com\/blog\/wp-content\/uploads\/2022\/08\/Irani-paralajmeron-serish-trazira-ne-Manez-te-Durresit.jpg?fit=800%2C450&ssl=1&resize=350%2C200","width":350,"height":200,"srcset":"https:\/\/i0.wp.com\/www.shqiperia.com\/blog\/wp-content\/uploads\/2022\/08\/Irani-paralajmeron-serish-trazira-ne-Manez-te-Durresit.jpg?fit=800%2C450&ssl=1&resize=350%2C200 1x, https:\/\/i0.wp.com\/www.shqiperia.com\/blog\/wp-content\/uploads\/2022\/08\/Irani-paralajmeron-serish-trazira-ne-Manez-te-Durresit.jpg?fit=800%2C450&ssl=1&resize=525%2C300 1.5x, https:\/\/i0.wp.com\/www.shqiperia.com\/blog\/wp-content\/uploads\/2022\/08\/Irani-paralajmeron-serish-trazira-ne-Manez-te-Durresit.jpg?fit=800%2C450&ssl=1&resize=700%2C400 2x"},"classes":[]},{"id":92784,"url":"https:\/\/www.shqiperia.com\/blog\/misteri-i-zhdukjes-se-400-kg-uranium\/","url_meta":{"origin":98152,"position":5},"title":"Misteri i zhdukjes s\u00eb 400 kg uranium","author":"Kurt Farka","date":"June 26, 2025","format":false,"excerpt":"26 Qershor 2025 Guaska ishte thyer, por brenda ishte bosh. N\u00eb tre sitet b\u00ebrthamore iraniane t\u00eb Fordow, Natanz dhe Isfahan \u2013 t\u00eb bombarduara nga Izraeli, m\u00eb pas nga Shtetet e Bashkuara dhe dje s\u00ebrish nga Izraeli \u2013 nuk kishte 408.6 kilogram\u00eb uranium t\u00eb pasuruar n\u00eb nivelin 60 p\u00ebr qind, q\u00eb\u2026","rel":"","context":"In &quot;Blogu i Udh\u00ebtarit&quot;","block_context":{"text":"Blogu i Udh\u00ebtarit","link":"https:\/\/www.shqiperia.com\/blog\/category\/blogu-i-udhetarit\/"},"img":{"alt_text":"","src":"https:\/\/i0.wp.com\/www.shqiperia.com\/blog\/wp-content\/uploads\/2025\/06\/640-0-vbbv-697.jpeg?fit=640%2C601&ssl=1&resize=350%2C200","width":350,"height":200,"srcset":"https:\/\/i0.wp.com\/www.shqiperia.com\/blog\/wp-content\/uploads\/2025\/06\/640-0-vbbv-697.jpeg?fit=640%2C601&ssl=1&resize=350%2C200 1x, https:\/\/i0.wp.com\/www.shqiperia.com\/blog\/wp-content\/uploads\/2025\/06\/640-0-vbbv-697.jpeg?fit=640%2C601&ssl=1&resize=525%2C300 1.5x"},"classes":[]}],"_links":{"self":[{"href":"https:\/\/www.shqiperia.com\/blog\/wp-json\/wp\/v2\/posts\/98152","targetHints":{"allow":["GET"]}}],"collection":[{"href":"https:\/\/www.shqiperia.com\/blog\/wp-json\/wp\/v2\/posts"}],"about":[{"href":"https:\/\/www.shqiperia.com\/blog\/wp-json\/wp\/v2\/types\/post"}],"author":[{"embeddable":true,"href":"https:\/\/www.shqiperia.com\/blog\/wp-json\/wp\/v2\/users\/9"}],"replies":[{"embeddable":true,"href":"https:\/\/www.shqiperia.com\/blog\/wp-json\/wp\/v2\/comments?post=98152"}],"version-history":[{"count":1,"href":"https:\/\/www.shqiperia.com\/blog\/wp-json\/wp\/v2\/posts\/98152\/revisions"}],"predecessor-version":[{"id":98154,"href":"https:\/\/www.shqiperia.com\/blog\/wp-json\/wp\/v2\/posts\/98152\/revisions\/98154"}],"wp:featuredmedia":[{"embeddable":true,"href":"https:\/\/www.shqiperia.com\/blog\/wp-json\/wp\/v2\/media\/98153"}],"wp:attachment":[{"href":"https:\/\/www.shqiperia.com\/blog\/wp-json\/wp\/v2\/media?parent=98152"}],"wp:term":[{"taxonomy":"category","embeddable":true,"href":"https:\/\/www.shqiperia.com\/blog\/wp-json\/wp\/v2\/categories?post=98152"},{"taxonomy":"post_tag","embeddable":true,"href":"https:\/\/www.shqiperia.com\/blog\/wp-json\/wp\/v2\/tags?post=98152"}],"curies":[{"name":"wp","href":"https:\/\/api.w.org\/{rel}","templated":true}]}}