{"id":98149,"date":"2026-03-05T01:03:03","date_gmt":"2026-03-05T01:03:03","guid":{"rendered":"https:\/\/www.shqiperia.com\/blog\/?p=98149"},"modified":"2026-03-05T01:03:03","modified_gmt":"2026-03-05T01:03:03","slug":"celulari-i-tij-eshte-keqyrur-ka-nje-hetim-te-celur-lala-furtuna-mbi-proden-nisi-qe-kur-u-diskutua-nje-grup-i-strukturuar-kriminal-brenda-akshi-t","status":"publish","type":"post","link":"https:\/\/www.shqiperia.com\/blog\/celulari-i-tij-eshte-keqyrur-ka-nje-hetim-te-celur-lala-furtuna-mbi-proden-nisi-qe-kur-u-diskutua-nje-grup-i-strukturuar-kriminal-brenda-akshi-t\/","title":{"rendered":"&#8220;Celulari i tij \u00ebsht\u00eb k\u00ebqyrur, ka nj\u00eb hetim t\u00eb \u00e7elur&#8221;, Lala: \u201cFurtuna\u201d mbi Prod\u00ebn nisi q\u00eb kur u diskutua nj\u00eb grup i strukturuar kriminal brenda AKSHI-t"},"content":{"rendered":"<p><img data-recalc-dims=\"1\" loading=\"lazy\" decoding=\"async\" data-attachment-id=\"98150\" data-permalink=\"https:\/\/www.shqiperia.com\/blog\/celulari-i-tij-eshte-keqyrur-ka-nje-hetim-te-celur-lala-furtuna-mbi-proden-nisi-qe-kur-u-diskutua-nje-grup-i-strukturuar-kriminal-brenda-akshi-t\/600-388-lalajpg-1772660963\/\" data-orig-file=\"https:\/\/i0.wp.com\/www.shqiperia.com\/blog\/wp-content\/uploads\/2026\/03\/600-388-lalajpg-1772660963.jpg?fit=600%2C388&amp;ssl=1\" data-orig-size=\"600,388\" data-comments-opened=\"1\" data-image-meta=\"{&quot;aperture&quot;:&quot;0&quot;,&quot;credit&quot;:&quot;&quot;,&quot;camera&quot;:&quot;&quot;,&quot;caption&quot;:&quot;&quot;,&quot;created_timestamp&quot;:&quot;0&quot;,&quot;copyright&quot;:&quot;&quot;,&quot;focal_length&quot;:&quot;0&quot;,&quot;iso&quot;:&quot;0&quot;,&quot;shutter_speed&quot;:&quot;0&quot;,&quot;title&quot;:&quot;&quot;,&quot;orientation&quot;:&quot;0&quot;}\" data-image-title=\"-600-388-lalajpg-1772660963\" data-image-description=\"\" data-image-caption=\"\" data-medium-file=\"https:\/\/i0.wp.com\/www.shqiperia.com\/blog\/wp-content\/uploads\/2026\/03\/600-388-lalajpg-1772660963.jpg?fit=300%2C194&amp;ssl=1\" data-large-file=\"https:\/\/i0.wp.com\/www.shqiperia.com\/blog\/wp-content\/uploads\/2026\/03\/600-388-lalajpg-1772660963.jpg?fit=600%2C388&amp;ssl=1\" class=\"alignnone  wp-image-98150\" alt=\"\" src=\"https:\/\/i0.wp.com\/www.shqiperia.com\/blog\/wp-content\/uploads\/2026\/03\/600-388-lalajpg-1772660963.jpg?resize=527%2C341&#038;ssl=1\" width=\"527\" height=\"341\" srcset=\"https:\/\/i0.wp.com\/www.shqiperia.com\/blog\/wp-content\/uploads\/2026\/03\/600-388-lalajpg-1772660963.jpg?resize=300%2C194&amp;ssl=1 300w, https:\/\/i0.wp.com\/www.shqiperia.com\/blog\/wp-content\/uploads\/2026\/03\/600-388-lalajpg-1772660963.jpg?resize=450%2C291&amp;ssl=1 450w, https:\/\/i0.wp.com\/www.shqiperia.com\/blog\/wp-content\/uploads\/2026\/03\/600-388-lalajpg-1772660963.jpg?resize=400%2C259&amp;ssl=1 400w, https:\/\/i0.wp.com\/www.shqiperia.com\/blog\/wp-content\/uploads\/2026\/03\/600-388-lalajpg-1772660963.jpg?w=600&amp;ssl=1 600w\" sizes=\"auto, (max-width: 527px) 100vw, 527px\" \/><\/p>\n<p><em>5 Mars 2026<\/em><\/p>\n<p><em>\u201cE di kush i ka em\u00ebruar 70% t\u00eb drejtor\u00ebve t\u00eb policis\u00eb n\u00ebp\u00ebr komisariate? Ergys Agasi, dhe un\u00eb mbaj p\u00ebrgjegj\u00ebsi penale p\u00ebr k\u00ebt\u00eb. Edhe drejtorin e Policis\u00eb s\u00eb Shtetit, Ilir Proda\u201d<\/em>, ishte kjo deklarata e fort\u00eb q\u00eb b\u00ebri m\u00eb 29 dhjetor 2025, gazetarja Klodiana Lala, p\u00ebrball\u00eb moderatorit Blendi Fevziu.<\/p>\n<p>Ajo \u00ebsht\u00eb rikthyer sonte, 4 mars, n\u00eb studion e \u201cOpinion\u201d, p\u00ebr t\u00eb folur pik\u00ebrisht mbi aludimet q\u00eb qarkullojn\u00eb p\u00ebr motivacionin e lirimit nga detyra t\u00eb Prod\u00ebs.<\/p>\n<p>Duke e th\u00ebn\u00eb me bindje se kryeministri Edi Rama e kishte vendosur q\u00eb para protest\u00ebs s\u00eb 28 shkurtit p\u00ebr ta hequr nga ai post, paralajm\u00ebroi se drejtor\u00ebt n\u00ebp\u00ebr komisariatet n\u00eb vend \u201c<em>do largohen nj\u00eb nga nj\u00eb\u201d.<\/em><\/p>\n<p>\u201cFurtuna\u201d mbi emrin e tij, n\u00ebnvizoi se nisi q\u00eb kur u diskutua nj\u00eb grup i strukturuar kriminal brenda AKSHI-t.<\/p>\n<p>Sipas gazetares, Agasi (aktualisht i shpallur n\u00eb k\u00ebrkim) ka qen\u00eb nd\u00ebrmjet\u00ebs mes kreut t\u00eb qeveris\u00eb dhe Prod\u00ebs.<\/p>\n<p><em>\u201cIu dha grada t\u00eb pamerituara t\u00eb gjith\u00eb rrethit t\u00eb tij shoq\u00ebror, disa prej t\u00eb cil\u00ebve u jan\u00eb sekuestruar celular\u00ebt. S\u00eb dyti, ka pasur lidhje okulte. Pas shpalljes n\u00eb k\u00ebrkim t\u00eb Agasit, drejtor\u00eb t\u00eb policis\u00eb i kan\u00eb prezantuar platform\u00ebn Ylli Car\u00ebs, ish-ortak i Prod\u00ebs, biznesmen. Nj\u00eb personazh q\u00eb \u00ebsht\u00eb jo vet\u00ebm lidhje e ngusht\u00eb p\u00ebr Prod\u00ebn, por ka pasur ndikim t\u00eb drejtp\u00ebrdrejt\u00eb p\u00ebr caktimin e emrave. Drejtori \u00ebsht\u00eb ndikuar nga ai\u201d,<\/em><span>\u00a0<\/span>deklaroi Lala p\u00ebr Prod\u00ebn.<\/p>\n<p>Shtoi se ekziston nj\u00eb<span>\u00a0<\/span><em>\u201chetim penal pa em\u00ebr t\u00eb regjistruar, por q\u00eb \u00ebsht\u00eb i ndar\u00eb nga dosja e AKSHI-t, p\u00ebr implikim t\u00eb zyrtar\u00ebve policor\u00eb n\u00eb rr\u00ebmbimin e Daniel Shim\u00ebs\u201d.<\/em>..<\/p>\n<p>Sipas Lal\u00ebs, Prokuroria e Posa\u00e7me AntiKorrupsion ia ka sekuestruar celularin Prod\u00ebs, q\u00eb kur ai punonte n\u00eb drejtorin\u00eb e Policis\u00eb Elbasan.<\/p>\n<p><em>\u201cN\u00eb vitin 2024, n\u00eb at\u00eb koh\u00eb u godit nj\u00eb prej organizatave m\u00eb t\u00eb rrezikshme kriminale, t\u00eb drejtuar nga v\u00ebllez\u00ebrit \u00c7opja. N\u00eb at\u00eb koh\u00eb, pati dyshime t\u00eb forta se ky operacion mund t\u00eb ishte dekonspiruar. Ky lajm nuk u m\u00ebsua n\u00eb momentin e sekuestrimit, por kur Proda garoi p\u00ebr kreun e Policis\u00eb s\u00eb Shtetit. Celulari i tij \u00ebsht\u00eb k\u00ebqyrur, ka nj\u00eb hetim t\u00eb \u00e7elur, nuk ka ende nj\u00eb rezultat deri tani. N\u00eb at\u00eb koh\u00eb, drejtor ka qen\u00eb Rrumbullaku, q\u00eb nj\u00eb dit\u00eb papritmas u largua<\/em>\u201d, shpjegoi ajo.<\/p>\n<p>Sa i takon protest\u00ebs s\u00eb opozit\u00ebs, u shpreh se trajektorja q\u00eb u ndoq at\u00eb t\u00eb shtun\u00eb ishte totalisht e paparashikueshme.<\/p>\n<p><em>\u201cPD-ja nuk dha detaje p\u00ebr m\u00ebnyr\u00ebn si do t\u00eb l\u00ebvizte. Gjat\u00eb gjith\u00eb koh\u00ebs hidheshin molotov\u00eb n\u00ebp\u00ebr kosha plehrash. N\u00eb momentin kur gazetar\u00ebt dhe protestuesit kan\u00eb qen\u00eb te ura e Drejtoris\u00eb, ka filluar t\u00eb raportohet se mund t\u00eb kishte nj\u00eb ndales\u00eb te ish-vila e diktatorit. E kemi m\u00ebsuar diku te 7-8 minuta para.\u201d<\/em><\/p>\n<p>Po sipas gazetares, Proda ka qen\u00eb p\u00ebr her\u00eb t\u00eb fundit n\u00eb zyr\u00ebn e tij mbr\u00ebmjen e s\u00eb diel\u00ebs, 1 mars.<\/p>\n<p><em>\u201cKa pasur nj\u00eb debat me tone t\u00eb forta me kryeministrin, \u00ebsht\u00eb komanduar menj\u00ebher\u00eb Bizhga\u201d,<\/em><span>\u00a0<\/span>tha Lala.<\/p>\n","protected":false},"excerpt":{"rendered":"<p>5 Mars 2026 \u201cE di kush i ka em\u00ebruar 70% t\u00eb drejtor\u00ebve t\u00eb policis\u00eb n\u00ebp\u00ebr komisariate? Ergys Agasi, dhe un\u00eb mbaj p\u00ebrgjegj\u00ebsi penale p\u00ebr k\u00ebt\u00eb. Edhe drejtorin e Policis\u00eb s\u00eb Shtetit, Ilir Proda\u201d, ishte kjo deklarata e fort\u00eb q\u00eb b\u00ebri m\u00eb 29 dhjetor 2025, gazetarja Klodiana Lala, p\u00ebrball\u00eb moderatorit Blendi Fevziu. Ajo \u00ebsht\u00eb rikthyer sonte, [&hellip;]<\/p>\n","protected":false},"author":9,"featured_media":98150,"comment_status":"open","ping_status":"open","sticky":false,"template":"","format":"standard","meta":{"jetpack_post_was_ever_published":false,"_jetpack_newsletter_access":"","_jetpack_dont_email_post_to_subs":false,"_jetpack_newsletter_tier_id":0,"_jetpack_memberships_contains_paywalled_content":false,"_jetpack_memberships_contains_paid_content":false,"footnotes":"","jetpack_publicize_message":"","jetpack_publicize_feature_enabled":true,"jetpack_social_post_already_shared":true,"jetpack_social_options":{"image_generator_settings":{"template":"highway","default_image_id":0,"font":"","enabled":false},"version":2}},"categories":[27,2],"tags":[],"class_list":["post-98149","post","type-post","status-publish","format-standard","has-post-thumbnail","hentry","category-blogu-i-udhetarit","category-politika"],"jetpack_publicize_connections":[],"jetpack_featured_media_url":"https:\/\/i0.wp.com\/www.shqiperia.com\/blog\/wp-content\/uploads\/2026\/03\/600-388-lalajpg-1772660963.jpg?fit=600%2C388&ssl=1","jetpack_sharing_enabled":true,"jetpack_shortlink":"https:\/\/wp.me\/p5Z6wp-px3","jetpack-related-posts":[{"id":77703,"url":"https:\/\/www.shqiperia.com\/blog\/mcgonigal-spak-duhet-ti-shkoje-ceshtjes-deri-ne-fund-te-tregoje-rolin-e-rames\/","url_meta":{"origin":98149,"position":0},"title":"\u201cMcGonigal\u201d\/ &#8211; SPAK duhet t\u2019i shkoj\u00eb \u00e7\u00ebshtjes deri n\u00eb fund, t\u00eb tregoj\u00eb rolin e Ram\u00ebs.","author":"Kurt Farka","date":"January 28, 2024","format":false,"excerpt":"28 Janar 2024 Gazetarja Klodiana Lala nga emisioni \u201cKjo Jav\u00eb\u201d e gazetares Nisida Tufa n\u00eb\u00a0News24,\u00a0komentoi pun\u00eb e b\u00ebr\u00eb nga SPAK dhe \u00e7\u00ebshtjet q\u00eb jan\u00eb n\u00ebn hetim, ku paralajm\u00ebroi p\u00ebr nj\u00eb stin\u00eb me shum\u00eb furtuna dhe lajme. N\u00eb lidhje me \u00e7\u00ebshtjen \u2018McgGigal\u2019, Lala tha se SPAK duhet t\u2019i shkoj\u00eb deri n\u00eb\u2026","rel":"","context":"In &quot;Blogu i Udh\u00ebtarit&quot;","block_context":{"text":"Blogu i Udh\u00ebtarit","link":"https:\/\/www.shqiperia.com\/blog\/category\/blogu-i-udhetarit\/"},"img":{"alt_text":"","src":"https:\/\/i0.wp.com\/www.shqiperia.com\/blog\/wp-content\/uploads\/2024\/01\/800-0-64d9f32ab5982-1.png?fit=800%2C421&ssl=1&resize=350%2C200","width":350,"height":200,"srcset":"https:\/\/i0.wp.com\/www.shqiperia.com\/blog\/wp-content\/uploads\/2024\/01\/800-0-64d9f32ab5982-1.png?fit=800%2C421&ssl=1&resize=350%2C200 1x, https:\/\/i0.wp.com\/www.shqiperia.com\/blog\/wp-content\/uploads\/2024\/01\/800-0-64d9f32ab5982-1.png?fit=800%2C421&ssl=1&resize=525%2C300 1.5x, https:\/\/i0.wp.com\/www.shqiperia.com\/blog\/wp-content\/uploads\/2024\/01\/800-0-64d9f32ab5982-1.png?fit=800%2C421&ssl=1&resize=700%2C400 2x"},"classes":[]},{"id":89745,"url":"https:\/\/www.shqiperia.com\/blog\/safet-bajri-i-uli-breet-policise-se-ilir-prodes-reagon-ashper-klodiana-lala\/","url_meta":{"origin":98149,"position":1},"title":"\u201cSafet Bajri i uli bre*et policis\u00eb s\u00eb Ilir Prod\u00ebs\u201d\/ Reagon ashp\u00ebr Klodiana Lala","author":"Kurt Farka","date":"February 21, 2025","format":false,"excerpt":"21 Shkurt 2025 Gazetarja Klodiana Lala me an\u00eb t\u00eb nj\u00eb statusi n\u00eb rrjetet sociale ka reaguar ashp\u00ebr p\u00ebr Safet Bajrin. Lala shprehet se nuk duhet harruar q\u00eb Safet Bajri \u00ebsht\u00eb kreu i nj\u00eb bande dhe sjell rastin e nj\u00eb vajze q\u00eb iu thye legeni. N\u00eb statusin e saj, gazetarja shkruan\u2026","rel":"","context":"In &quot;Blogu i Udh\u00ebtarit&quot;","block_context":{"text":"Blogu i Udh\u00ebtarit","link":"https:\/\/www.shqiperia.com\/blog\/category\/blogu-i-udhetarit\/"},"img":{"alt_text":"","src":"https:\/\/i0.wp.com\/www.shqiperia.com\/blog\/wp-content\/uploads\/2025\/02\/640-0-safjpg-1740069606.jpg?fit=640%2C364&ssl=1&resize=350%2C200","width":350,"height":200,"srcset":"https:\/\/i0.wp.com\/www.shqiperia.com\/blog\/wp-content\/uploads\/2025\/02\/640-0-safjpg-1740069606.jpg?fit=640%2C364&ssl=1&resize=350%2C200 1x, https:\/\/i0.wp.com\/www.shqiperia.com\/blog\/wp-content\/uploads\/2025\/02\/640-0-safjpg-1740069606.jpg?fit=640%2C364&ssl=1&resize=525%2C300 1.5x"},"classes":[]},{"id":74757,"url":"https:\/\/www.shqiperia.com\/blog\/shemsi-prenci-paralajmeron-zhvillime-te-nxehta-kur-drejtor-policie-ka-qene-haki-cako-shefat-mblidhini-20-nga-fitimet-e-droges\/","url_meta":{"origin":98149,"position":2},"title":"Shemsi Pren\u00e7i paralajm\u00ebron zhvillime t\u00eb nxehta. &#8211; Kur Drejtor Policie ka qen\u00eb Haki \u00c7ako, \u201cshefat mblidhini 20%\u201d, nga fitimet e drog\u00ebs.","author":"Kurt Farka","date":"October 11, 2023","format":false,"excerpt":"11 Tetor 2023 Ish-drejtori i Policis\u00eb, Shemsi Pren\u00e7i, ka b\u00ebr\u00eb deklarata t\u00eb forta n\u00eb emisionin \u201cN\u00eb Sh\u00ebnjest\u00ebr\u201d, t\u00eb gazetares Klodiana Lala, n\u00eb News24. Duke folur p\u00ebr operacionin \u201cFlak\u00eb n\u00eb det\u201d, ku u arrestua shefi i Komisariatit t\u00eb La\u00e7it, ai tha se ka pasur dekonspirimin t\u00eb operacionit, edhe pse jo q\u00eb\u2026","rel":"","context":"In &quot;Blogu i Udh\u00ebtarit&quot;","block_context":{"text":"Blogu i Udh\u00ebtarit","link":"https:\/\/www.shqiperia.com\/blog\/category\/blogu-i-udhetarit\/"},"img":{"alt_text":"","src":"https:\/\/i0.wp.com\/www.shqiperia.com\/blog\/wp-content\/uploads\/2023\/10\/Drejtoria-e-Pergjithshme-2.jpg?fit=1179%2C588&ssl=1&resize=350%2C200","width":350,"height":200,"srcset":"https:\/\/i0.wp.com\/www.shqiperia.com\/blog\/wp-content\/uploads\/2023\/10\/Drejtoria-e-Pergjithshme-2.jpg?fit=1179%2C588&ssl=1&resize=350%2C200 1x, https:\/\/i0.wp.com\/www.shqiperia.com\/blog\/wp-content\/uploads\/2023\/10\/Drejtoria-e-Pergjithshme-2.jpg?fit=1179%2C588&ssl=1&resize=525%2C300 1.5x, https:\/\/i0.wp.com\/www.shqiperia.com\/blog\/wp-content\/uploads\/2023\/10\/Drejtoria-e-Pergjithshme-2.jpg?fit=1179%2C588&ssl=1&resize=700%2C400 2x, https:\/\/i0.wp.com\/www.shqiperia.com\/blog\/wp-content\/uploads\/2023\/10\/Drejtoria-e-Pergjithshme-2.jpg?fit=1179%2C588&ssl=1&resize=1050%2C600 3x"},"classes":[]},{"id":69354,"url":"https:\/\/www.shqiperia.com\/blog\/gazetarja-lala-jep-detaje-nga-aksioni-i-bkh-ne-banesen-e-ish-bashkeshortes-se-ish-zvkryeministrit-jane-marre-dokumente-qe-vleresohen-te-rendesishme-per-hetimet\/","url_meta":{"origin":98149,"position":3},"title":"Gazetarja Lala jep detaje nga aksioni i BKH: &#8211; N\u00eb banes\u00ebn e ish-bashk\u00ebshortes se ish\u00a0 ZvKryeministrit jan\u00eb marr\u00eb  dokumente q\u00eb vler\u00ebsohen t\u00eb r\u00ebnd\u00ebsishme p\u00ebr hetimet.","author":"Kurt Farka","date":"March 10, 2023","format":false,"excerpt":"10 Mars 2023 Gazetarja Klodiana Lala ka dh\u00ebn\u00eb detaje lidhur me zbarkimin e Byros\u00eb Komb\u00ebtare t\u00eb Hetimit n\u00eb banes\u00ebn e partneres aktuale t\u00eb Arben Ahmetajt, dhe banes\u00ebn e ish-bashk\u00ebshortes s\u00eb tij. N\u00eb nj\u00eb lidhje \u201cSkype\u201d me emisionin \u201cOpen\u201d Lala tha se n\u00eb vil\u00ebn e partneres s\u00eb ish- z\u00ebvend\u00ebs kryeministrit jan\u00eb\u2026","rel":"","context":"In &quot;Blogu i Udh\u00ebtarit&quot;","block_context":{"text":"Blogu i Udh\u00ebtarit","link":"https:\/\/www.shqiperia.com\/blog\/category\/blogu-i-udhetarit\/"},"img":{"alt_text":"","src":"https:\/\/i0.wp.com\/www.shqiperia.com\/blog\/wp-content\/uploads\/2023\/03\/ahmetaj-3.jpg?fit=1200%2C637&ssl=1&resize=350%2C200","width":350,"height":200,"srcset":"https:\/\/i0.wp.com\/www.shqiperia.com\/blog\/wp-content\/uploads\/2023\/03\/ahmetaj-3.jpg?fit=1200%2C637&ssl=1&resize=350%2C200 1x, https:\/\/i0.wp.com\/www.shqiperia.com\/blog\/wp-content\/uploads\/2023\/03\/ahmetaj-3.jpg?fit=1200%2C637&ssl=1&resize=525%2C300 1.5x, https:\/\/i0.wp.com\/www.shqiperia.com\/blog\/wp-content\/uploads\/2023\/03\/ahmetaj-3.jpg?fit=1200%2C637&ssl=1&resize=700%2C400 2x, https:\/\/i0.wp.com\/www.shqiperia.com\/blog\/wp-content\/uploads\/2023\/03\/ahmetaj-3.jpg?fit=1200%2C637&ssl=1&resize=1050%2C600 3x"},"classes":[]},{"id":16095,"url":"https:\/\/www.shqiperia.com\/blog\/klodiana-lala-deklarate-per-dorzimin-e-balilit-sander-lleshi-aksion-i-jashtezakonshem\/","url_meta":{"origin":98149,"position":4},"title":"Klodiana Lala deklarate per dorzimin e Balilit. Sander Lleshi:  \u201cAksion i jasht\u00ebzakonsh\u00ebm&#8230;\u201d-","author":"Kurt Farka","date":"January 15, 2019","format":false,"excerpt":"Klodiana Lala deklarate per dorzimin e Balilit. Sander Lleshi: \u00a0\u201cAksion i jasht\u00ebzakonsh\u00ebm...\u201d- 15\/01\/2019 - Klodiana Lala: -\u201cNuk besoj se \u00ebsht\u00eb sukses i policis\u00eb s\u00eb shtetit vet\u00ebdor\u00ebzimi i nj\u00eb personi q\u00eb ka sfiduar t\u00eb gjith\u00eb struktur\u00ebn e drejt\u00ebsis\u00eb shqiptare dhe jo vet\u00ebm, duke q\u00ebndruar n\u00eb arrati deri sa ai u bind\u2026","rel":"","context":"In &quot;Blogu i Udh\u00ebtarit&quot;","block_context":{"text":"Blogu i Udh\u00ebtarit","link":"https:\/\/www.shqiperia.com\/blog\/category\/blogu-i-udhetarit\/"},"img":{"alt_text":"","src":"https:\/\/i0.wp.com\/www.shqiperia.com\/blog\/wp-content\/uploads\/2019\/01\/1547547411_klementbalili-300x250.jpg?resize=350%2C200","width":350,"height":200},"classes":[]},{"id":65282,"url":"https:\/\/www.shqiperia.com\/blog\/do-flas-ne-zbardhet-deshmia-e-gert-shehut-qe-dhunoi-berishen-gazetarja-jep-detaje-raporti-mjekesor-seshte-kerkuar-ne-forme-ligjore-gati-flete-thirrja-per-mjeku\/","url_meta":{"origin":98149,"position":5},"title":"\u201cDo flas n\u00eb\u2026 \u201d- Zbardhet d\u00ebshmia e Gert Shehut q\u00eb dhunoi Berish\u00ebn! Gazetarja jep detaje: Raporti mjek\u00ebsor s\u2019\u00ebsht\u00eb k\u00ebrkuar n\u00eb form\u00eb ligjore! Gati flet\u00eb-thirrja p\u00ebr mjekun!","author":"Kurt Farka","date":"December 7, 2022","format":false,"excerpt":"7 Dhjetor 2022 \"Sipas policis\u00eb ai dokument i raportit mjekesor \u00ebsht\u00eb shp\u00ebrndar\u00eb me shpejtesi nga familjar\u00ebt e personit q\u00eb kreu dhun\u00ebn\". \u201cDo flas n\u00eb nj\u00eb moment t\u00eb dyt\u00eb, sepse nuk jam mir\u00eb nga gjendja sh\u00ebndet\u00ebsor\u00eb\u201d, k\u00ebshtu ka deklaruar Gert Shehu, 31-vje\u00e7ari i cili dhunoi me grusht Sali Berish\u00ebn, dit\u00ebn e\u2026","rel":"","context":"In &quot;Blogu i Udh\u00ebtarit&quot;","block_context":{"text":"Blogu i Udh\u00ebtarit","link":"https:\/\/www.shqiperia.com\/blog\/category\/blogu-i-udhetarit\/"},"img":{"alt_text":"","src":"https:\/\/i0.wp.com\/www.shqiperia.com\/blog\/wp-content\/uploads\/2022\/12\/Gerti-Shehu.png?fit=561%2C320&ssl=1&resize=350%2C200","width":350,"height":200,"srcset":"https:\/\/i0.wp.com\/www.shqiperia.com\/blog\/wp-content\/uploads\/2022\/12\/Gerti-Shehu.png?fit=561%2C320&ssl=1&resize=350%2C200 1x, https:\/\/i0.wp.com\/www.shqiperia.com\/blog\/wp-content\/uploads\/2022\/12\/Gerti-Shehu.png?fit=561%2C320&ssl=1&resize=525%2C300 1.5x"},"classes":[]}],"_links":{"self":[{"href":"https:\/\/www.shqiperia.com\/blog\/wp-json\/wp\/v2\/posts\/98149","targetHints":{"allow":["GET"]}}],"collection":[{"href":"https:\/\/www.shqiperia.com\/blog\/wp-json\/wp\/v2\/posts"}],"about":[{"href":"https:\/\/www.shqiperia.com\/blog\/wp-json\/wp\/v2\/types\/post"}],"author":[{"embeddable":true,"href":"https:\/\/www.shqiperia.com\/blog\/wp-json\/wp\/v2\/users\/9"}],"replies":[{"embeddable":true,"href":"https:\/\/www.shqiperia.com\/blog\/wp-json\/wp\/v2\/comments?post=98149"}],"version-history":[{"count":1,"href":"https:\/\/www.shqiperia.com\/blog\/wp-json\/wp\/v2\/posts\/98149\/revisions"}],"predecessor-version":[{"id":98151,"href":"https:\/\/www.shqiperia.com\/blog\/wp-json\/wp\/v2\/posts\/98149\/revisions\/98151"}],"wp:featuredmedia":[{"embeddable":true,"href":"https:\/\/www.shqiperia.com\/blog\/wp-json\/wp\/v2\/media\/98150"}],"wp:attachment":[{"href":"https:\/\/www.shqiperia.com\/blog\/wp-json\/wp\/v2\/media?parent=98149"}],"wp:term":[{"taxonomy":"category","embeddable":true,"href":"https:\/\/www.shqiperia.com\/blog\/wp-json\/wp\/v2\/categories?post=98149"},{"taxonomy":"post_tag","embeddable":true,"href":"https:\/\/www.shqiperia.com\/blog\/wp-json\/wp\/v2\/tags?post=98149"}],"curies":[{"name":"wp","href":"https:\/\/api.w.org\/{rel}","templated":true}]}}