{"id":98146,"date":"2026-03-05T00:59:28","date_gmt":"2026-03-05T00:59:28","guid":{"rendered":"https:\/\/www.shqiperia.com\/blog\/?p=98146"},"modified":"2026-03-05T00:59:28","modified_gmt":"2026-03-05T00:59:28","slug":"klodian-braho-perballet-me-pyetje-te-komisionit-europian","status":"publish","type":"post","link":"https:\/\/www.shqiperia.com\/blog\/klodian-braho-perballet-me-pyetje-te-komisionit-europian\/","title":{"rendered":"Klodian Braho p\u00ebrballet me pyetje t\u00eb Komisionit Europian"},"content":{"rendered":"<div class=\"firstP\">\n<p><img data-recalc-dims=\"1\" loading=\"lazy\" decoding=\"async\" data-attachment-id=\"98147\" data-permalink=\"https:\/\/www.shqiperia.com\/blog\/klodian-braho-perballet-me-pyetje-te-komisionit-europian\/whatsapp-image-2026-03-04-at-18_sd-1140x570-1\/\" data-orig-file=\"https:\/\/i0.wp.com\/www.shqiperia.com\/blog\/wp-content\/uploads\/2026\/03\/WhatsApp-Image-2026-03-04-at-18_sd-1140x570-1.webp?fit=1140%2C570&amp;ssl=1\" data-orig-size=\"1140,570\" data-comments-opened=\"1\" data-image-meta=\"{&quot;aperture&quot;:&quot;0&quot;,&quot;credit&quot;:&quot;&quot;,&quot;camera&quot;:&quot;&quot;,&quot;caption&quot;:&quot;&quot;,&quot;created_timestamp&quot;:&quot;0&quot;,&quot;copyright&quot;:&quot;&quot;,&quot;focal_length&quot;:&quot;0&quot;,&quot;iso&quot;:&quot;0&quot;,&quot;shutter_speed&quot;:&quot;0&quot;,&quot;title&quot;:&quot;&quot;,&quot;orientation&quot;:&quot;0&quot;}\" data-image-title=\"WhatsApp-Image-2026-03-04-at-18_sd-1140&#215;570 (1)\" data-image-description=\"\" data-image-caption=\"\" data-medium-file=\"https:\/\/i0.wp.com\/www.shqiperia.com\/blog\/wp-content\/uploads\/2026\/03\/WhatsApp-Image-2026-03-04-at-18_sd-1140x570-1.webp?fit=300%2C150&amp;ssl=1\" data-large-file=\"https:\/\/i0.wp.com\/www.shqiperia.com\/blog\/wp-content\/uploads\/2026\/03\/WhatsApp-Image-2026-03-04-at-18_sd-1140x570-1.webp?fit=1024%2C512&amp;ssl=1\" class=\"alignnone  wp-image-98147\" alt=\"\" src=\"https:\/\/i0.wp.com\/www.shqiperia.com\/blog\/wp-content\/uploads\/2026\/03\/WhatsApp-Image-2026-03-04-at-18_sd-1140x570-1.webp?resize=548%2C274&#038;ssl=1\" width=\"548\" height=\"274\" srcset=\"https:\/\/i0.wp.com\/www.shqiperia.com\/blog\/wp-content\/uploads\/2026\/03\/WhatsApp-Image-2026-03-04-at-18_sd-1140x570-1.webp?resize=300%2C150&amp;ssl=1 300w, https:\/\/i0.wp.com\/www.shqiperia.com\/blog\/wp-content\/uploads\/2026\/03\/WhatsApp-Image-2026-03-04-at-18_sd-1140x570-1.webp?resize=1024%2C512&amp;ssl=1 1024w, https:\/\/i0.wp.com\/www.shqiperia.com\/blog\/wp-content\/uploads\/2026\/03\/WhatsApp-Image-2026-03-04-at-18_sd-1140x570-1.webp?resize=768%2C384&amp;ssl=1 768w, https:\/\/i0.wp.com\/www.shqiperia.com\/blog\/wp-content\/uploads\/2026\/03\/WhatsApp-Image-2026-03-04-at-18_sd-1140x570-1.webp?resize=450%2C225&amp;ssl=1 450w, https:\/\/i0.wp.com\/www.shqiperia.com\/blog\/wp-content\/uploads\/2026\/03\/WhatsApp-Image-2026-03-04-at-18_sd-1140x570-1.webp?resize=600%2C300&amp;ssl=1 600w, https:\/\/i0.wp.com\/www.shqiperia.com\/blog\/wp-content\/uploads\/2026\/03\/WhatsApp-Image-2026-03-04-at-18_sd-1140x570-1.webp?resize=400%2C200&amp;ssl=1 400w, https:\/\/i0.wp.com\/www.shqiperia.com\/blog\/wp-content\/uploads\/2026\/03\/WhatsApp-Image-2026-03-04-at-18_sd-1140x570-1.webp?w=1140&amp;ssl=1 1140w\" sizes=\"auto, (max-width: 548px) 100vw, 548px\" \/><\/p>\n<p>5 Mars 2026<\/p>\n<p>Kreu i SPAK Klodian Braho p\u00ebr m\u00eb shum\u00eb se kat\u00ebr or\u00eb, ka raportuar n\u00eb Bruksel p\u00ebrpara p\u00ebrfaq\u00ebsuesve t\u00eb Komisionit Europian.<\/p>\n<div class=\"clearfix\">Burime nga Delegacioni i Shqip\u00ebris\u00eb n\u00eb BE, n\u00eb kushtet e anonimatit i treguan gazetarit Muhamed Veliu, se Klodian Braho nuk ka qen\u00eb i vet\u00ebm n\u00eb k\u00ebt\u00eb \u201cprovim\u201d t\u00eb par\u00eb n\u00eb Bruksel pas marrjes s\u00eb detyr\u00ebs.<\/div>\n<\/div>\n<p>Klodian Braho \u00ebsht\u00eb ulur n\u00eb t\u00eb nj\u00ebjt\u00ebn tavolin\u00eb i shoq\u00ebruar nga disa hetues dhe k\u00ebshilltar\u00eb ligjor t\u00eb BKH-s nj\u00ebra prej tyre Sadiela Bodo.<\/p>\n<p>Nd\u00ebrsa n\u00eb t\u00eb majt\u00ebn e tij ka q\u00ebndruar Fabian Zhilla shefi i kabinetit.<\/p>\n<p>T\u00eb nj\u00ebjtat burime treguan se kjo p\u00ebrballje e Klodian Brahos n\u00eb Bruksel me Komisionin\u00a0 Europian lidhej me raportimin e progresit t\u00eb kapitujve 23 dhe 24 p\u00ebr Gjyq\u00ebsorin dhe t\u00eb Drejtat Themelore.<\/p>\n<p>Numri nj\u00eb i SPAK i \u00ebsht\u00eb p\u00ebrgjigjur me detaje t\u00eb gjitha pyetjeve t\u00eb p\u00ebrfaq\u00ebsuesve t\u00eb DG ENEST, Drejtoria e P\u00ebrgjithshme p\u00ebr Zgjerimin dhe Fqinj\u00ebsin\u00eb Lindore.<\/p>\n<p>Detyra primare e k\u00ebsaj drejtorie n\u00eb Komisionin Europian \u00ebsht\u00eb menaxhimi \u00e7\u00ebshtjeve mes BE dhe vendeve kandidate.<\/p>\n<p>Sikurse monitoron has pas hapi reformat p\u00ebr sundimin e ligjit, zhvillimet ekonomike dhe reform\u00ebn e administrat\u00ebs publike.<\/p>\n","protected":false},"excerpt":{"rendered":"<p>5 Mars 2026 Kreu i SPAK Klodian Braho p\u00ebr m\u00eb shum\u00eb se kat\u00ebr or\u00eb, ka raportuar n\u00eb Bruksel p\u00ebrpara p\u00ebrfaq\u00ebsuesve t\u00eb Komisionit Europian. Burime nga Delegacioni i Shqip\u00ebris\u00eb n\u00eb BE, n\u00eb kushtet e anonimatit i treguan gazetarit Muhamed Veliu, se Klodian Braho nuk ka qen\u00eb i vet\u00ebm n\u00eb k\u00ebt\u00eb \u201cprovim\u201d t\u00eb par\u00eb n\u00eb Bruksel pas [&hellip;]<\/p>\n","protected":false},"author":9,"featured_media":98147,"comment_status":"open","ping_status":"open","sticky":false,"template":"","format":"standard","meta":{"jetpack_post_was_ever_published":false,"_jetpack_newsletter_access":"","_jetpack_dont_email_post_to_subs":false,"_jetpack_newsletter_tier_id":0,"_jetpack_memberships_contains_paywalled_content":false,"_jetpack_memberships_contains_paid_content":false,"footnotes":"","jetpack_publicize_message":"","jetpack_publicize_feature_enabled":true,"jetpack_social_post_already_shared":true,"jetpack_social_options":{"image_generator_settings":{"template":"highway","default_image_id":0,"font":"","enabled":false},"version":2}},"categories":[27,2],"tags":[],"class_list":["post-98146","post","type-post","status-publish","format-standard","has-post-thumbnail","hentry","category-blogu-i-udhetarit","category-politika"],"jetpack_publicize_connections":[],"jetpack_featured_media_url":"https:\/\/i0.wp.com\/www.shqiperia.com\/blog\/wp-content\/uploads\/2026\/03\/WhatsApp-Image-2026-03-04-at-18_sd-1140x570-1.webp?fit=1140%2C570&ssl=1","jetpack_sharing_enabled":true,"jetpack_shortlink":"https:\/\/wp.me\/p5Z6wp-px0","jetpack-related-posts":[{"id":95954,"url":"https:\/\/www.shqiperia.com\/blog\/klodian-braho-flet-per-here-te-pare-si-kreu-i-spak-ja-cfare-paralajmeron-per-ballukun-dhe-qeverine-rama-1819-24-12-2025-a-a-klodian-braho-flet-per-here-te-pare-si-kreu-i-spak-ja-cfare-paralajme\/","url_meta":{"origin":98146,"position":0},"title":"Klodian Braho flet p\u00ebr her\u00eb t\u00eb par\u00eb si kreu i SPAK\/ Ja \u00e7far\u00eb paralajm\u00ebron p\u00ebr Ballukun dhe qeverin\u00eb Rama   18:19 | 24\/12\/2025 A A Klodian Braho flet p\u00ebr her\u00eb t\u00eb par\u00eb si kreu i SPAK\/ Ja \u00e7far\u00eb paralajm\u00ebron p\u00ebr Ballukun dhe qeverin\u00eb Rama Klodjan Braho","author":"Kurt Farka","date":"December 24, 2025","format":false,"excerpt":"24 Dhjetor 2025 Klodjan Braho u p\u00ebrzgjodh k\u00ebt\u00eb muaj si drejtuesi i ri i Prokuroris\u00eb s\u00eb Posa\u00e7me Kund\u00ebr Korrupsionit dhe Krimit t\u00eb Organizuar \u2013 nj\u00eb institucion i ngarkuar me detyr\u00ebn e v\u00ebshtir\u00eb p\u00ebr t\u00eb hetuar korrupsionin n\u00eb nivele t\u00eb larta \u2013 n\u00eb nj\u00eb moment kur ky institucion \u00ebsht\u00eb n\u00eb qend\u00ebr\u2026","rel":"","context":"In &quot;Blogu i Udh\u00ebtarit&quot;","block_context":{"text":"Blogu i Udh\u00ebtarit","link":"https:\/\/www.shqiperia.com\/blog\/category\/blogu-i-udhetarit\/"},"img":{"alt_text":"","src":"https:\/\/i0.wp.com\/www.shqiperia.com\/blog\/wp-content\/uploads\/2025\/12\/640-0-5be54df8f29b344748f51975a9b58037.jpg?fit=640%2C353&ssl=1&resize=350%2C200","width":350,"height":200,"srcset":"https:\/\/i0.wp.com\/www.shqiperia.com\/blog\/wp-content\/uploads\/2025\/12\/640-0-5be54df8f29b344748f51975a9b58037.jpg?fit=640%2C353&ssl=1&resize=350%2C200 1x, https:\/\/i0.wp.com\/www.shqiperia.com\/blog\/wp-content\/uploads\/2025\/12\/640-0-5be54df8f29b344748f51975a9b58037.jpg?fit=640%2C353&ssl=1&resize=525%2C300 1.5x"},"classes":[]},{"id":90104,"url":"https:\/\/www.shqiperia.com\/blog\/gazetari-publikon-dokumentet-prokurori-klodian-braho-me-miratimin-e-dumanit-ka-urdheruar-pergjimin-ndaj-gjykates-kushtetuese\/","url_meta":{"origin":98146,"position":1},"title":"Gazetari publikon dokumentet: &#8211; Prokurori Klodian Braho me miratimin e Dumanit ka urdh\u00ebruar p\u00ebrgjimin ndaj Gjykat\u00ebs Kushtetuese","author":"Kurt Farka","date":"March 4, 2025","format":false,"excerpt":"4 Mars 2025 Gazetari i njohur i kronik\u00ebs, Flamur Vezaj p\u00ebrmes nj\u00eb postimi n\u00eb llogarin\u00eb e tij n\u00eb \"Facebook\" ka reaguar n\u00eb lidhje me p\u00ebrgjimet e paligjshme ndaj gjyqtar\u00ebve t\u00eb Gjykat\u00ebs Kushtetuese. Vezaj shkuan se ky skandal i SPAK po kalon pa v\u00ebmendjen e duhur. Gazetari thekson se SPAK ka\u2026","rel":"","context":"In &quot;Blogu i Udh\u00ebtarit&quot;","block_context":{"text":"Blogu i Udh\u00ebtarit","link":"https:\/\/www.shqiperia.com\/blog\/category\/blogu-i-udhetarit\/"},"img":{"alt_text":"","src":"https:\/\/i0.wp.com\/www.shqiperia.com\/blog\/wp-content\/uploads\/2025\/03\/640-0-c606a15a8d60d3274a78391e6005b3e9.jpg?fit=640%2C336&ssl=1&resize=350%2C200","width":350,"height":200,"srcset":"https:\/\/i0.wp.com\/www.shqiperia.com\/blog\/wp-content\/uploads\/2025\/03\/640-0-c606a15a8d60d3274a78391e6005b3e9.jpg?fit=640%2C336&ssl=1&resize=350%2C200 1x, https:\/\/i0.wp.com\/www.shqiperia.com\/blog\/wp-content\/uploads\/2025\/03\/640-0-c606a15a8d60d3274a78391e6005b3e9.jpg?fit=640%2C336&ssl=1&resize=525%2C300 1.5x"},"classes":[]},{"id":96420,"url":"https:\/\/www.shqiperia.com\/blog\/curi-plas-deklaraten-bombe-spak-gati-flete-arrestet-per-disa-zyrtare-te-larte\/","url_meta":{"origin":98146,"position":2},"title":"Curi plas deklarat\u00ebn \u2018bomb\u00eb\u2019: &#8211; SPAK gati flet\u00eb-arrestet p\u00ebr disa zyrtar\u00eb t\u00eb lart\u00eb","author":"Kurt Farka","date":"January 9, 2026","format":false,"excerpt":"9 Janar 2026 Kreu i ri i SPAK Klodian Braho i ka k\u00ebrkuar koleg\u00ebve t\u00eb tij prokuror\u00eb t\u00eb posa\u00e7\u00ebm hetime efikase dhe rezultate me dosjet e vjetra dhe t\u00eb mbartura. Sipas kryeprokurorit Braho k\u00ebto dosje kan\u00eb krijuar \u201cbacklog\u201d, pra, \u00e7\u00ebshtje q\u00eb duhej t\u00eb ishin trajtuar, por kan\u00eb mbetur pas dhe\u2026","rel":"","context":"In &quot;Politika&quot;","block_context":{"text":"Politika","link":"https:\/\/www.shqiperia.com\/blog\/category\/politika\/"},"img":{"alt_text":"","src":"https:\/\/i0.wp.com\/www.shqiperia.com\/blog\/wp-content\/uploads\/2026\/01\/900-0-1719951046xcurri-239.jpg?fit=900%2C502&ssl=1&resize=350%2C200","width":350,"height":200,"srcset":"https:\/\/i0.wp.com\/www.shqiperia.com\/blog\/wp-content\/uploads\/2026\/01\/900-0-1719951046xcurri-239.jpg?fit=900%2C502&ssl=1&resize=350%2C200 1x, https:\/\/i0.wp.com\/www.shqiperia.com\/blog\/wp-content\/uploads\/2026\/01\/900-0-1719951046xcurri-239.jpg?fit=900%2C502&ssl=1&resize=525%2C300 1.5x, https:\/\/i0.wp.com\/www.shqiperia.com\/blog\/wp-content\/uploads\/2026\/01\/900-0-1719951046xcurri-239.jpg?fit=900%2C502&ssl=1&resize=700%2C400 2x"},"classes":[]},{"id":99080,"url":"https:\/\/www.shqiperia.com\/blog\/spak-therret-anetaret-e-komisionit-te-vleresimit-per-aeroportin-e-vlores-paracaktuan-fituesit\/","url_meta":{"origin":98146,"position":3},"title":"SPAK th\u00ebrret an\u00ebtar\u00ebt e komisionit t\u00eb vler\u00ebsimit p\u00ebr Aeroportin e Vlor\u00ebs: &#8211; Paracaktuan fituesit","author":"Kurt Farka","date":"April 5, 2026","format":false,"excerpt":"5 Prill 2026 Prokuroria e Posa\u00e7me, ka nisur hetimet p\u00ebr tenderin e nd\u00ebrtimit t\u00eb aeroportit t\u00eb Vlor\u00ebs, duke thirrur p\u00ebr marrjen e d\u00ebshmive an\u00ebtar\u00ebt e komisionit t\u00eb vler\u00ebsimit, dy prej t\u00eb cil\u00ebve jan\u00eb marr\u00eb t\u00eb pandehur p\u00ebr shkelje t\u00eb barazis\u00eb n\u00eb tendera. Raportohet se Prokuroria e Posa\u00e7me u ka komunikuar\u2026","rel":"","context":"In &quot;Njoftime Shtypi&quot;","block_context":{"text":"Njoftime Shtypi","link":"https:\/\/www.shqiperia.com\/blog\/category\/njoftime-shtypi\/"},"img":{"alt_text":"","src":"https:\/\/i0.wp.com\/www.shqiperia.com\/blog\/wp-content\/uploads\/2026\/04\/640-0-470177604-1019904836844183-8017922324655108228-n-1760472254.webp?fit=640%2C426&ssl=1&resize=350%2C200","width":350,"height":200,"srcset":"https:\/\/i0.wp.com\/www.shqiperia.com\/blog\/wp-content\/uploads\/2026\/04\/640-0-470177604-1019904836844183-8017922324655108228-n-1760472254.webp?fit=640%2C426&ssl=1&resize=350%2C200 1x, https:\/\/i0.wp.com\/www.shqiperia.com\/blog\/wp-content\/uploads\/2026\/04\/640-0-470177604-1019904836844183-8017922324655108228-n-1760472254.webp?fit=640%2C426&ssl=1&resize=525%2C300 1.5x"},"classes":[]},{"id":91087,"url":"https:\/\/www.shqiperia.com\/blog\/spartak-braho-partite-politike-hakerojne-institucionet\/","url_meta":{"origin":98146,"position":4},"title":"Spartak Braho: &#8211; Partit\u00eb politike hakerojn\u00eb institucionet","author":"Kurt Farka","date":"April 4, 2025","format":false,"excerpt":"4 Prill 2025 ... Partit\u00eb politike hakeruan institucionet p\u00ebr t\u00eb p\u00ebrftuar materiale me q\u00ebllim goditjen e kund\u00ebrshtar\u00ebve. N\u00eb nj\u00eb intervist\u00eb p\u00ebr Euronews, Spartak Braho trajtoi nj\u00eb tem\u00eb t\u00eb ndjeshme: hakimin e institucioneve nga partit\u00eb politike, pas rastit t\u00eb djesh\u00ebm n\u00eb kompjuterat e SPAK. Ai shpreh shqet\u00ebsimin se ky fenomen \u00ebsht\u00eb\u2026","rel":"","context":"In &quot;Blogu i Udh\u00ebtarit&quot;","block_context":{"text":"Blogu i Udh\u00ebtarit","link":"https:\/\/www.shqiperia.com\/blog\/category\/blogu-i-udhetarit\/"},"img":{"alt_text":"","src":"https:\/\/i0.wp.com\/www.shqiperia.com\/blog\/wp-content\/uploads\/2025\/04\/braho.1-1068x601-2.webp?fit=1068%2C601&ssl=1&resize=350%2C200","width":350,"height":200,"srcset":"https:\/\/i0.wp.com\/www.shqiperia.com\/blog\/wp-content\/uploads\/2025\/04\/braho.1-1068x601-2.webp?fit=1068%2C601&ssl=1&resize=350%2C200 1x, https:\/\/i0.wp.com\/www.shqiperia.com\/blog\/wp-content\/uploads\/2025\/04\/braho.1-1068x601-2.webp?fit=1068%2C601&ssl=1&resize=525%2C300 1.5x, https:\/\/i0.wp.com\/www.shqiperia.com\/blog\/wp-content\/uploads\/2025\/04\/braho.1-1068x601-2.webp?fit=1068%2C601&ssl=1&resize=700%2C400 2x, https:\/\/i0.wp.com\/www.shqiperia.com\/blog\/wp-content\/uploads\/2025\/04\/braho.1-1068x601-2.webp?fit=1068%2C601&ssl=1&resize=1050%2C600 3x"},"classes":[]},{"id":97445,"url":"https:\/\/www.shqiperia.com\/blog\/anetare-te-kushtetueses-jane-blere-nga-politika-4-jane-ne-lupen-e-nderkombetareve-llabanispak-ka-leshuar-urdher\/","url_meta":{"origin":98146,"position":5},"title":"\u201cAn\u00ebtar\u00eb t\u00eb Kushtetueses jan\u00eb bler\u00eb nga politika, 4 jan\u00eb n\u00eb \u2018lup\u00ebn e nd\u00ebrkomb\u00ebtareve\u201d\/ Llabani:SPAK ka l\u00ebshuar urdh\u00ebr..","author":"Kurt Farka","date":"February 6, 2026","format":false,"excerpt":"6 Shkurt 2026 Gazetarja Anduena Llabani n\u00eb nj\u00eb intervist\u00eb televizive, deklaroi se kat\u00ebr an\u00ebtar\u00eb t\u00eb Gjykat\u00ebs Kushtetuese jan\u00eb n\u00eb lup\u00ebn e nd\u00ebrkomb\u00ebtar\u00ebve por edhe t\u00eb SPAK. Gjithashtu ajo theksoi se kryeprokurori Klodian Braho ka l\u00ebshuar nj\u00eb urdh\u00ebr p\u00ebr survejimin e nj\u00eb prej an\u00ebtar\u00ebve t\u00eb Gjykat\u00ebs Kushtetuese. \u201cAn\u00ebtar\u00eb t\u00eb Kushtetueses jan\u00eb\u2026","rel":"","context":"In &quot;Blogu i Udh\u00ebtarit&quot;","block_context":{"text":"Blogu i Udh\u00ebtarit","link":"https:\/\/www.shqiperia.com\/blog\/category\/blogu-i-udhetarit\/"},"img":{"alt_text":"","src":"https:\/\/i0.wp.com\/www.shqiperia.com\/blog\/wp-content\/uploads\/2026\/02\/Gjykata-Kushtetuese-1.jpg?fit=700%2C467&ssl=1&resize=350%2C200","width":350,"height":200,"srcset":"https:\/\/i0.wp.com\/www.shqiperia.com\/blog\/wp-content\/uploads\/2026\/02\/Gjykata-Kushtetuese-1.jpg?fit=700%2C467&ssl=1&resize=350%2C200 1x, https:\/\/i0.wp.com\/www.shqiperia.com\/blog\/wp-content\/uploads\/2026\/02\/Gjykata-Kushtetuese-1.jpg?fit=700%2C467&ssl=1&resize=525%2C300 1.5x, https:\/\/i0.wp.com\/www.shqiperia.com\/blog\/wp-content\/uploads\/2026\/02\/Gjykata-Kushtetuese-1.jpg?fit=700%2C467&ssl=1&resize=700%2C400 2x"},"classes":[]}],"_links":{"self":[{"href":"https:\/\/www.shqiperia.com\/blog\/wp-json\/wp\/v2\/posts\/98146","targetHints":{"allow":["GET"]}}],"collection":[{"href":"https:\/\/www.shqiperia.com\/blog\/wp-json\/wp\/v2\/posts"}],"about":[{"href":"https:\/\/www.shqiperia.com\/blog\/wp-json\/wp\/v2\/types\/post"}],"author":[{"embeddable":true,"href":"https:\/\/www.shqiperia.com\/blog\/wp-json\/wp\/v2\/users\/9"}],"replies":[{"embeddable":true,"href":"https:\/\/www.shqiperia.com\/blog\/wp-json\/wp\/v2\/comments?post=98146"}],"version-history":[{"count":1,"href":"https:\/\/www.shqiperia.com\/blog\/wp-json\/wp\/v2\/posts\/98146\/revisions"}],"predecessor-version":[{"id":98148,"href":"https:\/\/www.shqiperia.com\/blog\/wp-json\/wp\/v2\/posts\/98146\/revisions\/98148"}],"wp:featuredmedia":[{"embeddable":true,"href":"https:\/\/www.shqiperia.com\/blog\/wp-json\/wp\/v2\/media\/98147"}],"wp:attachment":[{"href":"https:\/\/www.shqiperia.com\/blog\/wp-json\/wp\/v2\/media?parent=98146"}],"wp:term":[{"taxonomy":"category","embeddable":true,"href":"https:\/\/www.shqiperia.com\/blog\/wp-json\/wp\/v2\/categories?post=98146"},{"taxonomy":"post_tag","embeddable":true,"href":"https:\/\/www.shqiperia.com\/blog\/wp-json\/wp\/v2\/tags?post=98146"}],"curies":[{"name":"wp","href":"https:\/\/api.w.org\/{rel}","templated":true}]}}